{"id":1,"date":"2022-08-17T02:48:35","date_gmt":"2022-08-17T00:48:35","guid":{"rendered":"http:\/\/www.public.sn\/?p=1"},"modified":"2022-08-17T03:07:53","modified_gmt":"2022-08-17T01:07:53","slug":"bonjour-tout-le-monde","status":"publish","type":"post","link":"https:\/\/www.public.sn\/index.php\/2022\/08\/17\/bonjour-tout-le-monde\/","title":{"rendered":"[Focus] Remaniement imminent : Portrait-robot du Premier ministre id\u00e9al\u2026"},"content":{"rendered":"\n<p>[Focus] Remaniement imminent : Portrait-robot du Premier ministre id\u00e9al\u2026<strong>C\u2019est devenu un secret de polichinelle : Le chef de l\u2019Etat, Macky Sall, devrait proc\u00e9der, tr\u00e8s prochainement, \u00e0 la formation d\u2019un nouveau gouvernement avec \u00e0 sa t\u00eate, un Premier ministre.&nbsp;<\/strong><\/p><div class=\"publi-paragraphe1\" style=\"margin-top: 10px;margin-bottom: 10px;margin-left: auto;margin-right: auto;text-align: center;\" id=\"publi-2767998129\"><div class=\"publi-adlabel\">Publicit\u00e9<\/div><script async src=\"\/\/pagead2.googlesyndication.com\/pagead\/js\/adsbygoogle.js?client=ca-pub-4089586018074219\" crossorigin=\"anonymous\"><\/script><ins class=\"adsbygoogle\" style=\"display:block;\" data-ad-client=\"ca-pub-4089586018074219\" \ndata-ad-slot=\"2087940154\" \ndata-ad-format=\"auto\"><\/ins>\n<script> \n(adsbygoogle = window.adsbygoogle || []).push({}); \n<\/script>\n<\/div>\n\n\n\n<p>D\u2019ailleurs, Seneweb a donn\u00e9, hier dimanche, la liste \u00ab des 7 favoris \u00bb \u00e0 ce poste. Mais, allant plus loin, le politologue Moussa Diaw, dresse le portrait-robot du futur patron de la Primature.<\/p>\n\n\n\n<p>\u00ab Pour le futur premier ministre, la nouvelle configuration de l\u2019Assembl\u00e9e nationale, avec une perc\u00e9e remarquable de l\u2019opposition, exige de faire un choix judicieux de la personnalit\u00e9 \u00e0 nommer \u00e0 la t\u00eate de l&rsquo;\u00e9quipe gouvernementale \u00bb, a-t-il d\u2019embl\u00e9e tenu \u00e0 pr\u00e9ciser. L\u2019enseignant-chercheur en sciences politiques \u00e0 l\u2019universit\u00e9 Gaston Berger (Ugb) de Saint-Louis pense, en effet, qu\u2019il est \u00ab pr\u00e9f\u00e9rable de porter le choix sur quelqu\u2019un dot\u00e9 d\u2019une grande capacit\u00e9 d\u2019\u00e9coute, d&rsquo;esprit consensuel et fin n\u00e9gociateur afin d\u2019\u00e9viter des crises au sein de l\u2019h\u00e9micycle \u00bb.<\/p>\n\n\n\n<p><\/p>\n\n\n\n<p>A ce titre, M. Diaw confie \u00e0 Seneweb qu\u2019\u00abun technocratique ou moins politique (lui) semble convenir \u00e0 ce poste dans le contexte politique actuel o\u00f9 la marge de man\u0153uvre du Pr\u00e9sident est r\u00e9duite d\u2019autant qu\u2019il ne dispose plus d\u2019une majorit\u00e9 confortable, ce qui l\u2019obligera \u00e0 proc\u00e9der \u00e0 des concessions et dialogues pour \u00e9viter des tensions dans un contexte politique particulier \u00bb.&nbsp;<\/p>\n\n\n\n<p>\u00ab De plus, explique l\u2019analyste politique, les citoyens attendent des r\u00e9ponses appropri\u00e9es et idoines par rapport \u00e0 la situation socio-\u00e9conomique \u00bb.<\/p>\n\n\n\n<p><strong>\u00ab Un Gouvernement resserr\u00e9 et comp\u00e9tent \u00bb<\/strong><\/p>\n\n\n\n<p>S\u2019agissant, par ailleurs, du choix des ministres, notre interlocuteur souligne qu\u2019apr\u00e8s les r\u00e9sultats des \u00e9lections locales et l\u00e9gislatives, \u00ab on s&rsquo;attend \u00e0 un gouvernement dont la composition est susceptible de r\u00e9pondre aux diff\u00e9rents messages adress\u00e9s par les citoyens \u00bb. Il s\u2019agit, en effet, de la chert\u00e9 des produits de premi\u00e8res n\u00e9cessit\u00e9s, d&rsquo;am\u00e9liorer le pouvoir d&rsquo;achat des plus d\u00e9munis, de cr\u00e9er des conditions pour l&#8217;emploi des jeunes, a-t-il fait comprendre.&nbsp;<\/p>\n\n\n\n<p>\u00ab Faut-il penser \u00e0 r\u00e9duire la souffrance de ceux qui sont confront\u00e9s aux inondations. D\u00e8s lors, il ne sert \u00e0 rien d\u2019avoir un gouvernement pl\u00e9thorique mais r\u00e9duit et efficace pour prendre en charge l&rsquo;ensemble des pr\u00e9occupations des S\u00e9n\u00e9galais \u00bb, a ajout\u00e9 Pr. Moussa Diaw. Qui est convaincu qu\u2019\u00ab une \u00e9quipe resserr\u00e9e et comp\u00e9tente pourrait donner de meilleurs r\u00e9sultats en sortant de la logique de politique politicienne, avec obligation de r\u00e9sultats au regard de l\u2019agenda pr\u00e9sidentiel focalis\u00e9 sur 2024, correspondant \u00e0 la fin du mandat du pr\u00e9sident de la R\u00e9publique \u00bb.<\/p>\n<div class=\"publi-apres-le-contenu\" style=\"margin-top: 10px;margin-bottom: 10px;margin-left: auto;margin-right: auto;text-align: center;\" id=\"publi-2828711033\"><div class=\"publi-adlabel\">Publicit\u00e9<\/div><script async src=\"\/\/pagead2.googlesyndication.com\/pagead\/js\/adsbygoogle.js?client=ca-pub-4089586018074219\" crossorigin=\"anonymous\"><\/script><ins class=\"adsbygoogle\" style=\"display:block;\" data-ad-client=\"ca-pub-4089586018074219\" \ndata-ad-slot=\"2087940154\" \ndata-ad-format=\"auto\"><\/ins>\n<script> \n(adsbygoogle = window.adsbygoogle || []).push({}); \n<\/script>\n<\/div>","protected":false},"excerpt":{"rendered":"<p>[Focus] Remaniement imminent : Portrait-robot du Premier ministre id\u00e9al\u2026C\u2019est devenu un secret de polichinelle : Le chef de l\u2019Etat, Macky Sall, devrait proc\u00e9der, tr\u00e8s prochainement, \u00e0 la formation d\u2019un nouveau gouvernement avec \u00e0 sa t\u00eate, un Premier ministre.&nbsp; D\u2019ailleurs, Seneweb a donn\u00e9, hier dimanche, la liste \u00ab des 7 favoris \u00bb \u00e0 ce poste. Mais, allant plus loin, le politologue Moussa Diaw, dresse le portrait-robot du futur patron de la Primature. \u00ab Pour le futur premier ministre, la nouvelle configuration de l\u2019Assembl\u00e9e nationale, avec une perc\u00e9e remarquable de l\u2019opposition, exige de faire un choix judicieux de la personnalit\u00e9 \u00e0 nommer \u00e0 la t\u00eate de l&rsquo;\u00e9quipe gouvernementale \u00bb, a-t-il d\u2019embl\u00e9e tenu \u00e0 pr\u00e9ciser. L\u2019enseignant-chercheur en sciences politiques \u00e0 l\u2019universit\u00e9 Gaston Berger (Ugb) de Saint-Louis pense, en effet, qu\u2019il est \u00ab pr\u00e9f\u00e9rable de porter le choix sur quelqu\u2019un dot\u00e9 d\u2019une grande capacit\u00e9 d\u2019\u00e9coute, d&rsquo;esprit consensuel et fin n\u00e9gociateur afin d\u2019\u00e9viter des crises au sein de l\u2019h\u00e9micycle \u00bb. A ce titre, M. Diaw confie \u00e0 Seneweb qu\u2019\u00abun technocratique ou moins politique (lui) semble convenir \u00e0 ce poste dans le contexte politique actuel o\u00f9 la marge de man\u0153uvre du Pr\u00e9sident est r\u00e9duite d\u2019autant qu\u2019il ne dispose plus d\u2019une majorit\u00e9 confortable, ce qui l\u2019obligera \u00e0 proc\u00e9der \u00e0 des concessions et dialogues pour \u00e9viter des tensions dans un contexte politique particulier \u00bb.&nbsp; \u00ab De plus, explique l\u2019analyste politique, les citoyens attendent des r\u00e9ponses appropri\u00e9es et idoines par rapport \u00e0 la situation socio-\u00e9conomique \u00bb. \u00ab Un Gouvernement resserr\u00e9 et comp\u00e9tent \u00bb S\u2019agissant, par ailleurs, du choix des ministres, notre interlocuteur souligne qu\u2019apr\u00e8s les r\u00e9sultats des \u00e9lections locales et l\u00e9gislatives, \u00ab on s&rsquo;attend \u00e0 un gouvernement dont la composition est susceptible de r\u00e9pondre aux diff\u00e9rents messages adress\u00e9s par les citoyens \u00bb. Il s\u2019agit, en effet, de la chert\u00e9 des produits de premi\u00e8res n\u00e9cessit\u00e9s, d&rsquo;am\u00e9liorer le pouvoir d&rsquo;achat des plus d\u00e9munis, de cr\u00e9er des conditions pour l&#8217;emploi des jeunes, a-t-il fait comprendre.&nbsp; \u00ab Faut-il penser \u00e0 r\u00e9duire la souffrance de ceux qui sont confront\u00e9s aux inondations. D\u00e8s lors, il ne sert \u00e0 rien d\u2019avoir un gouvernement pl\u00e9thorique mais r\u00e9duit et efficace pour prendre en charge l&rsquo;ensemble des pr\u00e9occupations des S\u00e9n\u00e9galais \u00bb, a ajout\u00e9 Pr. Moussa Diaw. Qui est convaincu qu\u2019\u00ab une \u00e9quipe resserr\u00e9e et comp\u00e9tente pourrait donner de meilleurs r\u00e9sultats en sortant de la logique de politique politicienne, avec obligation de r\u00e9sultats au regard de l\u2019agenda pr\u00e9sidentiel focalis\u00e9 sur 2024, correspondant \u00e0 la fin du mandat du pr\u00e9sident de la R\u00e9publique \u00bb.<\/p>\n","protected":false},"author":1,"featured_media":27,"comment_status":"open","ping_status":"open","sticky":false,"template":"","format":"standard","meta":{"_jetpack_memberships_contains_paid_content":false,"footnotes":""},"categories":[3],"tags":[],"class_list":["post-1","post","type-post","status-publish","format-standard","has-post-thumbnail","hentry","category-politique","entry","has-media","owp-thumbs-layout-horizontal","owp-btn-normal","owp-tabs-layout-horizontal","has-no-thumbnails","has-product-nav"],"yoast_head":"<!-- This site is optimized with the Yoast SEO plugin v25.5 - https:\/\/yoast.com\/wordpress\/plugins\/seo\/ -->\n<title>[Focus] Remaniement imminent : Portrait-robot du Premier ministre id\u00e9al\u2026 - LE PUBLIC<\/title>\n<meta name=\"robots\" content=\"index, follow, max-snippet:-1, max-image-preview:large, max-video-preview:-1\" \/>\n<link rel=\"canonical\" href=\"https:\/\/www.public.sn\/index.php\/2022\/08\/17\/bonjour-tout-le-monde\/\" \/>\n<meta property=\"og:locale\" content=\"fr_FR\" \/>\n<meta property=\"og:type\" content=\"article\" \/>\n<meta property=\"og:title\" content=\"[Focus] Remaniement imminent : Portrait-robot du Premier ministre id\u00e9al\u2026 - LE PUBLIC\" \/>\n<meta property=\"og:description\" content=\"[Focus] Remaniement imminent : Portrait-robot du Premier ministre id\u00e9al\u2026C\u2019est devenu un secret de polichinelle : Le chef de l\u2019Etat, Macky Sall, devrait proc\u00e9der, tr\u00e8s prochainement, \u00e0 la formation d\u2019un nouveau gouvernement avec \u00e0 sa t\u00eate, un Premier ministre.&nbsp; D\u2019ailleurs, Seneweb a donn\u00e9, hier dimanche, la liste \u00ab des 7 favoris \u00bb \u00e0 ce poste. Mais, allant plus loin, le politologue Moussa Diaw, dresse le portrait-robot du futur patron de la Primature. \u00ab Pour le futur premier ministre, la nouvelle configuration de l\u2019Assembl\u00e9e nationale, avec une perc\u00e9e remarquable de l\u2019opposition, exige de faire un choix judicieux de la personnalit\u00e9 \u00e0 nommer \u00e0 la t\u00eate de l&rsquo;\u00e9quipe gouvernementale \u00bb, a-t-il d\u2019embl\u00e9e tenu \u00e0 pr\u00e9ciser. L\u2019enseignant-chercheur en sciences politiques \u00e0 l\u2019universit\u00e9 Gaston Berger (Ugb) de Saint-Louis pense, en effet, qu\u2019il est \u00ab pr\u00e9f\u00e9rable de porter le choix sur quelqu\u2019un dot\u00e9 d\u2019une grande capacit\u00e9 d\u2019\u00e9coute, d&rsquo;esprit consensuel et fin n\u00e9gociateur afin d\u2019\u00e9viter des crises au sein de l\u2019h\u00e9micycle \u00bb. A ce titre, M. Diaw confie \u00e0 Seneweb qu\u2019\u00abun technocratique ou moins politique (lui) semble convenir \u00e0 ce poste dans le contexte politique actuel o\u00f9 la marge de man\u0153uvre du Pr\u00e9sident est r\u00e9duite d\u2019autant qu\u2019il ne dispose plus d\u2019une majorit\u00e9 confortable, ce qui l\u2019obligera \u00e0 proc\u00e9der \u00e0 des concessions et dialogues pour \u00e9viter des tensions dans un contexte politique particulier \u00bb.&nbsp; \u00ab De plus, explique l\u2019analyste politique, les citoyens attendent des r\u00e9ponses appropri\u00e9es et idoines par rapport \u00e0 la situation socio-\u00e9conomique \u00bb. \u00ab Un Gouvernement resserr\u00e9 et comp\u00e9tent \u00bb S\u2019agissant, par ailleurs, du choix des ministres, notre interlocuteur souligne qu\u2019apr\u00e8s les r\u00e9sultats des \u00e9lections locales et l\u00e9gislatives, \u00ab on s&rsquo;attend \u00e0 un gouvernement dont la composition est susceptible de r\u00e9pondre aux diff\u00e9rents messages adress\u00e9s par les citoyens \u00bb. Il s\u2019agit, en effet, de la chert\u00e9 des produits de premi\u00e8res n\u00e9cessit\u00e9s, d&rsquo;am\u00e9liorer le pouvoir d&rsquo;achat des plus d\u00e9munis, de cr\u00e9er des conditions pour l&#8217;emploi des jeunes, a-t-il fait comprendre.&nbsp; \u00ab Faut-il penser \u00e0 r\u00e9duire la souffrance de ceux qui sont confront\u00e9s aux inondations. D\u00e8s lors, il ne sert \u00e0 rien d\u2019avoir un gouvernement pl\u00e9thorique mais r\u00e9duit et efficace pour prendre en charge l&rsquo;ensemble des pr\u00e9occupations des S\u00e9n\u00e9galais \u00bb, a ajout\u00e9 Pr. Moussa Diaw. Qui est convaincu qu\u2019\u00ab une \u00e9quipe resserr\u00e9e et comp\u00e9tente pourrait donner de meilleurs r\u00e9sultats en sortant de la logique de politique politicienne, avec obligation de r\u00e9sultats au regard de l\u2019agenda pr\u00e9sidentiel focalis\u00e9 sur 2024, correspondant \u00e0 la fin du mandat du pr\u00e9sident de la R\u00e9publique \u00bb.\" \/>\n<meta property=\"og:url\" content=\"https:\/\/www.public.sn\/index.php\/2022\/08\/17\/bonjour-tout-le-monde\/\" \/>\n<meta property=\"og:site_name\" content=\"LE PUBLIC\" \/>\n<meta property=\"article:published_time\" content=\"2022-08-17T00:48:35+00:00\" \/>\n<meta property=\"article:modified_time\" content=\"2022-08-17T01:07:53+00:00\" \/>\n<meta property=\"og:image\" content=\"https:\/\/www.public.sn\/wp-content\/uploads\/2022\/08\/2a9e97b99051058f7e29baa3219cf1fd5284f060.jpg\" \/>\n\t<meta property=\"og:image:width\" content=\"612\" \/>\n\t<meta property=\"og:image:height\" content=\"298\" \/>\n\t<meta property=\"og:image:type\" content=\"image\/jpeg\" \/>\n<meta name=\"author\" content=\"LA REDACTION\" \/>\n<meta name=\"twitter:card\" content=\"summary_large_image\" \/>\n<meta name=\"twitter:label1\" content=\"\u00c9crit par\" \/>\n\t<meta name=\"twitter:data1\" content=\"LA REDACTION\" \/>\n\t<meta name=\"twitter:label2\" content=\"Dur\u00e9e de lecture estim\u00e9e\" \/>\n\t<meta name=\"twitter:data2\" content=\"2 minutes\" \/>\n<script type=\"application\/ld+json\" class=\"yoast-schema-graph\">{\"@context\":\"https:\/\/schema.org\",\"@graph\":[{\"@type\":\"Article\",\"@id\":\"https:\/\/www.public.sn\/index.php\/2022\/08\/17\/bonjour-tout-le-monde\/#article\",\"isPartOf\":{\"@id\":\"https:\/\/www.public.sn\/index.php\/2022\/08\/17\/bonjour-tout-le-monde\/\"},\"author\":{\"name\":\"LA REDACTION\",\"@id\":\"https:\/\/www.public.sn\/#\/schema\/person\/e3f4a11b037d4203902db148f9bc8d5a\"},\"headline\":\"[Focus] Remaniement imminent : Portrait-robot du Premier ministre id\u00e9al\u2026\",\"datePublished\":\"2022-08-17T00:48:35+00:00\",\"dateModified\":\"2022-08-17T01:07:53+00:00\",\"mainEntityOfPage\":{\"@id\":\"https:\/\/www.public.sn\/index.php\/2022\/08\/17\/bonjour-tout-le-monde\/\"},\"wordCount\":455,\"commentCount\":0,\"publisher\":{\"@id\":\"https:\/\/www.public.sn\/#organization\"},\"image\":{\"@id\":\"https:\/\/www.public.sn\/index.php\/2022\/08\/17\/bonjour-tout-le-monde\/#primaryimage\"},\"thumbnailUrl\":\"https:\/\/www.public.sn\/wp-content\/uploads\/2022\/08\/2a9e97b99051058f7e29baa3219cf1fd5284f060.jpg\",\"articleSection\":[\"POLITIQUE\"],\"inLanguage\":\"fr-FR\",\"potentialAction\":[{\"@type\":\"CommentAction\",\"name\":\"Comment\",\"target\":[\"https:\/\/www.public.sn\/index.php\/2022\/08\/17\/bonjour-tout-le-monde\/#respond\"]}]},{\"@type\":\"WebPage\",\"@id\":\"https:\/\/www.public.sn\/index.php\/2022\/08\/17\/bonjour-tout-le-monde\/\",\"url\":\"https:\/\/www.public.sn\/index.php\/2022\/08\/17\/bonjour-tout-le-monde\/\",\"name\":\"[Focus] Remaniement imminent : Portrait-robot du Premier ministre id\u00e9al\u2026 - LE PUBLIC\",\"isPartOf\":{\"@id\":\"https:\/\/www.public.sn\/#website\"},\"primaryImageOfPage\":{\"@id\":\"https:\/\/www.public.sn\/index.php\/2022\/08\/17\/bonjour-tout-le-monde\/#primaryimage\"},\"image\":{\"@id\":\"https:\/\/www.public.sn\/index.php\/2022\/08\/17\/bonjour-tout-le-monde\/#primaryimage\"},\"thumbnailUrl\":\"https:\/\/www.public.sn\/wp-content\/uploads\/2022\/08\/2a9e97b99051058f7e29baa3219cf1fd5284f060.jpg\",\"datePublished\":\"2022-08-17T00:48:35+00:00\",\"dateModified\":\"2022-08-17T01:07:53+00:00\",\"breadcrumb\":{\"@id\":\"https:\/\/www.public.sn\/index.php\/2022\/08\/17\/bonjour-tout-le-monde\/#breadcrumb\"},\"inLanguage\":\"fr-FR\",\"potentialAction\":[{\"@type\":\"ReadAction\",\"target\":[\"https:\/\/www.public.sn\/index.php\/2022\/08\/17\/bonjour-tout-le-monde\/\"]}]},{\"@type\":\"ImageObject\",\"inLanguage\":\"fr-FR\",\"@id\":\"https:\/\/www.public.sn\/index.php\/2022\/08\/17\/bonjour-tout-le-monde\/#primaryimage\",\"url\":\"https:\/\/www.public.sn\/wp-content\/uploads\/2022\/08\/2a9e97b99051058f7e29baa3219cf1fd5284f060.jpg\",\"contentUrl\":\"https:\/\/www.public.sn\/wp-content\/uploads\/2022\/08\/2a9e97b99051058f7e29baa3219cf1fd5284f060.jpg\",\"width\":612,\"height\":298},{\"@type\":\"BreadcrumbList\",\"@id\":\"https:\/\/www.public.sn\/index.php\/2022\/08\/17\/bonjour-tout-le-monde\/#breadcrumb\",\"itemListElement\":[{\"@type\":\"ListItem\",\"position\":1,\"name\":\"Accueil\",\"item\":\"https:\/\/www.public.sn\/\"},{\"@type\":\"ListItem\",\"position\":2,\"name\":\"[Focus] Remaniement imminent : Portrait-robot du Premier ministre id\u00e9al\u2026\"}]},{\"@type\":\"WebSite\",\"@id\":\"https:\/\/www.public.sn\/#website\",\"url\":\"https:\/\/www.public.sn\/\",\"name\":\"LE PUBLIC\",\"description\":\"\",\"publisher\":{\"@id\":\"https:\/\/www.public.sn\/#organization\"},\"potentialAction\":[{\"@type\":\"SearchAction\",\"target\":{\"@type\":\"EntryPoint\",\"urlTemplate\":\"https:\/\/www.public.sn\/?s={search_term_string}\"},\"query-input\":{\"@type\":\"PropertyValueSpecification\",\"valueRequired\":true,\"valueName\":\"search_term_string\"}}],\"inLanguage\":\"fr-FR\"},{\"@type\":\"Organization\",\"@id\":\"https:\/\/www.public.sn\/#organization\",\"name\":\"LE PUBLIC\",\"url\":\"https:\/\/www.public.sn\/\",\"logo\":{\"@type\":\"ImageObject\",\"inLanguage\":\"fr-FR\",\"@id\":\"https:\/\/www.public.sn\/#\/schema\/logo\/image\/\",\"url\":\"https:\/\/www.public.sn\/wp-content\/uploads\/2024\/05\/cropped-LOGO-PUBLIC.SN_.png\",\"contentUrl\":\"https:\/\/www.public.sn\/wp-content\/uploads\/2024\/05\/cropped-LOGO-PUBLIC.SN_.png\",\"width\":682,\"height\":192,\"caption\":\"LE PUBLIC\"},\"image\":{\"@id\":\"https:\/\/www.public.sn\/#\/schema\/logo\/image\/\"}},{\"@type\":\"Person\",\"@id\":\"https:\/\/www.public.sn\/#\/schema\/person\/e3f4a11b037d4203902db148f9bc8d5a\",\"name\":\"LA REDACTION\",\"image\":{\"@type\":\"ImageObject\",\"inLanguage\":\"fr-FR\",\"@id\":\"https:\/\/www.public.sn\/#\/schema\/person\/image\/\",\"url\":\"https:\/\/secure.gravatar.com\/avatar\/d6c030db45db2883c075085c5d6c6258654a801a93766b49af0b82d4f454e2a5?s=96&d=mm&r=g\",\"contentUrl\":\"https:\/\/secure.gravatar.com\/avatar\/d6c030db45db2883c075085c5d6c6258654a801a93766b49af0b82d4f454e2a5?s=96&d=mm&r=g\",\"caption\":\"LA REDACTION\"},\"sameAs\":[\"http:\/\/www.public.sn\"],\"url\":\"https:\/\/www.public.sn\/index.php\/author\/admin7324\/\"}]}<\/script>\n<!-- \/ Yoast SEO plugin. -->","yoast_head_json":{"title":"[Focus] Remaniement imminent : Portrait-robot du Premier ministre id\u00e9al\u2026 - LE PUBLIC","robots":{"index":"index","follow":"follow","max-snippet":"max-snippet:-1","max-image-preview":"max-image-preview:large","max-video-preview":"max-video-preview:-1"},"canonical":"https:\/\/www.public.sn\/index.php\/2022\/08\/17\/bonjour-tout-le-monde\/","og_locale":"fr_FR","og_type":"article","og_title":"[Focus] Remaniement imminent : Portrait-robot du Premier ministre id\u00e9al\u2026 - LE PUBLIC","og_description":"[Focus] Remaniement imminent : Portrait-robot du Premier ministre id\u00e9al\u2026C\u2019est devenu un secret de polichinelle : Le chef de l\u2019Etat, Macky Sall, devrait proc\u00e9der, tr\u00e8s prochainement, \u00e0 la formation d\u2019un nouveau gouvernement avec \u00e0 sa t\u00eate, un Premier ministre.&nbsp; D\u2019ailleurs, Seneweb a donn\u00e9, hier dimanche, la liste \u00ab des 7 favoris \u00bb \u00e0 ce poste. Mais, allant plus loin, le politologue Moussa Diaw, dresse le portrait-robot du futur patron de la Primature. \u00ab Pour le futur premier ministre, la nouvelle configuration de l\u2019Assembl\u00e9e nationale, avec une perc\u00e9e remarquable de l\u2019opposition, exige de faire un choix judicieux de la personnalit\u00e9 \u00e0 nommer \u00e0 la t\u00eate de l&rsquo;\u00e9quipe gouvernementale \u00bb, a-t-il d\u2019embl\u00e9e tenu \u00e0 pr\u00e9ciser. L\u2019enseignant-chercheur en sciences politiques \u00e0 l\u2019universit\u00e9 Gaston Berger (Ugb) de Saint-Louis pense, en effet, qu\u2019il est \u00ab pr\u00e9f\u00e9rable de porter le choix sur quelqu\u2019un dot\u00e9 d\u2019une grande capacit\u00e9 d\u2019\u00e9coute, d&rsquo;esprit consensuel et fin n\u00e9gociateur afin d\u2019\u00e9viter des crises au sein de l\u2019h\u00e9micycle \u00bb. A ce titre, M. Diaw confie \u00e0 Seneweb qu\u2019\u00abun technocratique ou moins politique (lui) semble convenir \u00e0 ce poste dans le contexte politique actuel o\u00f9 la marge de man\u0153uvre du Pr\u00e9sident est r\u00e9duite d\u2019autant qu\u2019il ne dispose plus d\u2019une majorit\u00e9 confortable, ce qui l\u2019obligera \u00e0 proc\u00e9der \u00e0 des concessions et dialogues pour \u00e9viter des tensions dans un contexte politique particulier \u00bb.&nbsp; \u00ab De plus, explique l\u2019analyste politique, les citoyens attendent des r\u00e9ponses appropri\u00e9es et idoines par rapport \u00e0 la situation socio-\u00e9conomique \u00bb. \u00ab Un Gouvernement resserr\u00e9 et comp\u00e9tent \u00bb S\u2019agissant, par ailleurs, du choix des ministres, notre interlocuteur souligne qu\u2019apr\u00e8s les r\u00e9sultats des \u00e9lections locales et l\u00e9gislatives, \u00ab on s&rsquo;attend \u00e0 un gouvernement dont la composition est susceptible de r\u00e9pondre aux diff\u00e9rents messages adress\u00e9s par les citoyens \u00bb. Il s\u2019agit, en effet, de la chert\u00e9 des produits de premi\u00e8res n\u00e9cessit\u00e9s, d&rsquo;am\u00e9liorer le pouvoir d&rsquo;achat des plus d\u00e9munis, de cr\u00e9er des conditions pour l&#8217;emploi des jeunes, a-t-il fait comprendre.&nbsp; \u00ab Faut-il penser \u00e0 r\u00e9duire la souffrance de ceux qui sont confront\u00e9s aux inondations. D\u00e8s lors, il ne sert \u00e0 rien d\u2019avoir un gouvernement pl\u00e9thorique mais r\u00e9duit et efficace pour prendre en charge l&rsquo;ensemble des pr\u00e9occupations des S\u00e9n\u00e9galais \u00bb, a ajout\u00e9 Pr. Moussa Diaw. Qui est convaincu qu\u2019\u00ab une \u00e9quipe resserr\u00e9e et comp\u00e9tente pourrait donner de meilleurs r\u00e9sultats en sortant de la logique de politique politicienne, avec obligation de r\u00e9sultats au regard de l\u2019agenda pr\u00e9sidentiel focalis\u00e9 sur 2024, correspondant \u00e0 la fin du mandat du pr\u00e9sident de la R\u00e9publique \u00bb.","og_url":"https:\/\/www.public.sn\/index.php\/2022\/08\/17\/bonjour-tout-le-monde\/","og_site_name":"LE PUBLIC","article_published_time":"2022-08-17T00:48:35+00:00","article_modified_time":"2022-08-17T01:07:53+00:00","og_image":[{"width":612,"height":298,"url":"https:\/\/www.public.sn\/wp-content\/uploads\/2022\/08\/2a9e97b99051058f7e29baa3219cf1fd5284f060.jpg","type":"image\/jpeg"}],"author":"LA REDACTION","twitter_card":"summary_large_image","twitter_misc":{"\u00c9crit par":"LA REDACTION","Dur\u00e9e de lecture estim\u00e9e":"2 minutes"},"schema":{"@context":"https:\/\/schema.org","@graph":[{"@type":"Article","@id":"https:\/\/www.public.sn\/index.php\/2022\/08\/17\/bonjour-tout-le-monde\/#article","isPartOf":{"@id":"https:\/\/www.public.sn\/index.php\/2022\/08\/17\/bonjour-tout-le-monde\/"},"author":{"name":"LA REDACTION","@id":"https:\/\/www.public.sn\/#\/schema\/person\/e3f4a11b037d4203902db148f9bc8d5a"},"headline":"[Focus] Remaniement imminent : Portrait-robot du Premier ministre id\u00e9al\u2026","datePublished":"2022-08-17T00:48:35+00:00","dateModified":"2022-08-17T01:07:53+00:00","mainEntityOfPage":{"@id":"https:\/\/www.public.sn\/index.php\/2022\/08\/17\/bonjour-tout-le-monde\/"},"wordCount":455,"commentCount":0,"publisher":{"@id":"https:\/\/www.public.sn\/#organization"},"image":{"@id":"https:\/\/www.public.sn\/index.php\/2022\/08\/17\/bonjour-tout-le-monde\/#primaryimage"},"thumbnailUrl":"https:\/\/www.public.sn\/wp-content\/uploads\/2022\/08\/2a9e97b99051058f7e29baa3219cf1fd5284f060.jpg","articleSection":["POLITIQUE"],"inLanguage":"fr-FR","potentialAction":[{"@type":"CommentAction","name":"Comment","target":["https:\/\/www.public.sn\/index.php\/2022\/08\/17\/bonjour-tout-le-monde\/#respond"]}]},{"@type":"WebPage","@id":"https:\/\/www.public.sn\/index.php\/2022\/08\/17\/bonjour-tout-le-monde\/","url":"https:\/\/www.public.sn\/index.php\/2022\/08\/17\/bonjour-tout-le-monde\/","name":"[Focus] Remaniement imminent : Portrait-robot du Premier ministre id\u00e9al\u2026 - LE PUBLIC","isPartOf":{"@id":"https:\/\/www.public.sn\/#website"},"primaryImageOfPage":{"@id":"https:\/\/www.public.sn\/index.php\/2022\/08\/17\/bonjour-tout-le-monde\/#primaryimage"},"image":{"@id":"https:\/\/www.public.sn\/index.php\/2022\/08\/17\/bonjour-tout-le-monde\/#primaryimage"},"thumbnailUrl":"https:\/\/www.public.sn\/wp-content\/uploads\/2022\/08\/2a9e97b99051058f7e29baa3219cf1fd5284f060.jpg","datePublished":"2022-08-17T00:48:35+00:00","dateModified":"2022-08-17T01:07:53+00:00","breadcrumb":{"@id":"https:\/\/www.public.sn\/index.php\/2022\/08\/17\/bonjour-tout-le-monde\/#breadcrumb"},"inLanguage":"fr-FR","potentialAction":[{"@type":"ReadAction","target":["https:\/\/www.public.sn\/index.php\/2022\/08\/17\/bonjour-tout-le-monde\/"]}]},{"@type":"ImageObject","inLanguage":"fr-FR","@id":"https:\/\/www.public.sn\/index.php\/2022\/08\/17\/bonjour-tout-le-monde\/#primaryimage","url":"https:\/\/www.public.sn\/wp-content\/uploads\/2022\/08\/2a9e97b99051058f7e29baa3219cf1fd5284f060.jpg","contentUrl":"https:\/\/www.public.sn\/wp-content\/uploads\/2022\/08\/2a9e97b99051058f7e29baa3219cf1fd5284f060.jpg","width":612,"height":298},{"@type":"BreadcrumbList","@id":"https:\/\/www.public.sn\/index.php\/2022\/08\/17\/bonjour-tout-le-monde\/#breadcrumb","itemListElement":[{"@type":"ListItem","position":1,"name":"Accueil","item":"https:\/\/www.public.sn\/"},{"@type":"ListItem","position":2,"name":"[Focus] Remaniement imminent : Portrait-robot du Premier ministre id\u00e9al\u2026"}]},{"@type":"WebSite","@id":"https:\/\/www.public.sn\/#website","url":"https:\/\/www.public.sn\/","name":"LE PUBLIC","description":"","publisher":{"@id":"https:\/\/www.public.sn\/#organization"},"potentialAction":[{"@type":"SearchAction","target":{"@type":"EntryPoint","urlTemplate":"https:\/\/www.public.sn\/?s={search_term_string}"},"query-input":{"@type":"PropertyValueSpecification","valueRequired":true,"valueName":"search_term_string"}}],"inLanguage":"fr-FR"},{"@type":"Organization","@id":"https:\/\/www.public.sn\/#organization","name":"LE PUBLIC","url":"https:\/\/www.public.sn\/","logo":{"@type":"ImageObject","inLanguage":"fr-FR","@id":"https:\/\/www.public.sn\/#\/schema\/logo\/image\/","url":"https:\/\/www.public.sn\/wp-content\/uploads\/2024\/05\/cropped-LOGO-PUBLIC.SN_.png","contentUrl":"https:\/\/www.public.sn\/wp-content\/uploads\/2024\/05\/cropped-LOGO-PUBLIC.SN_.png","width":682,"height":192,"caption":"LE PUBLIC"},"image":{"@id":"https:\/\/www.public.sn\/#\/schema\/logo\/image\/"}},{"@type":"Person","@id":"https:\/\/www.public.sn\/#\/schema\/person\/e3f4a11b037d4203902db148f9bc8d5a","name":"LA REDACTION","image":{"@type":"ImageObject","inLanguage":"fr-FR","@id":"https:\/\/www.public.sn\/#\/schema\/person\/image\/","url":"https:\/\/secure.gravatar.com\/avatar\/d6c030db45db2883c075085c5d6c6258654a801a93766b49af0b82d4f454e2a5?s=96&d=mm&r=g","contentUrl":"https:\/\/secure.gravatar.com\/avatar\/d6c030db45db2883c075085c5d6c6258654a801a93766b49af0b82d4f454e2a5?s=96&d=mm&r=g","caption":"LA REDACTION"},"sameAs":["http:\/\/www.public.sn"],"url":"https:\/\/www.public.sn\/index.php\/author\/admin7324\/"}]}},"jetpack_featured_media_url":"https:\/\/www.public.sn\/wp-content\/uploads\/2022\/08\/2a9e97b99051058f7e29baa3219cf1fd5284f060.jpg","jetpack_sharing_enabled":true,"_links":{"self":[{"href":"https:\/\/www.public.sn\/index.php\/wp-json\/wp\/v2\/posts\/1","targetHints":{"allow":["GET"]}}],"collection":[{"href":"https:\/\/www.public.sn\/index.php\/wp-json\/wp\/v2\/posts"}],"about":[{"href":"https:\/\/www.public.sn\/index.php\/wp-json\/wp\/v2\/types\/post"}],"author":[{"embeddable":true,"href":"https:\/\/www.public.sn\/index.php\/wp-json\/wp\/v2\/users\/1"}],"replies":[{"embeddable":true,"href":"https:\/\/www.public.sn\/index.php\/wp-json\/wp\/v2\/comments?post=1"}],"version-history":[{"count":1,"href":"https:\/\/www.public.sn\/index.php\/wp-json\/wp\/v2\/posts\/1\/revisions"}],"predecessor-version":[{"id":28,"href":"https:\/\/www.public.sn\/index.php\/wp-json\/wp\/v2\/posts\/1\/revisions\/28"}],"wp:featuredmedia":[{"embeddable":true,"href":"https:\/\/www.public.sn\/index.php\/wp-json\/wp\/v2\/media\/27"}],"wp:attachment":[{"href":"https:\/\/www.public.sn\/index.php\/wp-json\/wp\/v2\/media?parent=1"}],"wp:term":[{"taxonomy":"category","embeddable":true,"href":"https:\/\/www.public.sn\/index.php\/wp-json\/wp\/v2\/categories?post=1"},{"taxonomy":"post_tag","embeddable":true,"href":"https:\/\/www.public.sn\/index.php\/wp-json\/wp\/v2\/tags?post=1"}],"curies":[{"name":"wp","href":"https:\/\/api.w.org\/{rel}","templated":true}]}}