{"id":10033,"date":"2022-11-25T08:57:42","date_gmt":"2022-11-25T08:57:42","guid":{"rendered":"https:\/\/www.public.sn\/?p=10033"},"modified":"2022-11-25T08:57:45","modified_gmt":"2022-11-25T08:57:45","slug":"liberation-de-pape-ale-niang-le-ministre-de-la-communication-en-phase-avec-la-cap","status":"publish","type":"post","link":"https:\/\/www.public.sn\/index.php\/2022\/11\/25\/liberation-de-pape-ale-niang-le-ministre-de-la-communication-en-phase-avec-la-cap\/","title":{"rendered":"Lib\u00e9ration de Pape Al\u00e9 NIANG: Le ministre de la Communication en phase avec la CAP."},"content":{"rendered":"\n<p><\/p>\n\n\n\n<p>La Coordination des Associations de Presse (CAP) a \u00e9t\u00e9 re\u00e7ue en audience par le Ministre de la Communication, des T\u00e9l\u00e9communications et de l&rsquo;Economie num\u00e9rique, Moussa Bocar Thiam, en pr\u00e9sence de son Directeur de Cabinet, Madame Fatou Bintou Sall, et du Directeur de la Communication, Ousseynou Dieng.<\/p><div class=\"publi-paragraphe1\" style=\"margin-top: 10px;margin-bottom: 10px;margin-left: auto;margin-right: auto;text-align: center;\" id=\"publi-464048605\"><div class=\"publi-adlabel\">Publicit\u00e9<\/div><script async src=\"\/\/pagead2.googlesyndication.com\/pagead\/js\/adsbygoogle.js?client=ca-pub-4089586018074219\" crossorigin=\"anonymous\"><\/script><ins class=\"adsbygoogle\" style=\"display:block;\" data-ad-client=\"ca-pub-4089586018074219\" \ndata-ad-slot=\"2087940154\" \ndata-ad-format=\"auto\"><\/ins>\n<script> \n(adsbygoogle = window.adsbygoogle || []).push({}); \n<\/script>\n<\/div>\n\n\n\n<p><\/p>\n\n\n\n<p>La rencontre s\u2019est deroul\u00e9e dans une bonne ambiance avec des \u00e9changes sur la situation des m\u00e9dias.<\/p>\n\n\n\n<p>Sur l\u2019affaire Pape Al\u00e9 NIANG, les responsables de la CAP ont convaincu la tutelle de l\u2019urgence de travailler ensemble pour la lib\u00e9ration du journaliste et directeur de publication de Dakarmatin.com.<\/p>\n\n\n\n<p><\/p>\n\n\n\n<p>Cette affaire a frein\u00e9 tous les efforts d\u00e9ploy\u00e9s pour la tenue des Assises de la presse qui visent \u00e0 r\u00e9unir les conditions d\u2019une presse professionnelle, libre et responsable.<\/p>\n\n\n\n<p>\u00a0Ces Assises nationales du secteur des m\u00e9dias permettraient de trouver des solutions structurelles durables. Le ministre de la Communication a salu\u00e9 l\u2019initiative de l\u2019atelier de Toubab Dialaw qui avait r\u00e9uni les diff\u00e9rentes organisations de la CAP et des doyens de la profession.<\/p>\n\n\n\n<p><\/p>\n\n\n\n<p>Les acteurs de la presse nationale ont insist\u00e9 sur les effets n\u00e9fastes de l\u2019arrestation de Pape Al\u00e9 NIANG sur l\u2019image de marque du S\u00e9n\u00e9gal depuis le dimanche 6 novembre 2022.<\/p>\n\n\n\n<p>En effet des organisations supranationales de d\u00e9fense et de protection de la libert\u00e9 de presse comme le Comit\u00e9 pour la Protection des Journalistes (CPJ), la F\u00e9d\u00e9ration Internationale des Journalistes (FIJ), Reporters Sans Fronti\u00e8res (RSF), Media Foundation West Africa (MFWA) sont en train d\u2019internationaliser le combat pour la libert\u00e9 de Pape Al\u00e9 Niang.<\/p>\n\n\n\n<p><\/p>\n\n\n\n<p>Le S\u00e9n\u00e9gal qui avait perdu 24 places dans le dernier classement de RSF pourrait se retrouver dans une position d\u00e9gradante pour sa d\u00e9mocratie. La situation est d\u2019autant plus pr\u00e9occupante qu\u2019\u00e0 partir du 1er d\u00e9cembre, le S\u00e9n\u00e9gal sera, selon le Comit\u00e9 de Protection des Journalistes (CPJ), r\u00e9trograd\u00e9 au rang des pays o\u00f9 les journalistes sont malmen\u00e9s ou en danger.<\/p>\n\n\n\n<p><\/p>\n\n\n\n<p>Par un hasard de calendrier, Reporters Sans Fronti\u00e8res tient sa prochaine r\u00e9union internationale \u00e0 Dakar, au cours de laquelle l&rsquo;image de pays de d\u00e9mocratie et de libert\u00e9 d&rsquo;opinion et de presse risque d\u2019\u00eatre remise en question.<\/p>\n\n\n\n<p><\/p>\n\n\n\n<p>Le Ministre et la d\u00e9l\u00e9gation de la CAP ont, dans ce contexte, convenu qu&rsquo;il faut aller vers l&rsquo;apaisement et la d\u00e9crispation \u00e0 propos de cette affaire.<\/p>\n\n\n\n<p><\/p>\n\n\n\n<p>Ausi, ont-ils d\u00e9cid\u00e9 de rencontrer les Ministre de la Justice et des Forces Arm\u00e9es. L&rsquo;objectif est de parvenir \u00e0 obtenir, dans un premier temps, une libert\u00e9 provisoire pour Pape Al\u00e9 Niang.<\/p>\n\n\n\n<p><\/p>\n\n\n\n<p>La CAP salue la disponibilit\u00e9 du Ministre et son ouverture quant \u00e0 une d\u00e9crispation de cette tension qui expose le S\u00e9n\u00e9gal \u00e0la ris\u00e9e du monde.<\/p>\n\n\n\n<p>Fait \u00e0 Dakar, le 24 novembre 2022s<\/p>\n<div class=\"publi-apres-le-contenu\" style=\"margin-top: 10px;margin-bottom: 10px;margin-left: auto;margin-right: auto;text-align: center;\" id=\"publi-3286900769\"><div class=\"publi-adlabel\">Publicit\u00e9<\/div><script async src=\"\/\/pagead2.googlesyndication.com\/pagead\/js\/adsbygoogle.js?client=ca-pub-4089586018074219\" crossorigin=\"anonymous\"><\/script><ins class=\"adsbygoogle\" style=\"display:block;\" data-ad-client=\"ca-pub-4089586018074219\" \ndata-ad-slot=\"2087940154\" \ndata-ad-format=\"auto\"><\/ins>\n<script> \n(adsbygoogle = window.adsbygoogle || []).push({}); \n<\/script>\n<\/div>","protected":false},"excerpt":{"rendered":"<p>La Coordination des Associations de Presse (CAP) a \u00e9t\u00e9 re\u00e7ue en audience par le Ministre de la Communication, des T\u00e9l\u00e9communications et de l&rsquo;Economie num\u00e9rique, Moussa Bocar Thiam, en pr\u00e9sence de son Directeur de Cabinet, Madame Fatou Bintou Sall, et du Directeur de la Communication, Ousseynou Dieng. La rencontre s\u2019est deroul\u00e9e dans une bonne ambiance avec des \u00e9changes sur la situation des m\u00e9dias. Sur l\u2019affaire Pape Al\u00e9 NIANG, les responsables de la CAP ont convaincu la tutelle de l\u2019urgence de travailler ensemble pour la lib\u00e9ration du journaliste et directeur de publication de Dakarmatin.com. Cette affaire a frein\u00e9 tous les efforts d\u00e9ploy\u00e9s pour la tenue des Assises de la presse qui visent \u00e0 r\u00e9unir les conditions d\u2019une presse professionnelle, libre et responsable. \u00a0Ces Assises nationales du secteur des m\u00e9dias permettraient de trouver des solutions structurelles durables. Le ministre de la Communication a salu\u00e9 l\u2019initiative de l\u2019atelier de Toubab Dialaw qui avait r\u00e9uni les diff\u00e9rentes organisations de la CAP et des doyens de la profession. Les acteurs de la presse nationale ont insist\u00e9 sur les effets n\u00e9fastes de l\u2019arrestation de Pape Al\u00e9 NIANG sur l\u2019image de marque du S\u00e9n\u00e9gal depuis le dimanche 6 novembre 2022. En effet des organisations supranationales de d\u00e9fense et de protection de la libert\u00e9 de presse comme le Comit\u00e9 pour la Protection des Journalistes (CPJ), la F\u00e9d\u00e9ration Internationale des Journalistes (FIJ), Reporters Sans Fronti\u00e8res (RSF), Media Foundation West Africa (MFWA) sont en train d\u2019internationaliser le combat pour la libert\u00e9 de Pape Al\u00e9 Niang. Le S\u00e9n\u00e9gal qui avait perdu 24 places dans le dernier classement de RSF pourrait se retrouver dans une position d\u00e9gradante pour sa d\u00e9mocratie. La situation est d\u2019autant plus pr\u00e9occupante qu\u2019\u00e0 partir du 1er d\u00e9cembre, le S\u00e9n\u00e9gal sera, selon le Comit\u00e9 de Protection des Journalistes (CPJ), r\u00e9trograd\u00e9 au rang des pays o\u00f9 les journalistes sont malmen\u00e9s ou en danger. Par un hasard de calendrier, Reporters Sans Fronti\u00e8res tient sa prochaine r\u00e9union internationale \u00e0 Dakar, au cours de laquelle l&rsquo;image de pays de d\u00e9mocratie et de libert\u00e9 d&rsquo;opinion et de presse risque d\u2019\u00eatre remise en question. Le Ministre et la d\u00e9l\u00e9gation de la CAP ont, dans ce contexte, convenu qu&rsquo;il faut aller vers l&rsquo;apaisement et la d\u00e9crispation \u00e0 propos de cette affaire. Ausi, ont-ils d\u00e9cid\u00e9 de rencontrer les Ministre de la Justice et des Forces Arm\u00e9es. L&rsquo;objectif est de parvenir \u00e0 obtenir, dans un premier temps, une libert\u00e9 provisoire pour Pape Al\u00e9 Niang. La CAP salue la disponibilit\u00e9 du Ministre et son ouverture quant \u00e0 une d\u00e9crispation de cette tension qui expose le S\u00e9n\u00e9gal \u00e0la ris\u00e9e du monde. Fait \u00e0 Dakar, le 24 novembre 2022s<\/p>\n","protected":false},"author":7,"featured_media":10034,"comment_status":"open","ping_status":"open","sticky":false,"template":"","format":"standard","meta":{"_jetpack_memberships_contains_paid_content":false,"footnotes":""},"categories":[375,961,1],"tags":[1281,1062,2492],"class_list":["post-10033","post","type-post","status-publish","format-standard","has-post-thumbnail","hentry","category-actualites","category-medias","category-non-classe","tag-cap","tag-communique","tag-pape-ale","entry","has-media","owp-thumbs-layout-horizontal","owp-btn-normal","owp-tabs-layout-horizontal","has-no-thumbnails","has-product-nav"],"yoast_head":"<!-- This site is optimized with the Yoast SEO plugin v25.5 - https:\/\/yoast.com\/wordpress\/plugins\/seo\/ -->\n<title>Lib\u00e9ration de Pape Al\u00e9 NIANG: Le ministre de la Communication en phase avec la CAP. - LE PUBLIC<\/title>\n<meta name=\"robots\" content=\"index, follow, max-snippet:-1, max-image-preview:large, max-video-preview:-1\" \/>\n<link rel=\"canonical\" href=\"https:\/\/www.public.sn\/index.php\/2022\/11\/25\/liberation-de-pape-ale-niang-le-ministre-de-la-communication-en-phase-avec-la-cap\/\" \/>\n<meta property=\"og:locale\" content=\"fr_FR\" \/>\n<meta property=\"og:type\" content=\"article\" \/>\n<meta property=\"og:title\" content=\"Lib\u00e9ration de Pape Al\u00e9 NIANG: Le ministre de la Communication en phase avec la CAP. - LE PUBLIC\" \/>\n<meta property=\"og:description\" content=\"La Coordination des Associations de Presse (CAP) a \u00e9t\u00e9 re\u00e7ue en audience par le Ministre de la Communication, des T\u00e9l\u00e9communications et de l&rsquo;Economie num\u00e9rique, Moussa Bocar Thiam, en pr\u00e9sence de son Directeur de Cabinet, Madame Fatou Bintou Sall, et du Directeur de la Communication, Ousseynou Dieng. La rencontre s\u2019est deroul\u00e9e dans une bonne ambiance avec des \u00e9changes sur la situation des m\u00e9dias. Sur l\u2019affaire Pape Al\u00e9 NIANG, les responsables de la CAP ont convaincu la tutelle de l\u2019urgence de travailler ensemble pour la lib\u00e9ration du journaliste et directeur de publication de Dakarmatin.com. Cette affaire a frein\u00e9 tous les efforts d\u00e9ploy\u00e9s pour la tenue des Assises de la presse qui visent \u00e0 r\u00e9unir les conditions d\u2019une presse professionnelle, libre et responsable. \u00a0Ces Assises nationales du secteur des m\u00e9dias permettraient de trouver des solutions structurelles durables. Le ministre de la Communication a salu\u00e9 l\u2019initiative de l\u2019atelier de Toubab Dialaw qui avait r\u00e9uni les diff\u00e9rentes organisations de la CAP et des doyens de la profession. Les acteurs de la presse nationale ont insist\u00e9 sur les effets n\u00e9fastes de l\u2019arrestation de Pape Al\u00e9 NIANG sur l\u2019image de marque du S\u00e9n\u00e9gal depuis le dimanche 6 novembre 2022. En effet des organisations supranationales de d\u00e9fense et de protection de la libert\u00e9 de presse comme le Comit\u00e9 pour la Protection des Journalistes (CPJ), la F\u00e9d\u00e9ration Internationale des Journalistes (FIJ), Reporters Sans Fronti\u00e8res (RSF), Media Foundation West Africa (MFWA) sont en train d\u2019internationaliser le combat pour la libert\u00e9 de Pape Al\u00e9 Niang. Le S\u00e9n\u00e9gal qui avait perdu 24 places dans le dernier classement de RSF pourrait se retrouver dans une position d\u00e9gradante pour sa d\u00e9mocratie. La situation est d\u2019autant plus pr\u00e9occupante qu\u2019\u00e0 partir du 1er d\u00e9cembre, le S\u00e9n\u00e9gal sera, selon le Comit\u00e9 de Protection des Journalistes (CPJ), r\u00e9trograd\u00e9 au rang des pays o\u00f9 les journalistes sont malmen\u00e9s ou en danger. Par un hasard de calendrier, Reporters Sans Fronti\u00e8res tient sa prochaine r\u00e9union internationale \u00e0 Dakar, au cours de laquelle l&rsquo;image de pays de d\u00e9mocratie et de libert\u00e9 d&rsquo;opinion et de presse risque d\u2019\u00eatre remise en question. Le Ministre et la d\u00e9l\u00e9gation de la CAP ont, dans ce contexte, convenu qu&rsquo;il faut aller vers l&rsquo;apaisement et la d\u00e9crispation \u00e0 propos de cette affaire. Ausi, ont-ils d\u00e9cid\u00e9 de rencontrer les Ministre de la Justice et des Forces Arm\u00e9es. L&rsquo;objectif est de parvenir \u00e0 obtenir, dans un premier temps, une libert\u00e9 provisoire pour Pape Al\u00e9 Niang. La CAP salue la disponibilit\u00e9 du Ministre et son ouverture quant \u00e0 une d\u00e9crispation de cette tension qui expose le S\u00e9n\u00e9gal \u00e0la ris\u00e9e du monde. Fait \u00e0 Dakar, le 24 novembre 2022s\" \/>\n<meta property=\"og:url\" content=\"https:\/\/www.public.sn\/index.php\/2022\/11\/25\/liberation-de-pape-ale-niang-le-ministre-de-la-communication-en-phase-avec-la-cap\/\" \/>\n<meta property=\"og:site_name\" content=\"LE PUBLIC\" \/>\n<meta property=\"article:published_time\" content=\"2022-11-25T08:57:42+00:00\" \/>\n<meta property=\"article:modified_time\" content=\"2022-11-25T08:57:45+00:00\" \/>\n<meta property=\"og:image\" content=\"https:\/\/www.public.sn\/wp-content\/uploads\/2022\/11\/cap.jpeg\" \/>\n\t<meta property=\"og:image:width\" content=\"612\" \/>\n\t<meta property=\"og:image:height\" content=\"298\" \/>\n\t<meta property=\"og:image:type\" content=\"image\/jpeg\" \/>\n<meta name=\"author\" content=\"LA REDACTION\" \/>\n<meta name=\"twitter:card\" content=\"summary_large_image\" \/>\n<meta name=\"twitter:label1\" content=\"\u00c9crit par\" \/>\n\t<meta name=\"twitter:data1\" content=\"LA REDACTION\" \/>\n\t<meta name=\"twitter:label2\" content=\"Dur\u00e9e de lecture estim\u00e9e\" \/>\n\t<meta name=\"twitter:data2\" content=\"3 minutes\" \/>\n<script type=\"application\/ld+json\" class=\"yoast-schema-graph\">{\"@context\":\"https:\/\/schema.org\",\"@graph\":[{\"@type\":\"Article\",\"@id\":\"https:\/\/www.public.sn\/index.php\/2022\/11\/25\/liberation-de-pape-ale-niang-le-ministre-de-la-communication-en-phase-avec-la-cap\/#article\",\"isPartOf\":{\"@id\":\"https:\/\/www.public.sn\/index.php\/2022\/11\/25\/liberation-de-pape-ale-niang-le-ministre-de-la-communication-en-phase-avec-la-cap\/\"},\"author\":{\"name\":\"LA REDACTION\",\"@id\":\"https:\/\/www.public.sn\/#\/schema\/person\/cb76c8e1b8becc6be61fb5e92d6d0224\"},\"headline\":\"Lib\u00e9ration de Pape Al\u00e9 NIANG: Le ministre de la Communication en phase avec la CAP.\",\"datePublished\":\"2022-11-25T08:57:42+00:00\",\"dateModified\":\"2022-11-25T08:57:45+00:00\",\"mainEntityOfPage\":{\"@id\":\"https:\/\/www.public.sn\/index.php\/2022\/11\/25\/liberation-de-pape-ale-niang-le-ministre-de-la-communication-en-phase-avec-la-cap\/\"},\"wordCount\":488,\"commentCount\":0,\"publisher\":{\"@id\":\"https:\/\/www.public.sn\/#organization\"},\"image\":{\"@id\":\"https:\/\/www.public.sn\/index.php\/2022\/11\/25\/liberation-de-pape-ale-niang-le-ministre-de-la-communication-en-phase-avec-la-cap\/#primaryimage\"},\"thumbnailUrl\":\"https:\/\/www.public.sn\/wp-content\/uploads\/2022\/11\/cap.jpeg\",\"keywords\":[\"cap\",\"communiqu\u00e9\",\"pape al\u00e9\"],\"articleSection\":[\"ACTUALIT\u00c9S\",\"M\u00c9DIAS\",\"S\u00c9N\u00c9GAL\"],\"inLanguage\":\"fr-FR\",\"potentialAction\":[{\"@type\":\"CommentAction\",\"name\":\"Comment\",\"target\":[\"https:\/\/www.public.sn\/index.php\/2022\/11\/25\/liberation-de-pape-ale-niang-le-ministre-de-la-communication-en-phase-avec-la-cap\/#respond\"]}]},{\"@type\":\"WebPage\",\"@id\":\"https:\/\/www.public.sn\/index.php\/2022\/11\/25\/liberation-de-pape-ale-niang-le-ministre-de-la-communication-en-phase-avec-la-cap\/\",\"url\":\"https:\/\/www.public.sn\/index.php\/2022\/11\/25\/liberation-de-pape-ale-niang-le-ministre-de-la-communication-en-phase-avec-la-cap\/\",\"name\":\"Lib\u00e9ration de Pape Al\u00e9 NIANG: Le ministre de la Communication en phase avec la CAP. - LE PUBLIC\",\"isPartOf\":{\"@id\":\"https:\/\/www.public.sn\/#website\"},\"primaryImageOfPage\":{\"@id\":\"https:\/\/www.public.sn\/index.php\/2022\/11\/25\/liberation-de-pape-ale-niang-le-ministre-de-la-communication-en-phase-avec-la-cap\/#primaryimage\"},\"image\":{\"@id\":\"https:\/\/www.public.sn\/index.php\/2022\/11\/25\/liberation-de-pape-ale-niang-le-ministre-de-la-communication-en-phase-avec-la-cap\/#primaryimage\"},\"thumbnailUrl\":\"https:\/\/www.public.sn\/wp-content\/uploads\/2022\/11\/cap.jpeg\",\"datePublished\":\"2022-11-25T08:57:42+00:00\",\"dateModified\":\"2022-11-25T08:57:45+00:00\",\"breadcrumb\":{\"@id\":\"https:\/\/www.public.sn\/index.php\/2022\/11\/25\/liberation-de-pape-ale-niang-le-ministre-de-la-communication-en-phase-avec-la-cap\/#breadcrumb\"},\"inLanguage\":\"fr-FR\",\"potentialAction\":[{\"@type\":\"ReadAction\",\"target\":[\"https:\/\/www.public.sn\/index.php\/2022\/11\/25\/liberation-de-pape-ale-niang-le-ministre-de-la-communication-en-phase-avec-la-cap\/\"]}]},{\"@type\":\"ImageObject\",\"inLanguage\":\"fr-FR\",\"@id\":\"https:\/\/www.public.sn\/index.php\/2022\/11\/25\/liberation-de-pape-ale-niang-le-ministre-de-la-communication-en-phase-avec-la-cap\/#primaryimage\",\"url\":\"https:\/\/www.public.sn\/wp-content\/uploads\/2022\/11\/cap.jpeg\",\"contentUrl\":\"https:\/\/www.public.sn\/wp-content\/uploads\/2022\/11\/cap.jpeg\",\"width\":612,\"height\":298,\"caption\":\"communique de la cap\"},{\"@type\":\"BreadcrumbList\",\"@id\":\"https:\/\/www.public.sn\/index.php\/2022\/11\/25\/liberation-de-pape-ale-niang-le-ministre-de-la-communication-en-phase-avec-la-cap\/#breadcrumb\",\"itemListElement\":[{\"@type\":\"ListItem\",\"position\":1,\"name\":\"Accueil\",\"item\":\"https:\/\/www.public.sn\/\"},{\"@type\":\"ListItem\",\"position\":2,\"name\":\"Lib\u00e9ration de Pape Al\u00e9 NIANG: Le ministre de la Communication en phase avec la CAP.\"}]},{\"@type\":\"WebSite\",\"@id\":\"https:\/\/www.public.sn\/#website\",\"url\":\"https:\/\/www.public.sn\/\",\"name\":\"LE PUBLIC\",\"description\":\"\",\"publisher\":{\"@id\":\"https:\/\/www.public.sn\/#organization\"},\"potentialAction\":[{\"@type\":\"SearchAction\",\"target\":{\"@type\":\"EntryPoint\",\"urlTemplate\":\"https:\/\/www.public.sn\/?s={search_term_string}\"},\"query-input\":{\"@type\":\"PropertyValueSpecification\",\"valueRequired\":true,\"valueName\":\"search_term_string\"}}],\"inLanguage\":\"fr-FR\"},{\"@type\":\"Organization\",\"@id\":\"https:\/\/www.public.sn\/#organization\",\"name\":\"LE PUBLIC\",\"url\":\"https:\/\/www.public.sn\/\",\"logo\":{\"@type\":\"ImageObject\",\"inLanguage\":\"fr-FR\",\"@id\":\"https:\/\/www.public.sn\/#\/schema\/logo\/image\/\",\"url\":\"https:\/\/www.public.sn\/wp-content\/uploads\/2024\/05\/cropped-LOGO-PUBLIC.SN_.png\",\"contentUrl\":\"https:\/\/www.public.sn\/wp-content\/uploads\/2024\/05\/cropped-LOGO-PUBLIC.SN_.png\",\"width\":682,\"height\":192,\"caption\":\"LE PUBLIC\"},\"image\":{\"@id\":\"https:\/\/www.public.sn\/#\/schema\/logo\/image\/\"}},{\"@type\":\"Person\",\"@id\":\"https:\/\/www.public.sn\/#\/schema\/person\/cb76c8e1b8becc6be61fb5e92d6d0224\",\"name\":\"LA REDACTION\",\"image\":{\"@type\":\"ImageObject\",\"inLanguage\":\"fr-FR\",\"@id\":\"https:\/\/www.public.sn\/#\/schema\/person\/image\/\",\"url\":\"https:\/\/secure.gravatar.com\/avatar\/2dce5ddd34b8fef0180efe03aa2a9bee7d953856048f9a16b298190a3178407c?s=96&d=mm&r=g\",\"contentUrl\":\"https:\/\/secure.gravatar.com\/avatar\/2dce5ddd34b8fef0180efe03aa2a9bee7d953856048f9a16b298190a3178407c?s=96&d=mm&r=g\",\"caption\":\"LA REDACTION\"},\"url\":\"https:\/\/www.public.sn\/index.php\/author\/editeurpsn\/\"}]}<\/script>\n<!-- \/ Yoast SEO plugin. -->","yoast_head_json":{"title":"Lib\u00e9ration de Pape Al\u00e9 NIANG: Le ministre de la Communication en phase avec la CAP. - LE PUBLIC","robots":{"index":"index","follow":"follow","max-snippet":"max-snippet:-1","max-image-preview":"max-image-preview:large","max-video-preview":"max-video-preview:-1"},"canonical":"https:\/\/www.public.sn\/index.php\/2022\/11\/25\/liberation-de-pape-ale-niang-le-ministre-de-la-communication-en-phase-avec-la-cap\/","og_locale":"fr_FR","og_type":"article","og_title":"Lib\u00e9ration de Pape Al\u00e9 NIANG: Le ministre de la Communication en phase avec la CAP. - LE PUBLIC","og_description":"La Coordination des Associations de Presse (CAP) a \u00e9t\u00e9 re\u00e7ue en audience par le Ministre de la Communication, des T\u00e9l\u00e9communications et de l&rsquo;Economie num\u00e9rique, Moussa Bocar Thiam, en pr\u00e9sence de son Directeur de Cabinet, Madame Fatou Bintou Sall, et du Directeur de la Communication, Ousseynou Dieng. La rencontre s\u2019est deroul\u00e9e dans une bonne ambiance avec des \u00e9changes sur la situation des m\u00e9dias. Sur l\u2019affaire Pape Al\u00e9 NIANG, les responsables de la CAP ont convaincu la tutelle de l\u2019urgence de travailler ensemble pour la lib\u00e9ration du journaliste et directeur de publication de Dakarmatin.com. Cette affaire a frein\u00e9 tous les efforts d\u00e9ploy\u00e9s pour la tenue des Assises de la presse qui visent \u00e0 r\u00e9unir les conditions d\u2019une presse professionnelle, libre et responsable. \u00a0Ces Assises nationales du secteur des m\u00e9dias permettraient de trouver des solutions structurelles durables. Le ministre de la Communication a salu\u00e9 l\u2019initiative de l\u2019atelier de Toubab Dialaw qui avait r\u00e9uni les diff\u00e9rentes organisations de la CAP et des doyens de la profession. Les acteurs de la presse nationale ont insist\u00e9 sur les effets n\u00e9fastes de l\u2019arrestation de Pape Al\u00e9 NIANG sur l\u2019image de marque du S\u00e9n\u00e9gal depuis le dimanche 6 novembre 2022. En effet des organisations supranationales de d\u00e9fense et de protection de la libert\u00e9 de presse comme le Comit\u00e9 pour la Protection des Journalistes (CPJ), la F\u00e9d\u00e9ration Internationale des Journalistes (FIJ), Reporters Sans Fronti\u00e8res (RSF), Media Foundation West Africa (MFWA) sont en train d\u2019internationaliser le combat pour la libert\u00e9 de Pape Al\u00e9 Niang. Le S\u00e9n\u00e9gal qui avait perdu 24 places dans le dernier classement de RSF pourrait se retrouver dans une position d\u00e9gradante pour sa d\u00e9mocratie. La situation est d\u2019autant plus pr\u00e9occupante qu\u2019\u00e0 partir du 1er d\u00e9cembre, le S\u00e9n\u00e9gal sera, selon le Comit\u00e9 de Protection des Journalistes (CPJ), r\u00e9trograd\u00e9 au rang des pays o\u00f9 les journalistes sont malmen\u00e9s ou en danger. Par un hasard de calendrier, Reporters Sans Fronti\u00e8res tient sa prochaine r\u00e9union internationale \u00e0 Dakar, au cours de laquelle l&rsquo;image de pays de d\u00e9mocratie et de libert\u00e9 d&rsquo;opinion et de presse risque d\u2019\u00eatre remise en question. Le Ministre et la d\u00e9l\u00e9gation de la CAP ont, dans ce contexte, convenu qu&rsquo;il faut aller vers l&rsquo;apaisement et la d\u00e9crispation \u00e0 propos de cette affaire. Ausi, ont-ils d\u00e9cid\u00e9 de rencontrer les Ministre de la Justice et des Forces Arm\u00e9es. L&rsquo;objectif est de parvenir \u00e0 obtenir, dans un premier temps, une libert\u00e9 provisoire pour Pape Al\u00e9 Niang. La CAP salue la disponibilit\u00e9 du Ministre et son ouverture quant \u00e0 une d\u00e9crispation de cette tension qui expose le S\u00e9n\u00e9gal \u00e0la ris\u00e9e du monde. Fait \u00e0 Dakar, le 24 novembre 2022s","og_url":"https:\/\/www.public.sn\/index.php\/2022\/11\/25\/liberation-de-pape-ale-niang-le-ministre-de-la-communication-en-phase-avec-la-cap\/","og_site_name":"LE PUBLIC","article_published_time":"2022-11-25T08:57:42+00:00","article_modified_time":"2022-11-25T08:57:45+00:00","og_image":[{"width":612,"height":298,"url":"https:\/\/www.public.sn\/wp-content\/uploads\/2022\/11\/cap.jpeg","type":"image\/jpeg"}],"author":"LA REDACTION","twitter_card":"summary_large_image","twitter_misc":{"\u00c9crit par":"LA REDACTION","Dur\u00e9e de lecture estim\u00e9e":"3 minutes"},"schema":{"@context":"https:\/\/schema.org","@graph":[{"@type":"Article","@id":"https:\/\/www.public.sn\/index.php\/2022\/11\/25\/liberation-de-pape-ale-niang-le-ministre-de-la-communication-en-phase-avec-la-cap\/#article","isPartOf":{"@id":"https:\/\/www.public.sn\/index.php\/2022\/11\/25\/liberation-de-pape-ale-niang-le-ministre-de-la-communication-en-phase-avec-la-cap\/"},"author":{"name":"LA REDACTION","@id":"https:\/\/www.public.sn\/#\/schema\/person\/cb76c8e1b8becc6be61fb5e92d6d0224"},"headline":"Lib\u00e9ration de Pape Al\u00e9 NIANG: Le ministre de la Communication en phase avec la CAP.","datePublished":"2022-11-25T08:57:42+00:00","dateModified":"2022-11-25T08:57:45+00:00","mainEntityOfPage":{"@id":"https:\/\/www.public.sn\/index.php\/2022\/11\/25\/liberation-de-pape-ale-niang-le-ministre-de-la-communication-en-phase-avec-la-cap\/"},"wordCount":488,"commentCount":0,"publisher":{"@id":"https:\/\/www.public.sn\/#organization"},"image":{"@id":"https:\/\/www.public.sn\/index.php\/2022\/11\/25\/liberation-de-pape-ale-niang-le-ministre-de-la-communication-en-phase-avec-la-cap\/#primaryimage"},"thumbnailUrl":"https:\/\/www.public.sn\/wp-content\/uploads\/2022\/11\/cap.jpeg","keywords":["cap","communiqu\u00e9","pape al\u00e9"],"articleSection":["ACTUALIT\u00c9S","M\u00c9DIAS","S\u00c9N\u00c9GAL"],"inLanguage":"fr-FR","potentialAction":[{"@type":"CommentAction","name":"Comment","target":["https:\/\/www.public.sn\/index.php\/2022\/11\/25\/liberation-de-pape-ale-niang-le-ministre-de-la-communication-en-phase-avec-la-cap\/#respond"]}]},{"@type":"WebPage","@id":"https:\/\/www.public.sn\/index.php\/2022\/11\/25\/liberation-de-pape-ale-niang-le-ministre-de-la-communication-en-phase-avec-la-cap\/","url":"https:\/\/www.public.sn\/index.php\/2022\/11\/25\/liberation-de-pape-ale-niang-le-ministre-de-la-communication-en-phase-avec-la-cap\/","name":"Lib\u00e9ration de Pape Al\u00e9 NIANG: Le ministre de la Communication en phase avec la CAP. - LE PUBLIC","isPartOf":{"@id":"https:\/\/www.public.sn\/#website"},"primaryImageOfPage":{"@id":"https:\/\/www.public.sn\/index.php\/2022\/11\/25\/liberation-de-pape-ale-niang-le-ministre-de-la-communication-en-phase-avec-la-cap\/#primaryimage"},"image":{"@id":"https:\/\/www.public.sn\/index.php\/2022\/11\/25\/liberation-de-pape-ale-niang-le-ministre-de-la-communication-en-phase-avec-la-cap\/#primaryimage"},"thumbnailUrl":"https:\/\/www.public.sn\/wp-content\/uploads\/2022\/11\/cap.jpeg","datePublished":"2022-11-25T08:57:42+00:00","dateModified":"2022-11-25T08:57:45+00:00","breadcrumb":{"@id":"https:\/\/www.public.sn\/index.php\/2022\/11\/25\/liberation-de-pape-ale-niang-le-ministre-de-la-communication-en-phase-avec-la-cap\/#breadcrumb"},"inLanguage":"fr-FR","potentialAction":[{"@type":"ReadAction","target":["https:\/\/www.public.sn\/index.php\/2022\/11\/25\/liberation-de-pape-ale-niang-le-ministre-de-la-communication-en-phase-avec-la-cap\/"]}]},{"@type":"ImageObject","inLanguage":"fr-FR","@id":"https:\/\/www.public.sn\/index.php\/2022\/11\/25\/liberation-de-pape-ale-niang-le-ministre-de-la-communication-en-phase-avec-la-cap\/#primaryimage","url":"https:\/\/www.public.sn\/wp-content\/uploads\/2022\/11\/cap.jpeg","contentUrl":"https:\/\/www.public.sn\/wp-content\/uploads\/2022\/11\/cap.jpeg","width":612,"height":298,"caption":"communique de la cap"},{"@type":"BreadcrumbList","@id":"https:\/\/www.public.sn\/index.php\/2022\/11\/25\/liberation-de-pape-ale-niang-le-ministre-de-la-communication-en-phase-avec-la-cap\/#breadcrumb","itemListElement":[{"@type":"ListItem","position":1,"name":"Accueil","item":"https:\/\/www.public.sn\/"},{"@type":"ListItem","position":2,"name":"Lib\u00e9ration de Pape Al\u00e9 NIANG: Le ministre de la Communication en phase avec la CAP."}]},{"@type":"WebSite","@id":"https:\/\/www.public.sn\/#website","url":"https:\/\/www.public.sn\/","name":"LE PUBLIC","description":"","publisher":{"@id":"https:\/\/www.public.sn\/#organization"},"potentialAction":[{"@type":"SearchAction","target":{"@type":"EntryPoint","urlTemplate":"https:\/\/www.public.sn\/?s={search_term_string}"},"query-input":{"@type":"PropertyValueSpecification","valueRequired":true,"valueName":"search_term_string"}}],"inLanguage":"fr-FR"},{"@type":"Organization","@id":"https:\/\/www.public.sn\/#organization","name":"LE PUBLIC","url":"https:\/\/www.public.sn\/","logo":{"@type":"ImageObject","inLanguage":"fr-FR","@id":"https:\/\/www.public.sn\/#\/schema\/logo\/image\/","url":"https:\/\/www.public.sn\/wp-content\/uploads\/2024\/05\/cropped-LOGO-PUBLIC.SN_.png","contentUrl":"https:\/\/www.public.sn\/wp-content\/uploads\/2024\/05\/cropped-LOGO-PUBLIC.SN_.png","width":682,"height":192,"caption":"LE PUBLIC"},"image":{"@id":"https:\/\/www.public.sn\/#\/schema\/logo\/image\/"}},{"@type":"Person","@id":"https:\/\/www.public.sn\/#\/schema\/person\/cb76c8e1b8becc6be61fb5e92d6d0224","name":"LA REDACTION","image":{"@type":"ImageObject","inLanguage":"fr-FR","@id":"https:\/\/www.public.sn\/#\/schema\/person\/image\/","url":"https:\/\/secure.gravatar.com\/avatar\/2dce5ddd34b8fef0180efe03aa2a9bee7d953856048f9a16b298190a3178407c?s=96&d=mm&r=g","contentUrl":"https:\/\/secure.gravatar.com\/avatar\/2dce5ddd34b8fef0180efe03aa2a9bee7d953856048f9a16b298190a3178407c?s=96&d=mm&r=g","caption":"LA REDACTION"},"url":"https:\/\/www.public.sn\/index.php\/author\/editeurpsn\/"}]}},"jetpack_featured_media_url":"https:\/\/www.public.sn\/wp-content\/uploads\/2022\/11\/cap.jpeg","jetpack_sharing_enabled":true,"_links":{"self":[{"href":"https:\/\/www.public.sn\/index.php\/wp-json\/wp\/v2\/posts\/10033","targetHints":{"allow":["GET"]}}],"collection":[{"href":"https:\/\/www.public.sn\/index.php\/wp-json\/wp\/v2\/posts"}],"about":[{"href":"https:\/\/www.public.sn\/index.php\/wp-json\/wp\/v2\/types\/post"}],"author":[{"embeddable":true,"href":"https:\/\/www.public.sn\/index.php\/wp-json\/wp\/v2\/users\/7"}],"replies":[{"embeddable":true,"href":"https:\/\/www.public.sn\/index.php\/wp-json\/wp\/v2\/comments?post=10033"}],"version-history":[{"count":2,"href":"https:\/\/www.public.sn\/index.php\/wp-json\/wp\/v2\/posts\/10033\/revisions"}],"predecessor-version":[{"id":10036,"href":"https:\/\/www.public.sn\/index.php\/wp-json\/wp\/v2\/posts\/10033\/revisions\/10036"}],"wp:featuredmedia":[{"embeddable":true,"href":"https:\/\/www.public.sn\/index.php\/wp-json\/wp\/v2\/media\/10034"}],"wp:attachment":[{"href":"https:\/\/www.public.sn\/index.php\/wp-json\/wp\/v2\/media?parent=10033"}],"wp:term":[{"taxonomy":"category","embeddable":true,"href":"https:\/\/www.public.sn\/index.php\/wp-json\/wp\/v2\/categories?post=10033"},{"taxonomy":"post_tag","embeddable":true,"href":"https:\/\/www.public.sn\/index.php\/wp-json\/wp\/v2\/tags?post=10033"}],"curies":[{"name":"wp","href":"https:\/\/api.w.org\/{rel}","templated":true}]}}