{"id":10086,"date":"2022-11-25T16:17:06","date_gmt":"2022-11-25T16:17:06","guid":{"rendered":"https:\/\/www.public.sn\/?p=10086"},"modified":"2022-11-25T16:17:54","modified_gmt":"2022-11-25T16:17:54","slug":"la-cour-supreme-rejette-le-recours-du-capitaine-toure","status":"publish","type":"post","link":"https:\/\/www.public.sn\/index.php\/2022\/11\/25\/la-cour-supreme-rejette-le-recours-du-capitaine-toure\/","title":{"rendered":"\u00a0La cour supr\u00eame rejette le recours du Capitaine Tour\u00e9."},"content":{"rendered":"<p>La chambre administrative qui a examin\u00e9 la requ\u00eate introduite  par le Capitaine Seydina Oumar Tour\u00e9 contre l\u2019Etat du S\u00e9n\u00e9gal, a rejet\u00e9 le recours devant  lui permettre d\u2019int\u00e9grer de nouveau la gendarmerie suite \u00e0 sa radiation.<br \/>\nSelon le journal Lib\u00e9ration, la cour supr\u00eame qui est la plus haute juridiction a examin\u00e9 son recours ce 24novembre.<br \/>\nPour rappel, capitaine Tour\u00e9 a \u00e9t\u00e9 radi\u00e9 de sa fonction le 17juin 2021 pour \u00ab faute contre l\u2019honneur, la probit\u00e9  et les devoirs g\u00e9n\u00e9raux \u00bb dans le cadre du dossier Ousmane Sonko \u2013Adji Sarr.<\/p><div class=\"publi-paragraphe1\" style=\"margin-top: 10px;margin-bottom: 10px;margin-left: auto;margin-right: auto;text-align: center;\" id=\"publi-1981597688\"><div class=\"publi-adlabel\">Publicit\u00e9<\/div><script async src=\"\/\/pagead2.googlesyndication.com\/pagead\/js\/adsbygoogle.js?client=ca-pub-4089586018074219\" crossorigin=\"anonymous\"><\/script><ins class=\"adsbygoogle\" style=\"display:block;\" data-ad-client=\"ca-pub-4089586018074219\" \ndata-ad-slot=\"2087940154\" \ndata-ad-format=\"auto\"><\/ins>\n<script> \n(adsbygoogle = window.adsbygoogle || []).push({}); \n<\/script>\n<\/div>\n<p>Maimouna Niang.<\/p>\n<div class=\"publi-apres-le-contenu\" style=\"margin-top: 10px;margin-bottom: 10px;margin-left: auto;margin-right: auto;text-align: center;\" id=\"publi-2474543734\"><div class=\"publi-adlabel\">Publicit\u00e9<\/div><script async src=\"\/\/pagead2.googlesyndication.com\/pagead\/js\/adsbygoogle.js?client=ca-pub-4089586018074219\" crossorigin=\"anonymous\"><\/script><ins class=\"adsbygoogle\" style=\"display:block;\" data-ad-client=\"ca-pub-4089586018074219\" \ndata-ad-slot=\"2087940154\" \ndata-ad-format=\"auto\"><\/ins>\n<script> \n(adsbygoogle = window.adsbygoogle || []).push({}); \n<\/script>\n<\/div>","protected":false},"excerpt":{"rendered":"<p>La chambre administrative qui a examin\u00e9 la requ\u00eate introduite par le Capitaine Seydina Oumar Tour\u00e9 contre l\u2019Etat du S\u00e9n\u00e9gal, a rejet\u00e9 le recours devant lui permettre d\u2019int\u00e9grer de nouveau la gendarmerie suite \u00e0 sa radiation. Selon le journal Lib\u00e9ration, la cour supr\u00eame qui est la plus haute juridiction a examin\u00e9 son recours ce 24novembre. Pour rappel, capitaine Tour\u00e9 a \u00e9t\u00e9 radi\u00e9 de sa fonction le 17juin 2021 pour \u00ab faute contre l\u2019honneur, la probit\u00e9 et les devoirs g\u00e9n\u00e9raux \u00bb dans le cadre du dossier Ousmane Sonko \u2013Adji Sarr. Maimouna Niang.<\/p>\n","protected":false},"author":7,"featured_media":10100,"comment_status":"open","ping_status":"open","sticky":false,"template":"","format":"standard","meta":{"_jetpack_memberships_contains_paid_content":false,"footnotes":""},"categories":[375,1,4],"tags":[3366,2718,3367],"class_list":["post-10086","post","type-post","status-publish","format-standard","has-post-thumbnail","hentry","category-actualites","category-non-classe","category-societe","tag-capitaine-toure","tag-cour-supreme","tag-recours","entry","has-media","owp-thumbs-layout-horizontal","owp-btn-normal","owp-tabs-layout-horizontal","has-no-thumbnails","has-product-nav"],"yoast_head":"<!-- This site is optimized with the Yoast SEO plugin v25.5 - https:\/\/yoast.com\/wordpress\/plugins\/seo\/ -->\n<title>\u00a0La cour supr\u00eame rejette le recours du Capitaine Tour\u00e9. - LE PUBLIC<\/title>\n<meta name=\"robots\" content=\"index, follow, max-snippet:-1, max-image-preview:large, max-video-preview:-1\" \/>\n<link rel=\"canonical\" href=\"https:\/\/www.public.sn\/index.php\/2022\/11\/25\/la-cour-supreme-rejette-le-recours-du-capitaine-toure\/\" \/>\n<meta property=\"og:locale\" content=\"fr_FR\" \/>\n<meta property=\"og:type\" content=\"article\" \/>\n<meta property=\"og:title\" content=\"\u00a0La cour supr\u00eame rejette le recours du Capitaine Tour\u00e9. - LE PUBLIC\" \/>\n<meta property=\"og:description\" content=\"La chambre administrative qui a examin\u00e9 la requ\u00eate introduite par le Capitaine Seydina Oumar Tour\u00e9 contre l\u2019Etat du S\u00e9n\u00e9gal, a rejet\u00e9 le recours devant lui permettre d\u2019int\u00e9grer de nouveau la gendarmerie suite \u00e0 sa radiation. Selon le journal Lib\u00e9ration, la cour supr\u00eame qui est la plus haute juridiction a examin\u00e9 son recours ce 24novembre. Pour rappel, capitaine Tour\u00e9 a \u00e9t\u00e9 radi\u00e9 de sa fonction le 17juin 2021 pour \u00ab faute contre l\u2019honneur, la probit\u00e9 et les devoirs g\u00e9n\u00e9raux \u00bb dans le cadre du dossier Ousmane Sonko \u2013Adji Sarr. Maimouna Niang.\" \/>\n<meta property=\"og:url\" content=\"https:\/\/www.public.sn\/index.php\/2022\/11\/25\/la-cour-supreme-rejette-le-recours-du-capitaine-toure\/\" \/>\n<meta property=\"og:site_name\" content=\"LE PUBLIC\" \/>\n<meta property=\"article:published_time\" content=\"2022-11-25T16:17:06+00:00\" \/>\n<meta property=\"article:modified_time\" content=\"2022-11-25T16:17:54+00:00\" \/>\n<meta property=\"og:image\" content=\"https:\/\/www.public.sn\/wp-content\/uploads\/2022\/11\/capitaine.jpg\" \/>\n\t<meta property=\"og:image:width\" content=\"843\" \/>\n\t<meta property=\"og:image:height\" content=\"803\" \/>\n\t<meta property=\"og:image:type\" content=\"image\/jpeg\" \/>\n<meta name=\"author\" content=\"LA REDACTION\" \/>\n<meta name=\"twitter:card\" content=\"summary_large_image\" \/>\n<meta name=\"twitter:label1\" content=\"\u00c9crit par\" \/>\n\t<meta name=\"twitter:data1\" content=\"LA REDACTION\" \/>\n\t<meta name=\"twitter:label2\" content=\"Dur\u00e9e de lecture estim\u00e9e\" \/>\n\t<meta name=\"twitter:data2\" content=\"1 minute\" \/>\n<script type=\"application\/ld+json\" class=\"yoast-schema-graph\">{\"@context\":\"https:\/\/schema.org\",\"@graph\":[{\"@type\":\"Article\",\"@id\":\"https:\/\/www.public.sn\/index.php\/2022\/11\/25\/la-cour-supreme-rejette-le-recours-du-capitaine-toure\/#article\",\"isPartOf\":{\"@id\":\"https:\/\/www.public.sn\/index.php\/2022\/11\/25\/la-cour-supreme-rejette-le-recours-du-capitaine-toure\/\"},\"author\":{\"name\":\"LA REDACTION\",\"@id\":\"https:\/\/www.public.sn\/#\/schema\/person\/cb76c8e1b8becc6be61fb5e92d6d0224\"},\"headline\":\"\u00a0La cour supr\u00eame rejette le recours du Capitaine Tour\u00e9.\",\"datePublished\":\"2022-11-25T16:17:06+00:00\",\"dateModified\":\"2022-11-25T16:17:54+00:00\",\"mainEntityOfPage\":{\"@id\":\"https:\/\/www.public.sn\/index.php\/2022\/11\/25\/la-cour-supreme-rejette-le-recours-du-capitaine-toure\/\"},\"wordCount\":107,\"commentCount\":0,\"publisher\":{\"@id\":\"https:\/\/www.public.sn\/#organization\"},\"image\":{\"@id\":\"https:\/\/www.public.sn\/index.php\/2022\/11\/25\/la-cour-supreme-rejette-le-recours-du-capitaine-toure\/#primaryimage\"},\"thumbnailUrl\":\"https:\/\/www.public.sn\/wp-content\/uploads\/2022\/11\/capitaine.jpg\",\"keywords\":[\"Capitaine Tour\u00e9\",\"cour supreme\",\"recours\"],\"articleSection\":[\"ACTUALIT\u00c9S\",\"S\u00c9N\u00c9GAL\",\"SOCIETE\"],\"inLanguage\":\"fr-FR\",\"potentialAction\":[{\"@type\":\"CommentAction\",\"name\":\"Comment\",\"target\":[\"https:\/\/www.public.sn\/index.php\/2022\/11\/25\/la-cour-supreme-rejette-le-recours-du-capitaine-toure\/#respond\"]}]},{\"@type\":\"WebPage\",\"@id\":\"https:\/\/www.public.sn\/index.php\/2022\/11\/25\/la-cour-supreme-rejette-le-recours-du-capitaine-toure\/\",\"url\":\"https:\/\/www.public.sn\/index.php\/2022\/11\/25\/la-cour-supreme-rejette-le-recours-du-capitaine-toure\/\",\"name\":\"\u00a0La cour supr\u00eame rejette le recours du Capitaine Tour\u00e9. - LE PUBLIC\",\"isPartOf\":{\"@id\":\"https:\/\/www.public.sn\/#website\"},\"primaryImageOfPage\":{\"@id\":\"https:\/\/www.public.sn\/index.php\/2022\/11\/25\/la-cour-supreme-rejette-le-recours-du-capitaine-toure\/#primaryimage\"},\"image\":{\"@id\":\"https:\/\/www.public.sn\/index.php\/2022\/11\/25\/la-cour-supreme-rejette-le-recours-du-capitaine-toure\/#primaryimage\"},\"thumbnailUrl\":\"https:\/\/www.public.sn\/wp-content\/uploads\/2022\/11\/capitaine.jpg\",\"datePublished\":\"2022-11-25T16:17:06+00:00\",\"dateModified\":\"2022-11-25T16:17:54+00:00\",\"breadcrumb\":{\"@id\":\"https:\/\/www.public.sn\/index.php\/2022\/11\/25\/la-cour-supreme-rejette-le-recours-du-capitaine-toure\/#breadcrumb\"},\"inLanguage\":\"fr-FR\",\"potentialAction\":[{\"@type\":\"ReadAction\",\"target\":[\"https:\/\/www.public.sn\/index.php\/2022\/11\/25\/la-cour-supreme-rejette-le-recours-du-capitaine-toure\/\"]}]},{\"@type\":\"ImageObject\",\"inLanguage\":\"fr-FR\",\"@id\":\"https:\/\/www.public.sn\/index.php\/2022\/11\/25\/la-cour-supreme-rejette-le-recours-du-capitaine-toure\/#primaryimage\",\"url\":\"https:\/\/www.public.sn\/wp-content\/uploads\/2022\/11\/capitaine.jpg\",\"contentUrl\":\"https:\/\/www.public.sn\/wp-content\/uploads\/2022\/11\/capitaine.jpg\",\"width\":843,\"height\":803,\"caption\":\"publicsn\"},{\"@type\":\"BreadcrumbList\",\"@id\":\"https:\/\/www.public.sn\/index.php\/2022\/11\/25\/la-cour-supreme-rejette-le-recours-du-capitaine-toure\/#breadcrumb\",\"itemListElement\":[{\"@type\":\"ListItem\",\"position\":1,\"name\":\"Accueil\",\"item\":\"https:\/\/www.public.sn\/\"},{\"@type\":\"ListItem\",\"position\":2,\"name\":\"\u00a0La cour supr\u00eame rejette le recours du Capitaine Tour\u00e9.\"}]},{\"@type\":\"WebSite\",\"@id\":\"https:\/\/www.public.sn\/#website\",\"url\":\"https:\/\/www.public.sn\/\",\"name\":\"LE PUBLIC\",\"description\":\"\",\"publisher\":{\"@id\":\"https:\/\/www.public.sn\/#organization\"},\"potentialAction\":[{\"@type\":\"SearchAction\",\"target\":{\"@type\":\"EntryPoint\",\"urlTemplate\":\"https:\/\/www.public.sn\/?s={search_term_string}\"},\"query-input\":{\"@type\":\"PropertyValueSpecification\",\"valueRequired\":true,\"valueName\":\"search_term_string\"}}],\"inLanguage\":\"fr-FR\"},{\"@type\":\"Organization\",\"@id\":\"https:\/\/www.public.sn\/#organization\",\"name\":\"LE PUBLIC\",\"url\":\"https:\/\/www.public.sn\/\",\"logo\":{\"@type\":\"ImageObject\",\"inLanguage\":\"fr-FR\",\"@id\":\"https:\/\/www.public.sn\/#\/schema\/logo\/image\/\",\"url\":\"https:\/\/www.public.sn\/wp-content\/uploads\/2024\/05\/cropped-LOGO-PUBLIC.SN_.png\",\"contentUrl\":\"https:\/\/www.public.sn\/wp-content\/uploads\/2024\/05\/cropped-LOGO-PUBLIC.SN_.png\",\"width\":682,\"height\":192,\"caption\":\"LE PUBLIC\"},\"image\":{\"@id\":\"https:\/\/www.public.sn\/#\/schema\/logo\/image\/\"}},{\"@type\":\"Person\",\"@id\":\"https:\/\/www.public.sn\/#\/schema\/person\/cb76c8e1b8becc6be61fb5e92d6d0224\",\"name\":\"LA REDACTION\",\"image\":{\"@type\":\"ImageObject\",\"inLanguage\":\"fr-FR\",\"@id\":\"https:\/\/www.public.sn\/#\/schema\/person\/image\/\",\"url\":\"https:\/\/secure.gravatar.com\/avatar\/2dce5ddd34b8fef0180efe03aa2a9bee7d953856048f9a16b298190a3178407c?s=96&d=mm&r=g\",\"contentUrl\":\"https:\/\/secure.gravatar.com\/avatar\/2dce5ddd34b8fef0180efe03aa2a9bee7d953856048f9a16b298190a3178407c?s=96&d=mm&r=g\",\"caption\":\"LA REDACTION\"},\"url\":\"https:\/\/www.public.sn\/index.php\/author\/editeurpsn\/\"}]}<\/script>\n<!-- \/ Yoast SEO plugin. -->","yoast_head_json":{"title":"\u00a0La cour supr\u00eame rejette le recours du Capitaine Tour\u00e9. - LE PUBLIC","robots":{"index":"index","follow":"follow","max-snippet":"max-snippet:-1","max-image-preview":"max-image-preview:large","max-video-preview":"max-video-preview:-1"},"canonical":"https:\/\/www.public.sn\/index.php\/2022\/11\/25\/la-cour-supreme-rejette-le-recours-du-capitaine-toure\/","og_locale":"fr_FR","og_type":"article","og_title":"\u00a0La cour supr\u00eame rejette le recours du Capitaine Tour\u00e9. - LE PUBLIC","og_description":"La chambre administrative qui a examin\u00e9 la requ\u00eate introduite par le Capitaine Seydina Oumar Tour\u00e9 contre l\u2019Etat du S\u00e9n\u00e9gal, a rejet\u00e9 le recours devant lui permettre d\u2019int\u00e9grer de nouveau la gendarmerie suite \u00e0 sa radiation. Selon le journal Lib\u00e9ration, la cour supr\u00eame qui est la plus haute juridiction a examin\u00e9 son recours ce 24novembre. Pour rappel, capitaine Tour\u00e9 a \u00e9t\u00e9 radi\u00e9 de sa fonction le 17juin 2021 pour \u00ab faute contre l\u2019honneur, la probit\u00e9 et les devoirs g\u00e9n\u00e9raux \u00bb dans le cadre du dossier Ousmane Sonko \u2013Adji Sarr. Maimouna Niang.","og_url":"https:\/\/www.public.sn\/index.php\/2022\/11\/25\/la-cour-supreme-rejette-le-recours-du-capitaine-toure\/","og_site_name":"LE PUBLIC","article_published_time":"2022-11-25T16:17:06+00:00","article_modified_time":"2022-11-25T16:17:54+00:00","og_image":[{"width":843,"height":803,"url":"https:\/\/www.public.sn\/wp-content\/uploads\/2022\/11\/capitaine.jpg","type":"image\/jpeg"}],"author":"LA REDACTION","twitter_card":"summary_large_image","twitter_misc":{"\u00c9crit par":"LA REDACTION","Dur\u00e9e de lecture estim\u00e9e":"1 minute"},"schema":{"@context":"https:\/\/schema.org","@graph":[{"@type":"Article","@id":"https:\/\/www.public.sn\/index.php\/2022\/11\/25\/la-cour-supreme-rejette-le-recours-du-capitaine-toure\/#article","isPartOf":{"@id":"https:\/\/www.public.sn\/index.php\/2022\/11\/25\/la-cour-supreme-rejette-le-recours-du-capitaine-toure\/"},"author":{"name":"LA REDACTION","@id":"https:\/\/www.public.sn\/#\/schema\/person\/cb76c8e1b8becc6be61fb5e92d6d0224"},"headline":"\u00a0La cour supr\u00eame rejette le recours du Capitaine Tour\u00e9.","datePublished":"2022-11-25T16:17:06+00:00","dateModified":"2022-11-25T16:17:54+00:00","mainEntityOfPage":{"@id":"https:\/\/www.public.sn\/index.php\/2022\/11\/25\/la-cour-supreme-rejette-le-recours-du-capitaine-toure\/"},"wordCount":107,"commentCount":0,"publisher":{"@id":"https:\/\/www.public.sn\/#organization"},"image":{"@id":"https:\/\/www.public.sn\/index.php\/2022\/11\/25\/la-cour-supreme-rejette-le-recours-du-capitaine-toure\/#primaryimage"},"thumbnailUrl":"https:\/\/www.public.sn\/wp-content\/uploads\/2022\/11\/capitaine.jpg","keywords":["Capitaine Tour\u00e9","cour supreme","recours"],"articleSection":["ACTUALIT\u00c9S","S\u00c9N\u00c9GAL","SOCIETE"],"inLanguage":"fr-FR","potentialAction":[{"@type":"CommentAction","name":"Comment","target":["https:\/\/www.public.sn\/index.php\/2022\/11\/25\/la-cour-supreme-rejette-le-recours-du-capitaine-toure\/#respond"]}]},{"@type":"WebPage","@id":"https:\/\/www.public.sn\/index.php\/2022\/11\/25\/la-cour-supreme-rejette-le-recours-du-capitaine-toure\/","url":"https:\/\/www.public.sn\/index.php\/2022\/11\/25\/la-cour-supreme-rejette-le-recours-du-capitaine-toure\/","name":"\u00a0La cour supr\u00eame rejette le recours du Capitaine Tour\u00e9. - LE PUBLIC","isPartOf":{"@id":"https:\/\/www.public.sn\/#website"},"primaryImageOfPage":{"@id":"https:\/\/www.public.sn\/index.php\/2022\/11\/25\/la-cour-supreme-rejette-le-recours-du-capitaine-toure\/#primaryimage"},"image":{"@id":"https:\/\/www.public.sn\/index.php\/2022\/11\/25\/la-cour-supreme-rejette-le-recours-du-capitaine-toure\/#primaryimage"},"thumbnailUrl":"https:\/\/www.public.sn\/wp-content\/uploads\/2022\/11\/capitaine.jpg","datePublished":"2022-11-25T16:17:06+00:00","dateModified":"2022-11-25T16:17:54+00:00","breadcrumb":{"@id":"https:\/\/www.public.sn\/index.php\/2022\/11\/25\/la-cour-supreme-rejette-le-recours-du-capitaine-toure\/#breadcrumb"},"inLanguage":"fr-FR","potentialAction":[{"@type":"ReadAction","target":["https:\/\/www.public.sn\/index.php\/2022\/11\/25\/la-cour-supreme-rejette-le-recours-du-capitaine-toure\/"]}]},{"@type":"ImageObject","inLanguage":"fr-FR","@id":"https:\/\/www.public.sn\/index.php\/2022\/11\/25\/la-cour-supreme-rejette-le-recours-du-capitaine-toure\/#primaryimage","url":"https:\/\/www.public.sn\/wp-content\/uploads\/2022\/11\/capitaine.jpg","contentUrl":"https:\/\/www.public.sn\/wp-content\/uploads\/2022\/11\/capitaine.jpg","width":843,"height":803,"caption":"publicsn"},{"@type":"BreadcrumbList","@id":"https:\/\/www.public.sn\/index.php\/2022\/11\/25\/la-cour-supreme-rejette-le-recours-du-capitaine-toure\/#breadcrumb","itemListElement":[{"@type":"ListItem","position":1,"name":"Accueil","item":"https:\/\/www.public.sn\/"},{"@type":"ListItem","position":2,"name":"\u00a0La cour supr\u00eame rejette le recours du Capitaine Tour\u00e9."}]},{"@type":"WebSite","@id":"https:\/\/www.public.sn\/#website","url":"https:\/\/www.public.sn\/","name":"LE PUBLIC","description":"","publisher":{"@id":"https:\/\/www.public.sn\/#organization"},"potentialAction":[{"@type":"SearchAction","target":{"@type":"EntryPoint","urlTemplate":"https:\/\/www.public.sn\/?s={search_term_string}"},"query-input":{"@type":"PropertyValueSpecification","valueRequired":true,"valueName":"search_term_string"}}],"inLanguage":"fr-FR"},{"@type":"Organization","@id":"https:\/\/www.public.sn\/#organization","name":"LE PUBLIC","url":"https:\/\/www.public.sn\/","logo":{"@type":"ImageObject","inLanguage":"fr-FR","@id":"https:\/\/www.public.sn\/#\/schema\/logo\/image\/","url":"https:\/\/www.public.sn\/wp-content\/uploads\/2024\/05\/cropped-LOGO-PUBLIC.SN_.png","contentUrl":"https:\/\/www.public.sn\/wp-content\/uploads\/2024\/05\/cropped-LOGO-PUBLIC.SN_.png","width":682,"height":192,"caption":"LE PUBLIC"},"image":{"@id":"https:\/\/www.public.sn\/#\/schema\/logo\/image\/"}},{"@type":"Person","@id":"https:\/\/www.public.sn\/#\/schema\/person\/cb76c8e1b8becc6be61fb5e92d6d0224","name":"LA REDACTION","image":{"@type":"ImageObject","inLanguage":"fr-FR","@id":"https:\/\/www.public.sn\/#\/schema\/person\/image\/","url":"https:\/\/secure.gravatar.com\/avatar\/2dce5ddd34b8fef0180efe03aa2a9bee7d953856048f9a16b298190a3178407c?s=96&d=mm&r=g","contentUrl":"https:\/\/secure.gravatar.com\/avatar\/2dce5ddd34b8fef0180efe03aa2a9bee7d953856048f9a16b298190a3178407c?s=96&d=mm&r=g","caption":"LA REDACTION"},"url":"https:\/\/www.public.sn\/index.php\/author\/editeurpsn\/"}]}},"jetpack_featured_media_url":"https:\/\/www.public.sn\/wp-content\/uploads\/2022\/11\/capitaine.jpg","jetpack_sharing_enabled":true,"_links":{"self":[{"href":"https:\/\/www.public.sn\/index.php\/wp-json\/wp\/v2\/posts\/10086","targetHints":{"allow":["GET"]}}],"collection":[{"href":"https:\/\/www.public.sn\/index.php\/wp-json\/wp\/v2\/posts"}],"about":[{"href":"https:\/\/www.public.sn\/index.php\/wp-json\/wp\/v2\/types\/post"}],"author":[{"embeddable":true,"href":"https:\/\/www.public.sn\/index.php\/wp-json\/wp\/v2\/users\/7"}],"replies":[{"embeddable":true,"href":"https:\/\/www.public.sn\/index.php\/wp-json\/wp\/v2\/comments?post=10086"}],"version-history":[{"count":2,"href":"https:\/\/www.public.sn\/index.php\/wp-json\/wp\/v2\/posts\/10086\/revisions"}],"predecessor-version":[{"id":10102,"href":"https:\/\/www.public.sn\/index.php\/wp-json\/wp\/v2\/posts\/10086\/revisions\/10102"}],"wp:featuredmedia":[{"embeddable":true,"href":"https:\/\/www.public.sn\/index.php\/wp-json\/wp\/v2\/media\/10100"}],"wp:attachment":[{"href":"https:\/\/www.public.sn\/index.php\/wp-json\/wp\/v2\/media?parent=10086"}],"wp:term":[{"taxonomy":"category","embeddable":true,"href":"https:\/\/www.public.sn\/index.php\/wp-json\/wp\/v2\/categories?post=10086"},{"taxonomy":"post_tag","embeddable":true,"href":"https:\/\/www.public.sn\/index.php\/wp-json\/wp\/v2\/tags?post=10086"}],"curies":[{"name":"wp","href":"https:\/\/api.w.org\/{rel}","templated":true}]}}