{"id":10094,"date":"2022-11-25T15:35:32","date_gmt":"2022-11-25T15:35:32","guid":{"rendered":"https:\/\/www.public.sn\/?p=10094"},"modified":"2022-11-25T15:35:34","modified_gmt":"2022-11-25T15:35:34","slug":"blessure-de-neymar-plus-de-peur-que-de-mal","status":"publish","type":"post","link":"https:\/\/www.public.sn\/index.php\/2022\/11\/25\/blessure-de-neymar-plus-de-peur-que-de-mal\/","title":{"rendered":"Blessure de Neymar\u00a0: Plus de peur que de mal."},"content":{"rendered":"\n<p><\/p>\n\n\n\n<p><strong>Sorti sur blessure lors du match contre la Serbie, Neymar \u00a0pourrait retrouver plut\u00f4t que pr\u00e9vu la Sele\u00e7ao. Sa dur\u00e9e d\u2019indisponibilit\u00e9 a \u00e9t\u00e9 d\u00e9termin\u00e9e.<\/strong><\/p><div class=\"publi-paragraphe1\" style=\"margin-top: 10px;margin-bottom: 10px;margin-left: auto;margin-right: auto;text-align: center;\" id=\"publi-3604710864\"><div class=\"publi-adlabel\">Publicit\u00e9<\/div><script async src=\"\/\/pagead2.googlesyndication.com\/pagead\/js\/adsbygoogle.js?client=ca-pub-4089586018074219\" crossorigin=\"anonymous\"><\/script><ins class=\"adsbygoogle\" style=\"display:block;\" data-ad-client=\"ca-pub-4089586018074219\" \ndata-ad-slot=\"2087940154\" \ndata-ad-format=\"auto\"><\/ins>\n<script> \n(adsbygoogle = window.adsbygoogle || []).push({}); \n<\/script>\n<\/div>\n\n\n\n<p><\/p>\n\n\n\n<p>La star de l\u2019\u00e9quipe br\u00e9silienne pourrait revenir plut\u00f4t que pr\u00e9vu. Sa blessure \u00e0 la cheville va l\u2019\u00e9loigner du match contre la Suisse ce Lundi 28 Novembre. Le journal espagnol Marca son examen pass\u00e9 ce Vendredi est plus que rassurant. Neymar peut \u00eatre op\u00e9rationnel m\u00eame si besoin lors du troisi\u00e8me match de poule contre le Cameroun.<\/p>\n\n\n\n<p>Samba SY.<\/p>\n<div class=\"publi-apres-le-contenu\" style=\"margin-top: 10px;margin-bottom: 10px;margin-left: auto;margin-right: auto;text-align: center;\" id=\"publi-449885053\"><div class=\"publi-adlabel\">Publicit\u00e9<\/div><script async src=\"\/\/pagead2.googlesyndication.com\/pagead\/js\/adsbygoogle.js?client=ca-pub-4089586018074219\" crossorigin=\"anonymous\"><\/script><ins class=\"adsbygoogle\" style=\"display:block;\" data-ad-client=\"ca-pub-4089586018074219\" \ndata-ad-slot=\"2087940154\" \ndata-ad-format=\"auto\"><\/ins>\n<script> \n(adsbygoogle = window.adsbygoogle || []).push({}); \n<\/script>\n<\/div>","protected":false},"excerpt":{"rendered":"<p>Sorti sur blessure lors du match contre la Serbie, Neymar \u00a0pourrait retrouver plut\u00f4t que pr\u00e9vu la Sele\u00e7ao. Sa dur\u00e9e d\u2019indisponibilit\u00e9 a \u00e9t\u00e9 d\u00e9termin\u00e9e. La star de l\u2019\u00e9quipe br\u00e9silienne pourrait revenir plut\u00f4t que pr\u00e9vu. Sa blessure \u00e0 la cheville va l\u2019\u00e9loigner du match contre la Suisse ce Lundi 28 Novembre. Le journal espagnol Marca son examen pass\u00e9 ce Vendredi est plus que rassurant. Neymar peut \u00eatre op\u00e9rationnel m\u00eame si besoin lors du troisi\u00e8me match de poule contre le Cameroun. Samba SY.<\/p>\n","protected":false},"author":7,"featured_media":10095,"comment_status":"open","ping_status":"open","sticky":false,"template":"","format":"standard","meta":{"_jetpack_memberships_contains_paid_content":false,"footnotes":""},"categories":[375,550,7],"tags":[3364,624,1419],"class_list":["post-10094","post","type-post","status-publish","format-standard","has-post-thumbnail","hentry","category-actualites","category-afrique-monde","category-sport","tag-blessure-neymar","tag-indisponibilite","tag-qatar","entry","has-media","owp-thumbs-layout-horizontal","owp-btn-normal","owp-tabs-layout-horizontal","has-no-thumbnails","has-product-nav"],"yoast_head":"<!-- This site is optimized with the Yoast SEO plugin v25.5 - https:\/\/yoast.com\/wordpress\/plugins\/seo\/ -->\n<title>Blessure de Neymar\u00a0: Plus de peur que de mal. - LE PUBLIC<\/title>\n<meta name=\"robots\" content=\"index, follow, max-snippet:-1, max-image-preview:large, max-video-preview:-1\" \/>\n<link rel=\"canonical\" href=\"https:\/\/www.public.sn\/index.php\/2022\/11\/25\/blessure-de-neymar-plus-de-peur-que-de-mal\/\" \/>\n<meta property=\"og:locale\" content=\"fr_FR\" \/>\n<meta property=\"og:type\" content=\"article\" \/>\n<meta property=\"og:title\" content=\"Blessure de Neymar\u00a0: Plus de peur que de mal. - LE PUBLIC\" \/>\n<meta property=\"og:description\" content=\"Sorti sur blessure lors du match contre la Serbie, Neymar \u00a0pourrait retrouver plut\u00f4t que pr\u00e9vu la Sele\u00e7ao. Sa dur\u00e9e d\u2019indisponibilit\u00e9 a \u00e9t\u00e9 d\u00e9termin\u00e9e. La star de l\u2019\u00e9quipe br\u00e9silienne pourrait revenir plut\u00f4t que pr\u00e9vu. Sa blessure \u00e0 la cheville va l\u2019\u00e9loigner du match contre la Suisse ce Lundi 28 Novembre. Le journal espagnol Marca son examen pass\u00e9 ce Vendredi est plus que rassurant. Neymar peut \u00eatre op\u00e9rationnel m\u00eame si besoin lors du troisi\u00e8me match de poule contre le Cameroun. Samba SY.\" \/>\n<meta property=\"og:url\" content=\"https:\/\/www.public.sn\/index.php\/2022\/11\/25\/blessure-de-neymar-plus-de-peur-que-de-mal\/\" \/>\n<meta property=\"og:site_name\" content=\"LE PUBLIC\" \/>\n<meta property=\"article:published_time\" content=\"2022-11-25T15:35:32+00:00\" \/>\n<meta property=\"article:modified_time\" content=\"2022-11-25T15:35:34+00:00\" \/>\n<meta property=\"og:image\" content=\"https:\/\/www.public.sn\/wp-content\/uploads\/2022\/11\/neymar-1.jpg\" \/>\n\t<meta property=\"og:image:width\" content=\"612\" \/>\n\t<meta property=\"og:image:height\" content=\"298\" \/>\n\t<meta property=\"og:image:type\" content=\"image\/jpeg\" \/>\n<meta name=\"author\" content=\"LA REDACTION\" \/>\n<meta name=\"twitter:card\" content=\"summary_large_image\" \/>\n<meta name=\"twitter:label1\" content=\"\u00c9crit par\" \/>\n\t<meta name=\"twitter:data1\" content=\"LA REDACTION\" \/>\n\t<meta name=\"twitter:label2\" content=\"Dur\u00e9e de lecture estim\u00e9e\" \/>\n\t<meta name=\"twitter:data2\" content=\"1 minute\" \/>\n<script type=\"application\/ld+json\" class=\"yoast-schema-graph\">{\"@context\":\"https:\/\/schema.org\",\"@graph\":[{\"@type\":\"Article\",\"@id\":\"https:\/\/www.public.sn\/index.php\/2022\/11\/25\/blessure-de-neymar-plus-de-peur-que-de-mal\/#article\",\"isPartOf\":{\"@id\":\"https:\/\/www.public.sn\/index.php\/2022\/11\/25\/blessure-de-neymar-plus-de-peur-que-de-mal\/\"},\"author\":{\"name\":\"LA REDACTION\",\"@id\":\"https:\/\/www.public.sn\/#\/schema\/person\/cb76c8e1b8becc6be61fb5e92d6d0224\"},\"headline\":\"Blessure de Neymar\u00a0: Plus de peur que de mal.\",\"datePublished\":\"2022-11-25T15:35:32+00:00\",\"dateModified\":\"2022-11-25T15:35:34+00:00\",\"mainEntityOfPage\":{\"@id\":\"https:\/\/www.public.sn\/index.php\/2022\/11\/25\/blessure-de-neymar-plus-de-peur-que-de-mal\/\"},\"wordCount\":102,\"commentCount\":0,\"publisher\":{\"@id\":\"https:\/\/www.public.sn\/#organization\"},\"image\":{\"@id\":\"https:\/\/www.public.sn\/index.php\/2022\/11\/25\/blessure-de-neymar-plus-de-peur-que-de-mal\/#primaryimage\"},\"thumbnailUrl\":\"https:\/\/www.public.sn\/wp-content\/uploads\/2022\/11\/neymar-1.jpg\",\"keywords\":[\"blessure neymar\",\"Indisponibilit\u00e9\",\"qatar\"],\"articleSection\":[\"ACTUALIT\u00c9S\",\"AFRIQUE &amp; MONDE\",\"SPORTS\"],\"inLanguage\":\"fr-FR\",\"potentialAction\":[{\"@type\":\"CommentAction\",\"name\":\"Comment\",\"target\":[\"https:\/\/www.public.sn\/index.php\/2022\/11\/25\/blessure-de-neymar-plus-de-peur-que-de-mal\/#respond\"]}]},{\"@type\":\"WebPage\",\"@id\":\"https:\/\/www.public.sn\/index.php\/2022\/11\/25\/blessure-de-neymar-plus-de-peur-que-de-mal\/\",\"url\":\"https:\/\/www.public.sn\/index.php\/2022\/11\/25\/blessure-de-neymar-plus-de-peur-que-de-mal\/\",\"name\":\"Blessure de Neymar\u00a0: Plus de peur que de mal. - LE PUBLIC\",\"isPartOf\":{\"@id\":\"https:\/\/www.public.sn\/#website\"},\"primaryImageOfPage\":{\"@id\":\"https:\/\/www.public.sn\/index.php\/2022\/11\/25\/blessure-de-neymar-plus-de-peur-que-de-mal\/#primaryimage\"},\"image\":{\"@id\":\"https:\/\/www.public.sn\/index.php\/2022\/11\/25\/blessure-de-neymar-plus-de-peur-que-de-mal\/#primaryimage\"},\"thumbnailUrl\":\"https:\/\/www.public.sn\/wp-content\/uploads\/2022\/11\/neymar-1.jpg\",\"datePublished\":\"2022-11-25T15:35:32+00:00\",\"dateModified\":\"2022-11-25T15:35:34+00:00\",\"breadcrumb\":{\"@id\":\"https:\/\/www.public.sn\/index.php\/2022\/11\/25\/blessure-de-neymar-plus-de-peur-que-de-mal\/#breadcrumb\"},\"inLanguage\":\"fr-FR\",\"potentialAction\":[{\"@type\":\"ReadAction\",\"target\":[\"https:\/\/www.public.sn\/index.php\/2022\/11\/25\/blessure-de-neymar-plus-de-peur-que-de-mal\/\"]}]},{\"@type\":\"ImageObject\",\"inLanguage\":\"fr-FR\",\"@id\":\"https:\/\/www.public.sn\/index.php\/2022\/11\/25\/blessure-de-neymar-plus-de-peur-que-de-mal\/#primaryimage\",\"url\":\"https:\/\/www.public.sn\/wp-content\/uploads\/2022\/11\/neymar-1.jpg\",\"contentUrl\":\"https:\/\/www.public.sn\/wp-content\/uploads\/2022\/11\/neymar-1.jpg\",\"width\":612,\"height\":298,\"caption\":\"publicsn\"},{\"@type\":\"BreadcrumbList\",\"@id\":\"https:\/\/www.public.sn\/index.php\/2022\/11\/25\/blessure-de-neymar-plus-de-peur-que-de-mal\/#breadcrumb\",\"itemListElement\":[{\"@type\":\"ListItem\",\"position\":1,\"name\":\"Accueil\",\"item\":\"https:\/\/www.public.sn\/\"},{\"@type\":\"ListItem\",\"position\":2,\"name\":\"Blessure de Neymar\u00a0: Plus de peur que de mal.\"}]},{\"@type\":\"WebSite\",\"@id\":\"https:\/\/www.public.sn\/#website\",\"url\":\"https:\/\/www.public.sn\/\",\"name\":\"LE PUBLIC\",\"description\":\"\",\"publisher\":{\"@id\":\"https:\/\/www.public.sn\/#organization\"},\"potentialAction\":[{\"@type\":\"SearchAction\",\"target\":{\"@type\":\"EntryPoint\",\"urlTemplate\":\"https:\/\/www.public.sn\/?s={search_term_string}\"},\"query-input\":{\"@type\":\"PropertyValueSpecification\",\"valueRequired\":true,\"valueName\":\"search_term_string\"}}],\"inLanguage\":\"fr-FR\"},{\"@type\":\"Organization\",\"@id\":\"https:\/\/www.public.sn\/#organization\",\"name\":\"LE PUBLIC\",\"url\":\"https:\/\/www.public.sn\/\",\"logo\":{\"@type\":\"ImageObject\",\"inLanguage\":\"fr-FR\",\"@id\":\"https:\/\/www.public.sn\/#\/schema\/logo\/image\/\",\"url\":\"https:\/\/www.public.sn\/wp-content\/uploads\/2024\/05\/cropped-LOGO-PUBLIC.SN_.png\",\"contentUrl\":\"https:\/\/www.public.sn\/wp-content\/uploads\/2024\/05\/cropped-LOGO-PUBLIC.SN_.png\",\"width\":682,\"height\":192,\"caption\":\"LE PUBLIC\"},\"image\":{\"@id\":\"https:\/\/www.public.sn\/#\/schema\/logo\/image\/\"}},{\"@type\":\"Person\",\"@id\":\"https:\/\/www.public.sn\/#\/schema\/person\/cb76c8e1b8becc6be61fb5e92d6d0224\",\"name\":\"LA REDACTION\",\"image\":{\"@type\":\"ImageObject\",\"inLanguage\":\"fr-FR\",\"@id\":\"https:\/\/www.public.sn\/#\/schema\/person\/image\/\",\"url\":\"https:\/\/secure.gravatar.com\/avatar\/2dce5ddd34b8fef0180efe03aa2a9bee7d953856048f9a16b298190a3178407c?s=96&d=mm&r=g\",\"contentUrl\":\"https:\/\/secure.gravatar.com\/avatar\/2dce5ddd34b8fef0180efe03aa2a9bee7d953856048f9a16b298190a3178407c?s=96&d=mm&r=g\",\"caption\":\"LA REDACTION\"},\"url\":\"https:\/\/www.public.sn\/index.php\/author\/editeurpsn\/\"}]}<\/script>\n<!-- \/ Yoast SEO plugin. -->","yoast_head_json":{"title":"Blessure de Neymar\u00a0: Plus de peur que de mal. - LE PUBLIC","robots":{"index":"index","follow":"follow","max-snippet":"max-snippet:-1","max-image-preview":"max-image-preview:large","max-video-preview":"max-video-preview:-1"},"canonical":"https:\/\/www.public.sn\/index.php\/2022\/11\/25\/blessure-de-neymar-plus-de-peur-que-de-mal\/","og_locale":"fr_FR","og_type":"article","og_title":"Blessure de Neymar\u00a0: Plus de peur que de mal. - LE PUBLIC","og_description":"Sorti sur blessure lors du match contre la Serbie, Neymar \u00a0pourrait retrouver plut\u00f4t que pr\u00e9vu la Sele\u00e7ao. Sa dur\u00e9e d\u2019indisponibilit\u00e9 a \u00e9t\u00e9 d\u00e9termin\u00e9e. La star de l\u2019\u00e9quipe br\u00e9silienne pourrait revenir plut\u00f4t que pr\u00e9vu. Sa blessure \u00e0 la cheville va l\u2019\u00e9loigner du match contre la Suisse ce Lundi 28 Novembre. Le journal espagnol Marca son examen pass\u00e9 ce Vendredi est plus que rassurant. Neymar peut \u00eatre op\u00e9rationnel m\u00eame si besoin lors du troisi\u00e8me match de poule contre le Cameroun. Samba SY.","og_url":"https:\/\/www.public.sn\/index.php\/2022\/11\/25\/blessure-de-neymar-plus-de-peur-que-de-mal\/","og_site_name":"LE PUBLIC","article_published_time":"2022-11-25T15:35:32+00:00","article_modified_time":"2022-11-25T15:35:34+00:00","og_image":[{"width":612,"height":298,"url":"https:\/\/www.public.sn\/wp-content\/uploads\/2022\/11\/neymar-1.jpg","type":"image\/jpeg"}],"author":"LA REDACTION","twitter_card":"summary_large_image","twitter_misc":{"\u00c9crit par":"LA REDACTION","Dur\u00e9e de lecture estim\u00e9e":"1 minute"},"schema":{"@context":"https:\/\/schema.org","@graph":[{"@type":"Article","@id":"https:\/\/www.public.sn\/index.php\/2022\/11\/25\/blessure-de-neymar-plus-de-peur-que-de-mal\/#article","isPartOf":{"@id":"https:\/\/www.public.sn\/index.php\/2022\/11\/25\/blessure-de-neymar-plus-de-peur-que-de-mal\/"},"author":{"name":"LA REDACTION","@id":"https:\/\/www.public.sn\/#\/schema\/person\/cb76c8e1b8becc6be61fb5e92d6d0224"},"headline":"Blessure de Neymar\u00a0: Plus de peur que de mal.","datePublished":"2022-11-25T15:35:32+00:00","dateModified":"2022-11-25T15:35:34+00:00","mainEntityOfPage":{"@id":"https:\/\/www.public.sn\/index.php\/2022\/11\/25\/blessure-de-neymar-plus-de-peur-que-de-mal\/"},"wordCount":102,"commentCount":0,"publisher":{"@id":"https:\/\/www.public.sn\/#organization"},"image":{"@id":"https:\/\/www.public.sn\/index.php\/2022\/11\/25\/blessure-de-neymar-plus-de-peur-que-de-mal\/#primaryimage"},"thumbnailUrl":"https:\/\/www.public.sn\/wp-content\/uploads\/2022\/11\/neymar-1.jpg","keywords":["blessure neymar","Indisponibilit\u00e9","qatar"],"articleSection":["ACTUALIT\u00c9S","AFRIQUE &amp; MONDE","SPORTS"],"inLanguage":"fr-FR","potentialAction":[{"@type":"CommentAction","name":"Comment","target":["https:\/\/www.public.sn\/index.php\/2022\/11\/25\/blessure-de-neymar-plus-de-peur-que-de-mal\/#respond"]}]},{"@type":"WebPage","@id":"https:\/\/www.public.sn\/index.php\/2022\/11\/25\/blessure-de-neymar-plus-de-peur-que-de-mal\/","url":"https:\/\/www.public.sn\/index.php\/2022\/11\/25\/blessure-de-neymar-plus-de-peur-que-de-mal\/","name":"Blessure de Neymar\u00a0: Plus de peur que de mal. - LE PUBLIC","isPartOf":{"@id":"https:\/\/www.public.sn\/#website"},"primaryImageOfPage":{"@id":"https:\/\/www.public.sn\/index.php\/2022\/11\/25\/blessure-de-neymar-plus-de-peur-que-de-mal\/#primaryimage"},"image":{"@id":"https:\/\/www.public.sn\/index.php\/2022\/11\/25\/blessure-de-neymar-plus-de-peur-que-de-mal\/#primaryimage"},"thumbnailUrl":"https:\/\/www.public.sn\/wp-content\/uploads\/2022\/11\/neymar-1.jpg","datePublished":"2022-11-25T15:35:32+00:00","dateModified":"2022-11-25T15:35:34+00:00","breadcrumb":{"@id":"https:\/\/www.public.sn\/index.php\/2022\/11\/25\/blessure-de-neymar-plus-de-peur-que-de-mal\/#breadcrumb"},"inLanguage":"fr-FR","potentialAction":[{"@type":"ReadAction","target":["https:\/\/www.public.sn\/index.php\/2022\/11\/25\/blessure-de-neymar-plus-de-peur-que-de-mal\/"]}]},{"@type":"ImageObject","inLanguage":"fr-FR","@id":"https:\/\/www.public.sn\/index.php\/2022\/11\/25\/blessure-de-neymar-plus-de-peur-que-de-mal\/#primaryimage","url":"https:\/\/www.public.sn\/wp-content\/uploads\/2022\/11\/neymar-1.jpg","contentUrl":"https:\/\/www.public.sn\/wp-content\/uploads\/2022\/11\/neymar-1.jpg","width":612,"height":298,"caption":"publicsn"},{"@type":"BreadcrumbList","@id":"https:\/\/www.public.sn\/index.php\/2022\/11\/25\/blessure-de-neymar-plus-de-peur-que-de-mal\/#breadcrumb","itemListElement":[{"@type":"ListItem","position":1,"name":"Accueil","item":"https:\/\/www.public.sn\/"},{"@type":"ListItem","position":2,"name":"Blessure de Neymar\u00a0: Plus de peur que de mal."}]},{"@type":"WebSite","@id":"https:\/\/www.public.sn\/#website","url":"https:\/\/www.public.sn\/","name":"LE PUBLIC","description":"","publisher":{"@id":"https:\/\/www.public.sn\/#organization"},"potentialAction":[{"@type":"SearchAction","target":{"@type":"EntryPoint","urlTemplate":"https:\/\/www.public.sn\/?s={search_term_string}"},"query-input":{"@type":"PropertyValueSpecification","valueRequired":true,"valueName":"search_term_string"}}],"inLanguage":"fr-FR"},{"@type":"Organization","@id":"https:\/\/www.public.sn\/#organization","name":"LE PUBLIC","url":"https:\/\/www.public.sn\/","logo":{"@type":"ImageObject","inLanguage":"fr-FR","@id":"https:\/\/www.public.sn\/#\/schema\/logo\/image\/","url":"https:\/\/www.public.sn\/wp-content\/uploads\/2024\/05\/cropped-LOGO-PUBLIC.SN_.png","contentUrl":"https:\/\/www.public.sn\/wp-content\/uploads\/2024\/05\/cropped-LOGO-PUBLIC.SN_.png","width":682,"height":192,"caption":"LE PUBLIC"},"image":{"@id":"https:\/\/www.public.sn\/#\/schema\/logo\/image\/"}},{"@type":"Person","@id":"https:\/\/www.public.sn\/#\/schema\/person\/cb76c8e1b8becc6be61fb5e92d6d0224","name":"LA REDACTION","image":{"@type":"ImageObject","inLanguage":"fr-FR","@id":"https:\/\/www.public.sn\/#\/schema\/person\/image\/","url":"https:\/\/secure.gravatar.com\/avatar\/2dce5ddd34b8fef0180efe03aa2a9bee7d953856048f9a16b298190a3178407c?s=96&d=mm&r=g","contentUrl":"https:\/\/secure.gravatar.com\/avatar\/2dce5ddd34b8fef0180efe03aa2a9bee7d953856048f9a16b298190a3178407c?s=96&d=mm&r=g","caption":"LA REDACTION"},"url":"https:\/\/www.public.sn\/index.php\/author\/editeurpsn\/"}]}},"jetpack_featured_media_url":"https:\/\/www.public.sn\/wp-content\/uploads\/2022\/11\/neymar-1.jpg","jetpack_sharing_enabled":true,"_links":{"self":[{"href":"https:\/\/www.public.sn\/index.php\/wp-json\/wp\/v2\/posts\/10094","targetHints":{"allow":["GET"]}}],"collection":[{"href":"https:\/\/www.public.sn\/index.php\/wp-json\/wp\/v2\/posts"}],"about":[{"href":"https:\/\/www.public.sn\/index.php\/wp-json\/wp\/v2\/types\/post"}],"author":[{"embeddable":true,"href":"https:\/\/www.public.sn\/index.php\/wp-json\/wp\/v2\/users\/7"}],"replies":[{"embeddable":true,"href":"https:\/\/www.public.sn\/index.php\/wp-json\/wp\/v2\/comments?post=10094"}],"version-history":[{"count":2,"href":"https:\/\/www.public.sn\/index.php\/wp-json\/wp\/v2\/posts\/10094\/revisions"}],"predecessor-version":[{"id":10097,"href":"https:\/\/www.public.sn\/index.php\/wp-json\/wp\/v2\/posts\/10094\/revisions\/10097"}],"wp:featuredmedia":[{"embeddable":true,"href":"https:\/\/www.public.sn\/index.php\/wp-json\/wp\/v2\/media\/10095"}],"wp:attachment":[{"href":"https:\/\/www.public.sn\/index.php\/wp-json\/wp\/v2\/media?parent=10094"}],"wp:term":[{"taxonomy":"category","embeddable":true,"href":"https:\/\/www.public.sn\/index.php\/wp-json\/wp\/v2\/categories?post=10094"},{"taxonomy":"post_tag","embeddable":true,"href":"https:\/\/www.public.sn\/index.php\/wp-json\/wp\/v2\/tags?post=10094"}],"curies":[{"name":"wp","href":"https:\/\/api.w.org\/{rel}","templated":true}]}}