{"id":1012,"date":"2022-08-31T17:53:59","date_gmt":"2022-08-31T15:53:59","guid":{"rendered":"https:\/\/www.public.sn\/?p=1012"},"modified":"2022-08-31T17:54:32","modified_gmt":"2022-08-31T15:54:32","slug":"candidatures-a-la-presidence-de-lassemblee-nationale-yewwi-wallu-vers-limplosion","status":"publish","type":"post","link":"https:\/\/www.public.sn\/index.php\/2022\/08\/31\/candidatures-a-la-presidence-de-lassemblee-nationale-yewwi-wallu-vers-limplosion\/","title":{"rendered":"Candidatures \u00e0 la pr\u00e9sidence de l&rsquo;Assembl\u00e9e nationale : Yewwi-Wallu vers l\u2019implosion"},"content":{"rendered":"\n<p><strong>En pr\u00e9lude \u00e0 l&rsquo;installation de la 14e L\u00e9gislature pr\u00e9vue le 12 septembre prochain, l&rsquo;inter-coalition Yewwi &#8211; Wallu s&rsquo;est r\u00e9unie hier pour \u00e9voquer les candidatures \u00e0 la pr\u00e9sidence et le nombre de groupes parlementaires \u00e0 former. Cependant, les discussions ont vou\u00e9 \u00e0 l&rsquo;\u00e9chec puisque les leaders n&rsquo;\u00e9taient pas en phase sur les candidats d\u00e9clar\u00e9s.<\/strong><\/p><div class=\"publi-paragraphe1\" style=\"margin-top: 10px;margin-bottom: 10px;margin-left: auto;margin-right: auto;text-align: center;\" id=\"publi-1739618068\"><div class=\"publi-adlabel\">Publicit\u00e9<\/div><script async src=\"\/\/pagead2.googlesyndication.com\/pagead\/js\/adsbygoogle.js?client=ca-pub-4089586018074219\" crossorigin=\"anonymous\"><\/script><ins class=\"adsbygoogle\" style=\"display:block;\" data-ad-client=\"ca-pub-4089586018074219\" \ndata-ad-slot=\"2087940154\" \ndata-ad-format=\"auto\"><\/ins>\n<script> \n(adsbygoogle = window.adsbygoogle || []).push({}); \n<\/script>\n<\/div>\n\n\n\n<p>Ce qui pr\u00e9vaut actuellement \u00e0 l&rsquo;inter-collation Yewwi &#8211; Wallu ne surprend point bon nombres d&rsquo;observateurs. La guerre pour la pr\u00e9sidence de l&rsquo;Assembl\u00e9e nationale \u00e9tait in\u00e9vitable.<\/p>\n\n\n\n<p>Dans sa parution du jour, \u201cSource A\u201d,  de r\u00e9v\u00e9ler que le d\u00e9put\u00e9-maire de la ville de Gu\u00e9diawaye Ahmed A\u00efdar, candidat d\u00e9clar\u00e9, a comme argument le fait d\u2019\u00eatre le seul membre de la conf\u00e9rence des leaders de Yewwi Askan Wi \u00e0 \u00eatre en course.<\/p>\n\n\n\n<p>Toujours selon le journal, Ousmane Sonko pr\u00e9f\u00e8re Barth\u00e9l\u00e9my Dias au maire de Gu\u00e9diawaye qui est soutenu par Malick Gackou.\u00a0<\/p>\n\n\n\n<p>Une nouvelle r\u00e9union de la conf\u00e9rence des leaders est pr\u00e9vue ce mercredi pour trouver une issue heureuse. <\/p>\n<div class=\"publi-apres-le-contenu\" style=\"margin-top: 10px;margin-bottom: 10px;margin-left: auto;margin-right: auto;text-align: center;\" id=\"publi-4238501083\"><div class=\"publi-adlabel\">Publicit\u00e9<\/div><script async src=\"\/\/pagead2.googlesyndication.com\/pagead\/js\/adsbygoogle.js?client=ca-pub-4089586018074219\" crossorigin=\"anonymous\"><\/script><ins class=\"adsbygoogle\" style=\"display:block;\" data-ad-client=\"ca-pub-4089586018074219\" \ndata-ad-slot=\"2087940154\" \ndata-ad-format=\"auto\"><\/ins>\n<script> \n(adsbygoogle = window.adsbygoogle || []).push({}); \n<\/script>\n<\/div>","protected":false},"excerpt":{"rendered":"<p>En pr\u00e9lude \u00e0 l&rsquo;installation de la 14e L\u00e9gislature pr\u00e9vue le 12 septembre prochain, l&rsquo;inter-coalition Yewwi &#8211; Wallu s&rsquo;est r\u00e9unie hier pour \u00e9voquer les candidatures \u00e0 la pr\u00e9sidence et le nombre de groupes parlementaires \u00e0 former. Cependant, les discussions ont vou\u00e9 \u00e0 l&rsquo;\u00e9chec puisque les leaders n&rsquo;\u00e9taient pas en phase sur les candidats d\u00e9clar\u00e9s. Ce qui pr\u00e9vaut actuellement \u00e0 l&rsquo;inter-collation Yewwi &#8211; Wallu ne surprend point bon nombres d&rsquo;observateurs. La guerre pour la pr\u00e9sidence de l&rsquo;Assembl\u00e9e nationale \u00e9tait in\u00e9vitable. Dans sa parution du jour, \u201cSource A\u201d, de r\u00e9v\u00e9ler que le d\u00e9put\u00e9-maire de la ville de Gu\u00e9diawaye Ahmed A\u00efdar, candidat d\u00e9clar\u00e9, a comme argument le fait d\u2019\u00eatre le seul membre de la conf\u00e9rence des leaders de Yewwi Askan Wi \u00e0 \u00eatre en course. Toujours selon le journal, Ousmane Sonko pr\u00e9f\u00e8re Barth\u00e9l\u00e9my Dias au maire de Gu\u00e9diawaye qui est soutenu par Malick Gackou.\u00a0 Une nouvelle r\u00e9union de la conf\u00e9rence des leaders est pr\u00e9vue ce mercredi pour trouver une issue heureuse.<\/p>\n","protected":false},"author":1,"featured_media":337,"comment_status":"open","ping_status":"open","sticky":false,"template":"","format":"standard","meta":{"_jetpack_memberships_contains_paid_content":false,"footnotes":""},"categories":[1],"tags":[12,352,370],"class_list":["post-1012","post","type-post","status-publish","format-standard","has-post-thumbnail","hentry","category-non-classe","tag-assemblee-nationale","tag-presidence","tag-yewwi-wallu","entry","has-media","owp-thumbs-layout-horizontal","owp-btn-normal","owp-tabs-layout-horizontal","has-no-thumbnails","has-product-nav"],"yoast_head":"<!-- This site is optimized with the Yoast SEO plugin v25.5 - https:\/\/yoast.com\/wordpress\/plugins\/seo\/ -->\n<title>Candidatures \u00e0 la pr\u00e9sidence de l&#039;Assembl\u00e9e nationale : Yewwi-Wallu vers l\u2019implosion - LE PUBLIC<\/title>\n<meta name=\"robots\" content=\"index, follow, max-snippet:-1, max-image-preview:large, max-video-preview:-1\" \/>\n<link rel=\"canonical\" href=\"https:\/\/www.public.sn\/index.php\/2022\/08\/31\/candidatures-a-la-presidence-de-lassemblee-nationale-yewwi-wallu-vers-limplosion\/\" \/>\n<meta property=\"og:locale\" content=\"fr_FR\" \/>\n<meta property=\"og:type\" content=\"article\" \/>\n<meta property=\"og:title\" content=\"Candidatures \u00e0 la pr\u00e9sidence de l&#039;Assembl\u00e9e nationale : Yewwi-Wallu vers l\u2019implosion - LE PUBLIC\" \/>\n<meta property=\"og:description\" content=\"En pr\u00e9lude \u00e0 l&rsquo;installation de la 14e L\u00e9gislature pr\u00e9vue le 12 septembre prochain, l&rsquo;inter-coalition Yewwi &#8211; Wallu s&rsquo;est r\u00e9unie hier pour \u00e9voquer les candidatures \u00e0 la pr\u00e9sidence et le nombre de groupes parlementaires \u00e0 former. Cependant, les discussions ont vou\u00e9 \u00e0 l&rsquo;\u00e9chec puisque les leaders n&rsquo;\u00e9taient pas en phase sur les candidats d\u00e9clar\u00e9s. Ce qui pr\u00e9vaut actuellement \u00e0 l&rsquo;inter-collation Yewwi &#8211; Wallu ne surprend point bon nombres d&rsquo;observateurs. La guerre pour la pr\u00e9sidence de l&rsquo;Assembl\u00e9e nationale \u00e9tait in\u00e9vitable. Dans sa parution du jour, \u201cSource A\u201d, de r\u00e9v\u00e9ler que le d\u00e9put\u00e9-maire de la ville de Gu\u00e9diawaye Ahmed A\u00efdar, candidat d\u00e9clar\u00e9, a comme argument le fait d\u2019\u00eatre le seul membre de la conf\u00e9rence des leaders de Yewwi Askan Wi \u00e0 \u00eatre en course. Toujours selon le journal, Ousmane Sonko pr\u00e9f\u00e8re Barth\u00e9l\u00e9my Dias au maire de Gu\u00e9diawaye qui est soutenu par Malick Gackou.\u00a0 Une nouvelle r\u00e9union de la conf\u00e9rence des leaders est pr\u00e9vue ce mercredi pour trouver une issue heureuse.\" \/>\n<meta property=\"og:url\" content=\"https:\/\/www.public.sn\/index.php\/2022\/08\/31\/candidatures-a-la-presidence-de-lassemblee-nationale-yewwi-wallu-vers-limplosion\/\" \/>\n<meta property=\"og:site_name\" content=\"LE PUBLIC\" \/>\n<meta property=\"article:published_time\" content=\"2022-08-31T15:53:59+00:00\" \/>\n<meta property=\"article:modified_time\" content=\"2022-08-31T15:54:32+00:00\" \/>\n<meta property=\"og:image\" content=\"https:\/\/www.public.sn\/wp-content\/uploads\/2022\/08\/465f3ff1-65a2-4687-95b6-dcaae5cdf274-696x521-1.jpeg\" \/>\n\t<meta property=\"og:image:width\" content=\"696\" \/>\n\t<meta property=\"og:image:height\" content=\"521\" \/>\n\t<meta property=\"og:image:type\" content=\"image\/jpeg\" \/>\n<meta name=\"author\" content=\"LA REDACTION\" \/>\n<meta name=\"twitter:card\" content=\"summary_large_image\" \/>\n<meta name=\"twitter:label1\" content=\"\u00c9crit par\" \/>\n\t<meta name=\"twitter:data1\" content=\"LA REDACTION\" \/>\n\t<meta name=\"twitter:label2\" content=\"Dur\u00e9e de lecture estim\u00e9e\" \/>\n\t<meta name=\"twitter:data2\" content=\"1 minute\" \/>\n<script type=\"application\/ld+json\" class=\"yoast-schema-graph\">{\"@context\":\"https:\/\/schema.org\",\"@graph\":[{\"@type\":\"Article\",\"@id\":\"https:\/\/www.public.sn\/index.php\/2022\/08\/31\/candidatures-a-la-presidence-de-lassemblee-nationale-yewwi-wallu-vers-limplosion\/#article\",\"isPartOf\":{\"@id\":\"https:\/\/www.public.sn\/index.php\/2022\/08\/31\/candidatures-a-la-presidence-de-lassemblee-nationale-yewwi-wallu-vers-limplosion\/\"},\"author\":{\"name\":\"LA REDACTION\",\"@id\":\"https:\/\/www.public.sn\/#\/schema\/person\/e3f4a11b037d4203902db148f9bc8d5a\"},\"headline\":\"Candidatures \u00e0 la pr\u00e9sidence de l&rsquo;Assembl\u00e9e nationale : Yewwi-Wallu vers l\u2019implosion\",\"datePublished\":\"2022-08-31T15:53:59+00:00\",\"dateModified\":\"2022-08-31T15:54:32+00:00\",\"mainEntityOfPage\":{\"@id\":\"https:\/\/www.public.sn\/index.php\/2022\/08\/31\/candidatures-a-la-presidence-de-lassemblee-nationale-yewwi-wallu-vers-limplosion\/\"},\"wordCount\":192,\"commentCount\":0,\"publisher\":{\"@id\":\"https:\/\/www.public.sn\/#organization\"},\"image\":{\"@id\":\"https:\/\/www.public.sn\/index.php\/2022\/08\/31\/candidatures-a-la-presidence-de-lassemblee-nationale-yewwi-wallu-vers-limplosion\/#primaryimage\"},\"thumbnailUrl\":\"https:\/\/www.public.sn\/wp-content\/uploads\/2022\/08\/465f3ff1-65a2-4687-95b6-dcaae5cdf274-696x521-1.jpeg\",\"keywords\":[\"Assembl\u00e9e Nationale\",\"Pr\u00e9sidence\",\"Yewwi-Wallu\"],\"articleSection\":[\"S\u00c9N\u00c9GAL\"],\"inLanguage\":\"fr-FR\",\"potentialAction\":[{\"@type\":\"CommentAction\",\"name\":\"Comment\",\"target\":[\"https:\/\/www.public.sn\/index.php\/2022\/08\/31\/candidatures-a-la-presidence-de-lassemblee-nationale-yewwi-wallu-vers-limplosion\/#respond\"]}]},{\"@type\":\"WebPage\",\"@id\":\"https:\/\/www.public.sn\/index.php\/2022\/08\/31\/candidatures-a-la-presidence-de-lassemblee-nationale-yewwi-wallu-vers-limplosion\/\",\"url\":\"https:\/\/www.public.sn\/index.php\/2022\/08\/31\/candidatures-a-la-presidence-de-lassemblee-nationale-yewwi-wallu-vers-limplosion\/\",\"name\":\"Candidatures \u00e0 la pr\u00e9sidence de l'Assembl\u00e9e nationale : Yewwi-Wallu vers l\u2019implosion - LE PUBLIC\",\"isPartOf\":{\"@id\":\"https:\/\/www.public.sn\/#website\"},\"primaryImageOfPage\":{\"@id\":\"https:\/\/www.public.sn\/index.php\/2022\/08\/31\/candidatures-a-la-presidence-de-lassemblee-nationale-yewwi-wallu-vers-limplosion\/#primaryimage\"},\"image\":{\"@id\":\"https:\/\/www.public.sn\/index.php\/2022\/08\/31\/candidatures-a-la-presidence-de-lassemblee-nationale-yewwi-wallu-vers-limplosion\/#primaryimage\"},\"thumbnailUrl\":\"https:\/\/www.public.sn\/wp-content\/uploads\/2022\/08\/465f3ff1-65a2-4687-95b6-dcaae5cdf274-696x521-1.jpeg\",\"datePublished\":\"2022-08-31T15:53:59+00:00\",\"dateModified\":\"2022-08-31T15:54:32+00:00\",\"breadcrumb\":{\"@id\":\"https:\/\/www.public.sn\/index.php\/2022\/08\/31\/candidatures-a-la-presidence-de-lassemblee-nationale-yewwi-wallu-vers-limplosion\/#breadcrumb\"},\"inLanguage\":\"fr-FR\",\"potentialAction\":[{\"@type\":\"ReadAction\",\"target\":[\"https:\/\/www.public.sn\/index.php\/2022\/08\/31\/candidatures-a-la-presidence-de-lassemblee-nationale-yewwi-wallu-vers-limplosion\/\"]}]},{\"@type\":\"ImageObject\",\"inLanguage\":\"fr-FR\",\"@id\":\"https:\/\/www.public.sn\/index.php\/2022\/08\/31\/candidatures-a-la-presidence-de-lassemblee-nationale-yewwi-wallu-vers-limplosion\/#primaryimage\",\"url\":\"https:\/\/www.public.sn\/wp-content\/uploads\/2022\/08\/465f3ff1-65a2-4687-95b6-dcaae5cdf274-696x521-1.jpeg\",\"contentUrl\":\"https:\/\/www.public.sn\/wp-content\/uploads\/2022\/08\/465f3ff1-65a2-4687-95b6-dcaae5cdf274-696x521-1.jpeg\",\"width\":696,\"height\":521},{\"@type\":\"BreadcrumbList\",\"@id\":\"https:\/\/www.public.sn\/index.php\/2022\/08\/31\/candidatures-a-la-presidence-de-lassemblee-nationale-yewwi-wallu-vers-limplosion\/#breadcrumb\",\"itemListElement\":[{\"@type\":\"ListItem\",\"position\":1,\"name\":\"Accueil\",\"item\":\"https:\/\/www.public.sn\/\"},{\"@type\":\"ListItem\",\"position\":2,\"name\":\"Candidatures \u00e0 la pr\u00e9sidence de l&rsquo;Assembl\u00e9e nationale : Yewwi-Wallu vers l\u2019implosion\"}]},{\"@type\":\"WebSite\",\"@id\":\"https:\/\/www.public.sn\/#website\",\"url\":\"https:\/\/www.public.sn\/\",\"name\":\"LE PUBLIC\",\"description\":\"\",\"publisher\":{\"@id\":\"https:\/\/www.public.sn\/#organization\"},\"potentialAction\":[{\"@type\":\"SearchAction\",\"target\":{\"@type\":\"EntryPoint\",\"urlTemplate\":\"https:\/\/www.public.sn\/?s={search_term_string}\"},\"query-input\":{\"@type\":\"PropertyValueSpecification\",\"valueRequired\":true,\"valueName\":\"search_term_string\"}}],\"inLanguage\":\"fr-FR\"},{\"@type\":\"Organization\",\"@id\":\"https:\/\/www.public.sn\/#organization\",\"name\":\"LE PUBLIC\",\"url\":\"https:\/\/www.public.sn\/\",\"logo\":{\"@type\":\"ImageObject\",\"inLanguage\":\"fr-FR\",\"@id\":\"https:\/\/www.public.sn\/#\/schema\/logo\/image\/\",\"url\":\"https:\/\/www.public.sn\/wp-content\/uploads\/2024\/05\/cropped-LOGO-PUBLIC.SN_.png\",\"contentUrl\":\"https:\/\/www.public.sn\/wp-content\/uploads\/2024\/05\/cropped-LOGO-PUBLIC.SN_.png\",\"width\":682,\"height\":192,\"caption\":\"LE PUBLIC\"},\"image\":{\"@id\":\"https:\/\/www.public.sn\/#\/schema\/logo\/image\/\"}},{\"@type\":\"Person\",\"@id\":\"https:\/\/www.public.sn\/#\/schema\/person\/e3f4a11b037d4203902db148f9bc8d5a\",\"name\":\"LA REDACTION\",\"image\":{\"@type\":\"ImageObject\",\"inLanguage\":\"fr-FR\",\"@id\":\"https:\/\/www.public.sn\/#\/schema\/person\/image\/\",\"url\":\"https:\/\/secure.gravatar.com\/avatar\/d6c030db45db2883c075085c5d6c6258654a801a93766b49af0b82d4f454e2a5?s=96&d=mm&r=g\",\"contentUrl\":\"https:\/\/secure.gravatar.com\/avatar\/d6c030db45db2883c075085c5d6c6258654a801a93766b49af0b82d4f454e2a5?s=96&d=mm&r=g\",\"caption\":\"LA REDACTION\"},\"sameAs\":[\"http:\/\/www.public.sn\"],\"url\":\"https:\/\/www.public.sn\/index.php\/author\/admin7324\/\"}]}<\/script>\n<!-- \/ Yoast SEO plugin. -->","yoast_head_json":{"title":"Candidatures \u00e0 la pr\u00e9sidence de l'Assembl\u00e9e nationale : Yewwi-Wallu vers l\u2019implosion - LE PUBLIC","robots":{"index":"index","follow":"follow","max-snippet":"max-snippet:-1","max-image-preview":"max-image-preview:large","max-video-preview":"max-video-preview:-1"},"canonical":"https:\/\/www.public.sn\/index.php\/2022\/08\/31\/candidatures-a-la-presidence-de-lassemblee-nationale-yewwi-wallu-vers-limplosion\/","og_locale":"fr_FR","og_type":"article","og_title":"Candidatures \u00e0 la pr\u00e9sidence de l'Assembl\u00e9e nationale : Yewwi-Wallu vers l\u2019implosion - LE PUBLIC","og_description":"En pr\u00e9lude \u00e0 l&rsquo;installation de la 14e L\u00e9gislature pr\u00e9vue le 12 septembre prochain, l&rsquo;inter-coalition Yewwi &#8211; Wallu s&rsquo;est r\u00e9unie hier pour \u00e9voquer les candidatures \u00e0 la pr\u00e9sidence et le nombre de groupes parlementaires \u00e0 former. Cependant, les discussions ont vou\u00e9 \u00e0 l&rsquo;\u00e9chec puisque les leaders n&rsquo;\u00e9taient pas en phase sur les candidats d\u00e9clar\u00e9s. Ce qui pr\u00e9vaut actuellement \u00e0 l&rsquo;inter-collation Yewwi &#8211; Wallu ne surprend point bon nombres d&rsquo;observateurs. La guerre pour la pr\u00e9sidence de l&rsquo;Assembl\u00e9e nationale \u00e9tait in\u00e9vitable. Dans sa parution du jour, \u201cSource A\u201d, de r\u00e9v\u00e9ler que le d\u00e9put\u00e9-maire de la ville de Gu\u00e9diawaye Ahmed A\u00efdar, candidat d\u00e9clar\u00e9, a comme argument le fait d\u2019\u00eatre le seul membre de la conf\u00e9rence des leaders de Yewwi Askan Wi \u00e0 \u00eatre en course. Toujours selon le journal, Ousmane Sonko pr\u00e9f\u00e8re Barth\u00e9l\u00e9my Dias au maire de Gu\u00e9diawaye qui est soutenu par Malick Gackou.\u00a0 Une nouvelle r\u00e9union de la conf\u00e9rence des leaders est pr\u00e9vue ce mercredi pour trouver une issue heureuse.","og_url":"https:\/\/www.public.sn\/index.php\/2022\/08\/31\/candidatures-a-la-presidence-de-lassemblee-nationale-yewwi-wallu-vers-limplosion\/","og_site_name":"LE PUBLIC","article_published_time":"2022-08-31T15:53:59+00:00","article_modified_time":"2022-08-31T15:54:32+00:00","og_image":[{"width":696,"height":521,"url":"https:\/\/www.public.sn\/wp-content\/uploads\/2022\/08\/465f3ff1-65a2-4687-95b6-dcaae5cdf274-696x521-1.jpeg","type":"image\/jpeg"}],"author":"LA REDACTION","twitter_card":"summary_large_image","twitter_misc":{"\u00c9crit par":"LA REDACTION","Dur\u00e9e de lecture estim\u00e9e":"1 minute"},"schema":{"@context":"https:\/\/schema.org","@graph":[{"@type":"Article","@id":"https:\/\/www.public.sn\/index.php\/2022\/08\/31\/candidatures-a-la-presidence-de-lassemblee-nationale-yewwi-wallu-vers-limplosion\/#article","isPartOf":{"@id":"https:\/\/www.public.sn\/index.php\/2022\/08\/31\/candidatures-a-la-presidence-de-lassemblee-nationale-yewwi-wallu-vers-limplosion\/"},"author":{"name":"LA REDACTION","@id":"https:\/\/www.public.sn\/#\/schema\/person\/e3f4a11b037d4203902db148f9bc8d5a"},"headline":"Candidatures \u00e0 la pr\u00e9sidence de l&rsquo;Assembl\u00e9e nationale : Yewwi-Wallu vers l\u2019implosion","datePublished":"2022-08-31T15:53:59+00:00","dateModified":"2022-08-31T15:54:32+00:00","mainEntityOfPage":{"@id":"https:\/\/www.public.sn\/index.php\/2022\/08\/31\/candidatures-a-la-presidence-de-lassemblee-nationale-yewwi-wallu-vers-limplosion\/"},"wordCount":192,"commentCount":0,"publisher":{"@id":"https:\/\/www.public.sn\/#organization"},"image":{"@id":"https:\/\/www.public.sn\/index.php\/2022\/08\/31\/candidatures-a-la-presidence-de-lassemblee-nationale-yewwi-wallu-vers-limplosion\/#primaryimage"},"thumbnailUrl":"https:\/\/www.public.sn\/wp-content\/uploads\/2022\/08\/465f3ff1-65a2-4687-95b6-dcaae5cdf274-696x521-1.jpeg","keywords":["Assembl\u00e9e Nationale","Pr\u00e9sidence","Yewwi-Wallu"],"articleSection":["S\u00c9N\u00c9GAL"],"inLanguage":"fr-FR","potentialAction":[{"@type":"CommentAction","name":"Comment","target":["https:\/\/www.public.sn\/index.php\/2022\/08\/31\/candidatures-a-la-presidence-de-lassemblee-nationale-yewwi-wallu-vers-limplosion\/#respond"]}]},{"@type":"WebPage","@id":"https:\/\/www.public.sn\/index.php\/2022\/08\/31\/candidatures-a-la-presidence-de-lassemblee-nationale-yewwi-wallu-vers-limplosion\/","url":"https:\/\/www.public.sn\/index.php\/2022\/08\/31\/candidatures-a-la-presidence-de-lassemblee-nationale-yewwi-wallu-vers-limplosion\/","name":"Candidatures \u00e0 la pr\u00e9sidence de l'Assembl\u00e9e nationale : Yewwi-Wallu vers l\u2019implosion - LE PUBLIC","isPartOf":{"@id":"https:\/\/www.public.sn\/#website"},"primaryImageOfPage":{"@id":"https:\/\/www.public.sn\/index.php\/2022\/08\/31\/candidatures-a-la-presidence-de-lassemblee-nationale-yewwi-wallu-vers-limplosion\/#primaryimage"},"image":{"@id":"https:\/\/www.public.sn\/index.php\/2022\/08\/31\/candidatures-a-la-presidence-de-lassemblee-nationale-yewwi-wallu-vers-limplosion\/#primaryimage"},"thumbnailUrl":"https:\/\/www.public.sn\/wp-content\/uploads\/2022\/08\/465f3ff1-65a2-4687-95b6-dcaae5cdf274-696x521-1.jpeg","datePublished":"2022-08-31T15:53:59+00:00","dateModified":"2022-08-31T15:54:32+00:00","breadcrumb":{"@id":"https:\/\/www.public.sn\/index.php\/2022\/08\/31\/candidatures-a-la-presidence-de-lassemblee-nationale-yewwi-wallu-vers-limplosion\/#breadcrumb"},"inLanguage":"fr-FR","potentialAction":[{"@type":"ReadAction","target":["https:\/\/www.public.sn\/index.php\/2022\/08\/31\/candidatures-a-la-presidence-de-lassemblee-nationale-yewwi-wallu-vers-limplosion\/"]}]},{"@type":"ImageObject","inLanguage":"fr-FR","@id":"https:\/\/www.public.sn\/index.php\/2022\/08\/31\/candidatures-a-la-presidence-de-lassemblee-nationale-yewwi-wallu-vers-limplosion\/#primaryimage","url":"https:\/\/www.public.sn\/wp-content\/uploads\/2022\/08\/465f3ff1-65a2-4687-95b6-dcaae5cdf274-696x521-1.jpeg","contentUrl":"https:\/\/www.public.sn\/wp-content\/uploads\/2022\/08\/465f3ff1-65a2-4687-95b6-dcaae5cdf274-696x521-1.jpeg","width":696,"height":521},{"@type":"BreadcrumbList","@id":"https:\/\/www.public.sn\/index.php\/2022\/08\/31\/candidatures-a-la-presidence-de-lassemblee-nationale-yewwi-wallu-vers-limplosion\/#breadcrumb","itemListElement":[{"@type":"ListItem","position":1,"name":"Accueil","item":"https:\/\/www.public.sn\/"},{"@type":"ListItem","position":2,"name":"Candidatures \u00e0 la pr\u00e9sidence de l&rsquo;Assembl\u00e9e nationale : Yewwi-Wallu vers l\u2019implosion"}]},{"@type":"WebSite","@id":"https:\/\/www.public.sn\/#website","url":"https:\/\/www.public.sn\/","name":"LE PUBLIC","description":"","publisher":{"@id":"https:\/\/www.public.sn\/#organization"},"potentialAction":[{"@type":"SearchAction","target":{"@type":"EntryPoint","urlTemplate":"https:\/\/www.public.sn\/?s={search_term_string}"},"query-input":{"@type":"PropertyValueSpecification","valueRequired":true,"valueName":"search_term_string"}}],"inLanguage":"fr-FR"},{"@type":"Organization","@id":"https:\/\/www.public.sn\/#organization","name":"LE PUBLIC","url":"https:\/\/www.public.sn\/","logo":{"@type":"ImageObject","inLanguage":"fr-FR","@id":"https:\/\/www.public.sn\/#\/schema\/logo\/image\/","url":"https:\/\/www.public.sn\/wp-content\/uploads\/2024\/05\/cropped-LOGO-PUBLIC.SN_.png","contentUrl":"https:\/\/www.public.sn\/wp-content\/uploads\/2024\/05\/cropped-LOGO-PUBLIC.SN_.png","width":682,"height":192,"caption":"LE PUBLIC"},"image":{"@id":"https:\/\/www.public.sn\/#\/schema\/logo\/image\/"}},{"@type":"Person","@id":"https:\/\/www.public.sn\/#\/schema\/person\/e3f4a11b037d4203902db148f9bc8d5a","name":"LA REDACTION","image":{"@type":"ImageObject","inLanguage":"fr-FR","@id":"https:\/\/www.public.sn\/#\/schema\/person\/image\/","url":"https:\/\/secure.gravatar.com\/avatar\/d6c030db45db2883c075085c5d6c6258654a801a93766b49af0b82d4f454e2a5?s=96&d=mm&r=g","contentUrl":"https:\/\/secure.gravatar.com\/avatar\/d6c030db45db2883c075085c5d6c6258654a801a93766b49af0b82d4f454e2a5?s=96&d=mm&r=g","caption":"LA REDACTION"},"sameAs":["http:\/\/www.public.sn"],"url":"https:\/\/www.public.sn\/index.php\/author\/admin7324\/"}]}},"jetpack_featured_media_url":"https:\/\/www.public.sn\/wp-content\/uploads\/2022\/08\/465f3ff1-65a2-4687-95b6-dcaae5cdf274-696x521-1.jpeg","jetpack_sharing_enabled":true,"_links":{"self":[{"href":"https:\/\/www.public.sn\/index.php\/wp-json\/wp\/v2\/posts\/1012","targetHints":{"allow":["GET"]}}],"collection":[{"href":"https:\/\/www.public.sn\/index.php\/wp-json\/wp\/v2\/posts"}],"about":[{"href":"https:\/\/www.public.sn\/index.php\/wp-json\/wp\/v2\/types\/post"}],"author":[{"embeddable":true,"href":"https:\/\/www.public.sn\/index.php\/wp-json\/wp\/v2\/users\/1"}],"replies":[{"embeddable":true,"href":"https:\/\/www.public.sn\/index.php\/wp-json\/wp\/v2\/comments?post=1012"}],"version-history":[{"count":1,"href":"https:\/\/www.public.sn\/index.php\/wp-json\/wp\/v2\/posts\/1012\/revisions"}],"predecessor-version":[{"id":1028,"href":"https:\/\/www.public.sn\/index.php\/wp-json\/wp\/v2\/posts\/1012\/revisions\/1028"}],"wp:featuredmedia":[{"embeddable":true,"href":"https:\/\/www.public.sn\/index.php\/wp-json\/wp\/v2\/media\/337"}],"wp:attachment":[{"href":"https:\/\/www.public.sn\/index.php\/wp-json\/wp\/v2\/media?parent=1012"}],"wp:term":[{"taxonomy":"category","embeddable":true,"href":"https:\/\/www.public.sn\/index.php\/wp-json\/wp\/v2\/categories?post=1012"},{"taxonomy":"post_tag","embeddable":true,"href":"https:\/\/www.public.sn\/index.php\/wp-json\/wp\/v2\/tags?post=1012"}],"curies":[{"name":"wp","href":"https:\/\/api.w.org\/{rel}","templated":true}]}}