{"id":1014,"date":"2022-08-31T18:02:13","date_gmt":"2022-08-31T16:02:13","guid":{"rendered":"https:\/\/www.public.sn\/?p=1014"},"modified":"2022-08-31T18:02:31","modified_gmt":"2022-08-31T16:02:31","slug":"wore-gana-seck-directrice-de-green-senegal-nest-plus","status":"publish","type":"post","link":"https:\/\/www.public.sn\/index.php\/2022\/08\/31\/wore-gana-seck-directrice-de-green-senegal-nest-plus\/","title":{"rendered":"Wor\u00e9 Gana Seck, Directrice de Green S\u00e9n\u00e9gal n\u2019est plus."},"content":{"rendered":"\n<h3 class=\"wp-block-heading\">Directrice l&rsquo;Organisation non gouvernementale (ONG) Green S\u00e9n\u00e9gal et pr\u00e9sidente de la commission de l\u2019Environnement du Conseil \u00e9conomique social et environnemental (CESE), Wor\u00e9 Gana Seck est d\u00e9c\u00e9d\u00e9e ce mardi 30 ao\u00fbt.<\/h3>\n\n\n\n<p>Originaire de Bargny, elle \u00e9tait une militante \u00e9cologiste. \u201c<em>Elle fait partie de ces S\u00e9n\u00e9galaises qui ont d\u00e9cid\u00e9 bien avant tout le monde de se battre pour des combats qui n\u2019avaient pas encore pris place dans le quotidien des citoyens et des citoyennes du tiers monde : l\u2019environnement.&nbsp;<\/em><\/p><div class=\"publi-paragraphe1\" style=\"margin-top: 10px;margin-bottom: 10px;margin-left: auto;margin-right: auto;text-align: center;\" id=\"publi-4258945570\"><div class=\"publi-adlabel\">Publicit\u00e9<\/div><script async src=\"\/\/pagead2.googlesyndication.com\/pagead\/js\/adsbygoogle.js?client=ca-pub-4089586018074219\" crossorigin=\"anonymous\"><\/script><ins class=\"adsbygoogle\" style=\"display:block;\" data-ad-client=\"ca-pub-4089586018074219\" \ndata-ad-slot=\"2087940154\" \ndata-ad-format=\"auto\"><\/ins>\n<script> \n(adsbygoogle = window.adsbygoogle || []).push({}); \n<\/script>\n<\/div>\n\n\n\n<p><em>Elle est aujourd\u2019hui une ic\u00f4ne pour les femmes et pour les d\u00e9fenseurs de l\u2019environnement et de l\u2019agriculture durable\u201d, \u00e9crivait le site Science et bien commun sur elle.&nbsp;<\/em><\/p>\n\n\n\n<p>La source de renseigner que c\u2019est en 2000, \u201c<em>la Lionne, comme la surnomment les femmes victimes de l\u2019\u00e9rosion c\u00f4ti\u00e8re a mis sur pied Green S\u00e9n\u00e9gal\u201d. <\/em>Une organisation qui lutte pour la pr\u00e9servation de l\u2019environnement, le d\u00e9veloppement et la modernisation de l\u2019agriculture et la gestion concert\u00e9e du littoral.<\/p>\n\n\n\n<p>Pour ra, le projet d\u2019adaptation \u00e0 l\u2019\u00e9rosion c\u00f4ti\u00e8re consiste \u00e0 former les riverains du littoral \u00e0 construire des infrastructures pour stopper l\u2019\u00e9rosion. D\u00e9j\u00e0 \u00e0 son actif, on peut d\u00e9nombrer entre autres la digue de protection promenade de Thiawlen (quartier de Rufisque sous la menace de la mer), en collaboration avec le centre de suivi \u00e9cologique et le minist\u00e8re de l\u2019environnement, les brise-lames \u00e0 Saly et la digue anti-sel de Joal.&nbsp;<\/p>\n\n\n\n<p>\u201c<em>Tr\u00e8s engag\u00e9e dans le domaine de l\u2019\u00e9ducation, Green S\u00e9n\u00e9gal a r\u00e9ussi \u00e0 r\u00e9habiliter des \u00e9coles et \u00e0 les doter de mat\u00e9riel d\u2019assainissement<\/em>\u201d, a-t-on t\u00e9moign\u00e9.<\/p>\n<div class=\"publi-apres-le-contenu\" style=\"margin-top: 10px;margin-bottom: 10px;margin-left: auto;margin-right: auto;text-align: center;\" id=\"publi-2189248694\"><div class=\"publi-adlabel\">Publicit\u00e9<\/div><script async src=\"\/\/pagead2.googlesyndication.com\/pagead\/js\/adsbygoogle.js?client=ca-pub-4089586018074219\" crossorigin=\"anonymous\"><\/script><ins class=\"adsbygoogle\" style=\"display:block;\" data-ad-client=\"ca-pub-4089586018074219\" \ndata-ad-slot=\"2087940154\" \ndata-ad-format=\"auto\"><\/ins>\n<script> \n(adsbygoogle = window.adsbygoogle || []).push({}); \n<\/script>\n<\/div>","protected":false},"excerpt":{"rendered":"<p>Directrice l&rsquo;Organisation non gouvernementale (ONG) Green S\u00e9n\u00e9gal et pr\u00e9sidente de la commission de l\u2019Environnement du Conseil \u00e9conomique social et environnemental (CESE), Wor\u00e9 Gana Seck est d\u00e9c\u00e9d\u00e9e ce mardi 30 ao\u00fbt. Originaire de Bargny, elle \u00e9tait une militante \u00e9cologiste. \u201cElle fait partie de ces S\u00e9n\u00e9galaises qui ont d\u00e9cid\u00e9 bien avant tout le monde de se battre pour des combats qui n\u2019avaient pas encore pris place dans le quotidien des citoyens et des citoyennes du tiers monde : l\u2019environnement.&nbsp; Elle est aujourd\u2019hui une ic\u00f4ne pour les femmes et pour les d\u00e9fenseurs de l\u2019environnement et de l\u2019agriculture durable\u201d, \u00e9crivait le site Science et bien commun sur elle.&nbsp; La source de renseigner que c\u2019est en 2000, \u201cla Lionne, comme la surnomment les femmes victimes de l\u2019\u00e9rosion c\u00f4ti\u00e8re a mis sur pied Green S\u00e9n\u00e9gal\u201d. Une organisation qui lutte pour la pr\u00e9servation de l\u2019environnement, le d\u00e9veloppement et la modernisation de l\u2019agriculture et la gestion concert\u00e9e du littoral. Pour ra, le projet d\u2019adaptation \u00e0 l\u2019\u00e9rosion c\u00f4ti\u00e8re consiste \u00e0 former les riverains du littoral \u00e0 construire des infrastructures pour stopper l\u2019\u00e9rosion. D\u00e9j\u00e0 \u00e0 son actif, on peut d\u00e9nombrer entre autres la digue de protection promenade de Thiawlen (quartier de Rufisque sous la menace de la mer), en collaboration avec le centre de suivi \u00e9cologique et le minist\u00e8re de l\u2019environnement, les brise-lames \u00e0 Saly et la digue anti-sel de Joal.&nbsp; \u201cTr\u00e8s engag\u00e9e dans le domaine de l\u2019\u00e9ducation, Green S\u00e9n\u00e9gal a r\u00e9ussi \u00e0 r\u00e9habiliter des \u00e9coles et \u00e0 les doter de mat\u00e9riel d\u2019assainissement\u201d, a-t-on t\u00e9moign\u00e9.<\/p>\n","protected":false},"author":1,"featured_media":1030,"comment_status":"open","ping_status":"open","sticky":false,"template":"","format":"standard","meta":{"_jetpack_memberships_contains_paid_content":false,"footnotes":""},"categories":[373,371,372],"tags":[374,359,358],"class_list":["post-1014","post","type-post","status-publish","format-standard","has-post-thumbnail","hentry","category-environnement","category-necrologie","category-vedette","tag-deces","tag-green-senegal","tag-wore-gana-seck","entry","has-media","owp-thumbs-layout-horizontal","owp-btn-normal","owp-tabs-layout-horizontal","has-no-thumbnails","has-product-nav"],"yoast_head":"<!-- This site is optimized with the Yoast SEO plugin v25.5 - https:\/\/yoast.com\/wordpress\/plugins\/seo\/ -->\n<title>Wor\u00e9 Gana Seck, Directrice de Green S\u00e9n\u00e9gal n\u2019est plus. - LE PUBLIC<\/title>\n<meta name=\"robots\" content=\"index, follow, max-snippet:-1, max-image-preview:large, max-video-preview:-1\" \/>\n<link rel=\"canonical\" href=\"https:\/\/www.public.sn\/index.php\/2022\/08\/31\/wore-gana-seck-directrice-de-green-senegal-nest-plus\/\" \/>\n<meta property=\"og:locale\" content=\"fr_FR\" \/>\n<meta property=\"og:type\" content=\"article\" \/>\n<meta property=\"og:title\" content=\"Wor\u00e9 Gana Seck, Directrice de Green S\u00e9n\u00e9gal n\u2019est plus. - LE PUBLIC\" \/>\n<meta property=\"og:description\" content=\"Directrice l&rsquo;Organisation non gouvernementale (ONG) Green S\u00e9n\u00e9gal et pr\u00e9sidente de la commission de l\u2019Environnement du Conseil \u00e9conomique social et environnemental (CESE), Wor\u00e9 Gana Seck est d\u00e9c\u00e9d\u00e9e ce mardi 30 ao\u00fbt. Originaire de Bargny, elle \u00e9tait une militante \u00e9cologiste. \u201cElle fait partie de ces S\u00e9n\u00e9galaises qui ont d\u00e9cid\u00e9 bien avant tout le monde de se battre pour des combats qui n\u2019avaient pas encore pris place dans le quotidien des citoyens et des citoyennes du tiers monde : l\u2019environnement.&nbsp; Elle est aujourd\u2019hui une ic\u00f4ne pour les femmes et pour les d\u00e9fenseurs de l\u2019environnement et de l\u2019agriculture durable\u201d, \u00e9crivait le site Science et bien commun sur elle.&nbsp; La source de renseigner que c\u2019est en 2000, \u201cla Lionne, comme la surnomment les femmes victimes de l\u2019\u00e9rosion c\u00f4ti\u00e8re a mis sur pied Green S\u00e9n\u00e9gal\u201d. Une organisation qui lutte pour la pr\u00e9servation de l\u2019environnement, le d\u00e9veloppement et la modernisation de l\u2019agriculture et la gestion concert\u00e9e du littoral. Pour ra, le projet d\u2019adaptation \u00e0 l\u2019\u00e9rosion c\u00f4ti\u00e8re consiste \u00e0 former les riverains du littoral \u00e0 construire des infrastructures pour stopper l\u2019\u00e9rosion. D\u00e9j\u00e0 \u00e0 son actif, on peut d\u00e9nombrer entre autres la digue de protection promenade de Thiawlen (quartier de Rufisque sous la menace de la mer), en collaboration avec le centre de suivi \u00e9cologique et le minist\u00e8re de l\u2019environnement, les brise-lames \u00e0 Saly et la digue anti-sel de Joal.&nbsp; \u201cTr\u00e8s engag\u00e9e dans le domaine de l\u2019\u00e9ducation, Green S\u00e9n\u00e9gal a r\u00e9ussi \u00e0 r\u00e9habiliter des \u00e9coles et \u00e0 les doter de mat\u00e9riel d\u2019assainissement\u201d, a-t-on t\u00e9moign\u00e9.\" \/>\n<meta property=\"og:url\" content=\"https:\/\/www.public.sn\/index.php\/2022\/08\/31\/wore-gana-seck-directrice-de-green-senegal-nest-plus\/\" \/>\n<meta property=\"og:site_name\" content=\"LE PUBLIC\" \/>\n<meta property=\"article:published_time\" content=\"2022-08-31T16:02:13+00:00\" \/>\n<meta property=\"article:modified_time\" content=\"2022-08-31T16:02:31+00:00\" \/>\n<meta property=\"og:image\" content=\"https:\/\/www.public.sn\/wp-content\/uploads\/2022\/08\/Wore-Gana-Seck.jpg\" \/>\n\t<meta property=\"og:image:width\" content=\"784\" \/>\n\t<meta property=\"og:image:height\" content=\"441\" \/>\n\t<meta property=\"og:image:type\" content=\"image\/jpeg\" \/>\n<meta name=\"author\" content=\"LA REDACTION\" \/>\n<meta name=\"twitter:card\" content=\"summary_large_image\" \/>\n<meta name=\"twitter:label1\" content=\"\u00c9crit par\" \/>\n\t<meta name=\"twitter:data1\" content=\"LA REDACTION\" \/>\n\t<meta name=\"twitter:label2\" content=\"Dur\u00e9e de lecture estim\u00e9e\" \/>\n\t<meta name=\"twitter:data2\" content=\"2 minutes\" \/>\n<script type=\"application\/ld+json\" class=\"yoast-schema-graph\">{\"@context\":\"https:\/\/schema.org\",\"@graph\":[{\"@type\":\"Article\",\"@id\":\"https:\/\/www.public.sn\/index.php\/2022\/08\/31\/wore-gana-seck-directrice-de-green-senegal-nest-plus\/#article\",\"isPartOf\":{\"@id\":\"https:\/\/www.public.sn\/index.php\/2022\/08\/31\/wore-gana-seck-directrice-de-green-senegal-nest-plus\/\"},\"author\":{\"name\":\"LA REDACTION\",\"@id\":\"https:\/\/www.public.sn\/#\/schema\/person\/e3f4a11b037d4203902db148f9bc8d5a\"},\"headline\":\"Wor\u00e9 Gana Seck, Directrice de Green S\u00e9n\u00e9gal n\u2019est plus.\",\"datePublished\":\"2022-08-31T16:02:13+00:00\",\"dateModified\":\"2022-08-31T16:02:31+00:00\",\"mainEntityOfPage\":{\"@id\":\"https:\/\/www.public.sn\/index.php\/2022\/08\/31\/wore-gana-seck-directrice-de-green-senegal-nest-plus\/\"},\"wordCount\":298,\"commentCount\":0,\"publisher\":{\"@id\":\"https:\/\/www.public.sn\/#organization\"},\"image\":{\"@id\":\"https:\/\/www.public.sn\/index.php\/2022\/08\/31\/wore-gana-seck-directrice-de-green-senegal-nest-plus\/#primaryimage\"},\"thumbnailUrl\":\"https:\/\/www.public.sn\/wp-content\/uploads\/2022\/08\/Wore-Gana-Seck.jpg\",\"keywords\":[\"d\u00e9c\u00e8s\",\"Green S\u00e9n\u00e9gal\",\"Wor\u00e9 Gana Seck\"],\"articleSection\":[\"ENVIRONNEMENT\",\"N\u00c9CROLOGIE\",\"VEDETTE\"],\"inLanguage\":\"fr-FR\",\"potentialAction\":[{\"@type\":\"CommentAction\",\"name\":\"Comment\",\"target\":[\"https:\/\/www.public.sn\/index.php\/2022\/08\/31\/wore-gana-seck-directrice-de-green-senegal-nest-plus\/#respond\"]}]},{\"@type\":\"WebPage\",\"@id\":\"https:\/\/www.public.sn\/index.php\/2022\/08\/31\/wore-gana-seck-directrice-de-green-senegal-nest-plus\/\",\"url\":\"https:\/\/www.public.sn\/index.php\/2022\/08\/31\/wore-gana-seck-directrice-de-green-senegal-nest-plus\/\",\"name\":\"Wor\u00e9 Gana Seck, Directrice de Green S\u00e9n\u00e9gal n\u2019est plus. - LE PUBLIC\",\"isPartOf\":{\"@id\":\"https:\/\/www.public.sn\/#website\"},\"primaryImageOfPage\":{\"@id\":\"https:\/\/www.public.sn\/index.php\/2022\/08\/31\/wore-gana-seck-directrice-de-green-senegal-nest-plus\/#primaryimage\"},\"image\":{\"@id\":\"https:\/\/www.public.sn\/index.php\/2022\/08\/31\/wore-gana-seck-directrice-de-green-senegal-nest-plus\/#primaryimage\"},\"thumbnailUrl\":\"https:\/\/www.public.sn\/wp-content\/uploads\/2022\/08\/Wore-Gana-Seck.jpg\",\"datePublished\":\"2022-08-31T16:02:13+00:00\",\"dateModified\":\"2022-08-31T16:02:31+00:00\",\"breadcrumb\":{\"@id\":\"https:\/\/www.public.sn\/index.php\/2022\/08\/31\/wore-gana-seck-directrice-de-green-senegal-nest-plus\/#breadcrumb\"},\"inLanguage\":\"fr-FR\",\"potentialAction\":[{\"@type\":\"ReadAction\",\"target\":[\"https:\/\/www.public.sn\/index.php\/2022\/08\/31\/wore-gana-seck-directrice-de-green-senegal-nest-plus\/\"]}]},{\"@type\":\"ImageObject\",\"inLanguage\":\"fr-FR\",\"@id\":\"https:\/\/www.public.sn\/index.php\/2022\/08\/31\/wore-gana-seck-directrice-de-green-senegal-nest-plus\/#primaryimage\",\"url\":\"https:\/\/www.public.sn\/wp-content\/uploads\/2022\/08\/Wore-Gana-Seck.jpg\",\"contentUrl\":\"https:\/\/www.public.sn\/wp-content\/uploads\/2022\/08\/Wore-Gana-Seck.jpg\",\"width\":784,\"height\":441},{\"@type\":\"BreadcrumbList\",\"@id\":\"https:\/\/www.public.sn\/index.php\/2022\/08\/31\/wore-gana-seck-directrice-de-green-senegal-nest-plus\/#breadcrumb\",\"itemListElement\":[{\"@type\":\"ListItem\",\"position\":1,\"name\":\"Accueil\",\"item\":\"https:\/\/www.public.sn\/\"},{\"@type\":\"ListItem\",\"position\":2,\"name\":\"Wor\u00e9 Gana Seck, Directrice de Green S\u00e9n\u00e9gal n\u2019est plus.\"}]},{\"@type\":\"WebSite\",\"@id\":\"https:\/\/www.public.sn\/#website\",\"url\":\"https:\/\/www.public.sn\/\",\"name\":\"LE PUBLIC\",\"description\":\"\",\"publisher\":{\"@id\":\"https:\/\/www.public.sn\/#organization\"},\"potentialAction\":[{\"@type\":\"SearchAction\",\"target\":{\"@type\":\"EntryPoint\",\"urlTemplate\":\"https:\/\/www.public.sn\/?s={search_term_string}\"},\"query-input\":{\"@type\":\"PropertyValueSpecification\",\"valueRequired\":true,\"valueName\":\"search_term_string\"}}],\"inLanguage\":\"fr-FR\"},{\"@type\":\"Organization\",\"@id\":\"https:\/\/www.public.sn\/#organization\",\"name\":\"LE PUBLIC\",\"url\":\"https:\/\/www.public.sn\/\",\"logo\":{\"@type\":\"ImageObject\",\"inLanguage\":\"fr-FR\",\"@id\":\"https:\/\/www.public.sn\/#\/schema\/logo\/image\/\",\"url\":\"https:\/\/www.public.sn\/wp-content\/uploads\/2024\/05\/cropped-LOGO-PUBLIC.SN_.png\",\"contentUrl\":\"https:\/\/www.public.sn\/wp-content\/uploads\/2024\/05\/cropped-LOGO-PUBLIC.SN_.png\",\"width\":682,\"height\":192,\"caption\":\"LE PUBLIC\"},\"image\":{\"@id\":\"https:\/\/www.public.sn\/#\/schema\/logo\/image\/\"}},{\"@type\":\"Person\",\"@id\":\"https:\/\/www.public.sn\/#\/schema\/person\/e3f4a11b037d4203902db148f9bc8d5a\",\"name\":\"LA REDACTION\",\"image\":{\"@type\":\"ImageObject\",\"inLanguage\":\"fr-FR\",\"@id\":\"https:\/\/www.public.sn\/#\/schema\/person\/image\/\",\"url\":\"https:\/\/secure.gravatar.com\/avatar\/d6c030db45db2883c075085c5d6c6258654a801a93766b49af0b82d4f454e2a5?s=96&d=mm&r=g\",\"contentUrl\":\"https:\/\/secure.gravatar.com\/avatar\/d6c030db45db2883c075085c5d6c6258654a801a93766b49af0b82d4f454e2a5?s=96&d=mm&r=g\",\"caption\":\"LA REDACTION\"},\"sameAs\":[\"http:\/\/www.public.sn\"],\"url\":\"https:\/\/www.public.sn\/index.php\/author\/admin7324\/\"}]}<\/script>\n<!-- \/ Yoast SEO plugin. -->","yoast_head_json":{"title":"Wor\u00e9 Gana Seck, Directrice de Green S\u00e9n\u00e9gal n\u2019est plus. - LE PUBLIC","robots":{"index":"index","follow":"follow","max-snippet":"max-snippet:-1","max-image-preview":"max-image-preview:large","max-video-preview":"max-video-preview:-1"},"canonical":"https:\/\/www.public.sn\/index.php\/2022\/08\/31\/wore-gana-seck-directrice-de-green-senegal-nest-plus\/","og_locale":"fr_FR","og_type":"article","og_title":"Wor\u00e9 Gana Seck, Directrice de Green S\u00e9n\u00e9gal n\u2019est plus. - LE PUBLIC","og_description":"Directrice l&rsquo;Organisation non gouvernementale (ONG) Green S\u00e9n\u00e9gal et pr\u00e9sidente de la commission de l\u2019Environnement du Conseil \u00e9conomique social et environnemental (CESE), Wor\u00e9 Gana Seck est d\u00e9c\u00e9d\u00e9e ce mardi 30 ao\u00fbt. Originaire de Bargny, elle \u00e9tait une militante \u00e9cologiste. \u201cElle fait partie de ces S\u00e9n\u00e9galaises qui ont d\u00e9cid\u00e9 bien avant tout le monde de se battre pour des combats qui n\u2019avaient pas encore pris place dans le quotidien des citoyens et des citoyennes du tiers monde : l\u2019environnement.&nbsp; Elle est aujourd\u2019hui une ic\u00f4ne pour les femmes et pour les d\u00e9fenseurs de l\u2019environnement et de l\u2019agriculture durable\u201d, \u00e9crivait le site Science et bien commun sur elle.&nbsp; La source de renseigner que c\u2019est en 2000, \u201cla Lionne, comme la surnomment les femmes victimes de l\u2019\u00e9rosion c\u00f4ti\u00e8re a mis sur pied Green S\u00e9n\u00e9gal\u201d. Une organisation qui lutte pour la pr\u00e9servation de l\u2019environnement, le d\u00e9veloppement et la modernisation de l\u2019agriculture et la gestion concert\u00e9e du littoral. Pour ra, le projet d\u2019adaptation \u00e0 l\u2019\u00e9rosion c\u00f4ti\u00e8re consiste \u00e0 former les riverains du littoral \u00e0 construire des infrastructures pour stopper l\u2019\u00e9rosion. D\u00e9j\u00e0 \u00e0 son actif, on peut d\u00e9nombrer entre autres la digue de protection promenade de Thiawlen (quartier de Rufisque sous la menace de la mer), en collaboration avec le centre de suivi \u00e9cologique et le minist\u00e8re de l\u2019environnement, les brise-lames \u00e0 Saly et la digue anti-sel de Joal.&nbsp; \u201cTr\u00e8s engag\u00e9e dans le domaine de l\u2019\u00e9ducation, Green S\u00e9n\u00e9gal a r\u00e9ussi \u00e0 r\u00e9habiliter des \u00e9coles et \u00e0 les doter de mat\u00e9riel d\u2019assainissement\u201d, a-t-on t\u00e9moign\u00e9.","og_url":"https:\/\/www.public.sn\/index.php\/2022\/08\/31\/wore-gana-seck-directrice-de-green-senegal-nest-plus\/","og_site_name":"LE PUBLIC","article_published_time":"2022-08-31T16:02:13+00:00","article_modified_time":"2022-08-31T16:02:31+00:00","og_image":[{"width":784,"height":441,"url":"https:\/\/www.public.sn\/wp-content\/uploads\/2022\/08\/Wore-Gana-Seck.jpg","type":"image\/jpeg"}],"author":"LA REDACTION","twitter_card":"summary_large_image","twitter_misc":{"\u00c9crit par":"LA REDACTION","Dur\u00e9e de lecture estim\u00e9e":"2 minutes"},"schema":{"@context":"https:\/\/schema.org","@graph":[{"@type":"Article","@id":"https:\/\/www.public.sn\/index.php\/2022\/08\/31\/wore-gana-seck-directrice-de-green-senegal-nest-plus\/#article","isPartOf":{"@id":"https:\/\/www.public.sn\/index.php\/2022\/08\/31\/wore-gana-seck-directrice-de-green-senegal-nest-plus\/"},"author":{"name":"LA REDACTION","@id":"https:\/\/www.public.sn\/#\/schema\/person\/e3f4a11b037d4203902db148f9bc8d5a"},"headline":"Wor\u00e9 Gana Seck, Directrice de Green S\u00e9n\u00e9gal n\u2019est plus.","datePublished":"2022-08-31T16:02:13+00:00","dateModified":"2022-08-31T16:02:31+00:00","mainEntityOfPage":{"@id":"https:\/\/www.public.sn\/index.php\/2022\/08\/31\/wore-gana-seck-directrice-de-green-senegal-nest-plus\/"},"wordCount":298,"commentCount":0,"publisher":{"@id":"https:\/\/www.public.sn\/#organization"},"image":{"@id":"https:\/\/www.public.sn\/index.php\/2022\/08\/31\/wore-gana-seck-directrice-de-green-senegal-nest-plus\/#primaryimage"},"thumbnailUrl":"https:\/\/www.public.sn\/wp-content\/uploads\/2022\/08\/Wore-Gana-Seck.jpg","keywords":["d\u00e9c\u00e8s","Green S\u00e9n\u00e9gal","Wor\u00e9 Gana Seck"],"articleSection":["ENVIRONNEMENT","N\u00c9CROLOGIE","VEDETTE"],"inLanguage":"fr-FR","potentialAction":[{"@type":"CommentAction","name":"Comment","target":["https:\/\/www.public.sn\/index.php\/2022\/08\/31\/wore-gana-seck-directrice-de-green-senegal-nest-plus\/#respond"]}]},{"@type":"WebPage","@id":"https:\/\/www.public.sn\/index.php\/2022\/08\/31\/wore-gana-seck-directrice-de-green-senegal-nest-plus\/","url":"https:\/\/www.public.sn\/index.php\/2022\/08\/31\/wore-gana-seck-directrice-de-green-senegal-nest-plus\/","name":"Wor\u00e9 Gana Seck, Directrice de Green S\u00e9n\u00e9gal n\u2019est plus. - LE PUBLIC","isPartOf":{"@id":"https:\/\/www.public.sn\/#website"},"primaryImageOfPage":{"@id":"https:\/\/www.public.sn\/index.php\/2022\/08\/31\/wore-gana-seck-directrice-de-green-senegal-nest-plus\/#primaryimage"},"image":{"@id":"https:\/\/www.public.sn\/index.php\/2022\/08\/31\/wore-gana-seck-directrice-de-green-senegal-nest-plus\/#primaryimage"},"thumbnailUrl":"https:\/\/www.public.sn\/wp-content\/uploads\/2022\/08\/Wore-Gana-Seck.jpg","datePublished":"2022-08-31T16:02:13+00:00","dateModified":"2022-08-31T16:02:31+00:00","breadcrumb":{"@id":"https:\/\/www.public.sn\/index.php\/2022\/08\/31\/wore-gana-seck-directrice-de-green-senegal-nest-plus\/#breadcrumb"},"inLanguage":"fr-FR","potentialAction":[{"@type":"ReadAction","target":["https:\/\/www.public.sn\/index.php\/2022\/08\/31\/wore-gana-seck-directrice-de-green-senegal-nest-plus\/"]}]},{"@type":"ImageObject","inLanguage":"fr-FR","@id":"https:\/\/www.public.sn\/index.php\/2022\/08\/31\/wore-gana-seck-directrice-de-green-senegal-nest-plus\/#primaryimage","url":"https:\/\/www.public.sn\/wp-content\/uploads\/2022\/08\/Wore-Gana-Seck.jpg","contentUrl":"https:\/\/www.public.sn\/wp-content\/uploads\/2022\/08\/Wore-Gana-Seck.jpg","width":784,"height":441},{"@type":"BreadcrumbList","@id":"https:\/\/www.public.sn\/index.php\/2022\/08\/31\/wore-gana-seck-directrice-de-green-senegal-nest-plus\/#breadcrumb","itemListElement":[{"@type":"ListItem","position":1,"name":"Accueil","item":"https:\/\/www.public.sn\/"},{"@type":"ListItem","position":2,"name":"Wor\u00e9 Gana Seck, Directrice de Green S\u00e9n\u00e9gal n\u2019est plus."}]},{"@type":"WebSite","@id":"https:\/\/www.public.sn\/#website","url":"https:\/\/www.public.sn\/","name":"LE PUBLIC","description":"","publisher":{"@id":"https:\/\/www.public.sn\/#organization"},"potentialAction":[{"@type":"SearchAction","target":{"@type":"EntryPoint","urlTemplate":"https:\/\/www.public.sn\/?s={search_term_string}"},"query-input":{"@type":"PropertyValueSpecification","valueRequired":true,"valueName":"search_term_string"}}],"inLanguage":"fr-FR"},{"@type":"Organization","@id":"https:\/\/www.public.sn\/#organization","name":"LE PUBLIC","url":"https:\/\/www.public.sn\/","logo":{"@type":"ImageObject","inLanguage":"fr-FR","@id":"https:\/\/www.public.sn\/#\/schema\/logo\/image\/","url":"https:\/\/www.public.sn\/wp-content\/uploads\/2024\/05\/cropped-LOGO-PUBLIC.SN_.png","contentUrl":"https:\/\/www.public.sn\/wp-content\/uploads\/2024\/05\/cropped-LOGO-PUBLIC.SN_.png","width":682,"height":192,"caption":"LE PUBLIC"},"image":{"@id":"https:\/\/www.public.sn\/#\/schema\/logo\/image\/"}},{"@type":"Person","@id":"https:\/\/www.public.sn\/#\/schema\/person\/e3f4a11b037d4203902db148f9bc8d5a","name":"LA REDACTION","image":{"@type":"ImageObject","inLanguage":"fr-FR","@id":"https:\/\/www.public.sn\/#\/schema\/person\/image\/","url":"https:\/\/secure.gravatar.com\/avatar\/d6c030db45db2883c075085c5d6c6258654a801a93766b49af0b82d4f454e2a5?s=96&d=mm&r=g","contentUrl":"https:\/\/secure.gravatar.com\/avatar\/d6c030db45db2883c075085c5d6c6258654a801a93766b49af0b82d4f454e2a5?s=96&d=mm&r=g","caption":"LA REDACTION"},"sameAs":["http:\/\/www.public.sn"],"url":"https:\/\/www.public.sn\/index.php\/author\/admin7324\/"}]}},"jetpack_featured_media_url":"https:\/\/www.public.sn\/wp-content\/uploads\/2022\/08\/Wore-Gana-Seck.jpg","jetpack_sharing_enabled":true,"_links":{"self":[{"href":"https:\/\/www.public.sn\/index.php\/wp-json\/wp\/v2\/posts\/1014","targetHints":{"allow":["GET"]}}],"collection":[{"href":"https:\/\/www.public.sn\/index.php\/wp-json\/wp\/v2\/posts"}],"about":[{"href":"https:\/\/www.public.sn\/index.php\/wp-json\/wp\/v2\/types\/post"}],"author":[{"embeddable":true,"href":"https:\/\/www.public.sn\/index.php\/wp-json\/wp\/v2\/users\/1"}],"replies":[{"embeddable":true,"href":"https:\/\/www.public.sn\/index.php\/wp-json\/wp\/v2\/comments?post=1014"}],"version-history":[{"count":1,"href":"https:\/\/www.public.sn\/index.php\/wp-json\/wp\/v2\/posts\/1014\/revisions"}],"predecessor-version":[{"id":1031,"href":"https:\/\/www.public.sn\/index.php\/wp-json\/wp\/v2\/posts\/1014\/revisions\/1031"}],"wp:featuredmedia":[{"embeddable":true,"href":"https:\/\/www.public.sn\/index.php\/wp-json\/wp\/v2\/media\/1030"}],"wp:attachment":[{"href":"https:\/\/www.public.sn\/index.php\/wp-json\/wp\/v2\/media?parent=1014"}],"wp:term":[{"taxonomy":"category","embeddable":true,"href":"https:\/\/www.public.sn\/index.php\/wp-json\/wp\/v2\/categories?post=1014"},{"taxonomy":"post_tag","embeddable":true,"href":"https:\/\/www.public.sn\/index.php\/wp-json\/wp\/v2\/tags?post=1014"}],"curies":[{"name":"wp","href":"https:\/\/api.w.org\/{rel}","templated":true}]}}