{"id":10154,"date":"2022-11-26T11:56:22","date_gmt":"2022-11-26T11:56:22","guid":{"rendered":"https:\/\/www.public.sn\/?p=10154"},"modified":"2022-11-26T14:04:29","modified_gmt":"2022-11-26T14:04:29","slug":"qatar-2022-lequateur-jouera-sans-valencia","status":"publish","type":"post","link":"https:\/\/www.public.sn\/index.php\/2022\/11\/26\/qatar-2022-lequateur-jouera-sans-valencia\/","title":{"rendered":"Qatar 2022: l&rsquo;Equateur jouera sans valencia?"},"content":{"rendered":"\n<p><strong>Meilleur buteur de la Coupe du monde avec trois r\u00e9alisations, Enner Valencia est sorti sur blessure face aux Pays-Bas ce vendredi 25 novembre (1-1). L\u2019attaquant \u00e9quatorien esp\u00e8re disputer le troisi\u00e8me match face au S\u00e9n\u00e9gal dans le groupe A, d\u00e9cisif pour la qualification en huiti\u00e8mes de finale.<\/strong><\/p><div class=\"publi-paragraphe1\" style=\"margin-top: 10px;margin-bottom: 10px;margin-left: auto;margin-right: auto;text-align: center;\" id=\"publi-452742503\"><div class=\"publi-adlabel\">Publicit\u00e9<\/div><script async src=\"\/\/pagead2.googlesyndication.com\/pagead\/js\/adsbygoogle.js?client=ca-pub-4089586018074219\" crossorigin=\"anonymous\"><\/script><ins class=\"adsbygoogle\" style=\"display:block;\" data-ad-client=\"ca-pub-4089586018074219\" \ndata-ad-slot=\"2087940154\" \ndata-ad-format=\"auto\"><\/ins>\n<script> \n(adsbygoogle = window.adsbygoogle || []).push({}); \n<\/script>\n<\/div>\n\n\n\n<p>\u00ab\u00a0Ca m&rsquo;a fait un peu mal aujourd&rsquo;hui, j&rsquo;ai jou\u00e9 malgr\u00e9 la douleur, mais si je peux jouer mardi contre le S\u00e9n\u00e9gal, j&rsquo;esp\u00e8re que \u00e7a ira mieux\u00a0\u00bb, a d\u00e9clar\u00e9 Valencia en zone mixte.<\/p>\n\n\n\n<p>L&rsquo;attaquant ajoute que \u00ab\u00a0Le plus important, c&rsquo;est que je puisse aider le groupe et que nous puissions continuer \u00e0 \u00eatre forts, \u00e0 r\u00eaver en grand\u00a0\u00bb.<br>Avec quatre points en deux matches, l&rsquo;Equateur est en t\u00eate du Groupe A, \u00e0 \u00e9galit\u00e9 de points avec les Pays-Bas qui avaient aussi gagn\u00e9 leur premier match de poule, contre le S\u00e9n\u00e9gal (2-0).<\/p>\n\n\n\n<p>\u00ab\u00a0La v\u00e9rit\u00e9, c&rsquo;est que notre groupe va bien, qu&rsquo;il est fort, qu&rsquo;il a beaucoup de confiance en lui, et c&rsquo;est le plus important. Nous allons pr\u00e9parer ce match en sachant que ce sera une finale\u00a0\u00bb, a conclu Valencia.<\/p>\n\n\n\n<p><br>A noter, que le S\u00e9n\u00e9gal s&rsquo;est relanc\u00e9 ce vendredi en battant le Qatar (3-1) mais ils entameront le match d\u00e9cisif du Groupe A, mardi, avec un point de retard sur des Equatoriens qui pourront se contenter d&rsquo;un seul point, en faisant match nul.<br><\/p>\n\n\n\n<p><strong>Mame Marie THIAM <\/strong><\/p>\n<div class=\"publi-apres-le-contenu\" style=\"margin-top: 10px;margin-bottom: 10px;margin-left: auto;margin-right: auto;text-align: center;\" id=\"publi-371324451\"><div class=\"publi-adlabel\">Publicit\u00e9<\/div><script async src=\"\/\/pagead2.googlesyndication.com\/pagead\/js\/adsbygoogle.js?client=ca-pub-4089586018074219\" crossorigin=\"anonymous\"><\/script><ins class=\"adsbygoogle\" style=\"display:block;\" data-ad-client=\"ca-pub-4089586018074219\" \ndata-ad-slot=\"2087940154\" \ndata-ad-format=\"auto\"><\/ins>\n<script> \n(adsbygoogle = window.adsbygoogle || []).push({}); \n<\/script>\n<\/div>","protected":false},"excerpt":{"rendered":"<p>Meilleur buteur de la Coupe du monde avec trois r\u00e9alisations, Enner Valencia est sorti sur blessure face aux Pays-Bas ce vendredi 25 novembre (1-1). L\u2019attaquant \u00e9quatorien esp\u00e8re disputer le troisi\u00e8me match face au S\u00e9n\u00e9gal dans le groupe A, d\u00e9cisif pour la qualification en huiti\u00e8mes de finale. \u00ab\u00a0Ca m&rsquo;a fait un peu mal aujourd&rsquo;hui, j&rsquo;ai jou\u00e9 malgr\u00e9 la douleur, mais si je peux jouer mardi contre le S\u00e9n\u00e9gal, j&rsquo;esp\u00e8re que \u00e7a ira mieux\u00a0\u00bb, a d\u00e9clar\u00e9 Valencia en zone mixte. L&rsquo;attaquant ajoute que \u00ab\u00a0Le plus important, c&rsquo;est que je puisse aider le groupe et que nous puissions continuer \u00e0 \u00eatre forts, \u00e0 r\u00eaver en grand\u00a0\u00bb.Avec quatre points en deux matches, l&rsquo;Equateur est en t\u00eate du Groupe A, \u00e0 \u00e9galit\u00e9 de points avec les Pays-Bas qui avaient aussi gagn\u00e9 leur premier match de poule, contre le S\u00e9n\u00e9gal (2-0). \u00ab\u00a0La v\u00e9rit\u00e9, c&rsquo;est que notre groupe va bien, qu&rsquo;il est fort, qu&rsquo;il a beaucoup de confiance en lui, et c&rsquo;est le plus important. Nous allons pr\u00e9parer ce match en sachant que ce sera une finale\u00a0\u00bb, a conclu Valencia. A noter, que le S\u00e9n\u00e9gal s&rsquo;est relanc\u00e9 ce vendredi en battant le Qatar (3-1) mais ils entameront le match d\u00e9cisif du Groupe A, mardi, avec un point de retard sur des Equatoriens qui pourront se contenter d&rsquo;un seul point, en faisant match nul. Mame Marie THIAM<\/p>\n","protected":false},"author":7,"featured_media":10155,"comment_status":"open","ping_status":"open","sticky":false,"template":"","format":"standard","meta":{"_jetpack_memberships_contains_paid_content":false,"footnotes":""},"categories":[375,8,1,7],"tags":[3373,56,3383],"class_list":["post-10154","post","type-post","status-publish","format-standard","has-post-thumbnail","hentry","category-actualites","category-public-tv","category-non-classe","category-sport","tag-equateur","tag-qatar-2022","tag-valencia","entry","has-media","owp-thumbs-layout-horizontal","owp-btn-normal","owp-tabs-layout-horizontal","has-no-thumbnails","has-product-nav"],"yoast_head":"<!-- This site is optimized with the Yoast SEO plugin v25.5 - https:\/\/yoast.com\/wordpress\/plugins\/seo\/ -->\n<title>Qatar 2022: l&#039;Equateur jouera sans valencia? - LE PUBLIC<\/title>\n<meta name=\"robots\" content=\"index, follow, max-snippet:-1, max-image-preview:large, max-video-preview:-1\" \/>\n<link rel=\"canonical\" href=\"https:\/\/www.public.sn\/index.php\/2022\/11\/26\/qatar-2022-lequateur-jouera-sans-valencia\/\" \/>\n<meta property=\"og:locale\" content=\"fr_FR\" \/>\n<meta property=\"og:type\" content=\"article\" \/>\n<meta property=\"og:title\" content=\"Qatar 2022: l&#039;Equateur jouera sans valencia? - LE PUBLIC\" \/>\n<meta property=\"og:description\" content=\"Meilleur buteur de la Coupe du monde avec trois r\u00e9alisations, Enner Valencia est sorti sur blessure face aux Pays-Bas ce vendredi 25 novembre (1-1). L\u2019attaquant \u00e9quatorien esp\u00e8re disputer le troisi\u00e8me match face au S\u00e9n\u00e9gal dans le groupe A, d\u00e9cisif pour la qualification en huiti\u00e8mes de finale. \u00ab\u00a0Ca m&rsquo;a fait un peu mal aujourd&rsquo;hui, j&rsquo;ai jou\u00e9 malgr\u00e9 la douleur, mais si je peux jouer mardi contre le S\u00e9n\u00e9gal, j&rsquo;esp\u00e8re que \u00e7a ira mieux\u00a0\u00bb, a d\u00e9clar\u00e9 Valencia en zone mixte. L&rsquo;attaquant ajoute que \u00ab\u00a0Le plus important, c&rsquo;est que je puisse aider le groupe et que nous puissions continuer \u00e0 \u00eatre forts, \u00e0 r\u00eaver en grand\u00a0\u00bb.Avec quatre points en deux matches, l&rsquo;Equateur est en t\u00eate du Groupe A, \u00e0 \u00e9galit\u00e9 de points avec les Pays-Bas qui avaient aussi gagn\u00e9 leur premier match de poule, contre le S\u00e9n\u00e9gal (2-0). \u00ab\u00a0La v\u00e9rit\u00e9, c&rsquo;est que notre groupe va bien, qu&rsquo;il est fort, qu&rsquo;il a beaucoup de confiance en lui, et c&rsquo;est le plus important. Nous allons pr\u00e9parer ce match en sachant que ce sera une finale\u00a0\u00bb, a conclu Valencia. A noter, que le S\u00e9n\u00e9gal s&rsquo;est relanc\u00e9 ce vendredi en battant le Qatar (3-1) mais ils entameront le match d\u00e9cisif du Groupe A, mardi, avec un point de retard sur des Equatoriens qui pourront se contenter d&rsquo;un seul point, en faisant match nul. Mame Marie THIAM\" \/>\n<meta property=\"og:url\" content=\"https:\/\/www.public.sn\/index.php\/2022\/11\/26\/qatar-2022-lequateur-jouera-sans-valencia\/\" \/>\n<meta property=\"og:site_name\" content=\"LE PUBLIC\" \/>\n<meta property=\"article:published_time\" content=\"2022-11-26T11:56:22+00:00\" \/>\n<meta property=\"article:modified_time\" content=\"2022-11-26T14:04:29+00:00\" \/>\n<meta property=\"og:image\" content=\"https:\/\/www.public.sn\/wp-content\/uploads\/2022\/11\/enner.jpg\" \/>\n\t<meta property=\"og:image:width\" content=\"300\" \/>\n\t<meta property=\"og:image:height\" content=\"168\" \/>\n\t<meta property=\"og:image:type\" content=\"image\/jpeg\" \/>\n<meta name=\"author\" content=\"LA REDACTION\" \/>\n<meta name=\"twitter:card\" content=\"summary_large_image\" \/>\n<meta name=\"twitter:label1\" content=\"\u00c9crit par\" \/>\n\t<meta name=\"twitter:data1\" content=\"LA REDACTION\" \/>\n\t<meta name=\"twitter:label2\" content=\"Dur\u00e9e de lecture estim\u00e9e\" \/>\n\t<meta name=\"twitter:data2\" content=\"2 minutes\" \/>\n<script type=\"application\/ld+json\" class=\"yoast-schema-graph\">{\"@context\":\"https:\/\/schema.org\",\"@graph\":[{\"@type\":\"Article\",\"@id\":\"https:\/\/www.public.sn\/index.php\/2022\/11\/26\/qatar-2022-lequateur-jouera-sans-valencia\/#article\",\"isPartOf\":{\"@id\":\"https:\/\/www.public.sn\/index.php\/2022\/11\/26\/qatar-2022-lequateur-jouera-sans-valencia\/\"},\"author\":{\"name\":\"LA REDACTION\",\"@id\":\"https:\/\/www.public.sn\/#\/schema\/person\/cb76c8e1b8becc6be61fb5e92d6d0224\"},\"headline\":\"Qatar 2022: l&rsquo;Equateur jouera sans valencia?\",\"datePublished\":\"2022-11-26T11:56:22+00:00\",\"dateModified\":\"2022-11-26T14:04:29+00:00\",\"mainEntityOfPage\":{\"@id\":\"https:\/\/www.public.sn\/index.php\/2022\/11\/26\/qatar-2022-lequateur-jouera-sans-valencia\/\"},\"wordCount\":242,\"commentCount\":0,\"publisher\":{\"@id\":\"https:\/\/www.public.sn\/#organization\"},\"image\":{\"@id\":\"https:\/\/www.public.sn\/index.php\/2022\/11\/26\/qatar-2022-lequateur-jouera-sans-valencia\/#primaryimage\"},\"thumbnailUrl\":\"https:\/\/www.public.sn\/wp-content\/uploads\/2022\/11\/enner.jpg\",\"keywords\":[\"equateur\",\"Qatar 2022\",\"valencia\"],\"articleSection\":[\"ACTUALIT\u00c9S\",\"PUBLIC TV\",\"S\u00c9N\u00c9GAL\",\"SPORTS\"],\"inLanguage\":\"fr-FR\",\"potentialAction\":[{\"@type\":\"CommentAction\",\"name\":\"Comment\",\"target\":[\"https:\/\/www.public.sn\/index.php\/2022\/11\/26\/qatar-2022-lequateur-jouera-sans-valencia\/#respond\"]}]},{\"@type\":\"WebPage\",\"@id\":\"https:\/\/www.public.sn\/index.php\/2022\/11\/26\/qatar-2022-lequateur-jouera-sans-valencia\/\",\"url\":\"https:\/\/www.public.sn\/index.php\/2022\/11\/26\/qatar-2022-lequateur-jouera-sans-valencia\/\",\"name\":\"Qatar 2022: l'Equateur jouera sans valencia? - LE PUBLIC\",\"isPartOf\":{\"@id\":\"https:\/\/www.public.sn\/#website\"},\"primaryImageOfPage\":{\"@id\":\"https:\/\/www.public.sn\/index.php\/2022\/11\/26\/qatar-2022-lequateur-jouera-sans-valencia\/#primaryimage\"},\"image\":{\"@id\":\"https:\/\/www.public.sn\/index.php\/2022\/11\/26\/qatar-2022-lequateur-jouera-sans-valencia\/#primaryimage\"},\"thumbnailUrl\":\"https:\/\/www.public.sn\/wp-content\/uploads\/2022\/11\/enner.jpg\",\"datePublished\":\"2022-11-26T11:56:22+00:00\",\"dateModified\":\"2022-11-26T14:04:29+00:00\",\"breadcrumb\":{\"@id\":\"https:\/\/www.public.sn\/index.php\/2022\/11\/26\/qatar-2022-lequateur-jouera-sans-valencia\/#breadcrumb\"},\"inLanguage\":\"fr-FR\",\"potentialAction\":[{\"@type\":\"ReadAction\",\"target\":[\"https:\/\/www.public.sn\/index.php\/2022\/11\/26\/qatar-2022-lequateur-jouera-sans-valencia\/\"]}]},{\"@type\":\"ImageObject\",\"inLanguage\":\"fr-FR\",\"@id\":\"https:\/\/www.public.sn\/index.php\/2022\/11\/26\/qatar-2022-lequateur-jouera-sans-valencia\/#primaryimage\",\"url\":\"https:\/\/www.public.sn\/wp-content\/uploads\/2022\/11\/enner.jpg\",\"contentUrl\":\"https:\/\/www.public.sn\/wp-content\/uploads\/2022\/11\/enner.jpg\",\"width\":300,\"height\":168},{\"@type\":\"BreadcrumbList\",\"@id\":\"https:\/\/www.public.sn\/index.php\/2022\/11\/26\/qatar-2022-lequateur-jouera-sans-valencia\/#breadcrumb\",\"itemListElement\":[{\"@type\":\"ListItem\",\"position\":1,\"name\":\"Accueil\",\"item\":\"https:\/\/www.public.sn\/\"},{\"@type\":\"ListItem\",\"position\":2,\"name\":\"Qatar 2022: l&rsquo;Equateur jouera sans valencia?\"}]},{\"@type\":\"WebSite\",\"@id\":\"https:\/\/www.public.sn\/#website\",\"url\":\"https:\/\/www.public.sn\/\",\"name\":\"LE PUBLIC\",\"description\":\"\",\"publisher\":{\"@id\":\"https:\/\/www.public.sn\/#organization\"},\"potentialAction\":[{\"@type\":\"SearchAction\",\"target\":{\"@type\":\"EntryPoint\",\"urlTemplate\":\"https:\/\/www.public.sn\/?s={search_term_string}\"},\"query-input\":{\"@type\":\"PropertyValueSpecification\",\"valueRequired\":true,\"valueName\":\"search_term_string\"}}],\"inLanguage\":\"fr-FR\"},{\"@type\":\"Organization\",\"@id\":\"https:\/\/www.public.sn\/#organization\",\"name\":\"LE PUBLIC\",\"url\":\"https:\/\/www.public.sn\/\",\"logo\":{\"@type\":\"ImageObject\",\"inLanguage\":\"fr-FR\",\"@id\":\"https:\/\/www.public.sn\/#\/schema\/logo\/image\/\",\"url\":\"https:\/\/www.public.sn\/wp-content\/uploads\/2024\/05\/cropped-LOGO-PUBLIC.SN_.png\",\"contentUrl\":\"https:\/\/www.public.sn\/wp-content\/uploads\/2024\/05\/cropped-LOGO-PUBLIC.SN_.png\",\"width\":682,\"height\":192,\"caption\":\"LE PUBLIC\"},\"image\":{\"@id\":\"https:\/\/www.public.sn\/#\/schema\/logo\/image\/\"}},{\"@type\":\"Person\",\"@id\":\"https:\/\/www.public.sn\/#\/schema\/person\/cb76c8e1b8becc6be61fb5e92d6d0224\",\"name\":\"LA REDACTION\",\"image\":{\"@type\":\"ImageObject\",\"inLanguage\":\"fr-FR\",\"@id\":\"https:\/\/www.public.sn\/#\/schema\/person\/image\/\",\"url\":\"https:\/\/secure.gravatar.com\/avatar\/2dce5ddd34b8fef0180efe03aa2a9bee7d953856048f9a16b298190a3178407c?s=96&d=mm&r=g\",\"contentUrl\":\"https:\/\/secure.gravatar.com\/avatar\/2dce5ddd34b8fef0180efe03aa2a9bee7d953856048f9a16b298190a3178407c?s=96&d=mm&r=g\",\"caption\":\"LA REDACTION\"},\"url\":\"https:\/\/www.public.sn\/index.php\/author\/editeurpsn\/\"}]}<\/script>\n<!-- \/ Yoast SEO plugin. -->","yoast_head_json":{"title":"Qatar 2022: l'Equateur jouera sans valencia? - LE PUBLIC","robots":{"index":"index","follow":"follow","max-snippet":"max-snippet:-1","max-image-preview":"max-image-preview:large","max-video-preview":"max-video-preview:-1"},"canonical":"https:\/\/www.public.sn\/index.php\/2022\/11\/26\/qatar-2022-lequateur-jouera-sans-valencia\/","og_locale":"fr_FR","og_type":"article","og_title":"Qatar 2022: l'Equateur jouera sans valencia? - LE PUBLIC","og_description":"Meilleur buteur de la Coupe du monde avec trois r\u00e9alisations, Enner Valencia est sorti sur blessure face aux Pays-Bas ce vendredi 25 novembre (1-1). L\u2019attaquant \u00e9quatorien esp\u00e8re disputer le troisi\u00e8me match face au S\u00e9n\u00e9gal dans le groupe A, d\u00e9cisif pour la qualification en huiti\u00e8mes de finale. \u00ab\u00a0Ca m&rsquo;a fait un peu mal aujourd&rsquo;hui, j&rsquo;ai jou\u00e9 malgr\u00e9 la douleur, mais si je peux jouer mardi contre le S\u00e9n\u00e9gal, j&rsquo;esp\u00e8re que \u00e7a ira mieux\u00a0\u00bb, a d\u00e9clar\u00e9 Valencia en zone mixte. L&rsquo;attaquant ajoute que \u00ab\u00a0Le plus important, c&rsquo;est que je puisse aider le groupe et que nous puissions continuer \u00e0 \u00eatre forts, \u00e0 r\u00eaver en grand\u00a0\u00bb.Avec quatre points en deux matches, l&rsquo;Equateur est en t\u00eate du Groupe A, \u00e0 \u00e9galit\u00e9 de points avec les Pays-Bas qui avaient aussi gagn\u00e9 leur premier match de poule, contre le S\u00e9n\u00e9gal (2-0). \u00ab\u00a0La v\u00e9rit\u00e9, c&rsquo;est que notre groupe va bien, qu&rsquo;il est fort, qu&rsquo;il a beaucoup de confiance en lui, et c&rsquo;est le plus important. Nous allons pr\u00e9parer ce match en sachant que ce sera une finale\u00a0\u00bb, a conclu Valencia. A noter, que le S\u00e9n\u00e9gal s&rsquo;est relanc\u00e9 ce vendredi en battant le Qatar (3-1) mais ils entameront le match d\u00e9cisif du Groupe A, mardi, avec un point de retard sur des Equatoriens qui pourront se contenter d&rsquo;un seul point, en faisant match nul. Mame Marie THIAM","og_url":"https:\/\/www.public.sn\/index.php\/2022\/11\/26\/qatar-2022-lequateur-jouera-sans-valencia\/","og_site_name":"LE PUBLIC","article_published_time":"2022-11-26T11:56:22+00:00","article_modified_time":"2022-11-26T14:04:29+00:00","og_image":[{"width":300,"height":168,"url":"https:\/\/www.public.sn\/wp-content\/uploads\/2022\/11\/enner.jpg","type":"image\/jpeg"}],"author":"LA REDACTION","twitter_card":"summary_large_image","twitter_misc":{"\u00c9crit par":"LA REDACTION","Dur\u00e9e de lecture estim\u00e9e":"2 minutes"},"schema":{"@context":"https:\/\/schema.org","@graph":[{"@type":"Article","@id":"https:\/\/www.public.sn\/index.php\/2022\/11\/26\/qatar-2022-lequateur-jouera-sans-valencia\/#article","isPartOf":{"@id":"https:\/\/www.public.sn\/index.php\/2022\/11\/26\/qatar-2022-lequateur-jouera-sans-valencia\/"},"author":{"name":"LA REDACTION","@id":"https:\/\/www.public.sn\/#\/schema\/person\/cb76c8e1b8becc6be61fb5e92d6d0224"},"headline":"Qatar 2022: l&rsquo;Equateur jouera sans valencia?","datePublished":"2022-11-26T11:56:22+00:00","dateModified":"2022-11-26T14:04:29+00:00","mainEntityOfPage":{"@id":"https:\/\/www.public.sn\/index.php\/2022\/11\/26\/qatar-2022-lequateur-jouera-sans-valencia\/"},"wordCount":242,"commentCount":0,"publisher":{"@id":"https:\/\/www.public.sn\/#organization"},"image":{"@id":"https:\/\/www.public.sn\/index.php\/2022\/11\/26\/qatar-2022-lequateur-jouera-sans-valencia\/#primaryimage"},"thumbnailUrl":"https:\/\/www.public.sn\/wp-content\/uploads\/2022\/11\/enner.jpg","keywords":["equateur","Qatar 2022","valencia"],"articleSection":["ACTUALIT\u00c9S","PUBLIC TV","S\u00c9N\u00c9GAL","SPORTS"],"inLanguage":"fr-FR","potentialAction":[{"@type":"CommentAction","name":"Comment","target":["https:\/\/www.public.sn\/index.php\/2022\/11\/26\/qatar-2022-lequateur-jouera-sans-valencia\/#respond"]}]},{"@type":"WebPage","@id":"https:\/\/www.public.sn\/index.php\/2022\/11\/26\/qatar-2022-lequateur-jouera-sans-valencia\/","url":"https:\/\/www.public.sn\/index.php\/2022\/11\/26\/qatar-2022-lequateur-jouera-sans-valencia\/","name":"Qatar 2022: l'Equateur jouera sans valencia? - LE PUBLIC","isPartOf":{"@id":"https:\/\/www.public.sn\/#website"},"primaryImageOfPage":{"@id":"https:\/\/www.public.sn\/index.php\/2022\/11\/26\/qatar-2022-lequateur-jouera-sans-valencia\/#primaryimage"},"image":{"@id":"https:\/\/www.public.sn\/index.php\/2022\/11\/26\/qatar-2022-lequateur-jouera-sans-valencia\/#primaryimage"},"thumbnailUrl":"https:\/\/www.public.sn\/wp-content\/uploads\/2022\/11\/enner.jpg","datePublished":"2022-11-26T11:56:22+00:00","dateModified":"2022-11-26T14:04:29+00:00","breadcrumb":{"@id":"https:\/\/www.public.sn\/index.php\/2022\/11\/26\/qatar-2022-lequateur-jouera-sans-valencia\/#breadcrumb"},"inLanguage":"fr-FR","potentialAction":[{"@type":"ReadAction","target":["https:\/\/www.public.sn\/index.php\/2022\/11\/26\/qatar-2022-lequateur-jouera-sans-valencia\/"]}]},{"@type":"ImageObject","inLanguage":"fr-FR","@id":"https:\/\/www.public.sn\/index.php\/2022\/11\/26\/qatar-2022-lequateur-jouera-sans-valencia\/#primaryimage","url":"https:\/\/www.public.sn\/wp-content\/uploads\/2022\/11\/enner.jpg","contentUrl":"https:\/\/www.public.sn\/wp-content\/uploads\/2022\/11\/enner.jpg","width":300,"height":168},{"@type":"BreadcrumbList","@id":"https:\/\/www.public.sn\/index.php\/2022\/11\/26\/qatar-2022-lequateur-jouera-sans-valencia\/#breadcrumb","itemListElement":[{"@type":"ListItem","position":1,"name":"Accueil","item":"https:\/\/www.public.sn\/"},{"@type":"ListItem","position":2,"name":"Qatar 2022: l&rsquo;Equateur jouera sans valencia?"}]},{"@type":"WebSite","@id":"https:\/\/www.public.sn\/#website","url":"https:\/\/www.public.sn\/","name":"LE PUBLIC","description":"","publisher":{"@id":"https:\/\/www.public.sn\/#organization"},"potentialAction":[{"@type":"SearchAction","target":{"@type":"EntryPoint","urlTemplate":"https:\/\/www.public.sn\/?s={search_term_string}"},"query-input":{"@type":"PropertyValueSpecification","valueRequired":true,"valueName":"search_term_string"}}],"inLanguage":"fr-FR"},{"@type":"Organization","@id":"https:\/\/www.public.sn\/#organization","name":"LE PUBLIC","url":"https:\/\/www.public.sn\/","logo":{"@type":"ImageObject","inLanguage":"fr-FR","@id":"https:\/\/www.public.sn\/#\/schema\/logo\/image\/","url":"https:\/\/www.public.sn\/wp-content\/uploads\/2024\/05\/cropped-LOGO-PUBLIC.SN_.png","contentUrl":"https:\/\/www.public.sn\/wp-content\/uploads\/2024\/05\/cropped-LOGO-PUBLIC.SN_.png","width":682,"height":192,"caption":"LE PUBLIC"},"image":{"@id":"https:\/\/www.public.sn\/#\/schema\/logo\/image\/"}},{"@type":"Person","@id":"https:\/\/www.public.sn\/#\/schema\/person\/cb76c8e1b8becc6be61fb5e92d6d0224","name":"LA REDACTION","image":{"@type":"ImageObject","inLanguage":"fr-FR","@id":"https:\/\/www.public.sn\/#\/schema\/person\/image\/","url":"https:\/\/secure.gravatar.com\/avatar\/2dce5ddd34b8fef0180efe03aa2a9bee7d953856048f9a16b298190a3178407c?s=96&d=mm&r=g","contentUrl":"https:\/\/secure.gravatar.com\/avatar\/2dce5ddd34b8fef0180efe03aa2a9bee7d953856048f9a16b298190a3178407c?s=96&d=mm&r=g","caption":"LA REDACTION"},"url":"https:\/\/www.public.sn\/index.php\/author\/editeurpsn\/"}]}},"jetpack_featured_media_url":"https:\/\/www.public.sn\/wp-content\/uploads\/2022\/11\/enner.jpg","jetpack_sharing_enabled":true,"_links":{"self":[{"href":"https:\/\/www.public.sn\/index.php\/wp-json\/wp\/v2\/posts\/10154","targetHints":{"allow":["GET"]}}],"collection":[{"href":"https:\/\/www.public.sn\/index.php\/wp-json\/wp\/v2\/posts"}],"about":[{"href":"https:\/\/www.public.sn\/index.php\/wp-json\/wp\/v2\/types\/post"}],"author":[{"embeddable":true,"href":"https:\/\/www.public.sn\/index.php\/wp-json\/wp\/v2\/users\/7"}],"replies":[{"embeddable":true,"href":"https:\/\/www.public.sn\/index.php\/wp-json\/wp\/v2\/comments?post=10154"}],"version-history":[{"count":3,"href":"https:\/\/www.public.sn\/index.php\/wp-json\/wp\/v2\/posts\/10154\/revisions"}],"predecessor-version":[{"id":10208,"href":"https:\/\/www.public.sn\/index.php\/wp-json\/wp\/v2\/posts\/10154\/revisions\/10208"}],"wp:featuredmedia":[{"embeddable":true,"href":"https:\/\/www.public.sn\/index.php\/wp-json\/wp\/v2\/media\/10155"}],"wp:attachment":[{"href":"https:\/\/www.public.sn\/index.php\/wp-json\/wp\/v2\/media?parent=10154"}],"wp:term":[{"taxonomy":"category","embeddable":true,"href":"https:\/\/www.public.sn\/index.php\/wp-json\/wp\/v2\/categories?post=10154"},{"taxonomy":"post_tag","embeddable":true,"href":"https:\/\/www.public.sn\/index.php\/wp-json\/wp\/v2\/tags?post=10154"}],"curies":[{"name":"wp","href":"https:\/\/api.w.org\/{rel}","templated":true}]}}