{"id":10182,"date":"2022-11-26T13:19:54","date_gmt":"2022-11-26T13:19:54","guid":{"rendered":"https:\/\/www.public.sn\/?p=10182"},"modified":"2022-11-26T14:18:26","modified_gmt":"2022-11-26T14:18:26","slug":"assemblee-nationale-le-depute-abass-fall-porte-plainte-contre-le-ministre-cheikh-oumar-anne-pour-diffamation","status":"publish","type":"post","link":"https:\/\/www.public.sn\/index.php\/2022\/11\/26\/assemblee-nationale-le-depute-abass-fall-porte-plainte-contre-le-ministre-cheikh-oumar-anne-pour-diffamation\/","title":{"rendered":"AN: Le d\u00e9put\u00e9 Abass Fall porte plainte contre le ministre Cheikh Oumar Anne pour diffamation"},"content":{"rendered":"\n<p><strong>Le d\u00e9put\u00e9 Abass Fall a annonc\u00e9 au pr\u00e9sident de l\u2019Assembl\u00e9e nationale, qu\u2019il va porter plainte contre le ministre de l\u2019\u00c9ducation, Cheikh Oumar Anne pour diffamation. Le responsable de Pastef a saisi d\u2019une lettre \u00e0 Amadou Mame Diop, protestant contre ce qu\u2019il qualifie de \u00ab calomnies et mensonges \u00e9hont\u00e9s \u00bb prof\u00e9r\u00e9s par l\u2019ancien Directeur du Coud, \u00e9pingl\u00e9 par un rapport de l\u2019Ofnac.<\/strong><\/p><div class=\"publi-paragraphe1\" style=\"margin-top: 10px;margin-bottom: 10px;margin-left: auto;margin-right: auto;text-align: center;\" id=\"publi-819154877\"><div class=\"publi-adlabel\">Publicit\u00e9<\/div><script async src=\"\/\/pagead2.googlesyndication.com\/pagead\/js\/adsbygoogle.js?client=ca-pub-4089586018074219\" crossorigin=\"anonymous\"><\/script><ins class=\"adsbygoogle\" style=\"display:block;\" data-ad-client=\"ca-pub-4089586018074219\" \ndata-ad-slot=\"2087940154\" \ndata-ad-format=\"auto\"><\/ins>\n<script> \n(adsbygoogle = window.adsbygoogle || []).push({}); \n<\/script>\n<\/div>\n\n\n\n<p>Le plaignant exige les preuves des all\u00e9gations de Anne qui a affirm\u00e9 jeudi \u00e0 l\u2019H\u00e9micycle que monsieur Fall a \u00e9t\u00e9 \u00e9pingl\u00e9 par un rapport d\u2019audit.<\/p>\n\n\n\n<p>\u00ab <em>Ce mensonge grotesque du champion de la surfacturation de haut vol qui a \u00e9crit l\u2019une des pages les plus sales de l\u2019histoire de la gestion du Coud d\u00e9voil\u00e9e par l\u2019Ofnac montre \u00e0 suffisance la personnalit\u00e9 de l\u2019homme. Il vole et ment en plus d\u2019\u00eatre un incomp\u00e9tent notoire. Je lui donne 24 heures, pas plus, pour pr\u00e9senter \u00e0 l\u2019Assembl\u00e9e ainsi qu\u2019\u00e0 moi-m\u00eame, les preuves de ses d\u00e9clarations. Autrement, je vous informe que je porterai plainte contre lui pour diffamation publique <\/em>\u00bb, s\u2019est exclam\u00e9 Abass Fall.<\/p>\n\n\n\n<p><strong>Mame Marie THIAM<\/strong><\/p>\n<div class=\"publi-apres-le-contenu\" style=\"margin-top: 10px;margin-bottom: 10px;margin-left: auto;margin-right: auto;text-align: center;\" id=\"publi-331779015\"><div class=\"publi-adlabel\">Publicit\u00e9<\/div><script async src=\"\/\/pagead2.googlesyndication.com\/pagead\/js\/adsbygoogle.js?client=ca-pub-4089586018074219\" crossorigin=\"anonymous\"><\/script><ins class=\"adsbygoogle\" style=\"display:block;\" data-ad-client=\"ca-pub-4089586018074219\" \ndata-ad-slot=\"2087940154\" \ndata-ad-format=\"auto\"><\/ins>\n<script> \n(adsbygoogle = window.adsbygoogle || []).push({}); \n<\/script>\n<\/div>","protected":false},"excerpt":{"rendered":"<p>Le d\u00e9put\u00e9 Abass Fall a annonc\u00e9 au pr\u00e9sident de l\u2019Assembl\u00e9e nationale, qu\u2019il va porter plainte contre le ministre de l\u2019\u00c9ducation, Cheikh Oumar Anne pour diffamation. Le responsable de Pastef a saisi d\u2019une lettre \u00e0 Amadou Mame Diop, protestant contre ce qu\u2019il qualifie de \u00ab calomnies et mensonges \u00e9hont\u00e9s \u00bb prof\u00e9r\u00e9s par l\u2019ancien Directeur du Coud, \u00e9pingl\u00e9 par un rapport de l\u2019Ofnac. Le plaignant exige les preuves des all\u00e9gations de Anne qui a affirm\u00e9 jeudi \u00e0 l\u2019H\u00e9micycle que monsieur Fall a \u00e9t\u00e9 \u00e9pingl\u00e9 par un rapport d\u2019audit. \u00ab Ce mensonge grotesque du champion de la surfacturation de haut vol qui a \u00e9crit l\u2019une des pages les plus sales de l\u2019histoire de la gestion du Coud d\u00e9voil\u00e9e par l\u2019Ofnac montre \u00e0 suffisance la personnalit\u00e9 de l\u2019homme. Il vole et ment en plus d\u2019\u00eatre un incomp\u00e9tent notoire. Je lui donne 24 heures, pas plus, pour pr\u00e9senter \u00e0 l\u2019Assembl\u00e9e ainsi qu\u2019\u00e0 moi-m\u00eame, les preuves de ses d\u00e9clarations. Autrement, je vous informe que je porterai plainte contre lui pour diffamation publique \u00bb, s\u2019est exclam\u00e9 Abass Fall. Mame Marie THIAM<\/p>\n","protected":false},"author":7,"featured_media":10183,"comment_status":"open","ping_status":"open","sticky":false,"template":"","format":"standard","meta":{"_jetpack_memberships_contains_paid_content":false,"footnotes":""},"categories":[375,3,1],"tags":[1843,12,3391,378],"class_list":["post-10182","post","type-post","status-publish","format-standard","has-post-thumbnail","hentry","category-actualites","category-politique","category-non-classe","tag-abass-fall","tag-assemblee-nationale","tag-cheikh-ouamr-hanne","tag-plainte","entry","has-media","owp-thumbs-layout-horizontal","owp-btn-normal","owp-tabs-layout-horizontal","has-no-thumbnails","has-product-nav"],"yoast_head":"<!-- This site is optimized with the Yoast SEO plugin v25.5 - https:\/\/yoast.com\/wordpress\/plugins\/seo\/ -->\n<title>AN: Le d\u00e9put\u00e9 Abass Fall porte plainte contre le ministre Cheikh Oumar Anne pour diffamation - LE PUBLIC<\/title>\n<meta name=\"robots\" content=\"index, follow, max-snippet:-1, max-image-preview:large, max-video-preview:-1\" \/>\n<link rel=\"canonical\" href=\"https:\/\/www.public.sn\/index.php\/2022\/11\/26\/assemblee-nationale-le-depute-abass-fall-porte-plainte-contre-le-ministre-cheikh-oumar-anne-pour-diffamation\/\" \/>\n<meta property=\"og:locale\" content=\"fr_FR\" \/>\n<meta property=\"og:type\" content=\"article\" \/>\n<meta property=\"og:title\" content=\"AN: Le d\u00e9put\u00e9 Abass Fall porte plainte contre le ministre Cheikh Oumar Anne pour diffamation - LE PUBLIC\" \/>\n<meta property=\"og:description\" content=\"Le d\u00e9put\u00e9 Abass Fall a annonc\u00e9 au pr\u00e9sident de l\u2019Assembl\u00e9e nationale, qu\u2019il va porter plainte contre le ministre de l\u2019\u00c9ducation, Cheikh Oumar Anne pour diffamation. Le responsable de Pastef a saisi d\u2019une lettre \u00e0 Amadou Mame Diop, protestant contre ce qu\u2019il qualifie de \u00ab calomnies et mensonges \u00e9hont\u00e9s \u00bb prof\u00e9r\u00e9s par l\u2019ancien Directeur du Coud, \u00e9pingl\u00e9 par un rapport de l\u2019Ofnac. Le plaignant exige les preuves des all\u00e9gations de Anne qui a affirm\u00e9 jeudi \u00e0 l\u2019H\u00e9micycle que monsieur Fall a \u00e9t\u00e9 \u00e9pingl\u00e9 par un rapport d\u2019audit. \u00ab Ce mensonge grotesque du champion de la surfacturation de haut vol qui a \u00e9crit l\u2019une des pages les plus sales de l\u2019histoire de la gestion du Coud d\u00e9voil\u00e9e par l\u2019Ofnac montre \u00e0 suffisance la personnalit\u00e9 de l\u2019homme. Il vole et ment en plus d\u2019\u00eatre un incomp\u00e9tent notoire. Je lui donne 24 heures, pas plus, pour pr\u00e9senter \u00e0 l\u2019Assembl\u00e9e ainsi qu\u2019\u00e0 moi-m\u00eame, les preuves de ses d\u00e9clarations. Autrement, je vous informe que je porterai plainte contre lui pour diffamation publique \u00bb, s\u2019est exclam\u00e9 Abass Fall. Mame Marie THIAM\" \/>\n<meta property=\"og:url\" content=\"https:\/\/www.public.sn\/index.php\/2022\/11\/26\/assemblee-nationale-le-depute-abass-fall-porte-plainte-contre-le-ministre-cheikh-oumar-anne-pour-diffamation\/\" \/>\n<meta property=\"og:site_name\" content=\"LE PUBLIC\" \/>\n<meta property=\"article:published_time\" content=\"2022-11-26T13:19:54+00:00\" \/>\n<meta property=\"article:modified_time\" content=\"2022-11-26T14:18:26+00:00\" \/>\n<meta property=\"og:image\" content=\"https:\/\/www.public.sn\/wp-content\/uploads\/2022\/11\/abass.jpg\" \/>\n\t<meta property=\"og:image:width\" content=\"322\" \/>\n\t<meta property=\"og:image:height\" content=\"157\" \/>\n\t<meta property=\"og:image:type\" content=\"image\/jpeg\" \/>\n<meta name=\"author\" content=\"LA REDACTION\" \/>\n<meta name=\"twitter:card\" content=\"summary_large_image\" \/>\n<meta name=\"twitter:label1\" content=\"\u00c9crit par\" \/>\n\t<meta name=\"twitter:data1\" content=\"LA REDACTION\" \/>\n\t<meta name=\"twitter:label2\" content=\"Dur\u00e9e de lecture estim\u00e9e\" \/>\n\t<meta name=\"twitter:data2\" content=\"1 minute\" \/>\n<script type=\"application\/ld+json\" class=\"yoast-schema-graph\">{\"@context\":\"https:\/\/schema.org\",\"@graph\":[{\"@type\":\"Article\",\"@id\":\"https:\/\/www.public.sn\/index.php\/2022\/11\/26\/assemblee-nationale-le-depute-abass-fall-porte-plainte-contre-le-ministre-cheikh-oumar-anne-pour-diffamation\/#article\",\"isPartOf\":{\"@id\":\"https:\/\/www.public.sn\/index.php\/2022\/11\/26\/assemblee-nationale-le-depute-abass-fall-porte-plainte-contre-le-ministre-cheikh-oumar-anne-pour-diffamation\/\"},\"author\":{\"name\":\"LA REDACTION\",\"@id\":\"https:\/\/www.public.sn\/#\/schema\/person\/cb76c8e1b8becc6be61fb5e92d6d0224\"},\"headline\":\"AN: Le d\u00e9put\u00e9 Abass Fall porte plainte contre le ministre Cheikh Oumar Anne pour diffamation\",\"datePublished\":\"2022-11-26T13:19:54+00:00\",\"dateModified\":\"2022-11-26T14:18:26+00:00\",\"mainEntityOfPage\":{\"@id\":\"https:\/\/www.public.sn\/index.php\/2022\/11\/26\/assemblee-nationale-le-depute-abass-fall-porte-plainte-contre-le-ministre-cheikh-oumar-anne-pour-diffamation\/\"},\"wordCount\":212,\"commentCount\":0,\"publisher\":{\"@id\":\"https:\/\/www.public.sn\/#organization\"},\"image\":{\"@id\":\"https:\/\/www.public.sn\/index.php\/2022\/11\/26\/assemblee-nationale-le-depute-abass-fall-porte-plainte-contre-le-ministre-cheikh-oumar-anne-pour-diffamation\/#primaryimage\"},\"thumbnailUrl\":\"https:\/\/www.public.sn\/wp-content\/uploads\/2022\/11\/abass.jpg\",\"keywords\":[\"Abass Fall\",\"Assembl\u00e9e Nationale\",\"cheikh ouamr hanne\",\"plainte\"],\"articleSection\":[\"ACTUALIT\u00c9S\",\"POLITIQUE\",\"S\u00c9N\u00c9GAL\"],\"inLanguage\":\"fr-FR\",\"potentialAction\":[{\"@type\":\"CommentAction\",\"name\":\"Comment\",\"target\":[\"https:\/\/www.public.sn\/index.php\/2022\/11\/26\/assemblee-nationale-le-depute-abass-fall-porte-plainte-contre-le-ministre-cheikh-oumar-anne-pour-diffamation\/#respond\"]}]},{\"@type\":\"WebPage\",\"@id\":\"https:\/\/www.public.sn\/index.php\/2022\/11\/26\/assemblee-nationale-le-depute-abass-fall-porte-plainte-contre-le-ministre-cheikh-oumar-anne-pour-diffamation\/\",\"url\":\"https:\/\/www.public.sn\/index.php\/2022\/11\/26\/assemblee-nationale-le-depute-abass-fall-porte-plainte-contre-le-ministre-cheikh-oumar-anne-pour-diffamation\/\",\"name\":\"AN: Le d\u00e9put\u00e9 Abass Fall porte plainte contre le ministre Cheikh Oumar Anne pour diffamation - LE PUBLIC\",\"isPartOf\":{\"@id\":\"https:\/\/www.public.sn\/#website\"},\"primaryImageOfPage\":{\"@id\":\"https:\/\/www.public.sn\/index.php\/2022\/11\/26\/assemblee-nationale-le-depute-abass-fall-porte-plainte-contre-le-ministre-cheikh-oumar-anne-pour-diffamation\/#primaryimage\"},\"image\":{\"@id\":\"https:\/\/www.public.sn\/index.php\/2022\/11\/26\/assemblee-nationale-le-depute-abass-fall-porte-plainte-contre-le-ministre-cheikh-oumar-anne-pour-diffamation\/#primaryimage\"},\"thumbnailUrl\":\"https:\/\/www.public.sn\/wp-content\/uploads\/2022\/11\/abass.jpg\",\"datePublished\":\"2022-11-26T13:19:54+00:00\",\"dateModified\":\"2022-11-26T14:18:26+00:00\",\"breadcrumb\":{\"@id\":\"https:\/\/www.public.sn\/index.php\/2022\/11\/26\/assemblee-nationale-le-depute-abass-fall-porte-plainte-contre-le-ministre-cheikh-oumar-anne-pour-diffamation\/#breadcrumb\"},\"inLanguage\":\"fr-FR\",\"potentialAction\":[{\"@type\":\"ReadAction\",\"target\":[\"https:\/\/www.public.sn\/index.php\/2022\/11\/26\/assemblee-nationale-le-depute-abass-fall-porte-plainte-contre-le-ministre-cheikh-oumar-anne-pour-diffamation\/\"]}]},{\"@type\":\"ImageObject\",\"inLanguage\":\"fr-FR\",\"@id\":\"https:\/\/www.public.sn\/index.php\/2022\/11\/26\/assemblee-nationale-le-depute-abass-fall-porte-plainte-contre-le-ministre-cheikh-oumar-anne-pour-diffamation\/#primaryimage\",\"url\":\"https:\/\/www.public.sn\/wp-content\/uploads\/2022\/11\/abass.jpg\",\"contentUrl\":\"https:\/\/www.public.sn\/wp-content\/uploads\/2022\/11\/abass.jpg\",\"width\":322,\"height\":157},{\"@type\":\"BreadcrumbList\",\"@id\":\"https:\/\/www.public.sn\/index.php\/2022\/11\/26\/assemblee-nationale-le-depute-abass-fall-porte-plainte-contre-le-ministre-cheikh-oumar-anne-pour-diffamation\/#breadcrumb\",\"itemListElement\":[{\"@type\":\"ListItem\",\"position\":1,\"name\":\"Accueil\",\"item\":\"https:\/\/www.public.sn\/\"},{\"@type\":\"ListItem\",\"position\":2,\"name\":\"AN: Le d\u00e9put\u00e9 Abass Fall porte plainte contre le ministre Cheikh Oumar Anne pour diffamation\"}]},{\"@type\":\"WebSite\",\"@id\":\"https:\/\/www.public.sn\/#website\",\"url\":\"https:\/\/www.public.sn\/\",\"name\":\"LE PUBLIC\",\"description\":\"\",\"publisher\":{\"@id\":\"https:\/\/www.public.sn\/#organization\"},\"potentialAction\":[{\"@type\":\"SearchAction\",\"target\":{\"@type\":\"EntryPoint\",\"urlTemplate\":\"https:\/\/www.public.sn\/?s={search_term_string}\"},\"query-input\":{\"@type\":\"PropertyValueSpecification\",\"valueRequired\":true,\"valueName\":\"search_term_string\"}}],\"inLanguage\":\"fr-FR\"},{\"@type\":\"Organization\",\"@id\":\"https:\/\/www.public.sn\/#organization\",\"name\":\"LE PUBLIC\",\"url\":\"https:\/\/www.public.sn\/\",\"logo\":{\"@type\":\"ImageObject\",\"inLanguage\":\"fr-FR\",\"@id\":\"https:\/\/www.public.sn\/#\/schema\/logo\/image\/\",\"url\":\"https:\/\/www.public.sn\/wp-content\/uploads\/2024\/05\/cropped-LOGO-PUBLIC.SN_.png\",\"contentUrl\":\"https:\/\/www.public.sn\/wp-content\/uploads\/2024\/05\/cropped-LOGO-PUBLIC.SN_.png\",\"width\":682,\"height\":192,\"caption\":\"LE PUBLIC\"},\"image\":{\"@id\":\"https:\/\/www.public.sn\/#\/schema\/logo\/image\/\"}},{\"@type\":\"Person\",\"@id\":\"https:\/\/www.public.sn\/#\/schema\/person\/cb76c8e1b8becc6be61fb5e92d6d0224\",\"name\":\"LA REDACTION\",\"image\":{\"@type\":\"ImageObject\",\"inLanguage\":\"fr-FR\",\"@id\":\"https:\/\/www.public.sn\/#\/schema\/person\/image\/\",\"url\":\"https:\/\/secure.gravatar.com\/avatar\/2dce5ddd34b8fef0180efe03aa2a9bee7d953856048f9a16b298190a3178407c?s=96&d=mm&r=g\",\"contentUrl\":\"https:\/\/secure.gravatar.com\/avatar\/2dce5ddd34b8fef0180efe03aa2a9bee7d953856048f9a16b298190a3178407c?s=96&d=mm&r=g\",\"caption\":\"LA REDACTION\"},\"url\":\"https:\/\/www.public.sn\/index.php\/author\/editeurpsn\/\"}]}<\/script>\n<!-- \/ Yoast SEO plugin. -->","yoast_head_json":{"title":"AN: Le d\u00e9put\u00e9 Abass Fall porte plainte contre le ministre Cheikh Oumar Anne pour diffamation - LE PUBLIC","robots":{"index":"index","follow":"follow","max-snippet":"max-snippet:-1","max-image-preview":"max-image-preview:large","max-video-preview":"max-video-preview:-1"},"canonical":"https:\/\/www.public.sn\/index.php\/2022\/11\/26\/assemblee-nationale-le-depute-abass-fall-porte-plainte-contre-le-ministre-cheikh-oumar-anne-pour-diffamation\/","og_locale":"fr_FR","og_type":"article","og_title":"AN: Le d\u00e9put\u00e9 Abass Fall porte plainte contre le ministre Cheikh Oumar Anne pour diffamation - LE PUBLIC","og_description":"Le d\u00e9put\u00e9 Abass Fall a annonc\u00e9 au pr\u00e9sident de l\u2019Assembl\u00e9e nationale, qu\u2019il va porter plainte contre le ministre de l\u2019\u00c9ducation, Cheikh Oumar Anne pour diffamation. Le responsable de Pastef a saisi d\u2019une lettre \u00e0 Amadou Mame Diop, protestant contre ce qu\u2019il qualifie de \u00ab calomnies et mensonges \u00e9hont\u00e9s \u00bb prof\u00e9r\u00e9s par l\u2019ancien Directeur du Coud, \u00e9pingl\u00e9 par un rapport de l\u2019Ofnac. Le plaignant exige les preuves des all\u00e9gations de Anne qui a affirm\u00e9 jeudi \u00e0 l\u2019H\u00e9micycle que monsieur Fall a \u00e9t\u00e9 \u00e9pingl\u00e9 par un rapport d\u2019audit. \u00ab Ce mensonge grotesque du champion de la surfacturation de haut vol qui a \u00e9crit l\u2019une des pages les plus sales de l\u2019histoire de la gestion du Coud d\u00e9voil\u00e9e par l\u2019Ofnac montre \u00e0 suffisance la personnalit\u00e9 de l\u2019homme. Il vole et ment en plus d\u2019\u00eatre un incomp\u00e9tent notoire. Je lui donne 24 heures, pas plus, pour pr\u00e9senter \u00e0 l\u2019Assembl\u00e9e ainsi qu\u2019\u00e0 moi-m\u00eame, les preuves de ses d\u00e9clarations. Autrement, je vous informe que je porterai plainte contre lui pour diffamation publique \u00bb, s\u2019est exclam\u00e9 Abass Fall. Mame Marie THIAM","og_url":"https:\/\/www.public.sn\/index.php\/2022\/11\/26\/assemblee-nationale-le-depute-abass-fall-porte-plainte-contre-le-ministre-cheikh-oumar-anne-pour-diffamation\/","og_site_name":"LE PUBLIC","article_published_time":"2022-11-26T13:19:54+00:00","article_modified_time":"2022-11-26T14:18:26+00:00","og_image":[{"width":322,"height":157,"url":"https:\/\/www.public.sn\/wp-content\/uploads\/2022\/11\/abass.jpg","type":"image\/jpeg"}],"author":"LA REDACTION","twitter_card":"summary_large_image","twitter_misc":{"\u00c9crit par":"LA REDACTION","Dur\u00e9e de lecture estim\u00e9e":"1 minute"},"schema":{"@context":"https:\/\/schema.org","@graph":[{"@type":"Article","@id":"https:\/\/www.public.sn\/index.php\/2022\/11\/26\/assemblee-nationale-le-depute-abass-fall-porte-plainte-contre-le-ministre-cheikh-oumar-anne-pour-diffamation\/#article","isPartOf":{"@id":"https:\/\/www.public.sn\/index.php\/2022\/11\/26\/assemblee-nationale-le-depute-abass-fall-porte-plainte-contre-le-ministre-cheikh-oumar-anne-pour-diffamation\/"},"author":{"name":"LA REDACTION","@id":"https:\/\/www.public.sn\/#\/schema\/person\/cb76c8e1b8becc6be61fb5e92d6d0224"},"headline":"AN: Le d\u00e9put\u00e9 Abass Fall porte plainte contre le ministre Cheikh Oumar Anne pour diffamation","datePublished":"2022-11-26T13:19:54+00:00","dateModified":"2022-11-26T14:18:26+00:00","mainEntityOfPage":{"@id":"https:\/\/www.public.sn\/index.php\/2022\/11\/26\/assemblee-nationale-le-depute-abass-fall-porte-plainte-contre-le-ministre-cheikh-oumar-anne-pour-diffamation\/"},"wordCount":212,"commentCount":0,"publisher":{"@id":"https:\/\/www.public.sn\/#organization"},"image":{"@id":"https:\/\/www.public.sn\/index.php\/2022\/11\/26\/assemblee-nationale-le-depute-abass-fall-porte-plainte-contre-le-ministre-cheikh-oumar-anne-pour-diffamation\/#primaryimage"},"thumbnailUrl":"https:\/\/www.public.sn\/wp-content\/uploads\/2022\/11\/abass.jpg","keywords":["Abass Fall","Assembl\u00e9e Nationale","cheikh ouamr hanne","plainte"],"articleSection":["ACTUALIT\u00c9S","POLITIQUE","S\u00c9N\u00c9GAL"],"inLanguage":"fr-FR","potentialAction":[{"@type":"CommentAction","name":"Comment","target":["https:\/\/www.public.sn\/index.php\/2022\/11\/26\/assemblee-nationale-le-depute-abass-fall-porte-plainte-contre-le-ministre-cheikh-oumar-anne-pour-diffamation\/#respond"]}]},{"@type":"WebPage","@id":"https:\/\/www.public.sn\/index.php\/2022\/11\/26\/assemblee-nationale-le-depute-abass-fall-porte-plainte-contre-le-ministre-cheikh-oumar-anne-pour-diffamation\/","url":"https:\/\/www.public.sn\/index.php\/2022\/11\/26\/assemblee-nationale-le-depute-abass-fall-porte-plainte-contre-le-ministre-cheikh-oumar-anne-pour-diffamation\/","name":"AN: Le d\u00e9put\u00e9 Abass Fall porte plainte contre le ministre Cheikh Oumar Anne pour diffamation - LE PUBLIC","isPartOf":{"@id":"https:\/\/www.public.sn\/#website"},"primaryImageOfPage":{"@id":"https:\/\/www.public.sn\/index.php\/2022\/11\/26\/assemblee-nationale-le-depute-abass-fall-porte-plainte-contre-le-ministre-cheikh-oumar-anne-pour-diffamation\/#primaryimage"},"image":{"@id":"https:\/\/www.public.sn\/index.php\/2022\/11\/26\/assemblee-nationale-le-depute-abass-fall-porte-plainte-contre-le-ministre-cheikh-oumar-anne-pour-diffamation\/#primaryimage"},"thumbnailUrl":"https:\/\/www.public.sn\/wp-content\/uploads\/2022\/11\/abass.jpg","datePublished":"2022-11-26T13:19:54+00:00","dateModified":"2022-11-26T14:18:26+00:00","breadcrumb":{"@id":"https:\/\/www.public.sn\/index.php\/2022\/11\/26\/assemblee-nationale-le-depute-abass-fall-porte-plainte-contre-le-ministre-cheikh-oumar-anne-pour-diffamation\/#breadcrumb"},"inLanguage":"fr-FR","potentialAction":[{"@type":"ReadAction","target":["https:\/\/www.public.sn\/index.php\/2022\/11\/26\/assemblee-nationale-le-depute-abass-fall-porte-plainte-contre-le-ministre-cheikh-oumar-anne-pour-diffamation\/"]}]},{"@type":"ImageObject","inLanguage":"fr-FR","@id":"https:\/\/www.public.sn\/index.php\/2022\/11\/26\/assemblee-nationale-le-depute-abass-fall-porte-plainte-contre-le-ministre-cheikh-oumar-anne-pour-diffamation\/#primaryimage","url":"https:\/\/www.public.sn\/wp-content\/uploads\/2022\/11\/abass.jpg","contentUrl":"https:\/\/www.public.sn\/wp-content\/uploads\/2022\/11\/abass.jpg","width":322,"height":157},{"@type":"BreadcrumbList","@id":"https:\/\/www.public.sn\/index.php\/2022\/11\/26\/assemblee-nationale-le-depute-abass-fall-porte-plainte-contre-le-ministre-cheikh-oumar-anne-pour-diffamation\/#breadcrumb","itemListElement":[{"@type":"ListItem","position":1,"name":"Accueil","item":"https:\/\/www.public.sn\/"},{"@type":"ListItem","position":2,"name":"AN: Le d\u00e9put\u00e9 Abass Fall porte plainte contre le ministre Cheikh Oumar Anne pour diffamation"}]},{"@type":"WebSite","@id":"https:\/\/www.public.sn\/#website","url":"https:\/\/www.public.sn\/","name":"LE PUBLIC","description":"","publisher":{"@id":"https:\/\/www.public.sn\/#organization"},"potentialAction":[{"@type":"SearchAction","target":{"@type":"EntryPoint","urlTemplate":"https:\/\/www.public.sn\/?s={search_term_string}"},"query-input":{"@type":"PropertyValueSpecification","valueRequired":true,"valueName":"search_term_string"}}],"inLanguage":"fr-FR"},{"@type":"Organization","@id":"https:\/\/www.public.sn\/#organization","name":"LE PUBLIC","url":"https:\/\/www.public.sn\/","logo":{"@type":"ImageObject","inLanguage":"fr-FR","@id":"https:\/\/www.public.sn\/#\/schema\/logo\/image\/","url":"https:\/\/www.public.sn\/wp-content\/uploads\/2024\/05\/cropped-LOGO-PUBLIC.SN_.png","contentUrl":"https:\/\/www.public.sn\/wp-content\/uploads\/2024\/05\/cropped-LOGO-PUBLIC.SN_.png","width":682,"height":192,"caption":"LE PUBLIC"},"image":{"@id":"https:\/\/www.public.sn\/#\/schema\/logo\/image\/"}},{"@type":"Person","@id":"https:\/\/www.public.sn\/#\/schema\/person\/cb76c8e1b8becc6be61fb5e92d6d0224","name":"LA REDACTION","image":{"@type":"ImageObject","inLanguage":"fr-FR","@id":"https:\/\/www.public.sn\/#\/schema\/person\/image\/","url":"https:\/\/secure.gravatar.com\/avatar\/2dce5ddd34b8fef0180efe03aa2a9bee7d953856048f9a16b298190a3178407c?s=96&d=mm&r=g","contentUrl":"https:\/\/secure.gravatar.com\/avatar\/2dce5ddd34b8fef0180efe03aa2a9bee7d953856048f9a16b298190a3178407c?s=96&d=mm&r=g","caption":"LA REDACTION"},"url":"https:\/\/www.public.sn\/index.php\/author\/editeurpsn\/"}]}},"jetpack_featured_media_url":"https:\/\/www.public.sn\/wp-content\/uploads\/2022\/11\/abass.jpg","jetpack_sharing_enabled":true,"_links":{"self":[{"href":"https:\/\/www.public.sn\/index.php\/wp-json\/wp\/v2\/posts\/10182","targetHints":{"allow":["GET"]}}],"collection":[{"href":"https:\/\/www.public.sn\/index.php\/wp-json\/wp\/v2\/posts"}],"about":[{"href":"https:\/\/www.public.sn\/index.php\/wp-json\/wp\/v2\/types\/post"}],"author":[{"embeddable":true,"href":"https:\/\/www.public.sn\/index.php\/wp-json\/wp\/v2\/users\/7"}],"replies":[{"embeddable":true,"href":"https:\/\/www.public.sn\/index.php\/wp-json\/wp\/v2\/comments?post=10182"}],"version-history":[{"count":3,"href":"https:\/\/www.public.sn\/index.php\/wp-json\/wp\/v2\/posts\/10182\/revisions"}],"predecessor-version":[{"id":10221,"href":"https:\/\/www.public.sn\/index.php\/wp-json\/wp\/v2\/posts\/10182\/revisions\/10221"}],"wp:featuredmedia":[{"embeddable":true,"href":"https:\/\/www.public.sn\/index.php\/wp-json\/wp\/v2\/media\/10183"}],"wp:attachment":[{"href":"https:\/\/www.public.sn\/index.php\/wp-json\/wp\/v2\/media?parent=10182"}],"wp:term":[{"taxonomy":"category","embeddable":true,"href":"https:\/\/www.public.sn\/index.php\/wp-json\/wp\/v2\/categories?post=10182"},{"taxonomy":"post_tag","embeddable":true,"href":"https:\/\/www.public.sn\/index.php\/wp-json\/wp\/v2\/tags?post=10182"}],"curies":[{"name":"wp","href":"https:\/\/api.w.org\/{rel}","templated":true}]}}