{"id":10235,"date":"2022-11-26T15:14:21","date_gmt":"2022-11-26T15:14:21","guid":{"rendered":"https:\/\/www.public.sn\/?p=10235"},"modified":"2022-11-26T16:54:56","modified_gmt":"2022-11-26T16:54:56","slug":"senegal-equateur-ce-sera-deja-une-finale-twitte-abou-diallo","status":"publish","type":"post","link":"https:\/\/www.public.sn\/index.php\/2022\/11\/26\/senegal-equateur-ce-sera-deja-une-finale-twitte-abou-diallo\/","title":{"rendered":"S\u00e9n\u00e9gal-\u00c9quateur : \u00ab\u00a0Ce sera d\u00e9j\u00e0 une finale\u00a0\u00bb, twitte Abou Diallo"},"content":{"rendered":"\n<p> Mardi prochain l&rsquo;\u00e9quipe nationale du S\u00e9n\u00e9gal fera face \u00e0 l\u2019\u00c9quateur dans un match d\u00e9cisif pour la qualification au deuxi\u00e8me tour du Mondial 2022 dans le Groupe A. Pour rester au Qatar, les \u00ab&nbsp;Lions&nbsp;\u00bb doivent battre les Sud-am\u00e9ricains. Sur ce, le d\u00e9fenseur central du S\u00e9n\u00e9gal, Abou Diallo, a annonc\u00e9 la couleur sur Twitter. Le joueur de Leipzig parle de finale. \u00ab&nbsp;Ce sera d\u00e9j\u00e0 une finale&nbsp;\u00bb, a-t-il \u00e9crit sur le R\u00e9seau social.<\/p><div class=\"publi-paragraphe1\" style=\"margin-top: 10px;margin-bottom: 10px;margin-left: auto;margin-right: auto;text-align: center;\" id=\"publi-3122126641\"><div class=\"publi-adlabel\">Publicit\u00e9<\/div><script async src=\"\/\/pagead2.googlesyndication.com\/pagead\/js\/adsbygoogle.js?client=ca-pub-4089586018074219\" crossorigin=\"anonymous\"><\/script><ins class=\"adsbygoogle\" style=\"display:block;\" data-ad-client=\"ca-pub-4089586018074219\" \ndata-ad-slot=\"2087940154\" \ndata-ad-format=\"auto\"><\/ins>\n<script> \n(adsbygoogle = window.adsbygoogle || []).push({}); \n<\/script>\n<\/div>\n\n\n\n<p>A noter, le S\u00e9n\u00e9gal est actuellement 3e de la Poule A avec 3 points, derri\u00e8re les Pays-Bas et l\u2019Equateur qui totalisent chacun 4 points. Le Qatar, pays organisateur, est \u00e9limin\u00e9 apr\u00e8s ses deux matchs perdus.<\/p>\n\n\n\n<p><strong>Mame Marie THIAM<\/strong><\/p>\n<div class=\"publi-apres-le-contenu\" style=\"margin-top: 10px;margin-bottom: 10px;margin-left: auto;margin-right: auto;text-align: center;\" id=\"publi-2689701144\"><div class=\"publi-adlabel\">Publicit\u00e9<\/div><script async src=\"\/\/pagead2.googlesyndication.com\/pagead\/js\/adsbygoogle.js?client=ca-pub-4089586018074219\" crossorigin=\"anonymous\"><\/script><ins class=\"adsbygoogle\" style=\"display:block;\" data-ad-client=\"ca-pub-4089586018074219\" \ndata-ad-slot=\"2087940154\" \ndata-ad-format=\"auto\"><\/ins>\n<script> \n(adsbygoogle = window.adsbygoogle || []).push({}); \n<\/script>\n<\/div>","protected":false},"excerpt":{"rendered":"<p>Mardi prochain l&rsquo;\u00e9quipe nationale du S\u00e9n\u00e9gal fera face \u00e0 l\u2019\u00c9quateur dans un match d\u00e9cisif pour la qualification au deuxi\u00e8me tour du Mondial 2022 dans le Groupe A. Pour rester au Qatar, les \u00ab&nbsp;Lions&nbsp;\u00bb doivent battre les Sud-am\u00e9ricains. Sur ce, le d\u00e9fenseur central du S\u00e9n\u00e9gal, Abou Diallo, a annonc\u00e9 la couleur sur Twitter. Le joueur de Leipzig parle de finale. \u00ab&nbsp;Ce sera d\u00e9j\u00e0 une finale&nbsp;\u00bb, a-t-il \u00e9crit sur le R\u00e9seau social. A noter, le S\u00e9n\u00e9gal est actuellement 3e de la Poule A avec 3 points, derri\u00e8re les Pays-Bas et l\u2019Equateur qui totalisent chacun 4 points. Le Qatar, pays organisateur, est \u00e9limin\u00e9 apr\u00e8s ses deux matchs perdus. Mame Marie THIAM<\/p>\n","protected":false},"author":7,"featured_media":10239,"comment_status":"open","ping_status":"open","sticky":false,"template":"","format":"standard","meta":{"_jetpack_memberships_contains_paid_content":false,"footnotes":""},"categories":[375,4,7],"tags":[3405,3373,766],"class_list":["post-10235","post","type-post","status-publish","format-standard","has-post-thumbnail","hentry","category-actualites","category-societe","category-sport","tag-abou-diallo","tag-equateur","tag-senegal","entry","has-media","owp-thumbs-layout-horizontal","owp-btn-normal","owp-tabs-layout-horizontal","has-no-thumbnails","has-product-nav"],"yoast_head":"<!-- This site is optimized with the Yoast SEO plugin v25.5 - https:\/\/yoast.com\/wordpress\/plugins\/seo\/ -->\n<title>S\u00e9n\u00e9gal-\u00c9quateur : \u00ab\u00a0Ce sera d\u00e9j\u00e0 une finale\u00a0\u00bb, twitte Abou Diallo - LE PUBLIC<\/title>\n<meta name=\"robots\" content=\"index, follow, max-snippet:-1, max-image-preview:large, max-video-preview:-1\" \/>\n<link rel=\"canonical\" href=\"https:\/\/www.public.sn\/index.php\/2022\/11\/26\/senegal-equateur-ce-sera-deja-une-finale-twitte-abou-diallo\/\" \/>\n<meta property=\"og:locale\" content=\"fr_FR\" \/>\n<meta property=\"og:type\" content=\"article\" \/>\n<meta property=\"og:title\" content=\"S\u00e9n\u00e9gal-\u00c9quateur : \u00ab\u00a0Ce sera d\u00e9j\u00e0 une finale\u00a0\u00bb, twitte Abou Diallo - LE PUBLIC\" \/>\n<meta property=\"og:description\" content=\"Mardi prochain l&rsquo;\u00e9quipe nationale du S\u00e9n\u00e9gal fera face \u00e0 l\u2019\u00c9quateur dans un match d\u00e9cisif pour la qualification au deuxi\u00e8me tour du Mondial 2022 dans le Groupe A. Pour rester au Qatar, les \u00ab&nbsp;Lions&nbsp;\u00bb doivent battre les Sud-am\u00e9ricains. Sur ce, le d\u00e9fenseur central du S\u00e9n\u00e9gal, Abou Diallo, a annonc\u00e9 la couleur sur Twitter. Le joueur de Leipzig parle de finale. \u00ab&nbsp;Ce sera d\u00e9j\u00e0 une finale&nbsp;\u00bb, a-t-il \u00e9crit sur le R\u00e9seau social. A noter, le S\u00e9n\u00e9gal est actuellement 3e de la Poule A avec 3 points, derri\u00e8re les Pays-Bas et l\u2019Equateur qui totalisent chacun 4 points. Le Qatar, pays organisateur, est \u00e9limin\u00e9 apr\u00e8s ses deux matchs perdus. Mame Marie THIAM\" \/>\n<meta property=\"og:url\" content=\"https:\/\/www.public.sn\/index.php\/2022\/11\/26\/senegal-equateur-ce-sera-deja-une-finale-twitte-abou-diallo\/\" \/>\n<meta property=\"og:site_name\" content=\"LE PUBLIC\" \/>\n<meta property=\"article:published_time\" content=\"2022-11-26T15:14:21+00:00\" \/>\n<meta property=\"article:modified_time\" content=\"2022-11-26T16:54:56+00:00\" \/>\n<meta property=\"og:image\" content=\"https:\/\/www.public.sn\/wp-content\/uploads\/2022\/11\/abou-diallo.jpg\" \/>\n\t<meta property=\"og:image:width\" content=\"275\" \/>\n\t<meta property=\"og:image:height\" content=\"183\" \/>\n\t<meta property=\"og:image:type\" content=\"image\/jpeg\" \/>\n<meta name=\"author\" content=\"LA REDACTION\" \/>\n<meta name=\"twitter:card\" content=\"summary_large_image\" \/>\n<meta name=\"twitter:label1\" content=\"\u00c9crit par\" \/>\n\t<meta name=\"twitter:data1\" content=\"LA REDACTION\" \/>\n\t<meta name=\"twitter:label2\" content=\"Dur\u00e9e de lecture estim\u00e9e\" \/>\n\t<meta name=\"twitter:data2\" content=\"1 minute\" \/>\n<script type=\"application\/ld+json\" class=\"yoast-schema-graph\">{\"@context\":\"https:\/\/schema.org\",\"@graph\":[{\"@type\":\"Article\",\"@id\":\"https:\/\/www.public.sn\/index.php\/2022\/11\/26\/senegal-equateur-ce-sera-deja-une-finale-twitte-abou-diallo\/#article\",\"isPartOf\":{\"@id\":\"https:\/\/www.public.sn\/index.php\/2022\/11\/26\/senegal-equateur-ce-sera-deja-une-finale-twitte-abou-diallo\/\"},\"author\":{\"name\":\"LA REDACTION\",\"@id\":\"https:\/\/www.public.sn\/#\/schema\/person\/cb76c8e1b8becc6be61fb5e92d6d0224\"},\"headline\":\"S\u00e9n\u00e9gal-\u00c9quateur : \u00ab\u00a0Ce sera d\u00e9j\u00e0 une finale\u00a0\u00bb, twitte Abou Diallo\",\"datePublished\":\"2022-11-26T15:14:21+00:00\",\"dateModified\":\"2022-11-26T16:54:56+00:00\",\"mainEntityOfPage\":{\"@id\":\"https:\/\/www.public.sn\/index.php\/2022\/11\/26\/senegal-equateur-ce-sera-deja-une-finale-twitte-abou-diallo\/\"},\"wordCount\":138,\"commentCount\":0,\"publisher\":{\"@id\":\"https:\/\/www.public.sn\/#organization\"},\"image\":{\"@id\":\"https:\/\/www.public.sn\/index.php\/2022\/11\/26\/senegal-equateur-ce-sera-deja-une-finale-twitte-abou-diallo\/#primaryimage\"},\"thumbnailUrl\":\"https:\/\/www.public.sn\/wp-content\/uploads\/2022\/11\/abou-diallo.jpg\",\"keywords\":[\"abou diallo\",\"equateur\",\"S\u00e9n\u00e9gal\"],\"articleSection\":[\"ACTUALIT\u00c9S\",\"SOCIETE\",\"SPORTS\"],\"inLanguage\":\"fr-FR\",\"potentialAction\":[{\"@type\":\"CommentAction\",\"name\":\"Comment\",\"target\":[\"https:\/\/www.public.sn\/index.php\/2022\/11\/26\/senegal-equateur-ce-sera-deja-une-finale-twitte-abou-diallo\/#respond\"]}]},{\"@type\":\"WebPage\",\"@id\":\"https:\/\/www.public.sn\/index.php\/2022\/11\/26\/senegal-equateur-ce-sera-deja-une-finale-twitte-abou-diallo\/\",\"url\":\"https:\/\/www.public.sn\/index.php\/2022\/11\/26\/senegal-equateur-ce-sera-deja-une-finale-twitte-abou-diallo\/\",\"name\":\"S\u00e9n\u00e9gal-\u00c9quateur : \u00ab\u00a0Ce sera d\u00e9j\u00e0 une finale\u00a0\u00bb, twitte Abou Diallo - LE PUBLIC\",\"isPartOf\":{\"@id\":\"https:\/\/www.public.sn\/#website\"},\"primaryImageOfPage\":{\"@id\":\"https:\/\/www.public.sn\/index.php\/2022\/11\/26\/senegal-equateur-ce-sera-deja-une-finale-twitte-abou-diallo\/#primaryimage\"},\"image\":{\"@id\":\"https:\/\/www.public.sn\/index.php\/2022\/11\/26\/senegal-equateur-ce-sera-deja-une-finale-twitte-abou-diallo\/#primaryimage\"},\"thumbnailUrl\":\"https:\/\/www.public.sn\/wp-content\/uploads\/2022\/11\/abou-diallo.jpg\",\"datePublished\":\"2022-11-26T15:14:21+00:00\",\"dateModified\":\"2022-11-26T16:54:56+00:00\",\"breadcrumb\":{\"@id\":\"https:\/\/www.public.sn\/index.php\/2022\/11\/26\/senegal-equateur-ce-sera-deja-une-finale-twitte-abou-diallo\/#breadcrumb\"},\"inLanguage\":\"fr-FR\",\"potentialAction\":[{\"@type\":\"ReadAction\",\"target\":[\"https:\/\/www.public.sn\/index.php\/2022\/11\/26\/senegal-equateur-ce-sera-deja-une-finale-twitte-abou-diallo\/\"]}]},{\"@type\":\"ImageObject\",\"inLanguage\":\"fr-FR\",\"@id\":\"https:\/\/www.public.sn\/index.php\/2022\/11\/26\/senegal-equateur-ce-sera-deja-une-finale-twitte-abou-diallo\/#primaryimage\",\"url\":\"https:\/\/www.public.sn\/wp-content\/uploads\/2022\/11\/abou-diallo.jpg\",\"contentUrl\":\"https:\/\/www.public.sn\/wp-content\/uploads\/2022\/11\/abou-diallo.jpg\",\"width\":275,\"height\":183},{\"@type\":\"BreadcrumbList\",\"@id\":\"https:\/\/www.public.sn\/index.php\/2022\/11\/26\/senegal-equateur-ce-sera-deja-une-finale-twitte-abou-diallo\/#breadcrumb\",\"itemListElement\":[{\"@type\":\"ListItem\",\"position\":1,\"name\":\"Accueil\",\"item\":\"https:\/\/www.public.sn\/\"},{\"@type\":\"ListItem\",\"position\":2,\"name\":\"S\u00e9n\u00e9gal-\u00c9quateur : \u00ab\u00a0Ce sera d\u00e9j\u00e0 une finale\u00a0\u00bb, twitte Abou Diallo\"}]},{\"@type\":\"WebSite\",\"@id\":\"https:\/\/www.public.sn\/#website\",\"url\":\"https:\/\/www.public.sn\/\",\"name\":\"LE PUBLIC\",\"description\":\"\",\"publisher\":{\"@id\":\"https:\/\/www.public.sn\/#organization\"},\"potentialAction\":[{\"@type\":\"SearchAction\",\"target\":{\"@type\":\"EntryPoint\",\"urlTemplate\":\"https:\/\/www.public.sn\/?s={search_term_string}\"},\"query-input\":{\"@type\":\"PropertyValueSpecification\",\"valueRequired\":true,\"valueName\":\"search_term_string\"}}],\"inLanguage\":\"fr-FR\"},{\"@type\":\"Organization\",\"@id\":\"https:\/\/www.public.sn\/#organization\",\"name\":\"LE PUBLIC\",\"url\":\"https:\/\/www.public.sn\/\",\"logo\":{\"@type\":\"ImageObject\",\"inLanguage\":\"fr-FR\",\"@id\":\"https:\/\/www.public.sn\/#\/schema\/logo\/image\/\",\"url\":\"https:\/\/www.public.sn\/wp-content\/uploads\/2024\/05\/cropped-LOGO-PUBLIC.SN_.png\",\"contentUrl\":\"https:\/\/www.public.sn\/wp-content\/uploads\/2024\/05\/cropped-LOGO-PUBLIC.SN_.png\",\"width\":682,\"height\":192,\"caption\":\"LE PUBLIC\"},\"image\":{\"@id\":\"https:\/\/www.public.sn\/#\/schema\/logo\/image\/\"}},{\"@type\":\"Person\",\"@id\":\"https:\/\/www.public.sn\/#\/schema\/person\/cb76c8e1b8becc6be61fb5e92d6d0224\",\"name\":\"LA REDACTION\",\"image\":{\"@type\":\"ImageObject\",\"inLanguage\":\"fr-FR\",\"@id\":\"https:\/\/www.public.sn\/#\/schema\/person\/image\/\",\"url\":\"https:\/\/secure.gravatar.com\/avatar\/2dce5ddd34b8fef0180efe03aa2a9bee7d953856048f9a16b298190a3178407c?s=96&d=mm&r=g\",\"contentUrl\":\"https:\/\/secure.gravatar.com\/avatar\/2dce5ddd34b8fef0180efe03aa2a9bee7d953856048f9a16b298190a3178407c?s=96&d=mm&r=g\",\"caption\":\"LA REDACTION\"},\"url\":\"https:\/\/www.public.sn\/index.php\/author\/editeurpsn\/\"}]}<\/script>\n<!-- \/ Yoast SEO plugin. -->","yoast_head_json":{"title":"S\u00e9n\u00e9gal-\u00c9quateur : \u00ab\u00a0Ce sera d\u00e9j\u00e0 une finale\u00a0\u00bb, twitte Abou Diallo - LE PUBLIC","robots":{"index":"index","follow":"follow","max-snippet":"max-snippet:-1","max-image-preview":"max-image-preview:large","max-video-preview":"max-video-preview:-1"},"canonical":"https:\/\/www.public.sn\/index.php\/2022\/11\/26\/senegal-equateur-ce-sera-deja-une-finale-twitte-abou-diallo\/","og_locale":"fr_FR","og_type":"article","og_title":"S\u00e9n\u00e9gal-\u00c9quateur : \u00ab\u00a0Ce sera d\u00e9j\u00e0 une finale\u00a0\u00bb, twitte Abou Diallo - LE PUBLIC","og_description":"Mardi prochain l&rsquo;\u00e9quipe nationale du S\u00e9n\u00e9gal fera face \u00e0 l\u2019\u00c9quateur dans un match d\u00e9cisif pour la qualification au deuxi\u00e8me tour du Mondial 2022 dans le Groupe A. Pour rester au Qatar, les \u00ab&nbsp;Lions&nbsp;\u00bb doivent battre les Sud-am\u00e9ricains. Sur ce, le d\u00e9fenseur central du S\u00e9n\u00e9gal, Abou Diallo, a annonc\u00e9 la couleur sur Twitter. Le joueur de Leipzig parle de finale. \u00ab&nbsp;Ce sera d\u00e9j\u00e0 une finale&nbsp;\u00bb, a-t-il \u00e9crit sur le R\u00e9seau social. A noter, le S\u00e9n\u00e9gal est actuellement 3e de la Poule A avec 3 points, derri\u00e8re les Pays-Bas et l\u2019Equateur qui totalisent chacun 4 points. Le Qatar, pays organisateur, est \u00e9limin\u00e9 apr\u00e8s ses deux matchs perdus. Mame Marie THIAM","og_url":"https:\/\/www.public.sn\/index.php\/2022\/11\/26\/senegal-equateur-ce-sera-deja-une-finale-twitte-abou-diallo\/","og_site_name":"LE PUBLIC","article_published_time":"2022-11-26T15:14:21+00:00","article_modified_time":"2022-11-26T16:54:56+00:00","og_image":[{"width":275,"height":183,"url":"https:\/\/www.public.sn\/wp-content\/uploads\/2022\/11\/abou-diallo.jpg","type":"image\/jpeg"}],"author":"LA REDACTION","twitter_card":"summary_large_image","twitter_misc":{"\u00c9crit par":"LA REDACTION","Dur\u00e9e de lecture estim\u00e9e":"1 minute"},"schema":{"@context":"https:\/\/schema.org","@graph":[{"@type":"Article","@id":"https:\/\/www.public.sn\/index.php\/2022\/11\/26\/senegal-equateur-ce-sera-deja-une-finale-twitte-abou-diallo\/#article","isPartOf":{"@id":"https:\/\/www.public.sn\/index.php\/2022\/11\/26\/senegal-equateur-ce-sera-deja-une-finale-twitte-abou-diallo\/"},"author":{"name":"LA REDACTION","@id":"https:\/\/www.public.sn\/#\/schema\/person\/cb76c8e1b8becc6be61fb5e92d6d0224"},"headline":"S\u00e9n\u00e9gal-\u00c9quateur : \u00ab\u00a0Ce sera d\u00e9j\u00e0 une finale\u00a0\u00bb, twitte Abou Diallo","datePublished":"2022-11-26T15:14:21+00:00","dateModified":"2022-11-26T16:54:56+00:00","mainEntityOfPage":{"@id":"https:\/\/www.public.sn\/index.php\/2022\/11\/26\/senegal-equateur-ce-sera-deja-une-finale-twitte-abou-diallo\/"},"wordCount":138,"commentCount":0,"publisher":{"@id":"https:\/\/www.public.sn\/#organization"},"image":{"@id":"https:\/\/www.public.sn\/index.php\/2022\/11\/26\/senegal-equateur-ce-sera-deja-une-finale-twitte-abou-diallo\/#primaryimage"},"thumbnailUrl":"https:\/\/www.public.sn\/wp-content\/uploads\/2022\/11\/abou-diallo.jpg","keywords":["abou diallo","equateur","S\u00e9n\u00e9gal"],"articleSection":["ACTUALIT\u00c9S","SOCIETE","SPORTS"],"inLanguage":"fr-FR","potentialAction":[{"@type":"CommentAction","name":"Comment","target":["https:\/\/www.public.sn\/index.php\/2022\/11\/26\/senegal-equateur-ce-sera-deja-une-finale-twitte-abou-diallo\/#respond"]}]},{"@type":"WebPage","@id":"https:\/\/www.public.sn\/index.php\/2022\/11\/26\/senegal-equateur-ce-sera-deja-une-finale-twitte-abou-diallo\/","url":"https:\/\/www.public.sn\/index.php\/2022\/11\/26\/senegal-equateur-ce-sera-deja-une-finale-twitte-abou-diallo\/","name":"S\u00e9n\u00e9gal-\u00c9quateur : \u00ab\u00a0Ce sera d\u00e9j\u00e0 une finale\u00a0\u00bb, twitte Abou Diallo - LE PUBLIC","isPartOf":{"@id":"https:\/\/www.public.sn\/#website"},"primaryImageOfPage":{"@id":"https:\/\/www.public.sn\/index.php\/2022\/11\/26\/senegal-equateur-ce-sera-deja-une-finale-twitte-abou-diallo\/#primaryimage"},"image":{"@id":"https:\/\/www.public.sn\/index.php\/2022\/11\/26\/senegal-equateur-ce-sera-deja-une-finale-twitte-abou-diallo\/#primaryimage"},"thumbnailUrl":"https:\/\/www.public.sn\/wp-content\/uploads\/2022\/11\/abou-diallo.jpg","datePublished":"2022-11-26T15:14:21+00:00","dateModified":"2022-11-26T16:54:56+00:00","breadcrumb":{"@id":"https:\/\/www.public.sn\/index.php\/2022\/11\/26\/senegal-equateur-ce-sera-deja-une-finale-twitte-abou-diallo\/#breadcrumb"},"inLanguage":"fr-FR","potentialAction":[{"@type":"ReadAction","target":["https:\/\/www.public.sn\/index.php\/2022\/11\/26\/senegal-equateur-ce-sera-deja-une-finale-twitte-abou-diallo\/"]}]},{"@type":"ImageObject","inLanguage":"fr-FR","@id":"https:\/\/www.public.sn\/index.php\/2022\/11\/26\/senegal-equateur-ce-sera-deja-une-finale-twitte-abou-diallo\/#primaryimage","url":"https:\/\/www.public.sn\/wp-content\/uploads\/2022\/11\/abou-diallo.jpg","contentUrl":"https:\/\/www.public.sn\/wp-content\/uploads\/2022\/11\/abou-diallo.jpg","width":275,"height":183},{"@type":"BreadcrumbList","@id":"https:\/\/www.public.sn\/index.php\/2022\/11\/26\/senegal-equateur-ce-sera-deja-une-finale-twitte-abou-diallo\/#breadcrumb","itemListElement":[{"@type":"ListItem","position":1,"name":"Accueil","item":"https:\/\/www.public.sn\/"},{"@type":"ListItem","position":2,"name":"S\u00e9n\u00e9gal-\u00c9quateur : \u00ab\u00a0Ce sera d\u00e9j\u00e0 une finale\u00a0\u00bb, twitte Abou Diallo"}]},{"@type":"WebSite","@id":"https:\/\/www.public.sn\/#website","url":"https:\/\/www.public.sn\/","name":"LE PUBLIC","description":"","publisher":{"@id":"https:\/\/www.public.sn\/#organization"},"potentialAction":[{"@type":"SearchAction","target":{"@type":"EntryPoint","urlTemplate":"https:\/\/www.public.sn\/?s={search_term_string}"},"query-input":{"@type":"PropertyValueSpecification","valueRequired":true,"valueName":"search_term_string"}}],"inLanguage":"fr-FR"},{"@type":"Organization","@id":"https:\/\/www.public.sn\/#organization","name":"LE PUBLIC","url":"https:\/\/www.public.sn\/","logo":{"@type":"ImageObject","inLanguage":"fr-FR","@id":"https:\/\/www.public.sn\/#\/schema\/logo\/image\/","url":"https:\/\/www.public.sn\/wp-content\/uploads\/2024\/05\/cropped-LOGO-PUBLIC.SN_.png","contentUrl":"https:\/\/www.public.sn\/wp-content\/uploads\/2024\/05\/cropped-LOGO-PUBLIC.SN_.png","width":682,"height":192,"caption":"LE PUBLIC"},"image":{"@id":"https:\/\/www.public.sn\/#\/schema\/logo\/image\/"}},{"@type":"Person","@id":"https:\/\/www.public.sn\/#\/schema\/person\/cb76c8e1b8becc6be61fb5e92d6d0224","name":"LA REDACTION","image":{"@type":"ImageObject","inLanguage":"fr-FR","@id":"https:\/\/www.public.sn\/#\/schema\/person\/image\/","url":"https:\/\/secure.gravatar.com\/avatar\/2dce5ddd34b8fef0180efe03aa2a9bee7d953856048f9a16b298190a3178407c?s=96&d=mm&r=g","contentUrl":"https:\/\/secure.gravatar.com\/avatar\/2dce5ddd34b8fef0180efe03aa2a9bee7d953856048f9a16b298190a3178407c?s=96&d=mm&r=g","caption":"LA REDACTION"},"url":"https:\/\/www.public.sn\/index.php\/author\/editeurpsn\/"}]}},"jetpack_featured_media_url":"https:\/\/www.public.sn\/wp-content\/uploads\/2022\/11\/abou-diallo.jpg","jetpack_sharing_enabled":true,"_links":{"self":[{"href":"https:\/\/www.public.sn\/index.php\/wp-json\/wp\/v2\/posts\/10235","targetHints":{"allow":["GET"]}}],"collection":[{"href":"https:\/\/www.public.sn\/index.php\/wp-json\/wp\/v2\/posts"}],"about":[{"href":"https:\/\/www.public.sn\/index.php\/wp-json\/wp\/v2\/types\/post"}],"author":[{"embeddable":true,"href":"https:\/\/www.public.sn\/index.php\/wp-json\/wp\/v2\/users\/7"}],"replies":[{"embeddable":true,"href":"https:\/\/www.public.sn\/index.php\/wp-json\/wp\/v2\/comments?post=10235"}],"version-history":[{"count":4,"href":"https:\/\/www.public.sn\/index.php\/wp-json\/wp\/v2\/posts\/10235\/revisions"}],"predecessor-version":[{"id":10258,"href":"https:\/\/www.public.sn\/index.php\/wp-json\/wp\/v2\/posts\/10235\/revisions\/10258"}],"wp:featuredmedia":[{"embeddable":true,"href":"https:\/\/www.public.sn\/index.php\/wp-json\/wp\/v2\/media\/10239"}],"wp:attachment":[{"href":"https:\/\/www.public.sn\/index.php\/wp-json\/wp\/v2\/media?parent=10235"}],"wp:term":[{"taxonomy":"category","embeddable":true,"href":"https:\/\/www.public.sn\/index.php\/wp-json\/wp\/v2\/categories?post=10235"},{"taxonomy":"post_tag","embeddable":true,"href":"https:\/\/www.public.sn\/index.php\/wp-json\/wp\/v2\/tags?post=10235"}],"curies":[{"name":"wp","href":"https:\/\/api.w.org\/{rel}","templated":true}]}}