{"id":10279,"date":"2022-11-27T12:03:27","date_gmt":"2022-11-27T12:03:27","guid":{"rendered":"https:\/\/www.public.sn\/?p=10279"},"modified":"2022-11-27T12:03:29","modified_gmt":"2022-11-27T12:03:29","slug":"aliou-cisse-la-concentration-et-la-determination-vont-faire-la-difference-face-a-lequateur","status":"publish","type":"post","link":"https:\/\/www.public.sn\/index.php\/2022\/11\/27\/aliou-cisse-la-concentration-et-la-determination-vont-faire-la-difference-face-a-lequateur\/","title":{"rendered":"Aliou Ciss\u00e9 : \u00ab La concentration et la d\u00e9termination vont faire la diff\u00e9rence face a l\u2019Equateur \u00bb"},"content":{"rendered":"\n<p>Mardi prochain 29 novembre, le S\u00e9n\u00e9gal va livrer sa troisi\u00e8me et derni\u00e8re \u00abfinale\u00bb de la poule A face \u00e0 l&rsquo;Equateur, Aliou CISSE analyse<\/p><div class=\"publi-paragraphe1\" style=\"margin-top: 10px;margin-bottom: 10px;margin-left: auto;margin-right: auto;text-align: center;\" id=\"publi-4082432883\"><div class=\"publi-adlabel\">Publicit\u00e9<\/div><script async src=\"\/\/pagead2.googlesyndication.com\/pagead\/js\/adsbygoogle.js?client=ca-pub-4089586018074219\" crossorigin=\"anonymous\"><\/script><ins class=\"adsbygoogle\" style=\"display:block;\" data-ad-client=\"ca-pub-4089586018074219\" \ndata-ad-slot=\"2087940154\" \ndata-ad-format=\"auto\"><\/ins>\n<script> \n(adsbygoogle = window.adsbygoogle || []).push({}); \n<\/script>\n<\/div>\n\n\n\n<p><strong>Apr\u00e8s la \u00abfinale\u00bb perdue face aux Pays-Bas, le 21 novembre dernier, les Lions du S\u00e9n\u00e9gal ont remport\u00e9 leur deuxi\u00e8me \u00abfinale\u00bb devant le pays h\u00f4te, le Qatar, \u00e9limin\u00e9 de sa comp\u00e9tition hier, vendredi 25 novembre. Mardi prochain 29 novembre, le S\u00e9n\u00e9gal va livrer sa troisi\u00e8me et derni\u00e8re \u00abfinale\u00bb de la poule A. Certainement la plus importante parce que les Lions doivent imp\u00e9rativement s\u2019imposer devant une surprenante \u00e9quipe de l\u2019Equateur qui caracole en t\u00eate du groupe avec 3 points +1 en \u00e9galit\u00e9 parfaite avec la Hollande. Pour y arriver, Aliou Ciss\u00e9 plaide pour la concentration et la d\u00e9termination.<\/strong><\/p>\n\n\n\n<p><strong>Coach, quelle analyse faites-vous du match apr\u00e8s la victoire (3-1) face au Qatar ?<\/strong><\/p>\n\n\n\n<p>On a jou\u00e9 un match d\u00e9cisif comme on s\u2019y attendait, dans la mesure o\u00f9 les deux \u00e9quipes avaient perdu leur premi\u00e8re rencontre. En premi\u00e8re mi-temps, on a plut\u00f4t g\u00e9r\u00e9 avec une bonne circulation de la balle. On aurait pu marquer plus d\u2019un but. En seconde p\u00e9riode, le deuxi\u00e8me but qu\u2019on a pu mettre t\u00f4t nous a un peu soulag\u00e9. A 2-0, on croyait que le travail \u00e9tait fait. Malheureusement, on a pris un but derri\u00e8re. Je suis tr\u00e8s satisfait des gar\u00e7ons, notamment de la prestation d\u2019Edouard Mendy qui a pu nous maintenir longtemps dans ce match.<\/p>\n\n\n\n<p><strong>Va-t-on vers la redistribution des cartes sur la ligne offensive apr\u00e8s la prestation d\u2019Ilimane Ndiaye qui a lib\u00e9r\u00e9 les siens ?<\/strong><\/p>\n\n\n\n<p>Mes gar\u00e7ons qui sont rentr\u00e9s on fait leur travail. Je ne m\u2019attendais pas mieux que \u00e7a. On a constitu\u00e9 un groupe homog\u00e8ne, \u00e9quilibr\u00e9 o\u00f9 n\u2019importe qui peut avoir sa chance de jouer. Ce qui est important \u00e0 mon avis, c\u2019est que le football est un jeu collectif. Aujourd\u2019hui, on a gagn\u00e9 collectivement et lundi dernier on a perdu collectivement. Si on a gagn\u00e9 aujourd\u2019hui, c\u2019est parce que les gar\u00e7ons qui ont d\u00e9marr\u00e9 la rencontre ont fait du bon boulot et d\u2019autres qui sont rentr\u00e9s ont continu\u00e9 le travail et c\u2019est ce que j\u2019attends de ce groupe l\u00e0. Les individualit\u00e9s ne sont pas importantes. Aujourd\u2019hui, c\u2019est le collectif qui a gagn\u00e9.<\/p>\n\n\n\n<p><strong>Comment avez-vous constitu\u00e9 votre \u00e9quipe sans Sadio Man\u00e9 ?<\/strong><\/p>\n\n\n\n<p>&nbsp;Il est difficile de remplacer un joueur du calibre de Sadio Man\u00e9. Et, comme je l\u2019ai dit, une \u00e9quipe de football aussi c\u2019est le collectif et collectivement, on a pu revoir notre niveau. Ce qui est int\u00e9ressant, c\u2019est ce que j\u2019attends des joueurs. Tout entraineur aimerait que son \u00e9quipe joue collectivement et avec beaucoup de passion mais en r\u00e9alit\u00e9, Sadio Man\u00e9 reste ce qu\u2019il est.<\/p>\n\n\n\n<p><strong>&nbsp;Etes-vous satisfait apr\u00e8s avoir gagn\u00e9 ce match ?<\/strong><\/p>\n\n\n\n<p>&nbsp;En 2018, nous avons gagn\u00e9 contre la Pologne mais on s\u2019est \u00e9limin\u00e9s par la suite. Aujourd\u2019hui, je suis satisfait mais ce n\u2019est pas une fin en soi. Notre objectif, c\u2019est de sortir de ce groupe l\u00e0. Chaque match est une finale pour nous. Et, comme nous l\u2019avons fait aujourd\u2019hui et comme nous l\u2019avons fait contre Hollande m\u00eame si nous n\u2019avons pas \u00e9t\u00e9 chers pay\u00e9s. Gagner ce match l\u00e0, donne un sens \u00e0 notre travail et motive les gar\u00e7ons \u00e0 travailler. On a de la satisfaction, on en profite mais \u00e7a ne va pas durer longtemps parce que l\u2019Equateur nous attend.<\/p>\n\n\n\n<p><strong>Au del\u00e0 du r\u00e9sultat, qu\u2019est-ce qui pourrait vous aider face \u00e0 l\u2019Equateur ?<\/strong><\/p>\n\n\n\n<p>Je dirai plut\u00f4t la concentration. A part le but que nous avons pris et qui me g\u00e8ne un peu, je pense que la concentration et la d\u00e9termination vont faire la diff\u00e9rence. \u00c7a \u00e9t\u00e9 compliqu\u00e9 mais les grandes \u00e9quipes sont capables de se remobiliser pour repartir. En quatre jours, \u00e7a \u00e9t\u00e9 court mais on a pu r\u00e9pondre et mobiliser la troupe ce qui nous a permis de faire quelque chose. Il faut qu\u2019on continue comme \u00e7a. Une autre paire de manche nous attend face \u00e0 l\u2019Equateur. On va r\u00e9cup\u00e9rer et mettre encore des ingr\u00e9dients pour faire face au d\u00e9fi physique afin qu\u2019on sorte de ce groupe l\u00e0.<\/p>\n\n\n\n<p><strong>Est-ce \u00e0 dire que les deux attaquants que vous avez lanc\u00e9s, ont fait la diff\u00e9rence ?<\/strong><\/p>\n\n\n\n<p>C\u2019est vrai que, quand vous avez envie de marquer des buts il faut mettre un peu plus d\u2019attaquants. Comme Boulaye Dia ou Famara Di\u00e9dhiou, ils ont beaucoup impact\u00e9 dans la d\u00e9fense du Qatar. Leur comportement a pu cr\u00e9er des espaces au milieu de terrain et aux lat\u00e9raux qui sont sortis de leurs flancs pour mettre des centres dans la surface de r\u00e9cup\u00e9ration adverse. Pour marquer des buts, il ne suffit pas de tourner autour du bloc. En un moment donn\u00e9, il faut \u00eatre dans les zones d\u00e9cisives. Le football, c\u2019est deux zones. Une surface de r\u00e9paration ou il faut bien d\u00e9fendre et une autre surface de pr\u00e9paration o\u00f9 il faut marquer des buts. Et si on n\u2019est pas l\u00e0, on ne marquera pas. C\u2019est pourquoi j\u2019ai d\u00e9cid\u00e9 d\u2019amener un attaquant suppl\u00e9mentaire pour marquer ce but et j\u2018en suis tr\u00e8s satisfait\u00bb.<\/p>\n\n\n\n<p><strong>A d\u00e9faut de remplacer Sadio Man\u00e9, pouvons nous s\u2019attendre \u00e0 voir Ilimane Ndiaye prendre plus de responsabilit\u00e9 pour l\u2019apport offensif ?<\/strong><\/p>\n\n\n\n<p>Je le dis et je le r\u00e9p\u00e8te, le football est un jeu collectif. Ce n\u2019est pas seulement des individualit\u00e9s. Je connais tr\u00e8s bien les qualit\u00e9s d\u2019Ilimane Ndiaye, Bamba Dieng et tous les gar\u00e7ons qui sont ici c\u2019est pourquoi je les ai fait venir dans l\u2019\u00e9quipe nationale du S\u00e9n\u00e9gal. C\u2019est le collectif qui est important. Maintenant, la Hollande reste diff\u00e9rente du Qatar avec tout le respect que j\u2019ai pour ce pays. Et, nous aussi, \u00e9tions dos au mur et nous voulons aussi gagner. Sur le plan tactique, on a essay\u00e9 de jouer sur un 4-4- 2 alors qu\u2019on \u00e9tait en 4-3-3 ou en 4-5-1 contre la Hollande. Les matchs se suivent mais ne se ressemblent pas. Chaque entra\u00eeneur pr\u00e9pare son \u00e9quipe en essayant de se caler par rapport \u00e0 ce que l\u2019adversaire peut faire. On vous a senti furieux apr\u00e8s le but conc\u00e9d\u00e9 par le S\u00e9n\u00e9gal.<\/p>\n\n\n\n<p><strong>Que faut-il faire pour \u00e9viter ce genre de but et pensez-vous aussi au syndrome des cartons jaunes ?<\/strong><\/p>\n\n\n\n<p>Pour les cartons jaunes, je pense que ce r\u00e8glement est r\u00e9gl\u00e9, il n\u2019existe plus. Je ne vais pas demander \u00e0 mes joueurs de jouer frein \u00e0 main. On a un football engag\u00e9 et je pense que sur ce match l\u00e0, je n\u2019ai pas vu des tacles ou encore moins des gestes mal plac\u00e9s qui m\u00e9ritent un carton. Maintenant, c\u2019est l\u2019arbitre qui est le chef du rectangle vert. \u00c7a a \u00e9t\u00e9 un match correct, quatre cartons ou cinq cartons, \u00e7a ne valait pas la peine.<\/p>\n\n\n\n<p><strong>Pensez-vous qu\u2019une \u00e9quipe africaine peut gagner cette Coupe du Monde ?<\/strong><\/p>\n\n\n\n<p>Oui. Vous avez-vous m\u00eame vu que cette Coupe du Monde r\u00e9serve des surprises. Vous avez vu les r\u00e9sultats avec l\u2019Iran qui a battu les Pays de Galles. Tout est possible dans cette comp\u00e9tition. Le Japon a battu l\u2019Allemagne. Je peux vous en citer plusieurs surprises, l\u2019Arabie Saoudite qui bat l\u2019Argentine. Aujourd\u2019hui, oui, les \u00e9quipes sont d\u00e9complex\u00e9es. La Coupe du Monde l\u00e0, n\u2019est plus comme celle d\u2019il y a 35 ans o\u00f9 les gros venaient \u00e0 bout des petits. Maintenant, toutes les \u00e9quipes se pr\u00e9parent pour donner v\u00e9ritablement leur meilleure prestation et on va vers une Coupe du monde qui r\u00e9serve des surprises. Oui, une \u00e9quipe africaine peut gagner la Coupe du Monde et j\u2019esp\u00e8re que se sera le S\u00e9n\u00e9gal.<\/p>\n\n\n\n<p><\/p>\n\n\n\n<p><strong>AVEC SUD Quotidien <\/strong><\/p>\n<div class=\"publi-apres-le-contenu\" style=\"margin-top: 10px;margin-bottom: 10px;margin-left: auto;margin-right: auto;text-align: center;\" id=\"publi-577276150\"><div class=\"publi-adlabel\">Publicit\u00e9<\/div><script async src=\"\/\/pagead2.googlesyndication.com\/pagead\/js\/adsbygoogle.js?client=ca-pub-4089586018074219\" crossorigin=\"anonymous\"><\/script><ins class=\"adsbygoogle\" style=\"display:block;\" data-ad-client=\"ca-pub-4089586018074219\" \ndata-ad-slot=\"2087940154\" \ndata-ad-format=\"auto\"><\/ins>\n<script> \n(adsbygoogle = window.adsbygoogle || []).push({}); \n<\/script>\n<\/div>","protected":false},"excerpt":{"rendered":"<p>Mardi prochain 29 novembre, le S\u00e9n\u00e9gal va livrer sa troisi\u00e8me et derni\u00e8re \u00abfinale\u00bb de la poule A face \u00e0 l&rsquo;Equateur, Aliou CISSE analyse Apr\u00e8s la \u00abfinale\u00bb perdue face aux Pays-Bas, le 21 novembre dernier, les Lions du S\u00e9n\u00e9gal ont remport\u00e9 leur deuxi\u00e8me \u00abfinale\u00bb devant le pays h\u00f4te, le Qatar, \u00e9limin\u00e9 de sa comp\u00e9tition hier, vendredi 25 novembre. Mardi prochain 29 novembre, le S\u00e9n\u00e9gal va livrer sa troisi\u00e8me et derni\u00e8re \u00abfinale\u00bb de la poule A. Certainement la plus importante parce que les Lions doivent imp\u00e9rativement s\u2019imposer devant une surprenante \u00e9quipe de l\u2019Equateur qui caracole en t\u00eate du groupe avec 3 points +1 en \u00e9galit\u00e9 parfaite avec la Hollande. Pour y arriver, Aliou Ciss\u00e9 plaide pour la concentration et la d\u00e9termination. Coach, quelle analyse faites-vous du match apr\u00e8s la victoire (3-1) face au Qatar ? On a jou\u00e9 un match d\u00e9cisif comme on s\u2019y attendait, dans la mesure o\u00f9 les deux \u00e9quipes avaient perdu leur premi\u00e8re rencontre. En premi\u00e8re mi-temps, on a plut\u00f4t g\u00e9r\u00e9 avec une bonne circulation de la balle. On aurait pu marquer plus d\u2019un but. En seconde p\u00e9riode, le deuxi\u00e8me but qu\u2019on a pu mettre t\u00f4t nous a un peu soulag\u00e9. A 2-0, on croyait que le travail \u00e9tait fait. Malheureusement, on a pris un but derri\u00e8re. Je suis tr\u00e8s satisfait des gar\u00e7ons, notamment de la prestation d\u2019Edouard Mendy qui a pu nous maintenir longtemps dans ce match. Va-t-on vers la redistribution des cartes sur la ligne offensive apr\u00e8s la prestation d\u2019Ilimane Ndiaye qui a lib\u00e9r\u00e9 les siens ? Mes gar\u00e7ons qui sont rentr\u00e9s on fait leur travail. Je ne m\u2019attendais pas mieux que \u00e7a. On a constitu\u00e9 un groupe homog\u00e8ne, \u00e9quilibr\u00e9 o\u00f9 n\u2019importe qui peut avoir sa chance de jouer. Ce qui est important \u00e0 mon avis, c\u2019est que le football est un jeu collectif. Aujourd\u2019hui, on a gagn\u00e9 collectivement et lundi dernier on a perdu collectivement. Si on a gagn\u00e9 aujourd\u2019hui, c\u2019est parce que les gar\u00e7ons qui ont d\u00e9marr\u00e9 la rencontre ont fait du bon boulot et d\u2019autres qui sont rentr\u00e9s ont continu\u00e9 le travail et c\u2019est ce que j\u2019attends de ce groupe l\u00e0. Les individualit\u00e9s ne sont pas importantes. Aujourd\u2019hui, c\u2019est le collectif qui a gagn\u00e9. Comment avez-vous constitu\u00e9 votre \u00e9quipe sans Sadio Man\u00e9 ? &nbsp;Il est difficile de remplacer un joueur du calibre de Sadio Man\u00e9. Et, comme je l\u2019ai dit, une \u00e9quipe de football aussi c\u2019est le collectif et collectivement, on a pu revoir notre niveau. Ce qui est int\u00e9ressant, c\u2019est ce que j\u2019attends des joueurs. Tout entraineur aimerait que son \u00e9quipe joue collectivement et avec beaucoup de passion mais en r\u00e9alit\u00e9, Sadio Man\u00e9 reste ce qu\u2019il est. &nbsp;Etes-vous satisfait apr\u00e8s avoir gagn\u00e9 ce match ? &nbsp;En 2018, nous avons gagn\u00e9 contre la Pologne mais on s\u2019est \u00e9limin\u00e9s par la suite. Aujourd\u2019hui, je suis satisfait mais ce n\u2019est pas une fin en soi. Notre objectif, c\u2019est de sortir de ce groupe l\u00e0. Chaque match est une finale pour nous. Et, comme nous l\u2019avons fait aujourd\u2019hui et comme nous l\u2019avons fait contre Hollande m\u00eame si nous n\u2019avons pas \u00e9t\u00e9 chers pay\u00e9s. Gagner ce match l\u00e0, donne un sens \u00e0 notre travail et motive les gar\u00e7ons \u00e0 travailler. On a de la satisfaction, on en profite mais \u00e7a ne va pas durer longtemps parce que l\u2019Equateur nous attend. Au del\u00e0 du r\u00e9sultat, qu\u2019est-ce qui pourrait vous aider face \u00e0 l\u2019Equateur ? Je dirai plut\u00f4t la concentration. A part le but que nous avons pris et qui me g\u00e8ne un peu, je pense que la concentration et la d\u00e9termination vont faire la diff\u00e9rence. \u00c7a \u00e9t\u00e9 compliqu\u00e9 mais les grandes \u00e9quipes sont capables de se remobiliser pour repartir. En quatre jours, \u00e7a \u00e9t\u00e9 court mais on a pu r\u00e9pondre et mobiliser la troupe ce qui nous a permis de faire quelque chose. Il faut qu\u2019on continue comme \u00e7a. Une autre paire de manche nous attend face \u00e0 l\u2019Equateur. On va r\u00e9cup\u00e9rer et mettre encore des ingr\u00e9dients pour faire face au d\u00e9fi physique afin qu\u2019on sorte de ce groupe l\u00e0. Est-ce \u00e0 dire que les deux attaquants que vous avez lanc\u00e9s, ont fait la diff\u00e9rence ? C\u2019est vrai que, quand vous avez envie de marquer des buts il faut mettre un peu plus d\u2019attaquants. Comme Boulaye Dia ou Famara Di\u00e9dhiou, ils ont beaucoup impact\u00e9 dans la d\u00e9fense du Qatar. Leur comportement a pu cr\u00e9er des espaces au milieu de terrain et aux lat\u00e9raux qui sont sortis de leurs flancs pour mettre des centres dans la surface de r\u00e9cup\u00e9ration adverse. Pour marquer des buts, il ne suffit pas de tourner autour du bloc. En un moment donn\u00e9, il faut \u00eatre dans les zones d\u00e9cisives. Le football, c\u2019est deux zones. Une surface de r\u00e9paration ou il faut bien d\u00e9fendre et une autre surface de pr\u00e9paration o\u00f9 il faut marquer des buts. Et si on n\u2019est pas l\u00e0, on ne marquera pas. C\u2019est pourquoi j\u2019ai d\u00e9cid\u00e9 d\u2019amener un attaquant suppl\u00e9mentaire pour marquer ce but et j\u2018en suis tr\u00e8s satisfait\u00bb. A d\u00e9faut de remplacer Sadio Man\u00e9, pouvons nous s\u2019attendre \u00e0 voir Ilimane Ndiaye prendre plus de responsabilit\u00e9 pour l\u2019apport offensif ? Je le dis et je le r\u00e9p\u00e8te, le football est un jeu collectif. Ce n\u2019est pas seulement des individualit\u00e9s. Je connais tr\u00e8s bien les qualit\u00e9s d\u2019Ilimane Ndiaye, Bamba Dieng et tous les gar\u00e7ons qui sont ici c\u2019est pourquoi je les ai fait venir dans l\u2019\u00e9quipe nationale du S\u00e9n\u00e9gal. C\u2019est le collectif qui est important. Maintenant, la Hollande reste diff\u00e9rente du Qatar avec tout le respect que j\u2019ai pour ce pays. Et, nous aussi, \u00e9tions dos au mur et nous voulons aussi gagner. Sur le plan tactique, on a essay\u00e9 de jouer sur un 4-4- 2 alors qu\u2019on \u00e9tait en 4-3-3 ou en 4-5-1 contre la Hollande. Les matchs se suivent mais ne se ressemblent pas. Chaque entra\u00eeneur pr\u00e9pare son \u00e9quipe en essayant de se caler par rapport \u00e0 ce que l\u2019adversaire peut faire. On vous a senti furieux apr\u00e8s le but conc\u00e9d\u00e9 par le S\u00e9n\u00e9gal. Que faut-il faire pour \u00e9viter ce genre de but et pensez-vous aussi au syndrome des cartons<\/p>\n","protected":false},"author":1,"featured_media":9874,"comment_status":"open","ping_status":"open","sticky":false,"template":"","format":"standard","meta":{"_jetpack_memberships_contains_paid_content":false,"footnotes":""},"categories":[375,3412,7],"tags":[827,3413,1550],"class_list":["post-10279","post","type-post","status-publish","format-standard","has-post-thumbnail","hentry","category-actualites","category-football","category-sport","tag-aliou-cisse","tag-equateur-2","tag-lions","entry","has-media","owp-thumbs-layout-horizontal","owp-btn-normal","owp-tabs-layout-horizontal","has-no-thumbnails","has-product-nav"],"yoast_head":"<!-- This site is optimized with the Yoast SEO plugin v25.5 - https:\/\/yoast.com\/wordpress\/plugins\/seo\/ -->\n<title>Aliou Ciss\u00e9 : \u00ab La concentration et la d\u00e9termination vont faire la diff\u00e9rence face a l\u2019Equateur \u00bb - LE PUBLIC<\/title>\n<meta name=\"robots\" content=\"index, follow, max-snippet:-1, max-image-preview:large, max-video-preview:-1\" \/>\n<link rel=\"canonical\" href=\"https:\/\/www.public.sn\/index.php\/2022\/11\/27\/aliou-cisse-la-concentration-et-la-determination-vont-faire-la-difference-face-a-lequateur\/\" \/>\n<meta property=\"og:locale\" content=\"fr_FR\" \/>\n<meta property=\"og:type\" content=\"article\" \/>\n<meta property=\"og:title\" content=\"Aliou Ciss\u00e9 : \u00ab La concentration et la d\u00e9termination vont faire la diff\u00e9rence face a l\u2019Equateur \u00bb - LE PUBLIC\" \/>\n<meta property=\"og:description\" content=\"Mardi prochain 29 novembre, le S\u00e9n\u00e9gal va livrer sa troisi\u00e8me et derni\u00e8re \u00abfinale\u00bb de la poule A face \u00e0 l&rsquo;Equateur, Aliou CISSE analyse Apr\u00e8s la \u00abfinale\u00bb perdue face aux Pays-Bas, le 21 novembre dernier, les Lions du S\u00e9n\u00e9gal ont remport\u00e9 leur deuxi\u00e8me \u00abfinale\u00bb devant le pays h\u00f4te, le Qatar, \u00e9limin\u00e9 de sa comp\u00e9tition hier, vendredi 25 novembre. Mardi prochain 29 novembre, le S\u00e9n\u00e9gal va livrer sa troisi\u00e8me et derni\u00e8re \u00abfinale\u00bb de la poule A. Certainement la plus importante parce que les Lions doivent imp\u00e9rativement s\u2019imposer devant une surprenante \u00e9quipe de l\u2019Equateur qui caracole en t\u00eate du groupe avec 3 points +1 en \u00e9galit\u00e9 parfaite avec la Hollande. Pour y arriver, Aliou Ciss\u00e9 plaide pour la concentration et la d\u00e9termination. Coach, quelle analyse faites-vous du match apr\u00e8s la victoire (3-1) face au Qatar ? On a jou\u00e9 un match d\u00e9cisif comme on s\u2019y attendait, dans la mesure o\u00f9 les deux \u00e9quipes avaient perdu leur premi\u00e8re rencontre. En premi\u00e8re mi-temps, on a plut\u00f4t g\u00e9r\u00e9 avec une bonne circulation de la balle. On aurait pu marquer plus d\u2019un but. En seconde p\u00e9riode, le deuxi\u00e8me but qu\u2019on a pu mettre t\u00f4t nous a un peu soulag\u00e9. A 2-0, on croyait que le travail \u00e9tait fait. Malheureusement, on a pris un but derri\u00e8re. Je suis tr\u00e8s satisfait des gar\u00e7ons, notamment de la prestation d\u2019Edouard Mendy qui a pu nous maintenir longtemps dans ce match. Va-t-on vers la redistribution des cartes sur la ligne offensive apr\u00e8s la prestation d\u2019Ilimane Ndiaye qui a lib\u00e9r\u00e9 les siens ? Mes gar\u00e7ons qui sont rentr\u00e9s on fait leur travail. Je ne m\u2019attendais pas mieux que \u00e7a. On a constitu\u00e9 un groupe homog\u00e8ne, \u00e9quilibr\u00e9 o\u00f9 n\u2019importe qui peut avoir sa chance de jouer. Ce qui est important \u00e0 mon avis, c\u2019est que le football est un jeu collectif. Aujourd\u2019hui, on a gagn\u00e9 collectivement et lundi dernier on a perdu collectivement. Si on a gagn\u00e9 aujourd\u2019hui, c\u2019est parce que les gar\u00e7ons qui ont d\u00e9marr\u00e9 la rencontre ont fait du bon boulot et d\u2019autres qui sont rentr\u00e9s ont continu\u00e9 le travail et c\u2019est ce que j\u2019attends de ce groupe l\u00e0. Les individualit\u00e9s ne sont pas importantes. Aujourd\u2019hui, c\u2019est le collectif qui a gagn\u00e9. Comment avez-vous constitu\u00e9 votre \u00e9quipe sans Sadio Man\u00e9 ? &nbsp;Il est difficile de remplacer un joueur du calibre de Sadio Man\u00e9. Et, comme je l\u2019ai dit, une \u00e9quipe de football aussi c\u2019est le collectif et collectivement, on a pu revoir notre niveau. Ce qui est int\u00e9ressant, c\u2019est ce que j\u2019attends des joueurs. Tout entraineur aimerait que son \u00e9quipe joue collectivement et avec beaucoup de passion mais en r\u00e9alit\u00e9, Sadio Man\u00e9 reste ce qu\u2019il est. &nbsp;Etes-vous satisfait apr\u00e8s avoir gagn\u00e9 ce match ? &nbsp;En 2018, nous avons gagn\u00e9 contre la Pologne mais on s\u2019est \u00e9limin\u00e9s par la suite. Aujourd\u2019hui, je suis satisfait mais ce n\u2019est pas une fin en soi. Notre objectif, c\u2019est de sortir de ce groupe l\u00e0. Chaque match est une finale pour nous. Et, comme nous l\u2019avons fait aujourd\u2019hui et comme nous l\u2019avons fait contre Hollande m\u00eame si nous n\u2019avons pas \u00e9t\u00e9 chers pay\u00e9s. Gagner ce match l\u00e0, donne un sens \u00e0 notre travail et motive les gar\u00e7ons \u00e0 travailler. On a de la satisfaction, on en profite mais \u00e7a ne va pas durer longtemps parce que l\u2019Equateur nous attend. Au del\u00e0 du r\u00e9sultat, qu\u2019est-ce qui pourrait vous aider face \u00e0 l\u2019Equateur ? Je dirai plut\u00f4t la concentration. A part le but que nous avons pris et qui me g\u00e8ne un peu, je pense que la concentration et la d\u00e9termination vont faire la diff\u00e9rence. \u00c7a \u00e9t\u00e9 compliqu\u00e9 mais les grandes \u00e9quipes sont capables de se remobiliser pour repartir. En quatre jours, \u00e7a \u00e9t\u00e9 court mais on a pu r\u00e9pondre et mobiliser la troupe ce qui nous a permis de faire quelque chose. Il faut qu\u2019on continue comme \u00e7a. Une autre paire de manche nous attend face \u00e0 l\u2019Equateur. On va r\u00e9cup\u00e9rer et mettre encore des ingr\u00e9dients pour faire face au d\u00e9fi physique afin qu\u2019on sorte de ce groupe l\u00e0. Est-ce \u00e0 dire que les deux attaquants que vous avez lanc\u00e9s, ont fait la diff\u00e9rence ? C\u2019est vrai que, quand vous avez envie de marquer des buts il faut mettre un peu plus d\u2019attaquants. Comme Boulaye Dia ou Famara Di\u00e9dhiou, ils ont beaucoup impact\u00e9 dans la d\u00e9fense du Qatar. Leur comportement a pu cr\u00e9er des espaces au milieu de terrain et aux lat\u00e9raux qui sont sortis de leurs flancs pour mettre des centres dans la surface de r\u00e9cup\u00e9ration adverse. Pour marquer des buts, il ne suffit pas de tourner autour du bloc. En un moment donn\u00e9, il faut \u00eatre dans les zones d\u00e9cisives. Le football, c\u2019est deux zones. Une surface de r\u00e9paration ou il faut bien d\u00e9fendre et une autre surface de pr\u00e9paration o\u00f9 il faut marquer des buts. Et si on n\u2019est pas l\u00e0, on ne marquera pas. C\u2019est pourquoi j\u2019ai d\u00e9cid\u00e9 d\u2019amener un attaquant suppl\u00e9mentaire pour marquer ce but et j\u2018en suis tr\u00e8s satisfait\u00bb. A d\u00e9faut de remplacer Sadio Man\u00e9, pouvons nous s\u2019attendre \u00e0 voir Ilimane Ndiaye prendre plus de responsabilit\u00e9 pour l\u2019apport offensif ? Je le dis et je le r\u00e9p\u00e8te, le football est un jeu collectif. Ce n\u2019est pas seulement des individualit\u00e9s. Je connais tr\u00e8s bien les qualit\u00e9s d\u2019Ilimane Ndiaye, Bamba Dieng et tous les gar\u00e7ons qui sont ici c\u2019est pourquoi je les ai fait venir dans l\u2019\u00e9quipe nationale du S\u00e9n\u00e9gal. C\u2019est le collectif qui est important. Maintenant, la Hollande reste diff\u00e9rente du Qatar avec tout le respect que j\u2019ai pour ce pays. Et, nous aussi, \u00e9tions dos au mur et nous voulons aussi gagner. Sur le plan tactique, on a essay\u00e9 de jouer sur un 4-4- 2 alors qu\u2019on \u00e9tait en 4-3-3 ou en 4-5-1 contre la Hollande. Les matchs se suivent mais ne se ressemblent pas. Chaque entra\u00eeneur pr\u00e9pare son \u00e9quipe en essayant de se caler par rapport \u00e0 ce que l\u2019adversaire peut faire. On vous a senti furieux apr\u00e8s le but conc\u00e9d\u00e9 par le S\u00e9n\u00e9gal. Que faut-il faire pour \u00e9viter ce genre de but et pensez-vous aussi au syndrome des cartons\" \/>\n<meta property=\"og:url\" content=\"https:\/\/www.public.sn\/index.php\/2022\/11\/27\/aliou-cisse-la-concentration-et-la-determination-vont-faire-la-difference-face-a-lequateur\/\" \/>\n<meta property=\"og:site_name\" content=\"LE PUBLIC\" \/>\n<meta property=\"article:published_time\" content=\"2022-11-27T12:03:27+00:00\" \/>\n<meta property=\"article:modified_time\" content=\"2022-11-27T12:03:29+00:00\" \/>\n<meta property=\"og:image\" content=\"https:\/\/www.public.sn\/wp-content\/uploads\/2022\/11\/aliou-cisse-3.jpg\" \/>\n\t<meta property=\"og:image:width\" content=\"1500\" \/>\n\t<meta property=\"og:image:height\" content=\"998\" \/>\n\t<meta property=\"og:image:type\" content=\"image\/jpeg\" \/>\n<meta name=\"author\" content=\"LA REDACTION\" \/>\n<meta name=\"twitter:card\" content=\"summary_large_image\" \/>\n<meta name=\"twitter:label1\" content=\"\u00c9crit par\" \/>\n\t<meta name=\"twitter:data1\" content=\"LA REDACTION\" \/>\n\t<meta name=\"twitter:label2\" content=\"Dur\u00e9e de lecture estim\u00e9e\" \/>\n\t<meta name=\"twitter:data2\" content=\"7 minutes\" \/>\n<script type=\"application\/ld+json\" class=\"yoast-schema-graph\">{\"@context\":\"https:\/\/schema.org\",\"@graph\":[{\"@type\":\"Article\",\"@id\":\"https:\/\/www.public.sn\/index.php\/2022\/11\/27\/aliou-cisse-la-concentration-et-la-determination-vont-faire-la-difference-face-a-lequateur\/#article\",\"isPartOf\":{\"@id\":\"https:\/\/www.public.sn\/index.php\/2022\/11\/27\/aliou-cisse-la-concentration-et-la-determination-vont-faire-la-difference-face-a-lequateur\/\"},\"author\":{\"name\":\"LA REDACTION\",\"@id\":\"https:\/\/www.public.sn\/#\/schema\/person\/e3f4a11b037d4203902db148f9bc8d5a\"},\"headline\":\"Aliou Ciss\u00e9 : \u00ab La concentration et la d\u00e9termination vont faire la diff\u00e9rence face a l\u2019Equateur \u00bb\",\"datePublished\":\"2022-11-27T12:03:27+00:00\",\"dateModified\":\"2022-11-27T12:03:29+00:00\",\"mainEntityOfPage\":{\"@id\":\"https:\/\/www.public.sn\/index.php\/2022\/11\/27\/aliou-cisse-la-concentration-et-la-determination-vont-faire-la-difference-face-a-lequateur\/\"},\"wordCount\":1381,\"commentCount\":0,\"publisher\":{\"@id\":\"https:\/\/www.public.sn\/#organization\"},\"image\":{\"@id\":\"https:\/\/www.public.sn\/index.php\/2022\/11\/27\/aliou-cisse-la-concentration-et-la-determination-vont-faire-la-difference-face-a-lequateur\/#primaryimage\"},\"thumbnailUrl\":\"https:\/\/www.public.sn\/wp-content\/uploads\/2022\/11\/aliou-cisse-3.jpg\",\"keywords\":[\"Aliou Ciss\u00e9\",\"\u00e9quateur\",\"lions\"],\"articleSection\":[\"ACTUALIT\u00c9S\",\"FOOTBALL\",\"SPORTS\"],\"inLanguage\":\"fr-FR\",\"potentialAction\":[{\"@type\":\"CommentAction\",\"name\":\"Comment\",\"target\":[\"https:\/\/www.public.sn\/index.php\/2022\/11\/27\/aliou-cisse-la-concentration-et-la-determination-vont-faire-la-difference-face-a-lequateur\/#respond\"]}]},{\"@type\":\"WebPage\",\"@id\":\"https:\/\/www.public.sn\/index.php\/2022\/11\/27\/aliou-cisse-la-concentration-et-la-determination-vont-faire-la-difference-face-a-lequateur\/\",\"url\":\"https:\/\/www.public.sn\/index.php\/2022\/11\/27\/aliou-cisse-la-concentration-et-la-determination-vont-faire-la-difference-face-a-lequateur\/\",\"name\":\"Aliou Ciss\u00e9 : \u00ab La concentration et la d\u00e9termination vont faire la diff\u00e9rence face a l\u2019Equateur \u00bb - LE PUBLIC\",\"isPartOf\":{\"@id\":\"https:\/\/www.public.sn\/#website\"},\"primaryImageOfPage\":{\"@id\":\"https:\/\/www.public.sn\/index.php\/2022\/11\/27\/aliou-cisse-la-concentration-et-la-determination-vont-faire-la-difference-face-a-lequateur\/#primaryimage\"},\"image\":{\"@id\":\"https:\/\/www.public.sn\/index.php\/2022\/11\/27\/aliou-cisse-la-concentration-et-la-determination-vont-faire-la-difference-face-a-lequateur\/#primaryimage\"},\"thumbnailUrl\":\"https:\/\/www.public.sn\/wp-content\/uploads\/2022\/11\/aliou-cisse-3.jpg\",\"datePublished\":\"2022-11-27T12:03:27+00:00\",\"dateModified\":\"2022-11-27T12:03:29+00:00\",\"breadcrumb\":{\"@id\":\"https:\/\/www.public.sn\/index.php\/2022\/11\/27\/aliou-cisse-la-concentration-et-la-determination-vont-faire-la-difference-face-a-lequateur\/#breadcrumb\"},\"inLanguage\":\"fr-FR\",\"potentialAction\":[{\"@type\":\"ReadAction\",\"target\":[\"https:\/\/www.public.sn\/index.php\/2022\/11\/27\/aliou-cisse-la-concentration-et-la-determination-vont-faire-la-difference-face-a-lequateur\/\"]}]},{\"@type\":\"ImageObject\",\"inLanguage\":\"fr-FR\",\"@id\":\"https:\/\/www.public.sn\/index.php\/2022\/11\/27\/aliou-cisse-la-concentration-et-la-determination-vont-faire-la-difference-face-a-lequateur\/#primaryimage\",\"url\":\"https:\/\/www.public.sn\/wp-content\/uploads\/2022\/11\/aliou-cisse-3.jpg\",\"contentUrl\":\"https:\/\/www.public.sn\/wp-content\/uploads\/2022\/11\/aliou-cisse-3.jpg\",\"width\":1500,\"height\":998,\"caption\":\"publicsn\"},{\"@type\":\"BreadcrumbList\",\"@id\":\"https:\/\/www.public.sn\/index.php\/2022\/11\/27\/aliou-cisse-la-concentration-et-la-determination-vont-faire-la-difference-face-a-lequateur\/#breadcrumb\",\"itemListElement\":[{\"@type\":\"ListItem\",\"position\":1,\"name\":\"Accueil\",\"item\":\"https:\/\/www.public.sn\/\"},{\"@type\":\"ListItem\",\"position\":2,\"name\":\"Aliou Ciss\u00e9 : \u00ab La concentration et la d\u00e9termination vont faire la diff\u00e9rence face a l\u2019Equateur \u00bb\"}]},{\"@type\":\"WebSite\",\"@id\":\"https:\/\/www.public.sn\/#website\",\"url\":\"https:\/\/www.public.sn\/\",\"name\":\"LE PUBLIC\",\"description\":\"\",\"publisher\":{\"@id\":\"https:\/\/www.public.sn\/#organization\"},\"potentialAction\":[{\"@type\":\"SearchAction\",\"target\":{\"@type\":\"EntryPoint\",\"urlTemplate\":\"https:\/\/www.public.sn\/?s={search_term_string}\"},\"query-input\":{\"@type\":\"PropertyValueSpecification\",\"valueRequired\":true,\"valueName\":\"search_term_string\"}}],\"inLanguage\":\"fr-FR\"},{\"@type\":\"Organization\",\"@id\":\"https:\/\/www.public.sn\/#organization\",\"name\":\"LE PUBLIC\",\"url\":\"https:\/\/www.public.sn\/\",\"logo\":{\"@type\":\"ImageObject\",\"inLanguage\":\"fr-FR\",\"@id\":\"https:\/\/www.public.sn\/#\/schema\/logo\/image\/\",\"url\":\"https:\/\/www.public.sn\/wp-content\/uploads\/2024\/05\/cropped-LOGO-PUBLIC.SN_.png\",\"contentUrl\":\"https:\/\/www.public.sn\/wp-content\/uploads\/2024\/05\/cropped-LOGO-PUBLIC.SN_.png\",\"width\":682,\"height\":192,\"caption\":\"LE PUBLIC\"},\"image\":{\"@id\":\"https:\/\/www.public.sn\/#\/schema\/logo\/image\/\"}},{\"@type\":\"Person\",\"@id\":\"https:\/\/www.public.sn\/#\/schema\/person\/e3f4a11b037d4203902db148f9bc8d5a\",\"name\":\"LA REDACTION\",\"image\":{\"@type\":\"ImageObject\",\"inLanguage\":\"fr-FR\",\"@id\":\"https:\/\/www.public.sn\/#\/schema\/person\/image\/\",\"url\":\"https:\/\/secure.gravatar.com\/avatar\/d6c030db45db2883c075085c5d6c6258654a801a93766b49af0b82d4f454e2a5?s=96&d=mm&r=g\",\"contentUrl\":\"https:\/\/secure.gravatar.com\/avatar\/d6c030db45db2883c075085c5d6c6258654a801a93766b49af0b82d4f454e2a5?s=96&d=mm&r=g\",\"caption\":\"LA REDACTION\"},\"sameAs\":[\"http:\/\/www.public.sn\"],\"url\":\"https:\/\/www.public.sn\/index.php\/author\/admin7324\/\"}]}<\/script>\n<!-- \/ Yoast SEO plugin. -->","yoast_head_json":{"title":"Aliou Ciss\u00e9 : \u00ab La concentration et la d\u00e9termination vont faire la diff\u00e9rence face a l\u2019Equateur \u00bb - LE PUBLIC","robots":{"index":"index","follow":"follow","max-snippet":"max-snippet:-1","max-image-preview":"max-image-preview:large","max-video-preview":"max-video-preview:-1"},"canonical":"https:\/\/www.public.sn\/index.php\/2022\/11\/27\/aliou-cisse-la-concentration-et-la-determination-vont-faire-la-difference-face-a-lequateur\/","og_locale":"fr_FR","og_type":"article","og_title":"Aliou Ciss\u00e9 : \u00ab La concentration et la d\u00e9termination vont faire la diff\u00e9rence face a l\u2019Equateur \u00bb - LE PUBLIC","og_description":"Mardi prochain 29 novembre, le S\u00e9n\u00e9gal va livrer sa troisi\u00e8me et derni\u00e8re \u00abfinale\u00bb de la poule A face \u00e0 l&rsquo;Equateur, Aliou CISSE analyse Apr\u00e8s la \u00abfinale\u00bb perdue face aux Pays-Bas, le 21 novembre dernier, les Lions du S\u00e9n\u00e9gal ont remport\u00e9 leur deuxi\u00e8me \u00abfinale\u00bb devant le pays h\u00f4te, le Qatar, \u00e9limin\u00e9 de sa comp\u00e9tition hier, vendredi 25 novembre. Mardi prochain 29 novembre, le S\u00e9n\u00e9gal va livrer sa troisi\u00e8me et derni\u00e8re \u00abfinale\u00bb de la poule A. Certainement la plus importante parce que les Lions doivent imp\u00e9rativement s\u2019imposer devant une surprenante \u00e9quipe de l\u2019Equateur qui caracole en t\u00eate du groupe avec 3 points +1 en \u00e9galit\u00e9 parfaite avec la Hollande. Pour y arriver, Aliou Ciss\u00e9 plaide pour la concentration et la d\u00e9termination. Coach, quelle analyse faites-vous du match apr\u00e8s la victoire (3-1) face au Qatar ? On a jou\u00e9 un match d\u00e9cisif comme on s\u2019y attendait, dans la mesure o\u00f9 les deux \u00e9quipes avaient perdu leur premi\u00e8re rencontre. En premi\u00e8re mi-temps, on a plut\u00f4t g\u00e9r\u00e9 avec une bonne circulation de la balle. On aurait pu marquer plus d\u2019un but. En seconde p\u00e9riode, le deuxi\u00e8me but qu\u2019on a pu mettre t\u00f4t nous a un peu soulag\u00e9. A 2-0, on croyait que le travail \u00e9tait fait. Malheureusement, on a pris un but derri\u00e8re. Je suis tr\u00e8s satisfait des gar\u00e7ons, notamment de la prestation d\u2019Edouard Mendy qui a pu nous maintenir longtemps dans ce match. Va-t-on vers la redistribution des cartes sur la ligne offensive apr\u00e8s la prestation d\u2019Ilimane Ndiaye qui a lib\u00e9r\u00e9 les siens ? Mes gar\u00e7ons qui sont rentr\u00e9s on fait leur travail. Je ne m\u2019attendais pas mieux que \u00e7a. On a constitu\u00e9 un groupe homog\u00e8ne, \u00e9quilibr\u00e9 o\u00f9 n\u2019importe qui peut avoir sa chance de jouer. Ce qui est important \u00e0 mon avis, c\u2019est que le football est un jeu collectif. Aujourd\u2019hui, on a gagn\u00e9 collectivement et lundi dernier on a perdu collectivement. Si on a gagn\u00e9 aujourd\u2019hui, c\u2019est parce que les gar\u00e7ons qui ont d\u00e9marr\u00e9 la rencontre ont fait du bon boulot et d\u2019autres qui sont rentr\u00e9s ont continu\u00e9 le travail et c\u2019est ce que j\u2019attends de ce groupe l\u00e0. Les individualit\u00e9s ne sont pas importantes. Aujourd\u2019hui, c\u2019est le collectif qui a gagn\u00e9. Comment avez-vous constitu\u00e9 votre \u00e9quipe sans Sadio Man\u00e9 ? &nbsp;Il est difficile de remplacer un joueur du calibre de Sadio Man\u00e9. Et, comme je l\u2019ai dit, une \u00e9quipe de football aussi c\u2019est le collectif et collectivement, on a pu revoir notre niveau. Ce qui est int\u00e9ressant, c\u2019est ce que j\u2019attends des joueurs. Tout entraineur aimerait que son \u00e9quipe joue collectivement et avec beaucoup de passion mais en r\u00e9alit\u00e9, Sadio Man\u00e9 reste ce qu\u2019il est. &nbsp;Etes-vous satisfait apr\u00e8s avoir gagn\u00e9 ce match ? &nbsp;En 2018, nous avons gagn\u00e9 contre la Pologne mais on s\u2019est \u00e9limin\u00e9s par la suite. Aujourd\u2019hui, je suis satisfait mais ce n\u2019est pas une fin en soi. Notre objectif, c\u2019est de sortir de ce groupe l\u00e0. Chaque match est une finale pour nous. Et, comme nous l\u2019avons fait aujourd\u2019hui et comme nous l\u2019avons fait contre Hollande m\u00eame si nous n\u2019avons pas \u00e9t\u00e9 chers pay\u00e9s. Gagner ce match l\u00e0, donne un sens \u00e0 notre travail et motive les gar\u00e7ons \u00e0 travailler. On a de la satisfaction, on en profite mais \u00e7a ne va pas durer longtemps parce que l\u2019Equateur nous attend. Au del\u00e0 du r\u00e9sultat, qu\u2019est-ce qui pourrait vous aider face \u00e0 l\u2019Equateur ? Je dirai plut\u00f4t la concentration. A part le but que nous avons pris et qui me g\u00e8ne un peu, je pense que la concentration et la d\u00e9termination vont faire la diff\u00e9rence. \u00c7a \u00e9t\u00e9 compliqu\u00e9 mais les grandes \u00e9quipes sont capables de se remobiliser pour repartir. En quatre jours, \u00e7a \u00e9t\u00e9 court mais on a pu r\u00e9pondre et mobiliser la troupe ce qui nous a permis de faire quelque chose. Il faut qu\u2019on continue comme \u00e7a. Une autre paire de manche nous attend face \u00e0 l\u2019Equateur. On va r\u00e9cup\u00e9rer et mettre encore des ingr\u00e9dients pour faire face au d\u00e9fi physique afin qu\u2019on sorte de ce groupe l\u00e0. Est-ce \u00e0 dire que les deux attaquants que vous avez lanc\u00e9s, ont fait la diff\u00e9rence ? C\u2019est vrai que, quand vous avez envie de marquer des buts il faut mettre un peu plus d\u2019attaquants. Comme Boulaye Dia ou Famara Di\u00e9dhiou, ils ont beaucoup impact\u00e9 dans la d\u00e9fense du Qatar. Leur comportement a pu cr\u00e9er des espaces au milieu de terrain et aux lat\u00e9raux qui sont sortis de leurs flancs pour mettre des centres dans la surface de r\u00e9cup\u00e9ration adverse. Pour marquer des buts, il ne suffit pas de tourner autour du bloc. En un moment donn\u00e9, il faut \u00eatre dans les zones d\u00e9cisives. Le football, c\u2019est deux zones. Une surface de r\u00e9paration ou il faut bien d\u00e9fendre et une autre surface de pr\u00e9paration o\u00f9 il faut marquer des buts. Et si on n\u2019est pas l\u00e0, on ne marquera pas. C\u2019est pourquoi j\u2019ai d\u00e9cid\u00e9 d\u2019amener un attaquant suppl\u00e9mentaire pour marquer ce but et j\u2018en suis tr\u00e8s satisfait\u00bb. A d\u00e9faut de remplacer Sadio Man\u00e9, pouvons nous s\u2019attendre \u00e0 voir Ilimane Ndiaye prendre plus de responsabilit\u00e9 pour l\u2019apport offensif ? Je le dis et je le r\u00e9p\u00e8te, le football est un jeu collectif. Ce n\u2019est pas seulement des individualit\u00e9s. Je connais tr\u00e8s bien les qualit\u00e9s d\u2019Ilimane Ndiaye, Bamba Dieng et tous les gar\u00e7ons qui sont ici c\u2019est pourquoi je les ai fait venir dans l\u2019\u00e9quipe nationale du S\u00e9n\u00e9gal. C\u2019est le collectif qui est important. Maintenant, la Hollande reste diff\u00e9rente du Qatar avec tout le respect que j\u2019ai pour ce pays. Et, nous aussi, \u00e9tions dos au mur et nous voulons aussi gagner. Sur le plan tactique, on a essay\u00e9 de jouer sur un 4-4- 2 alors qu\u2019on \u00e9tait en 4-3-3 ou en 4-5-1 contre la Hollande. Les matchs se suivent mais ne se ressemblent pas. Chaque entra\u00eeneur pr\u00e9pare son \u00e9quipe en essayant de se caler par rapport \u00e0 ce que l\u2019adversaire peut faire. On vous a senti furieux apr\u00e8s le but conc\u00e9d\u00e9 par le S\u00e9n\u00e9gal. Que faut-il faire pour \u00e9viter ce genre de but et pensez-vous aussi au syndrome des cartons","og_url":"https:\/\/www.public.sn\/index.php\/2022\/11\/27\/aliou-cisse-la-concentration-et-la-determination-vont-faire-la-difference-face-a-lequateur\/","og_site_name":"LE PUBLIC","article_published_time":"2022-11-27T12:03:27+00:00","article_modified_time":"2022-11-27T12:03:29+00:00","og_image":[{"width":1500,"height":998,"url":"https:\/\/www.public.sn\/wp-content\/uploads\/2022\/11\/aliou-cisse-3.jpg","type":"image\/jpeg"}],"author":"LA REDACTION","twitter_card":"summary_large_image","twitter_misc":{"\u00c9crit par":"LA REDACTION","Dur\u00e9e de lecture estim\u00e9e":"7 minutes"},"schema":{"@context":"https:\/\/schema.org","@graph":[{"@type":"Article","@id":"https:\/\/www.public.sn\/index.php\/2022\/11\/27\/aliou-cisse-la-concentration-et-la-determination-vont-faire-la-difference-face-a-lequateur\/#article","isPartOf":{"@id":"https:\/\/www.public.sn\/index.php\/2022\/11\/27\/aliou-cisse-la-concentration-et-la-determination-vont-faire-la-difference-face-a-lequateur\/"},"author":{"name":"LA REDACTION","@id":"https:\/\/www.public.sn\/#\/schema\/person\/e3f4a11b037d4203902db148f9bc8d5a"},"headline":"Aliou Ciss\u00e9 : \u00ab La concentration et la d\u00e9termination vont faire la diff\u00e9rence face a l\u2019Equateur \u00bb","datePublished":"2022-11-27T12:03:27+00:00","dateModified":"2022-11-27T12:03:29+00:00","mainEntityOfPage":{"@id":"https:\/\/www.public.sn\/index.php\/2022\/11\/27\/aliou-cisse-la-concentration-et-la-determination-vont-faire-la-difference-face-a-lequateur\/"},"wordCount":1381,"commentCount":0,"publisher":{"@id":"https:\/\/www.public.sn\/#organization"},"image":{"@id":"https:\/\/www.public.sn\/index.php\/2022\/11\/27\/aliou-cisse-la-concentration-et-la-determination-vont-faire-la-difference-face-a-lequateur\/#primaryimage"},"thumbnailUrl":"https:\/\/www.public.sn\/wp-content\/uploads\/2022\/11\/aliou-cisse-3.jpg","keywords":["Aliou Ciss\u00e9","\u00e9quateur","lions"],"articleSection":["ACTUALIT\u00c9S","FOOTBALL","SPORTS"],"inLanguage":"fr-FR","potentialAction":[{"@type":"CommentAction","name":"Comment","target":["https:\/\/www.public.sn\/index.php\/2022\/11\/27\/aliou-cisse-la-concentration-et-la-determination-vont-faire-la-difference-face-a-lequateur\/#respond"]}]},{"@type":"WebPage","@id":"https:\/\/www.public.sn\/index.php\/2022\/11\/27\/aliou-cisse-la-concentration-et-la-determination-vont-faire-la-difference-face-a-lequateur\/","url":"https:\/\/www.public.sn\/index.php\/2022\/11\/27\/aliou-cisse-la-concentration-et-la-determination-vont-faire-la-difference-face-a-lequateur\/","name":"Aliou Ciss\u00e9 : \u00ab La concentration et la d\u00e9termination vont faire la diff\u00e9rence face a l\u2019Equateur \u00bb - LE PUBLIC","isPartOf":{"@id":"https:\/\/www.public.sn\/#website"},"primaryImageOfPage":{"@id":"https:\/\/www.public.sn\/index.php\/2022\/11\/27\/aliou-cisse-la-concentration-et-la-determination-vont-faire-la-difference-face-a-lequateur\/#primaryimage"},"image":{"@id":"https:\/\/www.public.sn\/index.php\/2022\/11\/27\/aliou-cisse-la-concentration-et-la-determination-vont-faire-la-difference-face-a-lequateur\/#primaryimage"},"thumbnailUrl":"https:\/\/www.public.sn\/wp-content\/uploads\/2022\/11\/aliou-cisse-3.jpg","datePublished":"2022-11-27T12:03:27+00:00","dateModified":"2022-11-27T12:03:29+00:00","breadcrumb":{"@id":"https:\/\/www.public.sn\/index.php\/2022\/11\/27\/aliou-cisse-la-concentration-et-la-determination-vont-faire-la-difference-face-a-lequateur\/#breadcrumb"},"inLanguage":"fr-FR","potentialAction":[{"@type":"ReadAction","target":["https:\/\/www.public.sn\/index.php\/2022\/11\/27\/aliou-cisse-la-concentration-et-la-determination-vont-faire-la-difference-face-a-lequateur\/"]}]},{"@type":"ImageObject","inLanguage":"fr-FR","@id":"https:\/\/www.public.sn\/index.php\/2022\/11\/27\/aliou-cisse-la-concentration-et-la-determination-vont-faire-la-difference-face-a-lequateur\/#primaryimage","url":"https:\/\/www.public.sn\/wp-content\/uploads\/2022\/11\/aliou-cisse-3.jpg","contentUrl":"https:\/\/www.public.sn\/wp-content\/uploads\/2022\/11\/aliou-cisse-3.jpg","width":1500,"height":998,"caption":"publicsn"},{"@type":"BreadcrumbList","@id":"https:\/\/www.public.sn\/index.php\/2022\/11\/27\/aliou-cisse-la-concentration-et-la-determination-vont-faire-la-difference-face-a-lequateur\/#breadcrumb","itemListElement":[{"@type":"ListItem","position":1,"name":"Accueil","item":"https:\/\/www.public.sn\/"},{"@type":"ListItem","position":2,"name":"Aliou Ciss\u00e9 : \u00ab La concentration et la d\u00e9termination vont faire la diff\u00e9rence face a l\u2019Equateur \u00bb"}]},{"@type":"WebSite","@id":"https:\/\/www.public.sn\/#website","url":"https:\/\/www.public.sn\/","name":"LE PUBLIC","description":"","publisher":{"@id":"https:\/\/www.public.sn\/#organization"},"potentialAction":[{"@type":"SearchAction","target":{"@type":"EntryPoint","urlTemplate":"https:\/\/www.public.sn\/?s={search_term_string}"},"query-input":{"@type":"PropertyValueSpecification","valueRequired":true,"valueName":"search_term_string"}}],"inLanguage":"fr-FR"},{"@type":"Organization","@id":"https:\/\/www.public.sn\/#organization","name":"LE PUBLIC","url":"https:\/\/www.public.sn\/","logo":{"@type":"ImageObject","inLanguage":"fr-FR","@id":"https:\/\/www.public.sn\/#\/schema\/logo\/image\/","url":"https:\/\/www.public.sn\/wp-content\/uploads\/2024\/05\/cropped-LOGO-PUBLIC.SN_.png","contentUrl":"https:\/\/www.public.sn\/wp-content\/uploads\/2024\/05\/cropped-LOGO-PUBLIC.SN_.png","width":682,"height":192,"caption":"LE PUBLIC"},"image":{"@id":"https:\/\/www.public.sn\/#\/schema\/logo\/image\/"}},{"@type":"Person","@id":"https:\/\/www.public.sn\/#\/schema\/person\/e3f4a11b037d4203902db148f9bc8d5a","name":"LA REDACTION","image":{"@type":"ImageObject","inLanguage":"fr-FR","@id":"https:\/\/www.public.sn\/#\/schema\/person\/image\/","url":"https:\/\/secure.gravatar.com\/avatar\/d6c030db45db2883c075085c5d6c6258654a801a93766b49af0b82d4f454e2a5?s=96&d=mm&r=g","contentUrl":"https:\/\/secure.gravatar.com\/avatar\/d6c030db45db2883c075085c5d6c6258654a801a93766b49af0b82d4f454e2a5?s=96&d=mm&r=g","caption":"LA REDACTION"},"sameAs":["http:\/\/www.public.sn"],"url":"https:\/\/www.public.sn\/index.php\/author\/admin7324\/"}]}},"jetpack_featured_media_url":"https:\/\/www.public.sn\/wp-content\/uploads\/2022\/11\/aliou-cisse-3.jpg","jetpack_sharing_enabled":true,"_links":{"self":[{"href":"https:\/\/www.public.sn\/index.php\/wp-json\/wp\/v2\/posts\/10279","targetHints":{"allow":["GET"]}}],"collection":[{"href":"https:\/\/www.public.sn\/index.php\/wp-json\/wp\/v2\/posts"}],"about":[{"href":"https:\/\/www.public.sn\/index.php\/wp-json\/wp\/v2\/types\/post"}],"author":[{"embeddable":true,"href":"https:\/\/www.public.sn\/index.php\/wp-json\/wp\/v2\/users\/1"}],"replies":[{"embeddable":true,"href":"https:\/\/www.public.sn\/index.php\/wp-json\/wp\/v2\/comments?post=10279"}],"version-history":[{"count":2,"href":"https:\/\/www.public.sn\/index.php\/wp-json\/wp\/v2\/posts\/10279\/revisions"}],"predecessor-version":[{"id":10281,"href":"https:\/\/www.public.sn\/index.php\/wp-json\/wp\/v2\/posts\/10279\/revisions\/10281"}],"wp:featuredmedia":[{"embeddable":true,"href":"https:\/\/www.public.sn\/index.php\/wp-json\/wp\/v2\/media\/9874"}],"wp:attachment":[{"href":"https:\/\/www.public.sn\/index.php\/wp-json\/wp\/v2\/media?parent=10279"}],"wp:term":[{"taxonomy":"category","embeddable":true,"href":"https:\/\/www.public.sn\/index.php\/wp-json\/wp\/v2\/categories?post=10279"},{"taxonomy":"post_tag","embeddable":true,"href":"https:\/\/www.public.sn\/index.php\/wp-json\/wp\/v2\/tags?post=10279"}],"curies":[{"name":"wp","href":"https:\/\/api.w.org\/{rel}","templated":true}]}}