{"id":10300,"date":"2022-11-27T15:28:22","date_gmt":"2022-11-27T15:28:22","guid":{"rendered":"https:\/\/www.public.sn\/?p=10300"},"modified":"2022-11-27T15:28:24","modified_gmt":"2022-11-27T15:28:24","slug":"toussain-manga-jai-pris-la-decision-dadherer-sans-conditions-au-parti-pastef-les-patriotes","status":"publish","type":"post","link":"https:\/\/www.public.sn\/index.php\/2022\/11\/27\/toussain-manga-jai-pris-la-decision-dadherer-sans-conditions-au-parti-pastef-les-patriotes\/","title":{"rendered":"Toussain Manga : \u00ab J\u2019ai pris la d\u00e9cision d\u2019adh\u00e9rer sans conditions au parti PASTEF- LES PATRIOTES \u00bb"},"content":{"rendered":"<p><strong>Dans une d\u00e9claration SUR Facebook, Toussain Manga r\u00e9v\u00e8le qu&rsquo;il vient de prendre la d\u00e9cision d&rsquo;adh\u00e9rer au parti Pastef . Ce, pour ses valeurs, sa vision, son projet politique, sa doctrine pragmatique, sa devise \u00ab le don de soi pour la patrie \u00bb et pour le combat permanent men\u00e9 au quotidien sans compromission par le parti et son Pr\u00e9sident Ousmane Sonko.<\/strong><\/p><div class=\"publi-paragraphe1\" style=\"margin-top: 10px;margin-bottom: 10px;margin-left: auto;margin-right: auto;text-align: center;\" id=\"publi-1635506910\"><div class=\"publi-adlabel\">Publicit\u00e9<\/div><script async src=\"\/\/pagead2.googlesyndication.com\/pagead\/js\/adsbygoogle.js?client=ca-pub-4089586018074219\" crossorigin=\"anonymous\"><\/script><ins class=\"adsbygoogle\" style=\"display:block;\" data-ad-client=\"ca-pub-4089586018074219\" \ndata-ad-slot=\"2087940154\" \ndata-ad-format=\"auto\"><\/ins>\n<script> \n(adsbygoogle = window.adsbygoogle || []).push({}); \n<\/script>\n<\/div>\n<p>In extenso l&rsquo;int\u00e9gralit\u00e9 de sa d\u00e9claration :<\/p>\n<p>Mes chers compatriotes,<br \/>\nIl y a de cela trois mois, j\u2019ai d\u00e9missionn\u00e9 de mon ancien parti, pour retrouver ma libert\u00e9 de faire la politique sans renier les convictions qui ont sous-tendu mon engagement \u00e0 la gestion de la cit\u00e9 depuis ma tendre jeunesse.<\/p>\n<p>Ces quelques mois de recul, m\u2019ont permis de discuter avec des amis, des proches, des citoyens, des souteneurs, d\u2019anciennes s\u0153urs et d\u2019anciens fr\u00e8res de parti; j\u2019ai aussi \u00e9chang\u00e9 avec des s\u00e9n\u00e9galais de tous bords et de toutes conditions sur la nouvelle dynamique \u00e0 donner \u00e0 notre engagement au service de la communaut\u00e9.<\/p>\n<p>Ces moments d\u2019\u00e9coute et de partage m\u2019ont permis d\u2019individualiser deux proposition phares :<br \/>\n1) Cr\u00e9er un parti ou mouvement politique et proposer au peuple S\u00e9n\u00e9galais une offre alternative.<br \/>\n2) Adh\u00e9rer \u00e0 un parti de notre choix du landerneau politique S\u00e9n\u00e9galais, qui \u00e9pouse nos convictions et nos principes.<br \/>\nFaudrait-il toujours cr\u00e9er un parti ou un mouvement politique de plus dans ce pays \u00e0 chaque fois qu\u2019un responsable d\u00e9missionne dans son ancien parti ?<br \/>\nBien \u00e9videmment non ! Notre pays, de quelques 17 millions d\u2019\u00e2mes, compte d\u00e9j\u00e0 des centaines de partis et des milliers de mouvements politiques non op\u00e9rationnels.<\/p>\n<p>De ces \u00e9changes fructueux nous sommes rest\u00e9s convaincus que la meilleure option est d\u2019adh\u00e9rer \u00e0 un parti politique dont le projet de soci\u00e9t\u00e9 refl\u00e8te actuellement nos aspirations et notre vision politique pour un S\u00e9n\u00e9gal meilleur.<\/p>\n<p>Au regard de tout ceci, et conform\u00e9ment \u00e0 mon engagement dans l\u2019opposition politique s\u00e9n\u00e9galaise et \u00e0 mes convictions politiques j\u2019ai pris la d\u00e9cision d\u2019adh\u00e9rer sans conditions au parti PASTEF- LES PATRIOTES (les Patriotes du S\u00e9n\u00e9gal pour le Travail, l\u2019Ethique et la Fraternit\u00e9) pour ses valeurs, sa vision, son projet politique, sa doctrine pragmatique, sa devise \u00ab le don de soi pour la patrie \u00bb et pour le combat permanent men\u00e9 au quotidien sans compromission par le parti et son Pr\u00e9sident Ousmane SONKO pour la prise en charge des probl\u00e8mes des populations de fa\u00e7on g\u00e9n\u00e9rale mais sp\u00e9cifiquement de la jeunesse s\u00e9n\u00e9galaise et africaine.<\/p>\n<p>J\u2019ai pris \u00e9galement la r\u00e9solution de ne m\u00e9nager aucun effort pour que les citoyens, les amis, les proches, les souteneurs, avec qui je partage les m\u00eames aspirations politiques, s\u2019engagent \u00e0 faire FOCUS SUR 2024 avec le parti PASTEF-LES PATRIOTES pour un S\u00e9n\u00e9gal prosp\u00e8re dans une Afrique lib\u00e9r\u00e9e.<\/p>\n<div class=\"publi-apres-le-contenu\" style=\"margin-top: 10px;margin-bottom: 10px;margin-left: auto;margin-right: auto;text-align: center;\" id=\"publi-1189923304\"><div class=\"publi-adlabel\">Publicit\u00e9<\/div><script async src=\"\/\/pagead2.googlesyndication.com\/pagead\/js\/adsbygoogle.js?client=ca-pub-4089586018074219\" crossorigin=\"anonymous\"><\/script><ins class=\"adsbygoogle\" style=\"display:block;\" data-ad-client=\"ca-pub-4089586018074219\" \ndata-ad-slot=\"2087940154\" \ndata-ad-format=\"auto\"><\/ins>\n<script> \n(adsbygoogle = window.adsbygoogle || []).push({}); \n<\/script>\n<\/div>","protected":false},"excerpt":{"rendered":"<p>Dans une d\u00e9claration SUR Facebook, Toussain Manga r\u00e9v\u00e8le qu&rsquo;il vient de prendre la d\u00e9cision d&rsquo;adh\u00e9rer au parti Pastef . Ce, pour ses valeurs, sa vision, son projet politique, sa doctrine pragmatique, sa devise \u00ab le don de soi pour la patrie \u00bb et pour le combat permanent men\u00e9 au quotidien sans compromission par le parti et son Pr\u00e9sident Ousmane Sonko. In extenso l&rsquo;int\u00e9gralit\u00e9 de sa d\u00e9claration : Mes chers compatriotes, Il y a de cela trois mois, j\u2019ai d\u00e9missionn\u00e9 de mon ancien parti, pour retrouver ma libert\u00e9 de faire la politique sans renier les convictions qui ont sous-tendu mon engagement \u00e0 la gestion de la cit\u00e9 depuis ma tendre jeunesse. Ces quelques mois de recul, m\u2019ont permis de discuter avec des amis, des proches, des citoyens, des souteneurs, d\u2019anciennes s\u0153urs et d\u2019anciens fr\u00e8res de parti; j\u2019ai aussi \u00e9chang\u00e9 avec des s\u00e9n\u00e9galais de tous bords et de toutes conditions sur la nouvelle dynamique \u00e0 donner \u00e0 notre engagement au service de la communaut\u00e9. Ces moments d\u2019\u00e9coute et de partage m\u2019ont permis d\u2019individualiser deux proposition phares : 1) Cr\u00e9er un parti ou mouvement politique et proposer au peuple S\u00e9n\u00e9galais une offre alternative. 2) Adh\u00e9rer \u00e0 un parti de notre choix du landerneau politique S\u00e9n\u00e9galais, qui \u00e9pouse nos convictions et nos principes. Faudrait-il toujours cr\u00e9er un parti ou un mouvement politique de plus dans ce pays \u00e0 chaque fois qu\u2019un responsable d\u00e9missionne dans son ancien parti ? Bien \u00e9videmment non ! Notre pays, de quelques 17 millions d\u2019\u00e2mes, compte d\u00e9j\u00e0 des centaines de partis et des milliers de mouvements politiques non op\u00e9rationnels. De ces \u00e9changes fructueux nous sommes rest\u00e9s convaincus que la meilleure option est d\u2019adh\u00e9rer \u00e0 un parti politique dont le projet de soci\u00e9t\u00e9 refl\u00e8te actuellement nos aspirations et notre vision politique pour un S\u00e9n\u00e9gal meilleur. Au regard de tout ceci, et conform\u00e9ment \u00e0 mon engagement dans l\u2019opposition politique s\u00e9n\u00e9galaise et \u00e0 mes convictions politiques j\u2019ai pris la d\u00e9cision d\u2019adh\u00e9rer sans conditions au parti PASTEF- LES PATRIOTES (les Patriotes du S\u00e9n\u00e9gal pour le Travail, l\u2019Ethique et la Fraternit\u00e9) pour ses valeurs, sa vision, son projet politique, sa doctrine pragmatique, sa devise \u00ab le don de soi pour la patrie \u00bb et pour le combat permanent men\u00e9 au quotidien sans compromission par le parti et son Pr\u00e9sident Ousmane SONKO pour la prise en charge des probl\u00e8mes des populations de fa\u00e7on g\u00e9n\u00e9rale mais sp\u00e9cifiquement de la jeunesse s\u00e9n\u00e9galaise et africaine. J\u2019ai pris \u00e9galement la r\u00e9solution de ne m\u00e9nager aucun effort pour que les citoyens, les amis, les proches, les souteneurs, avec qui je partage les m\u00eames aspirations politiques, s\u2019engagent \u00e0 faire FOCUS SUR 2024 avec le parti PASTEF-LES PATRIOTES pour un S\u00e9n\u00e9gal prosp\u00e8re dans une Afrique lib\u00e9r\u00e9e.<\/p>\n","protected":false},"author":1,"featured_media":10301,"comment_status":"open","ping_status":"open","sticky":false,"template":"","format":"standard","meta":{"_jetpack_memberships_contains_paid_content":false,"footnotes":""},"categories":[375,3,1],"tags":[672,3418],"class_list":["post-10300","post","type-post","status-publish","format-standard","has-post-thumbnail","hentry","category-actualites","category-politique","category-non-classe","tag-pastef","tag-toussaint-toussaint-mangaousmane-sonkomanga-rejoint-ousmane-sonko","entry","has-media","owp-thumbs-layout-horizontal","owp-btn-normal","owp-tabs-layout-horizontal","has-no-thumbnails","has-product-nav"],"yoast_head":"<!-- This site is optimized with the Yoast SEO plugin v25.5 - https:\/\/yoast.com\/wordpress\/plugins\/seo\/ -->\n<title>Toussain Manga : \u00ab J\u2019ai pris la d\u00e9cision d\u2019adh\u00e9rer sans conditions au parti PASTEF- LES PATRIOTES \u00bb - LE PUBLIC<\/title>\n<meta name=\"robots\" content=\"index, follow, max-snippet:-1, max-image-preview:large, max-video-preview:-1\" \/>\n<link rel=\"canonical\" href=\"https:\/\/www.public.sn\/index.php\/2022\/11\/27\/toussain-manga-jai-pris-la-decision-dadherer-sans-conditions-au-parti-pastef-les-patriotes\/\" \/>\n<meta property=\"og:locale\" content=\"fr_FR\" \/>\n<meta property=\"og:type\" content=\"article\" \/>\n<meta property=\"og:title\" content=\"Toussain Manga : \u00ab J\u2019ai pris la d\u00e9cision d\u2019adh\u00e9rer sans conditions au parti PASTEF- LES PATRIOTES \u00bb - LE PUBLIC\" \/>\n<meta property=\"og:description\" content=\"Dans une d\u00e9claration SUR Facebook, Toussain Manga r\u00e9v\u00e8le qu&rsquo;il vient de prendre la d\u00e9cision d&rsquo;adh\u00e9rer au parti Pastef . Ce, pour ses valeurs, sa vision, son projet politique, sa doctrine pragmatique, sa devise \u00ab le don de soi pour la patrie \u00bb et pour le combat permanent men\u00e9 au quotidien sans compromission par le parti et son Pr\u00e9sident Ousmane Sonko. In extenso l&rsquo;int\u00e9gralit\u00e9 de sa d\u00e9claration : Mes chers compatriotes, Il y a de cela trois mois, j\u2019ai d\u00e9missionn\u00e9 de mon ancien parti, pour retrouver ma libert\u00e9 de faire la politique sans renier les convictions qui ont sous-tendu mon engagement \u00e0 la gestion de la cit\u00e9 depuis ma tendre jeunesse. Ces quelques mois de recul, m\u2019ont permis de discuter avec des amis, des proches, des citoyens, des souteneurs, d\u2019anciennes s\u0153urs et d\u2019anciens fr\u00e8res de parti; j\u2019ai aussi \u00e9chang\u00e9 avec des s\u00e9n\u00e9galais de tous bords et de toutes conditions sur la nouvelle dynamique \u00e0 donner \u00e0 notre engagement au service de la communaut\u00e9. Ces moments d\u2019\u00e9coute et de partage m\u2019ont permis d\u2019individualiser deux proposition phares : 1) Cr\u00e9er un parti ou mouvement politique et proposer au peuple S\u00e9n\u00e9galais une offre alternative. 2) Adh\u00e9rer \u00e0 un parti de notre choix du landerneau politique S\u00e9n\u00e9galais, qui \u00e9pouse nos convictions et nos principes. Faudrait-il toujours cr\u00e9er un parti ou un mouvement politique de plus dans ce pays \u00e0 chaque fois qu\u2019un responsable d\u00e9missionne dans son ancien parti ? Bien \u00e9videmment non ! Notre pays, de quelques 17 millions d\u2019\u00e2mes, compte d\u00e9j\u00e0 des centaines de partis et des milliers de mouvements politiques non op\u00e9rationnels. De ces \u00e9changes fructueux nous sommes rest\u00e9s convaincus que la meilleure option est d\u2019adh\u00e9rer \u00e0 un parti politique dont le projet de soci\u00e9t\u00e9 refl\u00e8te actuellement nos aspirations et notre vision politique pour un S\u00e9n\u00e9gal meilleur. Au regard de tout ceci, et conform\u00e9ment \u00e0 mon engagement dans l\u2019opposition politique s\u00e9n\u00e9galaise et \u00e0 mes convictions politiques j\u2019ai pris la d\u00e9cision d\u2019adh\u00e9rer sans conditions au parti PASTEF- LES PATRIOTES (les Patriotes du S\u00e9n\u00e9gal pour le Travail, l\u2019Ethique et la Fraternit\u00e9) pour ses valeurs, sa vision, son projet politique, sa doctrine pragmatique, sa devise \u00ab le don de soi pour la patrie \u00bb et pour le combat permanent men\u00e9 au quotidien sans compromission par le parti et son Pr\u00e9sident Ousmane SONKO pour la prise en charge des probl\u00e8mes des populations de fa\u00e7on g\u00e9n\u00e9rale mais sp\u00e9cifiquement de la jeunesse s\u00e9n\u00e9galaise et africaine. J\u2019ai pris \u00e9galement la r\u00e9solution de ne m\u00e9nager aucun effort pour que les citoyens, les amis, les proches, les souteneurs, avec qui je partage les m\u00eames aspirations politiques, s\u2019engagent \u00e0 faire FOCUS SUR 2024 avec le parti PASTEF-LES PATRIOTES pour un S\u00e9n\u00e9gal prosp\u00e8re dans une Afrique lib\u00e9r\u00e9e.\" \/>\n<meta property=\"og:url\" content=\"https:\/\/www.public.sn\/index.php\/2022\/11\/27\/toussain-manga-jai-pris-la-decision-dadherer-sans-conditions-au-parti-pastef-les-patriotes\/\" \/>\n<meta property=\"og:site_name\" content=\"LE PUBLIC\" \/>\n<meta property=\"article:published_time\" content=\"2022-11-27T15:28:22+00:00\" \/>\n<meta property=\"article:modified_time\" content=\"2022-11-27T15:28:24+00:00\" \/>\n<meta property=\"og:image\" content=\"https:\/\/www.public.sn\/wp-content\/uploads\/2022\/11\/Toussaint-Manga-rejoint-Ousmane-Sonko.jpg\" \/>\n\t<meta property=\"og:image:width\" content=\"940\" \/>\n\t<meta property=\"og:image:height\" content=\"615\" \/>\n\t<meta property=\"og:image:type\" content=\"image\/jpeg\" \/>\n<meta name=\"author\" content=\"LA REDACTION\" \/>\n<meta name=\"twitter:card\" content=\"summary_large_image\" \/>\n<meta name=\"twitter:label1\" content=\"\u00c9crit par\" \/>\n\t<meta name=\"twitter:data1\" content=\"LA REDACTION\" \/>\n\t<meta name=\"twitter:label2\" content=\"Dur\u00e9e de lecture estim\u00e9e\" \/>\n\t<meta name=\"twitter:data2\" content=\"3 minutes\" \/>\n<script type=\"application\/ld+json\" class=\"yoast-schema-graph\">{\"@context\":\"https:\/\/schema.org\",\"@graph\":[{\"@type\":\"Article\",\"@id\":\"https:\/\/www.public.sn\/index.php\/2022\/11\/27\/toussain-manga-jai-pris-la-decision-dadherer-sans-conditions-au-parti-pastef-les-patriotes\/#article\",\"isPartOf\":{\"@id\":\"https:\/\/www.public.sn\/index.php\/2022\/11\/27\/toussain-manga-jai-pris-la-decision-dadherer-sans-conditions-au-parti-pastef-les-patriotes\/\"},\"author\":{\"name\":\"LA REDACTION\",\"@id\":\"https:\/\/www.public.sn\/#\/schema\/person\/e3f4a11b037d4203902db148f9bc8d5a\"},\"headline\":\"Toussain Manga : \u00ab J\u2019ai pris la d\u00e9cision d\u2019adh\u00e9rer sans conditions au parti PASTEF- LES PATRIOTES \u00bb\",\"datePublished\":\"2022-11-27T15:28:22+00:00\",\"dateModified\":\"2022-11-27T15:28:24+00:00\",\"mainEntityOfPage\":{\"@id\":\"https:\/\/www.public.sn\/index.php\/2022\/11\/27\/toussain-manga-jai-pris-la-decision-dadherer-sans-conditions-au-parti-pastef-les-patriotes\/\"},\"wordCount\":508,\"commentCount\":1,\"publisher\":{\"@id\":\"https:\/\/www.public.sn\/#organization\"},\"image\":{\"@id\":\"https:\/\/www.public.sn\/index.php\/2022\/11\/27\/toussain-manga-jai-pris-la-decision-dadherer-sans-conditions-au-parti-pastef-les-patriotes\/#primaryimage\"},\"thumbnailUrl\":\"https:\/\/www.public.sn\/wp-content\/uploads\/2022\/11\/Toussaint-Manga-rejoint-Ousmane-Sonko.jpg\",\"keywords\":[\"Pastef\",\"Toussaint Toussaint MangaOusmane SonkoManga rejoint Ousmane Sonko\"],\"articleSection\":[\"ACTUALIT\u00c9S\",\"POLITIQUE\",\"S\u00c9N\u00c9GAL\"],\"inLanguage\":\"fr-FR\",\"potentialAction\":[{\"@type\":\"CommentAction\",\"name\":\"Comment\",\"target\":[\"https:\/\/www.public.sn\/index.php\/2022\/11\/27\/toussain-manga-jai-pris-la-decision-dadherer-sans-conditions-au-parti-pastef-les-patriotes\/#respond\"]}]},{\"@type\":\"WebPage\",\"@id\":\"https:\/\/www.public.sn\/index.php\/2022\/11\/27\/toussain-manga-jai-pris-la-decision-dadherer-sans-conditions-au-parti-pastef-les-patriotes\/\",\"url\":\"https:\/\/www.public.sn\/index.php\/2022\/11\/27\/toussain-manga-jai-pris-la-decision-dadherer-sans-conditions-au-parti-pastef-les-patriotes\/\",\"name\":\"Toussain Manga : \u00ab J\u2019ai pris la d\u00e9cision d\u2019adh\u00e9rer sans conditions au parti PASTEF- LES PATRIOTES \u00bb - LE PUBLIC\",\"isPartOf\":{\"@id\":\"https:\/\/www.public.sn\/#website\"},\"primaryImageOfPage\":{\"@id\":\"https:\/\/www.public.sn\/index.php\/2022\/11\/27\/toussain-manga-jai-pris-la-decision-dadherer-sans-conditions-au-parti-pastef-les-patriotes\/#primaryimage\"},\"image\":{\"@id\":\"https:\/\/www.public.sn\/index.php\/2022\/11\/27\/toussain-manga-jai-pris-la-decision-dadherer-sans-conditions-au-parti-pastef-les-patriotes\/#primaryimage\"},\"thumbnailUrl\":\"https:\/\/www.public.sn\/wp-content\/uploads\/2022\/11\/Toussaint-Manga-rejoint-Ousmane-Sonko.jpg\",\"datePublished\":\"2022-11-27T15:28:22+00:00\",\"dateModified\":\"2022-11-27T15:28:24+00:00\",\"breadcrumb\":{\"@id\":\"https:\/\/www.public.sn\/index.php\/2022\/11\/27\/toussain-manga-jai-pris-la-decision-dadherer-sans-conditions-au-parti-pastef-les-patriotes\/#breadcrumb\"},\"inLanguage\":\"fr-FR\",\"potentialAction\":[{\"@type\":\"ReadAction\",\"target\":[\"https:\/\/www.public.sn\/index.php\/2022\/11\/27\/toussain-manga-jai-pris-la-decision-dadherer-sans-conditions-au-parti-pastef-les-patriotes\/\"]}]},{\"@type\":\"ImageObject\",\"inLanguage\":\"fr-FR\",\"@id\":\"https:\/\/www.public.sn\/index.php\/2022\/11\/27\/toussain-manga-jai-pris-la-decision-dadherer-sans-conditions-au-parti-pastef-les-patriotes\/#primaryimage\",\"url\":\"https:\/\/www.public.sn\/wp-content\/uploads\/2022\/11\/Toussaint-Manga-rejoint-Ousmane-Sonko.jpg\",\"contentUrl\":\"https:\/\/www.public.sn\/wp-content\/uploads\/2022\/11\/Toussaint-Manga-rejoint-Ousmane-Sonko.jpg\",\"width\":940,\"height\":615},{\"@type\":\"BreadcrumbList\",\"@id\":\"https:\/\/www.public.sn\/index.php\/2022\/11\/27\/toussain-manga-jai-pris-la-decision-dadherer-sans-conditions-au-parti-pastef-les-patriotes\/#breadcrumb\",\"itemListElement\":[{\"@type\":\"ListItem\",\"position\":1,\"name\":\"Accueil\",\"item\":\"https:\/\/www.public.sn\/\"},{\"@type\":\"ListItem\",\"position\":2,\"name\":\"Toussain Manga : \u00ab J\u2019ai pris la d\u00e9cision d\u2019adh\u00e9rer sans conditions au parti PASTEF- LES PATRIOTES \u00bb\"}]},{\"@type\":\"WebSite\",\"@id\":\"https:\/\/www.public.sn\/#website\",\"url\":\"https:\/\/www.public.sn\/\",\"name\":\"LE PUBLIC\",\"description\":\"\",\"publisher\":{\"@id\":\"https:\/\/www.public.sn\/#organization\"},\"potentialAction\":[{\"@type\":\"SearchAction\",\"target\":{\"@type\":\"EntryPoint\",\"urlTemplate\":\"https:\/\/www.public.sn\/?s={search_term_string}\"},\"query-input\":{\"@type\":\"PropertyValueSpecification\",\"valueRequired\":true,\"valueName\":\"search_term_string\"}}],\"inLanguage\":\"fr-FR\"},{\"@type\":\"Organization\",\"@id\":\"https:\/\/www.public.sn\/#organization\",\"name\":\"LE PUBLIC\",\"url\":\"https:\/\/www.public.sn\/\",\"logo\":{\"@type\":\"ImageObject\",\"inLanguage\":\"fr-FR\",\"@id\":\"https:\/\/www.public.sn\/#\/schema\/logo\/image\/\",\"url\":\"https:\/\/www.public.sn\/wp-content\/uploads\/2024\/05\/cropped-LOGO-PUBLIC.SN_.png\",\"contentUrl\":\"https:\/\/www.public.sn\/wp-content\/uploads\/2024\/05\/cropped-LOGO-PUBLIC.SN_.png\",\"width\":682,\"height\":192,\"caption\":\"LE PUBLIC\"},\"image\":{\"@id\":\"https:\/\/www.public.sn\/#\/schema\/logo\/image\/\"}},{\"@type\":\"Person\",\"@id\":\"https:\/\/www.public.sn\/#\/schema\/person\/e3f4a11b037d4203902db148f9bc8d5a\",\"name\":\"LA REDACTION\",\"image\":{\"@type\":\"ImageObject\",\"inLanguage\":\"fr-FR\",\"@id\":\"https:\/\/www.public.sn\/#\/schema\/person\/image\/\",\"url\":\"https:\/\/secure.gravatar.com\/avatar\/d6c030db45db2883c075085c5d6c6258654a801a93766b49af0b82d4f454e2a5?s=96&d=mm&r=g\",\"contentUrl\":\"https:\/\/secure.gravatar.com\/avatar\/d6c030db45db2883c075085c5d6c6258654a801a93766b49af0b82d4f454e2a5?s=96&d=mm&r=g\",\"caption\":\"LA REDACTION\"},\"sameAs\":[\"http:\/\/www.public.sn\"],\"url\":\"https:\/\/www.public.sn\/index.php\/author\/admin7324\/\"}]}<\/script>\n<!-- \/ Yoast SEO plugin. -->","yoast_head_json":{"title":"Toussain Manga : \u00ab J\u2019ai pris la d\u00e9cision d\u2019adh\u00e9rer sans conditions au parti PASTEF- LES PATRIOTES \u00bb - LE PUBLIC","robots":{"index":"index","follow":"follow","max-snippet":"max-snippet:-1","max-image-preview":"max-image-preview:large","max-video-preview":"max-video-preview:-1"},"canonical":"https:\/\/www.public.sn\/index.php\/2022\/11\/27\/toussain-manga-jai-pris-la-decision-dadherer-sans-conditions-au-parti-pastef-les-patriotes\/","og_locale":"fr_FR","og_type":"article","og_title":"Toussain Manga : \u00ab J\u2019ai pris la d\u00e9cision d\u2019adh\u00e9rer sans conditions au parti PASTEF- LES PATRIOTES \u00bb - LE PUBLIC","og_description":"Dans une d\u00e9claration SUR Facebook, Toussain Manga r\u00e9v\u00e8le qu&rsquo;il vient de prendre la d\u00e9cision d&rsquo;adh\u00e9rer au parti Pastef . Ce, pour ses valeurs, sa vision, son projet politique, sa doctrine pragmatique, sa devise \u00ab le don de soi pour la patrie \u00bb et pour le combat permanent men\u00e9 au quotidien sans compromission par le parti et son Pr\u00e9sident Ousmane Sonko. In extenso l&rsquo;int\u00e9gralit\u00e9 de sa d\u00e9claration : Mes chers compatriotes, Il y a de cela trois mois, j\u2019ai d\u00e9missionn\u00e9 de mon ancien parti, pour retrouver ma libert\u00e9 de faire la politique sans renier les convictions qui ont sous-tendu mon engagement \u00e0 la gestion de la cit\u00e9 depuis ma tendre jeunesse. Ces quelques mois de recul, m\u2019ont permis de discuter avec des amis, des proches, des citoyens, des souteneurs, d\u2019anciennes s\u0153urs et d\u2019anciens fr\u00e8res de parti; j\u2019ai aussi \u00e9chang\u00e9 avec des s\u00e9n\u00e9galais de tous bords et de toutes conditions sur la nouvelle dynamique \u00e0 donner \u00e0 notre engagement au service de la communaut\u00e9. Ces moments d\u2019\u00e9coute et de partage m\u2019ont permis d\u2019individualiser deux proposition phares : 1) Cr\u00e9er un parti ou mouvement politique et proposer au peuple S\u00e9n\u00e9galais une offre alternative. 2) Adh\u00e9rer \u00e0 un parti de notre choix du landerneau politique S\u00e9n\u00e9galais, qui \u00e9pouse nos convictions et nos principes. Faudrait-il toujours cr\u00e9er un parti ou un mouvement politique de plus dans ce pays \u00e0 chaque fois qu\u2019un responsable d\u00e9missionne dans son ancien parti ? Bien \u00e9videmment non ! Notre pays, de quelques 17 millions d\u2019\u00e2mes, compte d\u00e9j\u00e0 des centaines de partis et des milliers de mouvements politiques non op\u00e9rationnels. De ces \u00e9changes fructueux nous sommes rest\u00e9s convaincus que la meilleure option est d\u2019adh\u00e9rer \u00e0 un parti politique dont le projet de soci\u00e9t\u00e9 refl\u00e8te actuellement nos aspirations et notre vision politique pour un S\u00e9n\u00e9gal meilleur. Au regard de tout ceci, et conform\u00e9ment \u00e0 mon engagement dans l\u2019opposition politique s\u00e9n\u00e9galaise et \u00e0 mes convictions politiques j\u2019ai pris la d\u00e9cision d\u2019adh\u00e9rer sans conditions au parti PASTEF- LES PATRIOTES (les Patriotes du S\u00e9n\u00e9gal pour le Travail, l\u2019Ethique et la Fraternit\u00e9) pour ses valeurs, sa vision, son projet politique, sa doctrine pragmatique, sa devise \u00ab le don de soi pour la patrie \u00bb et pour le combat permanent men\u00e9 au quotidien sans compromission par le parti et son Pr\u00e9sident Ousmane SONKO pour la prise en charge des probl\u00e8mes des populations de fa\u00e7on g\u00e9n\u00e9rale mais sp\u00e9cifiquement de la jeunesse s\u00e9n\u00e9galaise et africaine. J\u2019ai pris \u00e9galement la r\u00e9solution de ne m\u00e9nager aucun effort pour que les citoyens, les amis, les proches, les souteneurs, avec qui je partage les m\u00eames aspirations politiques, s\u2019engagent \u00e0 faire FOCUS SUR 2024 avec le parti PASTEF-LES PATRIOTES pour un S\u00e9n\u00e9gal prosp\u00e8re dans une Afrique lib\u00e9r\u00e9e.","og_url":"https:\/\/www.public.sn\/index.php\/2022\/11\/27\/toussain-manga-jai-pris-la-decision-dadherer-sans-conditions-au-parti-pastef-les-patriotes\/","og_site_name":"LE PUBLIC","article_published_time":"2022-11-27T15:28:22+00:00","article_modified_time":"2022-11-27T15:28:24+00:00","og_image":[{"width":940,"height":615,"url":"https:\/\/www.public.sn\/wp-content\/uploads\/2022\/11\/Toussaint-Manga-rejoint-Ousmane-Sonko.jpg","type":"image\/jpeg"}],"author":"LA REDACTION","twitter_card":"summary_large_image","twitter_misc":{"\u00c9crit par":"LA REDACTION","Dur\u00e9e de lecture estim\u00e9e":"3 minutes"},"schema":{"@context":"https:\/\/schema.org","@graph":[{"@type":"Article","@id":"https:\/\/www.public.sn\/index.php\/2022\/11\/27\/toussain-manga-jai-pris-la-decision-dadherer-sans-conditions-au-parti-pastef-les-patriotes\/#article","isPartOf":{"@id":"https:\/\/www.public.sn\/index.php\/2022\/11\/27\/toussain-manga-jai-pris-la-decision-dadherer-sans-conditions-au-parti-pastef-les-patriotes\/"},"author":{"name":"LA REDACTION","@id":"https:\/\/www.public.sn\/#\/schema\/person\/e3f4a11b037d4203902db148f9bc8d5a"},"headline":"Toussain Manga : \u00ab J\u2019ai pris la d\u00e9cision d\u2019adh\u00e9rer sans conditions au parti PASTEF- LES PATRIOTES \u00bb","datePublished":"2022-11-27T15:28:22+00:00","dateModified":"2022-11-27T15:28:24+00:00","mainEntityOfPage":{"@id":"https:\/\/www.public.sn\/index.php\/2022\/11\/27\/toussain-manga-jai-pris-la-decision-dadherer-sans-conditions-au-parti-pastef-les-patriotes\/"},"wordCount":508,"commentCount":1,"publisher":{"@id":"https:\/\/www.public.sn\/#organization"},"image":{"@id":"https:\/\/www.public.sn\/index.php\/2022\/11\/27\/toussain-manga-jai-pris-la-decision-dadherer-sans-conditions-au-parti-pastef-les-patriotes\/#primaryimage"},"thumbnailUrl":"https:\/\/www.public.sn\/wp-content\/uploads\/2022\/11\/Toussaint-Manga-rejoint-Ousmane-Sonko.jpg","keywords":["Pastef","Toussaint Toussaint MangaOusmane SonkoManga rejoint Ousmane Sonko"],"articleSection":["ACTUALIT\u00c9S","POLITIQUE","S\u00c9N\u00c9GAL"],"inLanguage":"fr-FR","potentialAction":[{"@type":"CommentAction","name":"Comment","target":["https:\/\/www.public.sn\/index.php\/2022\/11\/27\/toussain-manga-jai-pris-la-decision-dadherer-sans-conditions-au-parti-pastef-les-patriotes\/#respond"]}]},{"@type":"WebPage","@id":"https:\/\/www.public.sn\/index.php\/2022\/11\/27\/toussain-manga-jai-pris-la-decision-dadherer-sans-conditions-au-parti-pastef-les-patriotes\/","url":"https:\/\/www.public.sn\/index.php\/2022\/11\/27\/toussain-manga-jai-pris-la-decision-dadherer-sans-conditions-au-parti-pastef-les-patriotes\/","name":"Toussain Manga : \u00ab J\u2019ai pris la d\u00e9cision d\u2019adh\u00e9rer sans conditions au parti PASTEF- LES PATRIOTES \u00bb - LE PUBLIC","isPartOf":{"@id":"https:\/\/www.public.sn\/#website"},"primaryImageOfPage":{"@id":"https:\/\/www.public.sn\/index.php\/2022\/11\/27\/toussain-manga-jai-pris-la-decision-dadherer-sans-conditions-au-parti-pastef-les-patriotes\/#primaryimage"},"image":{"@id":"https:\/\/www.public.sn\/index.php\/2022\/11\/27\/toussain-manga-jai-pris-la-decision-dadherer-sans-conditions-au-parti-pastef-les-patriotes\/#primaryimage"},"thumbnailUrl":"https:\/\/www.public.sn\/wp-content\/uploads\/2022\/11\/Toussaint-Manga-rejoint-Ousmane-Sonko.jpg","datePublished":"2022-11-27T15:28:22+00:00","dateModified":"2022-11-27T15:28:24+00:00","breadcrumb":{"@id":"https:\/\/www.public.sn\/index.php\/2022\/11\/27\/toussain-manga-jai-pris-la-decision-dadherer-sans-conditions-au-parti-pastef-les-patriotes\/#breadcrumb"},"inLanguage":"fr-FR","potentialAction":[{"@type":"ReadAction","target":["https:\/\/www.public.sn\/index.php\/2022\/11\/27\/toussain-manga-jai-pris-la-decision-dadherer-sans-conditions-au-parti-pastef-les-patriotes\/"]}]},{"@type":"ImageObject","inLanguage":"fr-FR","@id":"https:\/\/www.public.sn\/index.php\/2022\/11\/27\/toussain-manga-jai-pris-la-decision-dadherer-sans-conditions-au-parti-pastef-les-patriotes\/#primaryimage","url":"https:\/\/www.public.sn\/wp-content\/uploads\/2022\/11\/Toussaint-Manga-rejoint-Ousmane-Sonko.jpg","contentUrl":"https:\/\/www.public.sn\/wp-content\/uploads\/2022\/11\/Toussaint-Manga-rejoint-Ousmane-Sonko.jpg","width":940,"height":615},{"@type":"BreadcrumbList","@id":"https:\/\/www.public.sn\/index.php\/2022\/11\/27\/toussain-manga-jai-pris-la-decision-dadherer-sans-conditions-au-parti-pastef-les-patriotes\/#breadcrumb","itemListElement":[{"@type":"ListItem","position":1,"name":"Accueil","item":"https:\/\/www.public.sn\/"},{"@type":"ListItem","position":2,"name":"Toussain Manga : \u00ab J\u2019ai pris la d\u00e9cision d\u2019adh\u00e9rer sans conditions au parti PASTEF- LES PATRIOTES \u00bb"}]},{"@type":"WebSite","@id":"https:\/\/www.public.sn\/#website","url":"https:\/\/www.public.sn\/","name":"LE PUBLIC","description":"","publisher":{"@id":"https:\/\/www.public.sn\/#organization"},"potentialAction":[{"@type":"SearchAction","target":{"@type":"EntryPoint","urlTemplate":"https:\/\/www.public.sn\/?s={search_term_string}"},"query-input":{"@type":"PropertyValueSpecification","valueRequired":true,"valueName":"search_term_string"}}],"inLanguage":"fr-FR"},{"@type":"Organization","@id":"https:\/\/www.public.sn\/#organization","name":"LE PUBLIC","url":"https:\/\/www.public.sn\/","logo":{"@type":"ImageObject","inLanguage":"fr-FR","@id":"https:\/\/www.public.sn\/#\/schema\/logo\/image\/","url":"https:\/\/www.public.sn\/wp-content\/uploads\/2024\/05\/cropped-LOGO-PUBLIC.SN_.png","contentUrl":"https:\/\/www.public.sn\/wp-content\/uploads\/2024\/05\/cropped-LOGO-PUBLIC.SN_.png","width":682,"height":192,"caption":"LE PUBLIC"},"image":{"@id":"https:\/\/www.public.sn\/#\/schema\/logo\/image\/"}},{"@type":"Person","@id":"https:\/\/www.public.sn\/#\/schema\/person\/e3f4a11b037d4203902db148f9bc8d5a","name":"LA REDACTION","image":{"@type":"ImageObject","inLanguage":"fr-FR","@id":"https:\/\/www.public.sn\/#\/schema\/person\/image\/","url":"https:\/\/secure.gravatar.com\/avatar\/d6c030db45db2883c075085c5d6c6258654a801a93766b49af0b82d4f454e2a5?s=96&d=mm&r=g","contentUrl":"https:\/\/secure.gravatar.com\/avatar\/d6c030db45db2883c075085c5d6c6258654a801a93766b49af0b82d4f454e2a5?s=96&d=mm&r=g","caption":"LA REDACTION"},"sameAs":["http:\/\/www.public.sn"],"url":"https:\/\/www.public.sn\/index.php\/author\/admin7324\/"}]}},"jetpack_featured_media_url":"https:\/\/www.public.sn\/wp-content\/uploads\/2022\/11\/Toussaint-Manga-rejoint-Ousmane-Sonko.jpg","jetpack_sharing_enabled":true,"_links":{"self":[{"href":"https:\/\/www.public.sn\/index.php\/wp-json\/wp\/v2\/posts\/10300","targetHints":{"allow":["GET"]}}],"collection":[{"href":"https:\/\/www.public.sn\/index.php\/wp-json\/wp\/v2\/posts"}],"about":[{"href":"https:\/\/www.public.sn\/index.php\/wp-json\/wp\/v2\/types\/post"}],"author":[{"embeddable":true,"href":"https:\/\/www.public.sn\/index.php\/wp-json\/wp\/v2\/users\/1"}],"replies":[{"embeddable":true,"href":"https:\/\/www.public.sn\/index.php\/wp-json\/wp\/v2\/comments?post=10300"}],"version-history":[{"count":2,"href":"https:\/\/www.public.sn\/index.php\/wp-json\/wp\/v2\/posts\/10300\/revisions"}],"predecessor-version":[{"id":10303,"href":"https:\/\/www.public.sn\/index.php\/wp-json\/wp\/v2\/posts\/10300\/revisions\/10303"}],"wp:featuredmedia":[{"embeddable":true,"href":"https:\/\/www.public.sn\/index.php\/wp-json\/wp\/v2\/media\/10301"}],"wp:attachment":[{"href":"https:\/\/www.public.sn\/index.php\/wp-json\/wp\/v2\/media?parent=10300"}],"wp:term":[{"taxonomy":"category","embeddable":true,"href":"https:\/\/www.public.sn\/index.php\/wp-json\/wp\/v2\/categories?post=10300"},{"taxonomy":"post_tag","embeddable":true,"href":"https:\/\/www.public.sn\/index.php\/wp-json\/wp\/v2\/tags?post=10300"}],"curies":[{"name":"wp","href":"https:\/\/api.w.org\/{rel}","templated":true}]}}