{"id":10308,"date":"2022-11-27T20:13:07","date_gmt":"2022-11-27T20:13:07","guid":{"rendered":"https:\/\/www.public.sn\/?p=10308"},"modified":"2022-11-27T20:13:39","modified_gmt":"2022-11-27T20:13:39","slug":"baisse-des-prix-affaire-didier-badji-fulbert-sambou-loyer-pan-abdoul-mbaye-ecoeure-video","status":"publish","type":"post","link":"https:\/\/www.public.sn\/index.php\/2022\/11\/27\/baisse-des-prix-affaire-didier-badji-fulbert-sambou-loyer-pan-abdoul-mbaye-ecoeure-video\/","title":{"rendered":"Baisse des prix, affaire Didier Badji-Fulbert Sambou, loyer, PAN&#8230; Abdoul Mbaye \u00e9c\u0153ur\u00e9 (Vid\u00e9o)"},"content":{"rendered":"<p>L&rsquo;ancien Premier ministre Abdoul Mbaye \u00e9tait l&rsquo;invit\u00e9 de Georges D\u00e9thi\u00e9 Diop \u00e0 l&rsquo;\u00e9mission Grand Jury ce dimanche 27 novembre 2022. Interpel\u00e9 sur divers sujets de l&rsquo;actualit\u00e9 S\u00e9n\u00e9galaise, le pr\u00e9sident de l&rsquo;ACT donne son avis sans langue de bois.<\/p><div class=\"publi-paragraphe1\" style=\"margin-top: 10px;margin-bottom: 10px;margin-left: auto;margin-right: auto;text-align: center;\" id=\"publi-3183939038\"><div class=\"publi-adlabel\">Publicit\u00e9<\/div><script async src=\"\/\/pagead2.googlesyndication.com\/pagead\/js\/adsbygoogle.js?client=ca-pub-4089586018074219\" crossorigin=\"anonymous\"><\/script><ins class=\"adsbygoogle\" style=\"display:block;\" data-ad-client=\"ca-pub-4089586018074219\" \ndata-ad-slot=\"2087940154\" \ndata-ad-format=\"auto\"><\/ins>\n<script> \n(adsbygoogle = window.adsbygoogle || []).push({}); \n<\/script>\n<\/div>\n<p>Cependant, interpell\u00e9 sur Affaire Didier Badji-Fulbert Sambou et notamment les possibles corr\u00e9lations avec le cas Pape Al\u00e9 Niang, Abdoul Mbaye n\u2019a souhait\u00e9 pas trop s\u2019avancer.  \u201cJe ne dispose pas d\u2019assez d\u2019\u00e9l\u00e9ments pour faire une corr\u00e9lation entre ces deux dossiers, a-t-il d\u00e9clar\u00e9. Tr\u00e8s sinc\u00e8rement, je ne peux pas m\u2019avancer l\u00e0-dessus\u201d.<\/p>\n<p><iframe src=\"https:\/\/www.facebook.com\/plugins\/video.php?height=314&amp;href=https%3A%2F%2Fweb.facebook.com%2Fradiofutursmedias%2Fvideos%2F541605601310121%2F&amp;show_text=false&amp;width=560&amp;t=0\" width=\"560\" height=\"314\" style=\"border:none;overflow:hidden\" scrolling=\"no\" frameborder=\"0\" allowfullscreen=\"true\" allow=\"autoplay; clipboard-write; encrypted-media; picture-in-picture; web-share\"><\/iframe><\/p>\n<div class=\"publi-apres-le-contenu\" style=\"margin-top: 10px;margin-bottom: 10px;margin-left: auto;margin-right: auto;text-align: center;\" id=\"publi-2549930371\"><div class=\"publi-adlabel\">Publicit\u00e9<\/div><script async src=\"\/\/pagead2.googlesyndication.com\/pagead\/js\/adsbygoogle.js?client=ca-pub-4089586018074219\" crossorigin=\"anonymous\"><\/script><ins class=\"adsbygoogle\" style=\"display:block;\" data-ad-client=\"ca-pub-4089586018074219\" \ndata-ad-slot=\"2087940154\" \ndata-ad-format=\"auto\"><\/ins>\n<script> \n(adsbygoogle = window.adsbygoogle || []).push({}); \n<\/script>\n<\/div>","protected":false},"excerpt":{"rendered":"<p>L&rsquo;ancien Premier ministre Abdoul Mbaye \u00e9tait l&rsquo;invit\u00e9 de Georges D\u00e9thi\u00e9 Diop \u00e0 l&rsquo;\u00e9mission Grand Jury ce dimanche 27 novembre 2022. Interpel\u00e9 sur divers sujets de l&rsquo;actualit\u00e9 S\u00e9n\u00e9galaise, le pr\u00e9sident de l&rsquo;ACT donne son avis sans langue de bois. Cependant, interpell\u00e9 sur Affaire Didier Badji-Fulbert Sambou et notamment les possibles corr\u00e9lations avec le cas Pape Al\u00e9 Niang, Abdoul Mbaye n\u2019a souhait\u00e9 pas trop s\u2019avancer. \u201cJe ne dispose pas d\u2019assez d\u2019\u00e9l\u00e9ments pour faire une corr\u00e9lation entre ces deux dossiers, a-t-il d\u00e9clar\u00e9. Tr\u00e8s sinc\u00e8rement, je ne peux pas m\u2019avancer l\u00e0-dessus\u201d.<\/p>\n","protected":false},"author":1,"featured_media":10309,"comment_status":"open","ping_status":"open","sticky":false,"template":"","format":"standard","meta":{"_jetpack_memberships_contains_paid_content":false,"footnotes":""},"categories":[3,1,372,6],"tags":[3419,3420],"class_list":["post-10308","post","type-post","status-publish","format-standard","has-post-thumbnail","hentry","category-politique","category-non-classe","category-vedette","category-videos","tag-abdoula-mbaye","tag-grand-jury","entry","has-media","owp-thumbs-layout-horizontal","owp-btn-normal","owp-tabs-layout-horizontal","has-no-thumbnails","has-product-nav"],"yoast_head":"<!-- This site is optimized with the Yoast SEO plugin v25.5 - https:\/\/yoast.com\/wordpress\/plugins\/seo\/ -->\n<title>Baisse des prix, affaire Didier Badji-Fulbert Sambou, loyer, PAN... Abdoul Mbaye \u00e9c\u0153ur\u00e9 (Vid\u00e9o) - LE PUBLIC<\/title>\n<meta name=\"robots\" content=\"index, follow, max-snippet:-1, max-image-preview:large, max-video-preview:-1\" \/>\n<link rel=\"canonical\" href=\"https:\/\/www.public.sn\/index.php\/2022\/11\/27\/baisse-des-prix-affaire-didier-badji-fulbert-sambou-loyer-pan-abdoul-mbaye-ecoeure-video\/\" \/>\n<meta property=\"og:locale\" content=\"fr_FR\" \/>\n<meta property=\"og:type\" content=\"article\" \/>\n<meta property=\"og:title\" content=\"Baisse des prix, affaire Didier Badji-Fulbert Sambou, loyer, PAN... Abdoul Mbaye \u00e9c\u0153ur\u00e9 (Vid\u00e9o) - LE PUBLIC\" \/>\n<meta property=\"og:description\" content=\"L&rsquo;ancien Premier ministre Abdoul Mbaye \u00e9tait l&rsquo;invit\u00e9 de Georges D\u00e9thi\u00e9 Diop \u00e0 l&rsquo;\u00e9mission Grand Jury ce dimanche 27 novembre 2022. Interpel\u00e9 sur divers sujets de l&rsquo;actualit\u00e9 S\u00e9n\u00e9galaise, le pr\u00e9sident de l&rsquo;ACT donne son avis sans langue de bois. Cependant, interpell\u00e9 sur Affaire Didier Badji-Fulbert Sambou et notamment les possibles corr\u00e9lations avec le cas Pape Al\u00e9 Niang, Abdoul Mbaye n\u2019a souhait\u00e9 pas trop s\u2019avancer. \u201cJe ne dispose pas d\u2019assez d\u2019\u00e9l\u00e9ments pour faire une corr\u00e9lation entre ces deux dossiers, a-t-il d\u00e9clar\u00e9. Tr\u00e8s sinc\u00e8rement, je ne peux pas m\u2019avancer l\u00e0-dessus\u201d.\" \/>\n<meta property=\"og:url\" content=\"https:\/\/www.public.sn\/index.php\/2022\/11\/27\/baisse-des-prix-affaire-didier-badji-fulbert-sambou-loyer-pan-abdoul-mbaye-ecoeure-video\/\" \/>\n<meta property=\"og:site_name\" content=\"LE PUBLIC\" \/>\n<meta property=\"article:published_time\" content=\"2022-11-27T20:13:07+00:00\" \/>\n<meta property=\"article:modified_time\" content=\"2022-11-27T20:13:39+00:00\" \/>\n<meta property=\"og:image\" content=\"https:\/\/www.public.sn\/wp-content\/uploads\/2022\/11\/abdoul-mbaye.jpg\" \/>\n\t<meta property=\"og:image:width\" content=\"600\" \/>\n\t<meta property=\"og:image:height\" content=\"300\" \/>\n\t<meta property=\"og:image:type\" content=\"image\/jpeg\" \/>\n<meta name=\"author\" content=\"LA REDACTION\" \/>\n<meta name=\"twitter:card\" content=\"summary_large_image\" \/>\n<meta name=\"twitter:label1\" content=\"\u00c9crit par\" \/>\n\t<meta name=\"twitter:data1\" content=\"LA REDACTION\" \/>\n\t<meta name=\"twitter:label2\" content=\"Dur\u00e9e de lecture estim\u00e9e\" \/>\n\t<meta name=\"twitter:data2\" content=\"1 minute\" \/>\n<script type=\"application\/ld+json\" class=\"yoast-schema-graph\">{\"@context\":\"https:\/\/schema.org\",\"@graph\":[{\"@type\":\"Article\",\"@id\":\"https:\/\/www.public.sn\/index.php\/2022\/11\/27\/baisse-des-prix-affaire-didier-badji-fulbert-sambou-loyer-pan-abdoul-mbaye-ecoeure-video\/#article\",\"isPartOf\":{\"@id\":\"https:\/\/www.public.sn\/index.php\/2022\/11\/27\/baisse-des-prix-affaire-didier-badji-fulbert-sambou-loyer-pan-abdoul-mbaye-ecoeure-video\/\"},\"author\":{\"name\":\"LA REDACTION\",\"@id\":\"https:\/\/www.public.sn\/#\/schema\/person\/e3f4a11b037d4203902db148f9bc8d5a\"},\"headline\":\"Baisse des prix, affaire Didier Badji-Fulbert Sambou, loyer, PAN&#8230; Abdoul Mbaye \u00e9c\u0153ur\u00e9 (Vid\u00e9o)\",\"datePublished\":\"2022-11-27T20:13:07+00:00\",\"dateModified\":\"2022-11-27T20:13:39+00:00\",\"mainEntityOfPage\":{\"@id\":\"https:\/\/www.public.sn\/index.php\/2022\/11\/27\/baisse-des-prix-affaire-didier-badji-fulbert-sambou-loyer-pan-abdoul-mbaye-ecoeure-video\/\"},\"wordCount\":116,\"commentCount\":0,\"publisher\":{\"@id\":\"https:\/\/www.public.sn\/#organization\"},\"image\":{\"@id\":\"https:\/\/www.public.sn\/index.php\/2022\/11\/27\/baisse-des-prix-affaire-didier-badji-fulbert-sambou-loyer-pan-abdoul-mbaye-ecoeure-video\/#primaryimage\"},\"thumbnailUrl\":\"https:\/\/www.public.sn\/wp-content\/uploads\/2022\/11\/abdoul-mbaye.jpg\",\"keywords\":[\"abdoula mbaye\",\"Grand jury\"],\"articleSection\":[\"POLITIQUE\",\"S\u00c9N\u00c9GAL\",\"VEDETTE\",\"VIDEOS\"],\"inLanguage\":\"fr-FR\",\"potentialAction\":[{\"@type\":\"CommentAction\",\"name\":\"Comment\",\"target\":[\"https:\/\/www.public.sn\/index.php\/2022\/11\/27\/baisse-des-prix-affaire-didier-badji-fulbert-sambou-loyer-pan-abdoul-mbaye-ecoeure-video\/#respond\"]}]},{\"@type\":\"WebPage\",\"@id\":\"https:\/\/www.public.sn\/index.php\/2022\/11\/27\/baisse-des-prix-affaire-didier-badji-fulbert-sambou-loyer-pan-abdoul-mbaye-ecoeure-video\/\",\"url\":\"https:\/\/www.public.sn\/index.php\/2022\/11\/27\/baisse-des-prix-affaire-didier-badji-fulbert-sambou-loyer-pan-abdoul-mbaye-ecoeure-video\/\",\"name\":\"Baisse des prix, affaire Didier Badji-Fulbert Sambou, loyer, PAN... Abdoul Mbaye \u00e9c\u0153ur\u00e9 (Vid\u00e9o) - LE PUBLIC\",\"isPartOf\":{\"@id\":\"https:\/\/www.public.sn\/#website\"},\"primaryImageOfPage\":{\"@id\":\"https:\/\/www.public.sn\/index.php\/2022\/11\/27\/baisse-des-prix-affaire-didier-badji-fulbert-sambou-loyer-pan-abdoul-mbaye-ecoeure-video\/#primaryimage\"},\"image\":{\"@id\":\"https:\/\/www.public.sn\/index.php\/2022\/11\/27\/baisse-des-prix-affaire-didier-badji-fulbert-sambou-loyer-pan-abdoul-mbaye-ecoeure-video\/#primaryimage\"},\"thumbnailUrl\":\"https:\/\/www.public.sn\/wp-content\/uploads\/2022\/11\/abdoul-mbaye.jpg\",\"datePublished\":\"2022-11-27T20:13:07+00:00\",\"dateModified\":\"2022-11-27T20:13:39+00:00\",\"breadcrumb\":{\"@id\":\"https:\/\/www.public.sn\/index.php\/2022\/11\/27\/baisse-des-prix-affaire-didier-badji-fulbert-sambou-loyer-pan-abdoul-mbaye-ecoeure-video\/#breadcrumb\"},\"inLanguage\":\"fr-FR\",\"potentialAction\":[{\"@type\":\"ReadAction\",\"target\":[\"https:\/\/www.public.sn\/index.php\/2022\/11\/27\/baisse-des-prix-affaire-didier-badji-fulbert-sambou-loyer-pan-abdoul-mbaye-ecoeure-video\/\"]}]},{\"@type\":\"ImageObject\",\"inLanguage\":\"fr-FR\",\"@id\":\"https:\/\/www.public.sn\/index.php\/2022\/11\/27\/baisse-des-prix-affaire-didier-badji-fulbert-sambou-loyer-pan-abdoul-mbaye-ecoeure-video\/#primaryimage\",\"url\":\"https:\/\/www.public.sn\/wp-content\/uploads\/2022\/11\/abdoul-mbaye.jpg\",\"contentUrl\":\"https:\/\/www.public.sn\/wp-content\/uploads\/2022\/11\/abdoul-mbaye.jpg\",\"width\":600,\"height\":300},{\"@type\":\"BreadcrumbList\",\"@id\":\"https:\/\/www.public.sn\/index.php\/2022\/11\/27\/baisse-des-prix-affaire-didier-badji-fulbert-sambou-loyer-pan-abdoul-mbaye-ecoeure-video\/#breadcrumb\",\"itemListElement\":[{\"@type\":\"ListItem\",\"position\":1,\"name\":\"Accueil\",\"item\":\"https:\/\/www.public.sn\/\"},{\"@type\":\"ListItem\",\"position\":2,\"name\":\"Baisse des prix, affaire Didier Badji-Fulbert Sambou, loyer, PAN&#8230; Abdoul Mbaye \u00e9c\u0153ur\u00e9 (Vid\u00e9o)\"}]},{\"@type\":\"WebSite\",\"@id\":\"https:\/\/www.public.sn\/#website\",\"url\":\"https:\/\/www.public.sn\/\",\"name\":\"LE PUBLIC\",\"description\":\"\",\"publisher\":{\"@id\":\"https:\/\/www.public.sn\/#organization\"},\"potentialAction\":[{\"@type\":\"SearchAction\",\"target\":{\"@type\":\"EntryPoint\",\"urlTemplate\":\"https:\/\/www.public.sn\/?s={search_term_string}\"},\"query-input\":{\"@type\":\"PropertyValueSpecification\",\"valueRequired\":true,\"valueName\":\"search_term_string\"}}],\"inLanguage\":\"fr-FR\"},{\"@type\":\"Organization\",\"@id\":\"https:\/\/www.public.sn\/#organization\",\"name\":\"LE PUBLIC\",\"url\":\"https:\/\/www.public.sn\/\",\"logo\":{\"@type\":\"ImageObject\",\"inLanguage\":\"fr-FR\",\"@id\":\"https:\/\/www.public.sn\/#\/schema\/logo\/image\/\",\"url\":\"https:\/\/www.public.sn\/wp-content\/uploads\/2024\/05\/cropped-LOGO-PUBLIC.SN_.png\",\"contentUrl\":\"https:\/\/www.public.sn\/wp-content\/uploads\/2024\/05\/cropped-LOGO-PUBLIC.SN_.png\",\"width\":682,\"height\":192,\"caption\":\"LE PUBLIC\"},\"image\":{\"@id\":\"https:\/\/www.public.sn\/#\/schema\/logo\/image\/\"}},{\"@type\":\"Person\",\"@id\":\"https:\/\/www.public.sn\/#\/schema\/person\/e3f4a11b037d4203902db148f9bc8d5a\",\"name\":\"LA REDACTION\",\"image\":{\"@type\":\"ImageObject\",\"inLanguage\":\"fr-FR\",\"@id\":\"https:\/\/www.public.sn\/#\/schema\/person\/image\/\",\"url\":\"https:\/\/secure.gravatar.com\/avatar\/d6c030db45db2883c075085c5d6c6258654a801a93766b49af0b82d4f454e2a5?s=96&d=mm&r=g\",\"contentUrl\":\"https:\/\/secure.gravatar.com\/avatar\/d6c030db45db2883c075085c5d6c6258654a801a93766b49af0b82d4f454e2a5?s=96&d=mm&r=g\",\"caption\":\"LA REDACTION\"},\"sameAs\":[\"http:\/\/www.public.sn\"],\"url\":\"https:\/\/www.public.sn\/index.php\/author\/admin7324\/\"}]}<\/script>\n<!-- \/ Yoast SEO plugin. -->","yoast_head_json":{"title":"Baisse des prix, affaire Didier Badji-Fulbert Sambou, loyer, PAN... Abdoul Mbaye \u00e9c\u0153ur\u00e9 (Vid\u00e9o) - LE PUBLIC","robots":{"index":"index","follow":"follow","max-snippet":"max-snippet:-1","max-image-preview":"max-image-preview:large","max-video-preview":"max-video-preview:-1"},"canonical":"https:\/\/www.public.sn\/index.php\/2022\/11\/27\/baisse-des-prix-affaire-didier-badji-fulbert-sambou-loyer-pan-abdoul-mbaye-ecoeure-video\/","og_locale":"fr_FR","og_type":"article","og_title":"Baisse des prix, affaire Didier Badji-Fulbert Sambou, loyer, PAN... Abdoul Mbaye \u00e9c\u0153ur\u00e9 (Vid\u00e9o) - LE PUBLIC","og_description":"L&rsquo;ancien Premier ministre Abdoul Mbaye \u00e9tait l&rsquo;invit\u00e9 de Georges D\u00e9thi\u00e9 Diop \u00e0 l&rsquo;\u00e9mission Grand Jury ce dimanche 27 novembre 2022. Interpel\u00e9 sur divers sujets de l&rsquo;actualit\u00e9 S\u00e9n\u00e9galaise, le pr\u00e9sident de l&rsquo;ACT donne son avis sans langue de bois. Cependant, interpell\u00e9 sur Affaire Didier Badji-Fulbert Sambou et notamment les possibles corr\u00e9lations avec le cas Pape Al\u00e9 Niang, Abdoul Mbaye n\u2019a souhait\u00e9 pas trop s\u2019avancer. \u201cJe ne dispose pas d\u2019assez d\u2019\u00e9l\u00e9ments pour faire une corr\u00e9lation entre ces deux dossiers, a-t-il d\u00e9clar\u00e9. Tr\u00e8s sinc\u00e8rement, je ne peux pas m\u2019avancer l\u00e0-dessus\u201d.","og_url":"https:\/\/www.public.sn\/index.php\/2022\/11\/27\/baisse-des-prix-affaire-didier-badji-fulbert-sambou-loyer-pan-abdoul-mbaye-ecoeure-video\/","og_site_name":"LE PUBLIC","article_published_time":"2022-11-27T20:13:07+00:00","article_modified_time":"2022-11-27T20:13:39+00:00","og_image":[{"width":600,"height":300,"url":"https:\/\/www.public.sn\/wp-content\/uploads\/2022\/11\/abdoul-mbaye.jpg","type":"image\/jpeg"}],"author":"LA REDACTION","twitter_card":"summary_large_image","twitter_misc":{"\u00c9crit par":"LA REDACTION","Dur\u00e9e de lecture estim\u00e9e":"1 minute"},"schema":{"@context":"https:\/\/schema.org","@graph":[{"@type":"Article","@id":"https:\/\/www.public.sn\/index.php\/2022\/11\/27\/baisse-des-prix-affaire-didier-badji-fulbert-sambou-loyer-pan-abdoul-mbaye-ecoeure-video\/#article","isPartOf":{"@id":"https:\/\/www.public.sn\/index.php\/2022\/11\/27\/baisse-des-prix-affaire-didier-badji-fulbert-sambou-loyer-pan-abdoul-mbaye-ecoeure-video\/"},"author":{"name":"LA REDACTION","@id":"https:\/\/www.public.sn\/#\/schema\/person\/e3f4a11b037d4203902db148f9bc8d5a"},"headline":"Baisse des prix, affaire Didier Badji-Fulbert Sambou, loyer, PAN&#8230; Abdoul Mbaye \u00e9c\u0153ur\u00e9 (Vid\u00e9o)","datePublished":"2022-11-27T20:13:07+00:00","dateModified":"2022-11-27T20:13:39+00:00","mainEntityOfPage":{"@id":"https:\/\/www.public.sn\/index.php\/2022\/11\/27\/baisse-des-prix-affaire-didier-badji-fulbert-sambou-loyer-pan-abdoul-mbaye-ecoeure-video\/"},"wordCount":116,"commentCount":0,"publisher":{"@id":"https:\/\/www.public.sn\/#organization"},"image":{"@id":"https:\/\/www.public.sn\/index.php\/2022\/11\/27\/baisse-des-prix-affaire-didier-badji-fulbert-sambou-loyer-pan-abdoul-mbaye-ecoeure-video\/#primaryimage"},"thumbnailUrl":"https:\/\/www.public.sn\/wp-content\/uploads\/2022\/11\/abdoul-mbaye.jpg","keywords":["abdoula mbaye","Grand jury"],"articleSection":["POLITIQUE","S\u00c9N\u00c9GAL","VEDETTE","VIDEOS"],"inLanguage":"fr-FR","potentialAction":[{"@type":"CommentAction","name":"Comment","target":["https:\/\/www.public.sn\/index.php\/2022\/11\/27\/baisse-des-prix-affaire-didier-badji-fulbert-sambou-loyer-pan-abdoul-mbaye-ecoeure-video\/#respond"]}]},{"@type":"WebPage","@id":"https:\/\/www.public.sn\/index.php\/2022\/11\/27\/baisse-des-prix-affaire-didier-badji-fulbert-sambou-loyer-pan-abdoul-mbaye-ecoeure-video\/","url":"https:\/\/www.public.sn\/index.php\/2022\/11\/27\/baisse-des-prix-affaire-didier-badji-fulbert-sambou-loyer-pan-abdoul-mbaye-ecoeure-video\/","name":"Baisse des prix, affaire Didier Badji-Fulbert Sambou, loyer, PAN... Abdoul Mbaye \u00e9c\u0153ur\u00e9 (Vid\u00e9o) - LE PUBLIC","isPartOf":{"@id":"https:\/\/www.public.sn\/#website"},"primaryImageOfPage":{"@id":"https:\/\/www.public.sn\/index.php\/2022\/11\/27\/baisse-des-prix-affaire-didier-badji-fulbert-sambou-loyer-pan-abdoul-mbaye-ecoeure-video\/#primaryimage"},"image":{"@id":"https:\/\/www.public.sn\/index.php\/2022\/11\/27\/baisse-des-prix-affaire-didier-badji-fulbert-sambou-loyer-pan-abdoul-mbaye-ecoeure-video\/#primaryimage"},"thumbnailUrl":"https:\/\/www.public.sn\/wp-content\/uploads\/2022\/11\/abdoul-mbaye.jpg","datePublished":"2022-11-27T20:13:07+00:00","dateModified":"2022-11-27T20:13:39+00:00","breadcrumb":{"@id":"https:\/\/www.public.sn\/index.php\/2022\/11\/27\/baisse-des-prix-affaire-didier-badji-fulbert-sambou-loyer-pan-abdoul-mbaye-ecoeure-video\/#breadcrumb"},"inLanguage":"fr-FR","potentialAction":[{"@type":"ReadAction","target":["https:\/\/www.public.sn\/index.php\/2022\/11\/27\/baisse-des-prix-affaire-didier-badji-fulbert-sambou-loyer-pan-abdoul-mbaye-ecoeure-video\/"]}]},{"@type":"ImageObject","inLanguage":"fr-FR","@id":"https:\/\/www.public.sn\/index.php\/2022\/11\/27\/baisse-des-prix-affaire-didier-badji-fulbert-sambou-loyer-pan-abdoul-mbaye-ecoeure-video\/#primaryimage","url":"https:\/\/www.public.sn\/wp-content\/uploads\/2022\/11\/abdoul-mbaye.jpg","contentUrl":"https:\/\/www.public.sn\/wp-content\/uploads\/2022\/11\/abdoul-mbaye.jpg","width":600,"height":300},{"@type":"BreadcrumbList","@id":"https:\/\/www.public.sn\/index.php\/2022\/11\/27\/baisse-des-prix-affaire-didier-badji-fulbert-sambou-loyer-pan-abdoul-mbaye-ecoeure-video\/#breadcrumb","itemListElement":[{"@type":"ListItem","position":1,"name":"Accueil","item":"https:\/\/www.public.sn\/"},{"@type":"ListItem","position":2,"name":"Baisse des prix, affaire Didier Badji-Fulbert Sambou, loyer, PAN&#8230; Abdoul Mbaye \u00e9c\u0153ur\u00e9 (Vid\u00e9o)"}]},{"@type":"WebSite","@id":"https:\/\/www.public.sn\/#website","url":"https:\/\/www.public.sn\/","name":"LE PUBLIC","description":"","publisher":{"@id":"https:\/\/www.public.sn\/#organization"},"potentialAction":[{"@type":"SearchAction","target":{"@type":"EntryPoint","urlTemplate":"https:\/\/www.public.sn\/?s={search_term_string}"},"query-input":{"@type":"PropertyValueSpecification","valueRequired":true,"valueName":"search_term_string"}}],"inLanguage":"fr-FR"},{"@type":"Organization","@id":"https:\/\/www.public.sn\/#organization","name":"LE PUBLIC","url":"https:\/\/www.public.sn\/","logo":{"@type":"ImageObject","inLanguage":"fr-FR","@id":"https:\/\/www.public.sn\/#\/schema\/logo\/image\/","url":"https:\/\/www.public.sn\/wp-content\/uploads\/2024\/05\/cropped-LOGO-PUBLIC.SN_.png","contentUrl":"https:\/\/www.public.sn\/wp-content\/uploads\/2024\/05\/cropped-LOGO-PUBLIC.SN_.png","width":682,"height":192,"caption":"LE PUBLIC"},"image":{"@id":"https:\/\/www.public.sn\/#\/schema\/logo\/image\/"}},{"@type":"Person","@id":"https:\/\/www.public.sn\/#\/schema\/person\/e3f4a11b037d4203902db148f9bc8d5a","name":"LA REDACTION","image":{"@type":"ImageObject","inLanguage":"fr-FR","@id":"https:\/\/www.public.sn\/#\/schema\/person\/image\/","url":"https:\/\/secure.gravatar.com\/avatar\/d6c030db45db2883c075085c5d6c6258654a801a93766b49af0b82d4f454e2a5?s=96&d=mm&r=g","contentUrl":"https:\/\/secure.gravatar.com\/avatar\/d6c030db45db2883c075085c5d6c6258654a801a93766b49af0b82d4f454e2a5?s=96&d=mm&r=g","caption":"LA REDACTION"},"sameAs":["http:\/\/www.public.sn"],"url":"https:\/\/www.public.sn\/index.php\/author\/admin7324\/"}]}},"jetpack_featured_media_url":"https:\/\/www.public.sn\/wp-content\/uploads\/2022\/11\/abdoul-mbaye.jpg","jetpack_sharing_enabled":true,"_links":{"self":[{"href":"https:\/\/www.public.sn\/index.php\/wp-json\/wp\/v2\/posts\/10308","targetHints":{"allow":["GET"]}}],"collection":[{"href":"https:\/\/www.public.sn\/index.php\/wp-json\/wp\/v2\/posts"}],"about":[{"href":"https:\/\/www.public.sn\/index.php\/wp-json\/wp\/v2\/types\/post"}],"author":[{"embeddable":true,"href":"https:\/\/www.public.sn\/index.php\/wp-json\/wp\/v2\/users\/1"}],"replies":[{"embeddable":true,"href":"https:\/\/www.public.sn\/index.php\/wp-json\/wp\/v2\/comments?post=10308"}],"version-history":[{"count":1,"href":"https:\/\/www.public.sn\/index.php\/wp-json\/wp\/v2\/posts\/10308\/revisions"}],"predecessor-version":[{"id":10310,"href":"https:\/\/www.public.sn\/index.php\/wp-json\/wp\/v2\/posts\/10308\/revisions\/10310"}],"wp:featuredmedia":[{"embeddable":true,"href":"https:\/\/www.public.sn\/index.php\/wp-json\/wp\/v2\/media\/10309"}],"wp:attachment":[{"href":"https:\/\/www.public.sn\/index.php\/wp-json\/wp\/v2\/media?parent=10308"}],"wp:term":[{"taxonomy":"category","embeddable":true,"href":"https:\/\/www.public.sn\/index.php\/wp-json\/wp\/v2\/categories?post=10308"},{"taxonomy":"post_tag","embeddable":true,"href":"https:\/\/www.public.sn\/index.php\/wp-json\/wp\/v2\/tags?post=10308"}],"curies":[{"name":"wp","href":"https:\/\/api.w.org\/{rel}","templated":true}]}}