{"id":10389,"date":"2022-11-28T13:13:16","date_gmt":"2022-11-28T13:13:16","guid":{"rendered":"https:\/\/www.public.sn\/?p=10389"},"modified":"2022-11-28T13:13:18","modified_gmt":"2022-11-28T13:13:18","slug":"a-n-des-deputes-aux-echarpes-du-pur-en-guise-de-soutien","status":"publish","type":"post","link":"https:\/\/www.public.sn\/index.php\/2022\/11\/28\/a-n-des-deputes-aux-echarpes-du-pur-en-guise-de-soutien\/","title":{"rendered":"A.N\u00a0: Des d\u00e9put\u00e9s aux \u00e9charpes du Pur en guise de soutien."},"content":{"rendered":"\n<p><\/p>\n\n\n\n<p>Les travaux ont pu reprendre \u00e0 l\u2019Assembl\u00e9e Nationale suite aux incidents constat\u00e9s hier. La d\u00e9put\u00e9e Amy Ndiaye avait prof\u00e9r\u00e9 des propos discourtois contre Serigne Moustapha Sy.<\/p><div class=\"publi-paragraphe1\" style=\"margin-top: 10px;margin-bottom: 10px;margin-left: auto;margin-right: auto;text-align: center;\" id=\"publi-2034127274\"><div class=\"publi-adlabel\">Publicit\u00e9<\/div><script async src=\"\/\/pagead2.googlesyndication.com\/pagead\/js\/adsbygoogle.js?client=ca-pub-4089586018074219\" crossorigin=\"anonymous\"><\/script><ins class=\"adsbygoogle\" style=\"display:block;\" data-ad-client=\"ca-pub-4089586018074219\" \ndata-ad-slot=\"2087940154\" \ndata-ad-format=\"auto\"><\/ins>\n<script> \n(adsbygoogle = window.adsbygoogle || []).push({}); \n<\/script>\n<\/div>\n\n\n\n<p><\/p>\n\n\n\n<p> Certains d\u00e9put\u00e9s de l\u2019Assembl\u00e9e nationale ont arbor\u00e9 ce Lundi des \u00e9charpes du PUR pour apporter leurs soutiens \u00e0 leurs camarades de l\u2019opposition. La d\u00e9put\u00e9e incrimin\u00e9e ne s\u2019est pas pr\u00e9sent\u00e9e \u00e0 l\u2019ouverture de la s\u00e9ance de vote du budget du minist\u00e8re de l\u2019int\u00e9rieur.<\/p>\n\n\n\n<p>Samba SY.<\/p>\n<div class=\"publi-apres-le-contenu\" style=\"margin-top: 10px;margin-bottom: 10px;margin-left: auto;margin-right: auto;text-align: center;\" id=\"publi-2070032369\"><div class=\"publi-adlabel\">Publicit\u00e9<\/div><script async src=\"\/\/pagead2.googlesyndication.com\/pagead\/js\/adsbygoogle.js?client=ca-pub-4089586018074219\" crossorigin=\"anonymous\"><\/script><ins class=\"adsbygoogle\" style=\"display:block;\" data-ad-client=\"ca-pub-4089586018074219\" \ndata-ad-slot=\"2087940154\" \ndata-ad-format=\"auto\"><\/ins>\n<script> \n(adsbygoogle = window.adsbygoogle || []).push({}); \n<\/script>\n<\/div>","protected":false},"excerpt":{"rendered":"<p>Les travaux ont pu reprendre \u00e0 l\u2019Assembl\u00e9e Nationale suite aux incidents constat\u00e9s hier. La d\u00e9put\u00e9e Amy Ndiaye avait prof\u00e9r\u00e9 des propos discourtois contre Serigne Moustapha Sy. Certains d\u00e9put\u00e9s de l\u2019Assembl\u00e9e nationale ont arbor\u00e9 ce Lundi des \u00e9charpes du PUR pour apporter leurs soutiens \u00e0 leurs camarades de l\u2019opposition. La d\u00e9put\u00e9e incrimin\u00e9e ne s\u2019est pas pr\u00e9sent\u00e9e \u00e0 l\u2019ouverture de la s\u00e9ance de vote du budget du minist\u00e8re de l\u2019int\u00e9rieur. Samba SY.<\/p>\n","protected":false},"author":7,"featured_media":10390,"comment_status":"open","ping_status":"open","sticky":false,"template":"","format":"standard","meta":{"_jetpack_memberships_contains_paid_content":false,"footnotes":""},"categories":[375,3,1],"tags":[3452,231,2388],"class_list":["post-10389","post","type-post","status-publish","format-standard","has-post-thumbnail","hentry","category-actualites","category-politique","category-non-classe","tag-asemblee-nationale","tag-pur","tag-soutient","entry","has-media","owp-thumbs-layout-horizontal","owp-btn-normal","owp-tabs-layout-horizontal","has-no-thumbnails","has-product-nav"],"yoast_head":"<!-- This site is optimized with the Yoast SEO plugin v25.5 - https:\/\/yoast.com\/wordpress\/plugins\/seo\/ -->\n<title>A.N\u00a0: Des d\u00e9put\u00e9s aux \u00e9charpes du Pur en guise de soutien. - LE PUBLIC<\/title>\n<meta name=\"robots\" content=\"index, follow, max-snippet:-1, max-image-preview:large, max-video-preview:-1\" \/>\n<link rel=\"canonical\" href=\"https:\/\/www.public.sn\/index.php\/2022\/11\/28\/a-n-des-deputes-aux-echarpes-du-pur-en-guise-de-soutien\/\" \/>\n<meta property=\"og:locale\" content=\"fr_FR\" \/>\n<meta property=\"og:type\" content=\"article\" \/>\n<meta property=\"og:title\" content=\"A.N\u00a0: Des d\u00e9put\u00e9s aux \u00e9charpes du Pur en guise de soutien. - LE PUBLIC\" \/>\n<meta property=\"og:description\" content=\"Les travaux ont pu reprendre \u00e0 l\u2019Assembl\u00e9e Nationale suite aux incidents constat\u00e9s hier. La d\u00e9put\u00e9e Amy Ndiaye avait prof\u00e9r\u00e9 des propos discourtois contre Serigne Moustapha Sy. Certains d\u00e9put\u00e9s de l\u2019Assembl\u00e9e nationale ont arbor\u00e9 ce Lundi des \u00e9charpes du PUR pour apporter leurs soutiens \u00e0 leurs camarades de l\u2019opposition. La d\u00e9put\u00e9e incrimin\u00e9e ne s\u2019est pas pr\u00e9sent\u00e9e \u00e0 l\u2019ouverture de la s\u00e9ance de vote du budget du minist\u00e8re de l\u2019int\u00e9rieur. Samba SY.\" \/>\n<meta property=\"og:url\" content=\"https:\/\/www.public.sn\/index.php\/2022\/11\/28\/a-n-des-deputes-aux-echarpes-du-pur-en-guise-de-soutien\/\" \/>\n<meta property=\"og:site_name\" content=\"LE PUBLIC\" \/>\n<meta property=\"article:published_time\" content=\"2022-11-28T13:13:16+00:00\" \/>\n<meta property=\"article:modified_time\" content=\"2022-11-28T13:13:18+00:00\" \/>\n<meta property=\"og:image\" content=\"https:\/\/www.public.sn\/wp-content\/uploads\/2022\/11\/pur-1.jpg\" \/>\n\t<meta property=\"og:image:width\" content=\"1136\" \/>\n\t<meta property=\"og:image:height\" content=\"640\" \/>\n\t<meta property=\"og:image:type\" content=\"image\/jpeg\" \/>\n<meta name=\"author\" content=\"LA REDACTION\" \/>\n<meta name=\"twitter:card\" content=\"summary_large_image\" \/>\n<meta name=\"twitter:label1\" content=\"\u00c9crit par\" \/>\n\t<meta name=\"twitter:data1\" content=\"LA REDACTION\" \/>\n\t<meta name=\"twitter:label2\" content=\"Dur\u00e9e de lecture estim\u00e9e\" \/>\n\t<meta name=\"twitter:data2\" content=\"1 minute\" \/>\n<script type=\"application\/ld+json\" class=\"yoast-schema-graph\">{\"@context\":\"https:\/\/schema.org\",\"@graph\":[{\"@type\":\"Article\",\"@id\":\"https:\/\/www.public.sn\/index.php\/2022\/11\/28\/a-n-des-deputes-aux-echarpes-du-pur-en-guise-de-soutien\/#article\",\"isPartOf\":{\"@id\":\"https:\/\/www.public.sn\/index.php\/2022\/11\/28\/a-n-des-deputes-aux-echarpes-du-pur-en-guise-de-soutien\/\"},\"author\":{\"name\":\"LA REDACTION\",\"@id\":\"https:\/\/www.public.sn\/#\/schema\/person\/cb76c8e1b8becc6be61fb5e92d6d0224\"},\"headline\":\"A.N\u00a0: Des d\u00e9put\u00e9s aux \u00e9charpes du Pur en guise de soutien.\",\"datePublished\":\"2022-11-28T13:13:16+00:00\",\"dateModified\":\"2022-11-28T13:13:18+00:00\",\"mainEntityOfPage\":{\"@id\":\"https:\/\/www.public.sn\/index.php\/2022\/11\/28\/a-n-des-deputes-aux-echarpes-du-pur-en-guise-de-soutien\/\"},\"wordCount\":103,\"commentCount\":0,\"publisher\":{\"@id\":\"https:\/\/www.public.sn\/#organization\"},\"image\":{\"@id\":\"https:\/\/www.public.sn\/index.php\/2022\/11\/28\/a-n-des-deputes-aux-echarpes-du-pur-en-guise-de-soutien\/#primaryimage\"},\"thumbnailUrl\":\"https:\/\/www.public.sn\/wp-content\/uploads\/2022\/11\/pur-1.jpg\",\"keywords\":[\"asemblee nationale\",\"PUR\",\"soutient\"],\"articleSection\":[\"ACTUALIT\u00c9S\",\"POLITIQUE\",\"S\u00c9N\u00c9GAL\"],\"inLanguage\":\"fr-FR\",\"potentialAction\":[{\"@type\":\"CommentAction\",\"name\":\"Comment\",\"target\":[\"https:\/\/www.public.sn\/index.php\/2022\/11\/28\/a-n-des-deputes-aux-echarpes-du-pur-en-guise-de-soutien\/#respond\"]}]},{\"@type\":\"WebPage\",\"@id\":\"https:\/\/www.public.sn\/index.php\/2022\/11\/28\/a-n-des-deputes-aux-echarpes-du-pur-en-guise-de-soutien\/\",\"url\":\"https:\/\/www.public.sn\/index.php\/2022\/11\/28\/a-n-des-deputes-aux-echarpes-du-pur-en-guise-de-soutien\/\",\"name\":\"A.N\u00a0: Des d\u00e9put\u00e9s aux \u00e9charpes du Pur en guise de soutien. - LE PUBLIC\",\"isPartOf\":{\"@id\":\"https:\/\/www.public.sn\/#website\"},\"primaryImageOfPage\":{\"@id\":\"https:\/\/www.public.sn\/index.php\/2022\/11\/28\/a-n-des-deputes-aux-echarpes-du-pur-en-guise-de-soutien\/#primaryimage\"},\"image\":{\"@id\":\"https:\/\/www.public.sn\/index.php\/2022\/11\/28\/a-n-des-deputes-aux-echarpes-du-pur-en-guise-de-soutien\/#primaryimage\"},\"thumbnailUrl\":\"https:\/\/www.public.sn\/wp-content\/uploads\/2022\/11\/pur-1.jpg\",\"datePublished\":\"2022-11-28T13:13:16+00:00\",\"dateModified\":\"2022-11-28T13:13:18+00:00\",\"breadcrumb\":{\"@id\":\"https:\/\/www.public.sn\/index.php\/2022\/11\/28\/a-n-des-deputes-aux-echarpes-du-pur-en-guise-de-soutien\/#breadcrumb\"},\"inLanguage\":\"fr-FR\",\"potentialAction\":[{\"@type\":\"ReadAction\",\"target\":[\"https:\/\/www.public.sn\/index.php\/2022\/11\/28\/a-n-des-deputes-aux-echarpes-du-pur-en-guise-de-soutien\/\"]}]},{\"@type\":\"ImageObject\",\"inLanguage\":\"fr-FR\",\"@id\":\"https:\/\/www.public.sn\/index.php\/2022\/11\/28\/a-n-des-deputes-aux-echarpes-du-pur-en-guise-de-soutien\/#primaryimage\",\"url\":\"https:\/\/www.public.sn\/wp-content\/uploads\/2022\/11\/pur-1.jpg\",\"contentUrl\":\"https:\/\/www.public.sn\/wp-content\/uploads\/2022\/11\/pur-1.jpg\",\"width\":1136,\"height\":640,\"caption\":\"publicsn\"},{\"@type\":\"BreadcrumbList\",\"@id\":\"https:\/\/www.public.sn\/index.php\/2022\/11\/28\/a-n-des-deputes-aux-echarpes-du-pur-en-guise-de-soutien\/#breadcrumb\",\"itemListElement\":[{\"@type\":\"ListItem\",\"position\":1,\"name\":\"Accueil\",\"item\":\"https:\/\/www.public.sn\/\"},{\"@type\":\"ListItem\",\"position\":2,\"name\":\"A.N\u00a0: Des d\u00e9put\u00e9s aux \u00e9charpes du Pur en guise de soutien.\"}]},{\"@type\":\"WebSite\",\"@id\":\"https:\/\/www.public.sn\/#website\",\"url\":\"https:\/\/www.public.sn\/\",\"name\":\"LE PUBLIC\",\"description\":\"\",\"publisher\":{\"@id\":\"https:\/\/www.public.sn\/#organization\"},\"potentialAction\":[{\"@type\":\"SearchAction\",\"target\":{\"@type\":\"EntryPoint\",\"urlTemplate\":\"https:\/\/www.public.sn\/?s={search_term_string}\"},\"query-input\":{\"@type\":\"PropertyValueSpecification\",\"valueRequired\":true,\"valueName\":\"search_term_string\"}}],\"inLanguage\":\"fr-FR\"},{\"@type\":\"Organization\",\"@id\":\"https:\/\/www.public.sn\/#organization\",\"name\":\"LE PUBLIC\",\"url\":\"https:\/\/www.public.sn\/\",\"logo\":{\"@type\":\"ImageObject\",\"inLanguage\":\"fr-FR\",\"@id\":\"https:\/\/www.public.sn\/#\/schema\/logo\/image\/\",\"url\":\"https:\/\/www.public.sn\/wp-content\/uploads\/2024\/05\/cropped-LOGO-PUBLIC.SN_.png\",\"contentUrl\":\"https:\/\/www.public.sn\/wp-content\/uploads\/2024\/05\/cropped-LOGO-PUBLIC.SN_.png\",\"width\":682,\"height\":192,\"caption\":\"LE PUBLIC\"},\"image\":{\"@id\":\"https:\/\/www.public.sn\/#\/schema\/logo\/image\/\"}},{\"@type\":\"Person\",\"@id\":\"https:\/\/www.public.sn\/#\/schema\/person\/cb76c8e1b8becc6be61fb5e92d6d0224\",\"name\":\"LA REDACTION\",\"image\":{\"@type\":\"ImageObject\",\"inLanguage\":\"fr-FR\",\"@id\":\"https:\/\/www.public.sn\/#\/schema\/person\/image\/\",\"url\":\"https:\/\/secure.gravatar.com\/avatar\/2dce5ddd34b8fef0180efe03aa2a9bee7d953856048f9a16b298190a3178407c?s=96&d=mm&r=g\",\"contentUrl\":\"https:\/\/secure.gravatar.com\/avatar\/2dce5ddd34b8fef0180efe03aa2a9bee7d953856048f9a16b298190a3178407c?s=96&d=mm&r=g\",\"caption\":\"LA REDACTION\"},\"url\":\"https:\/\/www.public.sn\/index.php\/author\/editeurpsn\/\"}]}<\/script>\n<!-- \/ Yoast SEO plugin. -->","yoast_head_json":{"title":"A.N\u00a0: Des d\u00e9put\u00e9s aux \u00e9charpes du Pur en guise de soutien. - LE PUBLIC","robots":{"index":"index","follow":"follow","max-snippet":"max-snippet:-1","max-image-preview":"max-image-preview:large","max-video-preview":"max-video-preview:-1"},"canonical":"https:\/\/www.public.sn\/index.php\/2022\/11\/28\/a-n-des-deputes-aux-echarpes-du-pur-en-guise-de-soutien\/","og_locale":"fr_FR","og_type":"article","og_title":"A.N\u00a0: Des d\u00e9put\u00e9s aux \u00e9charpes du Pur en guise de soutien. - LE PUBLIC","og_description":"Les travaux ont pu reprendre \u00e0 l\u2019Assembl\u00e9e Nationale suite aux incidents constat\u00e9s hier. La d\u00e9put\u00e9e Amy Ndiaye avait prof\u00e9r\u00e9 des propos discourtois contre Serigne Moustapha Sy. Certains d\u00e9put\u00e9s de l\u2019Assembl\u00e9e nationale ont arbor\u00e9 ce Lundi des \u00e9charpes du PUR pour apporter leurs soutiens \u00e0 leurs camarades de l\u2019opposition. La d\u00e9put\u00e9e incrimin\u00e9e ne s\u2019est pas pr\u00e9sent\u00e9e \u00e0 l\u2019ouverture de la s\u00e9ance de vote du budget du minist\u00e8re de l\u2019int\u00e9rieur. Samba SY.","og_url":"https:\/\/www.public.sn\/index.php\/2022\/11\/28\/a-n-des-deputes-aux-echarpes-du-pur-en-guise-de-soutien\/","og_site_name":"LE PUBLIC","article_published_time":"2022-11-28T13:13:16+00:00","article_modified_time":"2022-11-28T13:13:18+00:00","og_image":[{"width":1136,"height":640,"url":"https:\/\/www.public.sn\/wp-content\/uploads\/2022\/11\/pur-1.jpg","type":"image\/jpeg"}],"author":"LA REDACTION","twitter_card":"summary_large_image","twitter_misc":{"\u00c9crit par":"LA REDACTION","Dur\u00e9e de lecture estim\u00e9e":"1 minute"},"schema":{"@context":"https:\/\/schema.org","@graph":[{"@type":"Article","@id":"https:\/\/www.public.sn\/index.php\/2022\/11\/28\/a-n-des-deputes-aux-echarpes-du-pur-en-guise-de-soutien\/#article","isPartOf":{"@id":"https:\/\/www.public.sn\/index.php\/2022\/11\/28\/a-n-des-deputes-aux-echarpes-du-pur-en-guise-de-soutien\/"},"author":{"name":"LA REDACTION","@id":"https:\/\/www.public.sn\/#\/schema\/person\/cb76c8e1b8becc6be61fb5e92d6d0224"},"headline":"A.N\u00a0: Des d\u00e9put\u00e9s aux \u00e9charpes du Pur en guise de soutien.","datePublished":"2022-11-28T13:13:16+00:00","dateModified":"2022-11-28T13:13:18+00:00","mainEntityOfPage":{"@id":"https:\/\/www.public.sn\/index.php\/2022\/11\/28\/a-n-des-deputes-aux-echarpes-du-pur-en-guise-de-soutien\/"},"wordCount":103,"commentCount":0,"publisher":{"@id":"https:\/\/www.public.sn\/#organization"},"image":{"@id":"https:\/\/www.public.sn\/index.php\/2022\/11\/28\/a-n-des-deputes-aux-echarpes-du-pur-en-guise-de-soutien\/#primaryimage"},"thumbnailUrl":"https:\/\/www.public.sn\/wp-content\/uploads\/2022\/11\/pur-1.jpg","keywords":["asemblee nationale","PUR","soutient"],"articleSection":["ACTUALIT\u00c9S","POLITIQUE","S\u00c9N\u00c9GAL"],"inLanguage":"fr-FR","potentialAction":[{"@type":"CommentAction","name":"Comment","target":["https:\/\/www.public.sn\/index.php\/2022\/11\/28\/a-n-des-deputes-aux-echarpes-du-pur-en-guise-de-soutien\/#respond"]}]},{"@type":"WebPage","@id":"https:\/\/www.public.sn\/index.php\/2022\/11\/28\/a-n-des-deputes-aux-echarpes-du-pur-en-guise-de-soutien\/","url":"https:\/\/www.public.sn\/index.php\/2022\/11\/28\/a-n-des-deputes-aux-echarpes-du-pur-en-guise-de-soutien\/","name":"A.N\u00a0: Des d\u00e9put\u00e9s aux \u00e9charpes du Pur en guise de soutien. - LE PUBLIC","isPartOf":{"@id":"https:\/\/www.public.sn\/#website"},"primaryImageOfPage":{"@id":"https:\/\/www.public.sn\/index.php\/2022\/11\/28\/a-n-des-deputes-aux-echarpes-du-pur-en-guise-de-soutien\/#primaryimage"},"image":{"@id":"https:\/\/www.public.sn\/index.php\/2022\/11\/28\/a-n-des-deputes-aux-echarpes-du-pur-en-guise-de-soutien\/#primaryimage"},"thumbnailUrl":"https:\/\/www.public.sn\/wp-content\/uploads\/2022\/11\/pur-1.jpg","datePublished":"2022-11-28T13:13:16+00:00","dateModified":"2022-11-28T13:13:18+00:00","breadcrumb":{"@id":"https:\/\/www.public.sn\/index.php\/2022\/11\/28\/a-n-des-deputes-aux-echarpes-du-pur-en-guise-de-soutien\/#breadcrumb"},"inLanguage":"fr-FR","potentialAction":[{"@type":"ReadAction","target":["https:\/\/www.public.sn\/index.php\/2022\/11\/28\/a-n-des-deputes-aux-echarpes-du-pur-en-guise-de-soutien\/"]}]},{"@type":"ImageObject","inLanguage":"fr-FR","@id":"https:\/\/www.public.sn\/index.php\/2022\/11\/28\/a-n-des-deputes-aux-echarpes-du-pur-en-guise-de-soutien\/#primaryimage","url":"https:\/\/www.public.sn\/wp-content\/uploads\/2022\/11\/pur-1.jpg","contentUrl":"https:\/\/www.public.sn\/wp-content\/uploads\/2022\/11\/pur-1.jpg","width":1136,"height":640,"caption":"publicsn"},{"@type":"BreadcrumbList","@id":"https:\/\/www.public.sn\/index.php\/2022\/11\/28\/a-n-des-deputes-aux-echarpes-du-pur-en-guise-de-soutien\/#breadcrumb","itemListElement":[{"@type":"ListItem","position":1,"name":"Accueil","item":"https:\/\/www.public.sn\/"},{"@type":"ListItem","position":2,"name":"A.N\u00a0: Des d\u00e9put\u00e9s aux \u00e9charpes du Pur en guise de soutien."}]},{"@type":"WebSite","@id":"https:\/\/www.public.sn\/#website","url":"https:\/\/www.public.sn\/","name":"LE PUBLIC","description":"","publisher":{"@id":"https:\/\/www.public.sn\/#organization"},"potentialAction":[{"@type":"SearchAction","target":{"@type":"EntryPoint","urlTemplate":"https:\/\/www.public.sn\/?s={search_term_string}"},"query-input":{"@type":"PropertyValueSpecification","valueRequired":true,"valueName":"search_term_string"}}],"inLanguage":"fr-FR"},{"@type":"Organization","@id":"https:\/\/www.public.sn\/#organization","name":"LE PUBLIC","url":"https:\/\/www.public.sn\/","logo":{"@type":"ImageObject","inLanguage":"fr-FR","@id":"https:\/\/www.public.sn\/#\/schema\/logo\/image\/","url":"https:\/\/www.public.sn\/wp-content\/uploads\/2024\/05\/cropped-LOGO-PUBLIC.SN_.png","contentUrl":"https:\/\/www.public.sn\/wp-content\/uploads\/2024\/05\/cropped-LOGO-PUBLIC.SN_.png","width":682,"height":192,"caption":"LE PUBLIC"},"image":{"@id":"https:\/\/www.public.sn\/#\/schema\/logo\/image\/"}},{"@type":"Person","@id":"https:\/\/www.public.sn\/#\/schema\/person\/cb76c8e1b8becc6be61fb5e92d6d0224","name":"LA REDACTION","image":{"@type":"ImageObject","inLanguage":"fr-FR","@id":"https:\/\/www.public.sn\/#\/schema\/person\/image\/","url":"https:\/\/secure.gravatar.com\/avatar\/2dce5ddd34b8fef0180efe03aa2a9bee7d953856048f9a16b298190a3178407c?s=96&d=mm&r=g","contentUrl":"https:\/\/secure.gravatar.com\/avatar\/2dce5ddd34b8fef0180efe03aa2a9bee7d953856048f9a16b298190a3178407c?s=96&d=mm&r=g","caption":"LA REDACTION"},"url":"https:\/\/www.public.sn\/index.php\/author\/editeurpsn\/"}]}},"jetpack_featured_media_url":"https:\/\/www.public.sn\/wp-content\/uploads\/2022\/11\/pur-1.jpg","jetpack_sharing_enabled":true,"_links":{"self":[{"href":"https:\/\/www.public.sn\/index.php\/wp-json\/wp\/v2\/posts\/10389","targetHints":{"allow":["GET"]}}],"collection":[{"href":"https:\/\/www.public.sn\/index.php\/wp-json\/wp\/v2\/posts"}],"about":[{"href":"https:\/\/www.public.sn\/index.php\/wp-json\/wp\/v2\/types\/post"}],"author":[{"embeddable":true,"href":"https:\/\/www.public.sn\/index.php\/wp-json\/wp\/v2\/users\/7"}],"replies":[{"embeddable":true,"href":"https:\/\/www.public.sn\/index.php\/wp-json\/wp\/v2\/comments?post=10389"}],"version-history":[{"count":2,"href":"https:\/\/www.public.sn\/index.php\/wp-json\/wp\/v2\/posts\/10389\/revisions"}],"predecessor-version":[{"id":10392,"href":"https:\/\/www.public.sn\/index.php\/wp-json\/wp\/v2\/posts\/10389\/revisions\/10392"}],"wp:featuredmedia":[{"embeddable":true,"href":"https:\/\/www.public.sn\/index.php\/wp-json\/wp\/v2\/media\/10390"}],"wp:attachment":[{"href":"https:\/\/www.public.sn\/index.php\/wp-json\/wp\/v2\/media?parent=10389"}],"wp:term":[{"taxonomy":"category","embeddable":true,"href":"https:\/\/www.public.sn\/index.php\/wp-json\/wp\/v2\/categories?post=10389"},{"taxonomy":"post_tag","embeddable":true,"href":"https:\/\/www.public.sn\/index.php\/wp-json\/wp\/v2\/tags?post=10389"}],"curies":[{"name":"wp","href":"https:\/\/api.w.org\/{rel}","templated":true}]}}