{"id":10414,"date":"2022-11-28T16:42:31","date_gmt":"2022-11-28T16:42:31","guid":{"rendered":"https:\/\/www.public.sn\/?p=10414"},"modified":"2022-11-28T16:42:34","modified_gmt":"2022-11-28T16:42:34","slug":"aminata-toure-recue-par-serigne-mountakha","status":"publish","type":"post","link":"https:\/\/www.public.sn\/index.php\/2022\/11\/28\/aminata-toure-recue-par-serigne-mountakha\/","title":{"rendered":"Aminata Tour\u00e9 re\u00e7ue par Serigne Mountakha."},"content":{"rendered":"\n<p>\u00a0L&rsquo;ancienne\u00a0 Premi\u00e8re ministre du pr\u00e9sident Macky Sall a \u00e9t\u00e9 re\u00e7ue par le khalife g\u00e9n\u00e9ral des mourides \u00e0 Touba, ce Lundi 28 novembre. Rien n\u2019a filtr\u00e9 de son audience avec le Khalife G\u00e9n\u00e9ral des Mourides.<\/p><div class=\"publi-paragraphe1\" style=\"margin-top: 10px;margin-bottom: 10px;margin-left: auto;margin-right: auto;text-align: center;\" id=\"publi-4240903089\"><div class=\"publi-adlabel\">Publicit\u00e9<\/div><script async src=\"\/\/pagead2.googlesyndication.com\/pagead\/js\/adsbygoogle.js?client=ca-pub-4089586018074219\" crossorigin=\"anonymous\"><\/script><ins class=\"adsbygoogle\" style=\"display:block;\" data-ad-client=\"ca-pub-4089586018074219\" \ndata-ad-slot=\"2087940154\" \ndata-ad-format=\"auto\"><\/ins>\n<script> \n(adsbygoogle = window.adsbygoogle || []).push({}); \n<\/script>\n<\/div>\n\n\n\n<p><\/p>\n\n\n\n<p>Aminata Tour\u00e9 \u00e9tait accompagn\u00e9 d\u2019une d\u00e9l\u00e9gation r\u00e9duite et a \u00e9t\u00e9 re\u00e7ue \u00e0 Darou Miname par Serigne Mountakha Mback\u00e9. Son service de communication annonce selon certaines sources, une d\u00e9claration dans les jours \u00e0 venir.<\/p>\n\n\n\n<p>Samba Sy.<\/p>\n<div class=\"publi-apres-le-contenu\" style=\"margin-top: 10px;margin-bottom: 10px;margin-left: auto;margin-right: auto;text-align: center;\" id=\"publi-1997957596\"><div class=\"publi-adlabel\">Publicit\u00e9<\/div><script async src=\"\/\/pagead2.googlesyndication.com\/pagead\/js\/adsbygoogle.js?client=ca-pub-4089586018074219\" crossorigin=\"anonymous\"><\/script><ins class=\"adsbygoogle\" style=\"display:block;\" data-ad-client=\"ca-pub-4089586018074219\" \ndata-ad-slot=\"2087940154\" \ndata-ad-format=\"auto\"><\/ins>\n<script> \n(adsbygoogle = window.adsbygoogle || []).push({}); \n<\/script>\n<\/div>","protected":false},"excerpt":{"rendered":"<p>\u00a0L&rsquo;ancienne\u00a0 Premi\u00e8re ministre du pr\u00e9sident Macky Sall a \u00e9t\u00e9 re\u00e7ue par le khalife g\u00e9n\u00e9ral des mourides \u00e0 Touba, ce Lundi 28 novembre. Rien n\u2019a filtr\u00e9 de son audience avec le Khalife G\u00e9n\u00e9ral des Mourides. Aminata Tour\u00e9 \u00e9tait accompagn\u00e9 d\u2019une d\u00e9l\u00e9gation r\u00e9duite et a \u00e9t\u00e9 re\u00e7ue \u00e0 Darou Miname par Serigne Mountakha Mback\u00e9. Son service de communication annonce selon certaines sources, une d\u00e9claration dans les jours \u00e0 venir. Samba Sy.<\/p>\n","protected":false},"author":7,"featured_media":10415,"comment_status":"open","ping_status":"open","sticky":false,"template":"","format":"standard","meta":{"_jetpack_memberships_contains_paid_content":false,"footnotes":""},"categories":[375,878,4],"tags":[480,3138,3459,69],"class_list":["post-10414","post","type-post","status-publish","format-standard","has-post-thumbnail","hentry","category-actualites","category-religion","category-societe","tag-aminata-toure","tag-serigne-mountakha","tag-serigne-mountakhatouba","tag-touba","entry","has-media","owp-thumbs-layout-horizontal","owp-btn-normal","owp-tabs-layout-horizontal","has-no-thumbnails","has-product-nav"],"yoast_head":"<!-- This site is optimized with the Yoast SEO plugin v25.5 - https:\/\/yoast.com\/wordpress\/plugins\/seo\/ -->\n<title>Aminata Tour\u00e9 re\u00e7ue par Serigne Mountakha. - LE PUBLIC<\/title>\n<meta name=\"robots\" content=\"index, follow, max-snippet:-1, max-image-preview:large, max-video-preview:-1\" \/>\n<link rel=\"canonical\" href=\"https:\/\/www.public.sn\/index.php\/2022\/11\/28\/aminata-toure-recue-par-serigne-mountakha\/\" \/>\n<meta property=\"og:locale\" content=\"fr_FR\" \/>\n<meta property=\"og:type\" content=\"article\" \/>\n<meta property=\"og:title\" content=\"Aminata Tour\u00e9 re\u00e7ue par Serigne Mountakha. - LE PUBLIC\" \/>\n<meta property=\"og:description\" content=\"\u00a0L&rsquo;ancienne\u00a0 Premi\u00e8re ministre du pr\u00e9sident Macky Sall a \u00e9t\u00e9 re\u00e7ue par le khalife g\u00e9n\u00e9ral des mourides \u00e0 Touba, ce Lundi 28 novembre. Rien n\u2019a filtr\u00e9 de son audience avec le Khalife G\u00e9n\u00e9ral des Mourides. Aminata Tour\u00e9 \u00e9tait accompagn\u00e9 d\u2019une d\u00e9l\u00e9gation r\u00e9duite et a \u00e9t\u00e9 re\u00e7ue \u00e0 Darou Miname par Serigne Mountakha Mback\u00e9. Son service de communication annonce selon certaines sources, une d\u00e9claration dans les jours \u00e0 venir. Samba Sy.\" \/>\n<meta property=\"og:url\" content=\"https:\/\/www.public.sn\/index.php\/2022\/11\/28\/aminata-toure-recue-par-serigne-mountakha\/\" \/>\n<meta property=\"og:site_name\" content=\"LE PUBLIC\" \/>\n<meta property=\"article:published_time\" content=\"2022-11-28T16:42:31+00:00\" \/>\n<meta property=\"article:modified_time\" content=\"2022-11-28T16:42:34+00:00\" \/>\n<meta property=\"og:image\" content=\"https:\/\/www.public.sn\/wp-content\/uploads\/2022\/11\/mimi-toure-a-touba.jpg\" \/>\n\t<meta property=\"og:image:width\" content=\"612\" \/>\n\t<meta property=\"og:image:height\" content=\"298\" \/>\n\t<meta property=\"og:image:type\" content=\"image\/jpeg\" \/>\n<meta name=\"author\" content=\"LA REDACTION\" \/>\n<meta name=\"twitter:card\" content=\"summary_large_image\" \/>\n<meta name=\"twitter:label1\" content=\"\u00c9crit par\" \/>\n\t<meta name=\"twitter:data1\" content=\"LA REDACTION\" \/>\n\t<meta name=\"twitter:label2\" content=\"Dur\u00e9e de lecture estim\u00e9e\" \/>\n\t<meta name=\"twitter:data2\" content=\"1 minute\" \/>\n<script type=\"application\/ld+json\" class=\"yoast-schema-graph\">{\"@context\":\"https:\/\/schema.org\",\"@graph\":[{\"@type\":\"Article\",\"@id\":\"https:\/\/www.public.sn\/index.php\/2022\/11\/28\/aminata-toure-recue-par-serigne-mountakha\/#article\",\"isPartOf\":{\"@id\":\"https:\/\/www.public.sn\/index.php\/2022\/11\/28\/aminata-toure-recue-par-serigne-mountakha\/\"},\"author\":{\"name\":\"LA REDACTION\",\"@id\":\"https:\/\/www.public.sn\/#\/schema\/person\/cb76c8e1b8becc6be61fb5e92d6d0224\"},\"headline\":\"Aminata Tour\u00e9 re\u00e7ue par Serigne Mountakha.\",\"datePublished\":\"2022-11-28T16:42:31+00:00\",\"dateModified\":\"2022-11-28T16:42:34+00:00\",\"mainEntityOfPage\":{\"@id\":\"https:\/\/www.public.sn\/index.php\/2022\/11\/28\/aminata-toure-recue-par-serigne-mountakha\/\"},\"wordCount\":86,\"commentCount\":2,\"publisher\":{\"@id\":\"https:\/\/www.public.sn\/#organization\"},\"image\":{\"@id\":\"https:\/\/www.public.sn\/index.php\/2022\/11\/28\/aminata-toure-recue-par-serigne-mountakha\/#primaryimage\"},\"thumbnailUrl\":\"https:\/\/www.public.sn\/wp-content\/uploads\/2022\/11\/mimi-toure-a-touba.jpg\",\"keywords\":[\"Aminata Tour\u00e9\",\"Serigne mountakha\",\"serigne mountakha;touba\",\"Touba\"],\"articleSection\":[\"ACTUALIT\u00c9S\",\"RELIGION\",\"SOCIETE\"],\"inLanguage\":\"fr-FR\",\"potentialAction\":[{\"@type\":\"CommentAction\",\"name\":\"Comment\",\"target\":[\"https:\/\/www.public.sn\/index.php\/2022\/11\/28\/aminata-toure-recue-par-serigne-mountakha\/#respond\"]}]},{\"@type\":\"WebPage\",\"@id\":\"https:\/\/www.public.sn\/index.php\/2022\/11\/28\/aminata-toure-recue-par-serigne-mountakha\/\",\"url\":\"https:\/\/www.public.sn\/index.php\/2022\/11\/28\/aminata-toure-recue-par-serigne-mountakha\/\",\"name\":\"Aminata Tour\u00e9 re\u00e7ue par Serigne Mountakha. - LE PUBLIC\",\"isPartOf\":{\"@id\":\"https:\/\/www.public.sn\/#website\"},\"primaryImageOfPage\":{\"@id\":\"https:\/\/www.public.sn\/index.php\/2022\/11\/28\/aminata-toure-recue-par-serigne-mountakha\/#primaryimage\"},\"image\":{\"@id\":\"https:\/\/www.public.sn\/index.php\/2022\/11\/28\/aminata-toure-recue-par-serigne-mountakha\/#primaryimage\"},\"thumbnailUrl\":\"https:\/\/www.public.sn\/wp-content\/uploads\/2022\/11\/mimi-toure-a-touba.jpg\",\"datePublished\":\"2022-11-28T16:42:31+00:00\",\"dateModified\":\"2022-11-28T16:42:34+00:00\",\"breadcrumb\":{\"@id\":\"https:\/\/www.public.sn\/index.php\/2022\/11\/28\/aminata-toure-recue-par-serigne-mountakha\/#breadcrumb\"},\"inLanguage\":\"fr-FR\",\"potentialAction\":[{\"@type\":\"ReadAction\",\"target\":[\"https:\/\/www.public.sn\/index.php\/2022\/11\/28\/aminata-toure-recue-par-serigne-mountakha\/\"]}]},{\"@type\":\"ImageObject\",\"inLanguage\":\"fr-FR\",\"@id\":\"https:\/\/www.public.sn\/index.php\/2022\/11\/28\/aminata-toure-recue-par-serigne-mountakha\/#primaryimage\",\"url\":\"https:\/\/www.public.sn\/wp-content\/uploads\/2022\/11\/mimi-toure-a-touba.jpg\",\"contentUrl\":\"https:\/\/www.public.sn\/wp-content\/uploads\/2022\/11\/mimi-toure-a-touba.jpg\",\"width\":612,\"height\":298,\"caption\":\"publicsn\"},{\"@type\":\"BreadcrumbList\",\"@id\":\"https:\/\/www.public.sn\/index.php\/2022\/11\/28\/aminata-toure-recue-par-serigne-mountakha\/#breadcrumb\",\"itemListElement\":[{\"@type\":\"ListItem\",\"position\":1,\"name\":\"Accueil\",\"item\":\"https:\/\/www.public.sn\/\"},{\"@type\":\"ListItem\",\"position\":2,\"name\":\"Aminata Tour\u00e9 re\u00e7ue par Serigne Mountakha.\"}]},{\"@type\":\"WebSite\",\"@id\":\"https:\/\/www.public.sn\/#website\",\"url\":\"https:\/\/www.public.sn\/\",\"name\":\"LE PUBLIC\",\"description\":\"\",\"publisher\":{\"@id\":\"https:\/\/www.public.sn\/#organization\"},\"potentialAction\":[{\"@type\":\"SearchAction\",\"target\":{\"@type\":\"EntryPoint\",\"urlTemplate\":\"https:\/\/www.public.sn\/?s={search_term_string}\"},\"query-input\":{\"@type\":\"PropertyValueSpecification\",\"valueRequired\":true,\"valueName\":\"search_term_string\"}}],\"inLanguage\":\"fr-FR\"},{\"@type\":\"Organization\",\"@id\":\"https:\/\/www.public.sn\/#organization\",\"name\":\"LE PUBLIC\",\"url\":\"https:\/\/www.public.sn\/\",\"logo\":{\"@type\":\"ImageObject\",\"inLanguage\":\"fr-FR\",\"@id\":\"https:\/\/www.public.sn\/#\/schema\/logo\/image\/\",\"url\":\"https:\/\/www.public.sn\/wp-content\/uploads\/2024\/05\/cropped-LOGO-PUBLIC.SN_.png\",\"contentUrl\":\"https:\/\/www.public.sn\/wp-content\/uploads\/2024\/05\/cropped-LOGO-PUBLIC.SN_.png\",\"width\":682,\"height\":192,\"caption\":\"LE PUBLIC\"},\"image\":{\"@id\":\"https:\/\/www.public.sn\/#\/schema\/logo\/image\/\"}},{\"@type\":\"Person\",\"@id\":\"https:\/\/www.public.sn\/#\/schema\/person\/cb76c8e1b8becc6be61fb5e92d6d0224\",\"name\":\"LA REDACTION\",\"image\":{\"@type\":\"ImageObject\",\"inLanguage\":\"fr-FR\",\"@id\":\"https:\/\/www.public.sn\/#\/schema\/person\/image\/\",\"url\":\"https:\/\/secure.gravatar.com\/avatar\/2dce5ddd34b8fef0180efe03aa2a9bee7d953856048f9a16b298190a3178407c?s=96&d=mm&r=g\",\"contentUrl\":\"https:\/\/secure.gravatar.com\/avatar\/2dce5ddd34b8fef0180efe03aa2a9bee7d953856048f9a16b298190a3178407c?s=96&d=mm&r=g\",\"caption\":\"LA REDACTION\"},\"url\":\"https:\/\/www.public.sn\/index.php\/author\/editeurpsn\/\"}]}<\/script>\n<!-- \/ Yoast SEO plugin. -->","yoast_head_json":{"title":"Aminata Tour\u00e9 re\u00e7ue par Serigne Mountakha. - LE PUBLIC","robots":{"index":"index","follow":"follow","max-snippet":"max-snippet:-1","max-image-preview":"max-image-preview:large","max-video-preview":"max-video-preview:-1"},"canonical":"https:\/\/www.public.sn\/index.php\/2022\/11\/28\/aminata-toure-recue-par-serigne-mountakha\/","og_locale":"fr_FR","og_type":"article","og_title":"Aminata Tour\u00e9 re\u00e7ue par Serigne Mountakha. - LE PUBLIC","og_description":"\u00a0L&rsquo;ancienne\u00a0 Premi\u00e8re ministre du pr\u00e9sident Macky Sall a \u00e9t\u00e9 re\u00e7ue par le khalife g\u00e9n\u00e9ral des mourides \u00e0 Touba, ce Lundi 28 novembre. Rien n\u2019a filtr\u00e9 de son audience avec le Khalife G\u00e9n\u00e9ral des Mourides. Aminata Tour\u00e9 \u00e9tait accompagn\u00e9 d\u2019une d\u00e9l\u00e9gation r\u00e9duite et a \u00e9t\u00e9 re\u00e7ue \u00e0 Darou Miname par Serigne Mountakha Mback\u00e9. Son service de communication annonce selon certaines sources, une d\u00e9claration dans les jours \u00e0 venir. Samba Sy.","og_url":"https:\/\/www.public.sn\/index.php\/2022\/11\/28\/aminata-toure-recue-par-serigne-mountakha\/","og_site_name":"LE PUBLIC","article_published_time":"2022-11-28T16:42:31+00:00","article_modified_time":"2022-11-28T16:42:34+00:00","og_image":[{"width":612,"height":298,"url":"https:\/\/www.public.sn\/wp-content\/uploads\/2022\/11\/mimi-toure-a-touba.jpg","type":"image\/jpeg"}],"author":"LA REDACTION","twitter_card":"summary_large_image","twitter_misc":{"\u00c9crit par":"LA REDACTION","Dur\u00e9e de lecture estim\u00e9e":"1 minute"},"schema":{"@context":"https:\/\/schema.org","@graph":[{"@type":"Article","@id":"https:\/\/www.public.sn\/index.php\/2022\/11\/28\/aminata-toure-recue-par-serigne-mountakha\/#article","isPartOf":{"@id":"https:\/\/www.public.sn\/index.php\/2022\/11\/28\/aminata-toure-recue-par-serigne-mountakha\/"},"author":{"name":"LA REDACTION","@id":"https:\/\/www.public.sn\/#\/schema\/person\/cb76c8e1b8becc6be61fb5e92d6d0224"},"headline":"Aminata Tour\u00e9 re\u00e7ue par Serigne Mountakha.","datePublished":"2022-11-28T16:42:31+00:00","dateModified":"2022-11-28T16:42:34+00:00","mainEntityOfPage":{"@id":"https:\/\/www.public.sn\/index.php\/2022\/11\/28\/aminata-toure-recue-par-serigne-mountakha\/"},"wordCount":86,"commentCount":2,"publisher":{"@id":"https:\/\/www.public.sn\/#organization"},"image":{"@id":"https:\/\/www.public.sn\/index.php\/2022\/11\/28\/aminata-toure-recue-par-serigne-mountakha\/#primaryimage"},"thumbnailUrl":"https:\/\/www.public.sn\/wp-content\/uploads\/2022\/11\/mimi-toure-a-touba.jpg","keywords":["Aminata Tour\u00e9","Serigne mountakha","serigne mountakha;touba","Touba"],"articleSection":["ACTUALIT\u00c9S","RELIGION","SOCIETE"],"inLanguage":"fr-FR","potentialAction":[{"@type":"CommentAction","name":"Comment","target":["https:\/\/www.public.sn\/index.php\/2022\/11\/28\/aminata-toure-recue-par-serigne-mountakha\/#respond"]}]},{"@type":"WebPage","@id":"https:\/\/www.public.sn\/index.php\/2022\/11\/28\/aminata-toure-recue-par-serigne-mountakha\/","url":"https:\/\/www.public.sn\/index.php\/2022\/11\/28\/aminata-toure-recue-par-serigne-mountakha\/","name":"Aminata Tour\u00e9 re\u00e7ue par Serigne Mountakha. - LE PUBLIC","isPartOf":{"@id":"https:\/\/www.public.sn\/#website"},"primaryImageOfPage":{"@id":"https:\/\/www.public.sn\/index.php\/2022\/11\/28\/aminata-toure-recue-par-serigne-mountakha\/#primaryimage"},"image":{"@id":"https:\/\/www.public.sn\/index.php\/2022\/11\/28\/aminata-toure-recue-par-serigne-mountakha\/#primaryimage"},"thumbnailUrl":"https:\/\/www.public.sn\/wp-content\/uploads\/2022\/11\/mimi-toure-a-touba.jpg","datePublished":"2022-11-28T16:42:31+00:00","dateModified":"2022-11-28T16:42:34+00:00","breadcrumb":{"@id":"https:\/\/www.public.sn\/index.php\/2022\/11\/28\/aminata-toure-recue-par-serigne-mountakha\/#breadcrumb"},"inLanguage":"fr-FR","potentialAction":[{"@type":"ReadAction","target":["https:\/\/www.public.sn\/index.php\/2022\/11\/28\/aminata-toure-recue-par-serigne-mountakha\/"]}]},{"@type":"ImageObject","inLanguage":"fr-FR","@id":"https:\/\/www.public.sn\/index.php\/2022\/11\/28\/aminata-toure-recue-par-serigne-mountakha\/#primaryimage","url":"https:\/\/www.public.sn\/wp-content\/uploads\/2022\/11\/mimi-toure-a-touba.jpg","contentUrl":"https:\/\/www.public.sn\/wp-content\/uploads\/2022\/11\/mimi-toure-a-touba.jpg","width":612,"height":298,"caption":"publicsn"},{"@type":"BreadcrumbList","@id":"https:\/\/www.public.sn\/index.php\/2022\/11\/28\/aminata-toure-recue-par-serigne-mountakha\/#breadcrumb","itemListElement":[{"@type":"ListItem","position":1,"name":"Accueil","item":"https:\/\/www.public.sn\/"},{"@type":"ListItem","position":2,"name":"Aminata Tour\u00e9 re\u00e7ue par Serigne Mountakha."}]},{"@type":"WebSite","@id":"https:\/\/www.public.sn\/#website","url":"https:\/\/www.public.sn\/","name":"LE PUBLIC","description":"","publisher":{"@id":"https:\/\/www.public.sn\/#organization"},"potentialAction":[{"@type":"SearchAction","target":{"@type":"EntryPoint","urlTemplate":"https:\/\/www.public.sn\/?s={search_term_string}"},"query-input":{"@type":"PropertyValueSpecification","valueRequired":true,"valueName":"search_term_string"}}],"inLanguage":"fr-FR"},{"@type":"Organization","@id":"https:\/\/www.public.sn\/#organization","name":"LE PUBLIC","url":"https:\/\/www.public.sn\/","logo":{"@type":"ImageObject","inLanguage":"fr-FR","@id":"https:\/\/www.public.sn\/#\/schema\/logo\/image\/","url":"https:\/\/www.public.sn\/wp-content\/uploads\/2024\/05\/cropped-LOGO-PUBLIC.SN_.png","contentUrl":"https:\/\/www.public.sn\/wp-content\/uploads\/2024\/05\/cropped-LOGO-PUBLIC.SN_.png","width":682,"height":192,"caption":"LE PUBLIC"},"image":{"@id":"https:\/\/www.public.sn\/#\/schema\/logo\/image\/"}},{"@type":"Person","@id":"https:\/\/www.public.sn\/#\/schema\/person\/cb76c8e1b8becc6be61fb5e92d6d0224","name":"LA REDACTION","image":{"@type":"ImageObject","inLanguage":"fr-FR","@id":"https:\/\/www.public.sn\/#\/schema\/person\/image\/","url":"https:\/\/secure.gravatar.com\/avatar\/2dce5ddd34b8fef0180efe03aa2a9bee7d953856048f9a16b298190a3178407c?s=96&d=mm&r=g","contentUrl":"https:\/\/secure.gravatar.com\/avatar\/2dce5ddd34b8fef0180efe03aa2a9bee7d953856048f9a16b298190a3178407c?s=96&d=mm&r=g","caption":"LA REDACTION"},"url":"https:\/\/www.public.sn\/index.php\/author\/editeurpsn\/"}]}},"jetpack_featured_media_url":"https:\/\/www.public.sn\/wp-content\/uploads\/2022\/11\/mimi-toure-a-touba.jpg","jetpack_sharing_enabled":true,"_links":{"self":[{"href":"https:\/\/www.public.sn\/index.php\/wp-json\/wp\/v2\/posts\/10414","targetHints":{"allow":["GET"]}}],"collection":[{"href":"https:\/\/www.public.sn\/index.php\/wp-json\/wp\/v2\/posts"}],"about":[{"href":"https:\/\/www.public.sn\/index.php\/wp-json\/wp\/v2\/types\/post"}],"author":[{"embeddable":true,"href":"https:\/\/www.public.sn\/index.php\/wp-json\/wp\/v2\/users\/7"}],"replies":[{"embeddable":true,"href":"https:\/\/www.public.sn\/index.php\/wp-json\/wp\/v2\/comments?post=10414"}],"version-history":[{"count":1,"href":"https:\/\/www.public.sn\/index.php\/wp-json\/wp\/v2\/posts\/10414\/revisions"}],"predecessor-version":[{"id":10416,"href":"https:\/\/www.public.sn\/index.php\/wp-json\/wp\/v2\/posts\/10414\/revisions\/10416"}],"wp:featuredmedia":[{"embeddable":true,"href":"https:\/\/www.public.sn\/index.php\/wp-json\/wp\/v2\/media\/10415"}],"wp:attachment":[{"href":"https:\/\/www.public.sn\/index.php\/wp-json\/wp\/v2\/media?parent=10414"}],"wp:term":[{"taxonomy":"category","embeddable":true,"href":"https:\/\/www.public.sn\/index.php\/wp-json\/wp\/v2\/categories?post=10414"},{"taxonomy":"post_tag","embeddable":true,"href":"https:\/\/www.public.sn\/index.php\/wp-json\/wp\/v2\/tags?post=10414"}],"curies":[{"name":"wp","href":"https:\/\/api.w.org\/{rel}","templated":true}]}}