{"id":1043,"date":"2022-08-31T21:52:57","date_gmt":"2022-08-31T19:52:57","guid":{"rendered":"https:\/\/www.public.sn\/?p=1043"},"modified":"2022-08-31T21:52:57","modified_gmt":"2022-08-31T19:52:57","slug":"le-chef-de-letat-macky-sall-a-recu-le-representant-du-bureau-des-nu-pour-lafrique-de-louest-et-le-sahel","status":"publish","type":"post","link":"https:\/\/www.public.sn\/index.php\/2022\/08\/31\/le-chef-de-letat-macky-sall-a-recu-le-representant-du-bureau-des-nu-pour-lafrique-de-louest-et-le-sahel\/","title":{"rendered":"Le Chef de l\u2019\u00c9tat Macky SALL a re\u00e7u le repr\u00e9sentant du bureau des NU pour l\u2019Afrique de l\u2019ouest et le Sahel."},"content":{"rendered":"\n<p>Le Pr\u00e9sident Macky SALL a re\u00e7u Annadif Khatir Mahamat Saleh, repr\u00e9sentant du bureau des NU pour l\u2019Afrique de l\u2019ouest et le Sahel. Ce, au lendemain de la c\u00e9l\u00e9bration du 20\u00e8me anniversaire du bureau de Dakar. Au menu des \u00e9changes, les questions relatives \u00e0 la paix, la s\u00e9curit\u00e9 et la stabilit\u00e9 dans cette r\u00e9gion, lit-on dans un communiqu\u00e9 de la Pr\u00e9sidence de la R\u00e9publique.<\/p><div class=\"publi-paragraphe1\" style=\"margin-top: 10px;margin-bottom: 10px;margin-left: auto;margin-right: auto;text-align: center;\" id=\"publi-3020411762\"><div class=\"publi-adlabel\">Publicit\u00e9<\/div><script async src=\"\/\/pagead2.googlesyndication.com\/pagead\/js\/adsbygoogle.js?client=ca-pub-4089586018074219\" crossorigin=\"anonymous\"><\/script><ins class=\"adsbygoogle\" style=\"display:block;\" data-ad-client=\"ca-pub-4089586018074219\" \ndata-ad-slot=\"2087940154\" \ndata-ad-format=\"auto\"><\/ins>\n<script> \n(adsbygoogle = window.adsbygoogle || []).push({}); \n<\/script>\n<\/div>\n<div class=\"publi-apres-le-contenu\" style=\"margin-top: 10px;margin-bottom: 10px;margin-left: auto;margin-right: auto;text-align: center;\" id=\"publi-2060417195\"><div class=\"publi-adlabel\">Publicit\u00e9<\/div><script async src=\"\/\/pagead2.googlesyndication.com\/pagead\/js\/adsbygoogle.js?client=ca-pub-4089586018074219\" crossorigin=\"anonymous\"><\/script><ins class=\"adsbygoogle\" style=\"display:block;\" data-ad-client=\"ca-pub-4089586018074219\" \ndata-ad-slot=\"2087940154\" \ndata-ad-format=\"auto\"><\/ins>\n<script> \n(adsbygoogle = window.adsbygoogle || []).push({}); \n<\/script>\n<\/div>","protected":false},"excerpt":{"rendered":"<p>Le Pr\u00e9sident Macky SALL a re\u00e7u Annadif Khatir Mahamat Saleh, repr\u00e9sentant du bureau des NU pour l\u2019Afrique de l\u2019ouest et le Sahel. Ce, au lendemain de la c\u00e9l\u00e9bration du 20\u00e8me anniversaire du bureau de Dakar. Au menu des \u00e9changes, les questions relatives \u00e0 la paix, la s\u00e9curit\u00e9 et la stabilit\u00e9 dans cette r\u00e9gion, lit-on dans un communiqu\u00e9 de la Pr\u00e9sidence de la R\u00e9publique.<\/p>\n","protected":false},"author":1,"featured_media":1044,"comment_status":"open","ping_status":"open","sticky":false,"template":"","format":"standard","meta":{"_jetpack_memberships_contains_paid_content":false,"footnotes":""},"categories":[375,9],"tags":[11,383,386,385,384],"class_list":["post-1043","post","type-post","status-publish","format-standard","has-post-thumbnail","hentry","category-actualites","category-communique","tag-macky-sall","tag-nations-unies","tag-paix-et-securite","tag-sahel","tag-saleh","entry","has-media","owp-thumbs-layout-horizontal","owp-btn-normal","owp-tabs-layout-horizontal","has-no-thumbnails","has-product-nav"],"yoast_head":"<!-- This site is optimized with the Yoast SEO plugin v25.5 - https:\/\/yoast.com\/wordpress\/plugins\/seo\/ -->\n<title>Le Chef de l\u2019\u00c9tat Macky SALL a re\u00e7u le repr\u00e9sentant du bureau des NU pour l\u2019Afrique de l\u2019ouest et le Sahel. - LE PUBLIC<\/title>\n<meta name=\"robots\" content=\"index, follow, max-snippet:-1, max-image-preview:large, max-video-preview:-1\" \/>\n<link rel=\"canonical\" href=\"https:\/\/www.public.sn\/index.php\/2022\/08\/31\/le-chef-de-letat-macky-sall-a-recu-le-representant-du-bureau-des-nu-pour-lafrique-de-louest-et-le-sahel\/\" \/>\n<meta property=\"og:locale\" content=\"fr_FR\" \/>\n<meta property=\"og:type\" content=\"article\" \/>\n<meta property=\"og:title\" content=\"Le Chef de l\u2019\u00c9tat Macky SALL a re\u00e7u le repr\u00e9sentant du bureau des NU pour l\u2019Afrique de l\u2019ouest et le Sahel. - LE PUBLIC\" \/>\n<meta property=\"og:description\" content=\"Le Pr\u00e9sident Macky SALL a re\u00e7u Annadif Khatir Mahamat Saleh, repr\u00e9sentant du bureau des NU pour l\u2019Afrique de l\u2019ouest et le Sahel. Ce, au lendemain de la c\u00e9l\u00e9bration du 20\u00e8me anniversaire du bureau de Dakar. Au menu des \u00e9changes, les questions relatives \u00e0 la paix, la s\u00e9curit\u00e9 et la stabilit\u00e9 dans cette r\u00e9gion, lit-on dans un communiqu\u00e9 de la Pr\u00e9sidence de la R\u00e9publique.\" \/>\n<meta property=\"og:url\" content=\"https:\/\/www.public.sn\/index.php\/2022\/08\/31\/le-chef-de-letat-macky-sall-a-recu-le-representant-du-bureau-des-nu-pour-lafrique-de-louest-et-le-sahel\/\" \/>\n<meta property=\"og:site_name\" content=\"LE PUBLIC\" \/>\n<meta property=\"article:published_time\" content=\"2022-08-31T19:52:57+00:00\" \/>\n<meta property=\"og:image\" content=\"https:\/\/www.public.sn\/wp-content\/uploads\/2022\/08\/E097DF44-0D04-421C-B3AC-F94D9CF874A2.webp\" \/>\n\t<meta property=\"og:image:width\" content=\"1024\" \/>\n\t<meta property=\"og:image:height\" content=\"651\" \/>\n\t<meta property=\"og:image:type\" content=\"image\/webp\" \/>\n<meta name=\"author\" content=\"LA REDACTION\" \/>\n<meta name=\"twitter:card\" content=\"summary_large_image\" \/>\n<meta name=\"twitter:label1\" content=\"\u00c9crit par\" \/>\n\t<meta name=\"twitter:data1\" content=\"LA REDACTION\" \/>\n\t<meta name=\"twitter:label2\" content=\"Dur\u00e9e de lecture estim\u00e9e\" \/>\n\t<meta name=\"twitter:data2\" content=\"1 minute\" \/>\n<script type=\"application\/ld+json\" class=\"yoast-schema-graph\">{\"@context\":\"https:\/\/schema.org\",\"@graph\":[{\"@type\":\"Article\",\"@id\":\"https:\/\/www.public.sn\/index.php\/2022\/08\/31\/le-chef-de-letat-macky-sall-a-recu-le-representant-du-bureau-des-nu-pour-lafrique-de-louest-et-le-sahel\/#article\",\"isPartOf\":{\"@id\":\"https:\/\/www.public.sn\/index.php\/2022\/08\/31\/le-chef-de-letat-macky-sall-a-recu-le-representant-du-bureau-des-nu-pour-lafrique-de-louest-et-le-sahel\/\"},\"author\":{\"name\":\"LA REDACTION\",\"@id\":\"https:\/\/www.public.sn\/#\/schema\/person\/e3f4a11b037d4203902db148f9bc8d5a\"},\"headline\":\"Le Chef de l\u2019\u00c9tat Macky SALL a re\u00e7u le repr\u00e9sentant du bureau des NU pour l\u2019Afrique de l\u2019ouest et le Sahel.\",\"datePublished\":\"2022-08-31T19:52:57+00:00\",\"mainEntityOfPage\":{\"@id\":\"https:\/\/www.public.sn\/index.php\/2022\/08\/31\/le-chef-de-letat-macky-sall-a-recu-le-representant-du-bureau-des-nu-pour-lafrique-de-louest-et-le-sahel\/\"},\"wordCount\":99,\"commentCount\":0,\"publisher\":{\"@id\":\"https:\/\/www.public.sn\/#organization\"},\"image\":{\"@id\":\"https:\/\/www.public.sn\/index.php\/2022\/08\/31\/le-chef-de-letat-macky-sall-a-recu-le-representant-du-bureau-des-nu-pour-lafrique-de-louest-et-le-sahel\/#primaryimage\"},\"thumbnailUrl\":\"https:\/\/www.public.sn\/wp-content\/uploads\/2022\/08\/E097DF44-0D04-421C-B3AC-F94D9CF874A2.webp\",\"keywords\":[\"Macky Sall\",\"Nations Unies\",\"Paix et S\u00e9curit\u00e9\",\"Sahel\",\"Saleh\"],\"articleSection\":[\"ACTUALIT\u00c9S\",\"COMMUNIQU\u00c9\"],\"inLanguage\":\"fr-FR\",\"potentialAction\":[{\"@type\":\"CommentAction\",\"name\":\"Comment\",\"target\":[\"https:\/\/www.public.sn\/index.php\/2022\/08\/31\/le-chef-de-letat-macky-sall-a-recu-le-representant-du-bureau-des-nu-pour-lafrique-de-louest-et-le-sahel\/#respond\"]}]},{\"@type\":\"WebPage\",\"@id\":\"https:\/\/www.public.sn\/index.php\/2022\/08\/31\/le-chef-de-letat-macky-sall-a-recu-le-representant-du-bureau-des-nu-pour-lafrique-de-louest-et-le-sahel\/\",\"url\":\"https:\/\/www.public.sn\/index.php\/2022\/08\/31\/le-chef-de-letat-macky-sall-a-recu-le-representant-du-bureau-des-nu-pour-lafrique-de-louest-et-le-sahel\/\",\"name\":\"Le Chef de l\u2019\u00c9tat Macky SALL a re\u00e7u le repr\u00e9sentant du bureau des NU pour l\u2019Afrique de l\u2019ouest et le Sahel. - LE PUBLIC\",\"isPartOf\":{\"@id\":\"https:\/\/www.public.sn\/#website\"},\"primaryImageOfPage\":{\"@id\":\"https:\/\/www.public.sn\/index.php\/2022\/08\/31\/le-chef-de-letat-macky-sall-a-recu-le-representant-du-bureau-des-nu-pour-lafrique-de-louest-et-le-sahel\/#primaryimage\"},\"image\":{\"@id\":\"https:\/\/www.public.sn\/index.php\/2022\/08\/31\/le-chef-de-letat-macky-sall-a-recu-le-representant-du-bureau-des-nu-pour-lafrique-de-louest-et-le-sahel\/#primaryimage\"},\"thumbnailUrl\":\"https:\/\/www.public.sn\/wp-content\/uploads\/2022\/08\/E097DF44-0D04-421C-B3AC-F94D9CF874A2.webp\",\"datePublished\":\"2022-08-31T19:52:57+00:00\",\"breadcrumb\":{\"@id\":\"https:\/\/www.public.sn\/index.php\/2022\/08\/31\/le-chef-de-letat-macky-sall-a-recu-le-representant-du-bureau-des-nu-pour-lafrique-de-louest-et-le-sahel\/#breadcrumb\"},\"inLanguage\":\"fr-FR\",\"potentialAction\":[{\"@type\":\"ReadAction\",\"target\":[\"https:\/\/www.public.sn\/index.php\/2022\/08\/31\/le-chef-de-letat-macky-sall-a-recu-le-representant-du-bureau-des-nu-pour-lafrique-de-louest-et-le-sahel\/\"]}]},{\"@type\":\"ImageObject\",\"inLanguage\":\"fr-FR\",\"@id\":\"https:\/\/www.public.sn\/index.php\/2022\/08\/31\/le-chef-de-letat-macky-sall-a-recu-le-representant-du-bureau-des-nu-pour-lafrique-de-louest-et-le-sahel\/#primaryimage\",\"url\":\"https:\/\/www.public.sn\/wp-content\/uploads\/2022\/08\/E097DF44-0D04-421C-B3AC-F94D9CF874A2.webp\",\"contentUrl\":\"https:\/\/www.public.sn\/wp-content\/uploads\/2022\/08\/E097DF44-0D04-421C-B3AC-F94D9CF874A2.webp\",\"width\":1024,\"height\":651},{\"@type\":\"BreadcrumbList\",\"@id\":\"https:\/\/www.public.sn\/index.php\/2022\/08\/31\/le-chef-de-letat-macky-sall-a-recu-le-representant-du-bureau-des-nu-pour-lafrique-de-louest-et-le-sahel\/#breadcrumb\",\"itemListElement\":[{\"@type\":\"ListItem\",\"position\":1,\"name\":\"Accueil\",\"item\":\"https:\/\/www.public.sn\/\"},{\"@type\":\"ListItem\",\"position\":2,\"name\":\"Le Chef de l\u2019\u00c9tat Macky SALL a re\u00e7u le repr\u00e9sentant du bureau des NU pour l\u2019Afrique de l\u2019ouest et le Sahel.\"}]},{\"@type\":\"WebSite\",\"@id\":\"https:\/\/www.public.sn\/#website\",\"url\":\"https:\/\/www.public.sn\/\",\"name\":\"LE PUBLIC\",\"description\":\"\",\"publisher\":{\"@id\":\"https:\/\/www.public.sn\/#organization\"},\"potentialAction\":[{\"@type\":\"SearchAction\",\"target\":{\"@type\":\"EntryPoint\",\"urlTemplate\":\"https:\/\/www.public.sn\/?s={search_term_string}\"},\"query-input\":{\"@type\":\"PropertyValueSpecification\",\"valueRequired\":true,\"valueName\":\"search_term_string\"}}],\"inLanguage\":\"fr-FR\"},{\"@type\":\"Organization\",\"@id\":\"https:\/\/www.public.sn\/#organization\",\"name\":\"LE PUBLIC\",\"url\":\"https:\/\/www.public.sn\/\",\"logo\":{\"@type\":\"ImageObject\",\"inLanguage\":\"fr-FR\",\"@id\":\"https:\/\/www.public.sn\/#\/schema\/logo\/image\/\",\"url\":\"https:\/\/www.public.sn\/wp-content\/uploads\/2024\/05\/cropped-LOGO-PUBLIC.SN_.png\",\"contentUrl\":\"https:\/\/www.public.sn\/wp-content\/uploads\/2024\/05\/cropped-LOGO-PUBLIC.SN_.png\",\"width\":682,\"height\":192,\"caption\":\"LE PUBLIC\"},\"image\":{\"@id\":\"https:\/\/www.public.sn\/#\/schema\/logo\/image\/\"}},{\"@type\":\"Person\",\"@id\":\"https:\/\/www.public.sn\/#\/schema\/person\/e3f4a11b037d4203902db148f9bc8d5a\",\"name\":\"LA REDACTION\",\"image\":{\"@type\":\"ImageObject\",\"inLanguage\":\"fr-FR\",\"@id\":\"https:\/\/www.public.sn\/#\/schema\/person\/image\/\",\"url\":\"https:\/\/secure.gravatar.com\/avatar\/d6c030db45db2883c075085c5d6c6258654a801a93766b49af0b82d4f454e2a5?s=96&d=mm&r=g\",\"contentUrl\":\"https:\/\/secure.gravatar.com\/avatar\/d6c030db45db2883c075085c5d6c6258654a801a93766b49af0b82d4f454e2a5?s=96&d=mm&r=g\",\"caption\":\"LA REDACTION\"},\"sameAs\":[\"http:\/\/www.public.sn\"],\"url\":\"https:\/\/www.public.sn\/index.php\/author\/admin7324\/\"}]}<\/script>\n<!-- \/ Yoast SEO plugin. -->","yoast_head_json":{"title":"Le Chef de l\u2019\u00c9tat Macky SALL a re\u00e7u le repr\u00e9sentant du bureau des NU pour l\u2019Afrique de l\u2019ouest et le Sahel. - LE PUBLIC","robots":{"index":"index","follow":"follow","max-snippet":"max-snippet:-1","max-image-preview":"max-image-preview:large","max-video-preview":"max-video-preview:-1"},"canonical":"https:\/\/www.public.sn\/index.php\/2022\/08\/31\/le-chef-de-letat-macky-sall-a-recu-le-representant-du-bureau-des-nu-pour-lafrique-de-louest-et-le-sahel\/","og_locale":"fr_FR","og_type":"article","og_title":"Le Chef de l\u2019\u00c9tat Macky SALL a re\u00e7u le repr\u00e9sentant du bureau des NU pour l\u2019Afrique de l\u2019ouest et le Sahel. - LE PUBLIC","og_description":"Le Pr\u00e9sident Macky SALL a re\u00e7u Annadif Khatir Mahamat Saleh, repr\u00e9sentant du bureau des NU pour l\u2019Afrique de l\u2019ouest et le Sahel. Ce, au lendemain de la c\u00e9l\u00e9bration du 20\u00e8me anniversaire du bureau de Dakar. Au menu des \u00e9changes, les questions relatives \u00e0 la paix, la s\u00e9curit\u00e9 et la stabilit\u00e9 dans cette r\u00e9gion, lit-on dans un communiqu\u00e9 de la Pr\u00e9sidence de la R\u00e9publique.","og_url":"https:\/\/www.public.sn\/index.php\/2022\/08\/31\/le-chef-de-letat-macky-sall-a-recu-le-representant-du-bureau-des-nu-pour-lafrique-de-louest-et-le-sahel\/","og_site_name":"LE PUBLIC","article_published_time":"2022-08-31T19:52:57+00:00","og_image":[{"width":1024,"height":651,"url":"https:\/\/www.public.sn\/wp-content\/uploads\/2022\/08\/E097DF44-0D04-421C-B3AC-F94D9CF874A2.webp","type":"image\/webp"}],"author":"LA REDACTION","twitter_card":"summary_large_image","twitter_misc":{"\u00c9crit par":"LA REDACTION","Dur\u00e9e de lecture estim\u00e9e":"1 minute"},"schema":{"@context":"https:\/\/schema.org","@graph":[{"@type":"Article","@id":"https:\/\/www.public.sn\/index.php\/2022\/08\/31\/le-chef-de-letat-macky-sall-a-recu-le-representant-du-bureau-des-nu-pour-lafrique-de-louest-et-le-sahel\/#article","isPartOf":{"@id":"https:\/\/www.public.sn\/index.php\/2022\/08\/31\/le-chef-de-letat-macky-sall-a-recu-le-representant-du-bureau-des-nu-pour-lafrique-de-louest-et-le-sahel\/"},"author":{"name":"LA REDACTION","@id":"https:\/\/www.public.sn\/#\/schema\/person\/e3f4a11b037d4203902db148f9bc8d5a"},"headline":"Le Chef de l\u2019\u00c9tat Macky SALL a re\u00e7u le repr\u00e9sentant du bureau des NU pour l\u2019Afrique de l\u2019ouest et le Sahel.","datePublished":"2022-08-31T19:52:57+00:00","mainEntityOfPage":{"@id":"https:\/\/www.public.sn\/index.php\/2022\/08\/31\/le-chef-de-letat-macky-sall-a-recu-le-representant-du-bureau-des-nu-pour-lafrique-de-louest-et-le-sahel\/"},"wordCount":99,"commentCount":0,"publisher":{"@id":"https:\/\/www.public.sn\/#organization"},"image":{"@id":"https:\/\/www.public.sn\/index.php\/2022\/08\/31\/le-chef-de-letat-macky-sall-a-recu-le-representant-du-bureau-des-nu-pour-lafrique-de-louest-et-le-sahel\/#primaryimage"},"thumbnailUrl":"https:\/\/www.public.sn\/wp-content\/uploads\/2022\/08\/E097DF44-0D04-421C-B3AC-F94D9CF874A2.webp","keywords":["Macky Sall","Nations Unies","Paix et S\u00e9curit\u00e9","Sahel","Saleh"],"articleSection":["ACTUALIT\u00c9S","COMMUNIQU\u00c9"],"inLanguage":"fr-FR","potentialAction":[{"@type":"CommentAction","name":"Comment","target":["https:\/\/www.public.sn\/index.php\/2022\/08\/31\/le-chef-de-letat-macky-sall-a-recu-le-representant-du-bureau-des-nu-pour-lafrique-de-louest-et-le-sahel\/#respond"]}]},{"@type":"WebPage","@id":"https:\/\/www.public.sn\/index.php\/2022\/08\/31\/le-chef-de-letat-macky-sall-a-recu-le-representant-du-bureau-des-nu-pour-lafrique-de-louest-et-le-sahel\/","url":"https:\/\/www.public.sn\/index.php\/2022\/08\/31\/le-chef-de-letat-macky-sall-a-recu-le-representant-du-bureau-des-nu-pour-lafrique-de-louest-et-le-sahel\/","name":"Le Chef de l\u2019\u00c9tat Macky SALL a re\u00e7u le repr\u00e9sentant du bureau des NU pour l\u2019Afrique de l\u2019ouest et le Sahel. - LE PUBLIC","isPartOf":{"@id":"https:\/\/www.public.sn\/#website"},"primaryImageOfPage":{"@id":"https:\/\/www.public.sn\/index.php\/2022\/08\/31\/le-chef-de-letat-macky-sall-a-recu-le-representant-du-bureau-des-nu-pour-lafrique-de-louest-et-le-sahel\/#primaryimage"},"image":{"@id":"https:\/\/www.public.sn\/index.php\/2022\/08\/31\/le-chef-de-letat-macky-sall-a-recu-le-representant-du-bureau-des-nu-pour-lafrique-de-louest-et-le-sahel\/#primaryimage"},"thumbnailUrl":"https:\/\/www.public.sn\/wp-content\/uploads\/2022\/08\/E097DF44-0D04-421C-B3AC-F94D9CF874A2.webp","datePublished":"2022-08-31T19:52:57+00:00","breadcrumb":{"@id":"https:\/\/www.public.sn\/index.php\/2022\/08\/31\/le-chef-de-letat-macky-sall-a-recu-le-representant-du-bureau-des-nu-pour-lafrique-de-louest-et-le-sahel\/#breadcrumb"},"inLanguage":"fr-FR","potentialAction":[{"@type":"ReadAction","target":["https:\/\/www.public.sn\/index.php\/2022\/08\/31\/le-chef-de-letat-macky-sall-a-recu-le-representant-du-bureau-des-nu-pour-lafrique-de-louest-et-le-sahel\/"]}]},{"@type":"ImageObject","inLanguage":"fr-FR","@id":"https:\/\/www.public.sn\/index.php\/2022\/08\/31\/le-chef-de-letat-macky-sall-a-recu-le-representant-du-bureau-des-nu-pour-lafrique-de-louest-et-le-sahel\/#primaryimage","url":"https:\/\/www.public.sn\/wp-content\/uploads\/2022\/08\/E097DF44-0D04-421C-B3AC-F94D9CF874A2.webp","contentUrl":"https:\/\/www.public.sn\/wp-content\/uploads\/2022\/08\/E097DF44-0D04-421C-B3AC-F94D9CF874A2.webp","width":1024,"height":651},{"@type":"BreadcrumbList","@id":"https:\/\/www.public.sn\/index.php\/2022\/08\/31\/le-chef-de-letat-macky-sall-a-recu-le-representant-du-bureau-des-nu-pour-lafrique-de-louest-et-le-sahel\/#breadcrumb","itemListElement":[{"@type":"ListItem","position":1,"name":"Accueil","item":"https:\/\/www.public.sn\/"},{"@type":"ListItem","position":2,"name":"Le Chef de l\u2019\u00c9tat Macky SALL a re\u00e7u le repr\u00e9sentant du bureau des NU pour l\u2019Afrique de l\u2019ouest et le Sahel."}]},{"@type":"WebSite","@id":"https:\/\/www.public.sn\/#website","url":"https:\/\/www.public.sn\/","name":"LE PUBLIC","description":"","publisher":{"@id":"https:\/\/www.public.sn\/#organization"},"potentialAction":[{"@type":"SearchAction","target":{"@type":"EntryPoint","urlTemplate":"https:\/\/www.public.sn\/?s={search_term_string}"},"query-input":{"@type":"PropertyValueSpecification","valueRequired":true,"valueName":"search_term_string"}}],"inLanguage":"fr-FR"},{"@type":"Organization","@id":"https:\/\/www.public.sn\/#organization","name":"LE PUBLIC","url":"https:\/\/www.public.sn\/","logo":{"@type":"ImageObject","inLanguage":"fr-FR","@id":"https:\/\/www.public.sn\/#\/schema\/logo\/image\/","url":"https:\/\/www.public.sn\/wp-content\/uploads\/2024\/05\/cropped-LOGO-PUBLIC.SN_.png","contentUrl":"https:\/\/www.public.sn\/wp-content\/uploads\/2024\/05\/cropped-LOGO-PUBLIC.SN_.png","width":682,"height":192,"caption":"LE PUBLIC"},"image":{"@id":"https:\/\/www.public.sn\/#\/schema\/logo\/image\/"}},{"@type":"Person","@id":"https:\/\/www.public.sn\/#\/schema\/person\/e3f4a11b037d4203902db148f9bc8d5a","name":"LA REDACTION","image":{"@type":"ImageObject","inLanguage":"fr-FR","@id":"https:\/\/www.public.sn\/#\/schema\/person\/image\/","url":"https:\/\/secure.gravatar.com\/avatar\/d6c030db45db2883c075085c5d6c6258654a801a93766b49af0b82d4f454e2a5?s=96&d=mm&r=g","contentUrl":"https:\/\/secure.gravatar.com\/avatar\/d6c030db45db2883c075085c5d6c6258654a801a93766b49af0b82d4f454e2a5?s=96&d=mm&r=g","caption":"LA REDACTION"},"sameAs":["http:\/\/www.public.sn"],"url":"https:\/\/www.public.sn\/index.php\/author\/admin7324\/"}]}},"jetpack_featured_media_url":"https:\/\/www.public.sn\/wp-content\/uploads\/2022\/08\/E097DF44-0D04-421C-B3AC-F94D9CF874A2.webp","jetpack_sharing_enabled":true,"_links":{"self":[{"href":"https:\/\/www.public.sn\/index.php\/wp-json\/wp\/v2\/posts\/1043","targetHints":{"allow":["GET"]}}],"collection":[{"href":"https:\/\/www.public.sn\/index.php\/wp-json\/wp\/v2\/posts"}],"about":[{"href":"https:\/\/www.public.sn\/index.php\/wp-json\/wp\/v2\/types\/post"}],"author":[{"embeddable":true,"href":"https:\/\/www.public.sn\/index.php\/wp-json\/wp\/v2\/users\/1"}],"replies":[{"embeddable":true,"href":"https:\/\/www.public.sn\/index.php\/wp-json\/wp\/v2\/comments?post=1043"}],"version-history":[{"count":1,"href":"https:\/\/www.public.sn\/index.php\/wp-json\/wp\/v2\/posts\/1043\/revisions"}],"predecessor-version":[{"id":1045,"href":"https:\/\/www.public.sn\/index.php\/wp-json\/wp\/v2\/posts\/1043\/revisions\/1045"}],"wp:featuredmedia":[{"embeddable":true,"href":"https:\/\/www.public.sn\/index.php\/wp-json\/wp\/v2\/media\/1044"}],"wp:attachment":[{"href":"https:\/\/www.public.sn\/index.php\/wp-json\/wp\/v2\/media?parent=1043"}],"wp:term":[{"taxonomy":"category","embeddable":true,"href":"https:\/\/www.public.sn\/index.php\/wp-json\/wp\/v2\/categories?post=1043"},{"taxonomy":"post_tag","embeddable":true,"href":"https:\/\/www.public.sn\/index.php\/wp-json\/wp\/v2\/tags?post=1043"}],"curies":[{"name":"wp","href":"https:\/\/api.w.org\/{rel}","templated":true}]}}