{"id":10468,"date":"2022-11-29T09:25:47","date_gmt":"2022-11-29T09:25:47","guid":{"rendered":"https:\/\/www.public.sn\/?p=10468"},"modified":"2022-11-29T09:25:49","modified_gmt":"2022-11-29T09:25:49","slug":"cheikh-cisse-place-sous-mandat-de-depot","status":"publish","type":"post","link":"https:\/\/www.public.sn\/index.php\/2022\/11\/29\/cheikh-cisse-place-sous-mandat-de-depot\/","title":{"rendered":"Cheikh Ciss\u00e9 plac\u00e9 sous mandat de d\u00e9p\u00f4t."},"content":{"rendered":"\n<p><\/p>\n\n\n\n<p>Le pr\u00eacheur Cheikh Ahmed Ciss\u00e9 a \u00e9t\u00e9 finalement plac\u00e9 sous mandat de d\u00e9p\u00f4t apr\u00e8s son audition devant le procureur de la R\u00e9publique. Il avait \u00e9t\u00e9 arr\u00eat\u00e9 suite \u00e0 une plainte de l\u2019ONG Jamra.<\/p><div class=\"publi-paragraphe1\" style=\"margin-top: 10px;margin-bottom: 10px;margin-left: auto;margin-right: auto;text-align: center;\" id=\"publi-3038055188\"><div class=\"publi-adlabel\">Publicit\u00e9<\/div><script async src=\"\/\/pagead2.googlesyndication.com\/pagead\/js\/adsbygoogle.js?client=ca-pub-4089586018074219\" crossorigin=\"anonymous\"><\/script><ins class=\"adsbygoogle\" style=\"display:block;\" data-ad-client=\"ca-pub-4089586018074219\" \ndata-ad-slot=\"2087940154\" \ndata-ad-format=\"auto\"><\/ins>\n<script> \n(adsbygoogle = window.adsbygoogle || []).push({}); \n<\/script>\n<\/div>\n\n\n\n<p><\/p>\n\n\n\n<p> Celle-ci avait jug\u00e9 que les propos de Cheikh Ciss\u00e9 \u00e9taient consid\u00e9r\u00e9s comme de la \u00ab\u00a0pornographie verbale\u00a0\u00bb et qu\u2019ils \u00e9taient contraires aux pr\u00e9ceptes de l\u2019Islam. Il avait \u00e9t\u00e9 entendu pour outrage \u00e0 la sacralit\u00e9 des lieux de culte. Dans une \u00e9mission t\u00e9l\u00e9vis\u00e9e, Cheikh Ciss\u00e9 avait affirmait que les pr\u00e9servatifs devaient \u00eatre distribu\u00e9s dans les mosqu\u00e9es. <\/p>\n\n\n\n<p><\/p>\n\n\n\n<p>Une sortie que certains imams avaient jug\u00e9 d\u2019offensants envers la religion. Le pr\u00eacheur a pass\u00e9 ainsi sa premi\u00e8re nuit en prison ce Lundi.<\/p>\n\n\n\n<p>.Samba SY.<\/p>\n<div class=\"publi-apres-le-contenu\" style=\"margin-top: 10px;margin-bottom: 10px;margin-left: auto;margin-right: auto;text-align: center;\" id=\"publi-2828571924\"><div class=\"publi-adlabel\">Publicit\u00e9<\/div><script async src=\"\/\/pagead2.googlesyndication.com\/pagead\/js\/adsbygoogle.js?client=ca-pub-4089586018074219\" crossorigin=\"anonymous\"><\/script><ins class=\"adsbygoogle\" style=\"display:block;\" data-ad-client=\"ca-pub-4089586018074219\" \ndata-ad-slot=\"2087940154\" \ndata-ad-format=\"auto\"><\/ins>\n<script> \n(adsbygoogle = window.adsbygoogle || []).push({}); \n<\/script>\n<\/div>","protected":false},"excerpt":{"rendered":"<p>Le pr\u00eacheur Cheikh Ahmed Ciss\u00e9 a \u00e9t\u00e9 finalement plac\u00e9 sous mandat de d\u00e9p\u00f4t apr\u00e8s son audition devant le procureur de la R\u00e9publique. Il avait \u00e9t\u00e9 arr\u00eat\u00e9 suite \u00e0 une plainte de l\u2019ONG Jamra. Celle-ci avait jug\u00e9 que les propos de Cheikh Ciss\u00e9 \u00e9taient consid\u00e9r\u00e9s comme de la \u00ab\u00a0pornographie verbale\u00a0\u00bb et qu\u2019ils \u00e9taient contraires aux pr\u00e9ceptes de l\u2019Islam. Il avait \u00e9t\u00e9 entendu pour outrage \u00e0 la sacralit\u00e9 des lieux de culte. Dans une \u00e9mission t\u00e9l\u00e9vis\u00e9e, Cheikh Ciss\u00e9 avait affirmait que les pr\u00e9servatifs devaient \u00eatre distribu\u00e9s dans les mosqu\u00e9es. Une sortie que certains imams avaient jug\u00e9 d\u2019offensants envers la religion. Le pr\u00eacheur a pass\u00e9 ainsi sa premi\u00e8re nuit en prison ce Lundi. .Samba SY.<\/p>\n","protected":false},"author":7,"featured_media":10469,"comment_status":"open","ping_status":"open","sticky":false,"template":"","format":"standard","meta":{"_jetpack_memberships_contains_paid_content":false,"footnotes":""},"categories":[375,1,4],"tags":[1887,2317,103],"class_list":["post-10468","post","type-post","status-publish","format-standard","has-post-thumbnail","hentry","category-actualites","category-non-classe","category-societe","tag-cheikh-cisse","tag-mandat-de-depot-3","tag-procureur","entry","has-media","owp-thumbs-layout-horizontal","owp-btn-normal","owp-tabs-layout-horizontal","has-no-thumbnails","has-product-nav"],"yoast_head":"<!-- This site is optimized with the Yoast SEO plugin v25.5 - https:\/\/yoast.com\/wordpress\/plugins\/seo\/ -->\n<title>Cheikh Ciss\u00e9 plac\u00e9 sous mandat de d\u00e9p\u00f4t. - LE PUBLIC<\/title>\n<meta name=\"robots\" content=\"index, follow, max-snippet:-1, max-image-preview:large, max-video-preview:-1\" \/>\n<link rel=\"canonical\" href=\"https:\/\/www.public.sn\/index.php\/2022\/11\/29\/cheikh-cisse-place-sous-mandat-de-depot\/\" \/>\n<meta property=\"og:locale\" content=\"fr_FR\" \/>\n<meta property=\"og:type\" content=\"article\" \/>\n<meta property=\"og:title\" content=\"Cheikh Ciss\u00e9 plac\u00e9 sous mandat de d\u00e9p\u00f4t. - LE PUBLIC\" \/>\n<meta property=\"og:description\" content=\"Le pr\u00eacheur Cheikh Ahmed Ciss\u00e9 a \u00e9t\u00e9 finalement plac\u00e9 sous mandat de d\u00e9p\u00f4t apr\u00e8s son audition devant le procureur de la R\u00e9publique. Il avait \u00e9t\u00e9 arr\u00eat\u00e9 suite \u00e0 une plainte de l\u2019ONG Jamra. Celle-ci avait jug\u00e9 que les propos de Cheikh Ciss\u00e9 \u00e9taient consid\u00e9r\u00e9s comme de la \u00ab\u00a0pornographie verbale\u00a0\u00bb et qu\u2019ils \u00e9taient contraires aux pr\u00e9ceptes de l\u2019Islam. Il avait \u00e9t\u00e9 entendu pour outrage \u00e0 la sacralit\u00e9 des lieux de culte. Dans une \u00e9mission t\u00e9l\u00e9vis\u00e9e, Cheikh Ciss\u00e9 avait affirmait que les pr\u00e9servatifs devaient \u00eatre distribu\u00e9s dans les mosqu\u00e9es. Une sortie que certains imams avaient jug\u00e9 d\u2019offensants envers la religion. Le pr\u00eacheur a pass\u00e9 ainsi sa premi\u00e8re nuit en prison ce Lundi. .Samba SY.\" \/>\n<meta property=\"og:url\" content=\"https:\/\/www.public.sn\/index.php\/2022\/11\/29\/cheikh-cisse-place-sous-mandat-de-depot\/\" \/>\n<meta property=\"og:site_name\" content=\"LE PUBLIC\" \/>\n<meta property=\"article:published_time\" content=\"2022-11-29T09:25:47+00:00\" \/>\n<meta property=\"article:modified_time\" content=\"2022-11-29T09:25:49+00:00\" \/>\n<meta property=\"og:image\" content=\"https:\/\/www.public.sn\/wp-content\/uploads\/2022\/11\/cheikh-cisse.png\" \/>\n\t<meta property=\"og:image:width\" content=\"612\" \/>\n\t<meta property=\"og:image:height\" content=\"298\" \/>\n\t<meta property=\"og:image:type\" content=\"image\/png\" \/>\n<meta name=\"author\" content=\"LA REDACTION\" \/>\n<meta name=\"twitter:card\" content=\"summary_large_image\" \/>\n<meta name=\"twitter:label1\" content=\"\u00c9crit par\" \/>\n\t<meta name=\"twitter:data1\" content=\"LA REDACTION\" \/>\n\t<meta name=\"twitter:label2\" content=\"Dur\u00e9e de lecture estim\u00e9e\" \/>\n\t<meta name=\"twitter:data2\" content=\"1 minute\" \/>\n<script type=\"application\/ld+json\" class=\"yoast-schema-graph\">{\"@context\":\"https:\/\/schema.org\",\"@graph\":[{\"@type\":\"Article\",\"@id\":\"https:\/\/www.public.sn\/index.php\/2022\/11\/29\/cheikh-cisse-place-sous-mandat-de-depot\/#article\",\"isPartOf\":{\"@id\":\"https:\/\/www.public.sn\/index.php\/2022\/11\/29\/cheikh-cisse-place-sous-mandat-de-depot\/\"},\"author\":{\"name\":\"LA REDACTION\",\"@id\":\"https:\/\/www.public.sn\/#\/schema\/person\/cb76c8e1b8becc6be61fb5e92d6d0224\"},\"headline\":\"Cheikh Ciss\u00e9 plac\u00e9 sous mandat de d\u00e9p\u00f4t.\",\"datePublished\":\"2022-11-29T09:25:47+00:00\",\"dateModified\":\"2022-11-29T09:25:49+00:00\",\"mainEntityOfPage\":{\"@id\":\"https:\/\/www.public.sn\/index.php\/2022\/11\/29\/cheikh-cisse-place-sous-mandat-de-depot\/\"},\"wordCount\":140,\"commentCount\":0,\"publisher\":{\"@id\":\"https:\/\/www.public.sn\/#organization\"},\"image\":{\"@id\":\"https:\/\/www.public.sn\/index.php\/2022\/11\/29\/cheikh-cisse-place-sous-mandat-de-depot\/#primaryimage\"},\"thumbnailUrl\":\"https:\/\/www.public.sn\/wp-content\/uploads\/2022\/11\/cheikh-cisse.png\",\"keywords\":[\"cheikh cisse\",\"mandat de depot\",\"Procureur\"],\"articleSection\":[\"ACTUALIT\u00c9S\",\"S\u00c9N\u00c9GAL\",\"SOCIETE\"],\"inLanguage\":\"fr-FR\",\"potentialAction\":[{\"@type\":\"CommentAction\",\"name\":\"Comment\",\"target\":[\"https:\/\/www.public.sn\/index.php\/2022\/11\/29\/cheikh-cisse-place-sous-mandat-de-depot\/#respond\"]}]},{\"@type\":\"WebPage\",\"@id\":\"https:\/\/www.public.sn\/index.php\/2022\/11\/29\/cheikh-cisse-place-sous-mandat-de-depot\/\",\"url\":\"https:\/\/www.public.sn\/index.php\/2022\/11\/29\/cheikh-cisse-place-sous-mandat-de-depot\/\",\"name\":\"Cheikh Ciss\u00e9 plac\u00e9 sous mandat de d\u00e9p\u00f4t. - LE PUBLIC\",\"isPartOf\":{\"@id\":\"https:\/\/www.public.sn\/#website\"},\"primaryImageOfPage\":{\"@id\":\"https:\/\/www.public.sn\/index.php\/2022\/11\/29\/cheikh-cisse-place-sous-mandat-de-depot\/#primaryimage\"},\"image\":{\"@id\":\"https:\/\/www.public.sn\/index.php\/2022\/11\/29\/cheikh-cisse-place-sous-mandat-de-depot\/#primaryimage\"},\"thumbnailUrl\":\"https:\/\/www.public.sn\/wp-content\/uploads\/2022\/11\/cheikh-cisse.png\",\"datePublished\":\"2022-11-29T09:25:47+00:00\",\"dateModified\":\"2022-11-29T09:25:49+00:00\",\"breadcrumb\":{\"@id\":\"https:\/\/www.public.sn\/index.php\/2022\/11\/29\/cheikh-cisse-place-sous-mandat-de-depot\/#breadcrumb\"},\"inLanguage\":\"fr-FR\",\"potentialAction\":[{\"@type\":\"ReadAction\",\"target\":[\"https:\/\/www.public.sn\/index.php\/2022\/11\/29\/cheikh-cisse-place-sous-mandat-de-depot\/\"]}]},{\"@type\":\"ImageObject\",\"inLanguage\":\"fr-FR\",\"@id\":\"https:\/\/www.public.sn\/index.php\/2022\/11\/29\/cheikh-cisse-place-sous-mandat-de-depot\/#primaryimage\",\"url\":\"https:\/\/www.public.sn\/wp-content\/uploads\/2022\/11\/cheikh-cisse.png\",\"contentUrl\":\"https:\/\/www.public.sn\/wp-content\/uploads\/2022\/11\/cheikh-cisse.png\",\"width\":612,\"height\":298,\"caption\":\"public sn\"},{\"@type\":\"BreadcrumbList\",\"@id\":\"https:\/\/www.public.sn\/index.php\/2022\/11\/29\/cheikh-cisse-place-sous-mandat-de-depot\/#breadcrumb\",\"itemListElement\":[{\"@type\":\"ListItem\",\"position\":1,\"name\":\"Accueil\",\"item\":\"https:\/\/www.public.sn\/\"},{\"@type\":\"ListItem\",\"position\":2,\"name\":\"Cheikh Ciss\u00e9 plac\u00e9 sous mandat de d\u00e9p\u00f4t.\"}]},{\"@type\":\"WebSite\",\"@id\":\"https:\/\/www.public.sn\/#website\",\"url\":\"https:\/\/www.public.sn\/\",\"name\":\"LE PUBLIC\",\"description\":\"\",\"publisher\":{\"@id\":\"https:\/\/www.public.sn\/#organization\"},\"potentialAction\":[{\"@type\":\"SearchAction\",\"target\":{\"@type\":\"EntryPoint\",\"urlTemplate\":\"https:\/\/www.public.sn\/?s={search_term_string}\"},\"query-input\":{\"@type\":\"PropertyValueSpecification\",\"valueRequired\":true,\"valueName\":\"search_term_string\"}}],\"inLanguage\":\"fr-FR\"},{\"@type\":\"Organization\",\"@id\":\"https:\/\/www.public.sn\/#organization\",\"name\":\"LE PUBLIC\",\"url\":\"https:\/\/www.public.sn\/\",\"logo\":{\"@type\":\"ImageObject\",\"inLanguage\":\"fr-FR\",\"@id\":\"https:\/\/www.public.sn\/#\/schema\/logo\/image\/\",\"url\":\"https:\/\/www.public.sn\/wp-content\/uploads\/2024\/05\/cropped-LOGO-PUBLIC.SN_.png\",\"contentUrl\":\"https:\/\/www.public.sn\/wp-content\/uploads\/2024\/05\/cropped-LOGO-PUBLIC.SN_.png\",\"width\":682,\"height\":192,\"caption\":\"LE PUBLIC\"},\"image\":{\"@id\":\"https:\/\/www.public.sn\/#\/schema\/logo\/image\/\"}},{\"@type\":\"Person\",\"@id\":\"https:\/\/www.public.sn\/#\/schema\/person\/cb76c8e1b8becc6be61fb5e92d6d0224\",\"name\":\"LA REDACTION\",\"image\":{\"@type\":\"ImageObject\",\"inLanguage\":\"fr-FR\",\"@id\":\"https:\/\/www.public.sn\/#\/schema\/person\/image\/\",\"url\":\"https:\/\/secure.gravatar.com\/avatar\/2dce5ddd34b8fef0180efe03aa2a9bee7d953856048f9a16b298190a3178407c?s=96&d=mm&r=g\",\"contentUrl\":\"https:\/\/secure.gravatar.com\/avatar\/2dce5ddd34b8fef0180efe03aa2a9bee7d953856048f9a16b298190a3178407c?s=96&d=mm&r=g\",\"caption\":\"LA REDACTION\"},\"url\":\"https:\/\/www.public.sn\/index.php\/author\/editeurpsn\/\"}]}<\/script>\n<!-- \/ Yoast SEO plugin. -->","yoast_head_json":{"title":"Cheikh Ciss\u00e9 plac\u00e9 sous mandat de d\u00e9p\u00f4t. - LE PUBLIC","robots":{"index":"index","follow":"follow","max-snippet":"max-snippet:-1","max-image-preview":"max-image-preview:large","max-video-preview":"max-video-preview:-1"},"canonical":"https:\/\/www.public.sn\/index.php\/2022\/11\/29\/cheikh-cisse-place-sous-mandat-de-depot\/","og_locale":"fr_FR","og_type":"article","og_title":"Cheikh Ciss\u00e9 plac\u00e9 sous mandat de d\u00e9p\u00f4t. - LE PUBLIC","og_description":"Le pr\u00eacheur Cheikh Ahmed Ciss\u00e9 a \u00e9t\u00e9 finalement plac\u00e9 sous mandat de d\u00e9p\u00f4t apr\u00e8s son audition devant le procureur de la R\u00e9publique. Il avait \u00e9t\u00e9 arr\u00eat\u00e9 suite \u00e0 une plainte de l\u2019ONG Jamra. Celle-ci avait jug\u00e9 que les propos de Cheikh Ciss\u00e9 \u00e9taient consid\u00e9r\u00e9s comme de la \u00ab\u00a0pornographie verbale\u00a0\u00bb et qu\u2019ils \u00e9taient contraires aux pr\u00e9ceptes de l\u2019Islam. Il avait \u00e9t\u00e9 entendu pour outrage \u00e0 la sacralit\u00e9 des lieux de culte. Dans une \u00e9mission t\u00e9l\u00e9vis\u00e9e, Cheikh Ciss\u00e9 avait affirmait que les pr\u00e9servatifs devaient \u00eatre distribu\u00e9s dans les mosqu\u00e9es. Une sortie que certains imams avaient jug\u00e9 d\u2019offensants envers la religion. Le pr\u00eacheur a pass\u00e9 ainsi sa premi\u00e8re nuit en prison ce Lundi. .Samba SY.","og_url":"https:\/\/www.public.sn\/index.php\/2022\/11\/29\/cheikh-cisse-place-sous-mandat-de-depot\/","og_site_name":"LE PUBLIC","article_published_time":"2022-11-29T09:25:47+00:00","article_modified_time":"2022-11-29T09:25:49+00:00","og_image":[{"width":612,"height":298,"url":"https:\/\/www.public.sn\/wp-content\/uploads\/2022\/11\/cheikh-cisse.png","type":"image\/png"}],"author":"LA REDACTION","twitter_card":"summary_large_image","twitter_misc":{"\u00c9crit par":"LA REDACTION","Dur\u00e9e de lecture estim\u00e9e":"1 minute"},"schema":{"@context":"https:\/\/schema.org","@graph":[{"@type":"Article","@id":"https:\/\/www.public.sn\/index.php\/2022\/11\/29\/cheikh-cisse-place-sous-mandat-de-depot\/#article","isPartOf":{"@id":"https:\/\/www.public.sn\/index.php\/2022\/11\/29\/cheikh-cisse-place-sous-mandat-de-depot\/"},"author":{"name":"LA REDACTION","@id":"https:\/\/www.public.sn\/#\/schema\/person\/cb76c8e1b8becc6be61fb5e92d6d0224"},"headline":"Cheikh Ciss\u00e9 plac\u00e9 sous mandat de d\u00e9p\u00f4t.","datePublished":"2022-11-29T09:25:47+00:00","dateModified":"2022-11-29T09:25:49+00:00","mainEntityOfPage":{"@id":"https:\/\/www.public.sn\/index.php\/2022\/11\/29\/cheikh-cisse-place-sous-mandat-de-depot\/"},"wordCount":140,"commentCount":0,"publisher":{"@id":"https:\/\/www.public.sn\/#organization"},"image":{"@id":"https:\/\/www.public.sn\/index.php\/2022\/11\/29\/cheikh-cisse-place-sous-mandat-de-depot\/#primaryimage"},"thumbnailUrl":"https:\/\/www.public.sn\/wp-content\/uploads\/2022\/11\/cheikh-cisse.png","keywords":["cheikh cisse","mandat de depot","Procureur"],"articleSection":["ACTUALIT\u00c9S","S\u00c9N\u00c9GAL","SOCIETE"],"inLanguage":"fr-FR","potentialAction":[{"@type":"CommentAction","name":"Comment","target":["https:\/\/www.public.sn\/index.php\/2022\/11\/29\/cheikh-cisse-place-sous-mandat-de-depot\/#respond"]}]},{"@type":"WebPage","@id":"https:\/\/www.public.sn\/index.php\/2022\/11\/29\/cheikh-cisse-place-sous-mandat-de-depot\/","url":"https:\/\/www.public.sn\/index.php\/2022\/11\/29\/cheikh-cisse-place-sous-mandat-de-depot\/","name":"Cheikh Ciss\u00e9 plac\u00e9 sous mandat de d\u00e9p\u00f4t. - LE PUBLIC","isPartOf":{"@id":"https:\/\/www.public.sn\/#website"},"primaryImageOfPage":{"@id":"https:\/\/www.public.sn\/index.php\/2022\/11\/29\/cheikh-cisse-place-sous-mandat-de-depot\/#primaryimage"},"image":{"@id":"https:\/\/www.public.sn\/index.php\/2022\/11\/29\/cheikh-cisse-place-sous-mandat-de-depot\/#primaryimage"},"thumbnailUrl":"https:\/\/www.public.sn\/wp-content\/uploads\/2022\/11\/cheikh-cisse.png","datePublished":"2022-11-29T09:25:47+00:00","dateModified":"2022-11-29T09:25:49+00:00","breadcrumb":{"@id":"https:\/\/www.public.sn\/index.php\/2022\/11\/29\/cheikh-cisse-place-sous-mandat-de-depot\/#breadcrumb"},"inLanguage":"fr-FR","potentialAction":[{"@type":"ReadAction","target":["https:\/\/www.public.sn\/index.php\/2022\/11\/29\/cheikh-cisse-place-sous-mandat-de-depot\/"]}]},{"@type":"ImageObject","inLanguage":"fr-FR","@id":"https:\/\/www.public.sn\/index.php\/2022\/11\/29\/cheikh-cisse-place-sous-mandat-de-depot\/#primaryimage","url":"https:\/\/www.public.sn\/wp-content\/uploads\/2022\/11\/cheikh-cisse.png","contentUrl":"https:\/\/www.public.sn\/wp-content\/uploads\/2022\/11\/cheikh-cisse.png","width":612,"height":298,"caption":"public sn"},{"@type":"BreadcrumbList","@id":"https:\/\/www.public.sn\/index.php\/2022\/11\/29\/cheikh-cisse-place-sous-mandat-de-depot\/#breadcrumb","itemListElement":[{"@type":"ListItem","position":1,"name":"Accueil","item":"https:\/\/www.public.sn\/"},{"@type":"ListItem","position":2,"name":"Cheikh Ciss\u00e9 plac\u00e9 sous mandat de d\u00e9p\u00f4t."}]},{"@type":"WebSite","@id":"https:\/\/www.public.sn\/#website","url":"https:\/\/www.public.sn\/","name":"LE PUBLIC","description":"","publisher":{"@id":"https:\/\/www.public.sn\/#organization"},"potentialAction":[{"@type":"SearchAction","target":{"@type":"EntryPoint","urlTemplate":"https:\/\/www.public.sn\/?s={search_term_string}"},"query-input":{"@type":"PropertyValueSpecification","valueRequired":true,"valueName":"search_term_string"}}],"inLanguage":"fr-FR"},{"@type":"Organization","@id":"https:\/\/www.public.sn\/#organization","name":"LE PUBLIC","url":"https:\/\/www.public.sn\/","logo":{"@type":"ImageObject","inLanguage":"fr-FR","@id":"https:\/\/www.public.sn\/#\/schema\/logo\/image\/","url":"https:\/\/www.public.sn\/wp-content\/uploads\/2024\/05\/cropped-LOGO-PUBLIC.SN_.png","contentUrl":"https:\/\/www.public.sn\/wp-content\/uploads\/2024\/05\/cropped-LOGO-PUBLIC.SN_.png","width":682,"height":192,"caption":"LE PUBLIC"},"image":{"@id":"https:\/\/www.public.sn\/#\/schema\/logo\/image\/"}},{"@type":"Person","@id":"https:\/\/www.public.sn\/#\/schema\/person\/cb76c8e1b8becc6be61fb5e92d6d0224","name":"LA REDACTION","image":{"@type":"ImageObject","inLanguage":"fr-FR","@id":"https:\/\/www.public.sn\/#\/schema\/person\/image\/","url":"https:\/\/secure.gravatar.com\/avatar\/2dce5ddd34b8fef0180efe03aa2a9bee7d953856048f9a16b298190a3178407c?s=96&d=mm&r=g","contentUrl":"https:\/\/secure.gravatar.com\/avatar\/2dce5ddd34b8fef0180efe03aa2a9bee7d953856048f9a16b298190a3178407c?s=96&d=mm&r=g","caption":"LA REDACTION"},"url":"https:\/\/www.public.sn\/index.php\/author\/editeurpsn\/"}]}},"jetpack_featured_media_url":"https:\/\/www.public.sn\/wp-content\/uploads\/2022\/11\/cheikh-cisse.png","jetpack_sharing_enabled":true,"_links":{"self":[{"href":"https:\/\/www.public.sn\/index.php\/wp-json\/wp\/v2\/posts\/10468","targetHints":{"allow":["GET"]}}],"collection":[{"href":"https:\/\/www.public.sn\/index.php\/wp-json\/wp\/v2\/posts"}],"about":[{"href":"https:\/\/www.public.sn\/index.php\/wp-json\/wp\/v2\/types\/post"}],"author":[{"embeddable":true,"href":"https:\/\/www.public.sn\/index.php\/wp-json\/wp\/v2\/users\/7"}],"replies":[{"embeddable":true,"href":"https:\/\/www.public.sn\/index.php\/wp-json\/wp\/v2\/comments?post=10468"}],"version-history":[{"count":2,"href":"https:\/\/www.public.sn\/index.php\/wp-json\/wp\/v2\/posts\/10468\/revisions"}],"predecessor-version":[{"id":10471,"href":"https:\/\/www.public.sn\/index.php\/wp-json\/wp\/v2\/posts\/10468\/revisions\/10471"}],"wp:featuredmedia":[{"embeddable":true,"href":"https:\/\/www.public.sn\/index.php\/wp-json\/wp\/v2\/media\/10469"}],"wp:attachment":[{"href":"https:\/\/www.public.sn\/index.php\/wp-json\/wp\/v2\/media?parent=10468"}],"wp:term":[{"taxonomy":"category","embeddable":true,"href":"https:\/\/www.public.sn\/index.php\/wp-json\/wp\/v2\/categories?post=10468"},{"taxonomy":"post_tag","embeddable":true,"href":"https:\/\/www.public.sn\/index.php\/wp-json\/wp\/v2\/tags?post=10468"}],"curies":[{"name":"wp","href":"https:\/\/api.w.org\/{rel}","templated":true}]}}