{"id":10480,"date":"2022-11-29T10:09:41","date_gmt":"2022-11-29T10:09:41","guid":{"rendered":"https:\/\/www.public.sn\/?p=10480"},"modified":"2022-11-29T12:10:47","modified_gmt":"2022-11-29T12:10:47","slug":"affaire-tchiky-la-garde-rapproche-de-sono-libre","status":"publish","type":"post","link":"https:\/\/www.public.sn\/index.php\/2022\/11\/29\/affaire-tchiky-la-garde-rapproche-de-sono-libre\/","title":{"rendered":"Affaire Tchiky\u00a0: La garde rapproch\u00e9e de Sonko libre."},"content":{"rendered":"\n<p><\/p>\n\n\n\n<p>Le verdict est tomb\u00e9 dans l\u2019affaire de la garde rapproch\u00e9e de Ousmane Sonko. Le tribunal a ainsi condamn\u00e9 Oumar Ndione \u00e0 2 mois de prison ferme pour avoir \u00e9t\u00e9 l\u2019instigateur des troubles lors de la visite du leader du Pastef \u00e0 Tchiky. <\/p><div class=\"publi-paragraphe1\" style=\"margin-top: 10px;margin-bottom: 10px;margin-left: auto;margin-right: auto;text-align: center;\" id=\"publi-246708303\"><div class=\"publi-adlabel\">Publicit\u00e9<\/div><script async src=\"\/\/pagead2.googlesyndication.com\/pagead\/js\/adsbygoogle.js?client=ca-pub-4089586018074219\" crossorigin=\"anonymous\"><\/script><ins class=\"adsbygoogle\" style=\"display:block;\" data-ad-client=\"ca-pub-4089586018074219\" \ndata-ad-slot=\"2087940154\" \ndata-ad-format=\"auto\"><\/ins>\n<script> \n(adsbygoogle = window.adsbygoogle || []).push({}); \n<\/script>\n<\/div>\n\n\n\n<p><\/p>\n\n\n\n<p>Les pr\u00e9venus Lamine Sonko, Lamine Diop et Diakhat\u00e9 Diop ont \u00e9cop\u00e9 d\u2019un mois de prison ferme pour le d\u00e9lit de coup et blessures volontaires. Toutefois le tribunal a d\u00e9cid\u00e9 de relaxer Modou Diop et Ibrahima Boye. Pour rappel, la garde rapproch\u00e9e de Ousmane Sonko avait \u00e9t\u00e9 arr\u00eat\u00e9e apr\u00e8s une plainte pour coups et blessures volontaires.<\/p>\n\n\n\n<p>Samba SY.<\/p>\n<div class=\"publi-apres-le-contenu\" style=\"margin-top: 10px;margin-bottom: 10px;margin-left: auto;margin-right: auto;text-align: center;\" id=\"publi-1516808790\"><div class=\"publi-adlabel\">Publicit\u00e9<\/div><script async src=\"\/\/pagead2.googlesyndication.com\/pagead\/js\/adsbygoogle.js?client=ca-pub-4089586018074219\" crossorigin=\"anonymous\"><\/script><ins class=\"adsbygoogle\" style=\"display:block;\" data-ad-client=\"ca-pub-4089586018074219\" \ndata-ad-slot=\"2087940154\" \ndata-ad-format=\"auto\"><\/ins>\n<script> \n(adsbygoogle = window.adsbygoogle || []).push({}); \n<\/script>\n<\/div>","protected":false},"excerpt":{"rendered":"<p>Le verdict est tomb\u00e9 dans l\u2019affaire de la garde rapproch\u00e9e de Ousmane Sonko. Le tribunal a ainsi condamn\u00e9 Oumar Ndione \u00e0 2 mois de prison ferme pour avoir \u00e9t\u00e9 l\u2019instigateur des troubles lors de la visite du leader du Pastef \u00e0 Tchiky. Les pr\u00e9venus Lamine Sonko, Lamine Diop et Diakhat\u00e9 Diop ont \u00e9cop\u00e9 d\u2019un mois de prison ferme pour le d\u00e9lit de coup et blessures volontaires. Toutefois le tribunal a d\u00e9cid\u00e9 de relaxer Modou Diop et Ibrahima Boye. Pour rappel, la garde rapproch\u00e9e de Ousmane Sonko avait \u00e9t\u00e9 arr\u00eat\u00e9e apr\u00e8s une plainte pour coups et blessures volontaires. Samba SY.<\/p>\n","protected":false},"author":7,"featured_media":10481,"comment_status":"open","ping_status":"open","sticky":false,"template":"","format":"standard","meta":{"_jetpack_memberships_contains_paid_content":false,"footnotes":""},"categories":[375,379,1,372],"tags":[2384,306,2224],"class_list":["post-10480","post","type-post","status-publish","format-standard","has-post-thumbnail","hentry","category-actualites","category-faits-divers","category-non-classe","category-vedette","tag-garde-rapprochee","tag-sonko","tag-tchiky","entry","has-media","owp-thumbs-layout-horizontal","owp-btn-normal","owp-tabs-layout-horizontal","has-no-thumbnails","has-product-nav"],"yoast_head":"<!-- This site is optimized with the Yoast SEO plugin v25.5 - https:\/\/yoast.com\/wordpress\/plugins\/seo\/ -->\n<title>Affaire Tchiky\u00a0: La garde rapproch\u00e9e de Sonko libre. - LE PUBLIC<\/title>\n<meta name=\"robots\" content=\"index, follow, max-snippet:-1, max-image-preview:large, max-video-preview:-1\" \/>\n<link rel=\"canonical\" href=\"https:\/\/www.public.sn\/index.php\/2022\/11\/29\/affaire-tchiky-la-garde-rapproche-de-sono-libre\/\" \/>\n<meta property=\"og:locale\" content=\"fr_FR\" \/>\n<meta property=\"og:type\" content=\"article\" \/>\n<meta property=\"og:title\" content=\"Affaire Tchiky\u00a0: La garde rapproch\u00e9e de Sonko libre. - LE PUBLIC\" \/>\n<meta property=\"og:description\" content=\"Le verdict est tomb\u00e9 dans l\u2019affaire de la garde rapproch\u00e9e de Ousmane Sonko. Le tribunal a ainsi condamn\u00e9 Oumar Ndione \u00e0 2 mois de prison ferme pour avoir \u00e9t\u00e9 l\u2019instigateur des troubles lors de la visite du leader du Pastef \u00e0 Tchiky. Les pr\u00e9venus Lamine Sonko, Lamine Diop et Diakhat\u00e9 Diop ont \u00e9cop\u00e9 d\u2019un mois de prison ferme pour le d\u00e9lit de coup et blessures volontaires. Toutefois le tribunal a d\u00e9cid\u00e9 de relaxer Modou Diop et Ibrahima Boye. Pour rappel, la garde rapproch\u00e9e de Ousmane Sonko avait \u00e9t\u00e9 arr\u00eat\u00e9e apr\u00e8s une plainte pour coups et blessures volontaires. Samba SY.\" \/>\n<meta property=\"og:url\" content=\"https:\/\/www.public.sn\/index.php\/2022\/11\/29\/affaire-tchiky-la-garde-rapproche-de-sono-libre\/\" \/>\n<meta property=\"og:site_name\" content=\"LE PUBLIC\" \/>\n<meta property=\"article:published_time\" content=\"2022-11-29T10:09:41+00:00\" \/>\n<meta property=\"article:modified_time\" content=\"2022-11-29T12:10:47+00:00\" \/>\n<meta property=\"og:image\" content=\"https:\/\/www.public.sn\/wp-content\/uploads\/2022\/11\/sonko-8.jpg\" \/>\n\t<meta property=\"og:image:width\" content=\"331\" \/>\n\t<meta property=\"og:image:height\" content=\"152\" \/>\n\t<meta property=\"og:image:type\" content=\"image\/jpeg\" \/>\n<meta name=\"author\" content=\"LA REDACTION\" \/>\n<meta name=\"twitter:card\" content=\"summary_large_image\" \/>\n<meta name=\"twitter:label1\" content=\"\u00c9crit par\" \/>\n\t<meta name=\"twitter:data1\" content=\"LA REDACTION\" \/>\n\t<meta name=\"twitter:label2\" content=\"Dur\u00e9e de lecture estim\u00e9e\" \/>\n\t<meta name=\"twitter:data2\" content=\"1 minute\" \/>\n<script type=\"application\/ld+json\" class=\"yoast-schema-graph\">{\"@context\":\"https:\/\/schema.org\",\"@graph\":[{\"@type\":\"Article\",\"@id\":\"https:\/\/www.public.sn\/index.php\/2022\/11\/29\/affaire-tchiky-la-garde-rapproche-de-sono-libre\/#article\",\"isPartOf\":{\"@id\":\"https:\/\/www.public.sn\/index.php\/2022\/11\/29\/affaire-tchiky-la-garde-rapproche-de-sono-libre\/\"},\"author\":{\"name\":\"LA REDACTION\",\"@id\":\"https:\/\/www.public.sn\/#\/schema\/person\/cb76c8e1b8becc6be61fb5e92d6d0224\"},\"headline\":\"Affaire Tchiky\u00a0: La garde rapproch\u00e9e de Sonko libre.\",\"datePublished\":\"2022-11-29T10:09:41+00:00\",\"dateModified\":\"2022-11-29T12:10:47+00:00\",\"mainEntityOfPage\":{\"@id\":\"https:\/\/www.public.sn\/index.php\/2022\/11\/29\/affaire-tchiky-la-garde-rapproche-de-sono-libre\/\"},\"wordCount\":116,\"commentCount\":0,\"publisher\":{\"@id\":\"https:\/\/www.public.sn\/#organization\"},\"image\":{\"@id\":\"https:\/\/www.public.sn\/index.php\/2022\/11\/29\/affaire-tchiky-la-garde-rapproche-de-sono-libre\/#primaryimage\"},\"thumbnailUrl\":\"https:\/\/www.public.sn\/wp-content\/uploads\/2022\/11\/sonko-8.jpg\",\"keywords\":[\"garde rapproch\u00e9e\",\"sonko\",\"tchiky\"],\"articleSection\":[\"ACTUALIT\u00c9S\",\"FAITS DIVERS\",\"S\u00c9N\u00c9GAL\",\"VEDETTE\"],\"inLanguage\":\"fr-FR\",\"potentialAction\":[{\"@type\":\"CommentAction\",\"name\":\"Comment\",\"target\":[\"https:\/\/www.public.sn\/index.php\/2022\/11\/29\/affaire-tchiky-la-garde-rapproche-de-sono-libre\/#respond\"]}]},{\"@type\":\"WebPage\",\"@id\":\"https:\/\/www.public.sn\/index.php\/2022\/11\/29\/affaire-tchiky-la-garde-rapproche-de-sono-libre\/\",\"url\":\"https:\/\/www.public.sn\/index.php\/2022\/11\/29\/affaire-tchiky-la-garde-rapproche-de-sono-libre\/\",\"name\":\"Affaire Tchiky\u00a0: La garde rapproch\u00e9e de Sonko libre. - LE PUBLIC\",\"isPartOf\":{\"@id\":\"https:\/\/www.public.sn\/#website\"},\"primaryImageOfPage\":{\"@id\":\"https:\/\/www.public.sn\/index.php\/2022\/11\/29\/affaire-tchiky-la-garde-rapproche-de-sono-libre\/#primaryimage\"},\"image\":{\"@id\":\"https:\/\/www.public.sn\/index.php\/2022\/11\/29\/affaire-tchiky-la-garde-rapproche-de-sono-libre\/#primaryimage\"},\"thumbnailUrl\":\"https:\/\/www.public.sn\/wp-content\/uploads\/2022\/11\/sonko-8.jpg\",\"datePublished\":\"2022-11-29T10:09:41+00:00\",\"dateModified\":\"2022-11-29T12:10:47+00:00\",\"breadcrumb\":{\"@id\":\"https:\/\/www.public.sn\/index.php\/2022\/11\/29\/affaire-tchiky-la-garde-rapproche-de-sono-libre\/#breadcrumb\"},\"inLanguage\":\"fr-FR\",\"potentialAction\":[{\"@type\":\"ReadAction\",\"target\":[\"https:\/\/www.public.sn\/index.php\/2022\/11\/29\/affaire-tchiky-la-garde-rapproche-de-sono-libre\/\"]}]},{\"@type\":\"ImageObject\",\"inLanguage\":\"fr-FR\",\"@id\":\"https:\/\/www.public.sn\/index.php\/2022\/11\/29\/affaire-tchiky-la-garde-rapproche-de-sono-libre\/#primaryimage\",\"url\":\"https:\/\/www.public.sn\/wp-content\/uploads\/2022\/11\/sonko-8.jpg\",\"contentUrl\":\"https:\/\/www.public.sn\/wp-content\/uploads\/2022\/11\/sonko-8.jpg\",\"width\":331,\"height\":152,\"caption\":\"publicsn\"},{\"@type\":\"BreadcrumbList\",\"@id\":\"https:\/\/www.public.sn\/index.php\/2022\/11\/29\/affaire-tchiky-la-garde-rapproche-de-sono-libre\/#breadcrumb\",\"itemListElement\":[{\"@type\":\"ListItem\",\"position\":1,\"name\":\"Accueil\",\"item\":\"https:\/\/www.public.sn\/\"},{\"@type\":\"ListItem\",\"position\":2,\"name\":\"Affaire Tchiky\u00a0: La garde rapproch\u00e9e de Sonko libre.\"}]},{\"@type\":\"WebSite\",\"@id\":\"https:\/\/www.public.sn\/#website\",\"url\":\"https:\/\/www.public.sn\/\",\"name\":\"LE PUBLIC\",\"description\":\"\",\"publisher\":{\"@id\":\"https:\/\/www.public.sn\/#organization\"},\"potentialAction\":[{\"@type\":\"SearchAction\",\"target\":{\"@type\":\"EntryPoint\",\"urlTemplate\":\"https:\/\/www.public.sn\/?s={search_term_string}\"},\"query-input\":{\"@type\":\"PropertyValueSpecification\",\"valueRequired\":true,\"valueName\":\"search_term_string\"}}],\"inLanguage\":\"fr-FR\"},{\"@type\":\"Organization\",\"@id\":\"https:\/\/www.public.sn\/#organization\",\"name\":\"LE PUBLIC\",\"url\":\"https:\/\/www.public.sn\/\",\"logo\":{\"@type\":\"ImageObject\",\"inLanguage\":\"fr-FR\",\"@id\":\"https:\/\/www.public.sn\/#\/schema\/logo\/image\/\",\"url\":\"https:\/\/www.public.sn\/wp-content\/uploads\/2024\/05\/cropped-LOGO-PUBLIC.SN_.png\",\"contentUrl\":\"https:\/\/www.public.sn\/wp-content\/uploads\/2024\/05\/cropped-LOGO-PUBLIC.SN_.png\",\"width\":682,\"height\":192,\"caption\":\"LE PUBLIC\"},\"image\":{\"@id\":\"https:\/\/www.public.sn\/#\/schema\/logo\/image\/\"}},{\"@type\":\"Person\",\"@id\":\"https:\/\/www.public.sn\/#\/schema\/person\/cb76c8e1b8becc6be61fb5e92d6d0224\",\"name\":\"LA REDACTION\",\"image\":{\"@type\":\"ImageObject\",\"inLanguage\":\"fr-FR\",\"@id\":\"https:\/\/www.public.sn\/#\/schema\/person\/image\/\",\"url\":\"https:\/\/secure.gravatar.com\/avatar\/2dce5ddd34b8fef0180efe03aa2a9bee7d953856048f9a16b298190a3178407c?s=96&d=mm&r=g\",\"contentUrl\":\"https:\/\/secure.gravatar.com\/avatar\/2dce5ddd34b8fef0180efe03aa2a9bee7d953856048f9a16b298190a3178407c?s=96&d=mm&r=g\",\"caption\":\"LA REDACTION\"},\"url\":\"https:\/\/www.public.sn\/index.php\/author\/editeurpsn\/\"}]}<\/script>\n<!-- \/ Yoast SEO plugin. -->","yoast_head_json":{"title":"Affaire Tchiky\u00a0: La garde rapproch\u00e9e de Sonko libre. - LE PUBLIC","robots":{"index":"index","follow":"follow","max-snippet":"max-snippet:-1","max-image-preview":"max-image-preview:large","max-video-preview":"max-video-preview:-1"},"canonical":"https:\/\/www.public.sn\/index.php\/2022\/11\/29\/affaire-tchiky-la-garde-rapproche-de-sono-libre\/","og_locale":"fr_FR","og_type":"article","og_title":"Affaire Tchiky\u00a0: La garde rapproch\u00e9e de Sonko libre. - LE PUBLIC","og_description":"Le verdict est tomb\u00e9 dans l\u2019affaire de la garde rapproch\u00e9e de Ousmane Sonko. Le tribunal a ainsi condamn\u00e9 Oumar Ndione \u00e0 2 mois de prison ferme pour avoir \u00e9t\u00e9 l\u2019instigateur des troubles lors de la visite du leader du Pastef \u00e0 Tchiky. Les pr\u00e9venus Lamine Sonko, Lamine Diop et Diakhat\u00e9 Diop ont \u00e9cop\u00e9 d\u2019un mois de prison ferme pour le d\u00e9lit de coup et blessures volontaires. Toutefois le tribunal a d\u00e9cid\u00e9 de relaxer Modou Diop et Ibrahima Boye. Pour rappel, la garde rapproch\u00e9e de Ousmane Sonko avait \u00e9t\u00e9 arr\u00eat\u00e9e apr\u00e8s une plainte pour coups et blessures volontaires. Samba SY.","og_url":"https:\/\/www.public.sn\/index.php\/2022\/11\/29\/affaire-tchiky-la-garde-rapproche-de-sono-libre\/","og_site_name":"LE PUBLIC","article_published_time":"2022-11-29T10:09:41+00:00","article_modified_time":"2022-11-29T12:10:47+00:00","og_image":[{"width":331,"height":152,"url":"https:\/\/www.public.sn\/wp-content\/uploads\/2022\/11\/sonko-8.jpg","type":"image\/jpeg"}],"author":"LA REDACTION","twitter_card":"summary_large_image","twitter_misc":{"\u00c9crit par":"LA REDACTION","Dur\u00e9e de lecture estim\u00e9e":"1 minute"},"schema":{"@context":"https:\/\/schema.org","@graph":[{"@type":"Article","@id":"https:\/\/www.public.sn\/index.php\/2022\/11\/29\/affaire-tchiky-la-garde-rapproche-de-sono-libre\/#article","isPartOf":{"@id":"https:\/\/www.public.sn\/index.php\/2022\/11\/29\/affaire-tchiky-la-garde-rapproche-de-sono-libre\/"},"author":{"name":"LA REDACTION","@id":"https:\/\/www.public.sn\/#\/schema\/person\/cb76c8e1b8becc6be61fb5e92d6d0224"},"headline":"Affaire Tchiky\u00a0: La garde rapproch\u00e9e de Sonko libre.","datePublished":"2022-11-29T10:09:41+00:00","dateModified":"2022-11-29T12:10:47+00:00","mainEntityOfPage":{"@id":"https:\/\/www.public.sn\/index.php\/2022\/11\/29\/affaire-tchiky-la-garde-rapproche-de-sono-libre\/"},"wordCount":116,"commentCount":0,"publisher":{"@id":"https:\/\/www.public.sn\/#organization"},"image":{"@id":"https:\/\/www.public.sn\/index.php\/2022\/11\/29\/affaire-tchiky-la-garde-rapproche-de-sono-libre\/#primaryimage"},"thumbnailUrl":"https:\/\/www.public.sn\/wp-content\/uploads\/2022\/11\/sonko-8.jpg","keywords":["garde rapproch\u00e9e","sonko","tchiky"],"articleSection":["ACTUALIT\u00c9S","FAITS DIVERS","S\u00c9N\u00c9GAL","VEDETTE"],"inLanguage":"fr-FR","potentialAction":[{"@type":"CommentAction","name":"Comment","target":["https:\/\/www.public.sn\/index.php\/2022\/11\/29\/affaire-tchiky-la-garde-rapproche-de-sono-libre\/#respond"]}]},{"@type":"WebPage","@id":"https:\/\/www.public.sn\/index.php\/2022\/11\/29\/affaire-tchiky-la-garde-rapproche-de-sono-libre\/","url":"https:\/\/www.public.sn\/index.php\/2022\/11\/29\/affaire-tchiky-la-garde-rapproche-de-sono-libre\/","name":"Affaire Tchiky\u00a0: La garde rapproch\u00e9e de Sonko libre. - LE PUBLIC","isPartOf":{"@id":"https:\/\/www.public.sn\/#website"},"primaryImageOfPage":{"@id":"https:\/\/www.public.sn\/index.php\/2022\/11\/29\/affaire-tchiky-la-garde-rapproche-de-sono-libre\/#primaryimage"},"image":{"@id":"https:\/\/www.public.sn\/index.php\/2022\/11\/29\/affaire-tchiky-la-garde-rapproche-de-sono-libre\/#primaryimage"},"thumbnailUrl":"https:\/\/www.public.sn\/wp-content\/uploads\/2022\/11\/sonko-8.jpg","datePublished":"2022-11-29T10:09:41+00:00","dateModified":"2022-11-29T12:10:47+00:00","breadcrumb":{"@id":"https:\/\/www.public.sn\/index.php\/2022\/11\/29\/affaire-tchiky-la-garde-rapproche-de-sono-libre\/#breadcrumb"},"inLanguage":"fr-FR","potentialAction":[{"@type":"ReadAction","target":["https:\/\/www.public.sn\/index.php\/2022\/11\/29\/affaire-tchiky-la-garde-rapproche-de-sono-libre\/"]}]},{"@type":"ImageObject","inLanguage":"fr-FR","@id":"https:\/\/www.public.sn\/index.php\/2022\/11\/29\/affaire-tchiky-la-garde-rapproche-de-sono-libre\/#primaryimage","url":"https:\/\/www.public.sn\/wp-content\/uploads\/2022\/11\/sonko-8.jpg","contentUrl":"https:\/\/www.public.sn\/wp-content\/uploads\/2022\/11\/sonko-8.jpg","width":331,"height":152,"caption":"publicsn"},{"@type":"BreadcrumbList","@id":"https:\/\/www.public.sn\/index.php\/2022\/11\/29\/affaire-tchiky-la-garde-rapproche-de-sono-libre\/#breadcrumb","itemListElement":[{"@type":"ListItem","position":1,"name":"Accueil","item":"https:\/\/www.public.sn\/"},{"@type":"ListItem","position":2,"name":"Affaire Tchiky\u00a0: La garde rapproch\u00e9e de Sonko libre."}]},{"@type":"WebSite","@id":"https:\/\/www.public.sn\/#website","url":"https:\/\/www.public.sn\/","name":"LE PUBLIC","description":"","publisher":{"@id":"https:\/\/www.public.sn\/#organization"},"potentialAction":[{"@type":"SearchAction","target":{"@type":"EntryPoint","urlTemplate":"https:\/\/www.public.sn\/?s={search_term_string}"},"query-input":{"@type":"PropertyValueSpecification","valueRequired":true,"valueName":"search_term_string"}}],"inLanguage":"fr-FR"},{"@type":"Organization","@id":"https:\/\/www.public.sn\/#organization","name":"LE PUBLIC","url":"https:\/\/www.public.sn\/","logo":{"@type":"ImageObject","inLanguage":"fr-FR","@id":"https:\/\/www.public.sn\/#\/schema\/logo\/image\/","url":"https:\/\/www.public.sn\/wp-content\/uploads\/2024\/05\/cropped-LOGO-PUBLIC.SN_.png","contentUrl":"https:\/\/www.public.sn\/wp-content\/uploads\/2024\/05\/cropped-LOGO-PUBLIC.SN_.png","width":682,"height":192,"caption":"LE PUBLIC"},"image":{"@id":"https:\/\/www.public.sn\/#\/schema\/logo\/image\/"}},{"@type":"Person","@id":"https:\/\/www.public.sn\/#\/schema\/person\/cb76c8e1b8becc6be61fb5e92d6d0224","name":"LA REDACTION","image":{"@type":"ImageObject","inLanguage":"fr-FR","@id":"https:\/\/www.public.sn\/#\/schema\/person\/image\/","url":"https:\/\/secure.gravatar.com\/avatar\/2dce5ddd34b8fef0180efe03aa2a9bee7d953856048f9a16b298190a3178407c?s=96&d=mm&r=g","contentUrl":"https:\/\/secure.gravatar.com\/avatar\/2dce5ddd34b8fef0180efe03aa2a9bee7d953856048f9a16b298190a3178407c?s=96&d=mm&r=g","caption":"LA REDACTION"},"url":"https:\/\/www.public.sn\/index.php\/author\/editeurpsn\/"}]}},"jetpack_featured_media_url":"https:\/\/www.public.sn\/wp-content\/uploads\/2022\/11\/sonko-8.jpg","jetpack_sharing_enabled":true,"_links":{"self":[{"href":"https:\/\/www.public.sn\/index.php\/wp-json\/wp\/v2\/posts\/10480","targetHints":{"allow":["GET"]}}],"collection":[{"href":"https:\/\/www.public.sn\/index.php\/wp-json\/wp\/v2\/posts"}],"about":[{"href":"https:\/\/www.public.sn\/index.php\/wp-json\/wp\/v2\/types\/post"}],"author":[{"embeddable":true,"href":"https:\/\/www.public.sn\/index.php\/wp-json\/wp\/v2\/users\/7"}],"replies":[{"embeddable":true,"href":"https:\/\/www.public.sn\/index.php\/wp-json\/wp\/v2\/comments?post=10480"}],"version-history":[{"count":4,"href":"https:\/\/www.public.sn\/index.php\/wp-json\/wp\/v2\/posts\/10480\/revisions"}],"predecessor-version":[{"id":10491,"href":"https:\/\/www.public.sn\/index.php\/wp-json\/wp\/v2\/posts\/10480\/revisions\/10491"}],"wp:featuredmedia":[{"embeddable":true,"href":"https:\/\/www.public.sn\/index.php\/wp-json\/wp\/v2\/media\/10481"}],"wp:attachment":[{"href":"https:\/\/www.public.sn\/index.php\/wp-json\/wp\/v2\/media?parent=10480"}],"wp:term":[{"taxonomy":"category","embeddable":true,"href":"https:\/\/www.public.sn\/index.php\/wp-json\/wp\/v2\/categories?post=10480"},{"taxonomy":"post_tag","embeddable":true,"href":"https:\/\/www.public.sn\/index.php\/wp-json\/wp\/v2\/tags?post=10480"}],"curies":[{"name":"wp","href":"https:\/\/api.w.org\/{rel}","templated":true}]}}