{"id":10522,"date":"2022-11-29T14:15:33","date_gmt":"2022-11-29T14:15:33","guid":{"rendered":"https:\/\/www.public.sn\/?p=10522"},"modified":"2022-11-29T14:15:35","modified_gmt":"2022-11-29T14:15:35","slug":"qatar-la-tension-monte-dans-lequipe-de-la-belgique","status":"publish","type":"post","link":"https:\/\/www.public.sn\/index.php\/2022\/11\/29\/qatar-la-tension-monte-dans-lequipe-de-la-belgique\/","title":{"rendered":"Qatar\u00a0: La tension monte dans l\u2019\u00e9quipe de la Belgique."},"content":{"rendered":"\n<p><\/p>\n\n\n\n<p>La suite d\u2019une d\u00e9faite \u00a0est souvent tr\u00e8s difficile. Et l\u2019\u00e9quipe de la Belgique semble en faire les frais apr\u00e8s sa d\u00e9convenue contre le Maroc sur la marque de 2 buts \u00e0 0. En effet la presse belge avance que des altercations se sont produites entre \u00a0Eden Hazard, Kevin De Bruyne et Jan Vertonghen dans le vestiaire selon RMC.<\/p><div class=\"publi-paragraphe1\" style=\"margin-top: 10px;margin-bottom: 10px;margin-left: auto;margin-right: auto;text-align: center;\" id=\"publi-3055360148\"><div class=\"publi-adlabel\">Publicit\u00e9<\/div><script async src=\"\/\/pagead2.googlesyndication.com\/pagead\/js\/adsbygoogle.js?client=ca-pub-4089586018074219\" crossorigin=\"anonymous\"><\/script><ins class=\"adsbygoogle\" style=\"display:block;\" data-ad-client=\"ca-pub-4089586018074219\" \ndata-ad-slot=\"2087940154\" \ndata-ad-format=\"auto\"><\/ins>\n<script> \n(adsbygoogle = window.adsbygoogle || []).push({}); \n<\/script>\n<\/div>\n\n\n\n<p><\/p>\n\n\n\n<p>Le d\u00e9fenseur n\u2019aurait pas du tout appr\u00e9ci\u00e9 les critiques publiques sur la lenteur de l\u2019arri\u00e8re-garde. Romelu Lukaku aurait s\u00e9par\u00e9 Vertonghen et Hazard, Kevin De Bruyne aurait affirm\u00e9 que la Belgique ne m\u00e9rite pas d\u2019\u00eatre \u00e0 la coupe du monde encore de la gagner et que l\u2019\u00e9quipe est vieillissante. Des remarques qui n\u2019ont pas \u00e9t\u00e9 du gout de certains de ses co\u00e9quipiers.<\/p>\n\n\n\n<p>&nbsp;Samba SY.<\/p>\n<div class=\"publi-apres-le-contenu\" style=\"margin-top: 10px;margin-bottom: 10px;margin-left: auto;margin-right: auto;text-align: center;\" id=\"publi-4214911699\"><div class=\"publi-adlabel\">Publicit\u00e9<\/div><script async src=\"\/\/pagead2.googlesyndication.com\/pagead\/js\/adsbygoogle.js?client=ca-pub-4089586018074219\" crossorigin=\"anonymous\"><\/script><ins class=\"adsbygoogle\" style=\"display:block;\" data-ad-client=\"ca-pub-4089586018074219\" \ndata-ad-slot=\"2087940154\" \ndata-ad-format=\"auto\"><\/ins>\n<script> \n(adsbygoogle = window.adsbygoogle || []).push({}); \n<\/script>\n<\/div>","protected":false},"excerpt":{"rendered":"<p>La suite d\u2019une d\u00e9faite \u00a0est souvent tr\u00e8s difficile. Et l\u2019\u00e9quipe de la Belgique semble en faire les frais apr\u00e8s sa d\u00e9convenue contre le Maroc sur la marque de 2 buts \u00e0 0. En effet la presse belge avance que des altercations se sont produites entre \u00a0Eden Hazard, Kevin De Bruyne et Jan Vertonghen dans le vestiaire selon RMC. Le d\u00e9fenseur n\u2019aurait pas du tout appr\u00e9ci\u00e9 les critiques publiques sur la lenteur de l\u2019arri\u00e8re-garde. Romelu Lukaku aurait s\u00e9par\u00e9 Vertonghen et Hazard, Kevin De Bruyne aurait affirm\u00e9 que la Belgique ne m\u00e9rite pas d\u2019\u00eatre \u00e0 la coupe du monde encore de la gagner et que l\u2019\u00e9quipe est vieillissante. Des remarques qui n\u2019ont pas \u00e9t\u00e9 du gout de certains de ses co\u00e9quipiers. &nbsp;Samba SY.<\/p>\n","protected":false},"author":7,"featured_media":10523,"comment_status":"open","ping_status":"open","sticky":false,"template":"","format":"standard","meta":{"_jetpack_memberships_contains_paid_content":false,"footnotes":""},"categories":[375,550,3412,7],"tags":[2650,3481,3480],"class_list":["post-10522","post","type-post","status-publish","format-standard","has-post-thumbnail","hentry","category-actualites","category-afrique-monde","category-football","category-sport","tag-belgique","tag-critique","tag-tension","entry","has-media","owp-thumbs-layout-horizontal","owp-btn-normal","owp-tabs-layout-horizontal","has-no-thumbnails","has-product-nav"],"yoast_head":"<!-- This site is optimized with the Yoast SEO plugin v25.5 - https:\/\/yoast.com\/wordpress\/plugins\/seo\/ -->\n<title>Qatar\u00a0: La tension monte dans l\u2019\u00e9quipe de la Belgique. - LE PUBLIC<\/title>\n<meta name=\"robots\" content=\"index, follow, max-snippet:-1, max-image-preview:large, max-video-preview:-1\" \/>\n<link rel=\"canonical\" href=\"https:\/\/www.public.sn\/index.php\/2022\/11\/29\/qatar-la-tension-monte-dans-lequipe-de-la-belgique\/\" \/>\n<meta property=\"og:locale\" content=\"fr_FR\" \/>\n<meta property=\"og:type\" content=\"article\" \/>\n<meta property=\"og:title\" content=\"Qatar\u00a0: La tension monte dans l\u2019\u00e9quipe de la Belgique. - LE PUBLIC\" \/>\n<meta property=\"og:description\" content=\"La suite d\u2019une d\u00e9faite \u00a0est souvent tr\u00e8s difficile. Et l\u2019\u00e9quipe de la Belgique semble en faire les frais apr\u00e8s sa d\u00e9convenue contre le Maroc sur la marque de 2 buts \u00e0 0. En effet la presse belge avance que des altercations se sont produites entre \u00a0Eden Hazard, Kevin De Bruyne et Jan Vertonghen dans le vestiaire selon RMC. Le d\u00e9fenseur n\u2019aurait pas du tout appr\u00e9ci\u00e9 les critiques publiques sur la lenteur de l\u2019arri\u00e8re-garde. Romelu Lukaku aurait s\u00e9par\u00e9 Vertonghen et Hazard, Kevin De Bruyne aurait affirm\u00e9 que la Belgique ne m\u00e9rite pas d\u2019\u00eatre \u00e0 la coupe du monde encore de la gagner et que l\u2019\u00e9quipe est vieillissante. Des remarques qui n\u2019ont pas \u00e9t\u00e9 du gout de certains de ses co\u00e9quipiers. &nbsp;Samba SY.\" \/>\n<meta property=\"og:url\" content=\"https:\/\/www.public.sn\/index.php\/2022\/11\/29\/qatar-la-tension-monte-dans-lequipe-de-la-belgique\/\" \/>\n<meta property=\"og:site_name\" content=\"LE PUBLIC\" \/>\n<meta property=\"article:published_time\" content=\"2022-11-29T14:15:33+00:00\" \/>\n<meta property=\"article:modified_time\" content=\"2022-11-29T14:15:35+00:00\" \/>\n<meta property=\"og:image\" content=\"https:\/\/www.public.sn\/wp-content\/uploads\/2022\/11\/belgique.webp\" \/>\n\t<meta property=\"og:image:width\" content=\"780\" \/>\n\t<meta property=\"og:image:height\" content=\"470\" \/>\n\t<meta property=\"og:image:type\" content=\"image\/webp\" \/>\n<meta name=\"author\" content=\"LA REDACTION\" \/>\n<meta name=\"twitter:card\" content=\"summary_large_image\" \/>\n<meta name=\"twitter:label1\" content=\"\u00c9crit par\" \/>\n\t<meta name=\"twitter:data1\" content=\"LA REDACTION\" \/>\n\t<meta name=\"twitter:label2\" content=\"Dur\u00e9e de lecture estim\u00e9e\" \/>\n\t<meta name=\"twitter:data2\" content=\"1 minute\" \/>\n<script type=\"application\/ld+json\" class=\"yoast-schema-graph\">{\"@context\":\"https:\/\/schema.org\",\"@graph\":[{\"@type\":\"Article\",\"@id\":\"https:\/\/www.public.sn\/index.php\/2022\/11\/29\/qatar-la-tension-monte-dans-lequipe-de-la-belgique\/#article\",\"isPartOf\":{\"@id\":\"https:\/\/www.public.sn\/index.php\/2022\/11\/29\/qatar-la-tension-monte-dans-lequipe-de-la-belgique\/\"},\"author\":{\"name\":\"LA REDACTION\",\"@id\":\"https:\/\/www.public.sn\/#\/schema\/person\/cb76c8e1b8becc6be61fb5e92d6d0224\"},\"headline\":\"Qatar\u00a0: La tension monte dans l\u2019\u00e9quipe de la Belgique.\",\"datePublished\":\"2022-11-29T14:15:33+00:00\",\"dateModified\":\"2022-11-29T14:15:35+00:00\",\"mainEntityOfPage\":{\"@id\":\"https:\/\/www.public.sn\/index.php\/2022\/11\/29\/qatar-la-tension-monte-dans-lequipe-de-la-belgique\/\"},\"wordCount\":145,\"commentCount\":0,\"publisher\":{\"@id\":\"https:\/\/www.public.sn\/#organization\"},\"image\":{\"@id\":\"https:\/\/www.public.sn\/index.php\/2022\/11\/29\/qatar-la-tension-monte-dans-lequipe-de-la-belgique\/#primaryimage\"},\"thumbnailUrl\":\"https:\/\/www.public.sn\/wp-content\/uploads\/2022\/11\/belgique.webp\",\"keywords\":[\"belgique\",\"critique\",\"tension\"],\"articleSection\":[\"ACTUALIT\u00c9S\",\"AFRIQUE &amp; MONDE\",\"FOOTBALL\",\"SPORTS\"],\"inLanguage\":\"fr-FR\",\"potentialAction\":[{\"@type\":\"CommentAction\",\"name\":\"Comment\",\"target\":[\"https:\/\/www.public.sn\/index.php\/2022\/11\/29\/qatar-la-tension-monte-dans-lequipe-de-la-belgique\/#respond\"]}]},{\"@type\":\"WebPage\",\"@id\":\"https:\/\/www.public.sn\/index.php\/2022\/11\/29\/qatar-la-tension-monte-dans-lequipe-de-la-belgique\/\",\"url\":\"https:\/\/www.public.sn\/index.php\/2022\/11\/29\/qatar-la-tension-monte-dans-lequipe-de-la-belgique\/\",\"name\":\"Qatar\u00a0: La tension monte dans l\u2019\u00e9quipe de la Belgique. - LE PUBLIC\",\"isPartOf\":{\"@id\":\"https:\/\/www.public.sn\/#website\"},\"primaryImageOfPage\":{\"@id\":\"https:\/\/www.public.sn\/index.php\/2022\/11\/29\/qatar-la-tension-monte-dans-lequipe-de-la-belgique\/#primaryimage\"},\"image\":{\"@id\":\"https:\/\/www.public.sn\/index.php\/2022\/11\/29\/qatar-la-tension-monte-dans-lequipe-de-la-belgique\/#primaryimage\"},\"thumbnailUrl\":\"https:\/\/www.public.sn\/wp-content\/uploads\/2022\/11\/belgique.webp\",\"datePublished\":\"2022-11-29T14:15:33+00:00\",\"dateModified\":\"2022-11-29T14:15:35+00:00\",\"breadcrumb\":{\"@id\":\"https:\/\/www.public.sn\/index.php\/2022\/11\/29\/qatar-la-tension-monte-dans-lequipe-de-la-belgique\/#breadcrumb\"},\"inLanguage\":\"fr-FR\",\"potentialAction\":[{\"@type\":\"ReadAction\",\"target\":[\"https:\/\/www.public.sn\/index.php\/2022\/11\/29\/qatar-la-tension-monte-dans-lequipe-de-la-belgique\/\"]}]},{\"@type\":\"ImageObject\",\"inLanguage\":\"fr-FR\",\"@id\":\"https:\/\/www.public.sn\/index.php\/2022\/11\/29\/qatar-la-tension-monte-dans-lequipe-de-la-belgique\/#primaryimage\",\"url\":\"https:\/\/www.public.sn\/wp-content\/uploads\/2022\/11\/belgique.webp\",\"contentUrl\":\"https:\/\/www.public.sn\/wp-content\/uploads\/2022\/11\/belgique.webp\",\"width\":780,\"height\":470,\"caption\":\"publicsn\"},{\"@type\":\"BreadcrumbList\",\"@id\":\"https:\/\/www.public.sn\/index.php\/2022\/11\/29\/qatar-la-tension-monte-dans-lequipe-de-la-belgique\/#breadcrumb\",\"itemListElement\":[{\"@type\":\"ListItem\",\"position\":1,\"name\":\"Accueil\",\"item\":\"https:\/\/www.public.sn\/\"},{\"@type\":\"ListItem\",\"position\":2,\"name\":\"Qatar\u00a0: La tension monte dans l\u2019\u00e9quipe de la Belgique.\"}]},{\"@type\":\"WebSite\",\"@id\":\"https:\/\/www.public.sn\/#website\",\"url\":\"https:\/\/www.public.sn\/\",\"name\":\"LE PUBLIC\",\"description\":\"\",\"publisher\":{\"@id\":\"https:\/\/www.public.sn\/#organization\"},\"potentialAction\":[{\"@type\":\"SearchAction\",\"target\":{\"@type\":\"EntryPoint\",\"urlTemplate\":\"https:\/\/www.public.sn\/?s={search_term_string}\"},\"query-input\":{\"@type\":\"PropertyValueSpecification\",\"valueRequired\":true,\"valueName\":\"search_term_string\"}}],\"inLanguage\":\"fr-FR\"},{\"@type\":\"Organization\",\"@id\":\"https:\/\/www.public.sn\/#organization\",\"name\":\"LE PUBLIC\",\"url\":\"https:\/\/www.public.sn\/\",\"logo\":{\"@type\":\"ImageObject\",\"inLanguage\":\"fr-FR\",\"@id\":\"https:\/\/www.public.sn\/#\/schema\/logo\/image\/\",\"url\":\"https:\/\/www.public.sn\/wp-content\/uploads\/2024\/05\/cropped-LOGO-PUBLIC.SN_.png\",\"contentUrl\":\"https:\/\/www.public.sn\/wp-content\/uploads\/2024\/05\/cropped-LOGO-PUBLIC.SN_.png\",\"width\":682,\"height\":192,\"caption\":\"LE PUBLIC\"},\"image\":{\"@id\":\"https:\/\/www.public.sn\/#\/schema\/logo\/image\/\"}},{\"@type\":\"Person\",\"@id\":\"https:\/\/www.public.sn\/#\/schema\/person\/cb76c8e1b8becc6be61fb5e92d6d0224\",\"name\":\"LA REDACTION\",\"image\":{\"@type\":\"ImageObject\",\"inLanguage\":\"fr-FR\",\"@id\":\"https:\/\/www.public.sn\/#\/schema\/person\/image\/\",\"url\":\"https:\/\/secure.gravatar.com\/avatar\/2dce5ddd34b8fef0180efe03aa2a9bee7d953856048f9a16b298190a3178407c?s=96&d=mm&r=g\",\"contentUrl\":\"https:\/\/secure.gravatar.com\/avatar\/2dce5ddd34b8fef0180efe03aa2a9bee7d953856048f9a16b298190a3178407c?s=96&d=mm&r=g\",\"caption\":\"LA REDACTION\"},\"url\":\"https:\/\/www.public.sn\/index.php\/author\/editeurpsn\/\"}]}<\/script>\n<!-- \/ Yoast SEO plugin. -->","yoast_head_json":{"title":"Qatar\u00a0: La tension monte dans l\u2019\u00e9quipe de la Belgique. - LE PUBLIC","robots":{"index":"index","follow":"follow","max-snippet":"max-snippet:-1","max-image-preview":"max-image-preview:large","max-video-preview":"max-video-preview:-1"},"canonical":"https:\/\/www.public.sn\/index.php\/2022\/11\/29\/qatar-la-tension-monte-dans-lequipe-de-la-belgique\/","og_locale":"fr_FR","og_type":"article","og_title":"Qatar\u00a0: La tension monte dans l\u2019\u00e9quipe de la Belgique. - LE PUBLIC","og_description":"La suite d\u2019une d\u00e9faite \u00a0est souvent tr\u00e8s difficile. Et l\u2019\u00e9quipe de la Belgique semble en faire les frais apr\u00e8s sa d\u00e9convenue contre le Maroc sur la marque de 2 buts \u00e0 0. En effet la presse belge avance que des altercations se sont produites entre \u00a0Eden Hazard, Kevin De Bruyne et Jan Vertonghen dans le vestiaire selon RMC. Le d\u00e9fenseur n\u2019aurait pas du tout appr\u00e9ci\u00e9 les critiques publiques sur la lenteur de l\u2019arri\u00e8re-garde. Romelu Lukaku aurait s\u00e9par\u00e9 Vertonghen et Hazard, Kevin De Bruyne aurait affirm\u00e9 que la Belgique ne m\u00e9rite pas d\u2019\u00eatre \u00e0 la coupe du monde encore de la gagner et que l\u2019\u00e9quipe est vieillissante. Des remarques qui n\u2019ont pas \u00e9t\u00e9 du gout de certains de ses co\u00e9quipiers. &nbsp;Samba SY.","og_url":"https:\/\/www.public.sn\/index.php\/2022\/11\/29\/qatar-la-tension-monte-dans-lequipe-de-la-belgique\/","og_site_name":"LE PUBLIC","article_published_time":"2022-11-29T14:15:33+00:00","article_modified_time":"2022-11-29T14:15:35+00:00","og_image":[{"width":780,"height":470,"url":"https:\/\/www.public.sn\/wp-content\/uploads\/2022\/11\/belgique.webp","type":"image\/webp"}],"author":"LA REDACTION","twitter_card":"summary_large_image","twitter_misc":{"\u00c9crit par":"LA REDACTION","Dur\u00e9e de lecture estim\u00e9e":"1 minute"},"schema":{"@context":"https:\/\/schema.org","@graph":[{"@type":"Article","@id":"https:\/\/www.public.sn\/index.php\/2022\/11\/29\/qatar-la-tension-monte-dans-lequipe-de-la-belgique\/#article","isPartOf":{"@id":"https:\/\/www.public.sn\/index.php\/2022\/11\/29\/qatar-la-tension-monte-dans-lequipe-de-la-belgique\/"},"author":{"name":"LA REDACTION","@id":"https:\/\/www.public.sn\/#\/schema\/person\/cb76c8e1b8becc6be61fb5e92d6d0224"},"headline":"Qatar\u00a0: La tension monte dans l\u2019\u00e9quipe de la Belgique.","datePublished":"2022-11-29T14:15:33+00:00","dateModified":"2022-11-29T14:15:35+00:00","mainEntityOfPage":{"@id":"https:\/\/www.public.sn\/index.php\/2022\/11\/29\/qatar-la-tension-monte-dans-lequipe-de-la-belgique\/"},"wordCount":145,"commentCount":0,"publisher":{"@id":"https:\/\/www.public.sn\/#organization"},"image":{"@id":"https:\/\/www.public.sn\/index.php\/2022\/11\/29\/qatar-la-tension-monte-dans-lequipe-de-la-belgique\/#primaryimage"},"thumbnailUrl":"https:\/\/www.public.sn\/wp-content\/uploads\/2022\/11\/belgique.webp","keywords":["belgique","critique","tension"],"articleSection":["ACTUALIT\u00c9S","AFRIQUE &amp; MONDE","FOOTBALL","SPORTS"],"inLanguage":"fr-FR","potentialAction":[{"@type":"CommentAction","name":"Comment","target":["https:\/\/www.public.sn\/index.php\/2022\/11\/29\/qatar-la-tension-monte-dans-lequipe-de-la-belgique\/#respond"]}]},{"@type":"WebPage","@id":"https:\/\/www.public.sn\/index.php\/2022\/11\/29\/qatar-la-tension-monte-dans-lequipe-de-la-belgique\/","url":"https:\/\/www.public.sn\/index.php\/2022\/11\/29\/qatar-la-tension-monte-dans-lequipe-de-la-belgique\/","name":"Qatar\u00a0: La tension monte dans l\u2019\u00e9quipe de la Belgique. - LE PUBLIC","isPartOf":{"@id":"https:\/\/www.public.sn\/#website"},"primaryImageOfPage":{"@id":"https:\/\/www.public.sn\/index.php\/2022\/11\/29\/qatar-la-tension-monte-dans-lequipe-de-la-belgique\/#primaryimage"},"image":{"@id":"https:\/\/www.public.sn\/index.php\/2022\/11\/29\/qatar-la-tension-monte-dans-lequipe-de-la-belgique\/#primaryimage"},"thumbnailUrl":"https:\/\/www.public.sn\/wp-content\/uploads\/2022\/11\/belgique.webp","datePublished":"2022-11-29T14:15:33+00:00","dateModified":"2022-11-29T14:15:35+00:00","breadcrumb":{"@id":"https:\/\/www.public.sn\/index.php\/2022\/11\/29\/qatar-la-tension-monte-dans-lequipe-de-la-belgique\/#breadcrumb"},"inLanguage":"fr-FR","potentialAction":[{"@type":"ReadAction","target":["https:\/\/www.public.sn\/index.php\/2022\/11\/29\/qatar-la-tension-monte-dans-lequipe-de-la-belgique\/"]}]},{"@type":"ImageObject","inLanguage":"fr-FR","@id":"https:\/\/www.public.sn\/index.php\/2022\/11\/29\/qatar-la-tension-monte-dans-lequipe-de-la-belgique\/#primaryimage","url":"https:\/\/www.public.sn\/wp-content\/uploads\/2022\/11\/belgique.webp","contentUrl":"https:\/\/www.public.sn\/wp-content\/uploads\/2022\/11\/belgique.webp","width":780,"height":470,"caption":"publicsn"},{"@type":"BreadcrumbList","@id":"https:\/\/www.public.sn\/index.php\/2022\/11\/29\/qatar-la-tension-monte-dans-lequipe-de-la-belgique\/#breadcrumb","itemListElement":[{"@type":"ListItem","position":1,"name":"Accueil","item":"https:\/\/www.public.sn\/"},{"@type":"ListItem","position":2,"name":"Qatar\u00a0: La tension monte dans l\u2019\u00e9quipe de la Belgique."}]},{"@type":"WebSite","@id":"https:\/\/www.public.sn\/#website","url":"https:\/\/www.public.sn\/","name":"LE PUBLIC","description":"","publisher":{"@id":"https:\/\/www.public.sn\/#organization"},"potentialAction":[{"@type":"SearchAction","target":{"@type":"EntryPoint","urlTemplate":"https:\/\/www.public.sn\/?s={search_term_string}"},"query-input":{"@type":"PropertyValueSpecification","valueRequired":true,"valueName":"search_term_string"}}],"inLanguage":"fr-FR"},{"@type":"Organization","@id":"https:\/\/www.public.sn\/#organization","name":"LE PUBLIC","url":"https:\/\/www.public.sn\/","logo":{"@type":"ImageObject","inLanguage":"fr-FR","@id":"https:\/\/www.public.sn\/#\/schema\/logo\/image\/","url":"https:\/\/www.public.sn\/wp-content\/uploads\/2024\/05\/cropped-LOGO-PUBLIC.SN_.png","contentUrl":"https:\/\/www.public.sn\/wp-content\/uploads\/2024\/05\/cropped-LOGO-PUBLIC.SN_.png","width":682,"height":192,"caption":"LE PUBLIC"},"image":{"@id":"https:\/\/www.public.sn\/#\/schema\/logo\/image\/"}},{"@type":"Person","@id":"https:\/\/www.public.sn\/#\/schema\/person\/cb76c8e1b8becc6be61fb5e92d6d0224","name":"LA REDACTION","image":{"@type":"ImageObject","inLanguage":"fr-FR","@id":"https:\/\/www.public.sn\/#\/schema\/person\/image\/","url":"https:\/\/secure.gravatar.com\/avatar\/2dce5ddd34b8fef0180efe03aa2a9bee7d953856048f9a16b298190a3178407c?s=96&d=mm&r=g","contentUrl":"https:\/\/secure.gravatar.com\/avatar\/2dce5ddd34b8fef0180efe03aa2a9bee7d953856048f9a16b298190a3178407c?s=96&d=mm&r=g","caption":"LA REDACTION"},"url":"https:\/\/www.public.sn\/index.php\/author\/editeurpsn\/"}]}},"jetpack_featured_media_url":"https:\/\/www.public.sn\/wp-content\/uploads\/2022\/11\/belgique.webp","jetpack_sharing_enabled":true,"_links":{"self":[{"href":"https:\/\/www.public.sn\/index.php\/wp-json\/wp\/v2\/posts\/10522","targetHints":{"allow":["GET"]}}],"collection":[{"href":"https:\/\/www.public.sn\/index.php\/wp-json\/wp\/v2\/posts"}],"about":[{"href":"https:\/\/www.public.sn\/index.php\/wp-json\/wp\/v2\/types\/post"}],"author":[{"embeddable":true,"href":"https:\/\/www.public.sn\/index.php\/wp-json\/wp\/v2\/users\/7"}],"replies":[{"embeddable":true,"href":"https:\/\/www.public.sn\/index.php\/wp-json\/wp\/v2\/comments?post=10522"}],"version-history":[{"count":2,"href":"https:\/\/www.public.sn\/index.php\/wp-json\/wp\/v2\/posts\/10522\/revisions"}],"predecessor-version":[{"id":10525,"href":"https:\/\/www.public.sn\/index.php\/wp-json\/wp\/v2\/posts\/10522\/revisions\/10525"}],"wp:featuredmedia":[{"embeddable":true,"href":"https:\/\/www.public.sn\/index.php\/wp-json\/wp\/v2\/media\/10523"}],"wp:attachment":[{"href":"https:\/\/www.public.sn\/index.php\/wp-json\/wp\/v2\/media?parent=10522"}],"wp:term":[{"taxonomy":"category","embeddable":true,"href":"https:\/\/www.public.sn\/index.php\/wp-json\/wp\/v2\/categories?post=10522"},{"taxonomy":"post_tag","embeddable":true,"href":"https:\/\/www.public.sn\/index.php\/wp-json\/wp\/v2\/tags?post=10522"}],"curies":[{"name":"wp","href":"https:\/\/api.w.org\/{rel}","templated":true}]}}