{"id":10545,"date":"2022-11-29T18:09:19","date_gmt":"2022-11-29T18:09:19","guid":{"rendered":"https:\/\/www.public.sn\/?p=10545"},"modified":"2022-11-29T18:09:21","modified_gmt":"2022-11-29T18:09:21","slug":"macky-sall-cest-immense","status":"publish","type":"post","link":"https:\/\/www.public.sn\/index.php\/2022\/11\/29\/macky-sall-cest-immense\/","title":{"rendered":"Macky Sall : \u00ab\u00a0C&rsquo;est immense\u00a0\u00bb"},"content":{"rendered":"\n<p><\/p>\n\n\n\n<p>Le pr\u00e9sident de la R\u00e9publique a magnifi\u00e9 la victoire du S\u00e9n\u00e9gal sur l\u2019Equateur. Pour lui c\u2019\u00e9tait tout simplement IMMENSE.<\/p><div class=\"publi-paragraphe1\" style=\"margin-top: 10px;margin-bottom: 10px;margin-left: auto;margin-right: auto;text-align: center;\" id=\"publi-1020580887\"><div class=\"publi-adlabel\">Publicit\u00e9<\/div><script async src=\"\/\/pagead2.googlesyndication.com\/pagead\/js\/adsbygoogle.js?client=ca-pub-4089586018074219\" crossorigin=\"anonymous\"><\/script><ins class=\"adsbygoogle\" style=\"display:block;\" data-ad-client=\"ca-pub-4089586018074219\" \ndata-ad-slot=\"2087940154\" \ndata-ad-format=\"auto\"><\/ins>\n<script> \n(adsbygoogle = window.adsbygoogle || []).push({}); \n<\/script>\n<\/div>\n\n\n\n<p>Voici le tweet du pr\u00e9sident Macky Sall.<\/p>\n\n\n\n<p>MMENSE ! Quel match! Quels joueurs! Vous avez rendu hommage, en ce jour m\u00e9morable, \u00e0 l\u2019illustre Pape Bouba Diop.<\/p>\n\n\n\n<p>Allez toucher maintenant les \u00e9toiles !#Mankowuttindamli#Fifa2022.<\/p>\n\n\n\n<p>\u2014 Macky Sall (@Macky_Sall) November 29, 2022<\/p>\n\n\n\n<p>&nbsp;Samba SY.<\/p>\n<div class=\"publi-apres-le-contenu\" style=\"margin-top: 10px;margin-bottom: 10px;margin-left: auto;margin-right: auto;text-align: center;\" id=\"publi-2070763159\"><div class=\"publi-adlabel\">Publicit\u00e9<\/div><script async src=\"\/\/pagead2.googlesyndication.com\/pagead\/js\/adsbygoogle.js?client=ca-pub-4089586018074219\" crossorigin=\"anonymous\"><\/script><ins class=\"adsbygoogle\" style=\"display:block;\" data-ad-client=\"ca-pub-4089586018074219\" \ndata-ad-slot=\"2087940154\" \ndata-ad-format=\"auto\"><\/ins>\n<script> \n(adsbygoogle = window.adsbygoogle || []).push({}); \n<\/script>\n<\/div>","protected":false},"excerpt":{"rendered":"<p>Le pr\u00e9sident de la R\u00e9publique a magnifi\u00e9 la victoire du S\u00e9n\u00e9gal sur l\u2019Equateur. Pour lui c\u2019\u00e9tait tout simplement IMMENSE. Voici le tweet du pr\u00e9sident Macky Sall. MMENSE ! Quel match! Quels joueurs! Vous avez rendu hommage, en ce jour m\u00e9morable, \u00e0 l\u2019illustre Pape Bouba Diop. Allez toucher maintenant les \u00e9toiles !#Mankowuttindamli#Fifa2022. \u2014 Macky Sall (@Macky_Sall) November 29, 2022 &nbsp;Samba SY.<\/p>\n","protected":false},"author":7,"featured_media":10546,"comment_status":"open","ping_status":"open","sticky":false,"template":"","format":"standard","meta":{"_jetpack_memberships_contains_paid_content":false,"footnotes":""},"categories":[375,550,3412,7],"tags":[3486,11,3485],"class_list":["post-10545","post","type-post","status-publish","format-standard","has-post-thumbnail","hentry","category-actualites","category-afrique-monde","category-football","category-sport","tag-immense","tag-macky-sall","tag-tweet","entry","has-media","owp-thumbs-layout-horizontal","owp-btn-normal","owp-tabs-layout-horizontal","has-no-thumbnails","has-product-nav"],"yoast_head":"<!-- This site is optimized with the Yoast SEO plugin v25.5 - https:\/\/yoast.com\/wordpress\/plugins\/seo\/ -->\n<title>Macky Sall : &quot;C&#039;est immense&quot; - LE PUBLIC<\/title>\n<meta name=\"robots\" content=\"index, follow, max-snippet:-1, max-image-preview:large, max-video-preview:-1\" \/>\n<link rel=\"canonical\" href=\"https:\/\/www.public.sn\/index.php\/2022\/11\/29\/macky-sall-cest-immense\/\" \/>\n<meta property=\"og:locale\" content=\"fr_FR\" \/>\n<meta property=\"og:type\" content=\"article\" \/>\n<meta property=\"og:title\" content=\"Macky Sall : &quot;C&#039;est immense&quot; - LE PUBLIC\" \/>\n<meta property=\"og:description\" content=\"Le pr\u00e9sident de la R\u00e9publique a magnifi\u00e9 la victoire du S\u00e9n\u00e9gal sur l\u2019Equateur. Pour lui c\u2019\u00e9tait tout simplement IMMENSE. Voici le tweet du pr\u00e9sident Macky Sall. MMENSE ! Quel match! Quels joueurs! Vous avez rendu hommage, en ce jour m\u00e9morable, \u00e0 l\u2019illustre Pape Bouba Diop. Allez toucher maintenant les \u00e9toiles !#Mankowuttindamli#Fifa2022. \u2014 Macky Sall (@Macky_Sall) November 29, 2022 &nbsp;Samba SY.\" \/>\n<meta property=\"og:url\" content=\"https:\/\/www.public.sn\/index.php\/2022\/11\/29\/macky-sall-cest-immense\/\" \/>\n<meta property=\"og:site_name\" content=\"LE PUBLIC\" \/>\n<meta property=\"article:published_time\" content=\"2022-11-29T18:09:19+00:00\" \/>\n<meta property=\"article:modified_time\" content=\"2022-11-29T18:09:21+00:00\" \/>\n<meta property=\"og:image\" content=\"https:\/\/www.public.sn\/wp-content\/uploads\/2022\/11\/macky-salll.png\" \/>\n\t<meta property=\"og:image:width\" content=\"1024\" \/>\n\t<meta property=\"og:image:height\" content=\"853\" \/>\n\t<meta property=\"og:image:type\" content=\"image\/png\" \/>\n<meta name=\"author\" content=\"LA REDACTION\" \/>\n<meta name=\"twitter:card\" content=\"summary_large_image\" \/>\n<meta name=\"twitter:label1\" content=\"\u00c9crit par\" \/>\n\t<meta name=\"twitter:data1\" content=\"LA REDACTION\" \/>\n\t<meta name=\"twitter:label2\" content=\"Dur\u00e9e de lecture estim\u00e9e\" \/>\n\t<meta name=\"twitter:data2\" content=\"1 minute\" \/>\n<script type=\"application\/ld+json\" class=\"yoast-schema-graph\">{\"@context\":\"https:\/\/schema.org\",\"@graph\":[{\"@type\":\"Article\",\"@id\":\"https:\/\/www.public.sn\/index.php\/2022\/11\/29\/macky-sall-cest-immense\/#article\",\"isPartOf\":{\"@id\":\"https:\/\/www.public.sn\/index.php\/2022\/11\/29\/macky-sall-cest-immense\/\"},\"author\":{\"name\":\"LA REDACTION\",\"@id\":\"https:\/\/www.public.sn\/#\/schema\/person\/cb76c8e1b8becc6be61fb5e92d6d0224\"},\"headline\":\"Macky Sall : \u00ab\u00a0C&rsquo;est immense\u00a0\u00bb\",\"datePublished\":\"2022-11-29T18:09:19+00:00\",\"dateModified\":\"2022-11-29T18:09:21+00:00\",\"mainEntityOfPage\":{\"@id\":\"https:\/\/www.public.sn\/index.php\/2022\/11\/29\/macky-sall-cest-immense\/\"},\"wordCount\":71,\"commentCount\":0,\"publisher\":{\"@id\":\"https:\/\/www.public.sn\/#organization\"},\"image\":{\"@id\":\"https:\/\/www.public.sn\/index.php\/2022\/11\/29\/macky-sall-cest-immense\/#primaryimage\"},\"thumbnailUrl\":\"https:\/\/www.public.sn\/wp-content\/uploads\/2022\/11\/macky-salll.png\",\"keywords\":[\"immense\",\"Macky Sall\",\"tweet\"],\"articleSection\":[\"ACTUALIT\u00c9S\",\"AFRIQUE &amp; MONDE\",\"FOOTBALL\",\"SPORTS\"],\"inLanguage\":\"fr-FR\",\"potentialAction\":[{\"@type\":\"CommentAction\",\"name\":\"Comment\",\"target\":[\"https:\/\/www.public.sn\/index.php\/2022\/11\/29\/macky-sall-cest-immense\/#respond\"]}]},{\"@type\":\"WebPage\",\"@id\":\"https:\/\/www.public.sn\/index.php\/2022\/11\/29\/macky-sall-cest-immense\/\",\"url\":\"https:\/\/www.public.sn\/index.php\/2022\/11\/29\/macky-sall-cest-immense\/\",\"name\":\"Macky Sall : \\\"C'est immense\\\" - LE PUBLIC\",\"isPartOf\":{\"@id\":\"https:\/\/www.public.sn\/#website\"},\"primaryImageOfPage\":{\"@id\":\"https:\/\/www.public.sn\/index.php\/2022\/11\/29\/macky-sall-cest-immense\/#primaryimage\"},\"image\":{\"@id\":\"https:\/\/www.public.sn\/index.php\/2022\/11\/29\/macky-sall-cest-immense\/#primaryimage\"},\"thumbnailUrl\":\"https:\/\/www.public.sn\/wp-content\/uploads\/2022\/11\/macky-salll.png\",\"datePublished\":\"2022-11-29T18:09:19+00:00\",\"dateModified\":\"2022-11-29T18:09:21+00:00\",\"breadcrumb\":{\"@id\":\"https:\/\/www.public.sn\/index.php\/2022\/11\/29\/macky-sall-cest-immense\/#breadcrumb\"},\"inLanguage\":\"fr-FR\",\"potentialAction\":[{\"@type\":\"ReadAction\",\"target\":[\"https:\/\/www.public.sn\/index.php\/2022\/11\/29\/macky-sall-cest-immense\/\"]}]},{\"@type\":\"ImageObject\",\"inLanguage\":\"fr-FR\",\"@id\":\"https:\/\/www.public.sn\/index.php\/2022\/11\/29\/macky-sall-cest-immense\/#primaryimage\",\"url\":\"https:\/\/www.public.sn\/wp-content\/uploads\/2022\/11\/macky-salll.png\",\"contentUrl\":\"https:\/\/www.public.sn\/wp-content\/uploads\/2022\/11\/macky-salll.png\",\"width\":1024,\"height\":853,\"caption\":\"publicsn\"},{\"@type\":\"BreadcrumbList\",\"@id\":\"https:\/\/www.public.sn\/index.php\/2022\/11\/29\/macky-sall-cest-immense\/#breadcrumb\",\"itemListElement\":[{\"@type\":\"ListItem\",\"position\":1,\"name\":\"Accueil\",\"item\":\"https:\/\/www.public.sn\/\"},{\"@type\":\"ListItem\",\"position\":2,\"name\":\"Macky Sall : \u00ab\u00a0C&rsquo;est immense\u00a0\u00bb\"}]},{\"@type\":\"WebSite\",\"@id\":\"https:\/\/www.public.sn\/#website\",\"url\":\"https:\/\/www.public.sn\/\",\"name\":\"LE PUBLIC\",\"description\":\"\",\"publisher\":{\"@id\":\"https:\/\/www.public.sn\/#organization\"},\"potentialAction\":[{\"@type\":\"SearchAction\",\"target\":{\"@type\":\"EntryPoint\",\"urlTemplate\":\"https:\/\/www.public.sn\/?s={search_term_string}\"},\"query-input\":{\"@type\":\"PropertyValueSpecification\",\"valueRequired\":true,\"valueName\":\"search_term_string\"}}],\"inLanguage\":\"fr-FR\"},{\"@type\":\"Organization\",\"@id\":\"https:\/\/www.public.sn\/#organization\",\"name\":\"LE PUBLIC\",\"url\":\"https:\/\/www.public.sn\/\",\"logo\":{\"@type\":\"ImageObject\",\"inLanguage\":\"fr-FR\",\"@id\":\"https:\/\/www.public.sn\/#\/schema\/logo\/image\/\",\"url\":\"https:\/\/www.public.sn\/wp-content\/uploads\/2024\/05\/cropped-LOGO-PUBLIC.SN_.png\",\"contentUrl\":\"https:\/\/www.public.sn\/wp-content\/uploads\/2024\/05\/cropped-LOGO-PUBLIC.SN_.png\",\"width\":682,\"height\":192,\"caption\":\"LE PUBLIC\"},\"image\":{\"@id\":\"https:\/\/www.public.sn\/#\/schema\/logo\/image\/\"}},{\"@type\":\"Person\",\"@id\":\"https:\/\/www.public.sn\/#\/schema\/person\/cb76c8e1b8becc6be61fb5e92d6d0224\",\"name\":\"LA REDACTION\",\"image\":{\"@type\":\"ImageObject\",\"inLanguage\":\"fr-FR\",\"@id\":\"https:\/\/www.public.sn\/#\/schema\/person\/image\/\",\"url\":\"https:\/\/secure.gravatar.com\/avatar\/2dce5ddd34b8fef0180efe03aa2a9bee7d953856048f9a16b298190a3178407c?s=96&d=mm&r=g\",\"contentUrl\":\"https:\/\/secure.gravatar.com\/avatar\/2dce5ddd34b8fef0180efe03aa2a9bee7d953856048f9a16b298190a3178407c?s=96&d=mm&r=g\",\"caption\":\"LA REDACTION\"},\"url\":\"https:\/\/www.public.sn\/index.php\/author\/editeurpsn\/\"}]}<\/script>\n<!-- \/ Yoast SEO plugin. -->","yoast_head_json":{"title":"Macky Sall : \"C'est immense\" - LE PUBLIC","robots":{"index":"index","follow":"follow","max-snippet":"max-snippet:-1","max-image-preview":"max-image-preview:large","max-video-preview":"max-video-preview:-1"},"canonical":"https:\/\/www.public.sn\/index.php\/2022\/11\/29\/macky-sall-cest-immense\/","og_locale":"fr_FR","og_type":"article","og_title":"Macky Sall : \"C'est immense\" - LE PUBLIC","og_description":"Le pr\u00e9sident de la R\u00e9publique a magnifi\u00e9 la victoire du S\u00e9n\u00e9gal sur l\u2019Equateur. Pour lui c\u2019\u00e9tait tout simplement IMMENSE. Voici le tweet du pr\u00e9sident Macky Sall. MMENSE ! Quel match! Quels joueurs! Vous avez rendu hommage, en ce jour m\u00e9morable, \u00e0 l\u2019illustre Pape Bouba Diop. Allez toucher maintenant les \u00e9toiles !#Mankowuttindamli#Fifa2022. \u2014 Macky Sall (@Macky_Sall) November 29, 2022 &nbsp;Samba SY.","og_url":"https:\/\/www.public.sn\/index.php\/2022\/11\/29\/macky-sall-cest-immense\/","og_site_name":"LE PUBLIC","article_published_time":"2022-11-29T18:09:19+00:00","article_modified_time":"2022-11-29T18:09:21+00:00","og_image":[{"width":1024,"height":853,"url":"https:\/\/www.public.sn\/wp-content\/uploads\/2022\/11\/macky-salll.png","type":"image\/png"}],"author":"LA REDACTION","twitter_card":"summary_large_image","twitter_misc":{"\u00c9crit par":"LA REDACTION","Dur\u00e9e de lecture estim\u00e9e":"1 minute"},"schema":{"@context":"https:\/\/schema.org","@graph":[{"@type":"Article","@id":"https:\/\/www.public.sn\/index.php\/2022\/11\/29\/macky-sall-cest-immense\/#article","isPartOf":{"@id":"https:\/\/www.public.sn\/index.php\/2022\/11\/29\/macky-sall-cest-immense\/"},"author":{"name":"LA REDACTION","@id":"https:\/\/www.public.sn\/#\/schema\/person\/cb76c8e1b8becc6be61fb5e92d6d0224"},"headline":"Macky Sall : \u00ab\u00a0C&rsquo;est immense\u00a0\u00bb","datePublished":"2022-11-29T18:09:19+00:00","dateModified":"2022-11-29T18:09:21+00:00","mainEntityOfPage":{"@id":"https:\/\/www.public.sn\/index.php\/2022\/11\/29\/macky-sall-cest-immense\/"},"wordCount":71,"commentCount":0,"publisher":{"@id":"https:\/\/www.public.sn\/#organization"},"image":{"@id":"https:\/\/www.public.sn\/index.php\/2022\/11\/29\/macky-sall-cest-immense\/#primaryimage"},"thumbnailUrl":"https:\/\/www.public.sn\/wp-content\/uploads\/2022\/11\/macky-salll.png","keywords":["immense","Macky Sall","tweet"],"articleSection":["ACTUALIT\u00c9S","AFRIQUE &amp; MONDE","FOOTBALL","SPORTS"],"inLanguage":"fr-FR","potentialAction":[{"@type":"CommentAction","name":"Comment","target":["https:\/\/www.public.sn\/index.php\/2022\/11\/29\/macky-sall-cest-immense\/#respond"]}]},{"@type":"WebPage","@id":"https:\/\/www.public.sn\/index.php\/2022\/11\/29\/macky-sall-cest-immense\/","url":"https:\/\/www.public.sn\/index.php\/2022\/11\/29\/macky-sall-cest-immense\/","name":"Macky Sall : \"C'est immense\" - LE PUBLIC","isPartOf":{"@id":"https:\/\/www.public.sn\/#website"},"primaryImageOfPage":{"@id":"https:\/\/www.public.sn\/index.php\/2022\/11\/29\/macky-sall-cest-immense\/#primaryimage"},"image":{"@id":"https:\/\/www.public.sn\/index.php\/2022\/11\/29\/macky-sall-cest-immense\/#primaryimage"},"thumbnailUrl":"https:\/\/www.public.sn\/wp-content\/uploads\/2022\/11\/macky-salll.png","datePublished":"2022-11-29T18:09:19+00:00","dateModified":"2022-11-29T18:09:21+00:00","breadcrumb":{"@id":"https:\/\/www.public.sn\/index.php\/2022\/11\/29\/macky-sall-cest-immense\/#breadcrumb"},"inLanguage":"fr-FR","potentialAction":[{"@type":"ReadAction","target":["https:\/\/www.public.sn\/index.php\/2022\/11\/29\/macky-sall-cest-immense\/"]}]},{"@type":"ImageObject","inLanguage":"fr-FR","@id":"https:\/\/www.public.sn\/index.php\/2022\/11\/29\/macky-sall-cest-immense\/#primaryimage","url":"https:\/\/www.public.sn\/wp-content\/uploads\/2022\/11\/macky-salll.png","contentUrl":"https:\/\/www.public.sn\/wp-content\/uploads\/2022\/11\/macky-salll.png","width":1024,"height":853,"caption":"publicsn"},{"@type":"BreadcrumbList","@id":"https:\/\/www.public.sn\/index.php\/2022\/11\/29\/macky-sall-cest-immense\/#breadcrumb","itemListElement":[{"@type":"ListItem","position":1,"name":"Accueil","item":"https:\/\/www.public.sn\/"},{"@type":"ListItem","position":2,"name":"Macky Sall : \u00ab\u00a0C&rsquo;est immense\u00a0\u00bb"}]},{"@type":"WebSite","@id":"https:\/\/www.public.sn\/#website","url":"https:\/\/www.public.sn\/","name":"LE PUBLIC","description":"","publisher":{"@id":"https:\/\/www.public.sn\/#organization"},"potentialAction":[{"@type":"SearchAction","target":{"@type":"EntryPoint","urlTemplate":"https:\/\/www.public.sn\/?s={search_term_string}"},"query-input":{"@type":"PropertyValueSpecification","valueRequired":true,"valueName":"search_term_string"}}],"inLanguage":"fr-FR"},{"@type":"Organization","@id":"https:\/\/www.public.sn\/#organization","name":"LE PUBLIC","url":"https:\/\/www.public.sn\/","logo":{"@type":"ImageObject","inLanguage":"fr-FR","@id":"https:\/\/www.public.sn\/#\/schema\/logo\/image\/","url":"https:\/\/www.public.sn\/wp-content\/uploads\/2024\/05\/cropped-LOGO-PUBLIC.SN_.png","contentUrl":"https:\/\/www.public.sn\/wp-content\/uploads\/2024\/05\/cropped-LOGO-PUBLIC.SN_.png","width":682,"height":192,"caption":"LE PUBLIC"},"image":{"@id":"https:\/\/www.public.sn\/#\/schema\/logo\/image\/"}},{"@type":"Person","@id":"https:\/\/www.public.sn\/#\/schema\/person\/cb76c8e1b8becc6be61fb5e92d6d0224","name":"LA REDACTION","image":{"@type":"ImageObject","inLanguage":"fr-FR","@id":"https:\/\/www.public.sn\/#\/schema\/person\/image\/","url":"https:\/\/secure.gravatar.com\/avatar\/2dce5ddd34b8fef0180efe03aa2a9bee7d953856048f9a16b298190a3178407c?s=96&d=mm&r=g","contentUrl":"https:\/\/secure.gravatar.com\/avatar\/2dce5ddd34b8fef0180efe03aa2a9bee7d953856048f9a16b298190a3178407c?s=96&d=mm&r=g","caption":"LA REDACTION"},"url":"https:\/\/www.public.sn\/index.php\/author\/editeurpsn\/"}]}},"jetpack_featured_media_url":"https:\/\/www.public.sn\/wp-content\/uploads\/2022\/11\/macky-salll.png","jetpack_sharing_enabled":true,"_links":{"self":[{"href":"https:\/\/www.public.sn\/index.php\/wp-json\/wp\/v2\/posts\/10545","targetHints":{"allow":["GET"]}}],"collection":[{"href":"https:\/\/www.public.sn\/index.php\/wp-json\/wp\/v2\/posts"}],"about":[{"href":"https:\/\/www.public.sn\/index.php\/wp-json\/wp\/v2\/types\/post"}],"author":[{"embeddable":true,"href":"https:\/\/www.public.sn\/index.php\/wp-json\/wp\/v2\/users\/7"}],"replies":[{"embeddable":true,"href":"https:\/\/www.public.sn\/index.php\/wp-json\/wp\/v2\/comments?post=10545"}],"version-history":[{"count":2,"href":"https:\/\/www.public.sn\/index.php\/wp-json\/wp\/v2\/posts\/10545\/revisions"}],"predecessor-version":[{"id":10548,"href":"https:\/\/www.public.sn\/index.php\/wp-json\/wp\/v2\/posts\/10545\/revisions\/10548"}],"wp:featuredmedia":[{"embeddable":true,"href":"https:\/\/www.public.sn\/index.php\/wp-json\/wp\/v2\/media\/10546"}],"wp:attachment":[{"href":"https:\/\/www.public.sn\/index.php\/wp-json\/wp\/v2\/media?parent=10545"}],"wp:term":[{"taxonomy":"category","embeddable":true,"href":"https:\/\/www.public.sn\/index.php\/wp-json\/wp\/v2\/categories?post=10545"},{"taxonomy":"post_tag","embeddable":true,"href":"https:\/\/www.public.sn\/index.php\/wp-json\/wp\/v2\/tags?post=10545"}],"curies":[{"name":"wp","href":"https:\/\/api.w.org\/{rel}","templated":true}]}}