{"id":10553,"date":"2022-11-29T18:26:21","date_gmt":"2022-11-29T18:26:21","guid":{"rendered":"https:\/\/www.public.sn\/?p=10553"},"modified":"2022-11-29T18:26:23","modified_gmt":"2022-11-29T18:26:23","slug":"victoire-du-senegal-macky-communie-avec-les-supporters","status":"publish","type":"post","link":"https:\/\/www.public.sn\/index.php\/2022\/11\/29\/victoire-du-senegal-macky-communie-avec-les-supporters\/","title":{"rendered":"Victoire du S\u00e9n\u00e9gal\u00a0: Macky communie avec les supporters."},"content":{"rendered":"\n<p><\/p>\n\n\n\n<p>Le pr\u00e9sident de la R\u00e9publique s\u2019est offert un bain de foule cet apr\u00e8s midi. Une mani\u00e8re pour le chef de l\u2019Etat de f\u00eater la victoire du S\u00e9n\u00e9gal sur l\u2019Equateur et qui le qualifie en quart de finale.<\/p><div class=\"publi-paragraphe1\" style=\"margin-top: 10px;margin-bottom: 10px;margin-left: auto;margin-right: auto;text-align: center;\" id=\"publi-2208371951\"><div class=\"publi-adlabel\">Publicit\u00e9<\/div><script async src=\"\/\/pagead2.googlesyndication.com\/pagead\/js\/adsbygoogle.js?client=ca-pub-4089586018074219\" crossorigin=\"anonymous\"><\/script><ins class=\"adsbygoogle\" style=\"display:block;\" data-ad-client=\"ca-pub-4089586018074219\" \ndata-ad-slot=\"2087940154\" \ndata-ad-format=\"auto\"><\/ins>\n<script> \n(adsbygoogle = window.adsbygoogle || []).push({}); \n<\/script>\n<\/div>\n\n\n\n<p><\/p>\n\n\n\n<p> Une qualification qui survient 20 ans apr\u00e8s le parcours de 2022 avec la bande de El Hadj Diouf, Fadiga et feu Pape Bouba Diop. Et justement le pr\u00e9sident de la R\u00e9publique \u00e0 profit\u00e9 de l\u2019occasion pour f\u00e9liciter les lions qui ont rendu un vibrant hommage en ce jour anniversaire des deux ans de la disparition de Pape Bouba Diop.<\/p>\n\n\n\n<p>Samba SY.<\/p>\n<div class=\"publi-apres-le-contenu\" style=\"margin-top: 10px;margin-bottom: 10px;margin-left: auto;margin-right: auto;text-align: center;\" id=\"publi-1470226702\"><div class=\"publi-adlabel\">Publicit\u00e9<\/div><script async src=\"\/\/pagead2.googlesyndication.com\/pagead\/js\/adsbygoogle.js?client=ca-pub-4089586018074219\" crossorigin=\"anonymous\"><\/script><ins class=\"adsbygoogle\" style=\"display:block;\" data-ad-client=\"ca-pub-4089586018074219\" \ndata-ad-slot=\"2087940154\" \ndata-ad-format=\"auto\"><\/ins>\n<script> \n(adsbygoogle = window.adsbygoogle || []).push({}); \n<\/script>\n<\/div>","protected":false},"excerpt":{"rendered":"<p>Le pr\u00e9sident de la R\u00e9publique s\u2019est offert un bain de foule cet apr\u00e8s midi. Une mani\u00e8re pour le chef de l\u2019Etat de f\u00eater la victoire du S\u00e9n\u00e9gal sur l\u2019Equateur et qui le qualifie en quart de finale. Une qualification qui survient 20 ans apr\u00e8s le parcours de 2022 avec la bande de El Hadj Diouf, Fadiga et feu Pape Bouba Diop. Et justement le pr\u00e9sident de la R\u00e9publique \u00e0 profit\u00e9 de l\u2019occasion pour f\u00e9liciter les lions qui ont rendu un vibrant hommage en ce jour anniversaire des deux ans de la disparition de Pape Bouba Diop. Samba SY.<\/p>\n","protected":false},"author":7,"featured_media":10554,"comment_status":"open","ping_status":"open","sticky":false,"template":"","format":"standard","meta":{"_jetpack_memberships_contains_paid_content":false,"footnotes":""},"categories":[375,550,3412,7],"tags":[3488,1119,503],"class_list":["post-10553","post","type-post","status-publish","format-standard","has-post-thumbnail","hentry","category-actualites","category-afrique-monde","category-football","category-sport","tag-bain-de-foule","tag-president-2","tag-victoire","entry","has-media","owp-thumbs-layout-horizontal","owp-btn-normal","owp-tabs-layout-horizontal","has-no-thumbnails","has-product-nav"],"yoast_head":"<!-- This site is optimized with the Yoast SEO plugin v25.5 - https:\/\/yoast.com\/wordpress\/plugins\/seo\/ -->\n<title>Victoire du S\u00e9n\u00e9gal\u00a0: Macky communie avec les supporters. - LE PUBLIC<\/title>\n<meta name=\"robots\" content=\"index, follow, max-snippet:-1, max-image-preview:large, max-video-preview:-1\" \/>\n<link rel=\"canonical\" href=\"https:\/\/www.public.sn\/index.php\/2022\/11\/29\/victoire-du-senegal-macky-communie-avec-les-supporters\/\" \/>\n<meta property=\"og:locale\" content=\"fr_FR\" \/>\n<meta property=\"og:type\" content=\"article\" \/>\n<meta property=\"og:title\" content=\"Victoire du S\u00e9n\u00e9gal\u00a0: Macky communie avec les supporters. - LE PUBLIC\" \/>\n<meta property=\"og:description\" content=\"Le pr\u00e9sident de la R\u00e9publique s\u2019est offert un bain de foule cet apr\u00e8s midi. Une mani\u00e8re pour le chef de l\u2019Etat de f\u00eater la victoire du S\u00e9n\u00e9gal sur l\u2019Equateur et qui le qualifie en quart de finale. Une qualification qui survient 20 ans apr\u00e8s le parcours de 2022 avec la bande de El Hadj Diouf, Fadiga et feu Pape Bouba Diop. Et justement le pr\u00e9sident de la R\u00e9publique \u00e0 profit\u00e9 de l\u2019occasion pour f\u00e9liciter les lions qui ont rendu un vibrant hommage en ce jour anniversaire des deux ans de la disparition de Pape Bouba Diop. Samba SY.\" \/>\n<meta property=\"og:url\" content=\"https:\/\/www.public.sn\/index.php\/2022\/11\/29\/victoire-du-senegal-macky-communie-avec-les-supporters\/\" \/>\n<meta property=\"og:site_name\" content=\"LE PUBLIC\" \/>\n<meta property=\"article:published_time\" content=\"2022-11-29T18:26:21+00:00\" \/>\n<meta property=\"article:modified_time\" content=\"2022-11-29T18:26:23+00:00\" \/>\n<meta property=\"og:image\" content=\"https:\/\/www.public.sn\/wp-content\/uploads\/2022\/11\/mackyyyyy.jpg\" \/>\n\t<meta property=\"og:image:width\" content=\"612\" \/>\n\t<meta property=\"og:image:height\" content=\"298\" \/>\n\t<meta property=\"og:image:type\" content=\"image\/jpeg\" \/>\n<meta name=\"author\" content=\"LA REDACTION\" \/>\n<meta name=\"twitter:card\" content=\"summary_large_image\" \/>\n<meta name=\"twitter:label1\" content=\"\u00c9crit par\" \/>\n\t<meta name=\"twitter:data1\" content=\"LA REDACTION\" \/>\n\t<meta name=\"twitter:label2\" content=\"Dur\u00e9e de lecture estim\u00e9e\" \/>\n\t<meta name=\"twitter:data2\" content=\"1 minute\" \/>\n<script type=\"application\/ld+json\" class=\"yoast-schema-graph\">{\"@context\":\"https:\/\/schema.org\",\"@graph\":[{\"@type\":\"Article\",\"@id\":\"https:\/\/www.public.sn\/index.php\/2022\/11\/29\/victoire-du-senegal-macky-communie-avec-les-supporters\/#article\",\"isPartOf\":{\"@id\":\"https:\/\/www.public.sn\/index.php\/2022\/11\/29\/victoire-du-senegal-macky-communie-avec-les-supporters\/\"},\"author\":{\"name\":\"LA REDACTION\",\"@id\":\"https:\/\/www.public.sn\/#\/schema\/person\/cb76c8e1b8becc6be61fb5e92d6d0224\"},\"headline\":\"Victoire du S\u00e9n\u00e9gal\u00a0: Macky communie avec les supporters.\",\"datePublished\":\"2022-11-29T18:26:21+00:00\",\"dateModified\":\"2022-11-29T18:26:23+00:00\",\"mainEntityOfPage\":{\"@id\":\"https:\/\/www.public.sn\/index.php\/2022\/11\/29\/victoire-du-senegal-macky-communie-avec-les-supporters\/\"},\"wordCount\":120,\"commentCount\":0,\"publisher\":{\"@id\":\"https:\/\/www.public.sn\/#organization\"},\"image\":{\"@id\":\"https:\/\/www.public.sn\/index.php\/2022\/11\/29\/victoire-du-senegal-macky-communie-avec-les-supporters\/#primaryimage\"},\"thumbnailUrl\":\"https:\/\/www.public.sn\/wp-content\/uploads\/2022\/11\/mackyyyyy.jpg\",\"keywords\":[\"bain de foule\",\"President\",\"Victoire\"],\"articleSection\":[\"ACTUALIT\u00c9S\",\"AFRIQUE &amp; MONDE\",\"FOOTBALL\",\"SPORTS\"],\"inLanguage\":\"fr-FR\",\"potentialAction\":[{\"@type\":\"CommentAction\",\"name\":\"Comment\",\"target\":[\"https:\/\/www.public.sn\/index.php\/2022\/11\/29\/victoire-du-senegal-macky-communie-avec-les-supporters\/#respond\"]}]},{\"@type\":\"WebPage\",\"@id\":\"https:\/\/www.public.sn\/index.php\/2022\/11\/29\/victoire-du-senegal-macky-communie-avec-les-supporters\/\",\"url\":\"https:\/\/www.public.sn\/index.php\/2022\/11\/29\/victoire-du-senegal-macky-communie-avec-les-supporters\/\",\"name\":\"Victoire du S\u00e9n\u00e9gal\u00a0: Macky communie avec les supporters. - LE PUBLIC\",\"isPartOf\":{\"@id\":\"https:\/\/www.public.sn\/#website\"},\"primaryImageOfPage\":{\"@id\":\"https:\/\/www.public.sn\/index.php\/2022\/11\/29\/victoire-du-senegal-macky-communie-avec-les-supporters\/#primaryimage\"},\"image\":{\"@id\":\"https:\/\/www.public.sn\/index.php\/2022\/11\/29\/victoire-du-senegal-macky-communie-avec-les-supporters\/#primaryimage\"},\"thumbnailUrl\":\"https:\/\/www.public.sn\/wp-content\/uploads\/2022\/11\/mackyyyyy.jpg\",\"datePublished\":\"2022-11-29T18:26:21+00:00\",\"dateModified\":\"2022-11-29T18:26:23+00:00\",\"breadcrumb\":{\"@id\":\"https:\/\/www.public.sn\/index.php\/2022\/11\/29\/victoire-du-senegal-macky-communie-avec-les-supporters\/#breadcrumb\"},\"inLanguage\":\"fr-FR\",\"potentialAction\":[{\"@type\":\"ReadAction\",\"target\":[\"https:\/\/www.public.sn\/index.php\/2022\/11\/29\/victoire-du-senegal-macky-communie-avec-les-supporters\/\"]}]},{\"@type\":\"ImageObject\",\"inLanguage\":\"fr-FR\",\"@id\":\"https:\/\/www.public.sn\/index.php\/2022\/11\/29\/victoire-du-senegal-macky-communie-avec-les-supporters\/#primaryimage\",\"url\":\"https:\/\/www.public.sn\/wp-content\/uploads\/2022\/11\/mackyyyyy.jpg\",\"contentUrl\":\"https:\/\/www.public.sn\/wp-content\/uploads\/2022\/11\/mackyyyyy.jpg\",\"width\":612,\"height\":298,\"caption\":\"publicsn\"},{\"@type\":\"BreadcrumbList\",\"@id\":\"https:\/\/www.public.sn\/index.php\/2022\/11\/29\/victoire-du-senegal-macky-communie-avec-les-supporters\/#breadcrumb\",\"itemListElement\":[{\"@type\":\"ListItem\",\"position\":1,\"name\":\"Accueil\",\"item\":\"https:\/\/www.public.sn\/\"},{\"@type\":\"ListItem\",\"position\":2,\"name\":\"Victoire du S\u00e9n\u00e9gal\u00a0: Macky communie avec les supporters.\"}]},{\"@type\":\"WebSite\",\"@id\":\"https:\/\/www.public.sn\/#website\",\"url\":\"https:\/\/www.public.sn\/\",\"name\":\"LE PUBLIC\",\"description\":\"\",\"publisher\":{\"@id\":\"https:\/\/www.public.sn\/#organization\"},\"potentialAction\":[{\"@type\":\"SearchAction\",\"target\":{\"@type\":\"EntryPoint\",\"urlTemplate\":\"https:\/\/www.public.sn\/?s={search_term_string}\"},\"query-input\":{\"@type\":\"PropertyValueSpecification\",\"valueRequired\":true,\"valueName\":\"search_term_string\"}}],\"inLanguage\":\"fr-FR\"},{\"@type\":\"Organization\",\"@id\":\"https:\/\/www.public.sn\/#organization\",\"name\":\"LE PUBLIC\",\"url\":\"https:\/\/www.public.sn\/\",\"logo\":{\"@type\":\"ImageObject\",\"inLanguage\":\"fr-FR\",\"@id\":\"https:\/\/www.public.sn\/#\/schema\/logo\/image\/\",\"url\":\"https:\/\/www.public.sn\/wp-content\/uploads\/2024\/05\/cropped-LOGO-PUBLIC.SN_.png\",\"contentUrl\":\"https:\/\/www.public.sn\/wp-content\/uploads\/2024\/05\/cropped-LOGO-PUBLIC.SN_.png\",\"width\":682,\"height\":192,\"caption\":\"LE PUBLIC\"},\"image\":{\"@id\":\"https:\/\/www.public.sn\/#\/schema\/logo\/image\/\"}},{\"@type\":\"Person\",\"@id\":\"https:\/\/www.public.sn\/#\/schema\/person\/cb76c8e1b8becc6be61fb5e92d6d0224\",\"name\":\"LA REDACTION\",\"image\":{\"@type\":\"ImageObject\",\"inLanguage\":\"fr-FR\",\"@id\":\"https:\/\/www.public.sn\/#\/schema\/person\/image\/\",\"url\":\"https:\/\/secure.gravatar.com\/avatar\/2dce5ddd34b8fef0180efe03aa2a9bee7d953856048f9a16b298190a3178407c?s=96&d=mm&r=g\",\"contentUrl\":\"https:\/\/secure.gravatar.com\/avatar\/2dce5ddd34b8fef0180efe03aa2a9bee7d953856048f9a16b298190a3178407c?s=96&d=mm&r=g\",\"caption\":\"LA REDACTION\"},\"url\":\"https:\/\/www.public.sn\/index.php\/author\/editeurpsn\/\"}]}<\/script>\n<!-- \/ Yoast SEO plugin. -->","yoast_head_json":{"title":"Victoire du S\u00e9n\u00e9gal\u00a0: Macky communie avec les supporters. - LE PUBLIC","robots":{"index":"index","follow":"follow","max-snippet":"max-snippet:-1","max-image-preview":"max-image-preview:large","max-video-preview":"max-video-preview:-1"},"canonical":"https:\/\/www.public.sn\/index.php\/2022\/11\/29\/victoire-du-senegal-macky-communie-avec-les-supporters\/","og_locale":"fr_FR","og_type":"article","og_title":"Victoire du S\u00e9n\u00e9gal\u00a0: Macky communie avec les supporters. - LE PUBLIC","og_description":"Le pr\u00e9sident de la R\u00e9publique s\u2019est offert un bain de foule cet apr\u00e8s midi. Une mani\u00e8re pour le chef de l\u2019Etat de f\u00eater la victoire du S\u00e9n\u00e9gal sur l\u2019Equateur et qui le qualifie en quart de finale. Une qualification qui survient 20 ans apr\u00e8s le parcours de 2022 avec la bande de El Hadj Diouf, Fadiga et feu Pape Bouba Diop. Et justement le pr\u00e9sident de la R\u00e9publique \u00e0 profit\u00e9 de l\u2019occasion pour f\u00e9liciter les lions qui ont rendu un vibrant hommage en ce jour anniversaire des deux ans de la disparition de Pape Bouba Diop. Samba SY.","og_url":"https:\/\/www.public.sn\/index.php\/2022\/11\/29\/victoire-du-senegal-macky-communie-avec-les-supporters\/","og_site_name":"LE PUBLIC","article_published_time":"2022-11-29T18:26:21+00:00","article_modified_time":"2022-11-29T18:26:23+00:00","og_image":[{"width":612,"height":298,"url":"https:\/\/www.public.sn\/wp-content\/uploads\/2022\/11\/mackyyyyy.jpg","type":"image\/jpeg"}],"author":"LA REDACTION","twitter_card":"summary_large_image","twitter_misc":{"\u00c9crit par":"LA REDACTION","Dur\u00e9e de lecture estim\u00e9e":"1 minute"},"schema":{"@context":"https:\/\/schema.org","@graph":[{"@type":"Article","@id":"https:\/\/www.public.sn\/index.php\/2022\/11\/29\/victoire-du-senegal-macky-communie-avec-les-supporters\/#article","isPartOf":{"@id":"https:\/\/www.public.sn\/index.php\/2022\/11\/29\/victoire-du-senegal-macky-communie-avec-les-supporters\/"},"author":{"name":"LA REDACTION","@id":"https:\/\/www.public.sn\/#\/schema\/person\/cb76c8e1b8becc6be61fb5e92d6d0224"},"headline":"Victoire du S\u00e9n\u00e9gal\u00a0: Macky communie avec les supporters.","datePublished":"2022-11-29T18:26:21+00:00","dateModified":"2022-11-29T18:26:23+00:00","mainEntityOfPage":{"@id":"https:\/\/www.public.sn\/index.php\/2022\/11\/29\/victoire-du-senegal-macky-communie-avec-les-supporters\/"},"wordCount":120,"commentCount":0,"publisher":{"@id":"https:\/\/www.public.sn\/#organization"},"image":{"@id":"https:\/\/www.public.sn\/index.php\/2022\/11\/29\/victoire-du-senegal-macky-communie-avec-les-supporters\/#primaryimage"},"thumbnailUrl":"https:\/\/www.public.sn\/wp-content\/uploads\/2022\/11\/mackyyyyy.jpg","keywords":["bain de foule","President","Victoire"],"articleSection":["ACTUALIT\u00c9S","AFRIQUE &amp; MONDE","FOOTBALL","SPORTS"],"inLanguage":"fr-FR","potentialAction":[{"@type":"CommentAction","name":"Comment","target":["https:\/\/www.public.sn\/index.php\/2022\/11\/29\/victoire-du-senegal-macky-communie-avec-les-supporters\/#respond"]}]},{"@type":"WebPage","@id":"https:\/\/www.public.sn\/index.php\/2022\/11\/29\/victoire-du-senegal-macky-communie-avec-les-supporters\/","url":"https:\/\/www.public.sn\/index.php\/2022\/11\/29\/victoire-du-senegal-macky-communie-avec-les-supporters\/","name":"Victoire du S\u00e9n\u00e9gal\u00a0: Macky communie avec les supporters. - LE PUBLIC","isPartOf":{"@id":"https:\/\/www.public.sn\/#website"},"primaryImageOfPage":{"@id":"https:\/\/www.public.sn\/index.php\/2022\/11\/29\/victoire-du-senegal-macky-communie-avec-les-supporters\/#primaryimage"},"image":{"@id":"https:\/\/www.public.sn\/index.php\/2022\/11\/29\/victoire-du-senegal-macky-communie-avec-les-supporters\/#primaryimage"},"thumbnailUrl":"https:\/\/www.public.sn\/wp-content\/uploads\/2022\/11\/mackyyyyy.jpg","datePublished":"2022-11-29T18:26:21+00:00","dateModified":"2022-11-29T18:26:23+00:00","breadcrumb":{"@id":"https:\/\/www.public.sn\/index.php\/2022\/11\/29\/victoire-du-senegal-macky-communie-avec-les-supporters\/#breadcrumb"},"inLanguage":"fr-FR","potentialAction":[{"@type":"ReadAction","target":["https:\/\/www.public.sn\/index.php\/2022\/11\/29\/victoire-du-senegal-macky-communie-avec-les-supporters\/"]}]},{"@type":"ImageObject","inLanguage":"fr-FR","@id":"https:\/\/www.public.sn\/index.php\/2022\/11\/29\/victoire-du-senegal-macky-communie-avec-les-supporters\/#primaryimage","url":"https:\/\/www.public.sn\/wp-content\/uploads\/2022\/11\/mackyyyyy.jpg","contentUrl":"https:\/\/www.public.sn\/wp-content\/uploads\/2022\/11\/mackyyyyy.jpg","width":612,"height":298,"caption":"publicsn"},{"@type":"BreadcrumbList","@id":"https:\/\/www.public.sn\/index.php\/2022\/11\/29\/victoire-du-senegal-macky-communie-avec-les-supporters\/#breadcrumb","itemListElement":[{"@type":"ListItem","position":1,"name":"Accueil","item":"https:\/\/www.public.sn\/"},{"@type":"ListItem","position":2,"name":"Victoire du S\u00e9n\u00e9gal\u00a0: Macky communie avec les supporters."}]},{"@type":"WebSite","@id":"https:\/\/www.public.sn\/#website","url":"https:\/\/www.public.sn\/","name":"LE PUBLIC","description":"","publisher":{"@id":"https:\/\/www.public.sn\/#organization"},"potentialAction":[{"@type":"SearchAction","target":{"@type":"EntryPoint","urlTemplate":"https:\/\/www.public.sn\/?s={search_term_string}"},"query-input":{"@type":"PropertyValueSpecification","valueRequired":true,"valueName":"search_term_string"}}],"inLanguage":"fr-FR"},{"@type":"Organization","@id":"https:\/\/www.public.sn\/#organization","name":"LE PUBLIC","url":"https:\/\/www.public.sn\/","logo":{"@type":"ImageObject","inLanguage":"fr-FR","@id":"https:\/\/www.public.sn\/#\/schema\/logo\/image\/","url":"https:\/\/www.public.sn\/wp-content\/uploads\/2024\/05\/cropped-LOGO-PUBLIC.SN_.png","contentUrl":"https:\/\/www.public.sn\/wp-content\/uploads\/2024\/05\/cropped-LOGO-PUBLIC.SN_.png","width":682,"height":192,"caption":"LE PUBLIC"},"image":{"@id":"https:\/\/www.public.sn\/#\/schema\/logo\/image\/"}},{"@type":"Person","@id":"https:\/\/www.public.sn\/#\/schema\/person\/cb76c8e1b8becc6be61fb5e92d6d0224","name":"LA REDACTION","image":{"@type":"ImageObject","inLanguage":"fr-FR","@id":"https:\/\/www.public.sn\/#\/schema\/person\/image\/","url":"https:\/\/secure.gravatar.com\/avatar\/2dce5ddd34b8fef0180efe03aa2a9bee7d953856048f9a16b298190a3178407c?s=96&d=mm&r=g","contentUrl":"https:\/\/secure.gravatar.com\/avatar\/2dce5ddd34b8fef0180efe03aa2a9bee7d953856048f9a16b298190a3178407c?s=96&d=mm&r=g","caption":"LA REDACTION"},"url":"https:\/\/www.public.sn\/index.php\/author\/editeurpsn\/"}]}},"jetpack_featured_media_url":"https:\/\/www.public.sn\/wp-content\/uploads\/2022\/11\/mackyyyyy.jpg","jetpack_sharing_enabled":true,"_links":{"self":[{"href":"https:\/\/www.public.sn\/index.php\/wp-json\/wp\/v2\/posts\/10553","targetHints":{"allow":["GET"]}}],"collection":[{"href":"https:\/\/www.public.sn\/index.php\/wp-json\/wp\/v2\/posts"}],"about":[{"href":"https:\/\/www.public.sn\/index.php\/wp-json\/wp\/v2\/types\/post"}],"author":[{"embeddable":true,"href":"https:\/\/www.public.sn\/index.php\/wp-json\/wp\/v2\/users\/7"}],"replies":[{"embeddable":true,"href":"https:\/\/www.public.sn\/index.php\/wp-json\/wp\/v2\/comments?post=10553"}],"version-history":[{"count":2,"href":"https:\/\/www.public.sn\/index.php\/wp-json\/wp\/v2\/posts\/10553\/revisions"}],"predecessor-version":[{"id":10556,"href":"https:\/\/www.public.sn\/index.php\/wp-json\/wp\/v2\/posts\/10553\/revisions\/10556"}],"wp:featuredmedia":[{"embeddable":true,"href":"https:\/\/www.public.sn\/index.php\/wp-json\/wp\/v2\/media\/10554"}],"wp:attachment":[{"href":"https:\/\/www.public.sn\/index.php\/wp-json\/wp\/v2\/media?parent=10553"}],"wp:term":[{"taxonomy":"category","embeddable":true,"href":"https:\/\/www.public.sn\/index.php\/wp-json\/wp\/v2\/categories?post=10553"},{"taxonomy":"post_tag","embeddable":true,"href":"https:\/\/www.public.sn\/index.php\/wp-json\/wp\/v2\/tags?post=10553"}],"curies":[{"name":"wp","href":"https:\/\/api.w.org\/{rel}","templated":true}]}}