{"id":10566,"date":"2022-11-30T08:53:54","date_gmt":"2022-11-30T08:53:54","guid":{"rendered":"https:\/\/www.public.sn\/?p=10566"},"modified":"2022-11-30T08:53:55","modified_gmt":"2022-11-30T08:53:55","slug":"mort-des-2-gendarmes-assome-diatta-exige-toute-la-lumiere","status":"publish","type":"post","link":"https:\/\/www.public.sn\/index.php\/2022\/11\/30\/mort-des-2-gendarmes-assome-diatta-exige-toute-la-lumiere\/","title":{"rendered":"Mort des 2 gendarmes : Assome Diatta exige toute la lumi\u00e8re."},"content":{"rendered":"\n<p><\/p>\n\n\n\n<p>R\u00e9action L&rsquo;ancienne ministre Assome Diatta sur la disparition des 2 soldats<\/p><div class=\"publi-paragraphe1\" style=\"margin-top: 10px;margin-bottom: 10px;margin-left: auto;margin-right: auto;text-align: center;\" id=\"publi-1462103798\"><div class=\"publi-adlabel\">Publicit\u00e9<\/div><script async src=\"\/\/pagead2.googlesyndication.com\/pagead\/js\/adsbygoogle.js?client=ca-pub-4089586018074219\" crossorigin=\"anonymous\"><\/script><ins class=\"adsbygoogle\" style=\"display:block;\" data-ad-client=\"ca-pub-4089586018074219\" \ndata-ad-slot=\"2087940154\" \ndata-ad-format=\"auto\"><\/ins>\n<script> \n(adsbygoogle = window.adsbygoogle || []).push({}); \n<\/script>\n<\/div>\n\n\n\n<p><\/p>\n\n\n\n<p>Chers concitoyens,<\/p>\n\n\n\n<p>\u00c0 Lom\u00e9 o\u00f9 je me trouvais il y a quelques jours, j\u2019ai appris avec beaucoup d\u2019inqui\u00e9tude la disparition de messieurs Fulbert Sambou et Gilbert Badji.<\/p>\n\n\n\n<p>Mon inqui\u00e9tude est d\u2019autant plus grande que la profession des disparus(gendarme et militaire) dont la mission est de prot\u00e9ger leur pays et leurs concitoyens, installe un doute profond dans les esprits. En effet, ils sont form\u00e9s pour d\u00e9busquer les malfaiteurs et d\u00e9jouer leurs pi\u00e8ges.<\/p>\n\n\n\n<p><\/p>\n\n\n\n<p>Aujourd\u2019hui, chaque citoyen s\u00e9n\u00e9galais doit craindre pour sa propre s\u00e9curit\u00e9 si, m\u00eame les personnes form\u00e9es pour nous prot\u00e9ger, peuvent dispara\u00eetre&nbsp; ou mourir du jour au lendemain, dans des circonstances rocambolesques.<\/p>\n\n\n\n<p>Je demande \u00e0 l\u2019Etat du S\u00e9n\u00e9gal, particuli\u00e8rement aux autorit\u00e9s comp\u00e9tentes, de prendre toutes les dispositions utiles pour que la v\u00e9rit\u00e9 \u00e9clate.<\/p>\n\n\n\n<p>La science a suffisamment \u00e9volu\u00e9 pour que l\u2019\u00e9tat des corps ne soit pas un frein \u00e0 la r\u00e9alisation d\u2019une autopsie.<\/p>\n\n\n\n<p><\/p>\n\n\n\n<p>Le S\u00e9n\u00e9gal le vaut bien. La stabilit\u00e9 du S\u00e9n\u00e9gal le vaut bien.<\/p>\n\n\n\n<p>S\u2019il y a des individus derri\u00e8re ces disparitions, leur motivation ne peut \u00eatre que de d\u00e9stabiliser notre pays.<\/p>\n\n\n\n<p>Ces disparitions, ajout\u00e9es \u00e0 tant d\u2019autres choses inqui\u00e9tantes, sont \u00e0 l\u2019origine de bien des supputations.<\/p>\n\n\n\n<p><\/p>\n\n\n\n<p>Le S\u00e9n\u00e9gal est un et indivisible.<\/p>\n\n\n\n<p>Toute personne m\u00eal\u00e9e \u00e0 cette affaire doit \u00eatre d\u00e9masqu\u00e9e ainsi que ses complices.<\/p>\n\n\n\n<p>Une punition tr\u00e8s s\u00e9v\u00e8re permettrait \u00e0 tous de r\u00e9fl\u00e9chir \u00e0 deux fois avant d\u2019agir.<\/p>\n\n\n\n<p><\/p>\n\n\n\n<p>Je demande donc solennellement au Pr\u00e9sident de la R\u00e9publique, Son Excellence Macky Sall, mais \u00e9galement \u00e0 tous les citoyens, tous les acteurs politiques de s\u2019investir, la main dans la main, pour que la v\u00e9rit\u00e9 \u00e9clate.<\/p>\n\n\n\n<p>Au moment o\u00f9 le combat pour la paix en Casamance est sur le point d\u2019\u00eatre d\u00e9finitivement gagn\u00e9, nous devons tuer dans l\u2019\u0153uf toute tentative malsaine.<\/p>\n\n\n\n<p><\/p>\n\n\n\n<p>Nous sommes tous concern\u00e9s. Rappelons-nous encore le conte \u00ab&nbsp; Il n\u2019y a pas de petite querelle \u00bb.<\/p>\n\n\n\n<p>La paix n\u2019a pas de prix!!!<\/p>\n\n\n\n<p>Je pr\u00e9sente mes sinc\u00e8res condol\u00e9ances aux familles des victimes et au peuple s\u00e9n\u00e9galais.<\/p>\n\n\n\n<p>Wasalam!<\/p>\n<div class=\"publi-apres-le-contenu\" style=\"margin-top: 10px;margin-bottom: 10px;margin-left: auto;margin-right: auto;text-align: center;\" id=\"publi-3322164635\"><div class=\"publi-adlabel\">Publicit\u00e9<\/div><script async src=\"\/\/pagead2.googlesyndication.com\/pagead\/js\/adsbygoogle.js?client=ca-pub-4089586018074219\" crossorigin=\"anonymous\"><\/script><ins class=\"adsbygoogle\" style=\"display:block;\" data-ad-client=\"ca-pub-4089586018074219\" \ndata-ad-slot=\"2087940154\" \ndata-ad-format=\"auto\"><\/ins>\n<script> \n(adsbygoogle = window.adsbygoogle || []).push({}); \n<\/script>\n<\/div>","protected":false},"excerpt":{"rendered":"<p>R\u00e9action L&rsquo;ancienne ministre Assome Diatta sur la disparition des 2 soldats Chers concitoyens, \u00c0 Lom\u00e9 o\u00f9 je me trouvais il y a quelques jours, j\u2019ai appris avec beaucoup d\u2019inqui\u00e9tude la disparition de messieurs Fulbert Sambou et Gilbert Badji. Mon inqui\u00e9tude est d\u2019autant plus grande que la profession des disparus(gendarme et militaire) dont la mission est de prot\u00e9ger leur pays et leurs concitoyens, installe un doute profond dans les esprits. En effet, ils sont form\u00e9s pour d\u00e9busquer les malfaiteurs et d\u00e9jouer leurs pi\u00e8ges. Aujourd\u2019hui, chaque citoyen s\u00e9n\u00e9galais doit craindre pour sa propre s\u00e9curit\u00e9 si, m\u00eame les personnes form\u00e9es pour nous prot\u00e9ger, peuvent dispara\u00eetre&nbsp; ou mourir du jour au lendemain, dans des circonstances rocambolesques. Je demande \u00e0 l\u2019Etat du S\u00e9n\u00e9gal, particuli\u00e8rement aux autorit\u00e9s comp\u00e9tentes, de prendre toutes les dispositions utiles pour que la v\u00e9rit\u00e9 \u00e9clate. La science a suffisamment \u00e9volu\u00e9 pour que l\u2019\u00e9tat des corps ne soit pas un frein \u00e0 la r\u00e9alisation d\u2019une autopsie. Le S\u00e9n\u00e9gal le vaut bien. La stabilit\u00e9 du S\u00e9n\u00e9gal le vaut bien. S\u2019il y a des individus derri\u00e8re ces disparitions, leur motivation ne peut \u00eatre que de d\u00e9stabiliser notre pays. Ces disparitions, ajout\u00e9es \u00e0 tant d\u2019autres choses inqui\u00e9tantes, sont \u00e0 l\u2019origine de bien des supputations. Le S\u00e9n\u00e9gal est un et indivisible. Toute personne m\u00eal\u00e9e \u00e0 cette affaire doit \u00eatre d\u00e9masqu\u00e9e ainsi que ses complices. Une punition tr\u00e8s s\u00e9v\u00e8re permettrait \u00e0 tous de r\u00e9fl\u00e9chir \u00e0 deux fois avant d\u2019agir. Je demande donc solennellement au Pr\u00e9sident de la R\u00e9publique, Son Excellence Macky Sall, mais \u00e9galement \u00e0 tous les citoyens, tous les acteurs politiques de s\u2019investir, la main dans la main, pour que la v\u00e9rit\u00e9 \u00e9clate. Au moment o\u00f9 le combat pour la paix en Casamance est sur le point d\u2019\u00eatre d\u00e9finitivement gagn\u00e9, nous devons tuer dans l\u2019\u0153uf toute tentative malsaine. Nous sommes tous concern\u00e9s. Rappelons-nous encore le conte \u00ab&nbsp; Il n\u2019y a pas de petite querelle \u00bb. La paix n\u2019a pas de prix!!! Je pr\u00e9sente mes sinc\u00e8res condol\u00e9ances aux familles des victimes et au peuple s\u00e9n\u00e9galais. Wasalam!<\/p>\n","protected":false},"author":7,"featured_media":10567,"comment_status":"open","ping_status":"open","sticky":false,"template":"","format":"standard","meta":{"_jetpack_memberships_contains_paid_content":false,"footnotes":""},"categories":[375,1051,379,1,372],"tags":[72,1062,3494],"class_list":["post-10566","post","type-post","status-publish","format-standard","has-post-thumbnail","hentry","category-actualites","category-drame","category-faits-divers","category-non-classe","category-vedette","tag-assome-diatta","tag-communique","tag-mort-gendarme","entry","has-media","owp-thumbs-layout-horizontal","owp-btn-normal","owp-tabs-layout-horizontal","has-no-thumbnails","has-product-nav"],"yoast_head":"<!-- This site is optimized with the Yoast SEO plugin v25.5 - https:\/\/yoast.com\/wordpress\/plugins\/seo\/ -->\n<title>Mort des 2 gendarmes : Assome Diatta exige toute la lumi\u00e8re. - LE PUBLIC<\/title>\n<meta name=\"robots\" content=\"index, follow, max-snippet:-1, max-image-preview:large, max-video-preview:-1\" \/>\n<link rel=\"canonical\" href=\"https:\/\/www.public.sn\/index.php\/2022\/11\/30\/mort-des-2-gendarmes-assome-diatta-exige-toute-la-lumiere\/\" \/>\n<meta property=\"og:locale\" content=\"fr_FR\" \/>\n<meta property=\"og:type\" content=\"article\" \/>\n<meta property=\"og:title\" content=\"Mort des 2 gendarmes : Assome Diatta exige toute la lumi\u00e8re. - LE PUBLIC\" \/>\n<meta property=\"og:description\" content=\"R\u00e9action L&rsquo;ancienne ministre Assome Diatta sur la disparition des 2 soldats Chers concitoyens, \u00c0 Lom\u00e9 o\u00f9 je me trouvais il y a quelques jours, j\u2019ai appris avec beaucoup d\u2019inqui\u00e9tude la disparition de messieurs Fulbert Sambou et Gilbert Badji. Mon inqui\u00e9tude est d\u2019autant plus grande que la profession des disparus(gendarme et militaire) dont la mission est de prot\u00e9ger leur pays et leurs concitoyens, installe un doute profond dans les esprits. En effet, ils sont form\u00e9s pour d\u00e9busquer les malfaiteurs et d\u00e9jouer leurs pi\u00e8ges. Aujourd\u2019hui, chaque citoyen s\u00e9n\u00e9galais doit craindre pour sa propre s\u00e9curit\u00e9 si, m\u00eame les personnes form\u00e9es pour nous prot\u00e9ger, peuvent dispara\u00eetre&nbsp; ou mourir du jour au lendemain, dans des circonstances rocambolesques. Je demande \u00e0 l\u2019Etat du S\u00e9n\u00e9gal, particuli\u00e8rement aux autorit\u00e9s comp\u00e9tentes, de prendre toutes les dispositions utiles pour que la v\u00e9rit\u00e9 \u00e9clate. La science a suffisamment \u00e9volu\u00e9 pour que l\u2019\u00e9tat des corps ne soit pas un frein \u00e0 la r\u00e9alisation d\u2019une autopsie. Le S\u00e9n\u00e9gal le vaut bien. La stabilit\u00e9 du S\u00e9n\u00e9gal le vaut bien. S\u2019il y a des individus derri\u00e8re ces disparitions, leur motivation ne peut \u00eatre que de d\u00e9stabiliser notre pays. Ces disparitions, ajout\u00e9es \u00e0 tant d\u2019autres choses inqui\u00e9tantes, sont \u00e0 l\u2019origine de bien des supputations. Le S\u00e9n\u00e9gal est un et indivisible. Toute personne m\u00eal\u00e9e \u00e0 cette affaire doit \u00eatre d\u00e9masqu\u00e9e ainsi que ses complices. Une punition tr\u00e8s s\u00e9v\u00e8re permettrait \u00e0 tous de r\u00e9fl\u00e9chir \u00e0 deux fois avant d\u2019agir. Je demande donc solennellement au Pr\u00e9sident de la R\u00e9publique, Son Excellence Macky Sall, mais \u00e9galement \u00e0 tous les citoyens, tous les acteurs politiques de s\u2019investir, la main dans la main, pour que la v\u00e9rit\u00e9 \u00e9clate. Au moment o\u00f9 le combat pour la paix en Casamance est sur le point d\u2019\u00eatre d\u00e9finitivement gagn\u00e9, nous devons tuer dans l\u2019\u0153uf toute tentative malsaine. Nous sommes tous concern\u00e9s. Rappelons-nous encore le conte \u00ab&nbsp; Il n\u2019y a pas de petite querelle \u00bb. La paix n\u2019a pas de prix!!! Je pr\u00e9sente mes sinc\u00e8res condol\u00e9ances aux familles des victimes et au peuple s\u00e9n\u00e9galais. Wasalam!\" \/>\n<meta property=\"og:url\" content=\"https:\/\/www.public.sn\/index.php\/2022\/11\/30\/mort-des-2-gendarmes-assome-diatta-exige-toute-la-lumiere\/\" \/>\n<meta property=\"og:site_name\" content=\"LE PUBLIC\" \/>\n<meta property=\"article:published_time\" content=\"2022-11-30T08:53:54+00:00\" \/>\n<meta property=\"article:modified_time\" content=\"2022-11-30T08:53:55+00:00\" \/>\n<meta property=\"og:image\" content=\"https:\/\/www.public.sn\/wp-content\/uploads\/2022\/11\/assome.jpg\" \/>\n\t<meta property=\"og:image:width\" content=\"290\" \/>\n\t<meta property=\"og:image:height\" content=\"174\" \/>\n\t<meta property=\"og:image:type\" content=\"image\/jpeg\" \/>\n<meta name=\"author\" content=\"LA REDACTION\" \/>\n<meta name=\"twitter:card\" content=\"summary_large_image\" \/>\n<meta name=\"twitter:label1\" content=\"\u00c9crit par\" \/>\n\t<meta name=\"twitter:data1\" content=\"LA REDACTION\" \/>\n\t<meta name=\"twitter:label2\" content=\"Dur\u00e9e de lecture estim\u00e9e\" \/>\n\t<meta name=\"twitter:data2\" content=\"2 minutes\" \/>\n<script type=\"application\/ld+json\" class=\"yoast-schema-graph\">{\"@context\":\"https:\/\/schema.org\",\"@graph\":[{\"@type\":\"Article\",\"@id\":\"https:\/\/www.public.sn\/index.php\/2022\/11\/30\/mort-des-2-gendarmes-assome-diatta-exige-toute-la-lumiere\/#article\",\"isPartOf\":{\"@id\":\"https:\/\/www.public.sn\/index.php\/2022\/11\/30\/mort-des-2-gendarmes-assome-diatta-exige-toute-la-lumiere\/\"},\"author\":{\"name\":\"LA REDACTION\",\"@id\":\"https:\/\/www.public.sn\/#\/schema\/person\/cb76c8e1b8becc6be61fb5e92d6d0224\"},\"headline\":\"Mort des 2 gendarmes : Assome Diatta exige toute la lumi\u00e8re.\",\"datePublished\":\"2022-11-30T08:53:54+00:00\",\"dateModified\":\"2022-11-30T08:53:55+00:00\",\"mainEntityOfPage\":{\"@id\":\"https:\/\/www.public.sn\/index.php\/2022\/11\/30\/mort-des-2-gendarmes-assome-diatta-exige-toute-la-lumiere\/\"},\"wordCount\":396,\"commentCount\":1,\"publisher\":{\"@id\":\"https:\/\/www.public.sn\/#organization\"},\"image\":{\"@id\":\"https:\/\/www.public.sn\/index.php\/2022\/11\/30\/mort-des-2-gendarmes-assome-diatta-exige-toute-la-lumiere\/#primaryimage\"},\"thumbnailUrl\":\"https:\/\/www.public.sn\/wp-content\/uploads\/2022\/11\/assome.jpg\",\"keywords\":[\"Assome Diatta\",\"communiqu\u00e9\",\"mort gendarme\"],\"articleSection\":[\"ACTUALIT\u00c9S\",\"DRAME\",\"FAITS DIVERS\",\"S\u00c9N\u00c9GAL\",\"VEDETTE\"],\"inLanguage\":\"fr-FR\",\"potentialAction\":[{\"@type\":\"CommentAction\",\"name\":\"Comment\",\"target\":[\"https:\/\/www.public.sn\/index.php\/2022\/11\/30\/mort-des-2-gendarmes-assome-diatta-exige-toute-la-lumiere\/#respond\"]}]},{\"@type\":\"WebPage\",\"@id\":\"https:\/\/www.public.sn\/index.php\/2022\/11\/30\/mort-des-2-gendarmes-assome-diatta-exige-toute-la-lumiere\/\",\"url\":\"https:\/\/www.public.sn\/index.php\/2022\/11\/30\/mort-des-2-gendarmes-assome-diatta-exige-toute-la-lumiere\/\",\"name\":\"Mort des 2 gendarmes : Assome Diatta exige toute la lumi\u00e8re. - LE PUBLIC\",\"isPartOf\":{\"@id\":\"https:\/\/www.public.sn\/#website\"},\"primaryImageOfPage\":{\"@id\":\"https:\/\/www.public.sn\/index.php\/2022\/11\/30\/mort-des-2-gendarmes-assome-diatta-exige-toute-la-lumiere\/#primaryimage\"},\"image\":{\"@id\":\"https:\/\/www.public.sn\/index.php\/2022\/11\/30\/mort-des-2-gendarmes-assome-diatta-exige-toute-la-lumiere\/#primaryimage\"},\"thumbnailUrl\":\"https:\/\/www.public.sn\/wp-content\/uploads\/2022\/11\/assome.jpg\",\"datePublished\":\"2022-11-30T08:53:54+00:00\",\"dateModified\":\"2022-11-30T08:53:55+00:00\",\"breadcrumb\":{\"@id\":\"https:\/\/www.public.sn\/index.php\/2022\/11\/30\/mort-des-2-gendarmes-assome-diatta-exige-toute-la-lumiere\/#breadcrumb\"},\"inLanguage\":\"fr-FR\",\"potentialAction\":[{\"@type\":\"ReadAction\",\"target\":[\"https:\/\/www.public.sn\/index.php\/2022\/11\/30\/mort-des-2-gendarmes-assome-diatta-exige-toute-la-lumiere\/\"]}]},{\"@type\":\"ImageObject\",\"inLanguage\":\"fr-FR\",\"@id\":\"https:\/\/www.public.sn\/index.php\/2022\/11\/30\/mort-des-2-gendarmes-assome-diatta-exige-toute-la-lumiere\/#primaryimage\",\"url\":\"https:\/\/www.public.sn\/wp-content\/uploads\/2022\/11\/assome.jpg\",\"contentUrl\":\"https:\/\/www.public.sn\/wp-content\/uploads\/2022\/11\/assome.jpg\",\"width\":290,\"height\":174,\"caption\":\"publicsn\"},{\"@type\":\"BreadcrumbList\",\"@id\":\"https:\/\/www.public.sn\/index.php\/2022\/11\/30\/mort-des-2-gendarmes-assome-diatta-exige-toute-la-lumiere\/#breadcrumb\",\"itemListElement\":[{\"@type\":\"ListItem\",\"position\":1,\"name\":\"Accueil\",\"item\":\"https:\/\/www.public.sn\/\"},{\"@type\":\"ListItem\",\"position\":2,\"name\":\"Mort des 2 gendarmes : Assome Diatta exige toute la lumi\u00e8re.\"}]},{\"@type\":\"WebSite\",\"@id\":\"https:\/\/www.public.sn\/#website\",\"url\":\"https:\/\/www.public.sn\/\",\"name\":\"LE PUBLIC\",\"description\":\"\",\"publisher\":{\"@id\":\"https:\/\/www.public.sn\/#organization\"},\"potentialAction\":[{\"@type\":\"SearchAction\",\"target\":{\"@type\":\"EntryPoint\",\"urlTemplate\":\"https:\/\/www.public.sn\/?s={search_term_string}\"},\"query-input\":{\"@type\":\"PropertyValueSpecification\",\"valueRequired\":true,\"valueName\":\"search_term_string\"}}],\"inLanguage\":\"fr-FR\"},{\"@type\":\"Organization\",\"@id\":\"https:\/\/www.public.sn\/#organization\",\"name\":\"LE PUBLIC\",\"url\":\"https:\/\/www.public.sn\/\",\"logo\":{\"@type\":\"ImageObject\",\"inLanguage\":\"fr-FR\",\"@id\":\"https:\/\/www.public.sn\/#\/schema\/logo\/image\/\",\"url\":\"https:\/\/www.public.sn\/wp-content\/uploads\/2024\/05\/cropped-LOGO-PUBLIC.SN_.png\",\"contentUrl\":\"https:\/\/www.public.sn\/wp-content\/uploads\/2024\/05\/cropped-LOGO-PUBLIC.SN_.png\",\"width\":682,\"height\":192,\"caption\":\"LE PUBLIC\"},\"image\":{\"@id\":\"https:\/\/www.public.sn\/#\/schema\/logo\/image\/\"}},{\"@type\":\"Person\",\"@id\":\"https:\/\/www.public.sn\/#\/schema\/person\/cb76c8e1b8becc6be61fb5e92d6d0224\",\"name\":\"LA REDACTION\",\"image\":{\"@type\":\"ImageObject\",\"inLanguage\":\"fr-FR\",\"@id\":\"https:\/\/www.public.sn\/#\/schema\/person\/image\/\",\"url\":\"https:\/\/secure.gravatar.com\/avatar\/2dce5ddd34b8fef0180efe03aa2a9bee7d953856048f9a16b298190a3178407c?s=96&d=mm&r=g\",\"contentUrl\":\"https:\/\/secure.gravatar.com\/avatar\/2dce5ddd34b8fef0180efe03aa2a9bee7d953856048f9a16b298190a3178407c?s=96&d=mm&r=g\",\"caption\":\"LA REDACTION\"},\"url\":\"https:\/\/www.public.sn\/index.php\/author\/editeurpsn\/\"}]}<\/script>\n<!-- \/ Yoast SEO plugin. -->","yoast_head_json":{"title":"Mort des 2 gendarmes : Assome Diatta exige toute la lumi\u00e8re. - LE PUBLIC","robots":{"index":"index","follow":"follow","max-snippet":"max-snippet:-1","max-image-preview":"max-image-preview:large","max-video-preview":"max-video-preview:-1"},"canonical":"https:\/\/www.public.sn\/index.php\/2022\/11\/30\/mort-des-2-gendarmes-assome-diatta-exige-toute-la-lumiere\/","og_locale":"fr_FR","og_type":"article","og_title":"Mort des 2 gendarmes : Assome Diatta exige toute la lumi\u00e8re. - LE PUBLIC","og_description":"R\u00e9action L&rsquo;ancienne ministre Assome Diatta sur la disparition des 2 soldats Chers concitoyens, \u00c0 Lom\u00e9 o\u00f9 je me trouvais il y a quelques jours, j\u2019ai appris avec beaucoup d\u2019inqui\u00e9tude la disparition de messieurs Fulbert Sambou et Gilbert Badji. Mon inqui\u00e9tude est d\u2019autant plus grande que la profession des disparus(gendarme et militaire) dont la mission est de prot\u00e9ger leur pays et leurs concitoyens, installe un doute profond dans les esprits. En effet, ils sont form\u00e9s pour d\u00e9busquer les malfaiteurs et d\u00e9jouer leurs pi\u00e8ges. Aujourd\u2019hui, chaque citoyen s\u00e9n\u00e9galais doit craindre pour sa propre s\u00e9curit\u00e9 si, m\u00eame les personnes form\u00e9es pour nous prot\u00e9ger, peuvent dispara\u00eetre&nbsp; ou mourir du jour au lendemain, dans des circonstances rocambolesques. Je demande \u00e0 l\u2019Etat du S\u00e9n\u00e9gal, particuli\u00e8rement aux autorit\u00e9s comp\u00e9tentes, de prendre toutes les dispositions utiles pour que la v\u00e9rit\u00e9 \u00e9clate. La science a suffisamment \u00e9volu\u00e9 pour que l\u2019\u00e9tat des corps ne soit pas un frein \u00e0 la r\u00e9alisation d\u2019une autopsie. Le S\u00e9n\u00e9gal le vaut bien. La stabilit\u00e9 du S\u00e9n\u00e9gal le vaut bien. S\u2019il y a des individus derri\u00e8re ces disparitions, leur motivation ne peut \u00eatre que de d\u00e9stabiliser notre pays. Ces disparitions, ajout\u00e9es \u00e0 tant d\u2019autres choses inqui\u00e9tantes, sont \u00e0 l\u2019origine de bien des supputations. Le S\u00e9n\u00e9gal est un et indivisible. Toute personne m\u00eal\u00e9e \u00e0 cette affaire doit \u00eatre d\u00e9masqu\u00e9e ainsi que ses complices. Une punition tr\u00e8s s\u00e9v\u00e8re permettrait \u00e0 tous de r\u00e9fl\u00e9chir \u00e0 deux fois avant d\u2019agir. Je demande donc solennellement au Pr\u00e9sident de la R\u00e9publique, Son Excellence Macky Sall, mais \u00e9galement \u00e0 tous les citoyens, tous les acteurs politiques de s\u2019investir, la main dans la main, pour que la v\u00e9rit\u00e9 \u00e9clate. Au moment o\u00f9 le combat pour la paix en Casamance est sur le point d\u2019\u00eatre d\u00e9finitivement gagn\u00e9, nous devons tuer dans l\u2019\u0153uf toute tentative malsaine. Nous sommes tous concern\u00e9s. Rappelons-nous encore le conte \u00ab&nbsp; Il n\u2019y a pas de petite querelle \u00bb. La paix n\u2019a pas de prix!!! Je pr\u00e9sente mes sinc\u00e8res condol\u00e9ances aux familles des victimes et au peuple s\u00e9n\u00e9galais. Wasalam!","og_url":"https:\/\/www.public.sn\/index.php\/2022\/11\/30\/mort-des-2-gendarmes-assome-diatta-exige-toute-la-lumiere\/","og_site_name":"LE PUBLIC","article_published_time":"2022-11-30T08:53:54+00:00","article_modified_time":"2022-11-30T08:53:55+00:00","og_image":[{"width":290,"height":174,"url":"https:\/\/www.public.sn\/wp-content\/uploads\/2022\/11\/assome.jpg","type":"image\/jpeg"}],"author":"LA REDACTION","twitter_card":"summary_large_image","twitter_misc":{"\u00c9crit par":"LA REDACTION","Dur\u00e9e de lecture estim\u00e9e":"2 minutes"},"schema":{"@context":"https:\/\/schema.org","@graph":[{"@type":"Article","@id":"https:\/\/www.public.sn\/index.php\/2022\/11\/30\/mort-des-2-gendarmes-assome-diatta-exige-toute-la-lumiere\/#article","isPartOf":{"@id":"https:\/\/www.public.sn\/index.php\/2022\/11\/30\/mort-des-2-gendarmes-assome-diatta-exige-toute-la-lumiere\/"},"author":{"name":"LA REDACTION","@id":"https:\/\/www.public.sn\/#\/schema\/person\/cb76c8e1b8becc6be61fb5e92d6d0224"},"headline":"Mort des 2 gendarmes : Assome Diatta exige toute la lumi\u00e8re.","datePublished":"2022-11-30T08:53:54+00:00","dateModified":"2022-11-30T08:53:55+00:00","mainEntityOfPage":{"@id":"https:\/\/www.public.sn\/index.php\/2022\/11\/30\/mort-des-2-gendarmes-assome-diatta-exige-toute-la-lumiere\/"},"wordCount":396,"commentCount":1,"publisher":{"@id":"https:\/\/www.public.sn\/#organization"},"image":{"@id":"https:\/\/www.public.sn\/index.php\/2022\/11\/30\/mort-des-2-gendarmes-assome-diatta-exige-toute-la-lumiere\/#primaryimage"},"thumbnailUrl":"https:\/\/www.public.sn\/wp-content\/uploads\/2022\/11\/assome.jpg","keywords":["Assome Diatta","communiqu\u00e9","mort gendarme"],"articleSection":["ACTUALIT\u00c9S","DRAME","FAITS DIVERS","S\u00c9N\u00c9GAL","VEDETTE"],"inLanguage":"fr-FR","potentialAction":[{"@type":"CommentAction","name":"Comment","target":["https:\/\/www.public.sn\/index.php\/2022\/11\/30\/mort-des-2-gendarmes-assome-diatta-exige-toute-la-lumiere\/#respond"]}]},{"@type":"WebPage","@id":"https:\/\/www.public.sn\/index.php\/2022\/11\/30\/mort-des-2-gendarmes-assome-diatta-exige-toute-la-lumiere\/","url":"https:\/\/www.public.sn\/index.php\/2022\/11\/30\/mort-des-2-gendarmes-assome-diatta-exige-toute-la-lumiere\/","name":"Mort des 2 gendarmes : Assome Diatta exige toute la lumi\u00e8re. - LE PUBLIC","isPartOf":{"@id":"https:\/\/www.public.sn\/#website"},"primaryImageOfPage":{"@id":"https:\/\/www.public.sn\/index.php\/2022\/11\/30\/mort-des-2-gendarmes-assome-diatta-exige-toute-la-lumiere\/#primaryimage"},"image":{"@id":"https:\/\/www.public.sn\/index.php\/2022\/11\/30\/mort-des-2-gendarmes-assome-diatta-exige-toute-la-lumiere\/#primaryimage"},"thumbnailUrl":"https:\/\/www.public.sn\/wp-content\/uploads\/2022\/11\/assome.jpg","datePublished":"2022-11-30T08:53:54+00:00","dateModified":"2022-11-30T08:53:55+00:00","breadcrumb":{"@id":"https:\/\/www.public.sn\/index.php\/2022\/11\/30\/mort-des-2-gendarmes-assome-diatta-exige-toute-la-lumiere\/#breadcrumb"},"inLanguage":"fr-FR","potentialAction":[{"@type":"ReadAction","target":["https:\/\/www.public.sn\/index.php\/2022\/11\/30\/mort-des-2-gendarmes-assome-diatta-exige-toute-la-lumiere\/"]}]},{"@type":"ImageObject","inLanguage":"fr-FR","@id":"https:\/\/www.public.sn\/index.php\/2022\/11\/30\/mort-des-2-gendarmes-assome-diatta-exige-toute-la-lumiere\/#primaryimage","url":"https:\/\/www.public.sn\/wp-content\/uploads\/2022\/11\/assome.jpg","contentUrl":"https:\/\/www.public.sn\/wp-content\/uploads\/2022\/11\/assome.jpg","width":290,"height":174,"caption":"publicsn"},{"@type":"BreadcrumbList","@id":"https:\/\/www.public.sn\/index.php\/2022\/11\/30\/mort-des-2-gendarmes-assome-diatta-exige-toute-la-lumiere\/#breadcrumb","itemListElement":[{"@type":"ListItem","position":1,"name":"Accueil","item":"https:\/\/www.public.sn\/"},{"@type":"ListItem","position":2,"name":"Mort des 2 gendarmes : Assome Diatta exige toute la lumi\u00e8re."}]},{"@type":"WebSite","@id":"https:\/\/www.public.sn\/#website","url":"https:\/\/www.public.sn\/","name":"LE PUBLIC","description":"","publisher":{"@id":"https:\/\/www.public.sn\/#organization"},"potentialAction":[{"@type":"SearchAction","target":{"@type":"EntryPoint","urlTemplate":"https:\/\/www.public.sn\/?s={search_term_string}"},"query-input":{"@type":"PropertyValueSpecification","valueRequired":true,"valueName":"search_term_string"}}],"inLanguage":"fr-FR"},{"@type":"Organization","@id":"https:\/\/www.public.sn\/#organization","name":"LE PUBLIC","url":"https:\/\/www.public.sn\/","logo":{"@type":"ImageObject","inLanguage":"fr-FR","@id":"https:\/\/www.public.sn\/#\/schema\/logo\/image\/","url":"https:\/\/www.public.sn\/wp-content\/uploads\/2024\/05\/cropped-LOGO-PUBLIC.SN_.png","contentUrl":"https:\/\/www.public.sn\/wp-content\/uploads\/2024\/05\/cropped-LOGO-PUBLIC.SN_.png","width":682,"height":192,"caption":"LE PUBLIC"},"image":{"@id":"https:\/\/www.public.sn\/#\/schema\/logo\/image\/"}},{"@type":"Person","@id":"https:\/\/www.public.sn\/#\/schema\/person\/cb76c8e1b8becc6be61fb5e92d6d0224","name":"LA REDACTION","image":{"@type":"ImageObject","inLanguage":"fr-FR","@id":"https:\/\/www.public.sn\/#\/schema\/person\/image\/","url":"https:\/\/secure.gravatar.com\/avatar\/2dce5ddd34b8fef0180efe03aa2a9bee7d953856048f9a16b298190a3178407c?s=96&d=mm&r=g","contentUrl":"https:\/\/secure.gravatar.com\/avatar\/2dce5ddd34b8fef0180efe03aa2a9bee7d953856048f9a16b298190a3178407c?s=96&d=mm&r=g","caption":"LA REDACTION"},"url":"https:\/\/www.public.sn\/index.php\/author\/editeurpsn\/"}]}},"jetpack_featured_media_url":"https:\/\/www.public.sn\/wp-content\/uploads\/2022\/11\/assome.jpg","jetpack_sharing_enabled":true,"_links":{"self":[{"href":"https:\/\/www.public.sn\/index.php\/wp-json\/wp\/v2\/posts\/10566","targetHints":{"allow":["GET"]}}],"collection":[{"href":"https:\/\/www.public.sn\/index.php\/wp-json\/wp\/v2\/posts"}],"about":[{"href":"https:\/\/www.public.sn\/index.php\/wp-json\/wp\/v2\/types\/post"}],"author":[{"embeddable":true,"href":"https:\/\/www.public.sn\/index.php\/wp-json\/wp\/v2\/users\/7"}],"replies":[{"embeddable":true,"href":"https:\/\/www.public.sn\/index.php\/wp-json\/wp\/v2\/comments?post=10566"}],"version-history":[{"count":2,"href":"https:\/\/www.public.sn\/index.php\/wp-json\/wp\/v2\/posts\/10566\/revisions"}],"predecessor-version":[{"id":10569,"href":"https:\/\/www.public.sn\/index.php\/wp-json\/wp\/v2\/posts\/10566\/revisions\/10569"}],"wp:featuredmedia":[{"embeddable":true,"href":"https:\/\/www.public.sn\/index.php\/wp-json\/wp\/v2\/media\/10567"}],"wp:attachment":[{"href":"https:\/\/www.public.sn\/index.php\/wp-json\/wp\/v2\/media?parent=10566"}],"wp:term":[{"taxonomy":"category","embeddable":true,"href":"https:\/\/www.public.sn\/index.php\/wp-json\/wp\/v2\/categories?post=10566"},{"taxonomy":"post_tag","embeddable":true,"href":"https:\/\/www.public.sn\/index.php\/wp-json\/wp\/v2\/tags?post=10566"}],"curies":[{"name":"wp","href":"https:\/\/api.w.org\/{rel}","templated":true}]}}