{"id":10570,"date":"2022-11-30T09:09:59","date_gmt":"2022-11-30T09:09:59","guid":{"rendered":"https:\/\/www.public.sn\/?p=10570"},"modified":"2022-11-30T09:10:02","modified_gmt":"2022-11-30T09:10:02","slug":"keur-momar-sarr-le-berger-defere-pour-vol-de-mouton","status":"publish","type":"post","link":"https:\/\/www.public.sn\/index.php\/2022\/11\/30\/keur-momar-sarr-le-berger-defere-pour-vol-de-mouton\/","title":{"rendered":"Keur Momar Sarr\u00a0: Le berger d\u00e9f\u00e9r\u00e9 pour vol de mouton."},"content":{"rendered":"\n<p><\/p>\n\n\n\n<p>Demba Sow originaire de Ndiayene dans la commune de Keur Massar, r\u00e9gion de Louga \u00e9tait loin de s\u2019imaginer qu\u2019en quittant son bled pour migrer vers la commune de Tjiamene Cadior, il risquait de perdre son troupeau. En effet dans la nuit de du Vendredi 18 Novembre, le berger se rend compte de la disparition de 11 de ses moutons \u00e0 Boguel ou il avait pass\u00e9 la nuit avec son troupeau. <\/p><div class=\"publi-paragraphe1\" style=\"margin-top: 10px;margin-bottom: 10px;margin-left: auto;margin-right: auto;text-align: center;\" id=\"publi-1182715362\"><div class=\"publi-adlabel\">Publicit\u00e9<\/div><script async src=\"\/\/pagead2.googlesyndication.com\/pagead\/js\/adsbygoogle.js?client=ca-pub-4089586018074219\" crossorigin=\"anonymous\"><\/script><ins class=\"adsbygoogle\" style=\"display:block;\" data-ad-client=\"ca-pub-4089586018074219\" \ndata-ad-slot=\"2087940154\" \ndata-ad-format=\"auto\"><\/ins>\n<script> \n(adsbygoogle = window.adsbygoogle || []).push({}); \n<\/script>\n<\/div>\n\n\n\n<p><\/p>\n\n\n\n<p>Les recherches furent entreprises et c\u2019est le 23 Novembre qu\u2019il retrouve 7 de ses moutons dans le troupeau d\u2019un jeune berger de 12 ans et qui affirme que les mouton appartiennent \u00e0 un certain Gorgui Ba. Demba Sow se rend \u00e0 la gendarmerie et porte plainte contre Gorgui Ba pour le vol de ses moutons. Les gendarmes se d\u00e9ploient sur les lieux et arr\u00eate le mis en cause et l\u2019achemine \u00e0 la brigade de Koki.et pourtant malgr\u00e9 la pr\u00e9sence des 11 moutons de demba Sow dans son troupeau,<\/p>\n\n\n\n<p><\/p>\n\n\n\n<p> Gorgui Ba avance qu\u2019il n\u2019est pas au courant de ces b\u00eates dans son troupeau. Et durant son interpellation, d\u2019autres victimes se sont pr\u00e9sent\u00e9s au poste de gendarmerie pour porter plainte contre Demba Sow. Et au cour de sa garde \u00e0 vue l\u00e9gal, Demba Sow a \u00e9t\u00e9 d\u00e9f\u00e9r\u00e9 au parquet pour vol de moutons<\/p>\n\n\n\n<p>Samba SY.<\/p>\n<div class=\"publi-apres-le-contenu\" style=\"margin-top: 10px;margin-bottom: 10px;margin-left: auto;margin-right: auto;text-align: center;\" id=\"publi-4108285551\"><div class=\"publi-adlabel\">Publicit\u00e9<\/div><script async src=\"\/\/pagead2.googlesyndication.com\/pagead\/js\/adsbygoogle.js?client=ca-pub-4089586018074219\" crossorigin=\"anonymous\"><\/script><ins class=\"adsbygoogle\" style=\"display:block;\" data-ad-client=\"ca-pub-4089586018074219\" \ndata-ad-slot=\"2087940154\" \ndata-ad-format=\"auto\"><\/ins>\n<script> \n(adsbygoogle = window.adsbygoogle || []).push({}); \n<\/script>\n<\/div>","protected":false},"excerpt":{"rendered":"<p>Demba Sow originaire de Ndiayene dans la commune de Keur Massar, r\u00e9gion de Louga \u00e9tait loin de s\u2019imaginer qu\u2019en quittant son bled pour migrer vers la commune de Tjiamene Cadior, il risquait de perdre son troupeau. En effet dans la nuit de du Vendredi 18 Novembre, le berger se rend compte de la disparition de 11 de ses moutons \u00e0 Boguel ou il avait pass\u00e9 la nuit avec son troupeau. Les recherches furent entreprises et c\u2019est le 23 Novembre qu\u2019il retrouve 7 de ses moutons dans le troupeau d\u2019un jeune berger de 12 ans et qui affirme que les mouton appartiennent \u00e0 un certain Gorgui Ba. Demba Sow se rend \u00e0 la gendarmerie et porte plainte contre Gorgui Ba pour le vol de ses moutons. Les gendarmes se d\u00e9ploient sur les lieux et arr\u00eate le mis en cause et l\u2019achemine \u00e0 la brigade de Koki.et pourtant malgr\u00e9 la pr\u00e9sence des 11 moutons de demba Sow dans son troupeau, Gorgui Ba avance qu\u2019il n\u2019est pas au courant de ces b\u00eates dans son troupeau. Et durant son interpellation, d\u2019autres victimes se sont pr\u00e9sent\u00e9s au poste de gendarmerie pour porter plainte contre Demba Sow. Et au cour de sa garde \u00e0 vue l\u00e9gal, Demba Sow a \u00e9t\u00e9 d\u00e9f\u00e9r\u00e9 au parquet pour vol de moutons Samba SY.<\/p>\n","protected":false},"author":7,"featured_media":10571,"comment_status":"open","ping_status":"open","sticky":false,"template":"","format":"standard","meta":{"_jetpack_memberships_contains_paid_content":false,"footnotes":""},"categories":[375,379,1],"tags":[631,3495,2477],"class_list":["post-10570","post","type-post","status-publish","format-standard","has-post-thumbnail","hentry","category-actualites","category-faits-divers","category-non-classe","tag-berger","tag-keur-momar-sarr","tag-vol-de-mouton","entry","has-media","owp-thumbs-layout-horizontal","owp-btn-normal","owp-tabs-layout-horizontal","has-no-thumbnails","has-product-nav"],"yoast_head":"<!-- This site is optimized with the Yoast SEO plugin v25.5 - https:\/\/yoast.com\/wordpress\/plugins\/seo\/ -->\n<title>Keur Momar Sarr\u00a0: Le berger d\u00e9f\u00e9r\u00e9 pour vol de mouton. - LE PUBLIC<\/title>\n<meta name=\"robots\" content=\"index, follow, max-snippet:-1, max-image-preview:large, max-video-preview:-1\" \/>\n<link rel=\"canonical\" href=\"https:\/\/www.public.sn\/index.php\/2022\/11\/30\/keur-momar-sarr-le-berger-defere-pour-vol-de-mouton\/\" \/>\n<meta property=\"og:locale\" content=\"fr_FR\" \/>\n<meta property=\"og:type\" content=\"article\" \/>\n<meta property=\"og:title\" content=\"Keur Momar Sarr\u00a0: Le berger d\u00e9f\u00e9r\u00e9 pour vol de mouton. - LE PUBLIC\" \/>\n<meta property=\"og:description\" content=\"Demba Sow originaire de Ndiayene dans la commune de Keur Massar, r\u00e9gion de Louga \u00e9tait loin de s\u2019imaginer qu\u2019en quittant son bled pour migrer vers la commune de Tjiamene Cadior, il risquait de perdre son troupeau. En effet dans la nuit de du Vendredi 18 Novembre, le berger se rend compte de la disparition de 11 de ses moutons \u00e0 Boguel ou il avait pass\u00e9 la nuit avec son troupeau. Les recherches furent entreprises et c\u2019est le 23 Novembre qu\u2019il retrouve 7 de ses moutons dans le troupeau d\u2019un jeune berger de 12 ans et qui affirme que les mouton appartiennent \u00e0 un certain Gorgui Ba. Demba Sow se rend \u00e0 la gendarmerie et porte plainte contre Gorgui Ba pour le vol de ses moutons. Les gendarmes se d\u00e9ploient sur les lieux et arr\u00eate le mis en cause et l\u2019achemine \u00e0 la brigade de Koki.et pourtant malgr\u00e9 la pr\u00e9sence des 11 moutons de demba Sow dans son troupeau, Gorgui Ba avance qu\u2019il n\u2019est pas au courant de ces b\u00eates dans son troupeau. Et durant son interpellation, d\u2019autres victimes se sont pr\u00e9sent\u00e9s au poste de gendarmerie pour porter plainte contre Demba Sow. Et au cour de sa garde \u00e0 vue l\u00e9gal, Demba Sow a \u00e9t\u00e9 d\u00e9f\u00e9r\u00e9 au parquet pour vol de moutons Samba SY.\" \/>\n<meta property=\"og:url\" content=\"https:\/\/www.public.sn\/index.php\/2022\/11\/30\/keur-momar-sarr-le-berger-defere-pour-vol-de-mouton\/\" \/>\n<meta property=\"og:site_name\" content=\"LE PUBLIC\" \/>\n<meta property=\"article:published_time\" content=\"2022-11-30T09:09:59+00:00\" \/>\n<meta property=\"article:modified_time\" content=\"2022-11-30T09:10:02+00:00\" \/>\n<meta property=\"og:image\" content=\"https:\/\/www.public.sn\/wp-content\/uploads\/2022\/11\/vol-mouton.jpg\" \/>\n\t<meta property=\"og:image:width\" content=\"1200\" \/>\n\t<meta property=\"og:image:height\" content=\"900\" \/>\n\t<meta property=\"og:image:type\" content=\"image\/jpeg\" \/>\n<meta name=\"author\" content=\"LA REDACTION\" \/>\n<meta name=\"twitter:card\" content=\"summary_large_image\" \/>\n<meta name=\"twitter:label1\" content=\"\u00c9crit par\" \/>\n\t<meta name=\"twitter:data1\" content=\"LA REDACTION\" \/>\n\t<meta name=\"twitter:label2\" content=\"Dur\u00e9e de lecture estim\u00e9e\" \/>\n\t<meta name=\"twitter:data2\" content=\"2 minutes\" \/>\n<script type=\"application\/ld+json\" class=\"yoast-schema-graph\">{\"@context\":\"https:\/\/schema.org\",\"@graph\":[{\"@type\":\"Article\",\"@id\":\"https:\/\/www.public.sn\/index.php\/2022\/11\/30\/keur-momar-sarr-le-berger-defere-pour-vol-de-mouton\/#article\",\"isPartOf\":{\"@id\":\"https:\/\/www.public.sn\/index.php\/2022\/11\/30\/keur-momar-sarr-le-berger-defere-pour-vol-de-mouton\/\"},\"author\":{\"name\":\"LA REDACTION\",\"@id\":\"https:\/\/www.public.sn\/#\/schema\/person\/cb76c8e1b8becc6be61fb5e92d6d0224\"},\"headline\":\"Keur Momar Sarr\u00a0: Le berger d\u00e9f\u00e9r\u00e9 pour vol de mouton.\",\"datePublished\":\"2022-11-30T09:09:59+00:00\",\"dateModified\":\"2022-11-30T09:10:02+00:00\",\"mainEntityOfPage\":{\"@id\":\"https:\/\/www.public.sn\/index.php\/2022\/11\/30\/keur-momar-sarr-le-berger-defere-pour-vol-de-mouton\/\"},\"wordCount\":234,\"commentCount\":0,\"publisher\":{\"@id\":\"https:\/\/www.public.sn\/#organization\"},\"image\":{\"@id\":\"https:\/\/www.public.sn\/index.php\/2022\/11\/30\/keur-momar-sarr-le-berger-defere-pour-vol-de-mouton\/#primaryimage\"},\"thumbnailUrl\":\"https:\/\/www.public.sn\/wp-content\/uploads\/2022\/11\/vol-mouton.jpg\",\"keywords\":[\"Berger\",\"keur momar sarr\",\"vol de mouton\"],\"articleSection\":[\"ACTUALIT\u00c9S\",\"FAITS DIVERS\",\"S\u00c9N\u00c9GAL\"],\"inLanguage\":\"fr-FR\",\"potentialAction\":[{\"@type\":\"CommentAction\",\"name\":\"Comment\",\"target\":[\"https:\/\/www.public.sn\/index.php\/2022\/11\/30\/keur-momar-sarr-le-berger-defere-pour-vol-de-mouton\/#respond\"]}]},{\"@type\":\"WebPage\",\"@id\":\"https:\/\/www.public.sn\/index.php\/2022\/11\/30\/keur-momar-sarr-le-berger-defere-pour-vol-de-mouton\/\",\"url\":\"https:\/\/www.public.sn\/index.php\/2022\/11\/30\/keur-momar-sarr-le-berger-defere-pour-vol-de-mouton\/\",\"name\":\"Keur Momar Sarr\u00a0: Le berger d\u00e9f\u00e9r\u00e9 pour vol de mouton. - LE PUBLIC\",\"isPartOf\":{\"@id\":\"https:\/\/www.public.sn\/#website\"},\"primaryImageOfPage\":{\"@id\":\"https:\/\/www.public.sn\/index.php\/2022\/11\/30\/keur-momar-sarr-le-berger-defere-pour-vol-de-mouton\/#primaryimage\"},\"image\":{\"@id\":\"https:\/\/www.public.sn\/index.php\/2022\/11\/30\/keur-momar-sarr-le-berger-defere-pour-vol-de-mouton\/#primaryimage\"},\"thumbnailUrl\":\"https:\/\/www.public.sn\/wp-content\/uploads\/2022\/11\/vol-mouton.jpg\",\"datePublished\":\"2022-11-30T09:09:59+00:00\",\"dateModified\":\"2022-11-30T09:10:02+00:00\",\"breadcrumb\":{\"@id\":\"https:\/\/www.public.sn\/index.php\/2022\/11\/30\/keur-momar-sarr-le-berger-defere-pour-vol-de-mouton\/#breadcrumb\"},\"inLanguage\":\"fr-FR\",\"potentialAction\":[{\"@type\":\"ReadAction\",\"target\":[\"https:\/\/www.public.sn\/index.php\/2022\/11\/30\/keur-momar-sarr-le-berger-defere-pour-vol-de-mouton\/\"]}]},{\"@type\":\"ImageObject\",\"inLanguage\":\"fr-FR\",\"@id\":\"https:\/\/www.public.sn\/index.php\/2022\/11\/30\/keur-momar-sarr-le-berger-defere-pour-vol-de-mouton\/#primaryimage\",\"url\":\"https:\/\/www.public.sn\/wp-content\/uploads\/2022\/11\/vol-mouton.jpg\",\"contentUrl\":\"https:\/\/www.public.sn\/wp-content\/uploads\/2022\/11\/vol-mouton.jpg\",\"width\":1200,\"height\":900,\"caption\":\"publicsn\"},{\"@type\":\"BreadcrumbList\",\"@id\":\"https:\/\/www.public.sn\/index.php\/2022\/11\/30\/keur-momar-sarr-le-berger-defere-pour-vol-de-mouton\/#breadcrumb\",\"itemListElement\":[{\"@type\":\"ListItem\",\"position\":1,\"name\":\"Accueil\",\"item\":\"https:\/\/www.public.sn\/\"},{\"@type\":\"ListItem\",\"position\":2,\"name\":\"Keur Momar Sarr\u00a0: Le berger d\u00e9f\u00e9r\u00e9 pour vol de mouton.\"}]},{\"@type\":\"WebSite\",\"@id\":\"https:\/\/www.public.sn\/#website\",\"url\":\"https:\/\/www.public.sn\/\",\"name\":\"LE PUBLIC\",\"description\":\"\",\"publisher\":{\"@id\":\"https:\/\/www.public.sn\/#organization\"},\"potentialAction\":[{\"@type\":\"SearchAction\",\"target\":{\"@type\":\"EntryPoint\",\"urlTemplate\":\"https:\/\/www.public.sn\/?s={search_term_string}\"},\"query-input\":{\"@type\":\"PropertyValueSpecification\",\"valueRequired\":true,\"valueName\":\"search_term_string\"}}],\"inLanguage\":\"fr-FR\"},{\"@type\":\"Organization\",\"@id\":\"https:\/\/www.public.sn\/#organization\",\"name\":\"LE PUBLIC\",\"url\":\"https:\/\/www.public.sn\/\",\"logo\":{\"@type\":\"ImageObject\",\"inLanguage\":\"fr-FR\",\"@id\":\"https:\/\/www.public.sn\/#\/schema\/logo\/image\/\",\"url\":\"https:\/\/www.public.sn\/wp-content\/uploads\/2024\/05\/cropped-LOGO-PUBLIC.SN_.png\",\"contentUrl\":\"https:\/\/www.public.sn\/wp-content\/uploads\/2024\/05\/cropped-LOGO-PUBLIC.SN_.png\",\"width\":682,\"height\":192,\"caption\":\"LE PUBLIC\"},\"image\":{\"@id\":\"https:\/\/www.public.sn\/#\/schema\/logo\/image\/\"}},{\"@type\":\"Person\",\"@id\":\"https:\/\/www.public.sn\/#\/schema\/person\/cb76c8e1b8becc6be61fb5e92d6d0224\",\"name\":\"LA REDACTION\",\"image\":{\"@type\":\"ImageObject\",\"inLanguage\":\"fr-FR\",\"@id\":\"https:\/\/www.public.sn\/#\/schema\/person\/image\/\",\"url\":\"https:\/\/secure.gravatar.com\/avatar\/2dce5ddd34b8fef0180efe03aa2a9bee7d953856048f9a16b298190a3178407c?s=96&d=mm&r=g\",\"contentUrl\":\"https:\/\/secure.gravatar.com\/avatar\/2dce5ddd34b8fef0180efe03aa2a9bee7d953856048f9a16b298190a3178407c?s=96&d=mm&r=g\",\"caption\":\"LA REDACTION\"},\"url\":\"https:\/\/www.public.sn\/index.php\/author\/editeurpsn\/\"}]}<\/script>\n<!-- \/ Yoast SEO plugin. -->","yoast_head_json":{"title":"Keur Momar Sarr\u00a0: Le berger d\u00e9f\u00e9r\u00e9 pour vol de mouton. - LE PUBLIC","robots":{"index":"index","follow":"follow","max-snippet":"max-snippet:-1","max-image-preview":"max-image-preview:large","max-video-preview":"max-video-preview:-1"},"canonical":"https:\/\/www.public.sn\/index.php\/2022\/11\/30\/keur-momar-sarr-le-berger-defere-pour-vol-de-mouton\/","og_locale":"fr_FR","og_type":"article","og_title":"Keur Momar Sarr\u00a0: Le berger d\u00e9f\u00e9r\u00e9 pour vol de mouton. - LE PUBLIC","og_description":"Demba Sow originaire de Ndiayene dans la commune de Keur Massar, r\u00e9gion de Louga \u00e9tait loin de s\u2019imaginer qu\u2019en quittant son bled pour migrer vers la commune de Tjiamene Cadior, il risquait de perdre son troupeau. En effet dans la nuit de du Vendredi 18 Novembre, le berger se rend compte de la disparition de 11 de ses moutons \u00e0 Boguel ou il avait pass\u00e9 la nuit avec son troupeau. Les recherches furent entreprises et c\u2019est le 23 Novembre qu\u2019il retrouve 7 de ses moutons dans le troupeau d\u2019un jeune berger de 12 ans et qui affirme que les mouton appartiennent \u00e0 un certain Gorgui Ba. Demba Sow se rend \u00e0 la gendarmerie et porte plainte contre Gorgui Ba pour le vol de ses moutons. Les gendarmes se d\u00e9ploient sur les lieux et arr\u00eate le mis en cause et l\u2019achemine \u00e0 la brigade de Koki.et pourtant malgr\u00e9 la pr\u00e9sence des 11 moutons de demba Sow dans son troupeau, Gorgui Ba avance qu\u2019il n\u2019est pas au courant de ces b\u00eates dans son troupeau. Et durant son interpellation, d\u2019autres victimes se sont pr\u00e9sent\u00e9s au poste de gendarmerie pour porter plainte contre Demba Sow. Et au cour de sa garde \u00e0 vue l\u00e9gal, Demba Sow a \u00e9t\u00e9 d\u00e9f\u00e9r\u00e9 au parquet pour vol de moutons Samba SY.","og_url":"https:\/\/www.public.sn\/index.php\/2022\/11\/30\/keur-momar-sarr-le-berger-defere-pour-vol-de-mouton\/","og_site_name":"LE PUBLIC","article_published_time":"2022-11-30T09:09:59+00:00","article_modified_time":"2022-11-30T09:10:02+00:00","og_image":[{"width":1200,"height":900,"url":"https:\/\/www.public.sn\/wp-content\/uploads\/2022\/11\/vol-mouton.jpg","type":"image\/jpeg"}],"author":"LA REDACTION","twitter_card":"summary_large_image","twitter_misc":{"\u00c9crit par":"LA REDACTION","Dur\u00e9e de lecture estim\u00e9e":"2 minutes"},"schema":{"@context":"https:\/\/schema.org","@graph":[{"@type":"Article","@id":"https:\/\/www.public.sn\/index.php\/2022\/11\/30\/keur-momar-sarr-le-berger-defere-pour-vol-de-mouton\/#article","isPartOf":{"@id":"https:\/\/www.public.sn\/index.php\/2022\/11\/30\/keur-momar-sarr-le-berger-defere-pour-vol-de-mouton\/"},"author":{"name":"LA REDACTION","@id":"https:\/\/www.public.sn\/#\/schema\/person\/cb76c8e1b8becc6be61fb5e92d6d0224"},"headline":"Keur Momar Sarr\u00a0: Le berger d\u00e9f\u00e9r\u00e9 pour vol de mouton.","datePublished":"2022-11-30T09:09:59+00:00","dateModified":"2022-11-30T09:10:02+00:00","mainEntityOfPage":{"@id":"https:\/\/www.public.sn\/index.php\/2022\/11\/30\/keur-momar-sarr-le-berger-defere-pour-vol-de-mouton\/"},"wordCount":234,"commentCount":0,"publisher":{"@id":"https:\/\/www.public.sn\/#organization"},"image":{"@id":"https:\/\/www.public.sn\/index.php\/2022\/11\/30\/keur-momar-sarr-le-berger-defere-pour-vol-de-mouton\/#primaryimage"},"thumbnailUrl":"https:\/\/www.public.sn\/wp-content\/uploads\/2022\/11\/vol-mouton.jpg","keywords":["Berger","keur momar sarr","vol de mouton"],"articleSection":["ACTUALIT\u00c9S","FAITS DIVERS","S\u00c9N\u00c9GAL"],"inLanguage":"fr-FR","potentialAction":[{"@type":"CommentAction","name":"Comment","target":["https:\/\/www.public.sn\/index.php\/2022\/11\/30\/keur-momar-sarr-le-berger-defere-pour-vol-de-mouton\/#respond"]}]},{"@type":"WebPage","@id":"https:\/\/www.public.sn\/index.php\/2022\/11\/30\/keur-momar-sarr-le-berger-defere-pour-vol-de-mouton\/","url":"https:\/\/www.public.sn\/index.php\/2022\/11\/30\/keur-momar-sarr-le-berger-defere-pour-vol-de-mouton\/","name":"Keur Momar Sarr\u00a0: Le berger d\u00e9f\u00e9r\u00e9 pour vol de mouton. - LE PUBLIC","isPartOf":{"@id":"https:\/\/www.public.sn\/#website"},"primaryImageOfPage":{"@id":"https:\/\/www.public.sn\/index.php\/2022\/11\/30\/keur-momar-sarr-le-berger-defere-pour-vol-de-mouton\/#primaryimage"},"image":{"@id":"https:\/\/www.public.sn\/index.php\/2022\/11\/30\/keur-momar-sarr-le-berger-defere-pour-vol-de-mouton\/#primaryimage"},"thumbnailUrl":"https:\/\/www.public.sn\/wp-content\/uploads\/2022\/11\/vol-mouton.jpg","datePublished":"2022-11-30T09:09:59+00:00","dateModified":"2022-11-30T09:10:02+00:00","breadcrumb":{"@id":"https:\/\/www.public.sn\/index.php\/2022\/11\/30\/keur-momar-sarr-le-berger-defere-pour-vol-de-mouton\/#breadcrumb"},"inLanguage":"fr-FR","potentialAction":[{"@type":"ReadAction","target":["https:\/\/www.public.sn\/index.php\/2022\/11\/30\/keur-momar-sarr-le-berger-defere-pour-vol-de-mouton\/"]}]},{"@type":"ImageObject","inLanguage":"fr-FR","@id":"https:\/\/www.public.sn\/index.php\/2022\/11\/30\/keur-momar-sarr-le-berger-defere-pour-vol-de-mouton\/#primaryimage","url":"https:\/\/www.public.sn\/wp-content\/uploads\/2022\/11\/vol-mouton.jpg","contentUrl":"https:\/\/www.public.sn\/wp-content\/uploads\/2022\/11\/vol-mouton.jpg","width":1200,"height":900,"caption":"publicsn"},{"@type":"BreadcrumbList","@id":"https:\/\/www.public.sn\/index.php\/2022\/11\/30\/keur-momar-sarr-le-berger-defere-pour-vol-de-mouton\/#breadcrumb","itemListElement":[{"@type":"ListItem","position":1,"name":"Accueil","item":"https:\/\/www.public.sn\/"},{"@type":"ListItem","position":2,"name":"Keur Momar Sarr\u00a0: Le berger d\u00e9f\u00e9r\u00e9 pour vol de mouton."}]},{"@type":"WebSite","@id":"https:\/\/www.public.sn\/#website","url":"https:\/\/www.public.sn\/","name":"LE PUBLIC","description":"","publisher":{"@id":"https:\/\/www.public.sn\/#organization"},"potentialAction":[{"@type":"SearchAction","target":{"@type":"EntryPoint","urlTemplate":"https:\/\/www.public.sn\/?s={search_term_string}"},"query-input":{"@type":"PropertyValueSpecification","valueRequired":true,"valueName":"search_term_string"}}],"inLanguage":"fr-FR"},{"@type":"Organization","@id":"https:\/\/www.public.sn\/#organization","name":"LE PUBLIC","url":"https:\/\/www.public.sn\/","logo":{"@type":"ImageObject","inLanguage":"fr-FR","@id":"https:\/\/www.public.sn\/#\/schema\/logo\/image\/","url":"https:\/\/www.public.sn\/wp-content\/uploads\/2024\/05\/cropped-LOGO-PUBLIC.SN_.png","contentUrl":"https:\/\/www.public.sn\/wp-content\/uploads\/2024\/05\/cropped-LOGO-PUBLIC.SN_.png","width":682,"height":192,"caption":"LE PUBLIC"},"image":{"@id":"https:\/\/www.public.sn\/#\/schema\/logo\/image\/"}},{"@type":"Person","@id":"https:\/\/www.public.sn\/#\/schema\/person\/cb76c8e1b8becc6be61fb5e92d6d0224","name":"LA REDACTION","image":{"@type":"ImageObject","inLanguage":"fr-FR","@id":"https:\/\/www.public.sn\/#\/schema\/person\/image\/","url":"https:\/\/secure.gravatar.com\/avatar\/2dce5ddd34b8fef0180efe03aa2a9bee7d953856048f9a16b298190a3178407c?s=96&d=mm&r=g","contentUrl":"https:\/\/secure.gravatar.com\/avatar\/2dce5ddd34b8fef0180efe03aa2a9bee7d953856048f9a16b298190a3178407c?s=96&d=mm&r=g","caption":"LA REDACTION"},"url":"https:\/\/www.public.sn\/index.php\/author\/editeurpsn\/"}]}},"jetpack_featured_media_url":"https:\/\/www.public.sn\/wp-content\/uploads\/2022\/11\/vol-mouton.jpg","jetpack_sharing_enabled":true,"_links":{"self":[{"href":"https:\/\/www.public.sn\/index.php\/wp-json\/wp\/v2\/posts\/10570","targetHints":{"allow":["GET"]}}],"collection":[{"href":"https:\/\/www.public.sn\/index.php\/wp-json\/wp\/v2\/posts"}],"about":[{"href":"https:\/\/www.public.sn\/index.php\/wp-json\/wp\/v2\/types\/post"}],"author":[{"embeddable":true,"href":"https:\/\/www.public.sn\/index.php\/wp-json\/wp\/v2\/users\/7"}],"replies":[{"embeddable":true,"href":"https:\/\/www.public.sn\/index.php\/wp-json\/wp\/v2\/comments?post=10570"}],"version-history":[{"count":2,"href":"https:\/\/www.public.sn\/index.php\/wp-json\/wp\/v2\/posts\/10570\/revisions"}],"predecessor-version":[{"id":10573,"href":"https:\/\/www.public.sn\/index.php\/wp-json\/wp\/v2\/posts\/10570\/revisions\/10573"}],"wp:featuredmedia":[{"embeddable":true,"href":"https:\/\/www.public.sn\/index.php\/wp-json\/wp\/v2\/media\/10571"}],"wp:attachment":[{"href":"https:\/\/www.public.sn\/index.php\/wp-json\/wp\/v2\/media?parent=10570"}],"wp:term":[{"taxonomy":"category","embeddable":true,"href":"https:\/\/www.public.sn\/index.php\/wp-json\/wp\/v2\/categories?post=10570"},{"taxonomy":"post_tag","embeddable":true,"href":"https:\/\/www.public.sn\/index.php\/wp-json\/wp\/v2\/tags?post=10570"}],"curies":[{"name":"wp","href":"https:\/\/api.w.org\/{rel}","templated":true}]}}