{"id":10630,"date":"2022-11-30T12:31:43","date_gmt":"2022-11-30T12:31:43","guid":{"rendered":"https:\/\/www.public.sn\/?p=10630"},"modified":"2022-11-30T12:31:48","modified_gmt":"2022-11-30T12:31:48","slug":"match-contre-tunisie-mbappe-absent","status":"publish","type":"post","link":"https:\/\/www.public.sn\/index.php\/2022\/11\/30\/match-contre-tunisie-mbappe-absent\/","title":{"rendered":"Match contre Tunisie\u00a0: Mbapp\u00e9 absent\u00a0?"},"content":{"rendered":"\n<p><\/p>\n\n\n\n<p>Kylian Mbapp\u00e9 pourrait ne pas participer au match entre la France et la Tunisie de ce Mercredi \u00e0 15h. Le joueur fran\u00e7ais souffrirait d\u2019une g\u00eane au niveau de la cheville. <\/p><div class=\"publi-paragraphe1\" style=\"margin-top: 10px;margin-bottom: 10px;margin-left: auto;margin-right: auto;text-align: center;\" id=\"publi-905441389\"><div class=\"publi-adlabel\">Publicit\u00e9<\/div><script async src=\"\/\/pagead2.googlesyndication.com\/pagead\/js\/adsbygoogle.js?client=ca-pub-4089586018074219\" crossorigin=\"anonymous\"><\/script><ins class=\"adsbygoogle\" style=\"display:block;\" data-ad-client=\"ca-pub-4089586018074219\" \ndata-ad-slot=\"2087940154\" \ndata-ad-format=\"auto\"><\/ins>\n<script> \n(adsbygoogle = window.adsbygoogle || []).push({}); \n<\/script>\n<\/div>\n\n\n\n<p><\/p>\n\n\n\n<p>Et s\u2019il d\u00e9clare forfait, il pourrait \u00eatre\u00a0 remplac\u00e9 par Randal Kolo Muani qui pourrait f\u00eater sa premi\u00e8re titularisation. Certaines informations avancent que Didier Deschamps a besoin d\u2019un Kylian Mbapp\u00e9 \u00e0 100% d\u2019autant plus que la France, avec deux victoires est d\u00e9j\u00e0 qualifi\u00e9e en huiti\u00e8me de finale.<\/p>\n\n\n\n<p>Samba SY.<\/p>\n<div class=\"publi-apres-le-contenu\" style=\"margin-top: 10px;margin-bottom: 10px;margin-left: auto;margin-right: auto;text-align: center;\" id=\"publi-3012666903\"><div class=\"publi-adlabel\">Publicit\u00e9<\/div><script async src=\"\/\/pagead2.googlesyndication.com\/pagead\/js\/adsbygoogle.js?client=ca-pub-4089586018074219\" crossorigin=\"anonymous\"><\/script><ins class=\"adsbygoogle\" style=\"display:block;\" data-ad-client=\"ca-pub-4089586018074219\" \ndata-ad-slot=\"2087940154\" \ndata-ad-format=\"auto\"><\/ins>\n<script> \n(adsbygoogle = window.adsbygoogle || []).push({}); \n<\/script>\n<\/div>","protected":false},"excerpt":{"rendered":"<p>Kylian Mbapp\u00e9 pourrait ne pas participer au match entre la France et la Tunisie de ce Mercredi \u00e0 15h. Le joueur fran\u00e7ais souffrirait d\u2019une g\u00eane au niveau de la cheville. Et s\u2019il d\u00e9clare forfait, il pourrait \u00eatre\u00a0 remplac\u00e9 par Randal Kolo Muani qui pourrait f\u00eater sa premi\u00e8re titularisation. Certaines informations avancent que Didier Deschamps a besoin d\u2019un Kylian Mbapp\u00e9 \u00e0 100% d\u2019autant plus que la France, avec deux victoires est d\u00e9j\u00e0 qualifi\u00e9e en huiti\u00e8me de finale. Samba SY.<\/p>\n","protected":false},"author":7,"featured_media":10631,"comment_status":"open","ping_status":"open","sticky":false,"template":"","format":"standard","meta":{"_jetpack_memberships_contains_paid_content":false,"footnotes":""},"categories":[375,550,3412,7],"tags":[2052,1289,3394],"class_list":["post-10630","post","type-post","status-publish","format-standard","has-post-thumbnail","hentry","category-actualites","category-afrique-monde","category-football","category-sport","tag-forfait","tag-mbappe-2","tag-tunisie","entry","has-media","owp-thumbs-layout-horizontal","owp-btn-normal","owp-tabs-layout-horizontal","has-no-thumbnails","has-product-nav"],"yoast_head":"<!-- This site is optimized with the Yoast SEO plugin v25.5 - https:\/\/yoast.com\/wordpress\/plugins\/seo\/ -->\n<title>Match contre Tunisie\u00a0: Mbapp\u00e9 absent\u00a0? - LE PUBLIC<\/title>\n<meta name=\"robots\" content=\"index, follow, max-snippet:-1, max-image-preview:large, max-video-preview:-1\" \/>\n<link rel=\"canonical\" href=\"https:\/\/www.public.sn\/index.php\/2022\/11\/30\/match-contre-tunisie-mbappe-absent\/\" \/>\n<meta property=\"og:locale\" content=\"fr_FR\" \/>\n<meta property=\"og:type\" content=\"article\" \/>\n<meta property=\"og:title\" content=\"Match contre Tunisie\u00a0: Mbapp\u00e9 absent\u00a0? - LE PUBLIC\" \/>\n<meta property=\"og:description\" content=\"Kylian Mbapp\u00e9 pourrait ne pas participer au match entre la France et la Tunisie de ce Mercredi \u00e0 15h. Le joueur fran\u00e7ais souffrirait d\u2019une g\u00eane au niveau de la cheville. Et s\u2019il d\u00e9clare forfait, il pourrait \u00eatre\u00a0 remplac\u00e9 par Randal Kolo Muani qui pourrait f\u00eater sa premi\u00e8re titularisation. Certaines informations avancent que Didier Deschamps a besoin d\u2019un Kylian Mbapp\u00e9 \u00e0 100% d\u2019autant plus que la France, avec deux victoires est d\u00e9j\u00e0 qualifi\u00e9e en huiti\u00e8me de finale. Samba SY.\" \/>\n<meta property=\"og:url\" content=\"https:\/\/www.public.sn\/index.php\/2022\/11\/30\/match-contre-tunisie-mbappe-absent\/\" \/>\n<meta property=\"og:site_name\" content=\"LE PUBLIC\" \/>\n<meta property=\"article:published_time\" content=\"2022-11-30T12:31:43+00:00\" \/>\n<meta property=\"article:modified_time\" content=\"2022-11-30T12:31:48+00:00\" \/>\n<meta property=\"og:image\" content=\"https:\/\/www.public.sn\/wp-content\/uploads\/2022\/11\/mbappe.jpg\" \/>\n\t<meta property=\"og:image:width\" content=\"1000\" \/>\n\t<meta property=\"og:image:height\" content=\"706\" \/>\n\t<meta property=\"og:image:type\" content=\"image\/jpeg\" \/>\n<meta name=\"author\" content=\"LA REDACTION\" \/>\n<meta name=\"twitter:card\" content=\"summary_large_image\" \/>\n<meta name=\"twitter:label1\" content=\"\u00c9crit par\" \/>\n\t<meta name=\"twitter:data1\" content=\"LA REDACTION\" \/>\n\t<meta name=\"twitter:label2\" content=\"Dur\u00e9e de lecture estim\u00e9e\" \/>\n\t<meta name=\"twitter:data2\" content=\"1 minute\" \/>\n<script type=\"application\/ld+json\" class=\"yoast-schema-graph\">{\"@context\":\"https:\/\/schema.org\",\"@graph\":[{\"@type\":\"Article\",\"@id\":\"https:\/\/www.public.sn\/index.php\/2022\/11\/30\/match-contre-tunisie-mbappe-absent\/#article\",\"isPartOf\":{\"@id\":\"https:\/\/www.public.sn\/index.php\/2022\/11\/30\/match-contre-tunisie-mbappe-absent\/\"},\"author\":{\"name\":\"LA REDACTION\",\"@id\":\"https:\/\/www.public.sn\/#\/schema\/person\/cb76c8e1b8becc6be61fb5e92d6d0224\"},\"headline\":\"Match contre Tunisie\u00a0: Mbapp\u00e9 absent\u00a0?\",\"datePublished\":\"2022-11-30T12:31:43+00:00\",\"dateModified\":\"2022-11-30T12:31:48+00:00\",\"mainEntityOfPage\":{\"@id\":\"https:\/\/www.public.sn\/index.php\/2022\/11\/30\/match-contre-tunisie-mbappe-absent\/\"},\"wordCount\":92,\"commentCount\":0,\"publisher\":{\"@id\":\"https:\/\/www.public.sn\/#organization\"},\"image\":{\"@id\":\"https:\/\/www.public.sn\/index.php\/2022\/11\/30\/match-contre-tunisie-mbappe-absent\/#primaryimage\"},\"thumbnailUrl\":\"https:\/\/www.public.sn\/wp-content\/uploads\/2022\/11\/mbappe.jpg\",\"keywords\":[\"forfait\",\"mbappe\",\"tunisie\"],\"articleSection\":[\"ACTUALIT\u00c9S\",\"AFRIQUE &amp; MONDE\",\"FOOTBALL\",\"SPORTS\"],\"inLanguage\":\"fr-FR\",\"potentialAction\":[{\"@type\":\"CommentAction\",\"name\":\"Comment\",\"target\":[\"https:\/\/www.public.sn\/index.php\/2022\/11\/30\/match-contre-tunisie-mbappe-absent\/#respond\"]}]},{\"@type\":\"WebPage\",\"@id\":\"https:\/\/www.public.sn\/index.php\/2022\/11\/30\/match-contre-tunisie-mbappe-absent\/\",\"url\":\"https:\/\/www.public.sn\/index.php\/2022\/11\/30\/match-contre-tunisie-mbappe-absent\/\",\"name\":\"Match contre Tunisie\u00a0: Mbapp\u00e9 absent\u00a0? - LE PUBLIC\",\"isPartOf\":{\"@id\":\"https:\/\/www.public.sn\/#website\"},\"primaryImageOfPage\":{\"@id\":\"https:\/\/www.public.sn\/index.php\/2022\/11\/30\/match-contre-tunisie-mbappe-absent\/#primaryimage\"},\"image\":{\"@id\":\"https:\/\/www.public.sn\/index.php\/2022\/11\/30\/match-contre-tunisie-mbappe-absent\/#primaryimage\"},\"thumbnailUrl\":\"https:\/\/www.public.sn\/wp-content\/uploads\/2022\/11\/mbappe.jpg\",\"datePublished\":\"2022-11-30T12:31:43+00:00\",\"dateModified\":\"2022-11-30T12:31:48+00:00\",\"breadcrumb\":{\"@id\":\"https:\/\/www.public.sn\/index.php\/2022\/11\/30\/match-contre-tunisie-mbappe-absent\/#breadcrumb\"},\"inLanguage\":\"fr-FR\",\"potentialAction\":[{\"@type\":\"ReadAction\",\"target\":[\"https:\/\/www.public.sn\/index.php\/2022\/11\/30\/match-contre-tunisie-mbappe-absent\/\"]}]},{\"@type\":\"ImageObject\",\"inLanguage\":\"fr-FR\",\"@id\":\"https:\/\/www.public.sn\/index.php\/2022\/11\/30\/match-contre-tunisie-mbappe-absent\/#primaryimage\",\"url\":\"https:\/\/www.public.sn\/wp-content\/uploads\/2022\/11\/mbappe.jpg\",\"contentUrl\":\"https:\/\/www.public.sn\/wp-content\/uploads\/2022\/11\/mbappe.jpg\",\"width\":1000,\"height\":706,\"caption\":\"publicsn\"},{\"@type\":\"BreadcrumbList\",\"@id\":\"https:\/\/www.public.sn\/index.php\/2022\/11\/30\/match-contre-tunisie-mbappe-absent\/#breadcrumb\",\"itemListElement\":[{\"@type\":\"ListItem\",\"position\":1,\"name\":\"Accueil\",\"item\":\"https:\/\/www.public.sn\/\"},{\"@type\":\"ListItem\",\"position\":2,\"name\":\"Match contre Tunisie\u00a0: Mbapp\u00e9 absent\u00a0?\"}]},{\"@type\":\"WebSite\",\"@id\":\"https:\/\/www.public.sn\/#website\",\"url\":\"https:\/\/www.public.sn\/\",\"name\":\"LE PUBLIC\",\"description\":\"\",\"publisher\":{\"@id\":\"https:\/\/www.public.sn\/#organization\"},\"potentialAction\":[{\"@type\":\"SearchAction\",\"target\":{\"@type\":\"EntryPoint\",\"urlTemplate\":\"https:\/\/www.public.sn\/?s={search_term_string}\"},\"query-input\":{\"@type\":\"PropertyValueSpecification\",\"valueRequired\":true,\"valueName\":\"search_term_string\"}}],\"inLanguage\":\"fr-FR\"},{\"@type\":\"Organization\",\"@id\":\"https:\/\/www.public.sn\/#organization\",\"name\":\"LE PUBLIC\",\"url\":\"https:\/\/www.public.sn\/\",\"logo\":{\"@type\":\"ImageObject\",\"inLanguage\":\"fr-FR\",\"@id\":\"https:\/\/www.public.sn\/#\/schema\/logo\/image\/\",\"url\":\"https:\/\/www.public.sn\/wp-content\/uploads\/2024\/05\/cropped-LOGO-PUBLIC.SN_.png\",\"contentUrl\":\"https:\/\/www.public.sn\/wp-content\/uploads\/2024\/05\/cropped-LOGO-PUBLIC.SN_.png\",\"width\":682,\"height\":192,\"caption\":\"LE PUBLIC\"},\"image\":{\"@id\":\"https:\/\/www.public.sn\/#\/schema\/logo\/image\/\"}},{\"@type\":\"Person\",\"@id\":\"https:\/\/www.public.sn\/#\/schema\/person\/cb76c8e1b8becc6be61fb5e92d6d0224\",\"name\":\"LA REDACTION\",\"image\":{\"@type\":\"ImageObject\",\"inLanguage\":\"fr-FR\",\"@id\":\"https:\/\/www.public.sn\/#\/schema\/person\/image\/\",\"url\":\"https:\/\/secure.gravatar.com\/avatar\/2dce5ddd34b8fef0180efe03aa2a9bee7d953856048f9a16b298190a3178407c?s=96&d=mm&r=g\",\"contentUrl\":\"https:\/\/secure.gravatar.com\/avatar\/2dce5ddd34b8fef0180efe03aa2a9bee7d953856048f9a16b298190a3178407c?s=96&d=mm&r=g\",\"caption\":\"LA REDACTION\"},\"url\":\"https:\/\/www.public.sn\/index.php\/author\/editeurpsn\/\"}]}<\/script>\n<!-- \/ Yoast SEO plugin. -->","yoast_head_json":{"title":"Match contre Tunisie\u00a0: Mbapp\u00e9 absent\u00a0? - LE PUBLIC","robots":{"index":"index","follow":"follow","max-snippet":"max-snippet:-1","max-image-preview":"max-image-preview:large","max-video-preview":"max-video-preview:-1"},"canonical":"https:\/\/www.public.sn\/index.php\/2022\/11\/30\/match-contre-tunisie-mbappe-absent\/","og_locale":"fr_FR","og_type":"article","og_title":"Match contre Tunisie\u00a0: Mbapp\u00e9 absent\u00a0? - LE PUBLIC","og_description":"Kylian Mbapp\u00e9 pourrait ne pas participer au match entre la France et la Tunisie de ce Mercredi \u00e0 15h. Le joueur fran\u00e7ais souffrirait d\u2019une g\u00eane au niveau de la cheville. Et s\u2019il d\u00e9clare forfait, il pourrait \u00eatre\u00a0 remplac\u00e9 par Randal Kolo Muani qui pourrait f\u00eater sa premi\u00e8re titularisation. Certaines informations avancent que Didier Deschamps a besoin d\u2019un Kylian Mbapp\u00e9 \u00e0 100% d\u2019autant plus que la France, avec deux victoires est d\u00e9j\u00e0 qualifi\u00e9e en huiti\u00e8me de finale. Samba SY.","og_url":"https:\/\/www.public.sn\/index.php\/2022\/11\/30\/match-contre-tunisie-mbappe-absent\/","og_site_name":"LE PUBLIC","article_published_time":"2022-11-30T12:31:43+00:00","article_modified_time":"2022-11-30T12:31:48+00:00","og_image":[{"width":1000,"height":706,"url":"https:\/\/www.public.sn\/wp-content\/uploads\/2022\/11\/mbappe.jpg","type":"image\/jpeg"}],"author":"LA REDACTION","twitter_card":"summary_large_image","twitter_misc":{"\u00c9crit par":"LA REDACTION","Dur\u00e9e de lecture estim\u00e9e":"1 minute"},"schema":{"@context":"https:\/\/schema.org","@graph":[{"@type":"Article","@id":"https:\/\/www.public.sn\/index.php\/2022\/11\/30\/match-contre-tunisie-mbappe-absent\/#article","isPartOf":{"@id":"https:\/\/www.public.sn\/index.php\/2022\/11\/30\/match-contre-tunisie-mbappe-absent\/"},"author":{"name":"LA REDACTION","@id":"https:\/\/www.public.sn\/#\/schema\/person\/cb76c8e1b8becc6be61fb5e92d6d0224"},"headline":"Match contre Tunisie\u00a0: Mbapp\u00e9 absent\u00a0?","datePublished":"2022-11-30T12:31:43+00:00","dateModified":"2022-11-30T12:31:48+00:00","mainEntityOfPage":{"@id":"https:\/\/www.public.sn\/index.php\/2022\/11\/30\/match-contre-tunisie-mbappe-absent\/"},"wordCount":92,"commentCount":0,"publisher":{"@id":"https:\/\/www.public.sn\/#organization"},"image":{"@id":"https:\/\/www.public.sn\/index.php\/2022\/11\/30\/match-contre-tunisie-mbappe-absent\/#primaryimage"},"thumbnailUrl":"https:\/\/www.public.sn\/wp-content\/uploads\/2022\/11\/mbappe.jpg","keywords":["forfait","mbappe","tunisie"],"articleSection":["ACTUALIT\u00c9S","AFRIQUE &amp; MONDE","FOOTBALL","SPORTS"],"inLanguage":"fr-FR","potentialAction":[{"@type":"CommentAction","name":"Comment","target":["https:\/\/www.public.sn\/index.php\/2022\/11\/30\/match-contre-tunisie-mbappe-absent\/#respond"]}]},{"@type":"WebPage","@id":"https:\/\/www.public.sn\/index.php\/2022\/11\/30\/match-contre-tunisie-mbappe-absent\/","url":"https:\/\/www.public.sn\/index.php\/2022\/11\/30\/match-contre-tunisie-mbappe-absent\/","name":"Match contre Tunisie\u00a0: Mbapp\u00e9 absent\u00a0? - LE PUBLIC","isPartOf":{"@id":"https:\/\/www.public.sn\/#website"},"primaryImageOfPage":{"@id":"https:\/\/www.public.sn\/index.php\/2022\/11\/30\/match-contre-tunisie-mbappe-absent\/#primaryimage"},"image":{"@id":"https:\/\/www.public.sn\/index.php\/2022\/11\/30\/match-contre-tunisie-mbappe-absent\/#primaryimage"},"thumbnailUrl":"https:\/\/www.public.sn\/wp-content\/uploads\/2022\/11\/mbappe.jpg","datePublished":"2022-11-30T12:31:43+00:00","dateModified":"2022-11-30T12:31:48+00:00","breadcrumb":{"@id":"https:\/\/www.public.sn\/index.php\/2022\/11\/30\/match-contre-tunisie-mbappe-absent\/#breadcrumb"},"inLanguage":"fr-FR","potentialAction":[{"@type":"ReadAction","target":["https:\/\/www.public.sn\/index.php\/2022\/11\/30\/match-contre-tunisie-mbappe-absent\/"]}]},{"@type":"ImageObject","inLanguage":"fr-FR","@id":"https:\/\/www.public.sn\/index.php\/2022\/11\/30\/match-contre-tunisie-mbappe-absent\/#primaryimage","url":"https:\/\/www.public.sn\/wp-content\/uploads\/2022\/11\/mbappe.jpg","contentUrl":"https:\/\/www.public.sn\/wp-content\/uploads\/2022\/11\/mbappe.jpg","width":1000,"height":706,"caption":"publicsn"},{"@type":"BreadcrumbList","@id":"https:\/\/www.public.sn\/index.php\/2022\/11\/30\/match-contre-tunisie-mbappe-absent\/#breadcrumb","itemListElement":[{"@type":"ListItem","position":1,"name":"Accueil","item":"https:\/\/www.public.sn\/"},{"@type":"ListItem","position":2,"name":"Match contre Tunisie\u00a0: Mbapp\u00e9 absent\u00a0?"}]},{"@type":"WebSite","@id":"https:\/\/www.public.sn\/#website","url":"https:\/\/www.public.sn\/","name":"LE PUBLIC","description":"","publisher":{"@id":"https:\/\/www.public.sn\/#organization"},"potentialAction":[{"@type":"SearchAction","target":{"@type":"EntryPoint","urlTemplate":"https:\/\/www.public.sn\/?s={search_term_string}"},"query-input":{"@type":"PropertyValueSpecification","valueRequired":true,"valueName":"search_term_string"}}],"inLanguage":"fr-FR"},{"@type":"Organization","@id":"https:\/\/www.public.sn\/#organization","name":"LE PUBLIC","url":"https:\/\/www.public.sn\/","logo":{"@type":"ImageObject","inLanguage":"fr-FR","@id":"https:\/\/www.public.sn\/#\/schema\/logo\/image\/","url":"https:\/\/www.public.sn\/wp-content\/uploads\/2024\/05\/cropped-LOGO-PUBLIC.SN_.png","contentUrl":"https:\/\/www.public.sn\/wp-content\/uploads\/2024\/05\/cropped-LOGO-PUBLIC.SN_.png","width":682,"height":192,"caption":"LE PUBLIC"},"image":{"@id":"https:\/\/www.public.sn\/#\/schema\/logo\/image\/"}},{"@type":"Person","@id":"https:\/\/www.public.sn\/#\/schema\/person\/cb76c8e1b8becc6be61fb5e92d6d0224","name":"LA REDACTION","image":{"@type":"ImageObject","inLanguage":"fr-FR","@id":"https:\/\/www.public.sn\/#\/schema\/person\/image\/","url":"https:\/\/secure.gravatar.com\/avatar\/2dce5ddd34b8fef0180efe03aa2a9bee7d953856048f9a16b298190a3178407c?s=96&d=mm&r=g","contentUrl":"https:\/\/secure.gravatar.com\/avatar\/2dce5ddd34b8fef0180efe03aa2a9bee7d953856048f9a16b298190a3178407c?s=96&d=mm&r=g","caption":"LA REDACTION"},"url":"https:\/\/www.public.sn\/index.php\/author\/editeurpsn\/"}]}},"jetpack_featured_media_url":"https:\/\/www.public.sn\/wp-content\/uploads\/2022\/11\/mbappe.jpg","jetpack_sharing_enabled":true,"_links":{"self":[{"href":"https:\/\/www.public.sn\/index.php\/wp-json\/wp\/v2\/posts\/10630","targetHints":{"allow":["GET"]}}],"collection":[{"href":"https:\/\/www.public.sn\/index.php\/wp-json\/wp\/v2\/posts"}],"about":[{"href":"https:\/\/www.public.sn\/index.php\/wp-json\/wp\/v2\/types\/post"}],"author":[{"embeddable":true,"href":"https:\/\/www.public.sn\/index.php\/wp-json\/wp\/v2\/users\/7"}],"replies":[{"embeddable":true,"href":"https:\/\/www.public.sn\/index.php\/wp-json\/wp\/v2\/comments?post=10630"}],"version-history":[{"count":1,"href":"https:\/\/www.public.sn\/index.php\/wp-json\/wp\/v2\/posts\/10630\/revisions"}],"predecessor-version":[{"id":10632,"href":"https:\/\/www.public.sn\/index.php\/wp-json\/wp\/v2\/posts\/10630\/revisions\/10632"}],"wp:featuredmedia":[{"embeddable":true,"href":"https:\/\/www.public.sn\/index.php\/wp-json\/wp\/v2\/media\/10631"}],"wp:attachment":[{"href":"https:\/\/www.public.sn\/index.php\/wp-json\/wp\/v2\/media?parent=10630"}],"wp:term":[{"taxonomy":"category","embeddable":true,"href":"https:\/\/www.public.sn\/index.php\/wp-json\/wp\/v2\/categories?post=10630"},{"taxonomy":"post_tag","embeddable":true,"href":"https:\/\/www.public.sn\/index.php\/wp-json\/wp\/v2\/tags?post=10630"}],"curies":[{"name":"wp","href":"https:\/\/api.w.org\/{rel}","templated":true}]}}