{"id":1064,"date":"2022-09-01T13:46:10","date_gmt":"2022-09-01T11:46:10","guid":{"rendered":"https:\/\/www.public.sn\/?p=1064"},"modified":"2022-09-01T14:01:01","modified_gmt":"2022-09-01T12:01:01","slug":"groupes-parlementaires-birahim-seck-met-en-garde-linter-coalition","status":"publish","type":"post","link":"https:\/\/www.public.sn\/index.php\/2022\/09\/01\/groupes-parlementaires-birahim-seck-met-en-garde-linter-coalition\/","title":{"rendered":"Groupes parlementaires : Birahim Seck met en garde l\u2019inter-coalition"},"content":{"rendered":"\n<p>Dans un post sur son compte Twitter, mercredi, Birahim Seck coordonnateur national du Forum civil a mis en garde la coalition Yewwi Askan Wi contre la cr\u00e9ation de plusieurs groupes parlementaires aggravant ainsi les d\u00e9penses de l\u2019Assembl\u00e9e nationale. <\/p><div class=\"publi-paragraphe1\" style=\"margin-top: 10px;margin-bottom: 10px;margin-left: auto;margin-right: auto;text-align: center;\" id=\"publi-2488911557\"><div class=\"publi-adlabel\">Publicit\u00e9<\/div><script async src=\"\/\/pagead2.googlesyndication.com\/pagead\/js\/adsbygoogle.js?client=ca-pub-4089586018074219\" crossorigin=\"anonymous\"><\/script><ins class=\"adsbygoogle\" style=\"display:block;\" data-ad-client=\"ca-pub-4089586018074219\" \ndata-ad-slot=\"2087940154\" \ndata-ad-format=\"auto\"><\/ins>\n<script> \n(adsbygoogle = window.adsbygoogle || []).push({}); \n<\/script>\n<\/div>\n\n\n\n<p>Selon lui, l\u2019Opposition aura trahi son programme si elle se lan\u00e7ait dans cette dynamique contraire \u00e0 son engagement de rationalisation des d\u00e9penses. <\/p>\n\n\n\n<p>\u201c<em>La tromperie politique d&rsquo;aggravation des d\u00e9penses de l&rsquo;Assembl\u00e9e nationale r\u00e9side surtout dans le fait de vouloir donner des groupes parlementaires \u00e0 des entit\u00e9s (Pastef, Pur, Taxawu) qui n&rsquo;etaient pas reconnues comme listes par le Conseil Constitutionnel<\/em>\u201d, a-t-il \u00e9crit. <\/p>\n\n\n\n<p>\u201c<em>L\u2019opposition, principalement Yewwi Askan Wi, aura trahi son programme si elle se lan\u00e7ait dans la cr\u00e9ation de plusieurs groupes parlementaires aggravant ainsi les d\u00e9penses de l\u2019Assembl\u00e9e nationale\u00a0\u00bb, ajoute<\/em> t-il.<\/p>\n\n\n\n<p>Depuis plusieurs jours sans consensus, les responsables Yewwi Askan Wi discutent pour savoir combien de Groupes parlementaires ils devraient constituer \u00e0 l\u2019Assembl\u00e9e nationale.<\/p>\n\n\n\n<p>Le journal Source A faisait savoir que l\u2019ultime option qui a \u00e9t\u00e9 retenue , est d\u2019en constituer trois avec \u00e0 leur t\u00eate un membre de Pastef,  un du Pur et un de Taxawu S\u00e9n\u00e9gal.<\/p>\n<div class=\"publi-apres-le-contenu\" style=\"margin-top: 10px;margin-bottom: 10px;margin-left: auto;margin-right: auto;text-align: center;\" id=\"publi-392356808\"><div class=\"publi-adlabel\">Publicit\u00e9<\/div><script async src=\"\/\/pagead2.googlesyndication.com\/pagead\/js\/adsbygoogle.js?client=ca-pub-4089586018074219\" crossorigin=\"anonymous\"><\/script><ins class=\"adsbygoogle\" style=\"display:block;\" data-ad-client=\"ca-pub-4089586018074219\" \ndata-ad-slot=\"2087940154\" \ndata-ad-format=\"auto\"><\/ins>\n<script> \n(adsbygoogle = window.adsbygoogle || []).push({}); \n<\/script>\n<\/div>","protected":false},"excerpt":{"rendered":"<p>Dans un post sur son compte Twitter, mercredi, Birahim Seck coordonnateur national du Forum civil a mis en garde la coalition Yewwi Askan Wi contre la cr\u00e9ation de plusieurs groupes parlementaires aggravant ainsi les d\u00e9penses de l\u2019Assembl\u00e9e nationale. Selon lui, l\u2019Opposition aura trahi son programme si elle se lan\u00e7ait dans cette dynamique contraire \u00e0 son engagement de rationalisation des d\u00e9penses. \u201cLa tromperie politique d&rsquo;aggravation des d\u00e9penses de l&rsquo;Assembl\u00e9e nationale r\u00e9side surtout dans le fait de vouloir donner des groupes parlementaires \u00e0 des entit\u00e9s (Pastef, Pur, Taxawu) qui n&rsquo;etaient pas reconnues comme listes par le Conseil Constitutionnel\u201d, a-t-il \u00e9crit. \u201cL\u2019opposition, principalement Yewwi Askan Wi, aura trahi son programme si elle se lan\u00e7ait dans la cr\u00e9ation de plusieurs groupes parlementaires aggravant ainsi les d\u00e9penses de l\u2019Assembl\u00e9e nationale\u00a0\u00bb, ajoute t-il. Depuis plusieurs jours sans consensus, les responsables Yewwi Askan Wi discutent pour savoir combien de Groupes parlementaires ils devraient constituer \u00e0 l\u2019Assembl\u00e9e nationale. Le journal Source A faisait savoir que l\u2019ultime option qui a \u00e9t\u00e9 retenue , est d\u2019en constituer trois avec \u00e0 leur t\u00eate un membre de Pastef, un du Pur et un de Taxawu S\u00e9n\u00e9gal.<\/p>\n","protected":false},"author":1,"featured_media":1080,"comment_status":"open","ping_status":"open","sticky":false,"template":"","format":"standard","meta":{"_jetpack_memberships_contains_paid_content":false,"footnotes":""},"categories":[375,3],"tags":[411,115,370],"class_list":["post-1064","post","type-post","status-publish","format-standard","has-post-thumbnail","hentry","category-actualites","category-politique","tag-assemblee","tag-birahim-seck","tag-yewwi-wallu","entry","has-media","owp-thumbs-layout-horizontal","owp-btn-normal","owp-tabs-layout-horizontal","has-no-thumbnails","has-product-nav"],"yoast_head":"<!-- This site is optimized with the Yoast SEO plugin v25.5 - https:\/\/yoast.com\/wordpress\/plugins\/seo\/ -->\n<title>Groupes parlementaires : Birahim Seck met en garde l\u2019inter-coalition - LE PUBLIC<\/title>\n<meta name=\"robots\" content=\"index, follow, max-snippet:-1, max-image-preview:large, max-video-preview:-1\" \/>\n<link rel=\"canonical\" href=\"https:\/\/www.public.sn\/index.php\/2022\/09\/01\/groupes-parlementaires-birahim-seck-met-en-garde-linter-coalition\/\" \/>\n<meta property=\"og:locale\" content=\"fr_FR\" \/>\n<meta property=\"og:type\" content=\"article\" \/>\n<meta property=\"og:title\" content=\"Groupes parlementaires : Birahim Seck met en garde l\u2019inter-coalition - LE PUBLIC\" \/>\n<meta property=\"og:description\" content=\"Dans un post sur son compte Twitter, mercredi, Birahim Seck coordonnateur national du Forum civil a mis en garde la coalition Yewwi Askan Wi contre la cr\u00e9ation de plusieurs groupes parlementaires aggravant ainsi les d\u00e9penses de l\u2019Assembl\u00e9e nationale. Selon lui, l\u2019Opposition aura trahi son programme si elle se lan\u00e7ait dans cette dynamique contraire \u00e0 son engagement de rationalisation des d\u00e9penses. \u201cLa tromperie politique d&rsquo;aggravation des d\u00e9penses de l&rsquo;Assembl\u00e9e nationale r\u00e9side surtout dans le fait de vouloir donner des groupes parlementaires \u00e0 des entit\u00e9s (Pastef, Pur, Taxawu) qui n&rsquo;etaient pas reconnues comme listes par le Conseil Constitutionnel\u201d, a-t-il \u00e9crit. \u201cL\u2019opposition, principalement Yewwi Askan Wi, aura trahi son programme si elle se lan\u00e7ait dans la cr\u00e9ation de plusieurs groupes parlementaires aggravant ainsi les d\u00e9penses de l\u2019Assembl\u00e9e nationale\u00a0\u00bb, ajoute t-il. Depuis plusieurs jours sans consensus, les responsables Yewwi Askan Wi discutent pour savoir combien de Groupes parlementaires ils devraient constituer \u00e0 l\u2019Assembl\u00e9e nationale. Le journal Source A faisait savoir que l\u2019ultime option qui a \u00e9t\u00e9 retenue , est d\u2019en constituer trois avec \u00e0 leur t\u00eate un membre de Pastef, un du Pur et un de Taxawu S\u00e9n\u00e9gal.\" \/>\n<meta property=\"og:url\" content=\"https:\/\/www.public.sn\/index.php\/2022\/09\/01\/groupes-parlementaires-birahim-seck-met-en-garde-linter-coalition\/\" \/>\n<meta property=\"og:site_name\" content=\"LE PUBLIC\" \/>\n<meta property=\"article:published_time\" content=\"2022-09-01T11:46:10+00:00\" \/>\n<meta property=\"article:modified_time\" content=\"2022-09-01T12:01:01+00:00\" \/>\n<meta property=\"og:image\" content=\"https:\/\/www.public.sn\/wp-content\/uploads\/2022\/09\/birahim-seck.jpg\" \/>\n\t<meta property=\"og:image:width\" content=\"650\" \/>\n\t<meta property=\"og:image:height\" content=\"433\" \/>\n\t<meta property=\"og:image:type\" content=\"image\/jpeg\" \/>\n<meta name=\"author\" content=\"LA REDACTION\" \/>\n<meta name=\"twitter:card\" content=\"summary_large_image\" \/>\n<meta name=\"twitter:label1\" content=\"\u00c9crit par\" \/>\n\t<meta name=\"twitter:data1\" content=\"LA REDACTION\" \/>\n\t<meta name=\"twitter:label2\" content=\"Dur\u00e9e de lecture estim\u00e9e\" \/>\n\t<meta name=\"twitter:data2\" content=\"1 minute\" \/>\n<script type=\"application\/ld+json\" class=\"yoast-schema-graph\">{\"@context\":\"https:\/\/schema.org\",\"@graph\":[{\"@type\":\"Article\",\"@id\":\"https:\/\/www.public.sn\/index.php\/2022\/09\/01\/groupes-parlementaires-birahim-seck-met-en-garde-linter-coalition\/#article\",\"isPartOf\":{\"@id\":\"https:\/\/www.public.sn\/index.php\/2022\/09\/01\/groupes-parlementaires-birahim-seck-met-en-garde-linter-coalition\/\"},\"author\":{\"name\":\"LA REDACTION\",\"@id\":\"https:\/\/www.public.sn\/#\/schema\/person\/e3f4a11b037d4203902db148f9bc8d5a\"},\"headline\":\"Groupes parlementaires : Birahim Seck met en garde l\u2019inter-coalition\",\"datePublished\":\"2022-09-01T11:46:10+00:00\",\"dateModified\":\"2022-09-01T12:01:01+00:00\",\"mainEntityOfPage\":{\"@id\":\"https:\/\/www.public.sn\/index.php\/2022\/09\/01\/groupes-parlementaires-birahim-seck-met-en-garde-linter-coalition\/\"},\"wordCount\":212,\"commentCount\":0,\"publisher\":{\"@id\":\"https:\/\/www.public.sn\/#organization\"},\"image\":{\"@id\":\"https:\/\/www.public.sn\/index.php\/2022\/09\/01\/groupes-parlementaires-birahim-seck-met-en-garde-linter-coalition\/#primaryimage\"},\"thumbnailUrl\":\"https:\/\/www.public.sn\/wp-content\/uploads\/2022\/09\/birahim-seck.jpg\",\"keywords\":[\"Assembl\u00e9e\",\"Birahim Seck\",\"Yewwi-Wallu\"],\"articleSection\":[\"ACTUALIT\u00c9S\",\"POLITIQUE\"],\"inLanguage\":\"fr-FR\",\"potentialAction\":[{\"@type\":\"CommentAction\",\"name\":\"Comment\",\"target\":[\"https:\/\/www.public.sn\/index.php\/2022\/09\/01\/groupes-parlementaires-birahim-seck-met-en-garde-linter-coalition\/#respond\"]}]},{\"@type\":\"WebPage\",\"@id\":\"https:\/\/www.public.sn\/index.php\/2022\/09\/01\/groupes-parlementaires-birahim-seck-met-en-garde-linter-coalition\/\",\"url\":\"https:\/\/www.public.sn\/index.php\/2022\/09\/01\/groupes-parlementaires-birahim-seck-met-en-garde-linter-coalition\/\",\"name\":\"Groupes parlementaires : Birahim Seck met en garde l\u2019inter-coalition - LE PUBLIC\",\"isPartOf\":{\"@id\":\"https:\/\/www.public.sn\/#website\"},\"primaryImageOfPage\":{\"@id\":\"https:\/\/www.public.sn\/index.php\/2022\/09\/01\/groupes-parlementaires-birahim-seck-met-en-garde-linter-coalition\/#primaryimage\"},\"image\":{\"@id\":\"https:\/\/www.public.sn\/index.php\/2022\/09\/01\/groupes-parlementaires-birahim-seck-met-en-garde-linter-coalition\/#primaryimage\"},\"thumbnailUrl\":\"https:\/\/www.public.sn\/wp-content\/uploads\/2022\/09\/birahim-seck.jpg\",\"datePublished\":\"2022-09-01T11:46:10+00:00\",\"dateModified\":\"2022-09-01T12:01:01+00:00\",\"breadcrumb\":{\"@id\":\"https:\/\/www.public.sn\/index.php\/2022\/09\/01\/groupes-parlementaires-birahim-seck-met-en-garde-linter-coalition\/#breadcrumb\"},\"inLanguage\":\"fr-FR\",\"potentialAction\":[{\"@type\":\"ReadAction\",\"target\":[\"https:\/\/www.public.sn\/index.php\/2022\/09\/01\/groupes-parlementaires-birahim-seck-met-en-garde-linter-coalition\/\"]}]},{\"@type\":\"ImageObject\",\"inLanguage\":\"fr-FR\",\"@id\":\"https:\/\/www.public.sn\/index.php\/2022\/09\/01\/groupes-parlementaires-birahim-seck-met-en-garde-linter-coalition\/#primaryimage\",\"url\":\"https:\/\/www.public.sn\/wp-content\/uploads\/2022\/09\/birahim-seck.jpg\",\"contentUrl\":\"https:\/\/www.public.sn\/wp-content\/uploads\/2022\/09\/birahim-seck.jpg\",\"width\":650,\"height\":433},{\"@type\":\"BreadcrumbList\",\"@id\":\"https:\/\/www.public.sn\/index.php\/2022\/09\/01\/groupes-parlementaires-birahim-seck-met-en-garde-linter-coalition\/#breadcrumb\",\"itemListElement\":[{\"@type\":\"ListItem\",\"position\":1,\"name\":\"Accueil\",\"item\":\"https:\/\/www.public.sn\/\"},{\"@type\":\"ListItem\",\"position\":2,\"name\":\"Groupes parlementaires : Birahim Seck met en garde l\u2019inter-coalition\"}]},{\"@type\":\"WebSite\",\"@id\":\"https:\/\/www.public.sn\/#website\",\"url\":\"https:\/\/www.public.sn\/\",\"name\":\"LE PUBLIC\",\"description\":\"\",\"publisher\":{\"@id\":\"https:\/\/www.public.sn\/#organization\"},\"potentialAction\":[{\"@type\":\"SearchAction\",\"target\":{\"@type\":\"EntryPoint\",\"urlTemplate\":\"https:\/\/www.public.sn\/?s={search_term_string}\"},\"query-input\":{\"@type\":\"PropertyValueSpecification\",\"valueRequired\":true,\"valueName\":\"search_term_string\"}}],\"inLanguage\":\"fr-FR\"},{\"@type\":\"Organization\",\"@id\":\"https:\/\/www.public.sn\/#organization\",\"name\":\"LE PUBLIC\",\"url\":\"https:\/\/www.public.sn\/\",\"logo\":{\"@type\":\"ImageObject\",\"inLanguage\":\"fr-FR\",\"@id\":\"https:\/\/www.public.sn\/#\/schema\/logo\/image\/\",\"url\":\"https:\/\/www.public.sn\/wp-content\/uploads\/2024\/05\/cropped-LOGO-PUBLIC.SN_.png\",\"contentUrl\":\"https:\/\/www.public.sn\/wp-content\/uploads\/2024\/05\/cropped-LOGO-PUBLIC.SN_.png\",\"width\":682,\"height\":192,\"caption\":\"LE PUBLIC\"},\"image\":{\"@id\":\"https:\/\/www.public.sn\/#\/schema\/logo\/image\/\"}},{\"@type\":\"Person\",\"@id\":\"https:\/\/www.public.sn\/#\/schema\/person\/e3f4a11b037d4203902db148f9bc8d5a\",\"name\":\"LA REDACTION\",\"image\":{\"@type\":\"ImageObject\",\"inLanguage\":\"fr-FR\",\"@id\":\"https:\/\/www.public.sn\/#\/schema\/person\/image\/\",\"url\":\"https:\/\/secure.gravatar.com\/avatar\/d6c030db45db2883c075085c5d6c6258654a801a93766b49af0b82d4f454e2a5?s=96&d=mm&r=g\",\"contentUrl\":\"https:\/\/secure.gravatar.com\/avatar\/d6c030db45db2883c075085c5d6c6258654a801a93766b49af0b82d4f454e2a5?s=96&d=mm&r=g\",\"caption\":\"LA REDACTION\"},\"sameAs\":[\"http:\/\/www.public.sn\"],\"url\":\"https:\/\/www.public.sn\/index.php\/author\/admin7324\/\"}]}<\/script>\n<!-- \/ Yoast SEO plugin. -->","yoast_head_json":{"title":"Groupes parlementaires : Birahim Seck met en garde l\u2019inter-coalition - LE PUBLIC","robots":{"index":"index","follow":"follow","max-snippet":"max-snippet:-1","max-image-preview":"max-image-preview:large","max-video-preview":"max-video-preview:-1"},"canonical":"https:\/\/www.public.sn\/index.php\/2022\/09\/01\/groupes-parlementaires-birahim-seck-met-en-garde-linter-coalition\/","og_locale":"fr_FR","og_type":"article","og_title":"Groupes parlementaires : Birahim Seck met en garde l\u2019inter-coalition - LE PUBLIC","og_description":"Dans un post sur son compte Twitter, mercredi, Birahim Seck coordonnateur national du Forum civil a mis en garde la coalition Yewwi Askan Wi contre la cr\u00e9ation de plusieurs groupes parlementaires aggravant ainsi les d\u00e9penses de l\u2019Assembl\u00e9e nationale. Selon lui, l\u2019Opposition aura trahi son programme si elle se lan\u00e7ait dans cette dynamique contraire \u00e0 son engagement de rationalisation des d\u00e9penses. \u201cLa tromperie politique d&rsquo;aggravation des d\u00e9penses de l&rsquo;Assembl\u00e9e nationale r\u00e9side surtout dans le fait de vouloir donner des groupes parlementaires \u00e0 des entit\u00e9s (Pastef, Pur, Taxawu) qui n&rsquo;etaient pas reconnues comme listes par le Conseil Constitutionnel\u201d, a-t-il \u00e9crit. \u201cL\u2019opposition, principalement Yewwi Askan Wi, aura trahi son programme si elle se lan\u00e7ait dans la cr\u00e9ation de plusieurs groupes parlementaires aggravant ainsi les d\u00e9penses de l\u2019Assembl\u00e9e nationale\u00a0\u00bb, ajoute t-il. Depuis plusieurs jours sans consensus, les responsables Yewwi Askan Wi discutent pour savoir combien de Groupes parlementaires ils devraient constituer \u00e0 l\u2019Assembl\u00e9e nationale. Le journal Source A faisait savoir que l\u2019ultime option qui a \u00e9t\u00e9 retenue , est d\u2019en constituer trois avec \u00e0 leur t\u00eate un membre de Pastef, un du Pur et un de Taxawu S\u00e9n\u00e9gal.","og_url":"https:\/\/www.public.sn\/index.php\/2022\/09\/01\/groupes-parlementaires-birahim-seck-met-en-garde-linter-coalition\/","og_site_name":"LE PUBLIC","article_published_time":"2022-09-01T11:46:10+00:00","article_modified_time":"2022-09-01T12:01:01+00:00","og_image":[{"width":650,"height":433,"url":"https:\/\/www.public.sn\/wp-content\/uploads\/2022\/09\/birahim-seck.jpg","type":"image\/jpeg"}],"author":"LA REDACTION","twitter_card":"summary_large_image","twitter_misc":{"\u00c9crit par":"LA REDACTION","Dur\u00e9e de lecture estim\u00e9e":"1 minute"},"schema":{"@context":"https:\/\/schema.org","@graph":[{"@type":"Article","@id":"https:\/\/www.public.sn\/index.php\/2022\/09\/01\/groupes-parlementaires-birahim-seck-met-en-garde-linter-coalition\/#article","isPartOf":{"@id":"https:\/\/www.public.sn\/index.php\/2022\/09\/01\/groupes-parlementaires-birahim-seck-met-en-garde-linter-coalition\/"},"author":{"name":"LA REDACTION","@id":"https:\/\/www.public.sn\/#\/schema\/person\/e3f4a11b037d4203902db148f9bc8d5a"},"headline":"Groupes parlementaires : Birahim Seck met en garde l\u2019inter-coalition","datePublished":"2022-09-01T11:46:10+00:00","dateModified":"2022-09-01T12:01:01+00:00","mainEntityOfPage":{"@id":"https:\/\/www.public.sn\/index.php\/2022\/09\/01\/groupes-parlementaires-birahim-seck-met-en-garde-linter-coalition\/"},"wordCount":212,"commentCount":0,"publisher":{"@id":"https:\/\/www.public.sn\/#organization"},"image":{"@id":"https:\/\/www.public.sn\/index.php\/2022\/09\/01\/groupes-parlementaires-birahim-seck-met-en-garde-linter-coalition\/#primaryimage"},"thumbnailUrl":"https:\/\/www.public.sn\/wp-content\/uploads\/2022\/09\/birahim-seck.jpg","keywords":["Assembl\u00e9e","Birahim Seck","Yewwi-Wallu"],"articleSection":["ACTUALIT\u00c9S","POLITIQUE"],"inLanguage":"fr-FR","potentialAction":[{"@type":"CommentAction","name":"Comment","target":["https:\/\/www.public.sn\/index.php\/2022\/09\/01\/groupes-parlementaires-birahim-seck-met-en-garde-linter-coalition\/#respond"]}]},{"@type":"WebPage","@id":"https:\/\/www.public.sn\/index.php\/2022\/09\/01\/groupes-parlementaires-birahim-seck-met-en-garde-linter-coalition\/","url":"https:\/\/www.public.sn\/index.php\/2022\/09\/01\/groupes-parlementaires-birahim-seck-met-en-garde-linter-coalition\/","name":"Groupes parlementaires : Birahim Seck met en garde l\u2019inter-coalition - LE PUBLIC","isPartOf":{"@id":"https:\/\/www.public.sn\/#website"},"primaryImageOfPage":{"@id":"https:\/\/www.public.sn\/index.php\/2022\/09\/01\/groupes-parlementaires-birahim-seck-met-en-garde-linter-coalition\/#primaryimage"},"image":{"@id":"https:\/\/www.public.sn\/index.php\/2022\/09\/01\/groupes-parlementaires-birahim-seck-met-en-garde-linter-coalition\/#primaryimage"},"thumbnailUrl":"https:\/\/www.public.sn\/wp-content\/uploads\/2022\/09\/birahim-seck.jpg","datePublished":"2022-09-01T11:46:10+00:00","dateModified":"2022-09-01T12:01:01+00:00","breadcrumb":{"@id":"https:\/\/www.public.sn\/index.php\/2022\/09\/01\/groupes-parlementaires-birahim-seck-met-en-garde-linter-coalition\/#breadcrumb"},"inLanguage":"fr-FR","potentialAction":[{"@type":"ReadAction","target":["https:\/\/www.public.sn\/index.php\/2022\/09\/01\/groupes-parlementaires-birahim-seck-met-en-garde-linter-coalition\/"]}]},{"@type":"ImageObject","inLanguage":"fr-FR","@id":"https:\/\/www.public.sn\/index.php\/2022\/09\/01\/groupes-parlementaires-birahim-seck-met-en-garde-linter-coalition\/#primaryimage","url":"https:\/\/www.public.sn\/wp-content\/uploads\/2022\/09\/birahim-seck.jpg","contentUrl":"https:\/\/www.public.sn\/wp-content\/uploads\/2022\/09\/birahim-seck.jpg","width":650,"height":433},{"@type":"BreadcrumbList","@id":"https:\/\/www.public.sn\/index.php\/2022\/09\/01\/groupes-parlementaires-birahim-seck-met-en-garde-linter-coalition\/#breadcrumb","itemListElement":[{"@type":"ListItem","position":1,"name":"Accueil","item":"https:\/\/www.public.sn\/"},{"@type":"ListItem","position":2,"name":"Groupes parlementaires : Birahim Seck met en garde l\u2019inter-coalition"}]},{"@type":"WebSite","@id":"https:\/\/www.public.sn\/#website","url":"https:\/\/www.public.sn\/","name":"LE PUBLIC","description":"","publisher":{"@id":"https:\/\/www.public.sn\/#organization"},"potentialAction":[{"@type":"SearchAction","target":{"@type":"EntryPoint","urlTemplate":"https:\/\/www.public.sn\/?s={search_term_string}"},"query-input":{"@type":"PropertyValueSpecification","valueRequired":true,"valueName":"search_term_string"}}],"inLanguage":"fr-FR"},{"@type":"Organization","@id":"https:\/\/www.public.sn\/#organization","name":"LE PUBLIC","url":"https:\/\/www.public.sn\/","logo":{"@type":"ImageObject","inLanguage":"fr-FR","@id":"https:\/\/www.public.sn\/#\/schema\/logo\/image\/","url":"https:\/\/www.public.sn\/wp-content\/uploads\/2024\/05\/cropped-LOGO-PUBLIC.SN_.png","contentUrl":"https:\/\/www.public.sn\/wp-content\/uploads\/2024\/05\/cropped-LOGO-PUBLIC.SN_.png","width":682,"height":192,"caption":"LE PUBLIC"},"image":{"@id":"https:\/\/www.public.sn\/#\/schema\/logo\/image\/"}},{"@type":"Person","@id":"https:\/\/www.public.sn\/#\/schema\/person\/e3f4a11b037d4203902db148f9bc8d5a","name":"LA REDACTION","image":{"@type":"ImageObject","inLanguage":"fr-FR","@id":"https:\/\/www.public.sn\/#\/schema\/person\/image\/","url":"https:\/\/secure.gravatar.com\/avatar\/d6c030db45db2883c075085c5d6c6258654a801a93766b49af0b82d4f454e2a5?s=96&d=mm&r=g","contentUrl":"https:\/\/secure.gravatar.com\/avatar\/d6c030db45db2883c075085c5d6c6258654a801a93766b49af0b82d4f454e2a5?s=96&d=mm&r=g","caption":"LA REDACTION"},"sameAs":["http:\/\/www.public.sn"],"url":"https:\/\/www.public.sn\/index.php\/author\/admin7324\/"}]}},"jetpack_featured_media_url":"https:\/\/www.public.sn\/wp-content\/uploads\/2022\/09\/birahim-seck.jpg","jetpack_sharing_enabled":true,"_links":{"self":[{"href":"https:\/\/www.public.sn\/index.php\/wp-json\/wp\/v2\/posts\/1064","targetHints":{"allow":["GET"]}}],"collection":[{"href":"https:\/\/www.public.sn\/index.php\/wp-json\/wp\/v2\/posts"}],"about":[{"href":"https:\/\/www.public.sn\/index.php\/wp-json\/wp\/v2\/types\/post"}],"author":[{"embeddable":true,"href":"https:\/\/www.public.sn\/index.php\/wp-json\/wp\/v2\/users\/1"}],"replies":[{"embeddable":true,"href":"https:\/\/www.public.sn\/index.php\/wp-json\/wp\/v2\/comments?post=1064"}],"version-history":[{"count":2,"href":"https:\/\/www.public.sn\/index.php\/wp-json\/wp\/v2\/posts\/1064\/revisions"}],"predecessor-version":[{"id":1083,"href":"https:\/\/www.public.sn\/index.php\/wp-json\/wp\/v2\/posts\/1064\/revisions\/1083"}],"wp:featuredmedia":[{"embeddable":true,"href":"https:\/\/www.public.sn\/index.php\/wp-json\/wp\/v2\/media\/1080"}],"wp:attachment":[{"href":"https:\/\/www.public.sn\/index.php\/wp-json\/wp\/v2\/media?parent=1064"}],"wp:term":[{"taxonomy":"category","embeddable":true,"href":"https:\/\/www.public.sn\/index.php\/wp-json\/wp\/v2\/categories?post=1064"},{"taxonomy":"post_tag","embeddable":true,"href":"https:\/\/www.public.sn\/index.php\/wp-json\/wp\/v2\/tags?post=1064"}],"curies":[{"name":"wp","href":"https:\/\/api.w.org\/{rel}","templated":true}]}}