{"id":1066,"date":"2022-09-01T12:56:42","date_gmt":"2022-09-01T10:56:42","guid":{"rendered":"https:\/\/www.public.sn\/?p=1066"},"modified":"2022-09-01T12:57:52","modified_gmt":"2022-09-01T10:57:52","slug":"mercato-om-bamba-dieng-se-rapproche-de-lorient","status":"publish","type":"post","link":"https:\/\/www.public.sn\/index.php\/2022\/09\/01\/mercato-om-bamba-dieng-se-rapproche-de-lorient\/","title":{"rendered":"Mercato OM : Bamba Dieng se rapproche de Lorient."},"content":{"rendered":"\n<p>Le feuilleton Bamba Dieng est sur le point de toucher \u00e0 sa fin. Apr\u00e8s plusieurs rebondissements et alors que la tendance, hier soir, \u00e9tait qu\u2019il reste \u00e0 l\u2019OM. Le S\u00e9n\u00e9galais de 22 ans est finalement sur le point d\u2019\u00eatre transf\u00e9r\u00e9 \u00e0 Lorient.<\/p><div class=\"publi-paragraphe1\" style=\"margin-top: 10px;margin-bottom: 10px;margin-left: auto;margin-right: auto;text-align: center;\" id=\"publi-3597735216\"><div class=\"publi-adlabel\">Publicit\u00e9<\/div><script async src=\"\/\/pagead2.googlesyndication.com\/pagead\/js\/adsbygoogle.js?client=ca-pub-4089586018074219\" crossorigin=\"anonymous\"><\/script><ins class=\"adsbygoogle\" style=\"display:block;\" data-ad-client=\"ca-pub-4089586018074219\" \ndata-ad-slot=\"2087940154\" \ndata-ad-format=\"auto\"><\/ins>\n<script> \n(adsbygoogle = window.adsbygoogle || []).push({}); \n<\/script>\n<\/div>\n\n\n\n<p>L\u2019OM et les Merlus sont tout proches d\u2019un accord dont les d\u00e9tails n\u2019ont, pour l\u2019instant, pas filtr\u00e9.<\/p>\n<div class=\"publi-apres-le-contenu\" style=\"margin-top: 10px;margin-bottom: 10px;margin-left: auto;margin-right: auto;text-align: center;\" id=\"publi-3289046391\"><div class=\"publi-adlabel\">Publicit\u00e9<\/div><script async src=\"\/\/pagead2.googlesyndication.com\/pagead\/js\/adsbygoogle.js?client=ca-pub-4089586018074219\" crossorigin=\"anonymous\"><\/script><ins class=\"adsbygoogle\" style=\"display:block;\" data-ad-client=\"ca-pub-4089586018074219\" \ndata-ad-slot=\"2087940154\" \ndata-ad-format=\"auto\"><\/ins>\n<script> \n(adsbygoogle = window.adsbygoogle || []).push({}); \n<\/script>\n<\/div>","protected":false},"excerpt":{"rendered":"<p>Le feuilleton Bamba Dieng est sur le point de toucher \u00e0 sa fin. Apr\u00e8s plusieurs rebondissements et alors que la tendance, hier soir, \u00e9tait qu\u2019il reste \u00e0 l\u2019OM. Le S\u00e9n\u00e9galais de 22 ans est finalement sur le point d\u2019\u00eatre transf\u00e9r\u00e9 \u00e0 Lorient. L\u2019OM et les Merlus sont tout proches d\u2019un accord dont les d\u00e9tails n\u2019ont, pour l\u2019instant, pas filtr\u00e9.<\/p>\n","protected":false},"author":1,"featured_media":1067,"comment_status":"open","ping_status":"open","sticky":false,"template":"","format":"standard","meta":{"_jetpack_memberships_contains_paid_content":false,"footnotes":""},"categories":[7],"tags":[82,404,50,403],"class_list":["post-1066","post","type-post","status-publish","format-standard","has-post-thumbnail","hentry","category-sport","tag-bamba-dieng","tag-footaall","tag-mercato","tag-om","entry","has-media","owp-thumbs-layout-horizontal","owp-btn-normal","owp-tabs-layout-horizontal","has-no-thumbnails","has-product-nav"],"yoast_head":"<!-- This site is optimized with the Yoast SEO plugin v25.5 - https:\/\/yoast.com\/wordpress\/plugins\/seo\/ -->\n<title>Mercato OM : Bamba Dieng se rapproche de Lorient. - LE PUBLIC<\/title>\n<meta name=\"robots\" content=\"index, follow, max-snippet:-1, max-image-preview:large, max-video-preview:-1\" \/>\n<link rel=\"canonical\" href=\"https:\/\/www.public.sn\/index.php\/2022\/09\/01\/mercato-om-bamba-dieng-se-rapproche-de-lorient\/\" \/>\n<meta property=\"og:locale\" content=\"fr_FR\" \/>\n<meta property=\"og:type\" content=\"article\" \/>\n<meta property=\"og:title\" content=\"Mercato OM : Bamba Dieng se rapproche de Lorient. - LE PUBLIC\" \/>\n<meta property=\"og:description\" content=\"Le feuilleton Bamba Dieng est sur le point de toucher \u00e0 sa fin. Apr\u00e8s plusieurs rebondissements et alors que la tendance, hier soir, \u00e9tait qu\u2019il reste \u00e0 l\u2019OM. Le S\u00e9n\u00e9galais de 22 ans est finalement sur le point d\u2019\u00eatre transf\u00e9r\u00e9 \u00e0 Lorient. L\u2019OM et les Merlus sont tout proches d\u2019un accord dont les d\u00e9tails n\u2019ont, pour l\u2019instant, pas filtr\u00e9.\" \/>\n<meta property=\"og:url\" content=\"https:\/\/www.public.sn\/index.php\/2022\/09\/01\/mercato-om-bamba-dieng-se-rapproche-de-lorient\/\" \/>\n<meta property=\"og:site_name\" content=\"LE PUBLIC\" \/>\n<meta property=\"article:published_time\" content=\"2022-09-01T10:56:42+00:00\" \/>\n<meta property=\"article:modified_time\" content=\"2022-09-01T10:57:52+00:00\" \/>\n<meta property=\"og:image\" content=\"https:\/\/www.public.sn\/wp-content\/uploads\/2022\/09\/9657239B-8651-4AF5-B09F-E877AFD2ECAF.jpeg\" \/>\n\t<meta property=\"og:image:width\" content=\"642\" \/>\n\t<meta property=\"og:image:height\" content=\"382\" \/>\n\t<meta property=\"og:image:type\" content=\"image\/jpeg\" \/>\n<meta name=\"author\" content=\"LA REDACTION\" \/>\n<meta name=\"twitter:card\" content=\"summary_large_image\" \/>\n<meta name=\"twitter:label1\" content=\"\u00c9crit par\" \/>\n\t<meta name=\"twitter:data1\" content=\"LA REDACTION\" \/>\n\t<meta name=\"twitter:label2\" content=\"Dur\u00e9e de lecture estim\u00e9e\" \/>\n\t<meta name=\"twitter:data2\" content=\"1 minute\" \/>\n<script type=\"application\/ld+json\" class=\"yoast-schema-graph\">{\"@context\":\"https:\/\/schema.org\",\"@graph\":[{\"@type\":\"Article\",\"@id\":\"https:\/\/www.public.sn\/index.php\/2022\/09\/01\/mercato-om-bamba-dieng-se-rapproche-de-lorient\/#article\",\"isPartOf\":{\"@id\":\"https:\/\/www.public.sn\/index.php\/2022\/09\/01\/mercato-om-bamba-dieng-se-rapproche-de-lorient\/\"},\"author\":{\"name\":\"LA REDACTION\",\"@id\":\"https:\/\/www.public.sn\/#\/schema\/person\/e3f4a11b037d4203902db148f9bc8d5a\"},\"headline\":\"Mercato OM : Bamba Dieng se rapproche de Lorient.\",\"datePublished\":\"2022-09-01T10:56:42+00:00\",\"dateModified\":\"2022-09-01T10:57:52+00:00\",\"mainEntityOfPage\":{\"@id\":\"https:\/\/www.public.sn\/index.php\/2022\/09\/01\/mercato-om-bamba-dieng-se-rapproche-de-lorient\/\"},\"wordCount\":75,\"commentCount\":0,\"publisher\":{\"@id\":\"https:\/\/www.public.sn\/#organization\"},\"image\":{\"@id\":\"https:\/\/www.public.sn\/index.php\/2022\/09\/01\/mercato-om-bamba-dieng-se-rapproche-de-lorient\/#primaryimage\"},\"thumbnailUrl\":\"https:\/\/www.public.sn\/wp-content\/uploads\/2022\/09\/9657239B-8651-4AF5-B09F-E877AFD2ECAF.jpeg\",\"keywords\":[\"Bamba Dieng\",\"Footaall\",\"Mercato\",\"OM\"],\"articleSection\":[\"SPORTS\"],\"inLanguage\":\"fr-FR\",\"potentialAction\":[{\"@type\":\"CommentAction\",\"name\":\"Comment\",\"target\":[\"https:\/\/www.public.sn\/index.php\/2022\/09\/01\/mercato-om-bamba-dieng-se-rapproche-de-lorient\/#respond\"]}]},{\"@type\":\"WebPage\",\"@id\":\"https:\/\/www.public.sn\/index.php\/2022\/09\/01\/mercato-om-bamba-dieng-se-rapproche-de-lorient\/\",\"url\":\"https:\/\/www.public.sn\/index.php\/2022\/09\/01\/mercato-om-bamba-dieng-se-rapproche-de-lorient\/\",\"name\":\"Mercato OM : Bamba Dieng se rapproche de Lorient. - LE PUBLIC\",\"isPartOf\":{\"@id\":\"https:\/\/www.public.sn\/#website\"},\"primaryImageOfPage\":{\"@id\":\"https:\/\/www.public.sn\/index.php\/2022\/09\/01\/mercato-om-bamba-dieng-se-rapproche-de-lorient\/#primaryimage\"},\"image\":{\"@id\":\"https:\/\/www.public.sn\/index.php\/2022\/09\/01\/mercato-om-bamba-dieng-se-rapproche-de-lorient\/#primaryimage\"},\"thumbnailUrl\":\"https:\/\/www.public.sn\/wp-content\/uploads\/2022\/09\/9657239B-8651-4AF5-B09F-E877AFD2ECAF.jpeg\",\"datePublished\":\"2022-09-01T10:56:42+00:00\",\"dateModified\":\"2022-09-01T10:57:52+00:00\",\"breadcrumb\":{\"@id\":\"https:\/\/www.public.sn\/index.php\/2022\/09\/01\/mercato-om-bamba-dieng-se-rapproche-de-lorient\/#breadcrumb\"},\"inLanguage\":\"fr-FR\",\"potentialAction\":[{\"@type\":\"ReadAction\",\"target\":[\"https:\/\/www.public.sn\/index.php\/2022\/09\/01\/mercato-om-bamba-dieng-se-rapproche-de-lorient\/\"]}]},{\"@type\":\"ImageObject\",\"inLanguage\":\"fr-FR\",\"@id\":\"https:\/\/www.public.sn\/index.php\/2022\/09\/01\/mercato-om-bamba-dieng-se-rapproche-de-lorient\/#primaryimage\",\"url\":\"https:\/\/www.public.sn\/wp-content\/uploads\/2022\/09\/9657239B-8651-4AF5-B09F-E877AFD2ECAF.jpeg\",\"contentUrl\":\"https:\/\/www.public.sn\/wp-content\/uploads\/2022\/09\/9657239B-8651-4AF5-B09F-E877AFD2ECAF.jpeg\",\"width\":642,\"height\":382},{\"@type\":\"BreadcrumbList\",\"@id\":\"https:\/\/www.public.sn\/index.php\/2022\/09\/01\/mercato-om-bamba-dieng-se-rapproche-de-lorient\/#breadcrumb\",\"itemListElement\":[{\"@type\":\"ListItem\",\"position\":1,\"name\":\"Accueil\",\"item\":\"https:\/\/www.public.sn\/\"},{\"@type\":\"ListItem\",\"position\":2,\"name\":\"Mercato OM : Bamba Dieng se rapproche de Lorient.\"}]},{\"@type\":\"WebSite\",\"@id\":\"https:\/\/www.public.sn\/#website\",\"url\":\"https:\/\/www.public.sn\/\",\"name\":\"LE PUBLIC\",\"description\":\"\",\"publisher\":{\"@id\":\"https:\/\/www.public.sn\/#organization\"},\"potentialAction\":[{\"@type\":\"SearchAction\",\"target\":{\"@type\":\"EntryPoint\",\"urlTemplate\":\"https:\/\/www.public.sn\/?s={search_term_string}\"},\"query-input\":{\"@type\":\"PropertyValueSpecification\",\"valueRequired\":true,\"valueName\":\"search_term_string\"}}],\"inLanguage\":\"fr-FR\"},{\"@type\":\"Organization\",\"@id\":\"https:\/\/www.public.sn\/#organization\",\"name\":\"LE PUBLIC\",\"url\":\"https:\/\/www.public.sn\/\",\"logo\":{\"@type\":\"ImageObject\",\"inLanguage\":\"fr-FR\",\"@id\":\"https:\/\/www.public.sn\/#\/schema\/logo\/image\/\",\"url\":\"https:\/\/www.public.sn\/wp-content\/uploads\/2024\/05\/cropped-LOGO-PUBLIC.SN_.png\",\"contentUrl\":\"https:\/\/www.public.sn\/wp-content\/uploads\/2024\/05\/cropped-LOGO-PUBLIC.SN_.png\",\"width\":682,\"height\":192,\"caption\":\"LE PUBLIC\"},\"image\":{\"@id\":\"https:\/\/www.public.sn\/#\/schema\/logo\/image\/\"}},{\"@type\":\"Person\",\"@id\":\"https:\/\/www.public.sn\/#\/schema\/person\/e3f4a11b037d4203902db148f9bc8d5a\",\"name\":\"LA REDACTION\",\"image\":{\"@type\":\"ImageObject\",\"inLanguage\":\"fr-FR\",\"@id\":\"https:\/\/www.public.sn\/#\/schema\/person\/image\/\",\"url\":\"https:\/\/secure.gravatar.com\/avatar\/d6c030db45db2883c075085c5d6c6258654a801a93766b49af0b82d4f454e2a5?s=96&d=mm&r=g\",\"contentUrl\":\"https:\/\/secure.gravatar.com\/avatar\/d6c030db45db2883c075085c5d6c6258654a801a93766b49af0b82d4f454e2a5?s=96&d=mm&r=g\",\"caption\":\"LA REDACTION\"},\"sameAs\":[\"http:\/\/www.public.sn\"],\"url\":\"https:\/\/www.public.sn\/index.php\/author\/admin7324\/\"}]}<\/script>\n<!-- \/ Yoast SEO plugin. -->","yoast_head_json":{"title":"Mercato OM : Bamba Dieng se rapproche de Lorient. - LE PUBLIC","robots":{"index":"index","follow":"follow","max-snippet":"max-snippet:-1","max-image-preview":"max-image-preview:large","max-video-preview":"max-video-preview:-1"},"canonical":"https:\/\/www.public.sn\/index.php\/2022\/09\/01\/mercato-om-bamba-dieng-se-rapproche-de-lorient\/","og_locale":"fr_FR","og_type":"article","og_title":"Mercato OM : Bamba Dieng se rapproche de Lorient. - LE PUBLIC","og_description":"Le feuilleton Bamba Dieng est sur le point de toucher \u00e0 sa fin. Apr\u00e8s plusieurs rebondissements et alors que la tendance, hier soir, \u00e9tait qu\u2019il reste \u00e0 l\u2019OM. Le S\u00e9n\u00e9galais de 22 ans est finalement sur le point d\u2019\u00eatre transf\u00e9r\u00e9 \u00e0 Lorient. L\u2019OM et les Merlus sont tout proches d\u2019un accord dont les d\u00e9tails n\u2019ont, pour l\u2019instant, pas filtr\u00e9.","og_url":"https:\/\/www.public.sn\/index.php\/2022\/09\/01\/mercato-om-bamba-dieng-se-rapproche-de-lorient\/","og_site_name":"LE PUBLIC","article_published_time":"2022-09-01T10:56:42+00:00","article_modified_time":"2022-09-01T10:57:52+00:00","og_image":[{"width":642,"height":382,"url":"https:\/\/www.public.sn\/wp-content\/uploads\/2022\/09\/9657239B-8651-4AF5-B09F-E877AFD2ECAF.jpeg","type":"image\/jpeg"}],"author":"LA REDACTION","twitter_card":"summary_large_image","twitter_misc":{"\u00c9crit par":"LA REDACTION","Dur\u00e9e de lecture estim\u00e9e":"1 minute"},"schema":{"@context":"https:\/\/schema.org","@graph":[{"@type":"Article","@id":"https:\/\/www.public.sn\/index.php\/2022\/09\/01\/mercato-om-bamba-dieng-se-rapproche-de-lorient\/#article","isPartOf":{"@id":"https:\/\/www.public.sn\/index.php\/2022\/09\/01\/mercato-om-bamba-dieng-se-rapproche-de-lorient\/"},"author":{"name":"LA REDACTION","@id":"https:\/\/www.public.sn\/#\/schema\/person\/e3f4a11b037d4203902db148f9bc8d5a"},"headline":"Mercato OM : Bamba Dieng se rapproche de Lorient.","datePublished":"2022-09-01T10:56:42+00:00","dateModified":"2022-09-01T10:57:52+00:00","mainEntityOfPage":{"@id":"https:\/\/www.public.sn\/index.php\/2022\/09\/01\/mercato-om-bamba-dieng-se-rapproche-de-lorient\/"},"wordCount":75,"commentCount":0,"publisher":{"@id":"https:\/\/www.public.sn\/#organization"},"image":{"@id":"https:\/\/www.public.sn\/index.php\/2022\/09\/01\/mercato-om-bamba-dieng-se-rapproche-de-lorient\/#primaryimage"},"thumbnailUrl":"https:\/\/www.public.sn\/wp-content\/uploads\/2022\/09\/9657239B-8651-4AF5-B09F-E877AFD2ECAF.jpeg","keywords":["Bamba Dieng","Footaall","Mercato","OM"],"articleSection":["SPORTS"],"inLanguage":"fr-FR","potentialAction":[{"@type":"CommentAction","name":"Comment","target":["https:\/\/www.public.sn\/index.php\/2022\/09\/01\/mercato-om-bamba-dieng-se-rapproche-de-lorient\/#respond"]}]},{"@type":"WebPage","@id":"https:\/\/www.public.sn\/index.php\/2022\/09\/01\/mercato-om-bamba-dieng-se-rapproche-de-lorient\/","url":"https:\/\/www.public.sn\/index.php\/2022\/09\/01\/mercato-om-bamba-dieng-se-rapproche-de-lorient\/","name":"Mercato OM : Bamba Dieng se rapproche de Lorient. - LE PUBLIC","isPartOf":{"@id":"https:\/\/www.public.sn\/#website"},"primaryImageOfPage":{"@id":"https:\/\/www.public.sn\/index.php\/2022\/09\/01\/mercato-om-bamba-dieng-se-rapproche-de-lorient\/#primaryimage"},"image":{"@id":"https:\/\/www.public.sn\/index.php\/2022\/09\/01\/mercato-om-bamba-dieng-se-rapproche-de-lorient\/#primaryimage"},"thumbnailUrl":"https:\/\/www.public.sn\/wp-content\/uploads\/2022\/09\/9657239B-8651-4AF5-B09F-E877AFD2ECAF.jpeg","datePublished":"2022-09-01T10:56:42+00:00","dateModified":"2022-09-01T10:57:52+00:00","breadcrumb":{"@id":"https:\/\/www.public.sn\/index.php\/2022\/09\/01\/mercato-om-bamba-dieng-se-rapproche-de-lorient\/#breadcrumb"},"inLanguage":"fr-FR","potentialAction":[{"@type":"ReadAction","target":["https:\/\/www.public.sn\/index.php\/2022\/09\/01\/mercato-om-bamba-dieng-se-rapproche-de-lorient\/"]}]},{"@type":"ImageObject","inLanguage":"fr-FR","@id":"https:\/\/www.public.sn\/index.php\/2022\/09\/01\/mercato-om-bamba-dieng-se-rapproche-de-lorient\/#primaryimage","url":"https:\/\/www.public.sn\/wp-content\/uploads\/2022\/09\/9657239B-8651-4AF5-B09F-E877AFD2ECAF.jpeg","contentUrl":"https:\/\/www.public.sn\/wp-content\/uploads\/2022\/09\/9657239B-8651-4AF5-B09F-E877AFD2ECAF.jpeg","width":642,"height":382},{"@type":"BreadcrumbList","@id":"https:\/\/www.public.sn\/index.php\/2022\/09\/01\/mercato-om-bamba-dieng-se-rapproche-de-lorient\/#breadcrumb","itemListElement":[{"@type":"ListItem","position":1,"name":"Accueil","item":"https:\/\/www.public.sn\/"},{"@type":"ListItem","position":2,"name":"Mercato OM : Bamba Dieng se rapproche de Lorient."}]},{"@type":"WebSite","@id":"https:\/\/www.public.sn\/#website","url":"https:\/\/www.public.sn\/","name":"LE PUBLIC","description":"","publisher":{"@id":"https:\/\/www.public.sn\/#organization"},"potentialAction":[{"@type":"SearchAction","target":{"@type":"EntryPoint","urlTemplate":"https:\/\/www.public.sn\/?s={search_term_string}"},"query-input":{"@type":"PropertyValueSpecification","valueRequired":true,"valueName":"search_term_string"}}],"inLanguage":"fr-FR"},{"@type":"Organization","@id":"https:\/\/www.public.sn\/#organization","name":"LE PUBLIC","url":"https:\/\/www.public.sn\/","logo":{"@type":"ImageObject","inLanguage":"fr-FR","@id":"https:\/\/www.public.sn\/#\/schema\/logo\/image\/","url":"https:\/\/www.public.sn\/wp-content\/uploads\/2024\/05\/cropped-LOGO-PUBLIC.SN_.png","contentUrl":"https:\/\/www.public.sn\/wp-content\/uploads\/2024\/05\/cropped-LOGO-PUBLIC.SN_.png","width":682,"height":192,"caption":"LE PUBLIC"},"image":{"@id":"https:\/\/www.public.sn\/#\/schema\/logo\/image\/"}},{"@type":"Person","@id":"https:\/\/www.public.sn\/#\/schema\/person\/e3f4a11b037d4203902db148f9bc8d5a","name":"LA REDACTION","image":{"@type":"ImageObject","inLanguage":"fr-FR","@id":"https:\/\/www.public.sn\/#\/schema\/person\/image\/","url":"https:\/\/secure.gravatar.com\/avatar\/d6c030db45db2883c075085c5d6c6258654a801a93766b49af0b82d4f454e2a5?s=96&d=mm&r=g","contentUrl":"https:\/\/secure.gravatar.com\/avatar\/d6c030db45db2883c075085c5d6c6258654a801a93766b49af0b82d4f454e2a5?s=96&d=mm&r=g","caption":"LA REDACTION"},"sameAs":["http:\/\/www.public.sn"],"url":"https:\/\/www.public.sn\/index.php\/author\/admin7324\/"}]}},"jetpack_featured_media_url":"https:\/\/www.public.sn\/wp-content\/uploads\/2022\/09\/9657239B-8651-4AF5-B09F-E877AFD2ECAF.jpeg","jetpack_sharing_enabled":true,"_links":{"self":[{"href":"https:\/\/www.public.sn\/index.php\/wp-json\/wp\/v2\/posts\/1066","targetHints":{"allow":["GET"]}}],"collection":[{"href":"https:\/\/www.public.sn\/index.php\/wp-json\/wp\/v2\/posts"}],"about":[{"href":"https:\/\/www.public.sn\/index.php\/wp-json\/wp\/v2\/types\/post"}],"author":[{"embeddable":true,"href":"https:\/\/www.public.sn\/index.php\/wp-json\/wp\/v2\/users\/1"}],"replies":[{"embeddable":true,"href":"https:\/\/www.public.sn\/index.php\/wp-json\/wp\/v2\/comments?post=1066"}],"version-history":[{"count":2,"href":"https:\/\/www.public.sn\/index.php\/wp-json\/wp\/v2\/posts\/1066\/revisions"}],"predecessor-version":[{"id":1069,"href":"https:\/\/www.public.sn\/index.php\/wp-json\/wp\/v2\/posts\/1066\/revisions\/1069"}],"wp:featuredmedia":[{"embeddable":true,"href":"https:\/\/www.public.sn\/index.php\/wp-json\/wp\/v2\/media\/1067"}],"wp:attachment":[{"href":"https:\/\/www.public.sn\/index.php\/wp-json\/wp\/v2\/media?parent=1066"}],"wp:term":[{"taxonomy":"category","embeddable":true,"href":"https:\/\/www.public.sn\/index.php\/wp-json\/wp\/v2\/categories?post=1066"},{"taxonomy":"post_tag","embeddable":true,"href":"https:\/\/www.public.sn\/index.php\/wp-json\/wp\/v2\/tags?post=1066"}],"curies":[{"name":"wp","href":"https:\/\/api.w.org\/{rel}","templated":true}]}}