{"id":10674,"date":"2022-11-30T18:50:50","date_gmt":"2022-11-30T18:50:50","guid":{"rendered":"https:\/\/www.public.sn\/?p=10674"},"modified":"2022-11-30T18:51:16","modified_gmt":"2022-11-30T18:51:16","slug":"confrontation-sonko-adji-sarr-ce-sera-le-6-decembre","status":"publish","type":"post","link":"https:\/\/www.public.sn\/index.php\/2022\/11\/30\/confrontation-sonko-adji-sarr-ce-sera-le-6-decembre\/","title":{"rendered":"Confrontation Sonko\/ Adji Sarr\u00a0: Ce sera le 6 D\u00e9cembre."},"content":{"rendered":"\n<p><\/p>\n\n\n\n<p>Le juge Oumar Maham Diallo fera face \u00e0 Ousmane Sonko et Adji Sarr le \u00a0le 6 d\u00e9cembre prochain pour une s\u00e9ance de confrontation. L\u2019annonce a \u00e9t\u00e9 faite par les avocats de la victime en l\u2019occurrence Me El Hadj Diouf et Me Abdou Dialy Kane. <\/p><div class=\"publi-paragraphe1\" style=\"margin-top: 10px;margin-bottom: 10px;margin-left: auto;margin-right: auto;text-align: center;\" id=\"publi-3546384004\"><div class=\"publi-adlabel\">Publicit\u00e9<\/div><script async src=\"\/\/pagead2.googlesyndication.com\/pagead\/js\/adsbygoogle.js?client=ca-pub-4089586018074219\" crossorigin=\"anonymous\"><\/script><ins class=\"adsbygoogle\" style=\"display:block;\" data-ad-client=\"ca-pub-4089586018074219\" \ndata-ad-slot=\"2087940154\" \ndata-ad-format=\"auto\"><\/ins>\n<script> \n(adsbygoogle = window.adsbygoogle || []).push({}); \n<\/script>\n<\/div>\n\n\n\n<p><\/p>\n\n\n\n<p>En Mars 2021, le leader du parti des \u00a0Patriotes du S\u00e9n\u00e9gal pour le travail, l&rsquo;\u00e9thique et la fraternit\u00e9 Ousmane Sonko\u00a0 avait \u00e9t\u00e9 inculp\u00e9\u00a0 pour le d\u00e9lit de viol sur \u00a0la masseuse Adji Sarr. Sa premi\u00e8re tentative d\u2019audition avait caus\u00e9 la mort de 14 jeunes suite \u00e0 des manifestations dans plusieurs villes du S\u00e9n\u00e9gal. il sera finalement entendu par le doyen des juge. Mais ce 6 D\u00e9cembre il y aura une confrontation entre lui et son accusatrice dans le bureau du doyen des juges.<\/p>\n\n\n\n<p>Samba SY.<\/p>\n<div class=\"publi-apres-le-contenu\" style=\"margin-top: 10px;margin-bottom: 10px;margin-left: auto;margin-right: auto;text-align: center;\" id=\"publi-643324252\"><div class=\"publi-adlabel\">Publicit\u00e9<\/div><script async src=\"\/\/pagead2.googlesyndication.com\/pagead\/js\/adsbygoogle.js?client=ca-pub-4089586018074219\" crossorigin=\"anonymous\"><\/script><ins class=\"adsbygoogle\" style=\"display:block;\" data-ad-client=\"ca-pub-4089586018074219\" \ndata-ad-slot=\"2087940154\" \ndata-ad-format=\"auto\"><\/ins>\n<script> \n(adsbygoogle = window.adsbygoogle || []).push({}); \n<\/script>\n<\/div>","protected":false},"excerpt":{"rendered":"<p>Le juge Oumar Maham Diallo fera face \u00e0 Ousmane Sonko et Adji Sarr le \u00a0le 6 d\u00e9cembre prochain pour une s\u00e9ance de confrontation. L\u2019annonce a \u00e9t\u00e9 faite par les avocats de la victime en l\u2019occurrence Me El Hadj Diouf et Me Abdou Dialy Kane. En Mars 2021, le leader du parti des \u00a0Patriotes du S\u00e9n\u00e9gal pour le travail, l&rsquo;\u00e9thique et la fraternit\u00e9 Ousmane Sonko\u00a0 avait \u00e9t\u00e9 inculp\u00e9\u00a0 pour le d\u00e9lit de viol sur \u00a0la masseuse Adji Sarr. Sa premi\u00e8re tentative d\u2019audition avait caus\u00e9 la mort de 14 jeunes suite \u00e0 des manifestations dans plusieurs villes du S\u00e9n\u00e9gal. il sera finalement entendu par le doyen des juge. Mais ce 6 D\u00e9cembre il y aura une confrontation entre lui et son accusatrice dans le bureau du doyen des juges. Samba SY.<\/p>\n","protected":false},"author":7,"featured_media":10675,"comment_status":"open","ping_status":"open","sticky":false,"template":"","format":"standard","meta":{"_jetpack_memberships_contains_paid_content":false,"footnotes":""},"categories":[375,3,1,4,372],"tags":[99,671,306],"class_list":["post-10674","post","type-post","status-publish","format-standard","has-post-thumbnail","hentry","category-actualites","category-politique","category-non-classe","category-societe","category-vedette","tag-adji-sarr","tag-confrontation","tag-sonko","entry","has-media","owp-thumbs-layout-horizontal","owp-btn-normal","owp-tabs-layout-horizontal","has-no-thumbnails","has-product-nav"],"yoast_head":"<!-- This site is optimized with the Yoast SEO plugin v25.5 - https:\/\/yoast.com\/wordpress\/plugins\/seo\/ -->\n<title>Confrontation Sonko\/ Adji Sarr\u00a0: Ce sera le 6 D\u00e9cembre. - LE PUBLIC<\/title>\n<meta name=\"robots\" content=\"index, follow, max-snippet:-1, max-image-preview:large, max-video-preview:-1\" \/>\n<link rel=\"canonical\" href=\"https:\/\/www.public.sn\/index.php\/2022\/11\/30\/confrontation-sonko-adji-sarr-ce-sera-le-6-decembre\/\" \/>\n<meta property=\"og:locale\" content=\"fr_FR\" \/>\n<meta property=\"og:type\" content=\"article\" \/>\n<meta property=\"og:title\" content=\"Confrontation Sonko\/ Adji Sarr\u00a0: Ce sera le 6 D\u00e9cembre. - LE PUBLIC\" \/>\n<meta property=\"og:description\" content=\"Le juge Oumar Maham Diallo fera face \u00e0 Ousmane Sonko et Adji Sarr le \u00a0le 6 d\u00e9cembre prochain pour une s\u00e9ance de confrontation. L\u2019annonce a \u00e9t\u00e9 faite par les avocats de la victime en l\u2019occurrence Me El Hadj Diouf et Me Abdou Dialy Kane. En Mars 2021, le leader du parti des \u00a0Patriotes du S\u00e9n\u00e9gal pour le travail, l&rsquo;\u00e9thique et la fraternit\u00e9 Ousmane Sonko\u00a0 avait \u00e9t\u00e9 inculp\u00e9\u00a0 pour le d\u00e9lit de viol sur \u00a0la masseuse Adji Sarr. Sa premi\u00e8re tentative d\u2019audition avait caus\u00e9 la mort de 14 jeunes suite \u00e0 des manifestations dans plusieurs villes du S\u00e9n\u00e9gal. il sera finalement entendu par le doyen des juge. Mais ce 6 D\u00e9cembre il y aura une confrontation entre lui et son accusatrice dans le bureau du doyen des juges. Samba SY.\" \/>\n<meta property=\"og:url\" content=\"https:\/\/www.public.sn\/index.php\/2022\/11\/30\/confrontation-sonko-adji-sarr-ce-sera-le-6-decembre\/\" \/>\n<meta property=\"og:site_name\" content=\"LE PUBLIC\" \/>\n<meta property=\"article:published_time\" content=\"2022-11-30T18:50:50+00:00\" \/>\n<meta property=\"article:modified_time\" content=\"2022-11-30T18:51:16+00:00\" \/>\n<meta property=\"og:image\" content=\"https:\/\/www.public.sn\/wp-content\/uploads\/2022\/11\/Sonko-Adji.gif\" \/>\n\t<meta property=\"og:image:width\" content=\"600\" \/>\n\t<meta property=\"og:image:height\" content=\"515\" \/>\n\t<meta property=\"og:image:type\" content=\"image\/gif\" \/>\n<meta name=\"author\" content=\"LA REDACTION\" \/>\n<meta name=\"twitter:card\" content=\"summary_large_image\" \/>\n<meta name=\"twitter:label1\" content=\"\u00c9crit par\" \/>\n\t<meta name=\"twitter:data1\" content=\"LA REDACTION\" \/>\n\t<meta name=\"twitter:label2\" content=\"Dur\u00e9e de lecture estim\u00e9e\" \/>\n\t<meta name=\"twitter:data2\" content=\"1 minute\" \/>\n<script type=\"application\/ld+json\" class=\"yoast-schema-graph\">{\"@context\":\"https:\/\/schema.org\",\"@graph\":[{\"@type\":\"Article\",\"@id\":\"https:\/\/www.public.sn\/index.php\/2022\/11\/30\/confrontation-sonko-adji-sarr-ce-sera-le-6-decembre\/#article\",\"isPartOf\":{\"@id\":\"https:\/\/www.public.sn\/index.php\/2022\/11\/30\/confrontation-sonko-adji-sarr-ce-sera-le-6-decembre\/\"},\"author\":{\"name\":\"LA REDACTION\",\"@id\":\"https:\/\/www.public.sn\/#\/schema\/person\/cb76c8e1b8becc6be61fb5e92d6d0224\"},\"headline\":\"Confrontation Sonko\/ Adji Sarr\u00a0: Ce sera le 6 D\u00e9cembre.\",\"datePublished\":\"2022-11-30T18:50:50+00:00\",\"dateModified\":\"2022-11-30T18:51:16+00:00\",\"mainEntityOfPage\":{\"@id\":\"https:\/\/www.public.sn\/index.php\/2022\/11\/30\/confrontation-sonko-adji-sarr-ce-sera-le-6-decembre\/\"},\"wordCount\":145,\"commentCount\":0,\"publisher\":{\"@id\":\"https:\/\/www.public.sn\/#organization\"},\"image\":{\"@id\":\"https:\/\/www.public.sn\/index.php\/2022\/11\/30\/confrontation-sonko-adji-sarr-ce-sera-le-6-decembre\/#primaryimage\"},\"thumbnailUrl\":\"https:\/\/www.public.sn\/wp-content\/uploads\/2022\/11\/Sonko-Adji.gif\",\"keywords\":[\"Adji Sarr\",\"Confrontation\",\"sonko\"],\"articleSection\":[\"ACTUALIT\u00c9S\",\"POLITIQUE\",\"S\u00c9N\u00c9GAL\",\"SOCIETE\",\"VEDETTE\"],\"inLanguage\":\"fr-FR\",\"potentialAction\":[{\"@type\":\"CommentAction\",\"name\":\"Comment\",\"target\":[\"https:\/\/www.public.sn\/index.php\/2022\/11\/30\/confrontation-sonko-adji-sarr-ce-sera-le-6-decembre\/#respond\"]}]},{\"@type\":\"WebPage\",\"@id\":\"https:\/\/www.public.sn\/index.php\/2022\/11\/30\/confrontation-sonko-adji-sarr-ce-sera-le-6-decembre\/\",\"url\":\"https:\/\/www.public.sn\/index.php\/2022\/11\/30\/confrontation-sonko-adji-sarr-ce-sera-le-6-decembre\/\",\"name\":\"Confrontation Sonko\/ Adji Sarr\u00a0: Ce sera le 6 D\u00e9cembre. - LE PUBLIC\",\"isPartOf\":{\"@id\":\"https:\/\/www.public.sn\/#website\"},\"primaryImageOfPage\":{\"@id\":\"https:\/\/www.public.sn\/index.php\/2022\/11\/30\/confrontation-sonko-adji-sarr-ce-sera-le-6-decembre\/#primaryimage\"},\"image\":{\"@id\":\"https:\/\/www.public.sn\/index.php\/2022\/11\/30\/confrontation-sonko-adji-sarr-ce-sera-le-6-decembre\/#primaryimage\"},\"thumbnailUrl\":\"https:\/\/www.public.sn\/wp-content\/uploads\/2022\/11\/Sonko-Adji.gif\",\"datePublished\":\"2022-11-30T18:50:50+00:00\",\"dateModified\":\"2022-11-30T18:51:16+00:00\",\"breadcrumb\":{\"@id\":\"https:\/\/www.public.sn\/index.php\/2022\/11\/30\/confrontation-sonko-adji-sarr-ce-sera-le-6-decembre\/#breadcrumb\"},\"inLanguage\":\"fr-FR\",\"potentialAction\":[{\"@type\":\"ReadAction\",\"target\":[\"https:\/\/www.public.sn\/index.php\/2022\/11\/30\/confrontation-sonko-adji-sarr-ce-sera-le-6-decembre\/\"]}]},{\"@type\":\"ImageObject\",\"inLanguage\":\"fr-FR\",\"@id\":\"https:\/\/www.public.sn\/index.php\/2022\/11\/30\/confrontation-sonko-adji-sarr-ce-sera-le-6-decembre\/#primaryimage\",\"url\":\"https:\/\/www.public.sn\/wp-content\/uploads\/2022\/11\/Sonko-Adji.gif\",\"contentUrl\":\"https:\/\/www.public.sn\/wp-content\/uploads\/2022\/11\/Sonko-Adji.gif\",\"width\":600,\"height\":515,\"caption\":\"publicsn\"},{\"@type\":\"BreadcrumbList\",\"@id\":\"https:\/\/www.public.sn\/index.php\/2022\/11\/30\/confrontation-sonko-adji-sarr-ce-sera-le-6-decembre\/#breadcrumb\",\"itemListElement\":[{\"@type\":\"ListItem\",\"position\":1,\"name\":\"Accueil\",\"item\":\"https:\/\/www.public.sn\/\"},{\"@type\":\"ListItem\",\"position\":2,\"name\":\"Confrontation Sonko\/ Adji Sarr\u00a0: Ce sera le 6 D\u00e9cembre.\"}]},{\"@type\":\"WebSite\",\"@id\":\"https:\/\/www.public.sn\/#website\",\"url\":\"https:\/\/www.public.sn\/\",\"name\":\"LE PUBLIC\",\"description\":\"\",\"publisher\":{\"@id\":\"https:\/\/www.public.sn\/#organization\"},\"potentialAction\":[{\"@type\":\"SearchAction\",\"target\":{\"@type\":\"EntryPoint\",\"urlTemplate\":\"https:\/\/www.public.sn\/?s={search_term_string}\"},\"query-input\":{\"@type\":\"PropertyValueSpecification\",\"valueRequired\":true,\"valueName\":\"search_term_string\"}}],\"inLanguage\":\"fr-FR\"},{\"@type\":\"Organization\",\"@id\":\"https:\/\/www.public.sn\/#organization\",\"name\":\"LE PUBLIC\",\"url\":\"https:\/\/www.public.sn\/\",\"logo\":{\"@type\":\"ImageObject\",\"inLanguage\":\"fr-FR\",\"@id\":\"https:\/\/www.public.sn\/#\/schema\/logo\/image\/\",\"url\":\"https:\/\/www.public.sn\/wp-content\/uploads\/2024\/05\/cropped-LOGO-PUBLIC.SN_.png\",\"contentUrl\":\"https:\/\/www.public.sn\/wp-content\/uploads\/2024\/05\/cropped-LOGO-PUBLIC.SN_.png\",\"width\":682,\"height\":192,\"caption\":\"LE PUBLIC\"},\"image\":{\"@id\":\"https:\/\/www.public.sn\/#\/schema\/logo\/image\/\"}},{\"@type\":\"Person\",\"@id\":\"https:\/\/www.public.sn\/#\/schema\/person\/cb76c8e1b8becc6be61fb5e92d6d0224\",\"name\":\"LA REDACTION\",\"image\":{\"@type\":\"ImageObject\",\"inLanguage\":\"fr-FR\",\"@id\":\"https:\/\/www.public.sn\/#\/schema\/person\/image\/\",\"url\":\"https:\/\/secure.gravatar.com\/avatar\/2dce5ddd34b8fef0180efe03aa2a9bee7d953856048f9a16b298190a3178407c?s=96&d=mm&r=g\",\"contentUrl\":\"https:\/\/secure.gravatar.com\/avatar\/2dce5ddd34b8fef0180efe03aa2a9bee7d953856048f9a16b298190a3178407c?s=96&d=mm&r=g\",\"caption\":\"LA REDACTION\"},\"url\":\"https:\/\/www.public.sn\/index.php\/author\/editeurpsn\/\"}]}<\/script>\n<!-- \/ Yoast SEO plugin. -->","yoast_head_json":{"title":"Confrontation Sonko\/ Adji Sarr\u00a0: Ce sera le 6 D\u00e9cembre. - LE PUBLIC","robots":{"index":"index","follow":"follow","max-snippet":"max-snippet:-1","max-image-preview":"max-image-preview:large","max-video-preview":"max-video-preview:-1"},"canonical":"https:\/\/www.public.sn\/index.php\/2022\/11\/30\/confrontation-sonko-adji-sarr-ce-sera-le-6-decembre\/","og_locale":"fr_FR","og_type":"article","og_title":"Confrontation Sonko\/ Adji Sarr\u00a0: Ce sera le 6 D\u00e9cembre. - LE PUBLIC","og_description":"Le juge Oumar Maham Diallo fera face \u00e0 Ousmane Sonko et Adji Sarr le \u00a0le 6 d\u00e9cembre prochain pour une s\u00e9ance de confrontation. L\u2019annonce a \u00e9t\u00e9 faite par les avocats de la victime en l\u2019occurrence Me El Hadj Diouf et Me Abdou Dialy Kane. En Mars 2021, le leader du parti des \u00a0Patriotes du S\u00e9n\u00e9gal pour le travail, l&rsquo;\u00e9thique et la fraternit\u00e9 Ousmane Sonko\u00a0 avait \u00e9t\u00e9 inculp\u00e9\u00a0 pour le d\u00e9lit de viol sur \u00a0la masseuse Adji Sarr. Sa premi\u00e8re tentative d\u2019audition avait caus\u00e9 la mort de 14 jeunes suite \u00e0 des manifestations dans plusieurs villes du S\u00e9n\u00e9gal. il sera finalement entendu par le doyen des juge. Mais ce 6 D\u00e9cembre il y aura une confrontation entre lui et son accusatrice dans le bureau du doyen des juges. Samba SY.","og_url":"https:\/\/www.public.sn\/index.php\/2022\/11\/30\/confrontation-sonko-adji-sarr-ce-sera-le-6-decembre\/","og_site_name":"LE PUBLIC","article_published_time":"2022-11-30T18:50:50+00:00","article_modified_time":"2022-11-30T18:51:16+00:00","og_image":[{"width":600,"height":515,"url":"https:\/\/www.public.sn\/wp-content\/uploads\/2022\/11\/Sonko-Adji.gif","type":"image\/gif"}],"author":"LA REDACTION","twitter_card":"summary_large_image","twitter_misc":{"\u00c9crit par":"LA REDACTION","Dur\u00e9e de lecture estim\u00e9e":"1 minute"},"schema":{"@context":"https:\/\/schema.org","@graph":[{"@type":"Article","@id":"https:\/\/www.public.sn\/index.php\/2022\/11\/30\/confrontation-sonko-adji-sarr-ce-sera-le-6-decembre\/#article","isPartOf":{"@id":"https:\/\/www.public.sn\/index.php\/2022\/11\/30\/confrontation-sonko-adji-sarr-ce-sera-le-6-decembre\/"},"author":{"name":"LA REDACTION","@id":"https:\/\/www.public.sn\/#\/schema\/person\/cb76c8e1b8becc6be61fb5e92d6d0224"},"headline":"Confrontation Sonko\/ Adji Sarr\u00a0: Ce sera le 6 D\u00e9cembre.","datePublished":"2022-11-30T18:50:50+00:00","dateModified":"2022-11-30T18:51:16+00:00","mainEntityOfPage":{"@id":"https:\/\/www.public.sn\/index.php\/2022\/11\/30\/confrontation-sonko-adji-sarr-ce-sera-le-6-decembre\/"},"wordCount":145,"commentCount":0,"publisher":{"@id":"https:\/\/www.public.sn\/#organization"},"image":{"@id":"https:\/\/www.public.sn\/index.php\/2022\/11\/30\/confrontation-sonko-adji-sarr-ce-sera-le-6-decembre\/#primaryimage"},"thumbnailUrl":"https:\/\/www.public.sn\/wp-content\/uploads\/2022\/11\/Sonko-Adji.gif","keywords":["Adji Sarr","Confrontation","sonko"],"articleSection":["ACTUALIT\u00c9S","POLITIQUE","S\u00c9N\u00c9GAL","SOCIETE","VEDETTE"],"inLanguage":"fr-FR","potentialAction":[{"@type":"CommentAction","name":"Comment","target":["https:\/\/www.public.sn\/index.php\/2022\/11\/30\/confrontation-sonko-adji-sarr-ce-sera-le-6-decembre\/#respond"]}]},{"@type":"WebPage","@id":"https:\/\/www.public.sn\/index.php\/2022\/11\/30\/confrontation-sonko-adji-sarr-ce-sera-le-6-decembre\/","url":"https:\/\/www.public.sn\/index.php\/2022\/11\/30\/confrontation-sonko-adji-sarr-ce-sera-le-6-decembre\/","name":"Confrontation Sonko\/ Adji Sarr\u00a0: Ce sera le 6 D\u00e9cembre. - LE PUBLIC","isPartOf":{"@id":"https:\/\/www.public.sn\/#website"},"primaryImageOfPage":{"@id":"https:\/\/www.public.sn\/index.php\/2022\/11\/30\/confrontation-sonko-adji-sarr-ce-sera-le-6-decembre\/#primaryimage"},"image":{"@id":"https:\/\/www.public.sn\/index.php\/2022\/11\/30\/confrontation-sonko-adji-sarr-ce-sera-le-6-decembre\/#primaryimage"},"thumbnailUrl":"https:\/\/www.public.sn\/wp-content\/uploads\/2022\/11\/Sonko-Adji.gif","datePublished":"2022-11-30T18:50:50+00:00","dateModified":"2022-11-30T18:51:16+00:00","breadcrumb":{"@id":"https:\/\/www.public.sn\/index.php\/2022\/11\/30\/confrontation-sonko-adji-sarr-ce-sera-le-6-decembre\/#breadcrumb"},"inLanguage":"fr-FR","potentialAction":[{"@type":"ReadAction","target":["https:\/\/www.public.sn\/index.php\/2022\/11\/30\/confrontation-sonko-adji-sarr-ce-sera-le-6-decembre\/"]}]},{"@type":"ImageObject","inLanguage":"fr-FR","@id":"https:\/\/www.public.sn\/index.php\/2022\/11\/30\/confrontation-sonko-adji-sarr-ce-sera-le-6-decembre\/#primaryimage","url":"https:\/\/www.public.sn\/wp-content\/uploads\/2022\/11\/Sonko-Adji.gif","contentUrl":"https:\/\/www.public.sn\/wp-content\/uploads\/2022\/11\/Sonko-Adji.gif","width":600,"height":515,"caption":"publicsn"},{"@type":"BreadcrumbList","@id":"https:\/\/www.public.sn\/index.php\/2022\/11\/30\/confrontation-sonko-adji-sarr-ce-sera-le-6-decembre\/#breadcrumb","itemListElement":[{"@type":"ListItem","position":1,"name":"Accueil","item":"https:\/\/www.public.sn\/"},{"@type":"ListItem","position":2,"name":"Confrontation Sonko\/ Adji Sarr\u00a0: Ce sera le 6 D\u00e9cembre."}]},{"@type":"WebSite","@id":"https:\/\/www.public.sn\/#website","url":"https:\/\/www.public.sn\/","name":"LE PUBLIC","description":"","publisher":{"@id":"https:\/\/www.public.sn\/#organization"},"potentialAction":[{"@type":"SearchAction","target":{"@type":"EntryPoint","urlTemplate":"https:\/\/www.public.sn\/?s={search_term_string}"},"query-input":{"@type":"PropertyValueSpecification","valueRequired":true,"valueName":"search_term_string"}}],"inLanguage":"fr-FR"},{"@type":"Organization","@id":"https:\/\/www.public.sn\/#organization","name":"LE PUBLIC","url":"https:\/\/www.public.sn\/","logo":{"@type":"ImageObject","inLanguage":"fr-FR","@id":"https:\/\/www.public.sn\/#\/schema\/logo\/image\/","url":"https:\/\/www.public.sn\/wp-content\/uploads\/2024\/05\/cropped-LOGO-PUBLIC.SN_.png","contentUrl":"https:\/\/www.public.sn\/wp-content\/uploads\/2024\/05\/cropped-LOGO-PUBLIC.SN_.png","width":682,"height":192,"caption":"LE PUBLIC"},"image":{"@id":"https:\/\/www.public.sn\/#\/schema\/logo\/image\/"}},{"@type":"Person","@id":"https:\/\/www.public.sn\/#\/schema\/person\/cb76c8e1b8becc6be61fb5e92d6d0224","name":"LA REDACTION","image":{"@type":"ImageObject","inLanguage":"fr-FR","@id":"https:\/\/www.public.sn\/#\/schema\/person\/image\/","url":"https:\/\/secure.gravatar.com\/avatar\/2dce5ddd34b8fef0180efe03aa2a9bee7d953856048f9a16b298190a3178407c?s=96&d=mm&r=g","contentUrl":"https:\/\/secure.gravatar.com\/avatar\/2dce5ddd34b8fef0180efe03aa2a9bee7d953856048f9a16b298190a3178407c?s=96&d=mm&r=g","caption":"LA REDACTION"},"url":"https:\/\/www.public.sn\/index.php\/author\/editeurpsn\/"}]}},"jetpack_featured_media_url":"https:\/\/www.public.sn\/wp-content\/uploads\/2022\/11\/Sonko-Adji.gif","jetpack_sharing_enabled":true,"_links":{"self":[{"href":"https:\/\/www.public.sn\/index.php\/wp-json\/wp\/v2\/posts\/10674","targetHints":{"allow":["GET"]}}],"collection":[{"href":"https:\/\/www.public.sn\/index.php\/wp-json\/wp\/v2\/posts"}],"about":[{"href":"https:\/\/www.public.sn\/index.php\/wp-json\/wp\/v2\/types\/post"}],"author":[{"embeddable":true,"href":"https:\/\/www.public.sn\/index.php\/wp-json\/wp\/v2\/users\/7"}],"replies":[{"embeddable":true,"href":"https:\/\/www.public.sn\/index.php\/wp-json\/wp\/v2\/comments?post=10674"}],"version-history":[{"count":1,"href":"https:\/\/www.public.sn\/index.php\/wp-json\/wp\/v2\/posts\/10674\/revisions"}],"predecessor-version":[{"id":10676,"href":"https:\/\/www.public.sn\/index.php\/wp-json\/wp\/v2\/posts\/10674\/revisions\/10676"}],"wp:featuredmedia":[{"embeddable":true,"href":"https:\/\/www.public.sn\/index.php\/wp-json\/wp\/v2\/media\/10675"}],"wp:attachment":[{"href":"https:\/\/www.public.sn\/index.php\/wp-json\/wp\/v2\/media?parent=10674"}],"wp:term":[{"taxonomy":"category","embeddable":true,"href":"https:\/\/www.public.sn\/index.php\/wp-json\/wp\/v2\/categories?post=10674"},{"taxonomy":"post_tag","embeddable":true,"href":"https:\/\/www.public.sn\/index.php\/wp-json\/wp\/v2\/tags?post=10674"}],"curies":[{"name":"wp","href":"https:\/\/api.w.org\/{rel}","templated":true}]}}