{"id":10703,"date":"2022-12-01T10:07:06","date_gmt":"2022-12-01T10:07:06","guid":{"rendered":"https:\/\/www.public.sn\/?p=10703"},"modified":"2022-12-01T10:47:17","modified_gmt":"2022-12-01T10:47:17","slug":"hamady-diouf-pas-de-traces-de-violence-sur-le-corps-de-fulbert","status":"publish","type":"post","link":"https:\/\/www.public.sn\/index.php\/2022\/12\/01\/hamady-diouf-pas-de-traces-de-violence-sur-le-corps-de-fulbert\/","title":{"rendered":"Hamady Diouf\u00a0: \u00ab\u00a0 Pas de traces de violence sur le corps de Fulbert\u2026\u00a0\u00bb"},"content":{"rendered":"\n<p><\/p>\n\n\n\n<p>Dans une note rendue publique ce 30 novembre, le procureur de R\u00e9publique informe que le certificat de genre de mort \u00e9tabli, sur r\u00e9quisition, par un m\u00e9decin l\u00e9giste, atteste que \u00ab\u00a0l&rsquo;examen externe du corps ne distingue pas de signe traumatique ou de traces de violences et que son \u00e9tat de d\u00e9composition avanc\u00e9e ne permet pas d&rsquo;\u00e9tablir les causes exactes du d\u00e9c\u00e8s, encore moins l&rsquo;autopsie souhait\u00e9e par les enqu\u00eateurs.\u00a0\u00bb <\/p><div class=\"publi-paragraphe1\" style=\"margin-top: 10px;margin-bottom: 10px;margin-left: auto;margin-right: auto;text-align: center;\" id=\"publi-3282345639\"><div class=\"publi-adlabel\">Publicit\u00e9<\/div><script async src=\"\/\/pagead2.googlesyndication.com\/pagead\/js\/adsbygoogle.js?client=ca-pub-4089586018074219\" crossorigin=\"anonymous\"><\/script><ins class=\"adsbygoogle\" style=\"display:block;\" data-ad-client=\"ca-pub-4089586018074219\" \ndata-ad-slot=\"2087940154\" \ndata-ad-format=\"auto\"><\/ins>\n<script> \n(adsbygoogle = window.adsbygoogle || []).push({}); \n<\/script>\n<\/div>\n\n\n\n<p><\/p>\n\n\n\n<p>&nbsp;Le corps de Fulbert Sambou a \u00e9t\u00e9 d\u00e9couvert par un p\u00eacheur qui a avertit la marine nationale qui par la suite s\u2019est d\u00e9plac\u00e9e sur les lieux. Le procureur dans son communiqu\u00e9 renseigne que les recherches se poursuivent pour retrouver l\u2019adjudant chef Didier Badji.<\/p>\n\n\n\n<figure class=\"wp-block-image size-large\"><img fetchpriority=\"high\" decoding=\"async\" width=\"1024\" height=\"576\" src=\"https:\/\/www.public.sn\/wp-content\/uploads\/2022\/12\/communique-proc-1024x576.jpg\" alt=\"\" class=\"wp-image-10704\" srcset=\"https:\/\/www.public.sn\/wp-content\/uploads\/2022\/12\/communique-proc-1024x576.jpg 1024w, https:\/\/www.public.sn\/wp-content\/uploads\/2022\/12\/communique-proc-600x338.jpg 600w, https:\/\/www.public.sn\/wp-content\/uploads\/2022\/12\/communique-proc-300x169.jpg 300w, https:\/\/www.public.sn\/wp-content\/uploads\/2022\/12\/communique-proc-768x432.jpg 768w, https:\/\/www.public.sn\/wp-content\/uploads\/2022\/12\/communique-proc-1536x864.jpg 1536w, https:\/\/www.public.sn\/wp-content\/uploads\/2022\/12\/communique-proc-800x450.jpg 800w, https:\/\/www.public.sn\/wp-content\/uploads\/2022\/12\/communique-proc.jpg 1920w\" sizes=\"(max-width: 1024px) 100vw, 1024px\" \/><\/figure>\n\n\n\n<p><\/p>\n\n\n\n<p>Samba SY.<\/p>\n<div class=\"publi-apres-le-contenu\" style=\"margin-top: 10px;margin-bottom: 10px;margin-left: auto;margin-right: auto;text-align: center;\" id=\"publi-345244646\"><div class=\"publi-adlabel\">Publicit\u00e9<\/div><script async src=\"\/\/pagead2.googlesyndication.com\/pagead\/js\/adsbygoogle.js?client=ca-pub-4089586018074219\" crossorigin=\"anonymous\"><\/script><ins class=\"adsbygoogle\" style=\"display:block;\" data-ad-client=\"ca-pub-4089586018074219\" \ndata-ad-slot=\"2087940154\" \ndata-ad-format=\"auto\"><\/ins>\n<script> \n(adsbygoogle = window.adsbygoogle || []).push({}); \n<\/script>\n<\/div>","protected":false},"excerpt":{"rendered":"<p>Dans une note rendue publique ce 30 novembre, le procureur de R\u00e9publique informe que le certificat de genre de mort \u00e9tabli, sur r\u00e9quisition, par un m\u00e9decin l\u00e9giste, atteste que \u00ab\u00a0l&rsquo;examen externe du corps ne distingue pas de signe traumatique ou de traces de violences et que son \u00e9tat de d\u00e9composition avanc\u00e9e ne permet pas d&rsquo;\u00e9tablir les causes exactes du d\u00e9c\u00e8s, encore moins l&rsquo;autopsie souhait\u00e9e par les enqu\u00eateurs.\u00a0\u00bb &nbsp;Le corps de Fulbert Sambou a \u00e9t\u00e9 d\u00e9couvert par un p\u00eacheur qui a avertit la marine nationale qui par la suite s\u2019est d\u00e9plac\u00e9e sur les lieux. Le procureur dans son communiqu\u00e9 renseigne que les recherches se poursuivent pour retrouver l\u2019adjudant chef Didier Badji. Samba SY.<\/p>\n","protected":false},"author":7,"featured_media":10712,"comment_status":"open","ping_status":"open","sticky":false,"template":"","format":"standard","meta":{"_jetpack_memberships_contains_paid_content":false,"footnotes":""},"categories":[375,1051,379,1],"tags":[1335,3535,103],"class_list":["post-10703","post","type-post","status-publish","format-standard","has-post-thumbnail","hentry","category-actualites","category-drame","category-faits-divers","category-non-classe","tag-communique-2","tag-mort-de-fulbert-sambou","tag-procureur","entry","has-media","owp-thumbs-layout-horizontal","owp-btn-normal","owp-tabs-layout-horizontal","has-no-thumbnails","has-product-nav"],"yoast_head":"<!-- This site is optimized with the Yoast SEO plugin v25.5 - https:\/\/yoast.com\/wordpress\/plugins\/seo\/ -->\n<title>Hamady Diouf\u00a0: \u00ab\u00a0 Pas de traces de violence sur le corps de Fulbert\u2026\u00a0\u00bb - LE PUBLIC<\/title>\n<meta name=\"robots\" content=\"index, follow, max-snippet:-1, max-image-preview:large, max-video-preview:-1\" \/>\n<link rel=\"canonical\" href=\"https:\/\/www.public.sn\/index.php\/2022\/12\/01\/hamady-diouf-pas-de-traces-de-violence-sur-le-corps-de-fulbert\/\" \/>\n<meta property=\"og:locale\" content=\"fr_FR\" \/>\n<meta property=\"og:type\" content=\"article\" \/>\n<meta property=\"og:title\" content=\"Hamady Diouf\u00a0: \u00ab\u00a0 Pas de traces de violence sur le corps de Fulbert\u2026\u00a0\u00bb - LE PUBLIC\" \/>\n<meta property=\"og:description\" content=\"Dans une note rendue publique ce 30 novembre, le procureur de R\u00e9publique informe que le certificat de genre de mort \u00e9tabli, sur r\u00e9quisition, par un m\u00e9decin l\u00e9giste, atteste que \u00ab\u00a0l&rsquo;examen externe du corps ne distingue pas de signe traumatique ou de traces de violences et que son \u00e9tat de d\u00e9composition avanc\u00e9e ne permet pas d&rsquo;\u00e9tablir les causes exactes du d\u00e9c\u00e8s, encore moins l&rsquo;autopsie souhait\u00e9e par les enqu\u00eateurs.\u00a0\u00bb &nbsp;Le corps de Fulbert Sambou a \u00e9t\u00e9 d\u00e9couvert par un p\u00eacheur qui a avertit la marine nationale qui par la suite s\u2019est d\u00e9plac\u00e9e sur les lieux. Le procureur dans son communiqu\u00e9 renseigne que les recherches se poursuivent pour retrouver l\u2019adjudant chef Didier Badji. Samba SY.\" \/>\n<meta property=\"og:url\" content=\"https:\/\/www.public.sn\/index.php\/2022\/12\/01\/hamady-diouf-pas-de-traces-de-violence-sur-le-corps-de-fulbert\/\" \/>\n<meta property=\"og:site_name\" content=\"LE PUBLIC\" \/>\n<meta property=\"article:published_time\" content=\"2022-12-01T10:07:06+00:00\" \/>\n<meta property=\"article:modified_time\" content=\"2022-12-01T10:47:17+00:00\" \/>\n<meta property=\"og:image\" content=\"https:\/\/www.public.sn\/wp-content\/uploads\/2022\/12\/hamady-diouf.jpg\" \/>\n\t<meta property=\"og:image:width\" content=\"1280\" \/>\n\t<meta property=\"og:image:height\" content=\"960\" \/>\n\t<meta property=\"og:image:type\" content=\"image\/jpeg\" \/>\n<meta name=\"author\" content=\"LA REDACTION\" \/>\n<meta name=\"twitter:card\" content=\"summary_large_image\" \/>\n<meta name=\"twitter:label1\" content=\"\u00c9crit par\" \/>\n\t<meta name=\"twitter:data1\" content=\"LA REDACTION\" \/>\n\t<meta name=\"twitter:label2\" content=\"Dur\u00e9e de lecture estim\u00e9e\" \/>\n\t<meta name=\"twitter:data2\" content=\"1 minute\" \/>\n<script type=\"application\/ld+json\" class=\"yoast-schema-graph\">{\"@context\":\"https:\/\/schema.org\",\"@graph\":[{\"@type\":\"Article\",\"@id\":\"https:\/\/www.public.sn\/index.php\/2022\/12\/01\/hamady-diouf-pas-de-traces-de-violence-sur-le-corps-de-fulbert\/#article\",\"isPartOf\":{\"@id\":\"https:\/\/www.public.sn\/index.php\/2022\/12\/01\/hamady-diouf-pas-de-traces-de-violence-sur-le-corps-de-fulbert\/\"},\"author\":{\"name\":\"LA REDACTION\",\"@id\":\"https:\/\/www.public.sn\/#\/schema\/person\/cb76c8e1b8becc6be61fb5e92d6d0224\"},\"headline\":\"Hamady Diouf\u00a0: \u00ab\u00a0 Pas de traces de violence sur le corps de Fulbert\u2026\u00a0\u00bb\",\"datePublished\":\"2022-12-01T10:07:06+00:00\",\"dateModified\":\"2022-12-01T10:47:17+00:00\",\"mainEntityOfPage\":{\"@id\":\"https:\/\/www.public.sn\/index.php\/2022\/12\/01\/hamady-diouf-pas-de-traces-de-violence-sur-le-corps-de-fulbert\/\"},\"wordCount\":141,\"commentCount\":0,\"publisher\":{\"@id\":\"https:\/\/www.public.sn\/#organization\"},\"image\":{\"@id\":\"https:\/\/www.public.sn\/index.php\/2022\/12\/01\/hamady-diouf-pas-de-traces-de-violence-sur-le-corps-de-fulbert\/#primaryimage\"},\"thumbnailUrl\":\"https:\/\/www.public.sn\/wp-content\/uploads\/2022\/12\/hamady-diouf.jpg\",\"keywords\":[\"communique\",\"mort de fulbert sambou\",\"Procureur\"],\"articleSection\":[\"ACTUALIT\u00c9S\",\"DRAME\",\"FAITS DIVERS\",\"S\u00c9N\u00c9GAL\"],\"inLanguage\":\"fr-FR\",\"potentialAction\":[{\"@type\":\"CommentAction\",\"name\":\"Comment\",\"target\":[\"https:\/\/www.public.sn\/index.php\/2022\/12\/01\/hamady-diouf-pas-de-traces-de-violence-sur-le-corps-de-fulbert\/#respond\"]}]},{\"@type\":\"WebPage\",\"@id\":\"https:\/\/www.public.sn\/index.php\/2022\/12\/01\/hamady-diouf-pas-de-traces-de-violence-sur-le-corps-de-fulbert\/\",\"url\":\"https:\/\/www.public.sn\/index.php\/2022\/12\/01\/hamady-diouf-pas-de-traces-de-violence-sur-le-corps-de-fulbert\/\",\"name\":\"Hamady Diouf\u00a0: \u00ab\u00a0 Pas de traces de violence sur le corps de Fulbert\u2026\u00a0\u00bb - LE PUBLIC\",\"isPartOf\":{\"@id\":\"https:\/\/www.public.sn\/#website\"},\"primaryImageOfPage\":{\"@id\":\"https:\/\/www.public.sn\/index.php\/2022\/12\/01\/hamady-diouf-pas-de-traces-de-violence-sur-le-corps-de-fulbert\/#primaryimage\"},\"image\":{\"@id\":\"https:\/\/www.public.sn\/index.php\/2022\/12\/01\/hamady-diouf-pas-de-traces-de-violence-sur-le-corps-de-fulbert\/#primaryimage\"},\"thumbnailUrl\":\"https:\/\/www.public.sn\/wp-content\/uploads\/2022\/12\/hamady-diouf.jpg\",\"datePublished\":\"2022-12-01T10:07:06+00:00\",\"dateModified\":\"2022-12-01T10:47:17+00:00\",\"breadcrumb\":{\"@id\":\"https:\/\/www.public.sn\/index.php\/2022\/12\/01\/hamady-diouf-pas-de-traces-de-violence-sur-le-corps-de-fulbert\/#breadcrumb\"},\"inLanguage\":\"fr-FR\",\"potentialAction\":[{\"@type\":\"ReadAction\",\"target\":[\"https:\/\/www.public.sn\/index.php\/2022\/12\/01\/hamady-diouf-pas-de-traces-de-violence-sur-le-corps-de-fulbert\/\"]}]},{\"@type\":\"ImageObject\",\"inLanguage\":\"fr-FR\",\"@id\":\"https:\/\/www.public.sn\/index.php\/2022\/12\/01\/hamady-diouf-pas-de-traces-de-violence-sur-le-corps-de-fulbert\/#primaryimage\",\"url\":\"https:\/\/www.public.sn\/wp-content\/uploads\/2022\/12\/hamady-diouf.jpg\",\"contentUrl\":\"https:\/\/www.public.sn\/wp-content\/uploads\/2022\/12\/hamady-diouf.jpg\",\"width\":1280,\"height\":960,\"caption\":\"publicsn\"},{\"@type\":\"BreadcrumbList\",\"@id\":\"https:\/\/www.public.sn\/index.php\/2022\/12\/01\/hamady-diouf-pas-de-traces-de-violence-sur-le-corps-de-fulbert\/#breadcrumb\",\"itemListElement\":[{\"@type\":\"ListItem\",\"position\":1,\"name\":\"Accueil\",\"item\":\"https:\/\/www.public.sn\/\"},{\"@type\":\"ListItem\",\"position\":2,\"name\":\"Hamady Diouf\u00a0: \u00ab\u00a0 Pas de traces de violence sur le corps de Fulbert\u2026\u00a0\u00bb\"}]},{\"@type\":\"WebSite\",\"@id\":\"https:\/\/www.public.sn\/#website\",\"url\":\"https:\/\/www.public.sn\/\",\"name\":\"LE PUBLIC\",\"description\":\"\",\"publisher\":{\"@id\":\"https:\/\/www.public.sn\/#organization\"},\"potentialAction\":[{\"@type\":\"SearchAction\",\"target\":{\"@type\":\"EntryPoint\",\"urlTemplate\":\"https:\/\/www.public.sn\/?s={search_term_string}\"},\"query-input\":{\"@type\":\"PropertyValueSpecification\",\"valueRequired\":true,\"valueName\":\"search_term_string\"}}],\"inLanguage\":\"fr-FR\"},{\"@type\":\"Organization\",\"@id\":\"https:\/\/www.public.sn\/#organization\",\"name\":\"LE PUBLIC\",\"url\":\"https:\/\/www.public.sn\/\",\"logo\":{\"@type\":\"ImageObject\",\"inLanguage\":\"fr-FR\",\"@id\":\"https:\/\/www.public.sn\/#\/schema\/logo\/image\/\",\"url\":\"https:\/\/www.public.sn\/wp-content\/uploads\/2024\/05\/cropped-LOGO-PUBLIC.SN_.png\",\"contentUrl\":\"https:\/\/www.public.sn\/wp-content\/uploads\/2024\/05\/cropped-LOGO-PUBLIC.SN_.png\",\"width\":682,\"height\":192,\"caption\":\"LE PUBLIC\"},\"image\":{\"@id\":\"https:\/\/www.public.sn\/#\/schema\/logo\/image\/\"}},{\"@type\":\"Person\",\"@id\":\"https:\/\/www.public.sn\/#\/schema\/person\/cb76c8e1b8becc6be61fb5e92d6d0224\",\"name\":\"LA REDACTION\",\"image\":{\"@type\":\"ImageObject\",\"inLanguage\":\"fr-FR\",\"@id\":\"https:\/\/www.public.sn\/#\/schema\/person\/image\/\",\"url\":\"https:\/\/secure.gravatar.com\/avatar\/2dce5ddd34b8fef0180efe03aa2a9bee7d953856048f9a16b298190a3178407c?s=96&d=mm&r=g\",\"contentUrl\":\"https:\/\/secure.gravatar.com\/avatar\/2dce5ddd34b8fef0180efe03aa2a9bee7d953856048f9a16b298190a3178407c?s=96&d=mm&r=g\",\"caption\":\"LA REDACTION\"},\"url\":\"https:\/\/www.public.sn\/index.php\/author\/editeurpsn\/\"}]}<\/script>\n<!-- \/ Yoast SEO plugin. -->","yoast_head_json":{"title":"Hamady Diouf\u00a0: \u00ab\u00a0 Pas de traces de violence sur le corps de Fulbert\u2026\u00a0\u00bb - LE PUBLIC","robots":{"index":"index","follow":"follow","max-snippet":"max-snippet:-1","max-image-preview":"max-image-preview:large","max-video-preview":"max-video-preview:-1"},"canonical":"https:\/\/www.public.sn\/index.php\/2022\/12\/01\/hamady-diouf-pas-de-traces-de-violence-sur-le-corps-de-fulbert\/","og_locale":"fr_FR","og_type":"article","og_title":"Hamady Diouf\u00a0: \u00ab\u00a0 Pas de traces de violence sur le corps de Fulbert\u2026\u00a0\u00bb - LE PUBLIC","og_description":"Dans une note rendue publique ce 30 novembre, le procureur de R\u00e9publique informe que le certificat de genre de mort \u00e9tabli, sur r\u00e9quisition, par un m\u00e9decin l\u00e9giste, atteste que \u00ab\u00a0l&rsquo;examen externe du corps ne distingue pas de signe traumatique ou de traces de violences et que son \u00e9tat de d\u00e9composition avanc\u00e9e ne permet pas d&rsquo;\u00e9tablir les causes exactes du d\u00e9c\u00e8s, encore moins l&rsquo;autopsie souhait\u00e9e par les enqu\u00eateurs.\u00a0\u00bb &nbsp;Le corps de Fulbert Sambou a \u00e9t\u00e9 d\u00e9couvert par un p\u00eacheur qui a avertit la marine nationale qui par la suite s\u2019est d\u00e9plac\u00e9e sur les lieux. Le procureur dans son communiqu\u00e9 renseigne que les recherches se poursuivent pour retrouver l\u2019adjudant chef Didier Badji. Samba SY.","og_url":"https:\/\/www.public.sn\/index.php\/2022\/12\/01\/hamady-diouf-pas-de-traces-de-violence-sur-le-corps-de-fulbert\/","og_site_name":"LE PUBLIC","article_published_time":"2022-12-01T10:07:06+00:00","article_modified_time":"2022-12-01T10:47:17+00:00","og_image":[{"width":1280,"height":960,"url":"https:\/\/www.public.sn\/wp-content\/uploads\/2022\/12\/hamady-diouf.jpg","type":"image\/jpeg"}],"author":"LA REDACTION","twitter_card":"summary_large_image","twitter_misc":{"\u00c9crit par":"LA REDACTION","Dur\u00e9e de lecture estim\u00e9e":"1 minute"},"schema":{"@context":"https:\/\/schema.org","@graph":[{"@type":"Article","@id":"https:\/\/www.public.sn\/index.php\/2022\/12\/01\/hamady-diouf-pas-de-traces-de-violence-sur-le-corps-de-fulbert\/#article","isPartOf":{"@id":"https:\/\/www.public.sn\/index.php\/2022\/12\/01\/hamady-diouf-pas-de-traces-de-violence-sur-le-corps-de-fulbert\/"},"author":{"name":"LA REDACTION","@id":"https:\/\/www.public.sn\/#\/schema\/person\/cb76c8e1b8becc6be61fb5e92d6d0224"},"headline":"Hamady Diouf\u00a0: \u00ab\u00a0 Pas de traces de violence sur le corps de Fulbert\u2026\u00a0\u00bb","datePublished":"2022-12-01T10:07:06+00:00","dateModified":"2022-12-01T10:47:17+00:00","mainEntityOfPage":{"@id":"https:\/\/www.public.sn\/index.php\/2022\/12\/01\/hamady-diouf-pas-de-traces-de-violence-sur-le-corps-de-fulbert\/"},"wordCount":141,"commentCount":0,"publisher":{"@id":"https:\/\/www.public.sn\/#organization"},"image":{"@id":"https:\/\/www.public.sn\/index.php\/2022\/12\/01\/hamady-diouf-pas-de-traces-de-violence-sur-le-corps-de-fulbert\/#primaryimage"},"thumbnailUrl":"https:\/\/www.public.sn\/wp-content\/uploads\/2022\/12\/hamady-diouf.jpg","keywords":["communique","mort de fulbert sambou","Procureur"],"articleSection":["ACTUALIT\u00c9S","DRAME","FAITS DIVERS","S\u00c9N\u00c9GAL"],"inLanguage":"fr-FR","potentialAction":[{"@type":"CommentAction","name":"Comment","target":["https:\/\/www.public.sn\/index.php\/2022\/12\/01\/hamady-diouf-pas-de-traces-de-violence-sur-le-corps-de-fulbert\/#respond"]}]},{"@type":"WebPage","@id":"https:\/\/www.public.sn\/index.php\/2022\/12\/01\/hamady-diouf-pas-de-traces-de-violence-sur-le-corps-de-fulbert\/","url":"https:\/\/www.public.sn\/index.php\/2022\/12\/01\/hamady-diouf-pas-de-traces-de-violence-sur-le-corps-de-fulbert\/","name":"Hamady Diouf\u00a0: \u00ab\u00a0 Pas de traces de violence sur le corps de Fulbert\u2026\u00a0\u00bb - LE PUBLIC","isPartOf":{"@id":"https:\/\/www.public.sn\/#website"},"primaryImageOfPage":{"@id":"https:\/\/www.public.sn\/index.php\/2022\/12\/01\/hamady-diouf-pas-de-traces-de-violence-sur-le-corps-de-fulbert\/#primaryimage"},"image":{"@id":"https:\/\/www.public.sn\/index.php\/2022\/12\/01\/hamady-diouf-pas-de-traces-de-violence-sur-le-corps-de-fulbert\/#primaryimage"},"thumbnailUrl":"https:\/\/www.public.sn\/wp-content\/uploads\/2022\/12\/hamady-diouf.jpg","datePublished":"2022-12-01T10:07:06+00:00","dateModified":"2022-12-01T10:47:17+00:00","breadcrumb":{"@id":"https:\/\/www.public.sn\/index.php\/2022\/12\/01\/hamady-diouf-pas-de-traces-de-violence-sur-le-corps-de-fulbert\/#breadcrumb"},"inLanguage":"fr-FR","potentialAction":[{"@type":"ReadAction","target":["https:\/\/www.public.sn\/index.php\/2022\/12\/01\/hamady-diouf-pas-de-traces-de-violence-sur-le-corps-de-fulbert\/"]}]},{"@type":"ImageObject","inLanguage":"fr-FR","@id":"https:\/\/www.public.sn\/index.php\/2022\/12\/01\/hamady-diouf-pas-de-traces-de-violence-sur-le-corps-de-fulbert\/#primaryimage","url":"https:\/\/www.public.sn\/wp-content\/uploads\/2022\/12\/hamady-diouf.jpg","contentUrl":"https:\/\/www.public.sn\/wp-content\/uploads\/2022\/12\/hamady-diouf.jpg","width":1280,"height":960,"caption":"publicsn"},{"@type":"BreadcrumbList","@id":"https:\/\/www.public.sn\/index.php\/2022\/12\/01\/hamady-diouf-pas-de-traces-de-violence-sur-le-corps-de-fulbert\/#breadcrumb","itemListElement":[{"@type":"ListItem","position":1,"name":"Accueil","item":"https:\/\/www.public.sn\/"},{"@type":"ListItem","position":2,"name":"Hamady Diouf\u00a0: \u00ab\u00a0 Pas de traces de violence sur le corps de Fulbert\u2026\u00a0\u00bb"}]},{"@type":"WebSite","@id":"https:\/\/www.public.sn\/#website","url":"https:\/\/www.public.sn\/","name":"LE PUBLIC","description":"","publisher":{"@id":"https:\/\/www.public.sn\/#organization"},"potentialAction":[{"@type":"SearchAction","target":{"@type":"EntryPoint","urlTemplate":"https:\/\/www.public.sn\/?s={search_term_string}"},"query-input":{"@type":"PropertyValueSpecification","valueRequired":true,"valueName":"search_term_string"}}],"inLanguage":"fr-FR"},{"@type":"Organization","@id":"https:\/\/www.public.sn\/#organization","name":"LE PUBLIC","url":"https:\/\/www.public.sn\/","logo":{"@type":"ImageObject","inLanguage":"fr-FR","@id":"https:\/\/www.public.sn\/#\/schema\/logo\/image\/","url":"https:\/\/www.public.sn\/wp-content\/uploads\/2024\/05\/cropped-LOGO-PUBLIC.SN_.png","contentUrl":"https:\/\/www.public.sn\/wp-content\/uploads\/2024\/05\/cropped-LOGO-PUBLIC.SN_.png","width":682,"height":192,"caption":"LE PUBLIC"},"image":{"@id":"https:\/\/www.public.sn\/#\/schema\/logo\/image\/"}},{"@type":"Person","@id":"https:\/\/www.public.sn\/#\/schema\/person\/cb76c8e1b8becc6be61fb5e92d6d0224","name":"LA REDACTION","image":{"@type":"ImageObject","inLanguage":"fr-FR","@id":"https:\/\/www.public.sn\/#\/schema\/person\/image\/","url":"https:\/\/secure.gravatar.com\/avatar\/2dce5ddd34b8fef0180efe03aa2a9bee7d953856048f9a16b298190a3178407c?s=96&d=mm&r=g","contentUrl":"https:\/\/secure.gravatar.com\/avatar\/2dce5ddd34b8fef0180efe03aa2a9bee7d953856048f9a16b298190a3178407c?s=96&d=mm&r=g","caption":"LA REDACTION"},"url":"https:\/\/www.public.sn\/index.php\/author\/editeurpsn\/"}]}},"jetpack_featured_media_url":"https:\/\/www.public.sn\/wp-content\/uploads\/2022\/12\/hamady-diouf.jpg","jetpack_sharing_enabled":true,"_links":{"self":[{"href":"https:\/\/www.public.sn\/index.php\/wp-json\/wp\/v2\/posts\/10703","targetHints":{"allow":["GET"]}}],"collection":[{"href":"https:\/\/www.public.sn\/index.php\/wp-json\/wp\/v2\/posts"}],"about":[{"href":"https:\/\/www.public.sn\/index.php\/wp-json\/wp\/v2\/types\/post"}],"author":[{"embeddable":true,"href":"https:\/\/www.public.sn\/index.php\/wp-json\/wp\/v2\/users\/7"}],"replies":[{"embeddable":true,"href":"https:\/\/www.public.sn\/index.php\/wp-json\/wp\/v2\/comments?post=10703"}],"version-history":[{"count":2,"href":"https:\/\/www.public.sn\/index.php\/wp-json\/wp\/v2\/posts\/10703\/revisions"}],"predecessor-version":[{"id":10713,"href":"https:\/\/www.public.sn\/index.php\/wp-json\/wp\/v2\/posts\/10703\/revisions\/10713"}],"wp:featuredmedia":[{"embeddable":true,"href":"https:\/\/www.public.sn\/index.php\/wp-json\/wp\/v2\/media\/10712"}],"wp:attachment":[{"href":"https:\/\/www.public.sn\/index.php\/wp-json\/wp\/v2\/media?parent=10703"}],"wp:term":[{"taxonomy":"category","embeddable":true,"href":"https:\/\/www.public.sn\/index.php\/wp-json\/wp\/v2\/categories?post=10703"},{"taxonomy":"post_tag","embeddable":true,"href":"https:\/\/www.public.sn\/index.php\/wp-json\/wp\/v2\/tags?post=10703"}],"curies":[{"name":"wp","href":"https:\/\/api.w.org\/{rel}","templated":true}]}}