{"id":10706,"date":"2022-12-01T10:28:59","date_gmt":"2022-12-01T10:28:59","guid":{"rendered":"https:\/\/www.public.sn\/?p=10706"},"modified":"2022-12-01T10:29:01","modified_gmt":"2022-12-01T10:29:01","slug":"emprisonnement-de-pape-ale-rsf-simplique","status":"publish","type":"post","link":"https:\/\/www.public.sn\/index.php\/2022\/12\/01\/emprisonnement-de-pape-ale-rsf-simplique\/","title":{"rendered":"Emprisonnement de Pape Al\u00e9\u00a0: RSF s\u2019implique."},"content":{"rendered":"\n<p><\/p>\n\n\n\n<p>L\u2019emprisonnement du journaliste Pape Al\u00e9 Niang est en train de s\u2019internationaliser. A l\u2019occasion du lancement \u00e0 Dakar des activit\u00e9s du Bureau Afrique Subsaharienne de Reporters Sans Fronti\u00e8res (RSF) le secr\u00e9taire g\u00e9n\u00e9ral de ladite association a plaid\u00e9 pour son \u00e9largissement au plus vite. <\/p><div class=\"publi-paragraphe1\" style=\"margin-top: 10px;margin-bottom: 10px;margin-left: auto;margin-right: auto;text-align: center;\" id=\"publi-2167677567\"><div class=\"publi-adlabel\">Publicit\u00e9<\/div><script async src=\"\/\/pagead2.googlesyndication.com\/pagead\/js\/adsbygoogle.js?client=ca-pub-4089586018074219\" crossorigin=\"anonymous\"><\/script><ins class=\"adsbygoogle\" style=\"display:block;\" data-ad-client=\"ca-pub-4089586018074219\" \ndata-ad-slot=\"2087940154\" \ndata-ad-format=\"auto\"><\/ins>\n<script> \n(adsbygoogle = window.adsbygoogle || []).push({}); \n<\/script>\n<\/div>\n\n\n\n<p><\/p>\n\n\n\n<p>Christophe Deloire compte s\u2019impliquer personnellement et \u00ab\u00a0faire tout\u00a0\u00bb pour que Pape Al\u00e9 sorte de prison. Celui-ci \u00a0rappelle d\u2019ailleurs au pr\u00e9sident Macky Sall sa promesse \u00ab\u00a0de n\u2019emprisonner aucun journaliste sous son magist\u00e8re. Un engagement fort qui a tenu 10 ans, mais malheureusement d\u00e9menti \u00bb.<\/p>\n\n\n\n<p><\/p>\n\n\n\n<p>\u00a0\u00a0<\/p>\n\n\n\n<p>Il ose esp\u00e9rer que cet emprisonnement sera \u00ab une parenth\u00e8se courte et que Pape Al\u00e9 Niang sorte de prison \u00bb. Par ailleurs le secr\u00e9taire g\u00e9n\u00e9ral de RSF compte rendre visite \u00e0 Pape Al\u00e9 ce Jeudi \u00e0 la prison de S\u00e9bikotane.<\/p>\n\n\n\n<p>Samba SY.<\/p>\n<div class=\"publi-apres-le-contenu\" style=\"margin-top: 10px;margin-bottom: 10px;margin-left: auto;margin-right: auto;text-align: center;\" id=\"publi-702726933\"><div class=\"publi-adlabel\">Publicit\u00e9<\/div><script async src=\"\/\/pagead2.googlesyndication.com\/pagead\/js\/adsbygoogle.js?client=ca-pub-4089586018074219\" crossorigin=\"anonymous\"><\/script><ins class=\"adsbygoogle\" style=\"display:block;\" data-ad-client=\"ca-pub-4089586018074219\" \ndata-ad-slot=\"2087940154\" \ndata-ad-format=\"auto\"><\/ins>\n<script> \n(adsbygoogle = window.adsbygoogle || []).push({}); \n<\/script>\n<\/div>","protected":false},"excerpt":{"rendered":"<p>L\u2019emprisonnement du journaliste Pape Al\u00e9 Niang est en train de s\u2019internationaliser. A l\u2019occasion du lancement \u00e0 Dakar des activit\u00e9s du Bureau Afrique Subsaharienne de Reporters Sans Fronti\u00e8res (RSF) le secr\u00e9taire g\u00e9n\u00e9ral de ladite association a plaid\u00e9 pour son \u00e9largissement au plus vite. Christophe Deloire compte s\u2019impliquer personnellement et \u00ab\u00a0faire tout\u00a0\u00bb pour que Pape Al\u00e9 sorte de prison. Celui-ci \u00a0rappelle d\u2019ailleurs au pr\u00e9sident Macky Sall sa promesse \u00ab\u00a0de n\u2019emprisonner aucun journaliste sous son magist\u00e8re. Un engagement fort qui a tenu 10 ans, mais malheureusement d\u00e9menti \u00bb. \u00a0\u00a0 Il ose esp\u00e9rer que cet emprisonnement sera \u00ab une parenth\u00e8se courte et que Pape Al\u00e9 Niang sorte de prison \u00bb. Par ailleurs le secr\u00e9taire g\u00e9n\u00e9ral de RSF compte rendre visite \u00e0 Pape Al\u00e9 ce Jeudi \u00e0 la prison de S\u00e9bikotane. Samba SY.<\/p>\n","protected":false},"author":7,"featured_media":10707,"comment_status":"open","ping_status":"open","sticky":false,"template":"","format":"standard","meta":{"_jetpack_memberships_contains_paid_content":false,"footnotes":""},"categories":[375,1,4],"tags":[3536,2492,3537],"class_list":["post-10706","post","type-post","status-publish","format-standard","has-post-thumbnail","hentry","category-actualites","category-non-classe","category-societe","tag-emprisonnement","tag-pape-ale","tag-rsf","entry","has-media","owp-thumbs-layout-horizontal","owp-btn-normal","owp-tabs-layout-horizontal","has-no-thumbnails","has-product-nav"],"yoast_head":"<!-- This site is optimized with the Yoast SEO plugin v25.5 - https:\/\/yoast.com\/wordpress\/plugins\/seo\/ -->\n<title>Emprisonnement de Pape Al\u00e9\u00a0: RSF s\u2019implique. - LE PUBLIC<\/title>\n<meta name=\"robots\" content=\"index, follow, max-snippet:-1, max-image-preview:large, max-video-preview:-1\" \/>\n<link rel=\"canonical\" href=\"https:\/\/www.public.sn\/index.php\/2022\/12\/01\/emprisonnement-de-pape-ale-rsf-simplique\/\" \/>\n<meta property=\"og:locale\" content=\"fr_FR\" \/>\n<meta property=\"og:type\" content=\"article\" \/>\n<meta property=\"og:title\" content=\"Emprisonnement de Pape Al\u00e9\u00a0: RSF s\u2019implique. - LE PUBLIC\" \/>\n<meta property=\"og:description\" content=\"L\u2019emprisonnement du journaliste Pape Al\u00e9 Niang est en train de s\u2019internationaliser. A l\u2019occasion du lancement \u00e0 Dakar des activit\u00e9s du Bureau Afrique Subsaharienne de Reporters Sans Fronti\u00e8res (RSF) le secr\u00e9taire g\u00e9n\u00e9ral de ladite association a plaid\u00e9 pour son \u00e9largissement au plus vite. Christophe Deloire compte s\u2019impliquer personnellement et \u00ab\u00a0faire tout\u00a0\u00bb pour que Pape Al\u00e9 sorte de prison. Celui-ci \u00a0rappelle d\u2019ailleurs au pr\u00e9sident Macky Sall sa promesse \u00ab\u00a0de n\u2019emprisonner aucun journaliste sous son magist\u00e8re. Un engagement fort qui a tenu 10 ans, mais malheureusement d\u00e9menti \u00bb. \u00a0\u00a0 Il ose esp\u00e9rer que cet emprisonnement sera \u00ab une parenth\u00e8se courte et que Pape Al\u00e9 Niang sorte de prison \u00bb. Par ailleurs le secr\u00e9taire g\u00e9n\u00e9ral de RSF compte rendre visite \u00e0 Pape Al\u00e9 ce Jeudi \u00e0 la prison de S\u00e9bikotane. Samba SY.\" \/>\n<meta property=\"og:url\" content=\"https:\/\/www.public.sn\/index.php\/2022\/12\/01\/emprisonnement-de-pape-ale-rsf-simplique\/\" \/>\n<meta property=\"og:site_name\" content=\"LE PUBLIC\" \/>\n<meta property=\"article:published_time\" content=\"2022-12-01T10:28:59+00:00\" \/>\n<meta property=\"article:modified_time\" content=\"2022-12-01T10:29:01+00:00\" \/>\n<meta property=\"og:image\" content=\"https:\/\/www.public.sn\/wp-content\/uploads\/2022\/12\/rsf.jpg\" \/>\n\t<meta property=\"og:image:width\" content=\"612\" \/>\n\t<meta property=\"og:image:height\" content=\"298\" \/>\n\t<meta property=\"og:image:type\" content=\"image\/jpeg\" \/>\n<meta name=\"author\" content=\"LA REDACTION\" \/>\n<meta name=\"twitter:card\" content=\"summary_large_image\" \/>\n<meta name=\"twitter:label1\" content=\"\u00c9crit par\" \/>\n\t<meta name=\"twitter:data1\" content=\"LA REDACTION\" \/>\n\t<meta name=\"twitter:label2\" content=\"Dur\u00e9e de lecture estim\u00e9e\" \/>\n\t<meta name=\"twitter:data2\" content=\"1 minute\" \/>\n<script type=\"application\/ld+json\" class=\"yoast-schema-graph\">{\"@context\":\"https:\/\/schema.org\",\"@graph\":[{\"@type\":\"Article\",\"@id\":\"https:\/\/www.public.sn\/index.php\/2022\/12\/01\/emprisonnement-de-pape-ale-rsf-simplique\/#article\",\"isPartOf\":{\"@id\":\"https:\/\/www.public.sn\/index.php\/2022\/12\/01\/emprisonnement-de-pape-ale-rsf-simplique\/\"},\"author\":{\"name\":\"LA REDACTION\",\"@id\":\"https:\/\/www.public.sn\/#\/schema\/person\/cb76c8e1b8becc6be61fb5e92d6d0224\"},\"headline\":\"Emprisonnement de Pape Al\u00e9\u00a0: RSF s\u2019implique.\",\"datePublished\":\"2022-12-01T10:28:59+00:00\",\"dateModified\":\"2022-12-01T10:29:01+00:00\",\"mainEntityOfPage\":{\"@id\":\"https:\/\/www.public.sn\/index.php\/2022\/12\/01\/emprisonnement-de-pape-ale-rsf-simplique\/\"},\"wordCount\":147,\"commentCount\":0,\"publisher\":{\"@id\":\"https:\/\/www.public.sn\/#organization\"},\"image\":{\"@id\":\"https:\/\/www.public.sn\/index.php\/2022\/12\/01\/emprisonnement-de-pape-ale-rsf-simplique\/#primaryimage\"},\"thumbnailUrl\":\"https:\/\/www.public.sn\/wp-content\/uploads\/2022\/12\/rsf.jpg\",\"keywords\":[\"emprisonnement\",\"pape al\u00e9\",\"rsf\"],\"articleSection\":[\"ACTUALIT\u00c9S\",\"S\u00c9N\u00c9GAL\",\"SOCIETE\"],\"inLanguage\":\"fr-FR\",\"potentialAction\":[{\"@type\":\"CommentAction\",\"name\":\"Comment\",\"target\":[\"https:\/\/www.public.sn\/index.php\/2022\/12\/01\/emprisonnement-de-pape-ale-rsf-simplique\/#respond\"]}]},{\"@type\":\"WebPage\",\"@id\":\"https:\/\/www.public.sn\/index.php\/2022\/12\/01\/emprisonnement-de-pape-ale-rsf-simplique\/\",\"url\":\"https:\/\/www.public.sn\/index.php\/2022\/12\/01\/emprisonnement-de-pape-ale-rsf-simplique\/\",\"name\":\"Emprisonnement de Pape Al\u00e9\u00a0: RSF s\u2019implique. - LE PUBLIC\",\"isPartOf\":{\"@id\":\"https:\/\/www.public.sn\/#website\"},\"primaryImageOfPage\":{\"@id\":\"https:\/\/www.public.sn\/index.php\/2022\/12\/01\/emprisonnement-de-pape-ale-rsf-simplique\/#primaryimage\"},\"image\":{\"@id\":\"https:\/\/www.public.sn\/index.php\/2022\/12\/01\/emprisonnement-de-pape-ale-rsf-simplique\/#primaryimage\"},\"thumbnailUrl\":\"https:\/\/www.public.sn\/wp-content\/uploads\/2022\/12\/rsf.jpg\",\"datePublished\":\"2022-12-01T10:28:59+00:00\",\"dateModified\":\"2022-12-01T10:29:01+00:00\",\"breadcrumb\":{\"@id\":\"https:\/\/www.public.sn\/index.php\/2022\/12\/01\/emprisonnement-de-pape-ale-rsf-simplique\/#breadcrumb\"},\"inLanguage\":\"fr-FR\",\"potentialAction\":[{\"@type\":\"ReadAction\",\"target\":[\"https:\/\/www.public.sn\/index.php\/2022\/12\/01\/emprisonnement-de-pape-ale-rsf-simplique\/\"]}]},{\"@type\":\"ImageObject\",\"inLanguage\":\"fr-FR\",\"@id\":\"https:\/\/www.public.sn\/index.php\/2022\/12\/01\/emprisonnement-de-pape-ale-rsf-simplique\/#primaryimage\",\"url\":\"https:\/\/www.public.sn\/wp-content\/uploads\/2022\/12\/rsf.jpg\",\"contentUrl\":\"https:\/\/www.public.sn\/wp-content\/uploads\/2022\/12\/rsf.jpg\",\"width\":612,\"height\":298,\"caption\":\"publicsn\"},{\"@type\":\"BreadcrumbList\",\"@id\":\"https:\/\/www.public.sn\/index.php\/2022\/12\/01\/emprisonnement-de-pape-ale-rsf-simplique\/#breadcrumb\",\"itemListElement\":[{\"@type\":\"ListItem\",\"position\":1,\"name\":\"Accueil\",\"item\":\"https:\/\/www.public.sn\/\"},{\"@type\":\"ListItem\",\"position\":2,\"name\":\"Emprisonnement de Pape Al\u00e9\u00a0: RSF s\u2019implique.\"}]},{\"@type\":\"WebSite\",\"@id\":\"https:\/\/www.public.sn\/#website\",\"url\":\"https:\/\/www.public.sn\/\",\"name\":\"LE PUBLIC\",\"description\":\"\",\"publisher\":{\"@id\":\"https:\/\/www.public.sn\/#organization\"},\"potentialAction\":[{\"@type\":\"SearchAction\",\"target\":{\"@type\":\"EntryPoint\",\"urlTemplate\":\"https:\/\/www.public.sn\/?s={search_term_string}\"},\"query-input\":{\"@type\":\"PropertyValueSpecification\",\"valueRequired\":true,\"valueName\":\"search_term_string\"}}],\"inLanguage\":\"fr-FR\"},{\"@type\":\"Organization\",\"@id\":\"https:\/\/www.public.sn\/#organization\",\"name\":\"LE PUBLIC\",\"url\":\"https:\/\/www.public.sn\/\",\"logo\":{\"@type\":\"ImageObject\",\"inLanguage\":\"fr-FR\",\"@id\":\"https:\/\/www.public.sn\/#\/schema\/logo\/image\/\",\"url\":\"https:\/\/www.public.sn\/wp-content\/uploads\/2024\/05\/cropped-LOGO-PUBLIC.SN_.png\",\"contentUrl\":\"https:\/\/www.public.sn\/wp-content\/uploads\/2024\/05\/cropped-LOGO-PUBLIC.SN_.png\",\"width\":682,\"height\":192,\"caption\":\"LE PUBLIC\"},\"image\":{\"@id\":\"https:\/\/www.public.sn\/#\/schema\/logo\/image\/\"}},{\"@type\":\"Person\",\"@id\":\"https:\/\/www.public.sn\/#\/schema\/person\/cb76c8e1b8becc6be61fb5e92d6d0224\",\"name\":\"LA REDACTION\",\"image\":{\"@type\":\"ImageObject\",\"inLanguage\":\"fr-FR\",\"@id\":\"https:\/\/www.public.sn\/#\/schema\/person\/image\/\",\"url\":\"https:\/\/secure.gravatar.com\/avatar\/2dce5ddd34b8fef0180efe03aa2a9bee7d953856048f9a16b298190a3178407c?s=96&d=mm&r=g\",\"contentUrl\":\"https:\/\/secure.gravatar.com\/avatar\/2dce5ddd34b8fef0180efe03aa2a9bee7d953856048f9a16b298190a3178407c?s=96&d=mm&r=g\",\"caption\":\"LA REDACTION\"},\"url\":\"https:\/\/www.public.sn\/index.php\/author\/editeurpsn\/\"}]}<\/script>\n<!-- \/ Yoast SEO plugin. -->","yoast_head_json":{"title":"Emprisonnement de Pape Al\u00e9\u00a0: RSF s\u2019implique. - LE PUBLIC","robots":{"index":"index","follow":"follow","max-snippet":"max-snippet:-1","max-image-preview":"max-image-preview:large","max-video-preview":"max-video-preview:-1"},"canonical":"https:\/\/www.public.sn\/index.php\/2022\/12\/01\/emprisonnement-de-pape-ale-rsf-simplique\/","og_locale":"fr_FR","og_type":"article","og_title":"Emprisonnement de Pape Al\u00e9\u00a0: RSF s\u2019implique. - LE PUBLIC","og_description":"L\u2019emprisonnement du journaliste Pape Al\u00e9 Niang est en train de s\u2019internationaliser. A l\u2019occasion du lancement \u00e0 Dakar des activit\u00e9s du Bureau Afrique Subsaharienne de Reporters Sans Fronti\u00e8res (RSF) le secr\u00e9taire g\u00e9n\u00e9ral de ladite association a plaid\u00e9 pour son \u00e9largissement au plus vite. Christophe Deloire compte s\u2019impliquer personnellement et \u00ab\u00a0faire tout\u00a0\u00bb pour que Pape Al\u00e9 sorte de prison. Celui-ci \u00a0rappelle d\u2019ailleurs au pr\u00e9sident Macky Sall sa promesse \u00ab\u00a0de n\u2019emprisonner aucun journaliste sous son magist\u00e8re. Un engagement fort qui a tenu 10 ans, mais malheureusement d\u00e9menti \u00bb. \u00a0\u00a0 Il ose esp\u00e9rer que cet emprisonnement sera \u00ab une parenth\u00e8se courte et que Pape Al\u00e9 Niang sorte de prison \u00bb. Par ailleurs le secr\u00e9taire g\u00e9n\u00e9ral de RSF compte rendre visite \u00e0 Pape Al\u00e9 ce Jeudi \u00e0 la prison de S\u00e9bikotane. Samba SY.","og_url":"https:\/\/www.public.sn\/index.php\/2022\/12\/01\/emprisonnement-de-pape-ale-rsf-simplique\/","og_site_name":"LE PUBLIC","article_published_time":"2022-12-01T10:28:59+00:00","article_modified_time":"2022-12-01T10:29:01+00:00","og_image":[{"width":612,"height":298,"url":"https:\/\/www.public.sn\/wp-content\/uploads\/2022\/12\/rsf.jpg","type":"image\/jpeg"}],"author":"LA REDACTION","twitter_card":"summary_large_image","twitter_misc":{"\u00c9crit par":"LA REDACTION","Dur\u00e9e de lecture estim\u00e9e":"1 minute"},"schema":{"@context":"https:\/\/schema.org","@graph":[{"@type":"Article","@id":"https:\/\/www.public.sn\/index.php\/2022\/12\/01\/emprisonnement-de-pape-ale-rsf-simplique\/#article","isPartOf":{"@id":"https:\/\/www.public.sn\/index.php\/2022\/12\/01\/emprisonnement-de-pape-ale-rsf-simplique\/"},"author":{"name":"LA REDACTION","@id":"https:\/\/www.public.sn\/#\/schema\/person\/cb76c8e1b8becc6be61fb5e92d6d0224"},"headline":"Emprisonnement de Pape Al\u00e9\u00a0: RSF s\u2019implique.","datePublished":"2022-12-01T10:28:59+00:00","dateModified":"2022-12-01T10:29:01+00:00","mainEntityOfPage":{"@id":"https:\/\/www.public.sn\/index.php\/2022\/12\/01\/emprisonnement-de-pape-ale-rsf-simplique\/"},"wordCount":147,"commentCount":0,"publisher":{"@id":"https:\/\/www.public.sn\/#organization"},"image":{"@id":"https:\/\/www.public.sn\/index.php\/2022\/12\/01\/emprisonnement-de-pape-ale-rsf-simplique\/#primaryimage"},"thumbnailUrl":"https:\/\/www.public.sn\/wp-content\/uploads\/2022\/12\/rsf.jpg","keywords":["emprisonnement","pape al\u00e9","rsf"],"articleSection":["ACTUALIT\u00c9S","S\u00c9N\u00c9GAL","SOCIETE"],"inLanguage":"fr-FR","potentialAction":[{"@type":"CommentAction","name":"Comment","target":["https:\/\/www.public.sn\/index.php\/2022\/12\/01\/emprisonnement-de-pape-ale-rsf-simplique\/#respond"]}]},{"@type":"WebPage","@id":"https:\/\/www.public.sn\/index.php\/2022\/12\/01\/emprisonnement-de-pape-ale-rsf-simplique\/","url":"https:\/\/www.public.sn\/index.php\/2022\/12\/01\/emprisonnement-de-pape-ale-rsf-simplique\/","name":"Emprisonnement de Pape Al\u00e9\u00a0: RSF s\u2019implique. - LE PUBLIC","isPartOf":{"@id":"https:\/\/www.public.sn\/#website"},"primaryImageOfPage":{"@id":"https:\/\/www.public.sn\/index.php\/2022\/12\/01\/emprisonnement-de-pape-ale-rsf-simplique\/#primaryimage"},"image":{"@id":"https:\/\/www.public.sn\/index.php\/2022\/12\/01\/emprisonnement-de-pape-ale-rsf-simplique\/#primaryimage"},"thumbnailUrl":"https:\/\/www.public.sn\/wp-content\/uploads\/2022\/12\/rsf.jpg","datePublished":"2022-12-01T10:28:59+00:00","dateModified":"2022-12-01T10:29:01+00:00","breadcrumb":{"@id":"https:\/\/www.public.sn\/index.php\/2022\/12\/01\/emprisonnement-de-pape-ale-rsf-simplique\/#breadcrumb"},"inLanguage":"fr-FR","potentialAction":[{"@type":"ReadAction","target":["https:\/\/www.public.sn\/index.php\/2022\/12\/01\/emprisonnement-de-pape-ale-rsf-simplique\/"]}]},{"@type":"ImageObject","inLanguage":"fr-FR","@id":"https:\/\/www.public.sn\/index.php\/2022\/12\/01\/emprisonnement-de-pape-ale-rsf-simplique\/#primaryimage","url":"https:\/\/www.public.sn\/wp-content\/uploads\/2022\/12\/rsf.jpg","contentUrl":"https:\/\/www.public.sn\/wp-content\/uploads\/2022\/12\/rsf.jpg","width":612,"height":298,"caption":"publicsn"},{"@type":"BreadcrumbList","@id":"https:\/\/www.public.sn\/index.php\/2022\/12\/01\/emprisonnement-de-pape-ale-rsf-simplique\/#breadcrumb","itemListElement":[{"@type":"ListItem","position":1,"name":"Accueil","item":"https:\/\/www.public.sn\/"},{"@type":"ListItem","position":2,"name":"Emprisonnement de Pape Al\u00e9\u00a0: RSF s\u2019implique."}]},{"@type":"WebSite","@id":"https:\/\/www.public.sn\/#website","url":"https:\/\/www.public.sn\/","name":"LE PUBLIC","description":"","publisher":{"@id":"https:\/\/www.public.sn\/#organization"},"potentialAction":[{"@type":"SearchAction","target":{"@type":"EntryPoint","urlTemplate":"https:\/\/www.public.sn\/?s={search_term_string}"},"query-input":{"@type":"PropertyValueSpecification","valueRequired":true,"valueName":"search_term_string"}}],"inLanguage":"fr-FR"},{"@type":"Organization","@id":"https:\/\/www.public.sn\/#organization","name":"LE PUBLIC","url":"https:\/\/www.public.sn\/","logo":{"@type":"ImageObject","inLanguage":"fr-FR","@id":"https:\/\/www.public.sn\/#\/schema\/logo\/image\/","url":"https:\/\/www.public.sn\/wp-content\/uploads\/2024\/05\/cropped-LOGO-PUBLIC.SN_.png","contentUrl":"https:\/\/www.public.sn\/wp-content\/uploads\/2024\/05\/cropped-LOGO-PUBLIC.SN_.png","width":682,"height":192,"caption":"LE PUBLIC"},"image":{"@id":"https:\/\/www.public.sn\/#\/schema\/logo\/image\/"}},{"@type":"Person","@id":"https:\/\/www.public.sn\/#\/schema\/person\/cb76c8e1b8becc6be61fb5e92d6d0224","name":"LA REDACTION","image":{"@type":"ImageObject","inLanguage":"fr-FR","@id":"https:\/\/www.public.sn\/#\/schema\/person\/image\/","url":"https:\/\/secure.gravatar.com\/avatar\/2dce5ddd34b8fef0180efe03aa2a9bee7d953856048f9a16b298190a3178407c?s=96&d=mm&r=g","contentUrl":"https:\/\/secure.gravatar.com\/avatar\/2dce5ddd34b8fef0180efe03aa2a9bee7d953856048f9a16b298190a3178407c?s=96&d=mm&r=g","caption":"LA REDACTION"},"url":"https:\/\/www.public.sn\/index.php\/author\/editeurpsn\/"}]}},"jetpack_featured_media_url":"https:\/\/www.public.sn\/wp-content\/uploads\/2022\/12\/rsf.jpg","jetpack_sharing_enabled":true,"_links":{"self":[{"href":"https:\/\/www.public.sn\/index.php\/wp-json\/wp\/v2\/posts\/10706","targetHints":{"allow":["GET"]}}],"collection":[{"href":"https:\/\/www.public.sn\/index.php\/wp-json\/wp\/v2\/posts"}],"about":[{"href":"https:\/\/www.public.sn\/index.php\/wp-json\/wp\/v2\/types\/post"}],"author":[{"embeddable":true,"href":"https:\/\/www.public.sn\/index.php\/wp-json\/wp\/v2\/users\/7"}],"replies":[{"embeddable":true,"href":"https:\/\/www.public.sn\/index.php\/wp-json\/wp\/v2\/comments?post=10706"}],"version-history":[{"count":1,"href":"https:\/\/www.public.sn\/index.php\/wp-json\/wp\/v2\/posts\/10706\/revisions"}],"predecessor-version":[{"id":10708,"href":"https:\/\/www.public.sn\/index.php\/wp-json\/wp\/v2\/posts\/10706\/revisions\/10708"}],"wp:featuredmedia":[{"embeddable":true,"href":"https:\/\/www.public.sn\/index.php\/wp-json\/wp\/v2\/media\/10707"}],"wp:attachment":[{"href":"https:\/\/www.public.sn\/index.php\/wp-json\/wp\/v2\/media?parent=10706"}],"wp:term":[{"taxonomy":"category","embeddable":true,"href":"https:\/\/www.public.sn\/index.php\/wp-json\/wp\/v2\/categories?post=10706"},{"taxonomy":"post_tag","embeddable":true,"href":"https:\/\/www.public.sn\/index.php\/wp-json\/wp\/v2\/tags?post=10706"}],"curies":[{"name":"wp","href":"https:\/\/api.w.org\/{rel}","templated":true}]}}