{"id":10718,"date":"2022-12-01T11:08:25","date_gmt":"2022-12-01T11:08:25","guid":{"rendered":"https:\/\/www.public.sn\/?p=10718"},"modified":"2022-12-01T11:08:31","modified_gmt":"2022-12-01T11:08:31","slug":"tico-tattoo-guy-marius-doit-etre-candidat-a-la-presidentielle","status":"publish","type":"post","link":"https:\/\/www.public.sn\/index.php\/2022\/12\/01\/tico-tattoo-guy-marius-doit-etre-candidat-a-la-presidentielle\/","title":{"rendered":"Tico Tattoo : \u00ab\u00a0Guy Marius doit \u00eatre candidat \u00e0 la pr\u00e9sidentielle..\u00a0\u00bb"},"content":{"rendered":"\n<p>Le c\u00e9l\u00e8bre tatouer Tico Tattoo estime qu\u2019il n\u2019est pas avec le pr\u00e9sident de la R\u00e9publique m\u00eame si par ailleurs il a fait des r\u00e9alisations du c\u00f4t\u00e9 des infrastructures. Et sur le plan politique, il avance qu\u2019il est pour que Guy Marius Sagna soit candidat \u00e0 la pr\u00e9sidence de la R\u00e9publique. Il s\u2019est \u00e9galement prononc\u00e9 sur la vie ch\u00e8re.<\/p><div class=\"publi-paragraphe1\" style=\"margin-top: 10px;margin-bottom: 10px;margin-left: auto;margin-right: auto;text-align: center;\" id=\"publi-344124474\"><div class=\"publi-adlabel\">Publicit\u00e9<\/div><script async src=\"\/\/pagead2.googlesyndication.com\/pagead\/js\/adsbygoogle.js?client=ca-pub-4089586018074219\" crossorigin=\"anonymous\"><\/script><ins class=\"adsbygoogle\" style=\"display:block;\" data-ad-client=\"ca-pub-4089586018074219\" \ndata-ad-slot=\"2087940154\" \ndata-ad-format=\"auto\"><\/ins>\n<script> \n(adsbygoogle = window.adsbygoogle || []).push({}); \n<\/script>\n<\/div>\n\n\n\n<p><\/p>\n\n\n<p><iframe width=\"640\" height=\"360\" src=\"https:\/\/www.youtube.com\/embed\/xP0VrjkP12k\" title=\"Tyco Tatto zappe Ousmane Sonko, appuie Macky Sall et pr\u00e9f\u00e8re Guy Marius Sagna pour le Senegal\" frameborder=\"0\" allow=\"accelerometer; autoplay; clipboard-write; encrypted-media; gyroscope; picture-in-picture\" allowfullscreen=\"\"><\/iframe><\/p>\n\n\n<p>Mame Marie Thiam.<\/p>\n<div class=\"publi-apres-le-contenu\" style=\"margin-top: 10px;margin-bottom: 10px;margin-left: auto;margin-right: auto;text-align: center;\" id=\"publi-2384134049\"><div class=\"publi-adlabel\">Publicit\u00e9<\/div><script async src=\"\/\/pagead2.googlesyndication.com\/pagead\/js\/adsbygoogle.js?client=ca-pub-4089586018074219\" crossorigin=\"anonymous\"><\/script><ins class=\"adsbygoogle\" style=\"display:block;\" data-ad-client=\"ca-pub-4089586018074219\" \ndata-ad-slot=\"2087940154\" \ndata-ad-format=\"auto\"><\/ins>\n<script> \n(adsbygoogle = window.adsbygoogle || []).push({}); \n<\/script>\n<\/div>","protected":false},"excerpt":{"rendered":"<p>Le c\u00e9l\u00e8bre tatouer Tico Tattoo estime qu\u2019il n\u2019est pas avec le pr\u00e9sident de la R\u00e9publique m\u00eame si par ailleurs il a fait des r\u00e9alisations du c\u00f4t\u00e9 des infrastructures. Et sur le plan politique, il avance qu\u2019il est pour que Guy Marius Sagna soit candidat \u00e0 la pr\u00e9sidence de la R\u00e9publique. Il s\u2019est \u00e9galement prononc\u00e9 sur la vie ch\u00e8re. Mame Marie Thiam.<\/p>\n","protected":false},"author":7,"featured_media":10719,"comment_status":"open","ping_status":"open","sticky":false,"template":"","format":"standard","meta":{"_jetpack_memberships_contains_paid_content":false,"footnotes":""},"categories":[375,1023,1,4],"tags":[1757,2225,3541],"class_list":["post-10718","post","type-post","status-publish","format-standard","has-post-thumbnail","hentry","category-actualites","category-buzz","category-non-classe","category-societe","tag-guy-marius","tag-presientielle-2024","tag-tico-tatto","entry","has-media","owp-thumbs-layout-horizontal","owp-btn-normal","owp-tabs-layout-horizontal","has-no-thumbnails","has-product-nav"],"yoast_head":"<!-- This site is optimized with the Yoast SEO plugin v25.5 - https:\/\/yoast.com\/wordpress\/plugins\/seo\/ -->\n<title>Tico Tattoo : &quot;Guy Marius doit \u00eatre candidat \u00e0 la pr\u00e9sidentielle..&quot; - LE PUBLIC<\/title>\n<meta name=\"robots\" content=\"index, follow, max-snippet:-1, max-image-preview:large, max-video-preview:-1\" \/>\n<link rel=\"canonical\" href=\"https:\/\/www.public.sn\/index.php\/2022\/12\/01\/tico-tattoo-guy-marius-doit-etre-candidat-a-la-presidentielle\/\" \/>\n<meta property=\"og:locale\" content=\"fr_FR\" \/>\n<meta property=\"og:type\" content=\"article\" \/>\n<meta property=\"og:title\" content=\"Tico Tattoo : &quot;Guy Marius doit \u00eatre candidat \u00e0 la pr\u00e9sidentielle..&quot; - LE PUBLIC\" \/>\n<meta property=\"og:description\" content=\"Le c\u00e9l\u00e8bre tatouer Tico Tattoo estime qu\u2019il n\u2019est pas avec le pr\u00e9sident de la R\u00e9publique m\u00eame si par ailleurs il a fait des r\u00e9alisations du c\u00f4t\u00e9 des infrastructures. Et sur le plan politique, il avance qu\u2019il est pour que Guy Marius Sagna soit candidat \u00e0 la pr\u00e9sidence de la R\u00e9publique. Il s\u2019est \u00e9galement prononc\u00e9 sur la vie ch\u00e8re. Mame Marie Thiam.\" \/>\n<meta property=\"og:url\" content=\"https:\/\/www.public.sn\/index.php\/2022\/12\/01\/tico-tattoo-guy-marius-doit-etre-candidat-a-la-presidentielle\/\" \/>\n<meta property=\"og:site_name\" content=\"LE PUBLIC\" \/>\n<meta property=\"article:published_time\" content=\"2022-12-01T11:08:25+00:00\" \/>\n<meta property=\"article:modified_time\" content=\"2022-12-01T11:08:31+00:00\" \/>\n<meta property=\"og:image\" content=\"https:\/\/www.public.sn\/wp-content\/uploads\/2022\/12\/tico-tattoo.jpg\" \/>\n\t<meta property=\"og:image:width\" content=\"225\" \/>\n\t<meta property=\"og:image:height\" content=\"225\" \/>\n\t<meta property=\"og:image:type\" content=\"image\/jpeg\" \/>\n<meta name=\"author\" content=\"LA REDACTION\" \/>\n<meta name=\"twitter:card\" content=\"summary_large_image\" \/>\n<meta name=\"twitter:label1\" content=\"\u00c9crit par\" \/>\n\t<meta name=\"twitter:data1\" content=\"LA REDACTION\" \/>\n\t<meta name=\"twitter:label2\" content=\"Dur\u00e9e de lecture estim\u00e9e\" \/>\n\t<meta name=\"twitter:data2\" content=\"1 minute\" \/>\n<script type=\"application\/ld+json\" class=\"yoast-schema-graph\">{\"@context\":\"https:\/\/schema.org\",\"@graph\":[{\"@type\":\"Article\",\"@id\":\"https:\/\/www.public.sn\/index.php\/2022\/12\/01\/tico-tattoo-guy-marius-doit-etre-candidat-a-la-presidentielle\/#article\",\"isPartOf\":{\"@id\":\"https:\/\/www.public.sn\/index.php\/2022\/12\/01\/tico-tattoo-guy-marius-doit-etre-candidat-a-la-presidentielle\/\"},\"author\":{\"name\":\"LA REDACTION\",\"@id\":\"https:\/\/www.public.sn\/#\/schema\/person\/cb76c8e1b8becc6be61fb5e92d6d0224\"},\"headline\":\"Tico Tattoo : \u00ab\u00a0Guy Marius doit \u00eatre candidat \u00e0 la pr\u00e9sidentielle..\u00a0\u00bb\",\"datePublished\":\"2022-12-01T11:08:25+00:00\",\"dateModified\":\"2022-12-01T11:08:31+00:00\",\"mainEntityOfPage\":{\"@id\":\"https:\/\/www.public.sn\/index.php\/2022\/12\/01\/tico-tattoo-guy-marius-doit-etre-candidat-a-la-presidentielle\/\"},\"wordCount\":84,\"commentCount\":0,\"publisher\":{\"@id\":\"https:\/\/www.public.sn\/#organization\"},\"image\":{\"@id\":\"https:\/\/www.public.sn\/index.php\/2022\/12\/01\/tico-tattoo-guy-marius-doit-etre-candidat-a-la-presidentielle\/#primaryimage\"},\"thumbnailUrl\":\"https:\/\/www.public.sn\/wp-content\/uploads\/2022\/12\/tico-tattoo.jpg\",\"keywords\":[\"guy marius\",\"presientielle 2024\",\"tico tatto\"],\"articleSection\":[\"ACTUALIT\u00c9S\",\"BUZZ\",\"S\u00c9N\u00c9GAL\",\"SOCIETE\"],\"inLanguage\":\"fr-FR\",\"potentialAction\":[{\"@type\":\"CommentAction\",\"name\":\"Comment\",\"target\":[\"https:\/\/www.public.sn\/index.php\/2022\/12\/01\/tico-tattoo-guy-marius-doit-etre-candidat-a-la-presidentielle\/#respond\"]}]},{\"@type\":\"WebPage\",\"@id\":\"https:\/\/www.public.sn\/index.php\/2022\/12\/01\/tico-tattoo-guy-marius-doit-etre-candidat-a-la-presidentielle\/\",\"url\":\"https:\/\/www.public.sn\/index.php\/2022\/12\/01\/tico-tattoo-guy-marius-doit-etre-candidat-a-la-presidentielle\/\",\"name\":\"Tico Tattoo : \\\"Guy Marius doit \u00eatre candidat \u00e0 la pr\u00e9sidentielle..\\\" - LE PUBLIC\",\"isPartOf\":{\"@id\":\"https:\/\/www.public.sn\/#website\"},\"primaryImageOfPage\":{\"@id\":\"https:\/\/www.public.sn\/index.php\/2022\/12\/01\/tico-tattoo-guy-marius-doit-etre-candidat-a-la-presidentielle\/#primaryimage\"},\"image\":{\"@id\":\"https:\/\/www.public.sn\/index.php\/2022\/12\/01\/tico-tattoo-guy-marius-doit-etre-candidat-a-la-presidentielle\/#primaryimage\"},\"thumbnailUrl\":\"https:\/\/www.public.sn\/wp-content\/uploads\/2022\/12\/tico-tattoo.jpg\",\"datePublished\":\"2022-12-01T11:08:25+00:00\",\"dateModified\":\"2022-12-01T11:08:31+00:00\",\"breadcrumb\":{\"@id\":\"https:\/\/www.public.sn\/index.php\/2022\/12\/01\/tico-tattoo-guy-marius-doit-etre-candidat-a-la-presidentielle\/#breadcrumb\"},\"inLanguage\":\"fr-FR\",\"potentialAction\":[{\"@type\":\"ReadAction\",\"target\":[\"https:\/\/www.public.sn\/index.php\/2022\/12\/01\/tico-tattoo-guy-marius-doit-etre-candidat-a-la-presidentielle\/\"]}]},{\"@type\":\"ImageObject\",\"inLanguage\":\"fr-FR\",\"@id\":\"https:\/\/www.public.sn\/index.php\/2022\/12\/01\/tico-tattoo-guy-marius-doit-etre-candidat-a-la-presidentielle\/#primaryimage\",\"url\":\"https:\/\/www.public.sn\/wp-content\/uploads\/2022\/12\/tico-tattoo.jpg\",\"contentUrl\":\"https:\/\/www.public.sn\/wp-content\/uploads\/2022\/12\/tico-tattoo.jpg\",\"width\":225,\"height\":225,\"caption\":\"publicsn\"},{\"@type\":\"BreadcrumbList\",\"@id\":\"https:\/\/www.public.sn\/index.php\/2022\/12\/01\/tico-tattoo-guy-marius-doit-etre-candidat-a-la-presidentielle\/#breadcrumb\",\"itemListElement\":[{\"@type\":\"ListItem\",\"position\":1,\"name\":\"Accueil\",\"item\":\"https:\/\/www.public.sn\/\"},{\"@type\":\"ListItem\",\"position\":2,\"name\":\"Tico Tattoo : \u00ab\u00a0Guy Marius doit \u00eatre candidat \u00e0 la pr\u00e9sidentielle..\u00a0\u00bb\"}]},{\"@type\":\"WebSite\",\"@id\":\"https:\/\/www.public.sn\/#website\",\"url\":\"https:\/\/www.public.sn\/\",\"name\":\"LE PUBLIC\",\"description\":\"\",\"publisher\":{\"@id\":\"https:\/\/www.public.sn\/#organization\"},\"potentialAction\":[{\"@type\":\"SearchAction\",\"target\":{\"@type\":\"EntryPoint\",\"urlTemplate\":\"https:\/\/www.public.sn\/?s={search_term_string}\"},\"query-input\":{\"@type\":\"PropertyValueSpecification\",\"valueRequired\":true,\"valueName\":\"search_term_string\"}}],\"inLanguage\":\"fr-FR\"},{\"@type\":\"Organization\",\"@id\":\"https:\/\/www.public.sn\/#organization\",\"name\":\"LE PUBLIC\",\"url\":\"https:\/\/www.public.sn\/\",\"logo\":{\"@type\":\"ImageObject\",\"inLanguage\":\"fr-FR\",\"@id\":\"https:\/\/www.public.sn\/#\/schema\/logo\/image\/\",\"url\":\"https:\/\/www.public.sn\/wp-content\/uploads\/2024\/05\/cropped-LOGO-PUBLIC.SN_.png\",\"contentUrl\":\"https:\/\/www.public.sn\/wp-content\/uploads\/2024\/05\/cropped-LOGO-PUBLIC.SN_.png\",\"width\":682,\"height\":192,\"caption\":\"LE PUBLIC\"},\"image\":{\"@id\":\"https:\/\/www.public.sn\/#\/schema\/logo\/image\/\"}},{\"@type\":\"Person\",\"@id\":\"https:\/\/www.public.sn\/#\/schema\/person\/cb76c8e1b8becc6be61fb5e92d6d0224\",\"name\":\"LA REDACTION\",\"image\":{\"@type\":\"ImageObject\",\"inLanguage\":\"fr-FR\",\"@id\":\"https:\/\/www.public.sn\/#\/schema\/person\/image\/\",\"url\":\"https:\/\/secure.gravatar.com\/avatar\/2dce5ddd34b8fef0180efe03aa2a9bee7d953856048f9a16b298190a3178407c?s=96&d=mm&r=g\",\"contentUrl\":\"https:\/\/secure.gravatar.com\/avatar\/2dce5ddd34b8fef0180efe03aa2a9bee7d953856048f9a16b298190a3178407c?s=96&d=mm&r=g\",\"caption\":\"LA REDACTION\"},\"url\":\"https:\/\/www.public.sn\/index.php\/author\/editeurpsn\/\"}]}<\/script>\n<!-- \/ Yoast SEO plugin. -->","yoast_head_json":{"title":"Tico Tattoo : \"Guy Marius doit \u00eatre candidat \u00e0 la pr\u00e9sidentielle..\" - LE PUBLIC","robots":{"index":"index","follow":"follow","max-snippet":"max-snippet:-1","max-image-preview":"max-image-preview:large","max-video-preview":"max-video-preview:-1"},"canonical":"https:\/\/www.public.sn\/index.php\/2022\/12\/01\/tico-tattoo-guy-marius-doit-etre-candidat-a-la-presidentielle\/","og_locale":"fr_FR","og_type":"article","og_title":"Tico Tattoo : \"Guy Marius doit \u00eatre candidat \u00e0 la pr\u00e9sidentielle..\" - LE PUBLIC","og_description":"Le c\u00e9l\u00e8bre tatouer Tico Tattoo estime qu\u2019il n\u2019est pas avec le pr\u00e9sident de la R\u00e9publique m\u00eame si par ailleurs il a fait des r\u00e9alisations du c\u00f4t\u00e9 des infrastructures. Et sur le plan politique, il avance qu\u2019il est pour que Guy Marius Sagna soit candidat \u00e0 la pr\u00e9sidence de la R\u00e9publique. Il s\u2019est \u00e9galement prononc\u00e9 sur la vie ch\u00e8re. Mame Marie Thiam.","og_url":"https:\/\/www.public.sn\/index.php\/2022\/12\/01\/tico-tattoo-guy-marius-doit-etre-candidat-a-la-presidentielle\/","og_site_name":"LE PUBLIC","article_published_time":"2022-12-01T11:08:25+00:00","article_modified_time":"2022-12-01T11:08:31+00:00","og_image":[{"width":225,"height":225,"url":"https:\/\/www.public.sn\/wp-content\/uploads\/2022\/12\/tico-tattoo.jpg","type":"image\/jpeg"}],"author":"LA REDACTION","twitter_card":"summary_large_image","twitter_misc":{"\u00c9crit par":"LA REDACTION","Dur\u00e9e de lecture estim\u00e9e":"1 minute"},"schema":{"@context":"https:\/\/schema.org","@graph":[{"@type":"Article","@id":"https:\/\/www.public.sn\/index.php\/2022\/12\/01\/tico-tattoo-guy-marius-doit-etre-candidat-a-la-presidentielle\/#article","isPartOf":{"@id":"https:\/\/www.public.sn\/index.php\/2022\/12\/01\/tico-tattoo-guy-marius-doit-etre-candidat-a-la-presidentielle\/"},"author":{"name":"LA REDACTION","@id":"https:\/\/www.public.sn\/#\/schema\/person\/cb76c8e1b8becc6be61fb5e92d6d0224"},"headline":"Tico Tattoo : \u00ab\u00a0Guy Marius doit \u00eatre candidat \u00e0 la pr\u00e9sidentielle..\u00a0\u00bb","datePublished":"2022-12-01T11:08:25+00:00","dateModified":"2022-12-01T11:08:31+00:00","mainEntityOfPage":{"@id":"https:\/\/www.public.sn\/index.php\/2022\/12\/01\/tico-tattoo-guy-marius-doit-etre-candidat-a-la-presidentielle\/"},"wordCount":84,"commentCount":0,"publisher":{"@id":"https:\/\/www.public.sn\/#organization"},"image":{"@id":"https:\/\/www.public.sn\/index.php\/2022\/12\/01\/tico-tattoo-guy-marius-doit-etre-candidat-a-la-presidentielle\/#primaryimage"},"thumbnailUrl":"https:\/\/www.public.sn\/wp-content\/uploads\/2022\/12\/tico-tattoo.jpg","keywords":["guy marius","presientielle 2024","tico tatto"],"articleSection":["ACTUALIT\u00c9S","BUZZ","S\u00c9N\u00c9GAL","SOCIETE"],"inLanguage":"fr-FR","potentialAction":[{"@type":"CommentAction","name":"Comment","target":["https:\/\/www.public.sn\/index.php\/2022\/12\/01\/tico-tattoo-guy-marius-doit-etre-candidat-a-la-presidentielle\/#respond"]}]},{"@type":"WebPage","@id":"https:\/\/www.public.sn\/index.php\/2022\/12\/01\/tico-tattoo-guy-marius-doit-etre-candidat-a-la-presidentielle\/","url":"https:\/\/www.public.sn\/index.php\/2022\/12\/01\/tico-tattoo-guy-marius-doit-etre-candidat-a-la-presidentielle\/","name":"Tico Tattoo : \"Guy Marius doit \u00eatre candidat \u00e0 la pr\u00e9sidentielle..\" - LE PUBLIC","isPartOf":{"@id":"https:\/\/www.public.sn\/#website"},"primaryImageOfPage":{"@id":"https:\/\/www.public.sn\/index.php\/2022\/12\/01\/tico-tattoo-guy-marius-doit-etre-candidat-a-la-presidentielle\/#primaryimage"},"image":{"@id":"https:\/\/www.public.sn\/index.php\/2022\/12\/01\/tico-tattoo-guy-marius-doit-etre-candidat-a-la-presidentielle\/#primaryimage"},"thumbnailUrl":"https:\/\/www.public.sn\/wp-content\/uploads\/2022\/12\/tico-tattoo.jpg","datePublished":"2022-12-01T11:08:25+00:00","dateModified":"2022-12-01T11:08:31+00:00","breadcrumb":{"@id":"https:\/\/www.public.sn\/index.php\/2022\/12\/01\/tico-tattoo-guy-marius-doit-etre-candidat-a-la-presidentielle\/#breadcrumb"},"inLanguage":"fr-FR","potentialAction":[{"@type":"ReadAction","target":["https:\/\/www.public.sn\/index.php\/2022\/12\/01\/tico-tattoo-guy-marius-doit-etre-candidat-a-la-presidentielle\/"]}]},{"@type":"ImageObject","inLanguage":"fr-FR","@id":"https:\/\/www.public.sn\/index.php\/2022\/12\/01\/tico-tattoo-guy-marius-doit-etre-candidat-a-la-presidentielle\/#primaryimage","url":"https:\/\/www.public.sn\/wp-content\/uploads\/2022\/12\/tico-tattoo.jpg","contentUrl":"https:\/\/www.public.sn\/wp-content\/uploads\/2022\/12\/tico-tattoo.jpg","width":225,"height":225,"caption":"publicsn"},{"@type":"BreadcrumbList","@id":"https:\/\/www.public.sn\/index.php\/2022\/12\/01\/tico-tattoo-guy-marius-doit-etre-candidat-a-la-presidentielle\/#breadcrumb","itemListElement":[{"@type":"ListItem","position":1,"name":"Accueil","item":"https:\/\/www.public.sn\/"},{"@type":"ListItem","position":2,"name":"Tico Tattoo : \u00ab\u00a0Guy Marius doit \u00eatre candidat \u00e0 la pr\u00e9sidentielle..\u00a0\u00bb"}]},{"@type":"WebSite","@id":"https:\/\/www.public.sn\/#website","url":"https:\/\/www.public.sn\/","name":"LE PUBLIC","description":"","publisher":{"@id":"https:\/\/www.public.sn\/#organization"},"potentialAction":[{"@type":"SearchAction","target":{"@type":"EntryPoint","urlTemplate":"https:\/\/www.public.sn\/?s={search_term_string}"},"query-input":{"@type":"PropertyValueSpecification","valueRequired":true,"valueName":"search_term_string"}}],"inLanguage":"fr-FR"},{"@type":"Organization","@id":"https:\/\/www.public.sn\/#organization","name":"LE PUBLIC","url":"https:\/\/www.public.sn\/","logo":{"@type":"ImageObject","inLanguage":"fr-FR","@id":"https:\/\/www.public.sn\/#\/schema\/logo\/image\/","url":"https:\/\/www.public.sn\/wp-content\/uploads\/2024\/05\/cropped-LOGO-PUBLIC.SN_.png","contentUrl":"https:\/\/www.public.sn\/wp-content\/uploads\/2024\/05\/cropped-LOGO-PUBLIC.SN_.png","width":682,"height":192,"caption":"LE PUBLIC"},"image":{"@id":"https:\/\/www.public.sn\/#\/schema\/logo\/image\/"}},{"@type":"Person","@id":"https:\/\/www.public.sn\/#\/schema\/person\/cb76c8e1b8becc6be61fb5e92d6d0224","name":"LA REDACTION","image":{"@type":"ImageObject","inLanguage":"fr-FR","@id":"https:\/\/www.public.sn\/#\/schema\/person\/image\/","url":"https:\/\/secure.gravatar.com\/avatar\/2dce5ddd34b8fef0180efe03aa2a9bee7d953856048f9a16b298190a3178407c?s=96&d=mm&r=g","contentUrl":"https:\/\/secure.gravatar.com\/avatar\/2dce5ddd34b8fef0180efe03aa2a9bee7d953856048f9a16b298190a3178407c?s=96&d=mm&r=g","caption":"LA REDACTION"},"url":"https:\/\/www.public.sn\/index.php\/author\/editeurpsn\/"}]}},"jetpack_featured_media_url":"https:\/\/www.public.sn\/wp-content\/uploads\/2022\/12\/tico-tattoo.jpg","jetpack_sharing_enabled":true,"_links":{"self":[{"href":"https:\/\/www.public.sn\/index.php\/wp-json\/wp\/v2\/posts\/10718","targetHints":{"allow":["GET"]}}],"collection":[{"href":"https:\/\/www.public.sn\/index.php\/wp-json\/wp\/v2\/posts"}],"about":[{"href":"https:\/\/www.public.sn\/index.php\/wp-json\/wp\/v2\/types\/post"}],"author":[{"embeddable":true,"href":"https:\/\/www.public.sn\/index.php\/wp-json\/wp\/v2\/users\/7"}],"replies":[{"embeddable":true,"href":"https:\/\/www.public.sn\/index.php\/wp-json\/wp\/v2\/comments?post=10718"}],"version-history":[{"count":1,"href":"https:\/\/www.public.sn\/index.php\/wp-json\/wp\/v2\/posts\/10718\/revisions"}],"predecessor-version":[{"id":10720,"href":"https:\/\/www.public.sn\/index.php\/wp-json\/wp\/v2\/posts\/10718\/revisions\/10720"}],"wp:featuredmedia":[{"embeddable":true,"href":"https:\/\/www.public.sn\/index.php\/wp-json\/wp\/v2\/media\/10719"}],"wp:attachment":[{"href":"https:\/\/www.public.sn\/index.php\/wp-json\/wp\/v2\/media?parent=10718"}],"wp:term":[{"taxonomy":"category","embeddable":true,"href":"https:\/\/www.public.sn\/index.php\/wp-json\/wp\/v2\/categories?post=10718"},{"taxonomy":"post_tag","embeddable":true,"href":"https:\/\/www.public.sn\/index.php\/wp-json\/wp\/v2\/tags?post=10718"}],"curies":[{"name":"wp","href":"https:\/\/api.w.org\/{rel}","templated":true}]}}