{"id":10721,"date":"2022-12-01T11:17:21","date_gmt":"2022-12-01T11:17:21","guid":{"rendered":"https:\/\/www.public.sn\/?p=10721"},"modified":"2022-12-01T11:17:23","modified_gmt":"2022-12-01T11:17:23","slug":"sambou-biagui-pape-ale-va-aller-en-greve-de-la-faim","status":"publish","type":"post","link":"https:\/\/www.public.sn\/index.php\/2022\/12\/01\/sambou-biagui-pape-ale-va-aller-en-greve-de-la-faim\/","title":{"rendered":"Sambou Biagui :\u00a0\u00bb Pape Al\u00e9 va aller en gr\u00e8ve de la faim\u00a0\u00bb"},"content":{"rendered":"\n<p>Le journaliste Sambou Biagui estime que le combat de Pape Al\u00e9 Niang est l\u00e9gitime. C\u2019est un homme de principe et les \u00e9preuves qu\u2019il endure sont injustes. Pour lui, il faut se battre pour ses convictions et sa place n\u2019est pas en prison. et d\u2019ailleurs l\u2019APREES a \u00e9t\u00e9 \u00e0 Touba pour voir le Khalife afin de lui exposer le probl\u00e9me.<\/p><div class=\"publi-paragraphe1\" style=\"margin-top: 10px;margin-bottom: 10px;margin-left: auto;margin-right: auto;text-align: center;\" id=\"publi-1002859384\"><div class=\"publi-adlabel\">Publicit\u00e9<\/div><script async src=\"\/\/pagead2.googlesyndication.com\/pagead\/js\/adsbygoogle.js?client=ca-pub-4089586018074219\" crossorigin=\"anonymous\"><\/script><ins class=\"adsbygoogle\" style=\"display:block;\" data-ad-client=\"ca-pub-4089586018074219\" \ndata-ad-slot=\"2087940154\" \ndata-ad-format=\"auto\"><\/ins>\n<script> \n(adsbygoogle = window.adsbygoogle || []).push({}); \n<\/script>\n<\/div>\n\n\n\n<p><\/p>\n\n\n\n<p> Occasion pour lui \u00e9galement de rappeler que de plus en plus les libert\u00e9s individuelles sont bafou\u00e9es au S\u00e9n\u00e9gal. il se pose la question qu\u2019est ce que Souleymane jules Diop ou Abdou Latif Coulibaly n\u2019ont pas dit de Me Wade et pourtant, ils n\u2019ont jamais \u00e9t\u00e9 emprisonn\u00e9s. Sambou Biagui avance que Pape Al\u00e9 va aller en gr\u00e8ve de la faim et d\u2019autres journalistes vont suivre.<\/p>\n\n\n\n<p>Maimouna Diallo.<\/p>\n<div class=\"publi-apres-le-contenu\" style=\"margin-top: 10px;margin-bottom: 10px;margin-left: auto;margin-right: auto;text-align: center;\" id=\"publi-48855754\"><div class=\"publi-adlabel\">Publicit\u00e9<\/div><script async src=\"\/\/pagead2.googlesyndication.com\/pagead\/js\/adsbygoogle.js?client=ca-pub-4089586018074219\" crossorigin=\"anonymous\"><\/script><ins class=\"adsbygoogle\" style=\"display:block;\" data-ad-client=\"ca-pub-4089586018074219\" \ndata-ad-slot=\"2087940154\" \ndata-ad-format=\"auto\"><\/ins>\n<script> \n(adsbygoogle = window.adsbygoogle || []).push({}); \n<\/script>\n<\/div>","protected":false},"excerpt":{"rendered":"<p>Le journaliste Sambou Biagui estime que le combat de Pape Al\u00e9 Niang est l\u00e9gitime. C\u2019est un homme de principe et les \u00e9preuves qu\u2019il endure sont injustes. Pour lui, il faut se battre pour ses convictions et sa place n\u2019est pas en prison. et d\u2019ailleurs l\u2019APREES a \u00e9t\u00e9 \u00e0 Touba pour voir le Khalife afin de lui exposer le probl\u00e9me. Occasion pour lui \u00e9galement de rappeler que de plus en plus les libert\u00e9s individuelles sont bafou\u00e9es au S\u00e9n\u00e9gal. il se pose la question qu\u2019est ce que Souleymane jules Diop ou Abdou Latif Coulibaly n\u2019ont pas dit de Me Wade et pourtant, ils n\u2019ont jamais \u00e9t\u00e9 emprisonn\u00e9s. Sambou Biagui avance que Pape Al\u00e9 va aller en gr\u00e8ve de la faim et d\u2019autres journalistes vont suivre. Maimouna Diallo.<\/p>\n","protected":false},"author":7,"featured_media":10722,"comment_status":"open","ping_status":"open","sticky":false,"template":"","format":"standard","meta":{"_jetpack_memberships_contains_paid_content":false,"footnotes":""},"categories":[375,961,1],"tags":[2887,2492,1806],"class_list":["post-10721","post","type-post","status-publish","format-standard","has-post-thumbnail","hentry","category-actualites","category-medias","category-non-classe","tag-greve-de-la-faim","tag-pape-ale","tag-sambou-biagui","entry","has-media","owp-thumbs-layout-horizontal","owp-btn-normal","owp-tabs-layout-horizontal","has-no-thumbnails","has-product-nav"],"yoast_head":"<!-- This site is optimized with the Yoast SEO plugin v25.5 - https:\/\/yoast.com\/wordpress\/plugins\/seo\/ -->\n<title>Sambou Biagui :&quot; Pape Al\u00e9 va aller en gr\u00e8ve de la faim&quot; - LE PUBLIC<\/title>\n<meta name=\"robots\" content=\"index, follow, max-snippet:-1, max-image-preview:large, max-video-preview:-1\" \/>\n<link rel=\"canonical\" href=\"https:\/\/www.public.sn\/index.php\/2022\/12\/01\/sambou-biagui-pape-ale-va-aller-en-greve-de-la-faim\/\" \/>\n<meta property=\"og:locale\" content=\"fr_FR\" \/>\n<meta property=\"og:type\" content=\"article\" \/>\n<meta property=\"og:title\" content=\"Sambou Biagui :&quot; Pape Al\u00e9 va aller en gr\u00e8ve de la faim&quot; - LE PUBLIC\" \/>\n<meta property=\"og:description\" content=\"Le journaliste Sambou Biagui estime que le combat de Pape Al\u00e9 Niang est l\u00e9gitime. C\u2019est un homme de principe et les \u00e9preuves qu\u2019il endure sont injustes. Pour lui, il faut se battre pour ses convictions et sa place n\u2019est pas en prison. et d\u2019ailleurs l\u2019APREES a \u00e9t\u00e9 \u00e0 Touba pour voir le Khalife afin de lui exposer le probl\u00e9me. Occasion pour lui \u00e9galement de rappeler que de plus en plus les libert\u00e9s individuelles sont bafou\u00e9es au S\u00e9n\u00e9gal. il se pose la question qu\u2019est ce que Souleymane jules Diop ou Abdou Latif Coulibaly n\u2019ont pas dit de Me Wade et pourtant, ils n\u2019ont jamais \u00e9t\u00e9 emprisonn\u00e9s. Sambou Biagui avance que Pape Al\u00e9 va aller en gr\u00e8ve de la faim et d\u2019autres journalistes vont suivre. Maimouna Diallo.\" \/>\n<meta property=\"og:url\" content=\"https:\/\/www.public.sn\/index.php\/2022\/12\/01\/sambou-biagui-pape-ale-va-aller-en-greve-de-la-faim\/\" \/>\n<meta property=\"og:site_name\" content=\"LE PUBLIC\" \/>\n<meta property=\"article:published_time\" content=\"2022-12-01T11:17:21+00:00\" \/>\n<meta property=\"article:modified_time\" content=\"2022-12-01T11:17:23+00:00\" \/>\n<meta property=\"og:image\" content=\"https:\/\/www.public.sn\/wp-content\/uploads\/2022\/12\/biagui.jpg\" \/>\n\t<meta property=\"og:image:width\" content=\"556\" \/>\n\t<meta property=\"og:image:height\" content=\"473\" \/>\n\t<meta property=\"og:image:type\" content=\"image\/jpeg\" \/>\n<meta name=\"author\" content=\"LA REDACTION\" \/>\n<meta name=\"twitter:card\" content=\"summary_large_image\" \/>\n<meta name=\"twitter:label1\" content=\"\u00c9crit par\" \/>\n\t<meta name=\"twitter:data1\" content=\"LA REDACTION\" \/>\n\t<meta name=\"twitter:label2\" content=\"Dur\u00e9e de lecture estim\u00e9e\" \/>\n\t<meta name=\"twitter:data2\" content=\"1 minute\" \/>\n<script type=\"application\/ld+json\" class=\"yoast-schema-graph\">{\"@context\":\"https:\/\/schema.org\",\"@graph\":[{\"@type\":\"Article\",\"@id\":\"https:\/\/www.public.sn\/index.php\/2022\/12\/01\/sambou-biagui-pape-ale-va-aller-en-greve-de-la-faim\/#article\",\"isPartOf\":{\"@id\":\"https:\/\/www.public.sn\/index.php\/2022\/12\/01\/sambou-biagui-pape-ale-va-aller-en-greve-de-la-faim\/\"},\"author\":{\"name\":\"LA REDACTION\",\"@id\":\"https:\/\/www.public.sn\/#\/schema\/person\/cb76c8e1b8becc6be61fb5e92d6d0224\"},\"headline\":\"Sambou Biagui :\u00a0\u00bb Pape Al\u00e9 va aller en gr\u00e8ve de la faim\u00a0\u00bb\",\"datePublished\":\"2022-12-01T11:17:21+00:00\",\"dateModified\":\"2022-12-01T11:17:23+00:00\",\"mainEntityOfPage\":{\"@id\":\"https:\/\/www.public.sn\/index.php\/2022\/12\/01\/sambou-biagui-pape-ale-va-aller-en-greve-de-la-faim\/\"},\"wordCount\":153,\"commentCount\":1,\"publisher\":{\"@id\":\"https:\/\/www.public.sn\/#organization\"},\"image\":{\"@id\":\"https:\/\/www.public.sn\/index.php\/2022\/12\/01\/sambou-biagui-pape-ale-va-aller-en-greve-de-la-faim\/#primaryimage\"},\"thumbnailUrl\":\"https:\/\/www.public.sn\/wp-content\/uploads\/2022\/12\/biagui.jpg\",\"keywords\":[\"greve de la faim\",\"pape al\u00e9\",\"sambou biagui\"],\"articleSection\":[\"ACTUALIT\u00c9S\",\"M\u00c9DIAS\",\"S\u00c9N\u00c9GAL\"],\"inLanguage\":\"fr-FR\",\"potentialAction\":[{\"@type\":\"CommentAction\",\"name\":\"Comment\",\"target\":[\"https:\/\/www.public.sn\/index.php\/2022\/12\/01\/sambou-biagui-pape-ale-va-aller-en-greve-de-la-faim\/#respond\"]}]},{\"@type\":\"WebPage\",\"@id\":\"https:\/\/www.public.sn\/index.php\/2022\/12\/01\/sambou-biagui-pape-ale-va-aller-en-greve-de-la-faim\/\",\"url\":\"https:\/\/www.public.sn\/index.php\/2022\/12\/01\/sambou-biagui-pape-ale-va-aller-en-greve-de-la-faim\/\",\"name\":\"Sambou Biagui :\\\" Pape Al\u00e9 va aller en gr\u00e8ve de la faim\\\" - LE PUBLIC\",\"isPartOf\":{\"@id\":\"https:\/\/www.public.sn\/#website\"},\"primaryImageOfPage\":{\"@id\":\"https:\/\/www.public.sn\/index.php\/2022\/12\/01\/sambou-biagui-pape-ale-va-aller-en-greve-de-la-faim\/#primaryimage\"},\"image\":{\"@id\":\"https:\/\/www.public.sn\/index.php\/2022\/12\/01\/sambou-biagui-pape-ale-va-aller-en-greve-de-la-faim\/#primaryimage\"},\"thumbnailUrl\":\"https:\/\/www.public.sn\/wp-content\/uploads\/2022\/12\/biagui.jpg\",\"datePublished\":\"2022-12-01T11:17:21+00:00\",\"dateModified\":\"2022-12-01T11:17:23+00:00\",\"breadcrumb\":{\"@id\":\"https:\/\/www.public.sn\/index.php\/2022\/12\/01\/sambou-biagui-pape-ale-va-aller-en-greve-de-la-faim\/#breadcrumb\"},\"inLanguage\":\"fr-FR\",\"potentialAction\":[{\"@type\":\"ReadAction\",\"target\":[\"https:\/\/www.public.sn\/index.php\/2022\/12\/01\/sambou-biagui-pape-ale-va-aller-en-greve-de-la-faim\/\"]}]},{\"@type\":\"ImageObject\",\"inLanguage\":\"fr-FR\",\"@id\":\"https:\/\/www.public.sn\/index.php\/2022\/12\/01\/sambou-biagui-pape-ale-va-aller-en-greve-de-la-faim\/#primaryimage\",\"url\":\"https:\/\/www.public.sn\/wp-content\/uploads\/2022\/12\/biagui.jpg\",\"contentUrl\":\"https:\/\/www.public.sn\/wp-content\/uploads\/2022\/12\/biagui.jpg\",\"width\":556,\"height\":473,\"caption\":\"publicsn\"},{\"@type\":\"BreadcrumbList\",\"@id\":\"https:\/\/www.public.sn\/index.php\/2022\/12\/01\/sambou-biagui-pape-ale-va-aller-en-greve-de-la-faim\/#breadcrumb\",\"itemListElement\":[{\"@type\":\"ListItem\",\"position\":1,\"name\":\"Accueil\",\"item\":\"https:\/\/www.public.sn\/\"},{\"@type\":\"ListItem\",\"position\":2,\"name\":\"Sambou Biagui :\u00a0\u00bb Pape Al\u00e9 va aller en gr\u00e8ve de la faim\u00a0\u00bb\"}]},{\"@type\":\"WebSite\",\"@id\":\"https:\/\/www.public.sn\/#website\",\"url\":\"https:\/\/www.public.sn\/\",\"name\":\"LE PUBLIC\",\"description\":\"\",\"publisher\":{\"@id\":\"https:\/\/www.public.sn\/#organization\"},\"potentialAction\":[{\"@type\":\"SearchAction\",\"target\":{\"@type\":\"EntryPoint\",\"urlTemplate\":\"https:\/\/www.public.sn\/?s={search_term_string}\"},\"query-input\":{\"@type\":\"PropertyValueSpecification\",\"valueRequired\":true,\"valueName\":\"search_term_string\"}}],\"inLanguage\":\"fr-FR\"},{\"@type\":\"Organization\",\"@id\":\"https:\/\/www.public.sn\/#organization\",\"name\":\"LE PUBLIC\",\"url\":\"https:\/\/www.public.sn\/\",\"logo\":{\"@type\":\"ImageObject\",\"inLanguage\":\"fr-FR\",\"@id\":\"https:\/\/www.public.sn\/#\/schema\/logo\/image\/\",\"url\":\"https:\/\/www.public.sn\/wp-content\/uploads\/2024\/05\/cropped-LOGO-PUBLIC.SN_.png\",\"contentUrl\":\"https:\/\/www.public.sn\/wp-content\/uploads\/2024\/05\/cropped-LOGO-PUBLIC.SN_.png\",\"width\":682,\"height\":192,\"caption\":\"LE PUBLIC\"},\"image\":{\"@id\":\"https:\/\/www.public.sn\/#\/schema\/logo\/image\/\"}},{\"@type\":\"Person\",\"@id\":\"https:\/\/www.public.sn\/#\/schema\/person\/cb76c8e1b8becc6be61fb5e92d6d0224\",\"name\":\"LA REDACTION\",\"image\":{\"@type\":\"ImageObject\",\"inLanguage\":\"fr-FR\",\"@id\":\"https:\/\/www.public.sn\/#\/schema\/person\/image\/\",\"url\":\"https:\/\/secure.gravatar.com\/avatar\/2dce5ddd34b8fef0180efe03aa2a9bee7d953856048f9a16b298190a3178407c?s=96&d=mm&r=g\",\"contentUrl\":\"https:\/\/secure.gravatar.com\/avatar\/2dce5ddd34b8fef0180efe03aa2a9bee7d953856048f9a16b298190a3178407c?s=96&d=mm&r=g\",\"caption\":\"LA REDACTION\"},\"url\":\"https:\/\/www.public.sn\/index.php\/author\/editeurpsn\/\"}]}<\/script>\n<!-- \/ Yoast SEO plugin. -->","yoast_head_json":{"title":"Sambou Biagui :\" Pape Al\u00e9 va aller en gr\u00e8ve de la faim\" - LE PUBLIC","robots":{"index":"index","follow":"follow","max-snippet":"max-snippet:-1","max-image-preview":"max-image-preview:large","max-video-preview":"max-video-preview:-1"},"canonical":"https:\/\/www.public.sn\/index.php\/2022\/12\/01\/sambou-biagui-pape-ale-va-aller-en-greve-de-la-faim\/","og_locale":"fr_FR","og_type":"article","og_title":"Sambou Biagui :\" Pape Al\u00e9 va aller en gr\u00e8ve de la faim\" - LE PUBLIC","og_description":"Le journaliste Sambou Biagui estime que le combat de Pape Al\u00e9 Niang est l\u00e9gitime. C\u2019est un homme de principe et les \u00e9preuves qu\u2019il endure sont injustes. Pour lui, il faut se battre pour ses convictions et sa place n\u2019est pas en prison. et d\u2019ailleurs l\u2019APREES a \u00e9t\u00e9 \u00e0 Touba pour voir le Khalife afin de lui exposer le probl\u00e9me. Occasion pour lui \u00e9galement de rappeler que de plus en plus les libert\u00e9s individuelles sont bafou\u00e9es au S\u00e9n\u00e9gal. il se pose la question qu\u2019est ce que Souleymane jules Diop ou Abdou Latif Coulibaly n\u2019ont pas dit de Me Wade et pourtant, ils n\u2019ont jamais \u00e9t\u00e9 emprisonn\u00e9s. Sambou Biagui avance que Pape Al\u00e9 va aller en gr\u00e8ve de la faim et d\u2019autres journalistes vont suivre. Maimouna Diallo.","og_url":"https:\/\/www.public.sn\/index.php\/2022\/12\/01\/sambou-biagui-pape-ale-va-aller-en-greve-de-la-faim\/","og_site_name":"LE PUBLIC","article_published_time":"2022-12-01T11:17:21+00:00","article_modified_time":"2022-12-01T11:17:23+00:00","og_image":[{"width":556,"height":473,"url":"https:\/\/www.public.sn\/wp-content\/uploads\/2022\/12\/biagui.jpg","type":"image\/jpeg"}],"author":"LA REDACTION","twitter_card":"summary_large_image","twitter_misc":{"\u00c9crit par":"LA REDACTION","Dur\u00e9e de lecture estim\u00e9e":"1 minute"},"schema":{"@context":"https:\/\/schema.org","@graph":[{"@type":"Article","@id":"https:\/\/www.public.sn\/index.php\/2022\/12\/01\/sambou-biagui-pape-ale-va-aller-en-greve-de-la-faim\/#article","isPartOf":{"@id":"https:\/\/www.public.sn\/index.php\/2022\/12\/01\/sambou-biagui-pape-ale-va-aller-en-greve-de-la-faim\/"},"author":{"name":"LA REDACTION","@id":"https:\/\/www.public.sn\/#\/schema\/person\/cb76c8e1b8becc6be61fb5e92d6d0224"},"headline":"Sambou Biagui :\u00a0\u00bb Pape Al\u00e9 va aller en gr\u00e8ve de la faim\u00a0\u00bb","datePublished":"2022-12-01T11:17:21+00:00","dateModified":"2022-12-01T11:17:23+00:00","mainEntityOfPage":{"@id":"https:\/\/www.public.sn\/index.php\/2022\/12\/01\/sambou-biagui-pape-ale-va-aller-en-greve-de-la-faim\/"},"wordCount":153,"commentCount":1,"publisher":{"@id":"https:\/\/www.public.sn\/#organization"},"image":{"@id":"https:\/\/www.public.sn\/index.php\/2022\/12\/01\/sambou-biagui-pape-ale-va-aller-en-greve-de-la-faim\/#primaryimage"},"thumbnailUrl":"https:\/\/www.public.sn\/wp-content\/uploads\/2022\/12\/biagui.jpg","keywords":["greve de la faim","pape al\u00e9","sambou biagui"],"articleSection":["ACTUALIT\u00c9S","M\u00c9DIAS","S\u00c9N\u00c9GAL"],"inLanguage":"fr-FR","potentialAction":[{"@type":"CommentAction","name":"Comment","target":["https:\/\/www.public.sn\/index.php\/2022\/12\/01\/sambou-biagui-pape-ale-va-aller-en-greve-de-la-faim\/#respond"]}]},{"@type":"WebPage","@id":"https:\/\/www.public.sn\/index.php\/2022\/12\/01\/sambou-biagui-pape-ale-va-aller-en-greve-de-la-faim\/","url":"https:\/\/www.public.sn\/index.php\/2022\/12\/01\/sambou-biagui-pape-ale-va-aller-en-greve-de-la-faim\/","name":"Sambou Biagui :\" Pape Al\u00e9 va aller en gr\u00e8ve de la faim\" - LE PUBLIC","isPartOf":{"@id":"https:\/\/www.public.sn\/#website"},"primaryImageOfPage":{"@id":"https:\/\/www.public.sn\/index.php\/2022\/12\/01\/sambou-biagui-pape-ale-va-aller-en-greve-de-la-faim\/#primaryimage"},"image":{"@id":"https:\/\/www.public.sn\/index.php\/2022\/12\/01\/sambou-biagui-pape-ale-va-aller-en-greve-de-la-faim\/#primaryimage"},"thumbnailUrl":"https:\/\/www.public.sn\/wp-content\/uploads\/2022\/12\/biagui.jpg","datePublished":"2022-12-01T11:17:21+00:00","dateModified":"2022-12-01T11:17:23+00:00","breadcrumb":{"@id":"https:\/\/www.public.sn\/index.php\/2022\/12\/01\/sambou-biagui-pape-ale-va-aller-en-greve-de-la-faim\/#breadcrumb"},"inLanguage":"fr-FR","potentialAction":[{"@type":"ReadAction","target":["https:\/\/www.public.sn\/index.php\/2022\/12\/01\/sambou-biagui-pape-ale-va-aller-en-greve-de-la-faim\/"]}]},{"@type":"ImageObject","inLanguage":"fr-FR","@id":"https:\/\/www.public.sn\/index.php\/2022\/12\/01\/sambou-biagui-pape-ale-va-aller-en-greve-de-la-faim\/#primaryimage","url":"https:\/\/www.public.sn\/wp-content\/uploads\/2022\/12\/biagui.jpg","contentUrl":"https:\/\/www.public.sn\/wp-content\/uploads\/2022\/12\/biagui.jpg","width":556,"height":473,"caption":"publicsn"},{"@type":"BreadcrumbList","@id":"https:\/\/www.public.sn\/index.php\/2022\/12\/01\/sambou-biagui-pape-ale-va-aller-en-greve-de-la-faim\/#breadcrumb","itemListElement":[{"@type":"ListItem","position":1,"name":"Accueil","item":"https:\/\/www.public.sn\/"},{"@type":"ListItem","position":2,"name":"Sambou Biagui :\u00a0\u00bb Pape Al\u00e9 va aller en gr\u00e8ve de la faim\u00a0\u00bb"}]},{"@type":"WebSite","@id":"https:\/\/www.public.sn\/#website","url":"https:\/\/www.public.sn\/","name":"LE PUBLIC","description":"","publisher":{"@id":"https:\/\/www.public.sn\/#organization"},"potentialAction":[{"@type":"SearchAction","target":{"@type":"EntryPoint","urlTemplate":"https:\/\/www.public.sn\/?s={search_term_string}"},"query-input":{"@type":"PropertyValueSpecification","valueRequired":true,"valueName":"search_term_string"}}],"inLanguage":"fr-FR"},{"@type":"Organization","@id":"https:\/\/www.public.sn\/#organization","name":"LE PUBLIC","url":"https:\/\/www.public.sn\/","logo":{"@type":"ImageObject","inLanguage":"fr-FR","@id":"https:\/\/www.public.sn\/#\/schema\/logo\/image\/","url":"https:\/\/www.public.sn\/wp-content\/uploads\/2024\/05\/cropped-LOGO-PUBLIC.SN_.png","contentUrl":"https:\/\/www.public.sn\/wp-content\/uploads\/2024\/05\/cropped-LOGO-PUBLIC.SN_.png","width":682,"height":192,"caption":"LE PUBLIC"},"image":{"@id":"https:\/\/www.public.sn\/#\/schema\/logo\/image\/"}},{"@type":"Person","@id":"https:\/\/www.public.sn\/#\/schema\/person\/cb76c8e1b8becc6be61fb5e92d6d0224","name":"LA REDACTION","image":{"@type":"ImageObject","inLanguage":"fr-FR","@id":"https:\/\/www.public.sn\/#\/schema\/person\/image\/","url":"https:\/\/secure.gravatar.com\/avatar\/2dce5ddd34b8fef0180efe03aa2a9bee7d953856048f9a16b298190a3178407c?s=96&d=mm&r=g","contentUrl":"https:\/\/secure.gravatar.com\/avatar\/2dce5ddd34b8fef0180efe03aa2a9bee7d953856048f9a16b298190a3178407c?s=96&d=mm&r=g","caption":"LA REDACTION"},"url":"https:\/\/www.public.sn\/index.php\/author\/editeurpsn\/"}]}},"jetpack_featured_media_url":"https:\/\/www.public.sn\/wp-content\/uploads\/2022\/12\/biagui.jpg","jetpack_sharing_enabled":true,"_links":{"self":[{"href":"https:\/\/www.public.sn\/index.php\/wp-json\/wp\/v2\/posts\/10721","targetHints":{"allow":["GET"]}}],"collection":[{"href":"https:\/\/www.public.sn\/index.php\/wp-json\/wp\/v2\/posts"}],"about":[{"href":"https:\/\/www.public.sn\/index.php\/wp-json\/wp\/v2\/types\/post"}],"author":[{"embeddable":true,"href":"https:\/\/www.public.sn\/index.php\/wp-json\/wp\/v2\/users\/7"}],"replies":[{"embeddable":true,"href":"https:\/\/www.public.sn\/index.php\/wp-json\/wp\/v2\/comments?post=10721"}],"version-history":[{"count":1,"href":"https:\/\/www.public.sn\/index.php\/wp-json\/wp\/v2\/posts\/10721\/revisions"}],"predecessor-version":[{"id":10723,"href":"https:\/\/www.public.sn\/index.php\/wp-json\/wp\/v2\/posts\/10721\/revisions\/10723"}],"wp:featuredmedia":[{"embeddable":true,"href":"https:\/\/www.public.sn\/index.php\/wp-json\/wp\/v2\/media\/10722"}],"wp:attachment":[{"href":"https:\/\/www.public.sn\/index.php\/wp-json\/wp\/v2\/media?parent=10721"}],"wp:term":[{"taxonomy":"category","embeddable":true,"href":"https:\/\/www.public.sn\/index.php\/wp-json\/wp\/v2\/categories?post=10721"},{"taxonomy":"post_tag","embeddable":true,"href":"https:\/\/www.public.sn\/index.php\/wp-json\/wp\/v2\/tags?post=10721"}],"curies":[{"name":"wp","href":"https:\/\/api.w.org\/{rel}","templated":true}]}}