{"id":10738,"date":"2022-12-01T12:15:46","date_gmt":"2022-12-01T12:15:46","guid":{"rendered":"https:\/\/www.public.sn\/?p=10738"},"modified":"2022-12-01T12:16:57","modified_gmt":"2022-12-01T12:16:57","slug":"affaire-sonko-adji-sarr-les-avocats-denoncent-la-demarche-du-juge","status":"publish","type":"post","link":"https:\/\/www.public.sn\/index.php\/2022\/12\/01\/affaire-sonko-adji-sarr-les-avocats-denoncent-la-demarche-du-juge\/","title":{"rendered":"Affaire Sonko\/Adji Sarr\u00a0: Les avocats d\u00e9noncent la d\u00e9marche du juge."},"content":{"rendered":"\n<p><\/p>\n\n\n\n<p>Les avocats de Ousmane Sonko trouvent anormale la d\u00e9marche du juge d\u2019instruction qui appelle \u00e0 la confrontation. Pour eux avant cette proc\u00e9dure, le juge aurait du \u00e9couter toutes les parties cit\u00e9es dans cette affaire. <\/p><div class=\"publi-paragraphe1\" style=\"margin-top: 10px;margin-bottom: 10px;margin-left: auto;margin-right: auto;text-align: center;\" id=\"publi-2968973778\"><div class=\"publi-adlabel\">Publicit\u00e9<\/div><script async src=\"\/\/pagead2.googlesyndication.com\/pagead\/js\/adsbygoogle.js?client=ca-pub-4089586018074219\" crossorigin=\"anonymous\"><\/script><ins class=\"adsbygoogle\" style=\"display:block;\" data-ad-client=\"ca-pub-4089586018074219\" \ndata-ad-slot=\"2087940154\" \ndata-ad-format=\"auto\"><\/ins>\n<script> \n(adsbygoogle = window.adsbygoogle || []).push({}); \n<\/script>\n<\/div>\n\n\n\n<p><\/p>\n\n\n\n<p>Me Cir\u00e9 Cl\u00e9dor Ly soup\u00e7onne une d\u00e9marche politique et dans ce dossier vide tout n\u2019a pas encore \u00e9t\u00e9 dit. Pour lui, \u00a0au del\u00e0 de la recherche de la v\u00e9rit\u00e9 et de la justice, il y\u2019a une intrusion de la politique dans cette affaire entre son client Ousmane Sonko et la masseuse Adji Sarr.<\/p>\n\n\n\n<p>Samba SY.<\/p>\n<div class=\"publi-apres-le-contenu\" style=\"margin-top: 10px;margin-bottom: 10px;margin-left: auto;margin-right: auto;text-align: center;\" id=\"publi-939662683\"><div class=\"publi-adlabel\">Publicit\u00e9<\/div><script async src=\"\/\/pagead2.googlesyndication.com\/pagead\/js\/adsbygoogle.js?client=ca-pub-4089586018074219\" crossorigin=\"anonymous\"><\/script><ins class=\"adsbygoogle\" style=\"display:block;\" data-ad-client=\"ca-pub-4089586018074219\" \ndata-ad-slot=\"2087940154\" \ndata-ad-format=\"auto\"><\/ins>\n<script> \n(adsbygoogle = window.adsbygoogle || []).push({}); \n<\/script>\n<\/div>","protected":false},"excerpt":{"rendered":"<p>Les avocats de Ousmane Sonko trouvent anormale la d\u00e9marche du juge d\u2019instruction qui appelle \u00e0 la confrontation. Pour eux avant cette proc\u00e9dure, le juge aurait du \u00e9couter toutes les parties cit\u00e9es dans cette affaire. Me Cir\u00e9 Cl\u00e9dor Ly soup\u00e7onne une d\u00e9marche politique et dans ce dossier vide tout n\u2019a pas encore \u00e9t\u00e9 dit. Pour lui, \u00a0au del\u00e0 de la recherche de la v\u00e9rit\u00e9 et de la justice, il y\u2019a une intrusion de la politique dans cette affaire entre son client Ousmane Sonko et la masseuse Adji Sarr. Samba SY.<\/p>\n","protected":false},"author":7,"featured_media":10739,"comment_status":"open","ping_status":"open","sticky":false,"template":"","format":"standard","meta":{"_jetpack_memberships_contains_paid_content":false,"footnotes":""},"categories":[375,3,1],"tags":[99,3546,306],"class_list":["post-10738","post","type-post","status-publish","format-standard","has-post-thumbnail","hentry","category-actualites","category-politique","category-non-classe","tag-adji-sarr","tag-avocats","tag-sonko","entry","has-media","owp-thumbs-layout-horizontal","owp-btn-normal","owp-tabs-layout-horizontal","has-no-thumbnails","has-product-nav"],"yoast_head":"<!-- This site is optimized with the Yoast SEO plugin v25.5 - https:\/\/yoast.com\/wordpress\/plugins\/seo\/ -->\n<title>Affaire Sonko\/Adji Sarr\u00a0: Les avocats d\u00e9noncent la d\u00e9marche du juge. - LE PUBLIC<\/title>\n<meta name=\"robots\" content=\"index, follow, max-snippet:-1, max-image-preview:large, max-video-preview:-1\" \/>\n<link rel=\"canonical\" href=\"https:\/\/www.public.sn\/index.php\/2022\/12\/01\/affaire-sonko-adji-sarr-les-avocats-denoncent-la-demarche-du-juge\/\" \/>\n<meta property=\"og:locale\" content=\"fr_FR\" \/>\n<meta property=\"og:type\" content=\"article\" \/>\n<meta property=\"og:title\" content=\"Affaire Sonko\/Adji Sarr\u00a0: Les avocats d\u00e9noncent la d\u00e9marche du juge. - LE PUBLIC\" \/>\n<meta property=\"og:description\" content=\"Les avocats de Ousmane Sonko trouvent anormale la d\u00e9marche du juge d\u2019instruction qui appelle \u00e0 la confrontation. Pour eux avant cette proc\u00e9dure, le juge aurait du \u00e9couter toutes les parties cit\u00e9es dans cette affaire. Me Cir\u00e9 Cl\u00e9dor Ly soup\u00e7onne une d\u00e9marche politique et dans ce dossier vide tout n\u2019a pas encore \u00e9t\u00e9 dit. Pour lui, \u00a0au del\u00e0 de la recherche de la v\u00e9rit\u00e9 et de la justice, il y\u2019a une intrusion de la politique dans cette affaire entre son client Ousmane Sonko et la masseuse Adji Sarr. Samba SY.\" \/>\n<meta property=\"og:url\" content=\"https:\/\/www.public.sn\/index.php\/2022\/12\/01\/affaire-sonko-adji-sarr-les-avocats-denoncent-la-demarche-du-juge\/\" \/>\n<meta property=\"og:site_name\" content=\"LE PUBLIC\" \/>\n<meta property=\"article:published_time\" content=\"2022-12-01T12:15:46+00:00\" \/>\n<meta property=\"article:modified_time\" content=\"2022-12-01T12:16:57+00:00\" \/>\n<meta property=\"og:image\" content=\"https:\/\/www.public.sn\/wp-content\/uploads\/2022\/12\/sonko-et-adji-sarr.jpg\" \/>\n\t<meta property=\"og:image:width\" content=\"1256\" \/>\n\t<meta property=\"og:image:height\" content=\"628\" \/>\n\t<meta property=\"og:image:type\" content=\"image\/jpeg\" \/>\n<meta name=\"author\" content=\"LA REDACTION\" \/>\n<meta name=\"twitter:card\" content=\"summary_large_image\" \/>\n<meta name=\"twitter:label1\" content=\"\u00c9crit par\" \/>\n\t<meta name=\"twitter:data1\" content=\"LA REDACTION\" \/>\n\t<meta name=\"twitter:label2\" content=\"Dur\u00e9e de lecture estim\u00e9e\" \/>\n\t<meta name=\"twitter:data2\" content=\"1 minute\" \/>\n<script type=\"application\/ld+json\" class=\"yoast-schema-graph\">{\"@context\":\"https:\/\/schema.org\",\"@graph\":[{\"@type\":\"Article\",\"@id\":\"https:\/\/www.public.sn\/index.php\/2022\/12\/01\/affaire-sonko-adji-sarr-les-avocats-denoncent-la-demarche-du-juge\/#article\",\"isPartOf\":{\"@id\":\"https:\/\/www.public.sn\/index.php\/2022\/12\/01\/affaire-sonko-adji-sarr-les-avocats-denoncent-la-demarche-du-juge\/\"},\"author\":{\"name\":\"LA REDACTION\",\"@id\":\"https:\/\/www.public.sn\/#\/schema\/person\/cb76c8e1b8becc6be61fb5e92d6d0224\"},\"headline\":\"Affaire Sonko\/Adji Sarr\u00a0: Les avocats d\u00e9noncent la d\u00e9marche du juge.\",\"datePublished\":\"2022-12-01T12:15:46+00:00\",\"dateModified\":\"2022-12-01T12:16:57+00:00\",\"mainEntityOfPage\":{\"@id\":\"https:\/\/www.public.sn\/index.php\/2022\/12\/01\/affaire-sonko-adji-sarr-les-avocats-denoncent-la-demarche-du-juge\/\"},\"wordCount\":111,\"commentCount\":0,\"publisher\":{\"@id\":\"https:\/\/www.public.sn\/#organization\"},\"image\":{\"@id\":\"https:\/\/www.public.sn\/index.php\/2022\/12\/01\/affaire-sonko-adji-sarr-les-avocats-denoncent-la-demarche-du-juge\/#primaryimage\"},\"thumbnailUrl\":\"https:\/\/www.public.sn\/wp-content\/uploads\/2022\/12\/sonko-et-adji-sarr.jpg\",\"keywords\":[\"Adji Sarr\",\"avocats\",\"sonko\"],\"articleSection\":[\"ACTUALIT\u00c9S\",\"POLITIQUE\",\"S\u00c9N\u00c9GAL\"],\"inLanguage\":\"fr-FR\",\"potentialAction\":[{\"@type\":\"CommentAction\",\"name\":\"Comment\",\"target\":[\"https:\/\/www.public.sn\/index.php\/2022\/12\/01\/affaire-sonko-adji-sarr-les-avocats-denoncent-la-demarche-du-juge\/#respond\"]}]},{\"@type\":\"WebPage\",\"@id\":\"https:\/\/www.public.sn\/index.php\/2022\/12\/01\/affaire-sonko-adji-sarr-les-avocats-denoncent-la-demarche-du-juge\/\",\"url\":\"https:\/\/www.public.sn\/index.php\/2022\/12\/01\/affaire-sonko-adji-sarr-les-avocats-denoncent-la-demarche-du-juge\/\",\"name\":\"Affaire Sonko\/Adji Sarr\u00a0: Les avocats d\u00e9noncent la d\u00e9marche du juge. - LE PUBLIC\",\"isPartOf\":{\"@id\":\"https:\/\/www.public.sn\/#website\"},\"primaryImageOfPage\":{\"@id\":\"https:\/\/www.public.sn\/index.php\/2022\/12\/01\/affaire-sonko-adji-sarr-les-avocats-denoncent-la-demarche-du-juge\/#primaryimage\"},\"image\":{\"@id\":\"https:\/\/www.public.sn\/index.php\/2022\/12\/01\/affaire-sonko-adji-sarr-les-avocats-denoncent-la-demarche-du-juge\/#primaryimage\"},\"thumbnailUrl\":\"https:\/\/www.public.sn\/wp-content\/uploads\/2022\/12\/sonko-et-adji-sarr.jpg\",\"datePublished\":\"2022-12-01T12:15:46+00:00\",\"dateModified\":\"2022-12-01T12:16:57+00:00\",\"breadcrumb\":{\"@id\":\"https:\/\/www.public.sn\/index.php\/2022\/12\/01\/affaire-sonko-adji-sarr-les-avocats-denoncent-la-demarche-du-juge\/#breadcrumb\"},\"inLanguage\":\"fr-FR\",\"potentialAction\":[{\"@type\":\"ReadAction\",\"target\":[\"https:\/\/www.public.sn\/index.php\/2022\/12\/01\/affaire-sonko-adji-sarr-les-avocats-denoncent-la-demarche-du-juge\/\"]}]},{\"@type\":\"ImageObject\",\"inLanguage\":\"fr-FR\",\"@id\":\"https:\/\/www.public.sn\/index.php\/2022\/12\/01\/affaire-sonko-adji-sarr-les-avocats-denoncent-la-demarche-du-juge\/#primaryimage\",\"url\":\"https:\/\/www.public.sn\/wp-content\/uploads\/2022\/12\/sonko-et-adji-sarr.jpg\",\"contentUrl\":\"https:\/\/www.public.sn\/wp-content\/uploads\/2022\/12\/sonko-et-adji-sarr.jpg\",\"width\":1256,\"height\":628,\"caption\":\"publicsn\"},{\"@type\":\"BreadcrumbList\",\"@id\":\"https:\/\/www.public.sn\/index.php\/2022\/12\/01\/affaire-sonko-adji-sarr-les-avocats-denoncent-la-demarche-du-juge\/#breadcrumb\",\"itemListElement\":[{\"@type\":\"ListItem\",\"position\":1,\"name\":\"Accueil\",\"item\":\"https:\/\/www.public.sn\/\"},{\"@type\":\"ListItem\",\"position\":2,\"name\":\"Affaire Sonko\/Adji Sarr\u00a0: Les avocats d\u00e9noncent la d\u00e9marche du juge.\"}]},{\"@type\":\"WebSite\",\"@id\":\"https:\/\/www.public.sn\/#website\",\"url\":\"https:\/\/www.public.sn\/\",\"name\":\"LE PUBLIC\",\"description\":\"\",\"publisher\":{\"@id\":\"https:\/\/www.public.sn\/#organization\"},\"potentialAction\":[{\"@type\":\"SearchAction\",\"target\":{\"@type\":\"EntryPoint\",\"urlTemplate\":\"https:\/\/www.public.sn\/?s={search_term_string}\"},\"query-input\":{\"@type\":\"PropertyValueSpecification\",\"valueRequired\":true,\"valueName\":\"search_term_string\"}}],\"inLanguage\":\"fr-FR\"},{\"@type\":\"Organization\",\"@id\":\"https:\/\/www.public.sn\/#organization\",\"name\":\"LE PUBLIC\",\"url\":\"https:\/\/www.public.sn\/\",\"logo\":{\"@type\":\"ImageObject\",\"inLanguage\":\"fr-FR\",\"@id\":\"https:\/\/www.public.sn\/#\/schema\/logo\/image\/\",\"url\":\"https:\/\/www.public.sn\/wp-content\/uploads\/2024\/05\/cropped-LOGO-PUBLIC.SN_.png\",\"contentUrl\":\"https:\/\/www.public.sn\/wp-content\/uploads\/2024\/05\/cropped-LOGO-PUBLIC.SN_.png\",\"width\":682,\"height\":192,\"caption\":\"LE PUBLIC\"},\"image\":{\"@id\":\"https:\/\/www.public.sn\/#\/schema\/logo\/image\/\"}},{\"@type\":\"Person\",\"@id\":\"https:\/\/www.public.sn\/#\/schema\/person\/cb76c8e1b8becc6be61fb5e92d6d0224\",\"name\":\"LA REDACTION\",\"image\":{\"@type\":\"ImageObject\",\"inLanguage\":\"fr-FR\",\"@id\":\"https:\/\/www.public.sn\/#\/schema\/person\/image\/\",\"url\":\"https:\/\/secure.gravatar.com\/avatar\/2dce5ddd34b8fef0180efe03aa2a9bee7d953856048f9a16b298190a3178407c?s=96&d=mm&r=g\",\"contentUrl\":\"https:\/\/secure.gravatar.com\/avatar\/2dce5ddd34b8fef0180efe03aa2a9bee7d953856048f9a16b298190a3178407c?s=96&d=mm&r=g\",\"caption\":\"LA REDACTION\"},\"url\":\"https:\/\/www.public.sn\/index.php\/author\/editeurpsn\/\"}]}<\/script>\n<!-- \/ Yoast SEO plugin. -->","yoast_head_json":{"title":"Affaire Sonko\/Adji Sarr\u00a0: Les avocats d\u00e9noncent la d\u00e9marche du juge. - LE PUBLIC","robots":{"index":"index","follow":"follow","max-snippet":"max-snippet:-1","max-image-preview":"max-image-preview:large","max-video-preview":"max-video-preview:-1"},"canonical":"https:\/\/www.public.sn\/index.php\/2022\/12\/01\/affaire-sonko-adji-sarr-les-avocats-denoncent-la-demarche-du-juge\/","og_locale":"fr_FR","og_type":"article","og_title":"Affaire Sonko\/Adji Sarr\u00a0: Les avocats d\u00e9noncent la d\u00e9marche du juge. - LE PUBLIC","og_description":"Les avocats de Ousmane Sonko trouvent anormale la d\u00e9marche du juge d\u2019instruction qui appelle \u00e0 la confrontation. Pour eux avant cette proc\u00e9dure, le juge aurait du \u00e9couter toutes les parties cit\u00e9es dans cette affaire. Me Cir\u00e9 Cl\u00e9dor Ly soup\u00e7onne une d\u00e9marche politique et dans ce dossier vide tout n\u2019a pas encore \u00e9t\u00e9 dit. Pour lui, \u00a0au del\u00e0 de la recherche de la v\u00e9rit\u00e9 et de la justice, il y\u2019a une intrusion de la politique dans cette affaire entre son client Ousmane Sonko et la masseuse Adji Sarr. Samba SY.","og_url":"https:\/\/www.public.sn\/index.php\/2022\/12\/01\/affaire-sonko-adji-sarr-les-avocats-denoncent-la-demarche-du-juge\/","og_site_name":"LE PUBLIC","article_published_time":"2022-12-01T12:15:46+00:00","article_modified_time":"2022-12-01T12:16:57+00:00","og_image":[{"width":1256,"height":628,"url":"https:\/\/www.public.sn\/wp-content\/uploads\/2022\/12\/sonko-et-adji-sarr.jpg","type":"image\/jpeg"}],"author":"LA REDACTION","twitter_card":"summary_large_image","twitter_misc":{"\u00c9crit par":"LA REDACTION","Dur\u00e9e de lecture estim\u00e9e":"1 minute"},"schema":{"@context":"https:\/\/schema.org","@graph":[{"@type":"Article","@id":"https:\/\/www.public.sn\/index.php\/2022\/12\/01\/affaire-sonko-adji-sarr-les-avocats-denoncent-la-demarche-du-juge\/#article","isPartOf":{"@id":"https:\/\/www.public.sn\/index.php\/2022\/12\/01\/affaire-sonko-adji-sarr-les-avocats-denoncent-la-demarche-du-juge\/"},"author":{"name":"LA REDACTION","@id":"https:\/\/www.public.sn\/#\/schema\/person\/cb76c8e1b8becc6be61fb5e92d6d0224"},"headline":"Affaire Sonko\/Adji Sarr\u00a0: Les avocats d\u00e9noncent la d\u00e9marche du juge.","datePublished":"2022-12-01T12:15:46+00:00","dateModified":"2022-12-01T12:16:57+00:00","mainEntityOfPage":{"@id":"https:\/\/www.public.sn\/index.php\/2022\/12\/01\/affaire-sonko-adji-sarr-les-avocats-denoncent-la-demarche-du-juge\/"},"wordCount":111,"commentCount":0,"publisher":{"@id":"https:\/\/www.public.sn\/#organization"},"image":{"@id":"https:\/\/www.public.sn\/index.php\/2022\/12\/01\/affaire-sonko-adji-sarr-les-avocats-denoncent-la-demarche-du-juge\/#primaryimage"},"thumbnailUrl":"https:\/\/www.public.sn\/wp-content\/uploads\/2022\/12\/sonko-et-adji-sarr.jpg","keywords":["Adji Sarr","avocats","sonko"],"articleSection":["ACTUALIT\u00c9S","POLITIQUE","S\u00c9N\u00c9GAL"],"inLanguage":"fr-FR","potentialAction":[{"@type":"CommentAction","name":"Comment","target":["https:\/\/www.public.sn\/index.php\/2022\/12\/01\/affaire-sonko-adji-sarr-les-avocats-denoncent-la-demarche-du-juge\/#respond"]}]},{"@type":"WebPage","@id":"https:\/\/www.public.sn\/index.php\/2022\/12\/01\/affaire-sonko-adji-sarr-les-avocats-denoncent-la-demarche-du-juge\/","url":"https:\/\/www.public.sn\/index.php\/2022\/12\/01\/affaire-sonko-adji-sarr-les-avocats-denoncent-la-demarche-du-juge\/","name":"Affaire Sonko\/Adji Sarr\u00a0: Les avocats d\u00e9noncent la d\u00e9marche du juge. - LE PUBLIC","isPartOf":{"@id":"https:\/\/www.public.sn\/#website"},"primaryImageOfPage":{"@id":"https:\/\/www.public.sn\/index.php\/2022\/12\/01\/affaire-sonko-adji-sarr-les-avocats-denoncent-la-demarche-du-juge\/#primaryimage"},"image":{"@id":"https:\/\/www.public.sn\/index.php\/2022\/12\/01\/affaire-sonko-adji-sarr-les-avocats-denoncent-la-demarche-du-juge\/#primaryimage"},"thumbnailUrl":"https:\/\/www.public.sn\/wp-content\/uploads\/2022\/12\/sonko-et-adji-sarr.jpg","datePublished":"2022-12-01T12:15:46+00:00","dateModified":"2022-12-01T12:16:57+00:00","breadcrumb":{"@id":"https:\/\/www.public.sn\/index.php\/2022\/12\/01\/affaire-sonko-adji-sarr-les-avocats-denoncent-la-demarche-du-juge\/#breadcrumb"},"inLanguage":"fr-FR","potentialAction":[{"@type":"ReadAction","target":["https:\/\/www.public.sn\/index.php\/2022\/12\/01\/affaire-sonko-adji-sarr-les-avocats-denoncent-la-demarche-du-juge\/"]}]},{"@type":"ImageObject","inLanguage":"fr-FR","@id":"https:\/\/www.public.sn\/index.php\/2022\/12\/01\/affaire-sonko-adji-sarr-les-avocats-denoncent-la-demarche-du-juge\/#primaryimage","url":"https:\/\/www.public.sn\/wp-content\/uploads\/2022\/12\/sonko-et-adji-sarr.jpg","contentUrl":"https:\/\/www.public.sn\/wp-content\/uploads\/2022\/12\/sonko-et-adji-sarr.jpg","width":1256,"height":628,"caption":"publicsn"},{"@type":"BreadcrumbList","@id":"https:\/\/www.public.sn\/index.php\/2022\/12\/01\/affaire-sonko-adji-sarr-les-avocats-denoncent-la-demarche-du-juge\/#breadcrumb","itemListElement":[{"@type":"ListItem","position":1,"name":"Accueil","item":"https:\/\/www.public.sn\/"},{"@type":"ListItem","position":2,"name":"Affaire Sonko\/Adji Sarr\u00a0: Les avocats d\u00e9noncent la d\u00e9marche du juge."}]},{"@type":"WebSite","@id":"https:\/\/www.public.sn\/#website","url":"https:\/\/www.public.sn\/","name":"LE PUBLIC","description":"","publisher":{"@id":"https:\/\/www.public.sn\/#organization"},"potentialAction":[{"@type":"SearchAction","target":{"@type":"EntryPoint","urlTemplate":"https:\/\/www.public.sn\/?s={search_term_string}"},"query-input":{"@type":"PropertyValueSpecification","valueRequired":true,"valueName":"search_term_string"}}],"inLanguage":"fr-FR"},{"@type":"Organization","@id":"https:\/\/www.public.sn\/#organization","name":"LE PUBLIC","url":"https:\/\/www.public.sn\/","logo":{"@type":"ImageObject","inLanguage":"fr-FR","@id":"https:\/\/www.public.sn\/#\/schema\/logo\/image\/","url":"https:\/\/www.public.sn\/wp-content\/uploads\/2024\/05\/cropped-LOGO-PUBLIC.SN_.png","contentUrl":"https:\/\/www.public.sn\/wp-content\/uploads\/2024\/05\/cropped-LOGO-PUBLIC.SN_.png","width":682,"height":192,"caption":"LE PUBLIC"},"image":{"@id":"https:\/\/www.public.sn\/#\/schema\/logo\/image\/"}},{"@type":"Person","@id":"https:\/\/www.public.sn\/#\/schema\/person\/cb76c8e1b8becc6be61fb5e92d6d0224","name":"LA REDACTION","image":{"@type":"ImageObject","inLanguage":"fr-FR","@id":"https:\/\/www.public.sn\/#\/schema\/person\/image\/","url":"https:\/\/secure.gravatar.com\/avatar\/2dce5ddd34b8fef0180efe03aa2a9bee7d953856048f9a16b298190a3178407c?s=96&d=mm&r=g","contentUrl":"https:\/\/secure.gravatar.com\/avatar\/2dce5ddd34b8fef0180efe03aa2a9bee7d953856048f9a16b298190a3178407c?s=96&d=mm&r=g","caption":"LA REDACTION"},"url":"https:\/\/www.public.sn\/index.php\/author\/editeurpsn\/"}]}},"jetpack_featured_media_url":"https:\/\/www.public.sn\/wp-content\/uploads\/2022\/12\/sonko-et-adji-sarr.jpg","jetpack_sharing_enabled":true,"_links":{"self":[{"href":"https:\/\/www.public.sn\/index.php\/wp-json\/wp\/v2\/posts\/10738","targetHints":{"allow":["GET"]}}],"collection":[{"href":"https:\/\/www.public.sn\/index.php\/wp-json\/wp\/v2\/posts"}],"about":[{"href":"https:\/\/www.public.sn\/index.php\/wp-json\/wp\/v2\/types\/post"}],"author":[{"embeddable":true,"href":"https:\/\/www.public.sn\/index.php\/wp-json\/wp\/v2\/users\/7"}],"replies":[{"embeddable":true,"href":"https:\/\/www.public.sn\/index.php\/wp-json\/wp\/v2\/comments?post=10738"}],"version-history":[{"count":3,"href":"https:\/\/www.public.sn\/index.php\/wp-json\/wp\/v2\/posts\/10738\/revisions"}],"predecessor-version":[{"id":10743,"href":"https:\/\/www.public.sn\/index.php\/wp-json\/wp\/v2\/posts\/10738\/revisions\/10743"}],"wp:featuredmedia":[{"embeddable":true,"href":"https:\/\/www.public.sn\/index.php\/wp-json\/wp\/v2\/media\/10739"}],"wp:attachment":[{"href":"https:\/\/www.public.sn\/index.php\/wp-json\/wp\/v2\/media?parent=10738"}],"wp:term":[{"taxonomy":"category","embeddable":true,"href":"https:\/\/www.public.sn\/index.php\/wp-json\/wp\/v2\/categories?post=10738"},{"taxonomy":"post_tag","embeddable":true,"href":"https:\/\/www.public.sn\/index.php\/wp-json\/wp\/v2\/tags?post=10738"}],"curies":[{"name":"wp","href":"https:\/\/api.w.org\/{rel}","templated":true}]}}