{"id":10816,"date":"2022-12-01T18:00:45","date_gmt":"2022-12-01T18:00:45","guid":{"rendered":"https:\/\/www.public.sn\/?p=10816"},"modified":"2022-12-01T18:08:54","modified_gmt":"2022-12-01T18:08:54","slug":"bagarre-a-la-n-le-forum-du-justiciable-indigne","status":"publish","type":"post","link":"https:\/\/www.public.sn\/index.php\/2022\/12\/01\/bagarre-a-la-n-le-forum-du-justiciable-indigne\/","title":{"rendered":"Bagarre \u00e0 l&rsquo;A. N : Le forum du justiciable indign\u00e9."},"content":{"rendered":"\n<p><\/p>\n\n\n\n<p><strong>Dans un communiqu\u00e9 le forum du Justiciable d\u00e9nonce avec vigueur la bagarre qui s\u2019est pass\u00e9e \u00e0 l\u2019Assembl\u00e9e Nationale. Cela a ab\u00eem\u00e9e voire d\u00e9tricot\u00e9e \u00e0 mille morceaux l\u2019Assembl\u00e9e nationale\u201d<\/strong><\/p><div class=\"publi-paragraphe1\" style=\"margin-top: 10px;margin-bottom: 10px;margin-left: auto;margin-right: auto;text-align: center;\" id=\"publi-3563285143\"><div class=\"publi-adlabel\">Publicit\u00e9<\/div><script async src=\"\/\/pagead2.googlesyndication.com\/pagead\/js\/adsbygoogle.js?client=ca-pub-4089586018074219\" crossorigin=\"anonymous\"><\/script><ins class=\"adsbygoogle\" style=\"display:block;\" data-ad-client=\"ca-pub-4089586018074219\" \ndata-ad-slot=\"2087940154\" \ndata-ad-format=\"auto\"><\/ins>\n<script> \n(adsbygoogle = window.adsbygoogle || []).push({}); \n<\/script>\n<\/div>\n\n\n\n<p><\/p>\n\n\n\n<p>\u201cCe jeudi 1er d\u00e9cembre, lors du vote du budget du minist\u00e8re de la justice, l\u2019assembl\u00e9e nationale a \u00e9t\u00e9 le th\u00e9\u00e2tre d\u2019un spectacle vil, odieux, inf\u00e2me, et d\u00e9shonorant dont les acteurs ne sont autres que nos d\u00e9put\u00e9s nouvellement \u00e9lus.<\/p>\n\n\n\n<p><\/p>\n\n\n\n<p> Les s\u00e9n\u00e9galais fondaient beaucoup d&rsquo;espoirs sur cette nouvelle l\u00e9gislature qu&rsquo;ils esp\u00e9raient \u00eatre une assembl\u00e9e nationale de rupture o\u00f9 les d\u00e9bats d&rsquo;id\u00e9es prendront le dessus sur les invectives et les incivilit\u00e9s. Aujourd\u2019hui, le d\u00e9senchantement est le sentiment le mieux partag\u00e9 par les s\u00e9n\u00e9galais apr\u00e8s cette sc\u00e8ne d\u00e9sastreuse que nous ont servie nos d\u00e9put\u00e9s. L\u2019image de notre assembl\u00e9e nationale est ab\u00eem\u00e9e voire d\u00e9tricot\u00e9e \u00e0 mille morceaux.<\/p>\n\n\n\n<p><\/p>\n\n\n\n<p>A cet effet, le Forum du Justiciable :<\/p>\n\n\n\n<p>CONDAMNE fermement ce qui se passe \u00e0 l&rsquo;Assembl\u00e9e nationale (invectives, insultes, bagarres attaques entre groupes parlementaires, r\u00e8glements de comptes entre d\u00e9put\u00e9s\u2026) ;<\/p>\n\n\n\n<p><\/p>\n\n\n\n<p>RAPELLE que L\u2019Assembl\u00e9e nationale du S\u00e9n\u00e9gal est la deuxi\u00e8me autorit\u00e9 constitutionnelle, en vertu de l\u2019article 6 de la Constitution ;<\/p>\n\n\n\n<p><\/p>\n\n\n\n<p>APPELLE, les d\u00e9put\u00e9s de tous bords, \u00e0 la retenue et au respect de l&rsquo;institution parlementaire ;<\/p>\n\n\n\n<p><\/p>\n\n\n\n<p>EXIGE le respect et la sauvegarde des valeurs r\u00e9publicaines.<\/p>\n\n\n\n<p>Boubacar Ba Pr\u00e9sident du Forum du Justiciable.<\/p>\n<div class=\"publi-apres-le-contenu\" style=\"margin-top: 10px;margin-bottom: 10px;margin-left: auto;margin-right: auto;text-align: center;\" id=\"publi-2705594379\"><div class=\"publi-adlabel\">Publicit\u00e9<\/div><script async src=\"\/\/pagead2.googlesyndication.com\/pagead\/js\/adsbygoogle.js?client=ca-pub-4089586018074219\" crossorigin=\"anonymous\"><\/script><ins class=\"adsbygoogle\" style=\"display:block;\" data-ad-client=\"ca-pub-4089586018074219\" \ndata-ad-slot=\"2087940154\" \ndata-ad-format=\"auto\"><\/ins>\n<script> \n(adsbygoogle = window.adsbygoogle || []).push({}); \n<\/script>\n<\/div>","protected":false},"excerpt":{"rendered":"<p>Dans un communiqu\u00e9 le forum du Justiciable d\u00e9nonce avec vigueur la bagarre qui s\u2019est pass\u00e9e \u00e0 l\u2019Assembl\u00e9e Nationale. Cela a ab\u00eem\u00e9e voire d\u00e9tricot\u00e9e \u00e0 mille morceaux l\u2019Assembl\u00e9e nationale\u201d \u201cCe jeudi 1er d\u00e9cembre, lors du vote du budget du minist\u00e8re de la justice, l\u2019assembl\u00e9e nationale a \u00e9t\u00e9 le th\u00e9\u00e2tre d\u2019un spectacle vil, odieux, inf\u00e2me, et d\u00e9shonorant dont les acteurs ne sont autres que nos d\u00e9put\u00e9s nouvellement \u00e9lus. Les s\u00e9n\u00e9galais fondaient beaucoup d&rsquo;espoirs sur cette nouvelle l\u00e9gislature qu&rsquo;ils esp\u00e9raient \u00eatre une assembl\u00e9e nationale de rupture o\u00f9 les d\u00e9bats d&rsquo;id\u00e9es prendront le dessus sur les invectives et les incivilit\u00e9s. Aujourd\u2019hui, le d\u00e9senchantement est le sentiment le mieux partag\u00e9 par les s\u00e9n\u00e9galais apr\u00e8s cette sc\u00e8ne d\u00e9sastreuse que nous ont servie nos d\u00e9put\u00e9s. L\u2019image de notre assembl\u00e9e nationale est ab\u00eem\u00e9e voire d\u00e9tricot\u00e9e \u00e0 mille morceaux. A cet effet, le Forum du Justiciable : CONDAMNE fermement ce qui se passe \u00e0 l&rsquo;Assembl\u00e9e nationale (invectives, insultes, bagarres attaques entre groupes parlementaires, r\u00e8glements de comptes entre d\u00e9put\u00e9s\u2026) ; RAPELLE que L\u2019Assembl\u00e9e nationale du S\u00e9n\u00e9gal est la deuxi\u00e8me autorit\u00e9 constitutionnelle, en vertu de l\u2019article 6 de la Constitution ; APPELLE, les d\u00e9put\u00e9s de tous bords, \u00e0 la retenue et au respect de l&rsquo;institution parlementaire ; EXIGE le respect et la sauvegarde des valeurs r\u00e9publicaines. Boubacar Ba Pr\u00e9sident du Forum du Justiciable.<\/p>\n","protected":false},"author":7,"featured_media":10817,"comment_status":"open","ping_status":"open","sticky":false,"template":"","format":"standard","meta":{"_jetpack_memberships_contains_paid_content":false,"footnotes":""},"categories":[375,1,4],"tags":[3565,1192,2350],"class_list":["post-10816","post","type-post","status-publish","format-standard","has-post-thumbnail","hentry","category-actualites","category-non-classe","category-societe","tag-assemble-nationale","tag-bagarre","tag-forum-du-justiciable","entry","has-media","owp-thumbs-layout-horizontal","owp-btn-normal","owp-tabs-layout-horizontal","has-no-thumbnails","has-product-nav"],"yoast_head":"<!-- This site is optimized with the Yoast SEO plugin v25.5 - https:\/\/yoast.com\/wordpress\/plugins\/seo\/ -->\n<title>Bagarre \u00e0 l&#039;A. N : Le forum du justiciable indign\u00e9. - LE PUBLIC<\/title>\n<meta name=\"robots\" content=\"index, follow, max-snippet:-1, max-image-preview:large, max-video-preview:-1\" \/>\n<link rel=\"canonical\" href=\"https:\/\/www.public.sn\/index.php\/2022\/12\/01\/bagarre-a-la-n-le-forum-du-justiciable-indigne\/\" \/>\n<meta property=\"og:locale\" content=\"fr_FR\" \/>\n<meta property=\"og:type\" content=\"article\" \/>\n<meta property=\"og:title\" content=\"Bagarre \u00e0 l&#039;A. N : Le forum du justiciable indign\u00e9. - LE PUBLIC\" \/>\n<meta property=\"og:description\" content=\"Dans un communiqu\u00e9 le forum du Justiciable d\u00e9nonce avec vigueur la bagarre qui s\u2019est pass\u00e9e \u00e0 l\u2019Assembl\u00e9e Nationale. Cela a ab\u00eem\u00e9e voire d\u00e9tricot\u00e9e \u00e0 mille morceaux l\u2019Assembl\u00e9e nationale\u201d \u201cCe jeudi 1er d\u00e9cembre, lors du vote du budget du minist\u00e8re de la justice, l\u2019assembl\u00e9e nationale a \u00e9t\u00e9 le th\u00e9\u00e2tre d\u2019un spectacle vil, odieux, inf\u00e2me, et d\u00e9shonorant dont les acteurs ne sont autres que nos d\u00e9put\u00e9s nouvellement \u00e9lus. Les s\u00e9n\u00e9galais fondaient beaucoup d&rsquo;espoirs sur cette nouvelle l\u00e9gislature qu&rsquo;ils esp\u00e9raient \u00eatre une assembl\u00e9e nationale de rupture o\u00f9 les d\u00e9bats d&rsquo;id\u00e9es prendront le dessus sur les invectives et les incivilit\u00e9s. Aujourd\u2019hui, le d\u00e9senchantement est le sentiment le mieux partag\u00e9 par les s\u00e9n\u00e9galais apr\u00e8s cette sc\u00e8ne d\u00e9sastreuse que nous ont servie nos d\u00e9put\u00e9s. L\u2019image de notre assembl\u00e9e nationale est ab\u00eem\u00e9e voire d\u00e9tricot\u00e9e \u00e0 mille morceaux. A cet effet, le Forum du Justiciable : CONDAMNE fermement ce qui se passe \u00e0 l&rsquo;Assembl\u00e9e nationale (invectives, insultes, bagarres attaques entre groupes parlementaires, r\u00e8glements de comptes entre d\u00e9put\u00e9s\u2026) ; RAPELLE que L\u2019Assembl\u00e9e nationale du S\u00e9n\u00e9gal est la deuxi\u00e8me autorit\u00e9 constitutionnelle, en vertu de l\u2019article 6 de la Constitution ; APPELLE, les d\u00e9put\u00e9s de tous bords, \u00e0 la retenue et au respect de l&rsquo;institution parlementaire ; EXIGE le respect et la sauvegarde des valeurs r\u00e9publicaines. Boubacar Ba Pr\u00e9sident du Forum du Justiciable.\" \/>\n<meta property=\"og:url\" content=\"https:\/\/www.public.sn\/index.php\/2022\/12\/01\/bagarre-a-la-n-le-forum-du-justiciable-indigne\/\" \/>\n<meta property=\"og:site_name\" content=\"LE PUBLIC\" \/>\n<meta property=\"article:published_time\" content=\"2022-12-01T18:00:45+00:00\" \/>\n<meta property=\"article:modified_time\" content=\"2022-12-01T18:08:54+00:00\" \/>\n<meta property=\"og:image\" content=\"https:\/\/www.public.sn\/wp-content\/uploads\/2022\/12\/boubacar-ba.jpg\" \/>\n\t<meta property=\"og:image:width\" content=\"322\" \/>\n\t<meta property=\"og:image:height\" content=\"157\" \/>\n\t<meta property=\"og:image:type\" content=\"image\/jpeg\" \/>\n<meta name=\"author\" content=\"LA REDACTION\" \/>\n<meta name=\"twitter:card\" content=\"summary_large_image\" \/>\n<meta name=\"twitter:label1\" content=\"\u00c9crit par\" \/>\n\t<meta name=\"twitter:data1\" content=\"LA REDACTION\" \/>\n\t<meta name=\"twitter:label2\" content=\"Dur\u00e9e de lecture estim\u00e9e\" \/>\n\t<meta name=\"twitter:data2\" content=\"2 minutes\" \/>\n<script type=\"application\/ld+json\" class=\"yoast-schema-graph\">{\"@context\":\"https:\/\/schema.org\",\"@graph\":[{\"@type\":\"Article\",\"@id\":\"https:\/\/www.public.sn\/index.php\/2022\/12\/01\/bagarre-a-la-n-le-forum-du-justiciable-indigne\/#article\",\"isPartOf\":{\"@id\":\"https:\/\/www.public.sn\/index.php\/2022\/12\/01\/bagarre-a-la-n-le-forum-du-justiciable-indigne\/\"},\"author\":{\"name\":\"LA REDACTION\",\"@id\":\"https:\/\/www.public.sn\/#\/schema\/person\/cb76c8e1b8becc6be61fb5e92d6d0224\"},\"headline\":\"Bagarre \u00e0 l&rsquo;A. N : Le forum du justiciable indign\u00e9.\",\"datePublished\":\"2022-12-01T18:00:45+00:00\",\"dateModified\":\"2022-12-01T18:08:54+00:00\",\"mainEntityOfPage\":{\"@id\":\"https:\/\/www.public.sn\/index.php\/2022\/12\/01\/bagarre-a-la-n-le-forum-du-justiciable-indigne\/\"},\"wordCount\":268,\"commentCount\":1,\"publisher\":{\"@id\":\"https:\/\/www.public.sn\/#organization\"},\"image\":{\"@id\":\"https:\/\/www.public.sn\/index.php\/2022\/12\/01\/bagarre-a-la-n-le-forum-du-justiciable-indigne\/#primaryimage\"},\"thumbnailUrl\":\"https:\/\/www.public.sn\/wp-content\/uploads\/2022\/12\/boubacar-ba.jpg\",\"keywords\":[\"assemble nationale\",\"bagarre\",\"forum du justiciable\"],\"articleSection\":[\"ACTUALIT\u00c9S\",\"S\u00c9N\u00c9GAL\",\"SOCIETE\"],\"inLanguage\":\"fr-FR\",\"potentialAction\":[{\"@type\":\"CommentAction\",\"name\":\"Comment\",\"target\":[\"https:\/\/www.public.sn\/index.php\/2022\/12\/01\/bagarre-a-la-n-le-forum-du-justiciable-indigne\/#respond\"]}]},{\"@type\":\"WebPage\",\"@id\":\"https:\/\/www.public.sn\/index.php\/2022\/12\/01\/bagarre-a-la-n-le-forum-du-justiciable-indigne\/\",\"url\":\"https:\/\/www.public.sn\/index.php\/2022\/12\/01\/bagarre-a-la-n-le-forum-du-justiciable-indigne\/\",\"name\":\"Bagarre \u00e0 l'A. N : Le forum du justiciable indign\u00e9. - LE PUBLIC\",\"isPartOf\":{\"@id\":\"https:\/\/www.public.sn\/#website\"},\"primaryImageOfPage\":{\"@id\":\"https:\/\/www.public.sn\/index.php\/2022\/12\/01\/bagarre-a-la-n-le-forum-du-justiciable-indigne\/#primaryimage\"},\"image\":{\"@id\":\"https:\/\/www.public.sn\/index.php\/2022\/12\/01\/bagarre-a-la-n-le-forum-du-justiciable-indigne\/#primaryimage\"},\"thumbnailUrl\":\"https:\/\/www.public.sn\/wp-content\/uploads\/2022\/12\/boubacar-ba.jpg\",\"datePublished\":\"2022-12-01T18:00:45+00:00\",\"dateModified\":\"2022-12-01T18:08:54+00:00\",\"breadcrumb\":{\"@id\":\"https:\/\/www.public.sn\/index.php\/2022\/12\/01\/bagarre-a-la-n-le-forum-du-justiciable-indigne\/#breadcrumb\"},\"inLanguage\":\"fr-FR\",\"potentialAction\":[{\"@type\":\"ReadAction\",\"target\":[\"https:\/\/www.public.sn\/index.php\/2022\/12\/01\/bagarre-a-la-n-le-forum-du-justiciable-indigne\/\"]}]},{\"@type\":\"ImageObject\",\"inLanguage\":\"fr-FR\",\"@id\":\"https:\/\/www.public.sn\/index.php\/2022\/12\/01\/bagarre-a-la-n-le-forum-du-justiciable-indigne\/#primaryimage\",\"url\":\"https:\/\/www.public.sn\/wp-content\/uploads\/2022\/12\/boubacar-ba.jpg\",\"contentUrl\":\"https:\/\/www.public.sn\/wp-content\/uploads\/2022\/12\/boubacar-ba.jpg\",\"width\":322,\"height\":157,\"caption\":\"publicsn\"},{\"@type\":\"BreadcrumbList\",\"@id\":\"https:\/\/www.public.sn\/index.php\/2022\/12\/01\/bagarre-a-la-n-le-forum-du-justiciable-indigne\/#breadcrumb\",\"itemListElement\":[{\"@type\":\"ListItem\",\"position\":1,\"name\":\"Accueil\",\"item\":\"https:\/\/www.public.sn\/\"},{\"@type\":\"ListItem\",\"position\":2,\"name\":\"Bagarre \u00e0 l&rsquo;A. N : Le forum du justiciable indign\u00e9.\"}]},{\"@type\":\"WebSite\",\"@id\":\"https:\/\/www.public.sn\/#website\",\"url\":\"https:\/\/www.public.sn\/\",\"name\":\"LE PUBLIC\",\"description\":\"\",\"publisher\":{\"@id\":\"https:\/\/www.public.sn\/#organization\"},\"potentialAction\":[{\"@type\":\"SearchAction\",\"target\":{\"@type\":\"EntryPoint\",\"urlTemplate\":\"https:\/\/www.public.sn\/?s={search_term_string}\"},\"query-input\":{\"@type\":\"PropertyValueSpecification\",\"valueRequired\":true,\"valueName\":\"search_term_string\"}}],\"inLanguage\":\"fr-FR\"},{\"@type\":\"Organization\",\"@id\":\"https:\/\/www.public.sn\/#organization\",\"name\":\"LE PUBLIC\",\"url\":\"https:\/\/www.public.sn\/\",\"logo\":{\"@type\":\"ImageObject\",\"inLanguage\":\"fr-FR\",\"@id\":\"https:\/\/www.public.sn\/#\/schema\/logo\/image\/\",\"url\":\"https:\/\/www.public.sn\/wp-content\/uploads\/2024\/05\/cropped-LOGO-PUBLIC.SN_.png\",\"contentUrl\":\"https:\/\/www.public.sn\/wp-content\/uploads\/2024\/05\/cropped-LOGO-PUBLIC.SN_.png\",\"width\":682,\"height\":192,\"caption\":\"LE PUBLIC\"},\"image\":{\"@id\":\"https:\/\/www.public.sn\/#\/schema\/logo\/image\/\"}},{\"@type\":\"Person\",\"@id\":\"https:\/\/www.public.sn\/#\/schema\/person\/cb76c8e1b8becc6be61fb5e92d6d0224\",\"name\":\"LA REDACTION\",\"image\":{\"@type\":\"ImageObject\",\"inLanguage\":\"fr-FR\",\"@id\":\"https:\/\/www.public.sn\/#\/schema\/person\/image\/\",\"url\":\"https:\/\/secure.gravatar.com\/avatar\/2dce5ddd34b8fef0180efe03aa2a9bee7d953856048f9a16b298190a3178407c?s=96&d=mm&r=g\",\"contentUrl\":\"https:\/\/secure.gravatar.com\/avatar\/2dce5ddd34b8fef0180efe03aa2a9bee7d953856048f9a16b298190a3178407c?s=96&d=mm&r=g\",\"caption\":\"LA REDACTION\"},\"url\":\"https:\/\/www.public.sn\/index.php\/author\/editeurpsn\/\"}]}<\/script>\n<!-- \/ Yoast SEO plugin. -->","yoast_head_json":{"title":"Bagarre \u00e0 l'A. N : Le forum du justiciable indign\u00e9. - LE PUBLIC","robots":{"index":"index","follow":"follow","max-snippet":"max-snippet:-1","max-image-preview":"max-image-preview:large","max-video-preview":"max-video-preview:-1"},"canonical":"https:\/\/www.public.sn\/index.php\/2022\/12\/01\/bagarre-a-la-n-le-forum-du-justiciable-indigne\/","og_locale":"fr_FR","og_type":"article","og_title":"Bagarre \u00e0 l'A. N : Le forum du justiciable indign\u00e9. - LE PUBLIC","og_description":"Dans un communiqu\u00e9 le forum du Justiciable d\u00e9nonce avec vigueur la bagarre qui s\u2019est pass\u00e9e \u00e0 l\u2019Assembl\u00e9e Nationale. Cela a ab\u00eem\u00e9e voire d\u00e9tricot\u00e9e \u00e0 mille morceaux l\u2019Assembl\u00e9e nationale\u201d \u201cCe jeudi 1er d\u00e9cembre, lors du vote du budget du minist\u00e8re de la justice, l\u2019assembl\u00e9e nationale a \u00e9t\u00e9 le th\u00e9\u00e2tre d\u2019un spectacle vil, odieux, inf\u00e2me, et d\u00e9shonorant dont les acteurs ne sont autres que nos d\u00e9put\u00e9s nouvellement \u00e9lus. Les s\u00e9n\u00e9galais fondaient beaucoup d&rsquo;espoirs sur cette nouvelle l\u00e9gislature qu&rsquo;ils esp\u00e9raient \u00eatre une assembl\u00e9e nationale de rupture o\u00f9 les d\u00e9bats d&rsquo;id\u00e9es prendront le dessus sur les invectives et les incivilit\u00e9s. Aujourd\u2019hui, le d\u00e9senchantement est le sentiment le mieux partag\u00e9 par les s\u00e9n\u00e9galais apr\u00e8s cette sc\u00e8ne d\u00e9sastreuse que nous ont servie nos d\u00e9put\u00e9s. L\u2019image de notre assembl\u00e9e nationale est ab\u00eem\u00e9e voire d\u00e9tricot\u00e9e \u00e0 mille morceaux. A cet effet, le Forum du Justiciable : CONDAMNE fermement ce qui se passe \u00e0 l&rsquo;Assembl\u00e9e nationale (invectives, insultes, bagarres attaques entre groupes parlementaires, r\u00e8glements de comptes entre d\u00e9put\u00e9s\u2026) ; RAPELLE que L\u2019Assembl\u00e9e nationale du S\u00e9n\u00e9gal est la deuxi\u00e8me autorit\u00e9 constitutionnelle, en vertu de l\u2019article 6 de la Constitution ; APPELLE, les d\u00e9put\u00e9s de tous bords, \u00e0 la retenue et au respect de l&rsquo;institution parlementaire ; EXIGE le respect et la sauvegarde des valeurs r\u00e9publicaines. Boubacar Ba Pr\u00e9sident du Forum du Justiciable.","og_url":"https:\/\/www.public.sn\/index.php\/2022\/12\/01\/bagarre-a-la-n-le-forum-du-justiciable-indigne\/","og_site_name":"LE PUBLIC","article_published_time":"2022-12-01T18:00:45+00:00","article_modified_time":"2022-12-01T18:08:54+00:00","og_image":[{"width":322,"height":157,"url":"https:\/\/www.public.sn\/wp-content\/uploads\/2022\/12\/boubacar-ba.jpg","type":"image\/jpeg"}],"author":"LA REDACTION","twitter_card":"summary_large_image","twitter_misc":{"\u00c9crit par":"LA REDACTION","Dur\u00e9e de lecture estim\u00e9e":"2 minutes"},"schema":{"@context":"https:\/\/schema.org","@graph":[{"@type":"Article","@id":"https:\/\/www.public.sn\/index.php\/2022\/12\/01\/bagarre-a-la-n-le-forum-du-justiciable-indigne\/#article","isPartOf":{"@id":"https:\/\/www.public.sn\/index.php\/2022\/12\/01\/bagarre-a-la-n-le-forum-du-justiciable-indigne\/"},"author":{"name":"LA REDACTION","@id":"https:\/\/www.public.sn\/#\/schema\/person\/cb76c8e1b8becc6be61fb5e92d6d0224"},"headline":"Bagarre \u00e0 l&rsquo;A. N : Le forum du justiciable indign\u00e9.","datePublished":"2022-12-01T18:00:45+00:00","dateModified":"2022-12-01T18:08:54+00:00","mainEntityOfPage":{"@id":"https:\/\/www.public.sn\/index.php\/2022\/12\/01\/bagarre-a-la-n-le-forum-du-justiciable-indigne\/"},"wordCount":268,"commentCount":1,"publisher":{"@id":"https:\/\/www.public.sn\/#organization"},"image":{"@id":"https:\/\/www.public.sn\/index.php\/2022\/12\/01\/bagarre-a-la-n-le-forum-du-justiciable-indigne\/#primaryimage"},"thumbnailUrl":"https:\/\/www.public.sn\/wp-content\/uploads\/2022\/12\/boubacar-ba.jpg","keywords":["assemble nationale","bagarre","forum du justiciable"],"articleSection":["ACTUALIT\u00c9S","S\u00c9N\u00c9GAL","SOCIETE"],"inLanguage":"fr-FR","potentialAction":[{"@type":"CommentAction","name":"Comment","target":["https:\/\/www.public.sn\/index.php\/2022\/12\/01\/bagarre-a-la-n-le-forum-du-justiciable-indigne\/#respond"]}]},{"@type":"WebPage","@id":"https:\/\/www.public.sn\/index.php\/2022\/12\/01\/bagarre-a-la-n-le-forum-du-justiciable-indigne\/","url":"https:\/\/www.public.sn\/index.php\/2022\/12\/01\/bagarre-a-la-n-le-forum-du-justiciable-indigne\/","name":"Bagarre \u00e0 l'A. N : Le forum du justiciable indign\u00e9. - LE PUBLIC","isPartOf":{"@id":"https:\/\/www.public.sn\/#website"},"primaryImageOfPage":{"@id":"https:\/\/www.public.sn\/index.php\/2022\/12\/01\/bagarre-a-la-n-le-forum-du-justiciable-indigne\/#primaryimage"},"image":{"@id":"https:\/\/www.public.sn\/index.php\/2022\/12\/01\/bagarre-a-la-n-le-forum-du-justiciable-indigne\/#primaryimage"},"thumbnailUrl":"https:\/\/www.public.sn\/wp-content\/uploads\/2022\/12\/boubacar-ba.jpg","datePublished":"2022-12-01T18:00:45+00:00","dateModified":"2022-12-01T18:08:54+00:00","breadcrumb":{"@id":"https:\/\/www.public.sn\/index.php\/2022\/12\/01\/bagarre-a-la-n-le-forum-du-justiciable-indigne\/#breadcrumb"},"inLanguage":"fr-FR","potentialAction":[{"@type":"ReadAction","target":["https:\/\/www.public.sn\/index.php\/2022\/12\/01\/bagarre-a-la-n-le-forum-du-justiciable-indigne\/"]}]},{"@type":"ImageObject","inLanguage":"fr-FR","@id":"https:\/\/www.public.sn\/index.php\/2022\/12\/01\/bagarre-a-la-n-le-forum-du-justiciable-indigne\/#primaryimage","url":"https:\/\/www.public.sn\/wp-content\/uploads\/2022\/12\/boubacar-ba.jpg","contentUrl":"https:\/\/www.public.sn\/wp-content\/uploads\/2022\/12\/boubacar-ba.jpg","width":322,"height":157,"caption":"publicsn"},{"@type":"BreadcrumbList","@id":"https:\/\/www.public.sn\/index.php\/2022\/12\/01\/bagarre-a-la-n-le-forum-du-justiciable-indigne\/#breadcrumb","itemListElement":[{"@type":"ListItem","position":1,"name":"Accueil","item":"https:\/\/www.public.sn\/"},{"@type":"ListItem","position":2,"name":"Bagarre \u00e0 l&rsquo;A. N : Le forum du justiciable indign\u00e9."}]},{"@type":"WebSite","@id":"https:\/\/www.public.sn\/#website","url":"https:\/\/www.public.sn\/","name":"LE PUBLIC","description":"","publisher":{"@id":"https:\/\/www.public.sn\/#organization"},"potentialAction":[{"@type":"SearchAction","target":{"@type":"EntryPoint","urlTemplate":"https:\/\/www.public.sn\/?s={search_term_string}"},"query-input":{"@type":"PropertyValueSpecification","valueRequired":true,"valueName":"search_term_string"}}],"inLanguage":"fr-FR"},{"@type":"Organization","@id":"https:\/\/www.public.sn\/#organization","name":"LE PUBLIC","url":"https:\/\/www.public.sn\/","logo":{"@type":"ImageObject","inLanguage":"fr-FR","@id":"https:\/\/www.public.sn\/#\/schema\/logo\/image\/","url":"https:\/\/www.public.sn\/wp-content\/uploads\/2024\/05\/cropped-LOGO-PUBLIC.SN_.png","contentUrl":"https:\/\/www.public.sn\/wp-content\/uploads\/2024\/05\/cropped-LOGO-PUBLIC.SN_.png","width":682,"height":192,"caption":"LE PUBLIC"},"image":{"@id":"https:\/\/www.public.sn\/#\/schema\/logo\/image\/"}},{"@type":"Person","@id":"https:\/\/www.public.sn\/#\/schema\/person\/cb76c8e1b8becc6be61fb5e92d6d0224","name":"LA REDACTION","image":{"@type":"ImageObject","inLanguage":"fr-FR","@id":"https:\/\/www.public.sn\/#\/schema\/person\/image\/","url":"https:\/\/secure.gravatar.com\/avatar\/2dce5ddd34b8fef0180efe03aa2a9bee7d953856048f9a16b298190a3178407c?s=96&d=mm&r=g","contentUrl":"https:\/\/secure.gravatar.com\/avatar\/2dce5ddd34b8fef0180efe03aa2a9bee7d953856048f9a16b298190a3178407c?s=96&d=mm&r=g","caption":"LA REDACTION"},"url":"https:\/\/www.public.sn\/index.php\/author\/editeurpsn\/"}]}},"jetpack_featured_media_url":"https:\/\/www.public.sn\/wp-content\/uploads\/2022\/12\/boubacar-ba.jpg","jetpack_sharing_enabled":true,"_links":{"self":[{"href":"https:\/\/www.public.sn\/index.php\/wp-json\/wp\/v2\/posts\/10816","targetHints":{"allow":["GET"]}}],"collection":[{"href":"https:\/\/www.public.sn\/index.php\/wp-json\/wp\/v2\/posts"}],"about":[{"href":"https:\/\/www.public.sn\/index.php\/wp-json\/wp\/v2\/types\/post"}],"author":[{"embeddable":true,"href":"https:\/\/www.public.sn\/index.php\/wp-json\/wp\/v2\/users\/7"}],"replies":[{"embeddable":true,"href":"https:\/\/www.public.sn\/index.php\/wp-json\/wp\/v2\/comments?post=10816"}],"version-history":[{"count":2,"href":"https:\/\/www.public.sn\/index.php\/wp-json\/wp\/v2\/posts\/10816\/revisions"}],"predecessor-version":[{"id":10819,"href":"https:\/\/www.public.sn\/index.php\/wp-json\/wp\/v2\/posts\/10816\/revisions\/10819"}],"wp:featuredmedia":[{"embeddable":true,"href":"https:\/\/www.public.sn\/index.php\/wp-json\/wp\/v2\/media\/10817"}],"wp:attachment":[{"href":"https:\/\/www.public.sn\/index.php\/wp-json\/wp\/v2\/media?parent=10816"}],"wp:term":[{"taxonomy":"category","embeddable":true,"href":"https:\/\/www.public.sn\/index.php\/wp-json\/wp\/v2\/categories?post=10816"},{"taxonomy":"post_tag","embeddable":true,"href":"https:\/\/www.public.sn\/index.php\/wp-json\/wp\/v2\/tags?post=10816"}],"curies":[{"name":"wp","href":"https:\/\/api.w.org\/{rel}","templated":true}]}}