{"id":10820,"date":"2022-12-01T18:15:53","date_gmt":"2022-12-01T18:15:53","guid":{"rendered":"https:\/\/www.public.sn\/?p=10820"},"modified":"2022-12-01T18:16:13","modified_gmt":"2022-12-01T18:16:13","slug":"qatar-le-maroc-obtient-sa-qualification","status":"publish","type":"post","link":"https:\/\/www.public.sn\/index.php\/2022\/12\/01\/qatar-le-maroc-obtient-sa-qualification\/","title":{"rendered":"Qatar\u00a0: Le Maroc obtient sa qualification en 8eme de finale."},"content":{"rendered":"\n<p><\/p>\n\n\n\n<p>Le Maroc, vainqueur du Canada 2 \u00e0 1, s&rsquo;est qualifi\u00e9 ce \u00a0jeudi pour les huiti\u00e8mes de finale du Mondial 2022 et finit premier du groupe F. donc apr\u00e8s le S\u00e9n\u00e9gal, le Maroc devient le deuxi\u00e8me pays africain \u00e0 se qualifier pour les huiti\u00e8mes de finale.<\/p><div class=\"publi-paragraphe1\" style=\"margin-top: 10px;margin-bottom: 10px;margin-left: auto;margin-right: auto;text-align: center;\" id=\"publi-1983870328\"><div class=\"publi-adlabel\">Publicit\u00e9<\/div><script async src=\"\/\/pagead2.googlesyndication.com\/pagead\/js\/adsbygoogle.js?client=ca-pub-4089586018074219\" crossorigin=\"anonymous\"><\/script><ins class=\"adsbygoogle\" style=\"display:block;\" data-ad-client=\"ca-pub-4089586018074219\" \ndata-ad-slot=\"2087940154\" \ndata-ad-format=\"auto\"><\/ins>\n<script> \n(adsbygoogle = window.adsbygoogle || []).push({}); \n<\/script>\n<\/div>\n\n\n\n<p><\/p>\n\n\n\n<p>Les buts de l\u2019\u00e9quipe marocaine ont \u00e9t\u00e9 marqu\u00e9s &nbsp;par Hakim Ziyech (4e) et Youssef En Nesyri (23e) avant que Nayef Aguerd ne r\u00e9duise le score pour le Canada en trompant son propre gardien (40e).<\/p>\n\n\n\n<p>Samba Sy.<\/p>\n<div class=\"publi-apres-le-contenu\" style=\"margin-top: 10px;margin-bottom: 10px;margin-left: auto;margin-right: auto;text-align: center;\" id=\"publi-2831226588\"><div class=\"publi-adlabel\">Publicit\u00e9<\/div><script async src=\"\/\/pagead2.googlesyndication.com\/pagead\/js\/adsbygoogle.js?client=ca-pub-4089586018074219\" crossorigin=\"anonymous\"><\/script><ins class=\"adsbygoogle\" style=\"display:block;\" data-ad-client=\"ca-pub-4089586018074219\" \ndata-ad-slot=\"2087940154\" \ndata-ad-format=\"auto\"><\/ins>\n<script> \n(adsbygoogle = window.adsbygoogle || []).push({}); \n<\/script>\n<\/div>","protected":false},"excerpt":{"rendered":"<p>Le Maroc, vainqueur du Canada 2 \u00e0 1, s&rsquo;est qualifi\u00e9 ce \u00a0jeudi pour les huiti\u00e8mes de finale du Mondial 2022 et finit premier du groupe F. donc apr\u00e8s le S\u00e9n\u00e9gal, le Maroc devient le deuxi\u00e8me pays africain \u00e0 se qualifier pour les huiti\u00e8mes de finale. Les buts de l\u2019\u00e9quipe marocaine ont \u00e9t\u00e9 marqu\u00e9s &nbsp;par Hakim Ziyech (4e) et Youssef En Nesyri (23e) avant que Nayef Aguerd ne r\u00e9duise le score pour le Canada en trompant son propre gardien (40e). Samba Sy.<\/p>\n","protected":false},"author":7,"featured_media":10821,"comment_status":"open","ping_status":"open","sticky":false,"template":"","format":"standard","meta":{"_jetpack_memberships_contains_paid_content":false,"footnotes":""},"categories":[375,550,3412,7],"tags":[521,1419,3484],"class_list":["post-10820","post","type-post","status-publish","format-standard","has-post-thumbnail","hentry","category-actualites","category-afrique-monde","category-football","category-sport","tag-maroc","tag-qatar","tag-qualification","entry","has-media","owp-thumbs-layout-horizontal","owp-btn-normal","owp-tabs-layout-horizontal","has-no-thumbnails","has-product-nav"],"yoast_head":"<!-- This site is optimized with the Yoast SEO plugin v25.5 - https:\/\/yoast.com\/wordpress\/plugins\/seo\/ -->\n<title>Qatar\u00a0: Le Maroc obtient sa qualification en 8eme de finale. - LE PUBLIC<\/title>\n<meta name=\"robots\" content=\"index, follow, max-snippet:-1, max-image-preview:large, max-video-preview:-1\" \/>\n<link rel=\"canonical\" href=\"https:\/\/www.public.sn\/index.php\/2022\/12\/01\/qatar-le-maroc-obtient-sa-qualification\/\" \/>\n<meta property=\"og:locale\" content=\"fr_FR\" \/>\n<meta property=\"og:type\" content=\"article\" \/>\n<meta property=\"og:title\" content=\"Qatar\u00a0: Le Maroc obtient sa qualification en 8eme de finale. - LE PUBLIC\" \/>\n<meta property=\"og:description\" content=\"Le Maroc, vainqueur du Canada 2 \u00e0 1, s&rsquo;est qualifi\u00e9 ce \u00a0jeudi pour les huiti\u00e8mes de finale du Mondial 2022 et finit premier du groupe F. donc apr\u00e8s le S\u00e9n\u00e9gal, le Maroc devient le deuxi\u00e8me pays africain \u00e0 se qualifier pour les huiti\u00e8mes de finale. Les buts de l\u2019\u00e9quipe marocaine ont \u00e9t\u00e9 marqu\u00e9s &nbsp;par Hakim Ziyech (4e) et Youssef En Nesyri (23e) avant que Nayef Aguerd ne r\u00e9duise le score pour le Canada en trompant son propre gardien (40e). Samba Sy.\" \/>\n<meta property=\"og:url\" content=\"https:\/\/www.public.sn\/index.php\/2022\/12\/01\/qatar-le-maroc-obtient-sa-qualification\/\" \/>\n<meta property=\"og:site_name\" content=\"LE PUBLIC\" \/>\n<meta property=\"article:published_time\" content=\"2022-12-01T18:15:53+00:00\" \/>\n<meta property=\"article:modified_time\" content=\"2022-12-01T18:16:13+00:00\" \/>\n<meta property=\"og:image\" content=\"https:\/\/www.public.sn\/wp-content\/uploads\/2022\/12\/maroc.jpg\" \/>\n\t<meta property=\"og:image:width\" content=\"612\" \/>\n\t<meta property=\"og:image:height\" content=\"298\" \/>\n\t<meta property=\"og:image:type\" content=\"image\/jpeg\" \/>\n<meta name=\"author\" content=\"LA REDACTION\" \/>\n<meta name=\"twitter:card\" content=\"summary_large_image\" \/>\n<meta name=\"twitter:label1\" content=\"\u00c9crit par\" \/>\n\t<meta name=\"twitter:data1\" content=\"LA REDACTION\" \/>\n\t<meta name=\"twitter:label2\" content=\"Dur\u00e9e de lecture estim\u00e9e\" \/>\n\t<meta name=\"twitter:data2\" content=\"1 minute\" \/>\n<script type=\"application\/ld+json\" class=\"yoast-schema-graph\">{\"@context\":\"https:\/\/schema.org\",\"@graph\":[{\"@type\":\"Article\",\"@id\":\"https:\/\/www.public.sn\/index.php\/2022\/12\/01\/qatar-le-maroc-obtient-sa-qualification\/#article\",\"isPartOf\":{\"@id\":\"https:\/\/www.public.sn\/index.php\/2022\/12\/01\/qatar-le-maroc-obtient-sa-qualification\/\"},\"author\":{\"name\":\"LA REDACTION\",\"@id\":\"https:\/\/www.public.sn\/#\/schema\/person\/cb76c8e1b8becc6be61fb5e92d6d0224\"},\"headline\":\"Qatar\u00a0: Le Maroc obtient sa qualification en 8eme de finale.\",\"datePublished\":\"2022-12-01T18:15:53+00:00\",\"dateModified\":\"2022-12-01T18:16:13+00:00\",\"mainEntityOfPage\":{\"@id\":\"https:\/\/www.public.sn\/index.php\/2022\/12\/01\/qatar-le-maroc-obtient-sa-qualification\/\"},\"wordCount\":96,\"commentCount\":0,\"publisher\":{\"@id\":\"https:\/\/www.public.sn\/#organization\"},\"image\":{\"@id\":\"https:\/\/www.public.sn\/index.php\/2022\/12\/01\/qatar-le-maroc-obtient-sa-qualification\/#primaryimage\"},\"thumbnailUrl\":\"https:\/\/www.public.sn\/wp-content\/uploads\/2022\/12\/maroc.jpg\",\"keywords\":[\"Maroc\",\"qatar\",\"qualification\"],\"articleSection\":[\"ACTUALIT\u00c9S\",\"AFRIQUE &amp; MONDE\",\"FOOTBALL\",\"SPORTS\"],\"inLanguage\":\"fr-FR\",\"potentialAction\":[{\"@type\":\"CommentAction\",\"name\":\"Comment\",\"target\":[\"https:\/\/www.public.sn\/index.php\/2022\/12\/01\/qatar-le-maroc-obtient-sa-qualification\/#respond\"]}]},{\"@type\":\"WebPage\",\"@id\":\"https:\/\/www.public.sn\/index.php\/2022\/12\/01\/qatar-le-maroc-obtient-sa-qualification\/\",\"url\":\"https:\/\/www.public.sn\/index.php\/2022\/12\/01\/qatar-le-maroc-obtient-sa-qualification\/\",\"name\":\"Qatar\u00a0: Le Maroc obtient sa qualification en 8eme de finale. - LE PUBLIC\",\"isPartOf\":{\"@id\":\"https:\/\/www.public.sn\/#website\"},\"primaryImageOfPage\":{\"@id\":\"https:\/\/www.public.sn\/index.php\/2022\/12\/01\/qatar-le-maroc-obtient-sa-qualification\/#primaryimage\"},\"image\":{\"@id\":\"https:\/\/www.public.sn\/index.php\/2022\/12\/01\/qatar-le-maroc-obtient-sa-qualification\/#primaryimage\"},\"thumbnailUrl\":\"https:\/\/www.public.sn\/wp-content\/uploads\/2022\/12\/maroc.jpg\",\"datePublished\":\"2022-12-01T18:15:53+00:00\",\"dateModified\":\"2022-12-01T18:16:13+00:00\",\"breadcrumb\":{\"@id\":\"https:\/\/www.public.sn\/index.php\/2022\/12\/01\/qatar-le-maroc-obtient-sa-qualification\/#breadcrumb\"},\"inLanguage\":\"fr-FR\",\"potentialAction\":[{\"@type\":\"ReadAction\",\"target\":[\"https:\/\/www.public.sn\/index.php\/2022\/12\/01\/qatar-le-maroc-obtient-sa-qualification\/\"]}]},{\"@type\":\"ImageObject\",\"inLanguage\":\"fr-FR\",\"@id\":\"https:\/\/www.public.sn\/index.php\/2022\/12\/01\/qatar-le-maroc-obtient-sa-qualification\/#primaryimage\",\"url\":\"https:\/\/www.public.sn\/wp-content\/uploads\/2022\/12\/maroc.jpg\",\"contentUrl\":\"https:\/\/www.public.sn\/wp-content\/uploads\/2022\/12\/maroc.jpg\",\"width\":612,\"height\":298,\"caption\":\"publicsn\"},{\"@type\":\"BreadcrumbList\",\"@id\":\"https:\/\/www.public.sn\/index.php\/2022\/12\/01\/qatar-le-maroc-obtient-sa-qualification\/#breadcrumb\",\"itemListElement\":[{\"@type\":\"ListItem\",\"position\":1,\"name\":\"Accueil\",\"item\":\"https:\/\/www.public.sn\/\"},{\"@type\":\"ListItem\",\"position\":2,\"name\":\"Qatar\u00a0: Le Maroc obtient sa qualification en 8eme de finale.\"}]},{\"@type\":\"WebSite\",\"@id\":\"https:\/\/www.public.sn\/#website\",\"url\":\"https:\/\/www.public.sn\/\",\"name\":\"LE PUBLIC\",\"description\":\"\",\"publisher\":{\"@id\":\"https:\/\/www.public.sn\/#organization\"},\"potentialAction\":[{\"@type\":\"SearchAction\",\"target\":{\"@type\":\"EntryPoint\",\"urlTemplate\":\"https:\/\/www.public.sn\/?s={search_term_string}\"},\"query-input\":{\"@type\":\"PropertyValueSpecification\",\"valueRequired\":true,\"valueName\":\"search_term_string\"}}],\"inLanguage\":\"fr-FR\"},{\"@type\":\"Organization\",\"@id\":\"https:\/\/www.public.sn\/#organization\",\"name\":\"LE PUBLIC\",\"url\":\"https:\/\/www.public.sn\/\",\"logo\":{\"@type\":\"ImageObject\",\"inLanguage\":\"fr-FR\",\"@id\":\"https:\/\/www.public.sn\/#\/schema\/logo\/image\/\",\"url\":\"https:\/\/www.public.sn\/wp-content\/uploads\/2024\/05\/cropped-LOGO-PUBLIC.SN_.png\",\"contentUrl\":\"https:\/\/www.public.sn\/wp-content\/uploads\/2024\/05\/cropped-LOGO-PUBLIC.SN_.png\",\"width\":682,\"height\":192,\"caption\":\"LE PUBLIC\"},\"image\":{\"@id\":\"https:\/\/www.public.sn\/#\/schema\/logo\/image\/\"}},{\"@type\":\"Person\",\"@id\":\"https:\/\/www.public.sn\/#\/schema\/person\/cb76c8e1b8becc6be61fb5e92d6d0224\",\"name\":\"LA REDACTION\",\"image\":{\"@type\":\"ImageObject\",\"inLanguage\":\"fr-FR\",\"@id\":\"https:\/\/www.public.sn\/#\/schema\/person\/image\/\",\"url\":\"https:\/\/secure.gravatar.com\/avatar\/2dce5ddd34b8fef0180efe03aa2a9bee7d953856048f9a16b298190a3178407c?s=96&d=mm&r=g\",\"contentUrl\":\"https:\/\/secure.gravatar.com\/avatar\/2dce5ddd34b8fef0180efe03aa2a9bee7d953856048f9a16b298190a3178407c?s=96&d=mm&r=g\",\"caption\":\"LA REDACTION\"},\"url\":\"https:\/\/www.public.sn\/index.php\/author\/editeurpsn\/\"}]}<\/script>\n<!-- \/ Yoast SEO plugin. -->","yoast_head_json":{"title":"Qatar\u00a0: Le Maroc obtient sa qualification en 8eme de finale. - LE PUBLIC","robots":{"index":"index","follow":"follow","max-snippet":"max-snippet:-1","max-image-preview":"max-image-preview:large","max-video-preview":"max-video-preview:-1"},"canonical":"https:\/\/www.public.sn\/index.php\/2022\/12\/01\/qatar-le-maroc-obtient-sa-qualification\/","og_locale":"fr_FR","og_type":"article","og_title":"Qatar\u00a0: Le Maroc obtient sa qualification en 8eme de finale. - LE PUBLIC","og_description":"Le Maroc, vainqueur du Canada 2 \u00e0 1, s&rsquo;est qualifi\u00e9 ce \u00a0jeudi pour les huiti\u00e8mes de finale du Mondial 2022 et finit premier du groupe F. donc apr\u00e8s le S\u00e9n\u00e9gal, le Maroc devient le deuxi\u00e8me pays africain \u00e0 se qualifier pour les huiti\u00e8mes de finale. Les buts de l\u2019\u00e9quipe marocaine ont \u00e9t\u00e9 marqu\u00e9s &nbsp;par Hakim Ziyech (4e) et Youssef En Nesyri (23e) avant que Nayef Aguerd ne r\u00e9duise le score pour le Canada en trompant son propre gardien (40e). Samba Sy.","og_url":"https:\/\/www.public.sn\/index.php\/2022\/12\/01\/qatar-le-maroc-obtient-sa-qualification\/","og_site_name":"LE PUBLIC","article_published_time":"2022-12-01T18:15:53+00:00","article_modified_time":"2022-12-01T18:16:13+00:00","og_image":[{"width":612,"height":298,"url":"https:\/\/www.public.sn\/wp-content\/uploads\/2022\/12\/maroc.jpg","type":"image\/jpeg"}],"author":"LA REDACTION","twitter_card":"summary_large_image","twitter_misc":{"\u00c9crit par":"LA REDACTION","Dur\u00e9e de lecture estim\u00e9e":"1 minute"},"schema":{"@context":"https:\/\/schema.org","@graph":[{"@type":"Article","@id":"https:\/\/www.public.sn\/index.php\/2022\/12\/01\/qatar-le-maroc-obtient-sa-qualification\/#article","isPartOf":{"@id":"https:\/\/www.public.sn\/index.php\/2022\/12\/01\/qatar-le-maroc-obtient-sa-qualification\/"},"author":{"name":"LA REDACTION","@id":"https:\/\/www.public.sn\/#\/schema\/person\/cb76c8e1b8becc6be61fb5e92d6d0224"},"headline":"Qatar\u00a0: Le Maroc obtient sa qualification en 8eme de finale.","datePublished":"2022-12-01T18:15:53+00:00","dateModified":"2022-12-01T18:16:13+00:00","mainEntityOfPage":{"@id":"https:\/\/www.public.sn\/index.php\/2022\/12\/01\/qatar-le-maroc-obtient-sa-qualification\/"},"wordCount":96,"commentCount":0,"publisher":{"@id":"https:\/\/www.public.sn\/#organization"},"image":{"@id":"https:\/\/www.public.sn\/index.php\/2022\/12\/01\/qatar-le-maroc-obtient-sa-qualification\/#primaryimage"},"thumbnailUrl":"https:\/\/www.public.sn\/wp-content\/uploads\/2022\/12\/maroc.jpg","keywords":["Maroc","qatar","qualification"],"articleSection":["ACTUALIT\u00c9S","AFRIQUE &amp; MONDE","FOOTBALL","SPORTS"],"inLanguage":"fr-FR","potentialAction":[{"@type":"CommentAction","name":"Comment","target":["https:\/\/www.public.sn\/index.php\/2022\/12\/01\/qatar-le-maroc-obtient-sa-qualification\/#respond"]}]},{"@type":"WebPage","@id":"https:\/\/www.public.sn\/index.php\/2022\/12\/01\/qatar-le-maroc-obtient-sa-qualification\/","url":"https:\/\/www.public.sn\/index.php\/2022\/12\/01\/qatar-le-maroc-obtient-sa-qualification\/","name":"Qatar\u00a0: Le Maroc obtient sa qualification en 8eme de finale. - LE PUBLIC","isPartOf":{"@id":"https:\/\/www.public.sn\/#website"},"primaryImageOfPage":{"@id":"https:\/\/www.public.sn\/index.php\/2022\/12\/01\/qatar-le-maroc-obtient-sa-qualification\/#primaryimage"},"image":{"@id":"https:\/\/www.public.sn\/index.php\/2022\/12\/01\/qatar-le-maroc-obtient-sa-qualification\/#primaryimage"},"thumbnailUrl":"https:\/\/www.public.sn\/wp-content\/uploads\/2022\/12\/maroc.jpg","datePublished":"2022-12-01T18:15:53+00:00","dateModified":"2022-12-01T18:16:13+00:00","breadcrumb":{"@id":"https:\/\/www.public.sn\/index.php\/2022\/12\/01\/qatar-le-maroc-obtient-sa-qualification\/#breadcrumb"},"inLanguage":"fr-FR","potentialAction":[{"@type":"ReadAction","target":["https:\/\/www.public.sn\/index.php\/2022\/12\/01\/qatar-le-maroc-obtient-sa-qualification\/"]}]},{"@type":"ImageObject","inLanguage":"fr-FR","@id":"https:\/\/www.public.sn\/index.php\/2022\/12\/01\/qatar-le-maroc-obtient-sa-qualification\/#primaryimage","url":"https:\/\/www.public.sn\/wp-content\/uploads\/2022\/12\/maroc.jpg","contentUrl":"https:\/\/www.public.sn\/wp-content\/uploads\/2022\/12\/maroc.jpg","width":612,"height":298,"caption":"publicsn"},{"@type":"BreadcrumbList","@id":"https:\/\/www.public.sn\/index.php\/2022\/12\/01\/qatar-le-maroc-obtient-sa-qualification\/#breadcrumb","itemListElement":[{"@type":"ListItem","position":1,"name":"Accueil","item":"https:\/\/www.public.sn\/"},{"@type":"ListItem","position":2,"name":"Qatar\u00a0: Le Maroc obtient sa qualification en 8eme de finale."}]},{"@type":"WebSite","@id":"https:\/\/www.public.sn\/#website","url":"https:\/\/www.public.sn\/","name":"LE PUBLIC","description":"","publisher":{"@id":"https:\/\/www.public.sn\/#organization"},"potentialAction":[{"@type":"SearchAction","target":{"@type":"EntryPoint","urlTemplate":"https:\/\/www.public.sn\/?s={search_term_string}"},"query-input":{"@type":"PropertyValueSpecification","valueRequired":true,"valueName":"search_term_string"}}],"inLanguage":"fr-FR"},{"@type":"Organization","@id":"https:\/\/www.public.sn\/#organization","name":"LE PUBLIC","url":"https:\/\/www.public.sn\/","logo":{"@type":"ImageObject","inLanguage":"fr-FR","@id":"https:\/\/www.public.sn\/#\/schema\/logo\/image\/","url":"https:\/\/www.public.sn\/wp-content\/uploads\/2024\/05\/cropped-LOGO-PUBLIC.SN_.png","contentUrl":"https:\/\/www.public.sn\/wp-content\/uploads\/2024\/05\/cropped-LOGO-PUBLIC.SN_.png","width":682,"height":192,"caption":"LE PUBLIC"},"image":{"@id":"https:\/\/www.public.sn\/#\/schema\/logo\/image\/"}},{"@type":"Person","@id":"https:\/\/www.public.sn\/#\/schema\/person\/cb76c8e1b8becc6be61fb5e92d6d0224","name":"LA REDACTION","image":{"@type":"ImageObject","inLanguage":"fr-FR","@id":"https:\/\/www.public.sn\/#\/schema\/person\/image\/","url":"https:\/\/secure.gravatar.com\/avatar\/2dce5ddd34b8fef0180efe03aa2a9bee7d953856048f9a16b298190a3178407c?s=96&d=mm&r=g","contentUrl":"https:\/\/secure.gravatar.com\/avatar\/2dce5ddd34b8fef0180efe03aa2a9bee7d953856048f9a16b298190a3178407c?s=96&d=mm&r=g","caption":"LA REDACTION"},"url":"https:\/\/www.public.sn\/index.php\/author\/editeurpsn\/"}]}},"jetpack_featured_media_url":"https:\/\/www.public.sn\/wp-content\/uploads\/2022\/12\/maroc.jpg","jetpack_sharing_enabled":true,"_links":{"self":[{"href":"https:\/\/www.public.sn\/index.php\/wp-json\/wp\/v2\/posts\/10820","targetHints":{"allow":["GET"]}}],"collection":[{"href":"https:\/\/www.public.sn\/index.php\/wp-json\/wp\/v2\/posts"}],"about":[{"href":"https:\/\/www.public.sn\/index.php\/wp-json\/wp\/v2\/types\/post"}],"author":[{"embeddable":true,"href":"https:\/\/www.public.sn\/index.php\/wp-json\/wp\/v2\/users\/7"}],"replies":[{"embeddable":true,"href":"https:\/\/www.public.sn\/index.php\/wp-json\/wp\/v2\/comments?post=10820"}],"version-history":[{"count":2,"href":"https:\/\/www.public.sn\/index.php\/wp-json\/wp\/v2\/posts\/10820\/revisions"}],"predecessor-version":[{"id":10823,"href":"https:\/\/www.public.sn\/index.php\/wp-json\/wp\/v2\/posts\/10820\/revisions\/10823"}],"wp:featuredmedia":[{"embeddable":true,"href":"https:\/\/www.public.sn\/index.php\/wp-json\/wp\/v2\/media\/10821"}],"wp:attachment":[{"href":"https:\/\/www.public.sn\/index.php\/wp-json\/wp\/v2\/media?parent=10820"}],"wp:term":[{"taxonomy":"category","embeddable":true,"href":"https:\/\/www.public.sn\/index.php\/wp-json\/wp\/v2\/categories?post=10820"},{"taxonomy":"post_tag","embeddable":true,"href":"https:\/\/www.public.sn\/index.php\/wp-json\/wp\/v2\/tags?post=10820"}],"curies":[{"name":"wp","href":"https:\/\/api.w.org\/{rel}","templated":true}]}}