{"id":10838,"date":"2022-12-02T08:36:03","date_gmt":"2022-12-02T08:36:03","guid":{"rendered":"https:\/\/www.public.sn\/?p=10838"},"modified":"2022-12-02T08:36:10","modified_gmt":"2022-12-02T08:36:10","slug":"incarcere-a-sebikotane-pape-ale-entame-une-greve-de-la-faim-ce-vendredi","status":"publish","type":"post","link":"https:\/\/www.public.sn\/index.php\/2022\/12\/02\/incarcere-a-sebikotane-pape-ale-entame-une-greve-de-la-faim-ce-vendredi\/","title":{"rendered":"Incarc\u00e9r\u00e9 \u00e0 S\u00e9bikotane\u00a0: Pape Al\u00e9 entame une gr\u00e8ve de la faim ce Vendredi."},"content":{"rendered":"\n<p><\/p>\n\n\n\n<p>Le journaliste Pape Al\u00e9 Niang a d\u00e9cid\u00e9 d\u2019entamer \u00e0 partir de ce Vendredi une gr\u00e8ve de la faim illimit\u00e9e. Une mani\u00e8re selon lui de \u00ab\u00a0d\u00e9noncer son enl\u00e8vement sur les all\u00e9es Pape Gueye Fall, sa s\u00e9questration et sa torture psychologique dans les locaux de la suret\u00e9 urbaine\u00a0\u00bb. <\/p><div class=\"publi-paragraphe1\" style=\"margin-top: 10px;margin-bottom: 10px;margin-left: auto;margin-right: auto;text-align: center;\" id=\"publi-490497035\"><div class=\"publi-adlabel\">Publicit\u00e9<\/div><script async src=\"\/\/pagead2.googlesyndication.com\/pagead\/js\/adsbygoogle.js?client=ca-pub-4089586018074219\" crossorigin=\"anonymous\"><\/script><ins class=\"adsbygoogle\" style=\"display:block;\" data-ad-client=\"ca-pub-4089586018074219\" \ndata-ad-slot=\"2087940154\" \ndata-ad-format=\"auto\"><\/ins>\n<script> \n(adsbygoogle = window.adsbygoogle || []).push({}); \n<\/script>\n<\/div>\n\n\n\n<p><\/p>\n\n\n\n<p>Pape Al\u00e9 Niang souligne \u00e9galement qu\u2019il \u00ab\u00a0n\u2019acceptera aucune intervention m\u00e9dicale de qui que ce soit s\u2019il advenait qu\u2019il se trouve en danger en dehors de son m\u00e9decin personnel et que l\u2019administration p\u00e9nitentiaire est inform\u00e9e de cette d\u00e9cision et a aussi toutes les coordonn\u00e9es de son m\u00e9decin personnel \u00bb.<\/p>\n\n\n\n<p>Samba Sy<\/p>\n<div class=\"publi-apres-le-contenu\" style=\"margin-top: 10px;margin-bottom: 10px;margin-left: auto;margin-right: auto;text-align: center;\" id=\"publi-2246856152\"><div class=\"publi-adlabel\">Publicit\u00e9<\/div><script async src=\"\/\/pagead2.googlesyndication.com\/pagead\/js\/adsbygoogle.js?client=ca-pub-4089586018074219\" crossorigin=\"anonymous\"><\/script><ins class=\"adsbygoogle\" style=\"display:block;\" data-ad-client=\"ca-pub-4089586018074219\" \ndata-ad-slot=\"2087940154\" \ndata-ad-format=\"auto\"><\/ins>\n<script> \n(adsbygoogle = window.adsbygoogle || []).push({}); \n<\/script>\n<\/div>","protected":false},"excerpt":{"rendered":"<p>Le journaliste Pape Al\u00e9 Niang a d\u00e9cid\u00e9 d\u2019entamer \u00e0 partir de ce Vendredi une gr\u00e8ve de la faim illimit\u00e9e. Une mani\u00e8re selon lui de \u00ab\u00a0d\u00e9noncer son enl\u00e8vement sur les all\u00e9es Pape Gueye Fall, sa s\u00e9questration et sa torture psychologique dans les locaux de la suret\u00e9 urbaine\u00a0\u00bb. Pape Al\u00e9 Niang souligne \u00e9galement qu\u2019il \u00ab\u00a0n\u2019acceptera aucune intervention m\u00e9dicale de qui que ce soit s\u2019il advenait qu\u2019il se trouve en danger en dehors de son m\u00e9decin personnel et que l\u2019administration p\u00e9nitentiaire est inform\u00e9e de cette d\u00e9cision et a aussi toutes les coordonn\u00e9es de son m\u00e9decin personnel \u00bb. Samba Sy<\/p>\n","protected":false},"author":7,"featured_media":10839,"comment_status":"open","ping_status":"open","sticky":false,"template":"","format":"standard","meta":{"_jetpack_memberships_contains_paid_content":false,"footnotes":""},"categories":[375,961,1,4,372],"tags":[2887,2492,2077],"class_list":["post-10838","post","type-post","status-publish","format-standard","has-post-thumbnail","hentry","category-actualites","category-medias","category-non-classe","category-societe","category-vedette","tag-greve-de-la-faim","tag-pape-ale","tag-sebikotane","entry","has-media","owp-thumbs-layout-horizontal","owp-btn-normal","owp-tabs-layout-horizontal","has-no-thumbnails","has-product-nav"],"yoast_head":"<!-- This site is optimized with the Yoast SEO plugin v25.5 - https:\/\/yoast.com\/wordpress\/plugins\/seo\/ -->\n<title>Incarc\u00e9r\u00e9 \u00e0 S\u00e9bikotane\u00a0: Pape Al\u00e9 entame une gr\u00e8ve de la faim ce Vendredi. - LE PUBLIC<\/title>\n<meta name=\"robots\" content=\"index, follow, max-snippet:-1, max-image-preview:large, max-video-preview:-1\" \/>\n<link rel=\"canonical\" href=\"https:\/\/www.public.sn\/index.php\/2022\/12\/02\/incarcere-a-sebikotane-pape-ale-entame-une-greve-de-la-faim-ce-vendredi\/\" \/>\n<meta property=\"og:locale\" content=\"fr_FR\" \/>\n<meta property=\"og:type\" content=\"article\" \/>\n<meta property=\"og:title\" content=\"Incarc\u00e9r\u00e9 \u00e0 S\u00e9bikotane\u00a0: Pape Al\u00e9 entame une gr\u00e8ve de la faim ce Vendredi. - LE PUBLIC\" \/>\n<meta property=\"og:description\" content=\"Le journaliste Pape Al\u00e9 Niang a d\u00e9cid\u00e9 d\u2019entamer \u00e0 partir de ce Vendredi une gr\u00e8ve de la faim illimit\u00e9e. Une mani\u00e8re selon lui de \u00ab\u00a0d\u00e9noncer son enl\u00e8vement sur les all\u00e9es Pape Gueye Fall, sa s\u00e9questration et sa torture psychologique dans les locaux de la suret\u00e9 urbaine\u00a0\u00bb. Pape Al\u00e9 Niang souligne \u00e9galement qu\u2019il \u00ab\u00a0n\u2019acceptera aucune intervention m\u00e9dicale de qui que ce soit s\u2019il advenait qu\u2019il se trouve en danger en dehors de son m\u00e9decin personnel et que l\u2019administration p\u00e9nitentiaire est inform\u00e9e de cette d\u00e9cision et a aussi toutes les coordonn\u00e9es de son m\u00e9decin personnel \u00bb. Samba Sy\" \/>\n<meta property=\"og:url\" content=\"https:\/\/www.public.sn\/index.php\/2022\/12\/02\/incarcere-a-sebikotane-pape-ale-entame-une-greve-de-la-faim-ce-vendredi\/\" \/>\n<meta property=\"og:site_name\" content=\"LE PUBLIC\" \/>\n<meta property=\"article:published_time\" content=\"2022-12-02T08:36:03+00:00\" \/>\n<meta property=\"article:modified_time\" content=\"2022-12-02T08:36:10+00:00\" \/>\n<meta property=\"og:image\" content=\"https:\/\/www.public.sn\/wp-content\/uploads\/2022\/12\/pape-ale.jpg\" \/>\n\t<meta property=\"og:image:width\" content=\"904\" \/>\n\t<meta property=\"og:image:height\" content=\"1280\" \/>\n\t<meta property=\"og:image:type\" content=\"image\/jpeg\" \/>\n<meta name=\"author\" content=\"LA REDACTION\" \/>\n<meta name=\"twitter:card\" content=\"summary_large_image\" \/>\n<meta name=\"twitter:label1\" content=\"\u00c9crit par\" \/>\n\t<meta name=\"twitter:data1\" content=\"LA REDACTION\" \/>\n\t<meta name=\"twitter:label2\" content=\"Dur\u00e9e de lecture estim\u00e9e\" \/>\n\t<meta name=\"twitter:data2\" content=\"1 minute\" \/>\n<script type=\"application\/ld+json\" class=\"yoast-schema-graph\">{\"@context\":\"https:\/\/schema.org\",\"@graph\":[{\"@type\":\"Article\",\"@id\":\"https:\/\/www.public.sn\/index.php\/2022\/12\/02\/incarcere-a-sebikotane-pape-ale-entame-une-greve-de-la-faim-ce-vendredi\/#article\",\"isPartOf\":{\"@id\":\"https:\/\/www.public.sn\/index.php\/2022\/12\/02\/incarcere-a-sebikotane-pape-ale-entame-une-greve-de-la-faim-ce-vendredi\/\"},\"author\":{\"name\":\"LA REDACTION\",\"@id\":\"https:\/\/www.public.sn\/#\/schema\/person\/cb76c8e1b8becc6be61fb5e92d6d0224\"},\"headline\":\"Incarc\u00e9r\u00e9 \u00e0 S\u00e9bikotane\u00a0: Pape Al\u00e9 entame une gr\u00e8ve de la faim ce Vendredi.\",\"datePublished\":\"2022-12-02T08:36:03+00:00\",\"dateModified\":\"2022-12-02T08:36:10+00:00\",\"mainEntityOfPage\":{\"@id\":\"https:\/\/www.public.sn\/index.php\/2022\/12\/02\/incarcere-a-sebikotane-pape-ale-entame-une-greve-de-la-faim-ce-vendredi\/\"},\"wordCount\":130,\"commentCount\":1,\"publisher\":{\"@id\":\"https:\/\/www.public.sn\/#organization\"},\"image\":{\"@id\":\"https:\/\/www.public.sn\/index.php\/2022\/12\/02\/incarcere-a-sebikotane-pape-ale-entame-une-greve-de-la-faim-ce-vendredi\/#primaryimage\"},\"thumbnailUrl\":\"https:\/\/www.public.sn\/wp-content\/uploads\/2022\/12\/pape-ale.jpg\",\"keywords\":[\"greve de la faim\",\"pape al\u00e9\",\"sebikotane\"],\"articleSection\":[\"ACTUALIT\u00c9S\",\"M\u00c9DIAS\",\"S\u00c9N\u00c9GAL\",\"SOCIETE\",\"VEDETTE\"],\"inLanguage\":\"fr-FR\",\"potentialAction\":[{\"@type\":\"CommentAction\",\"name\":\"Comment\",\"target\":[\"https:\/\/www.public.sn\/index.php\/2022\/12\/02\/incarcere-a-sebikotane-pape-ale-entame-une-greve-de-la-faim-ce-vendredi\/#respond\"]}]},{\"@type\":\"WebPage\",\"@id\":\"https:\/\/www.public.sn\/index.php\/2022\/12\/02\/incarcere-a-sebikotane-pape-ale-entame-une-greve-de-la-faim-ce-vendredi\/\",\"url\":\"https:\/\/www.public.sn\/index.php\/2022\/12\/02\/incarcere-a-sebikotane-pape-ale-entame-une-greve-de-la-faim-ce-vendredi\/\",\"name\":\"Incarc\u00e9r\u00e9 \u00e0 S\u00e9bikotane\u00a0: Pape Al\u00e9 entame une gr\u00e8ve de la faim ce Vendredi. - LE PUBLIC\",\"isPartOf\":{\"@id\":\"https:\/\/www.public.sn\/#website\"},\"primaryImageOfPage\":{\"@id\":\"https:\/\/www.public.sn\/index.php\/2022\/12\/02\/incarcere-a-sebikotane-pape-ale-entame-une-greve-de-la-faim-ce-vendredi\/#primaryimage\"},\"image\":{\"@id\":\"https:\/\/www.public.sn\/index.php\/2022\/12\/02\/incarcere-a-sebikotane-pape-ale-entame-une-greve-de-la-faim-ce-vendredi\/#primaryimage\"},\"thumbnailUrl\":\"https:\/\/www.public.sn\/wp-content\/uploads\/2022\/12\/pape-ale.jpg\",\"datePublished\":\"2022-12-02T08:36:03+00:00\",\"dateModified\":\"2022-12-02T08:36:10+00:00\",\"breadcrumb\":{\"@id\":\"https:\/\/www.public.sn\/index.php\/2022\/12\/02\/incarcere-a-sebikotane-pape-ale-entame-une-greve-de-la-faim-ce-vendredi\/#breadcrumb\"},\"inLanguage\":\"fr-FR\",\"potentialAction\":[{\"@type\":\"ReadAction\",\"target\":[\"https:\/\/www.public.sn\/index.php\/2022\/12\/02\/incarcere-a-sebikotane-pape-ale-entame-une-greve-de-la-faim-ce-vendredi\/\"]}]},{\"@type\":\"ImageObject\",\"inLanguage\":\"fr-FR\",\"@id\":\"https:\/\/www.public.sn\/index.php\/2022\/12\/02\/incarcere-a-sebikotane-pape-ale-entame-une-greve-de-la-faim-ce-vendredi\/#primaryimage\",\"url\":\"https:\/\/www.public.sn\/wp-content\/uploads\/2022\/12\/pape-ale.jpg\",\"contentUrl\":\"https:\/\/www.public.sn\/wp-content\/uploads\/2022\/12\/pape-ale.jpg\",\"width\":904,\"height\":1280,\"caption\":\"publicsn\"},{\"@type\":\"BreadcrumbList\",\"@id\":\"https:\/\/www.public.sn\/index.php\/2022\/12\/02\/incarcere-a-sebikotane-pape-ale-entame-une-greve-de-la-faim-ce-vendredi\/#breadcrumb\",\"itemListElement\":[{\"@type\":\"ListItem\",\"position\":1,\"name\":\"Accueil\",\"item\":\"https:\/\/www.public.sn\/\"},{\"@type\":\"ListItem\",\"position\":2,\"name\":\"Incarc\u00e9r\u00e9 \u00e0 S\u00e9bikotane\u00a0: Pape Al\u00e9 entame une gr\u00e8ve de la faim ce Vendredi.\"}]},{\"@type\":\"WebSite\",\"@id\":\"https:\/\/www.public.sn\/#website\",\"url\":\"https:\/\/www.public.sn\/\",\"name\":\"LE PUBLIC\",\"description\":\"\",\"publisher\":{\"@id\":\"https:\/\/www.public.sn\/#organization\"},\"potentialAction\":[{\"@type\":\"SearchAction\",\"target\":{\"@type\":\"EntryPoint\",\"urlTemplate\":\"https:\/\/www.public.sn\/?s={search_term_string}\"},\"query-input\":{\"@type\":\"PropertyValueSpecification\",\"valueRequired\":true,\"valueName\":\"search_term_string\"}}],\"inLanguage\":\"fr-FR\"},{\"@type\":\"Organization\",\"@id\":\"https:\/\/www.public.sn\/#organization\",\"name\":\"LE PUBLIC\",\"url\":\"https:\/\/www.public.sn\/\",\"logo\":{\"@type\":\"ImageObject\",\"inLanguage\":\"fr-FR\",\"@id\":\"https:\/\/www.public.sn\/#\/schema\/logo\/image\/\",\"url\":\"https:\/\/www.public.sn\/wp-content\/uploads\/2024\/05\/cropped-LOGO-PUBLIC.SN_.png\",\"contentUrl\":\"https:\/\/www.public.sn\/wp-content\/uploads\/2024\/05\/cropped-LOGO-PUBLIC.SN_.png\",\"width\":682,\"height\":192,\"caption\":\"LE PUBLIC\"},\"image\":{\"@id\":\"https:\/\/www.public.sn\/#\/schema\/logo\/image\/\"}},{\"@type\":\"Person\",\"@id\":\"https:\/\/www.public.sn\/#\/schema\/person\/cb76c8e1b8becc6be61fb5e92d6d0224\",\"name\":\"LA REDACTION\",\"image\":{\"@type\":\"ImageObject\",\"inLanguage\":\"fr-FR\",\"@id\":\"https:\/\/www.public.sn\/#\/schema\/person\/image\/\",\"url\":\"https:\/\/secure.gravatar.com\/avatar\/2dce5ddd34b8fef0180efe03aa2a9bee7d953856048f9a16b298190a3178407c?s=96&d=mm&r=g\",\"contentUrl\":\"https:\/\/secure.gravatar.com\/avatar\/2dce5ddd34b8fef0180efe03aa2a9bee7d953856048f9a16b298190a3178407c?s=96&d=mm&r=g\",\"caption\":\"LA REDACTION\"},\"url\":\"https:\/\/www.public.sn\/index.php\/author\/editeurpsn\/\"}]}<\/script>\n<!-- \/ Yoast SEO plugin. -->","yoast_head_json":{"title":"Incarc\u00e9r\u00e9 \u00e0 S\u00e9bikotane\u00a0: Pape Al\u00e9 entame une gr\u00e8ve de la faim ce Vendredi. - LE PUBLIC","robots":{"index":"index","follow":"follow","max-snippet":"max-snippet:-1","max-image-preview":"max-image-preview:large","max-video-preview":"max-video-preview:-1"},"canonical":"https:\/\/www.public.sn\/index.php\/2022\/12\/02\/incarcere-a-sebikotane-pape-ale-entame-une-greve-de-la-faim-ce-vendredi\/","og_locale":"fr_FR","og_type":"article","og_title":"Incarc\u00e9r\u00e9 \u00e0 S\u00e9bikotane\u00a0: Pape Al\u00e9 entame une gr\u00e8ve de la faim ce Vendredi. - LE PUBLIC","og_description":"Le journaliste Pape Al\u00e9 Niang a d\u00e9cid\u00e9 d\u2019entamer \u00e0 partir de ce Vendredi une gr\u00e8ve de la faim illimit\u00e9e. Une mani\u00e8re selon lui de \u00ab\u00a0d\u00e9noncer son enl\u00e8vement sur les all\u00e9es Pape Gueye Fall, sa s\u00e9questration et sa torture psychologique dans les locaux de la suret\u00e9 urbaine\u00a0\u00bb. Pape Al\u00e9 Niang souligne \u00e9galement qu\u2019il \u00ab\u00a0n\u2019acceptera aucune intervention m\u00e9dicale de qui que ce soit s\u2019il advenait qu\u2019il se trouve en danger en dehors de son m\u00e9decin personnel et que l\u2019administration p\u00e9nitentiaire est inform\u00e9e de cette d\u00e9cision et a aussi toutes les coordonn\u00e9es de son m\u00e9decin personnel \u00bb. Samba Sy","og_url":"https:\/\/www.public.sn\/index.php\/2022\/12\/02\/incarcere-a-sebikotane-pape-ale-entame-une-greve-de-la-faim-ce-vendredi\/","og_site_name":"LE PUBLIC","article_published_time":"2022-12-02T08:36:03+00:00","article_modified_time":"2022-12-02T08:36:10+00:00","og_image":[{"width":904,"height":1280,"url":"https:\/\/www.public.sn\/wp-content\/uploads\/2022\/12\/pape-ale.jpg","type":"image\/jpeg"}],"author":"LA REDACTION","twitter_card":"summary_large_image","twitter_misc":{"\u00c9crit par":"LA REDACTION","Dur\u00e9e de lecture estim\u00e9e":"1 minute"},"schema":{"@context":"https:\/\/schema.org","@graph":[{"@type":"Article","@id":"https:\/\/www.public.sn\/index.php\/2022\/12\/02\/incarcere-a-sebikotane-pape-ale-entame-une-greve-de-la-faim-ce-vendredi\/#article","isPartOf":{"@id":"https:\/\/www.public.sn\/index.php\/2022\/12\/02\/incarcere-a-sebikotane-pape-ale-entame-une-greve-de-la-faim-ce-vendredi\/"},"author":{"name":"LA REDACTION","@id":"https:\/\/www.public.sn\/#\/schema\/person\/cb76c8e1b8becc6be61fb5e92d6d0224"},"headline":"Incarc\u00e9r\u00e9 \u00e0 S\u00e9bikotane\u00a0: Pape Al\u00e9 entame une gr\u00e8ve de la faim ce Vendredi.","datePublished":"2022-12-02T08:36:03+00:00","dateModified":"2022-12-02T08:36:10+00:00","mainEntityOfPage":{"@id":"https:\/\/www.public.sn\/index.php\/2022\/12\/02\/incarcere-a-sebikotane-pape-ale-entame-une-greve-de-la-faim-ce-vendredi\/"},"wordCount":130,"commentCount":1,"publisher":{"@id":"https:\/\/www.public.sn\/#organization"},"image":{"@id":"https:\/\/www.public.sn\/index.php\/2022\/12\/02\/incarcere-a-sebikotane-pape-ale-entame-une-greve-de-la-faim-ce-vendredi\/#primaryimage"},"thumbnailUrl":"https:\/\/www.public.sn\/wp-content\/uploads\/2022\/12\/pape-ale.jpg","keywords":["greve de la faim","pape al\u00e9","sebikotane"],"articleSection":["ACTUALIT\u00c9S","M\u00c9DIAS","S\u00c9N\u00c9GAL","SOCIETE","VEDETTE"],"inLanguage":"fr-FR","potentialAction":[{"@type":"CommentAction","name":"Comment","target":["https:\/\/www.public.sn\/index.php\/2022\/12\/02\/incarcere-a-sebikotane-pape-ale-entame-une-greve-de-la-faim-ce-vendredi\/#respond"]}]},{"@type":"WebPage","@id":"https:\/\/www.public.sn\/index.php\/2022\/12\/02\/incarcere-a-sebikotane-pape-ale-entame-une-greve-de-la-faim-ce-vendredi\/","url":"https:\/\/www.public.sn\/index.php\/2022\/12\/02\/incarcere-a-sebikotane-pape-ale-entame-une-greve-de-la-faim-ce-vendredi\/","name":"Incarc\u00e9r\u00e9 \u00e0 S\u00e9bikotane\u00a0: Pape Al\u00e9 entame une gr\u00e8ve de la faim ce Vendredi. - LE PUBLIC","isPartOf":{"@id":"https:\/\/www.public.sn\/#website"},"primaryImageOfPage":{"@id":"https:\/\/www.public.sn\/index.php\/2022\/12\/02\/incarcere-a-sebikotane-pape-ale-entame-une-greve-de-la-faim-ce-vendredi\/#primaryimage"},"image":{"@id":"https:\/\/www.public.sn\/index.php\/2022\/12\/02\/incarcere-a-sebikotane-pape-ale-entame-une-greve-de-la-faim-ce-vendredi\/#primaryimage"},"thumbnailUrl":"https:\/\/www.public.sn\/wp-content\/uploads\/2022\/12\/pape-ale.jpg","datePublished":"2022-12-02T08:36:03+00:00","dateModified":"2022-12-02T08:36:10+00:00","breadcrumb":{"@id":"https:\/\/www.public.sn\/index.php\/2022\/12\/02\/incarcere-a-sebikotane-pape-ale-entame-une-greve-de-la-faim-ce-vendredi\/#breadcrumb"},"inLanguage":"fr-FR","potentialAction":[{"@type":"ReadAction","target":["https:\/\/www.public.sn\/index.php\/2022\/12\/02\/incarcere-a-sebikotane-pape-ale-entame-une-greve-de-la-faim-ce-vendredi\/"]}]},{"@type":"ImageObject","inLanguage":"fr-FR","@id":"https:\/\/www.public.sn\/index.php\/2022\/12\/02\/incarcere-a-sebikotane-pape-ale-entame-une-greve-de-la-faim-ce-vendredi\/#primaryimage","url":"https:\/\/www.public.sn\/wp-content\/uploads\/2022\/12\/pape-ale.jpg","contentUrl":"https:\/\/www.public.sn\/wp-content\/uploads\/2022\/12\/pape-ale.jpg","width":904,"height":1280,"caption":"publicsn"},{"@type":"BreadcrumbList","@id":"https:\/\/www.public.sn\/index.php\/2022\/12\/02\/incarcere-a-sebikotane-pape-ale-entame-une-greve-de-la-faim-ce-vendredi\/#breadcrumb","itemListElement":[{"@type":"ListItem","position":1,"name":"Accueil","item":"https:\/\/www.public.sn\/"},{"@type":"ListItem","position":2,"name":"Incarc\u00e9r\u00e9 \u00e0 S\u00e9bikotane\u00a0: Pape Al\u00e9 entame une gr\u00e8ve de la faim ce Vendredi."}]},{"@type":"WebSite","@id":"https:\/\/www.public.sn\/#website","url":"https:\/\/www.public.sn\/","name":"LE PUBLIC","description":"","publisher":{"@id":"https:\/\/www.public.sn\/#organization"},"potentialAction":[{"@type":"SearchAction","target":{"@type":"EntryPoint","urlTemplate":"https:\/\/www.public.sn\/?s={search_term_string}"},"query-input":{"@type":"PropertyValueSpecification","valueRequired":true,"valueName":"search_term_string"}}],"inLanguage":"fr-FR"},{"@type":"Organization","@id":"https:\/\/www.public.sn\/#organization","name":"LE PUBLIC","url":"https:\/\/www.public.sn\/","logo":{"@type":"ImageObject","inLanguage":"fr-FR","@id":"https:\/\/www.public.sn\/#\/schema\/logo\/image\/","url":"https:\/\/www.public.sn\/wp-content\/uploads\/2024\/05\/cropped-LOGO-PUBLIC.SN_.png","contentUrl":"https:\/\/www.public.sn\/wp-content\/uploads\/2024\/05\/cropped-LOGO-PUBLIC.SN_.png","width":682,"height":192,"caption":"LE PUBLIC"},"image":{"@id":"https:\/\/www.public.sn\/#\/schema\/logo\/image\/"}},{"@type":"Person","@id":"https:\/\/www.public.sn\/#\/schema\/person\/cb76c8e1b8becc6be61fb5e92d6d0224","name":"LA REDACTION","image":{"@type":"ImageObject","inLanguage":"fr-FR","@id":"https:\/\/www.public.sn\/#\/schema\/person\/image\/","url":"https:\/\/secure.gravatar.com\/avatar\/2dce5ddd34b8fef0180efe03aa2a9bee7d953856048f9a16b298190a3178407c?s=96&d=mm&r=g","contentUrl":"https:\/\/secure.gravatar.com\/avatar\/2dce5ddd34b8fef0180efe03aa2a9bee7d953856048f9a16b298190a3178407c?s=96&d=mm&r=g","caption":"LA REDACTION"},"url":"https:\/\/www.public.sn\/index.php\/author\/editeurpsn\/"}]}},"jetpack_featured_media_url":"https:\/\/www.public.sn\/wp-content\/uploads\/2022\/12\/pape-ale.jpg","jetpack_sharing_enabled":true,"_links":{"self":[{"href":"https:\/\/www.public.sn\/index.php\/wp-json\/wp\/v2\/posts\/10838","targetHints":{"allow":["GET"]}}],"collection":[{"href":"https:\/\/www.public.sn\/index.php\/wp-json\/wp\/v2\/posts"}],"about":[{"href":"https:\/\/www.public.sn\/index.php\/wp-json\/wp\/v2\/types\/post"}],"author":[{"embeddable":true,"href":"https:\/\/www.public.sn\/index.php\/wp-json\/wp\/v2\/users\/7"}],"replies":[{"embeddable":true,"href":"https:\/\/www.public.sn\/index.php\/wp-json\/wp\/v2\/comments?post=10838"}],"version-history":[{"count":1,"href":"https:\/\/www.public.sn\/index.php\/wp-json\/wp\/v2\/posts\/10838\/revisions"}],"predecessor-version":[{"id":10840,"href":"https:\/\/www.public.sn\/index.php\/wp-json\/wp\/v2\/posts\/10838\/revisions\/10840"}],"wp:featuredmedia":[{"embeddable":true,"href":"https:\/\/www.public.sn\/index.php\/wp-json\/wp\/v2\/media\/10839"}],"wp:attachment":[{"href":"https:\/\/www.public.sn\/index.php\/wp-json\/wp\/v2\/media?parent=10838"}],"wp:term":[{"taxonomy":"category","embeddable":true,"href":"https:\/\/www.public.sn\/index.php\/wp-json\/wp\/v2\/categories?post=10838"},{"taxonomy":"post_tag","embeddable":true,"href":"https:\/\/www.public.sn\/index.php\/wp-json\/wp\/v2\/tags?post=10838"}],"curies":[{"name":"wp","href":"https:\/\/api.w.org\/{rel}","templated":true}]}}