{"id":10841,"date":"2022-12-02T08:46:27","date_gmt":"2022-12-02T08:46:27","guid":{"rendered":"https:\/\/www.public.sn\/?p=10841"},"modified":"2022-12-02T08:46:28","modified_gmt":"2022-12-02T08:46:28","slug":"mame-mbaye-niang-sonko-laffaire-devant-la-dic","status":"publish","type":"post","link":"https:\/\/www.public.sn\/index.php\/2022\/12\/02\/mame-mbaye-niang-sonko-laffaire-devant-la-dic\/","title":{"rendered":"Mame Mbaye Niang\/ Sonko\u00a0: L\u2019affaire devant la DIC."},"content":{"rendered":"\n<p><\/p>\n\n\n\n<p>L\u2019affaire de Prodac est tr\u00e8s loin de connaitre son \u00e9pilogue. Apr\u00e8s avoir \u00e9t\u00e9 accus\u00e9 par le leader de Pastef, Mame Mbaye Niang avait port\u00e9 plainte affirmant que Ousmane Sonko avait port\u00e9 \u00ab\u00a0de fausses all\u00e9gations\u00a0\u00bb contre sa personne. Le dossier a \u00e9t\u00e9 confi\u00e9 \u00e0 la division des investigations criminelles et incessamment une convocation devrait \u00eatre remise \u00e0 Ousmane Sonko.<\/p><div class=\"publi-paragraphe1\" style=\"margin-top: 10px;margin-bottom: 10px;margin-left: auto;margin-right: auto;text-align: center;\" id=\"publi-1766973531\"><div class=\"publi-adlabel\">Publicit\u00e9<\/div><script async src=\"\/\/pagead2.googlesyndication.com\/pagead\/js\/adsbygoogle.js?client=ca-pub-4089586018074219\" crossorigin=\"anonymous\"><\/script><ins class=\"adsbygoogle\" style=\"display:block;\" data-ad-client=\"ca-pub-4089586018074219\" \ndata-ad-slot=\"2087940154\" \ndata-ad-format=\"auto\"><\/ins>\n<script> \n(adsbygoogle = window.adsbygoogle || []).push({}); \n<\/script>\n<\/div>\n\n\n\n<p><\/p>\n\n\n\n<p>Le ministre du Tourisme et des Loisirs appelle le leader du Pastef \u00e0 aller r\u00e9pondre s\u2019il est convoqu\u00e9 sans bruit, ni trompette.<\/p>\n\n\n\n<p><\/p>\n\n\n\n<p>\u00ab Moi Mame Mbaye Niang, citoyen s\u00e9n\u00e9galais en appelle \u00e0 sa dignit\u00e9 ou tout au moins pour ce qui lui en reste pour aller sans bruit, ni point de presse, ni incitation \u00e0 un mortel combat, produire devant la justice le rapport de l\u2019IGE qu\u2019il dit d\u00e9tenir depuis fort longtemps et qu\u2019il a gard\u00e9 minutieusement \u00bb. des propos tenus lors d\u2019une rencontre avec la presse.<\/p>\n\n\n\n<p>Samba Sy<\/p>\n<div class=\"publi-apres-le-contenu\" style=\"margin-top: 10px;margin-bottom: 10px;margin-left: auto;margin-right: auto;text-align: center;\" id=\"publi-265223250\"><div class=\"publi-adlabel\">Publicit\u00e9<\/div><script async src=\"\/\/pagead2.googlesyndication.com\/pagead\/js\/adsbygoogle.js?client=ca-pub-4089586018074219\" crossorigin=\"anonymous\"><\/script><ins class=\"adsbygoogle\" style=\"display:block;\" data-ad-client=\"ca-pub-4089586018074219\" \ndata-ad-slot=\"2087940154\" \ndata-ad-format=\"auto\"><\/ins>\n<script> \n(adsbygoogle = window.adsbygoogle || []).push({}); \n<\/script>\n<\/div>","protected":false},"excerpt":{"rendered":"<p>L\u2019affaire de Prodac est tr\u00e8s loin de connaitre son \u00e9pilogue. Apr\u00e8s avoir \u00e9t\u00e9 accus\u00e9 par le leader de Pastef, Mame Mbaye Niang avait port\u00e9 plainte affirmant que Ousmane Sonko avait port\u00e9 \u00ab\u00a0de fausses all\u00e9gations\u00a0\u00bb contre sa personne. Le dossier a \u00e9t\u00e9 confi\u00e9 \u00e0 la division des investigations criminelles et incessamment une convocation devrait \u00eatre remise \u00e0 Ousmane Sonko. Le ministre du Tourisme et des Loisirs appelle le leader du Pastef \u00e0 aller r\u00e9pondre s\u2019il est convoqu\u00e9 sans bruit, ni trompette. \u00ab Moi Mame Mbaye Niang, citoyen s\u00e9n\u00e9galais en appelle \u00e0 sa dignit\u00e9 ou tout au moins pour ce qui lui en reste pour aller sans bruit, ni point de presse, ni incitation \u00e0 un mortel combat, produire devant la justice le rapport de l\u2019IGE qu\u2019il dit d\u00e9tenir depuis fort longtemps et qu\u2019il a gard\u00e9 minutieusement \u00bb. des propos tenus lors d\u2019une rencontre avec la presse. Samba Sy<\/p>\n","protected":false},"author":7,"featured_media":10842,"comment_status":"open","ping_status":"open","sticky":false,"template":"","format":"standard","meta":{"_jetpack_memberships_contains_paid_content":false,"footnotes":""},"categories":[375,3,1],"tags":[293,378,306],"class_list":["post-10841","post","type-post","status-publish","format-standard","has-post-thumbnail","hentry","category-actualites","category-politique","category-non-classe","tag-mame-mbaye-niang","tag-plainte","tag-sonko","entry","has-media","owp-thumbs-layout-horizontal","owp-btn-normal","owp-tabs-layout-horizontal","has-no-thumbnails","has-product-nav"],"yoast_head":"<!-- This site is optimized with the Yoast SEO plugin v25.5 - https:\/\/yoast.com\/wordpress\/plugins\/seo\/ -->\n<title>Mame Mbaye Niang\/ Sonko\u00a0: L\u2019affaire devant la DIC. - LE PUBLIC<\/title>\n<meta name=\"robots\" content=\"index, follow, max-snippet:-1, max-image-preview:large, max-video-preview:-1\" \/>\n<link rel=\"canonical\" href=\"https:\/\/www.public.sn\/index.php\/2022\/12\/02\/mame-mbaye-niang-sonko-laffaire-devant-la-dic\/\" \/>\n<meta property=\"og:locale\" content=\"fr_FR\" \/>\n<meta property=\"og:type\" content=\"article\" \/>\n<meta property=\"og:title\" content=\"Mame Mbaye Niang\/ Sonko\u00a0: L\u2019affaire devant la DIC. - LE PUBLIC\" \/>\n<meta property=\"og:description\" content=\"L\u2019affaire de Prodac est tr\u00e8s loin de connaitre son \u00e9pilogue. Apr\u00e8s avoir \u00e9t\u00e9 accus\u00e9 par le leader de Pastef, Mame Mbaye Niang avait port\u00e9 plainte affirmant que Ousmane Sonko avait port\u00e9 \u00ab\u00a0de fausses all\u00e9gations\u00a0\u00bb contre sa personne. Le dossier a \u00e9t\u00e9 confi\u00e9 \u00e0 la division des investigations criminelles et incessamment une convocation devrait \u00eatre remise \u00e0 Ousmane Sonko. Le ministre du Tourisme et des Loisirs appelle le leader du Pastef \u00e0 aller r\u00e9pondre s\u2019il est convoqu\u00e9 sans bruit, ni trompette. \u00ab Moi Mame Mbaye Niang, citoyen s\u00e9n\u00e9galais en appelle \u00e0 sa dignit\u00e9 ou tout au moins pour ce qui lui en reste pour aller sans bruit, ni point de presse, ni incitation \u00e0 un mortel combat, produire devant la justice le rapport de l\u2019IGE qu\u2019il dit d\u00e9tenir depuis fort longtemps et qu\u2019il a gard\u00e9 minutieusement \u00bb. des propos tenus lors d\u2019une rencontre avec la presse. Samba Sy\" \/>\n<meta property=\"og:url\" content=\"https:\/\/www.public.sn\/index.php\/2022\/12\/02\/mame-mbaye-niang-sonko-laffaire-devant-la-dic\/\" \/>\n<meta property=\"og:site_name\" content=\"LE PUBLIC\" \/>\n<meta property=\"article:published_time\" content=\"2022-12-02T08:46:27+00:00\" \/>\n<meta property=\"article:modified_time\" content=\"2022-12-02T08:46:28+00:00\" \/>\n<meta property=\"og:image\" content=\"https:\/\/www.public.sn\/wp-content\/uploads\/2022\/12\/aa-1.jpg\" \/>\n\t<meta property=\"og:image:width\" content=\"696\" \/>\n\t<meta property=\"og:image:height\" content=\"379\" \/>\n\t<meta property=\"og:image:type\" content=\"image\/jpeg\" \/>\n<meta name=\"author\" content=\"LA REDACTION\" \/>\n<meta name=\"twitter:card\" content=\"summary_large_image\" \/>\n<meta name=\"twitter:label1\" content=\"\u00c9crit par\" \/>\n\t<meta name=\"twitter:data1\" content=\"LA REDACTION\" \/>\n\t<meta name=\"twitter:label2\" content=\"Dur\u00e9e de lecture estim\u00e9e\" \/>\n\t<meta name=\"twitter:data2\" content=\"1 minute\" \/>\n<script type=\"application\/ld+json\" class=\"yoast-schema-graph\">{\"@context\":\"https:\/\/schema.org\",\"@graph\":[{\"@type\":\"Article\",\"@id\":\"https:\/\/www.public.sn\/index.php\/2022\/12\/02\/mame-mbaye-niang-sonko-laffaire-devant-la-dic\/#article\",\"isPartOf\":{\"@id\":\"https:\/\/www.public.sn\/index.php\/2022\/12\/02\/mame-mbaye-niang-sonko-laffaire-devant-la-dic\/\"},\"author\":{\"name\":\"LA REDACTION\",\"@id\":\"https:\/\/www.public.sn\/#\/schema\/person\/cb76c8e1b8becc6be61fb5e92d6d0224\"},\"headline\":\"Mame Mbaye Niang\/ Sonko\u00a0: L\u2019affaire devant la DIC.\",\"datePublished\":\"2022-12-02T08:46:27+00:00\",\"dateModified\":\"2022-12-02T08:46:28+00:00\",\"mainEntityOfPage\":{\"@id\":\"https:\/\/www.public.sn\/index.php\/2022\/12\/02\/mame-mbaye-niang-sonko-laffaire-devant-la-dic\/\"},\"wordCount\":162,\"commentCount\":0,\"publisher\":{\"@id\":\"https:\/\/www.public.sn\/#organization\"},\"image\":{\"@id\":\"https:\/\/www.public.sn\/index.php\/2022\/12\/02\/mame-mbaye-niang-sonko-laffaire-devant-la-dic\/#primaryimage\"},\"thumbnailUrl\":\"https:\/\/www.public.sn\/wp-content\/uploads\/2022\/12\/aa-1.jpg\",\"keywords\":[\"Mame Mbaye Niang\",\"plainte\",\"sonko\"],\"articleSection\":[\"ACTUALIT\u00c9S\",\"POLITIQUE\",\"S\u00c9N\u00c9GAL\"],\"inLanguage\":\"fr-FR\",\"potentialAction\":[{\"@type\":\"CommentAction\",\"name\":\"Comment\",\"target\":[\"https:\/\/www.public.sn\/index.php\/2022\/12\/02\/mame-mbaye-niang-sonko-laffaire-devant-la-dic\/#respond\"]}]},{\"@type\":\"WebPage\",\"@id\":\"https:\/\/www.public.sn\/index.php\/2022\/12\/02\/mame-mbaye-niang-sonko-laffaire-devant-la-dic\/\",\"url\":\"https:\/\/www.public.sn\/index.php\/2022\/12\/02\/mame-mbaye-niang-sonko-laffaire-devant-la-dic\/\",\"name\":\"Mame Mbaye Niang\/ Sonko\u00a0: L\u2019affaire devant la DIC. - LE PUBLIC\",\"isPartOf\":{\"@id\":\"https:\/\/www.public.sn\/#website\"},\"primaryImageOfPage\":{\"@id\":\"https:\/\/www.public.sn\/index.php\/2022\/12\/02\/mame-mbaye-niang-sonko-laffaire-devant-la-dic\/#primaryimage\"},\"image\":{\"@id\":\"https:\/\/www.public.sn\/index.php\/2022\/12\/02\/mame-mbaye-niang-sonko-laffaire-devant-la-dic\/#primaryimage\"},\"thumbnailUrl\":\"https:\/\/www.public.sn\/wp-content\/uploads\/2022\/12\/aa-1.jpg\",\"datePublished\":\"2022-12-02T08:46:27+00:00\",\"dateModified\":\"2022-12-02T08:46:28+00:00\",\"breadcrumb\":{\"@id\":\"https:\/\/www.public.sn\/index.php\/2022\/12\/02\/mame-mbaye-niang-sonko-laffaire-devant-la-dic\/#breadcrumb\"},\"inLanguage\":\"fr-FR\",\"potentialAction\":[{\"@type\":\"ReadAction\",\"target\":[\"https:\/\/www.public.sn\/index.php\/2022\/12\/02\/mame-mbaye-niang-sonko-laffaire-devant-la-dic\/\"]}]},{\"@type\":\"ImageObject\",\"inLanguage\":\"fr-FR\",\"@id\":\"https:\/\/www.public.sn\/index.php\/2022\/12\/02\/mame-mbaye-niang-sonko-laffaire-devant-la-dic\/#primaryimage\",\"url\":\"https:\/\/www.public.sn\/wp-content\/uploads\/2022\/12\/aa-1.jpg\",\"contentUrl\":\"https:\/\/www.public.sn\/wp-content\/uploads\/2022\/12\/aa-1.jpg\",\"width\":696,\"height\":379,\"caption\":\"publicsn\"},{\"@type\":\"BreadcrumbList\",\"@id\":\"https:\/\/www.public.sn\/index.php\/2022\/12\/02\/mame-mbaye-niang-sonko-laffaire-devant-la-dic\/#breadcrumb\",\"itemListElement\":[{\"@type\":\"ListItem\",\"position\":1,\"name\":\"Accueil\",\"item\":\"https:\/\/www.public.sn\/\"},{\"@type\":\"ListItem\",\"position\":2,\"name\":\"Mame Mbaye Niang\/ Sonko\u00a0: L\u2019affaire devant la DIC.\"}]},{\"@type\":\"WebSite\",\"@id\":\"https:\/\/www.public.sn\/#website\",\"url\":\"https:\/\/www.public.sn\/\",\"name\":\"LE PUBLIC\",\"description\":\"\",\"publisher\":{\"@id\":\"https:\/\/www.public.sn\/#organization\"},\"potentialAction\":[{\"@type\":\"SearchAction\",\"target\":{\"@type\":\"EntryPoint\",\"urlTemplate\":\"https:\/\/www.public.sn\/?s={search_term_string}\"},\"query-input\":{\"@type\":\"PropertyValueSpecification\",\"valueRequired\":true,\"valueName\":\"search_term_string\"}}],\"inLanguage\":\"fr-FR\"},{\"@type\":\"Organization\",\"@id\":\"https:\/\/www.public.sn\/#organization\",\"name\":\"LE PUBLIC\",\"url\":\"https:\/\/www.public.sn\/\",\"logo\":{\"@type\":\"ImageObject\",\"inLanguage\":\"fr-FR\",\"@id\":\"https:\/\/www.public.sn\/#\/schema\/logo\/image\/\",\"url\":\"https:\/\/www.public.sn\/wp-content\/uploads\/2024\/05\/cropped-LOGO-PUBLIC.SN_.png\",\"contentUrl\":\"https:\/\/www.public.sn\/wp-content\/uploads\/2024\/05\/cropped-LOGO-PUBLIC.SN_.png\",\"width\":682,\"height\":192,\"caption\":\"LE PUBLIC\"},\"image\":{\"@id\":\"https:\/\/www.public.sn\/#\/schema\/logo\/image\/\"}},{\"@type\":\"Person\",\"@id\":\"https:\/\/www.public.sn\/#\/schema\/person\/cb76c8e1b8becc6be61fb5e92d6d0224\",\"name\":\"LA REDACTION\",\"image\":{\"@type\":\"ImageObject\",\"inLanguage\":\"fr-FR\",\"@id\":\"https:\/\/www.public.sn\/#\/schema\/person\/image\/\",\"url\":\"https:\/\/secure.gravatar.com\/avatar\/2dce5ddd34b8fef0180efe03aa2a9bee7d953856048f9a16b298190a3178407c?s=96&d=mm&r=g\",\"contentUrl\":\"https:\/\/secure.gravatar.com\/avatar\/2dce5ddd34b8fef0180efe03aa2a9bee7d953856048f9a16b298190a3178407c?s=96&d=mm&r=g\",\"caption\":\"LA REDACTION\"},\"url\":\"https:\/\/www.public.sn\/index.php\/author\/editeurpsn\/\"}]}<\/script>\n<!-- \/ Yoast SEO plugin. -->","yoast_head_json":{"title":"Mame Mbaye Niang\/ Sonko\u00a0: L\u2019affaire devant la DIC. - LE PUBLIC","robots":{"index":"index","follow":"follow","max-snippet":"max-snippet:-1","max-image-preview":"max-image-preview:large","max-video-preview":"max-video-preview:-1"},"canonical":"https:\/\/www.public.sn\/index.php\/2022\/12\/02\/mame-mbaye-niang-sonko-laffaire-devant-la-dic\/","og_locale":"fr_FR","og_type":"article","og_title":"Mame Mbaye Niang\/ Sonko\u00a0: L\u2019affaire devant la DIC. - LE PUBLIC","og_description":"L\u2019affaire de Prodac est tr\u00e8s loin de connaitre son \u00e9pilogue. Apr\u00e8s avoir \u00e9t\u00e9 accus\u00e9 par le leader de Pastef, Mame Mbaye Niang avait port\u00e9 plainte affirmant que Ousmane Sonko avait port\u00e9 \u00ab\u00a0de fausses all\u00e9gations\u00a0\u00bb contre sa personne. Le dossier a \u00e9t\u00e9 confi\u00e9 \u00e0 la division des investigations criminelles et incessamment une convocation devrait \u00eatre remise \u00e0 Ousmane Sonko. Le ministre du Tourisme et des Loisirs appelle le leader du Pastef \u00e0 aller r\u00e9pondre s\u2019il est convoqu\u00e9 sans bruit, ni trompette. \u00ab Moi Mame Mbaye Niang, citoyen s\u00e9n\u00e9galais en appelle \u00e0 sa dignit\u00e9 ou tout au moins pour ce qui lui en reste pour aller sans bruit, ni point de presse, ni incitation \u00e0 un mortel combat, produire devant la justice le rapport de l\u2019IGE qu\u2019il dit d\u00e9tenir depuis fort longtemps et qu\u2019il a gard\u00e9 minutieusement \u00bb. des propos tenus lors d\u2019une rencontre avec la presse. Samba Sy","og_url":"https:\/\/www.public.sn\/index.php\/2022\/12\/02\/mame-mbaye-niang-sonko-laffaire-devant-la-dic\/","og_site_name":"LE PUBLIC","article_published_time":"2022-12-02T08:46:27+00:00","article_modified_time":"2022-12-02T08:46:28+00:00","og_image":[{"width":696,"height":379,"url":"https:\/\/www.public.sn\/wp-content\/uploads\/2022\/12\/aa-1.jpg","type":"image\/jpeg"}],"author":"LA REDACTION","twitter_card":"summary_large_image","twitter_misc":{"\u00c9crit par":"LA REDACTION","Dur\u00e9e de lecture estim\u00e9e":"1 minute"},"schema":{"@context":"https:\/\/schema.org","@graph":[{"@type":"Article","@id":"https:\/\/www.public.sn\/index.php\/2022\/12\/02\/mame-mbaye-niang-sonko-laffaire-devant-la-dic\/#article","isPartOf":{"@id":"https:\/\/www.public.sn\/index.php\/2022\/12\/02\/mame-mbaye-niang-sonko-laffaire-devant-la-dic\/"},"author":{"name":"LA REDACTION","@id":"https:\/\/www.public.sn\/#\/schema\/person\/cb76c8e1b8becc6be61fb5e92d6d0224"},"headline":"Mame Mbaye Niang\/ Sonko\u00a0: L\u2019affaire devant la DIC.","datePublished":"2022-12-02T08:46:27+00:00","dateModified":"2022-12-02T08:46:28+00:00","mainEntityOfPage":{"@id":"https:\/\/www.public.sn\/index.php\/2022\/12\/02\/mame-mbaye-niang-sonko-laffaire-devant-la-dic\/"},"wordCount":162,"commentCount":0,"publisher":{"@id":"https:\/\/www.public.sn\/#organization"},"image":{"@id":"https:\/\/www.public.sn\/index.php\/2022\/12\/02\/mame-mbaye-niang-sonko-laffaire-devant-la-dic\/#primaryimage"},"thumbnailUrl":"https:\/\/www.public.sn\/wp-content\/uploads\/2022\/12\/aa-1.jpg","keywords":["Mame Mbaye Niang","plainte","sonko"],"articleSection":["ACTUALIT\u00c9S","POLITIQUE","S\u00c9N\u00c9GAL"],"inLanguage":"fr-FR","potentialAction":[{"@type":"CommentAction","name":"Comment","target":["https:\/\/www.public.sn\/index.php\/2022\/12\/02\/mame-mbaye-niang-sonko-laffaire-devant-la-dic\/#respond"]}]},{"@type":"WebPage","@id":"https:\/\/www.public.sn\/index.php\/2022\/12\/02\/mame-mbaye-niang-sonko-laffaire-devant-la-dic\/","url":"https:\/\/www.public.sn\/index.php\/2022\/12\/02\/mame-mbaye-niang-sonko-laffaire-devant-la-dic\/","name":"Mame Mbaye Niang\/ Sonko\u00a0: L\u2019affaire devant la DIC. - LE PUBLIC","isPartOf":{"@id":"https:\/\/www.public.sn\/#website"},"primaryImageOfPage":{"@id":"https:\/\/www.public.sn\/index.php\/2022\/12\/02\/mame-mbaye-niang-sonko-laffaire-devant-la-dic\/#primaryimage"},"image":{"@id":"https:\/\/www.public.sn\/index.php\/2022\/12\/02\/mame-mbaye-niang-sonko-laffaire-devant-la-dic\/#primaryimage"},"thumbnailUrl":"https:\/\/www.public.sn\/wp-content\/uploads\/2022\/12\/aa-1.jpg","datePublished":"2022-12-02T08:46:27+00:00","dateModified":"2022-12-02T08:46:28+00:00","breadcrumb":{"@id":"https:\/\/www.public.sn\/index.php\/2022\/12\/02\/mame-mbaye-niang-sonko-laffaire-devant-la-dic\/#breadcrumb"},"inLanguage":"fr-FR","potentialAction":[{"@type":"ReadAction","target":["https:\/\/www.public.sn\/index.php\/2022\/12\/02\/mame-mbaye-niang-sonko-laffaire-devant-la-dic\/"]}]},{"@type":"ImageObject","inLanguage":"fr-FR","@id":"https:\/\/www.public.sn\/index.php\/2022\/12\/02\/mame-mbaye-niang-sonko-laffaire-devant-la-dic\/#primaryimage","url":"https:\/\/www.public.sn\/wp-content\/uploads\/2022\/12\/aa-1.jpg","contentUrl":"https:\/\/www.public.sn\/wp-content\/uploads\/2022\/12\/aa-1.jpg","width":696,"height":379,"caption":"publicsn"},{"@type":"BreadcrumbList","@id":"https:\/\/www.public.sn\/index.php\/2022\/12\/02\/mame-mbaye-niang-sonko-laffaire-devant-la-dic\/#breadcrumb","itemListElement":[{"@type":"ListItem","position":1,"name":"Accueil","item":"https:\/\/www.public.sn\/"},{"@type":"ListItem","position":2,"name":"Mame Mbaye Niang\/ Sonko\u00a0: L\u2019affaire devant la DIC."}]},{"@type":"WebSite","@id":"https:\/\/www.public.sn\/#website","url":"https:\/\/www.public.sn\/","name":"LE PUBLIC","description":"","publisher":{"@id":"https:\/\/www.public.sn\/#organization"},"potentialAction":[{"@type":"SearchAction","target":{"@type":"EntryPoint","urlTemplate":"https:\/\/www.public.sn\/?s={search_term_string}"},"query-input":{"@type":"PropertyValueSpecification","valueRequired":true,"valueName":"search_term_string"}}],"inLanguage":"fr-FR"},{"@type":"Organization","@id":"https:\/\/www.public.sn\/#organization","name":"LE PUBLIC","url":"https:\/\/www.public.sn\/","logo":{"@type":"ImageObject","inLanguage":"fr-FR","@id":"https:\/\/www.public.sn\/#\/schema\/logo\/image\/","url":"https:\/\/www.public.sn\/wp-content\/uploads\/2024\/05\/cropped-LOGO-PUBLIC.SN_.png","contentUrl":"https:\/\/www.public.sn\/wp-content\/uploads\/2024\/05\/cropped-LOGO-PUBLIC.SN_.png","width":682,"height":192,"caption":"LE PUBLIC"},"image":{"@id":"https:\/\/www.public.sn\/#\/schema\/logo\/image\/"}},{"@type":"Person","@id":"https:\/\/www.public.sn\/#\/schema\/person\/cb76c8e1b8becc6be61fb5e92d6d0224","name":"LA REDACTION","image":{"@type":"ImageObject","inLanguage":"fr-FR","@id":"https:\/\/www.public.sn\/#\/schema\/person\/image\/","url":"https:\/\/secure.gravatar.com\/avatar\/2dce5ddd34b8fef0180efe03aa2a9bee7d953856048f9a16b298190a3178407c?s=96&d=mm&r=g","contentUrl":"https:\/\/secure.gravatar.com\/avatar\/2dce5ddd34b8fef0180efe03aa2a9bee7d953856048f9a16b298190a3178407c?s=96&d=mm&r=g","caption":"LA REDACTION"},"url":"https:\/\/www.public.sn\/index.php\/author\/editeurpsn\/"}]}},"jetpack_featured_media_url":"https:\/\/www.public.sn\/wp-content\/uploads\/2022\/12\/aa-1.jpg","jetpack_sharing_enabled":true,"_links":{"self":[{"href":"https:\/\/www.public.sn\/index.php\/wp-json\/wp\/v2\/posts\/10841","targetHints":{"allow":["GET"]}}],"collection":[{"href":"https:\/\/www.public.sn\/index.php\/wp-json\/wp\/v2\/posts"}],"about":[{"href":"https:\/\/www.public.sn\/index.php\/wp-json\/wp\/v2\/types\/post"}],"author":[{"embeddable":true,"href":"https:\/\/www.public.sn\/index.php\/wp-json\/wp\/v2\/users\/7"}],"replies":[{"embeddable":true,"href":"https:\/\/www.public.sn\/index.php\/wp-json\/wp\/v2\/comments?post=10841"}],"version-history":[{"count":1,"href":"https:\/\/www.public.sn\/index.php\/wp-json\/wp\/v2\/posts\/10841\/revisions"}],"predecessor-version":[{"id":10843,"href":"https:\/\/www.public.sn\/index.php\/wp-json\/wp\/v2\/posts\/10841\/revisions\/10843"}],"wp:featuredmedia":[{"embeddable":true,"href":"https:\/\/www.public.sn\/index.php\/wp-json\/wp\/v2\/media\/10842"}],"wp:attachment":[{"href":"https:\/\/www.public.sn\/index.php\/wp-json\/wp\/v2\/media?parent=10841"}],"wp:term":[{"taxonomy":"category","embeddable":true,"href":"https:\/\/www.public.sn\/index.php\/wp-json\/wp\/v2\/categories?post=10841"},{"taxonomy":"post_tag","embeddable":true,"href":"https:\/\/www.public.sn\/index.php\/wp-json\/wp\/v2\/tags?post=10841"}],"curies":[{"name":"wp","href":"https:\/\/api.w.org\/{rel}","templated":true}]}}