{"id":10884,"date":"2022-12-02T11:32:35","date_gmt":"2022-12-02T11:32:35","guid":{"rendered":"https:\/\/www.public.sn\/?p=10884"},"modified":"2022-12-02T11:32:36","modified_gmt":"2022-12-02T11:32:36","slug":"agression-amy-ndiaye-une-petition-en-cours","status":"publish","type":"post","link":"https:\/\/www.public.sn\/index.php\/2022\/12\/02\/agression-amy-ndiaye-une-petition-en-cours\/","title":{"rendered":"Agression Amy Ndiaye\u00a0: Une p\u00e9tition en cours. \u00a0"},"content":{"rendered":"\n<p><\/p>\n\n\n\n<p>L\u2019agression de la d\u00e9put\u00e9e Amy Ndiaye prend une nouvelle tournure. En effet une p\u00e9tition a \u00e9t\u00e9 initi\u00e9e pour dire \u00ab Stop \u00e0 la violence faite aux femmes \u00bb. une d\u00e9marche qui fait suite \u00e0 la gifle et au coup de pied re\u00e7u par Amy Ndiaye. <\/p><div class=\"publi-paragraphe1\" style=\"margin-top: 10px;margin-bottom: 10px;margin-left: auto;margin-right: auto;text-align: center;\" id=\"publi-2217338067\"><div class=\"publi-adlabel\">Publicit\u00e9<\/div><script async src=\"\/\/pagead2.googlesyndication.com\/pagead\/js\/adsbygoogle.js?client=ca-pub-4089586018074219\" crossorigin=\"anonymous\"><\/script><ins class=\"adsbygoogle\" style=\"display:block;\" data-ad-client=\"ca-pub-4089586018074219\" \ndata-ad-slot=\"2087940154\" \ndata-ad-format=\"auto\"><\/ins>\n<script> \n(adsbygoogle = window.adsbygoogle || []).push({}); \n<\/script>\n<\/div>\n\n\n\n<p><\/p>\n\n\n\n<p>C\u2019est ainsi que le conseiller en communication du pr\u00e9sident de la R\u00e9publique Hamidou Kass\u00e9 a sign\u00e9 et recommande de signer cette p\u00e9tition tout en esp\u00e9rant que la d\u00e9put\u00e9e va se r\u00e9tablir au plus vite de cette \u00ab\u00a0violence inou\u00efe\u00a0\u00bb dont elle a \u00e9t\u00e9 victime.<\/p>\n\n\n\n<p>Samba SY.<\/p>\n<div class=\"publi-apres-le-contenu\" style=\"margin-top: 10px;margin-bottom: 10px;margin-left: auto;margin-right: auto;text-align: center;\" id=\"publi-3677982509\"><div class=\"publi-adlabel\">Publicit\u00e9<\/div><script async src=\"\/\/pagead2.googlesyndication.com\/pagead\/js\/adsbygoogle.js?client=ca-pub-4089586018074219\" crossorigin=\"anonymous\"><\/script><ins class=\"adsbygoogle\" style=\"display:block;\" data-ad-client=\"ca-pub-4089586018074219\" \ndata-ad-slot=\"2087940154\" \ndata-ad-format=\"auto\"><\/ins>\n<script> \n(adsbygoogle = window.adsbygoogle || []).push({}); \n<\/script>\n<\/div>","protected":false},"excerpt":{"rendered":"<p>L\u2019agression de la d\u00e9put\u00e9e Amy Ndiaye prend une nouvelle tournure. En effet une p\u00e9tition a \u00e9t\u00e9 initi\u00e9e pour dire \u00ab Stop \u00e0 la violence faite aux femmes \u00bb. une d\u00e9marche qui fait suite \u00e0 la gifle et au coup de pied re\u00e7u par Amy Ndiaye. C\u2019est ainsi que le conseiller en communication du pr\u00e9sident de la R\u00e9publique Hamidou Kass\u00e9 a sign\u00e9 et recommande de signer cette p\u00e9tition tout en esp\u00e9rant que la d\u00e9put\u00e9e va se r\u00e9tablir au plus vite de cette \u00ab\u00a0violence inou\u00efe\u00a0\u00bb dont elle a \u00e9t\u00e9 victime. Samba SY.<\/p>\n","protected":false},"author":7,"featured_media":10885,"comment_status":"open","ping_status":"open","sticky":false,"template":"","format":"standard","meta":{"_jetpack_memberships_contains_paid_content":false,"footnotes":""},"categories":[375,1,4],"tags":[1506,3421,3590],"class_list":["post-10884","post","type-post","status-publish","format-standard","has-post-thumbnail","hentry","category-actualites","category-non-classe","category-societe","tag-agression","tag-amy-ndiaye","tag-petition","entry","has-media","owp-thumbs-layout-horizontal","owp-btn-normal","owp-tabs-layout-horizontal","has-no-thumbnails","has-product-nav"],"yoast_head":"<!-- This site is optimized with the Yoast SEO plugin v25.5 - https:\/\/yoast.com\/wordpress\/plugins\/seo\/ -->\n<title>Agression Amy Ndiaye\u00a0: Une p\u00e9tition en cours. \u00a0 - LE PUBLIC<\/title>\n<meta name=\"robots\" content=\"index, follow, max-snippet:-1, max-image-preview:large, max-video-preview:-1\" \/>\n<link rel=\"canonical\" href=\"https:\/\/www.public.sn\/index.php\/2022\/12\/02\/agression-amy-ndiaye-une-petition-en-cours\/\" \/>\n<meta property=\"og:locale\" content=\"fr_FR\" \/>\n<meta property=\"og:type\" content=\"article\" \/>\n<meta property=\"og:title\" content=\"Agression Amy Ndiaye\u00a0: Une p\u00e9tition en cours. \u00a0 - LE PUBLIC\" \/>\n<meta property=\"og:description\" content=\"L\u2019agression de la d\u00e9put\u00e9e Amy Ndiaye prend une nouvelle tournure. En effet une p\u00e9tition a \u00e9t\u00e9 initi\u00e9e pour dire \u00ab Stop \u00e0 la violence faite aux femmes \u00bb. une d\u00e9marche qui fait suite \u00e0 la gifle et au coup de pied re\u00e7u par Amy Ndiaye. C\u2019est ainsi que le conseiller en communication du pr\u00e9sident de la R\u00e9publique Hamidou Kass\u00e9 a sign\u00e9 et recommande de signer cette p\u00e9tition tout en esp\u00e9rant que la d\u00e9put\u00e9e va se r\u00e9tablir au plus vite de cette \u00ab\u00a0violence inou\u00efe\u00a0\u00bb dont elle a \u00e9t\u00e9 victime. Samba SY.\" \/>\n<meta property=\"og:url\" content=\"https:\/\/www.public.sn\/index.php\/2022\/12\/02\/agression-amy-ndiaye-une-petition-en-cours\/\" \/>\n<meta property=\"og:site_name\" content=\"LE PUBLIC\" \/>\n<meta property=\"article:published_time\" content=\"2022-12-02T11:32:35+00:00\" \/>\n<meta property=\"article:modified_time\" content=\"2022-12-02T11:32:36+00:00\" \/>\n<meta property=\"og:image\" content=\"https:\/\/www.public.sn\/wp-content\/uploads\/2022\/12\/hamidou-kasse.jpg\" \/>\n\t<meta property=\"og:image:width\" content=\"2048\" \/>\n\t<meta property=\"og:image:height\" content=\"1448\" \/>\n\t<meta property=\"og:image:type\" content=\"image\/jpeg\" \/>\n<meta name=\"author\" content=\"LA REDACTION\" \/>\n<meta name=\"twitter:card\" content=\"summary_large_image\" \/>\n<meta name=\"twitter:label1\" content=\"\u00c9crit par\" \/>\n\t<meta name=\"twitter:data1\" content=\"LA REDACTION\" \/>\n\t<meta name=\"twitter:label2\" content=\"Dur\u00e9e de lecture estim\u00e9e\" \/>\n\t<meta name=\"twitter:data2\" content=\"1 minute\" \/>\n<script type=\"application\/ld+json\" class=\"yoast-schema-graph\">{\"@context\":\"https:\/\/schema.org\",\"@graph\":[{\"@type\":\"Article\",\"@id\":\"https:\/\/www.public.sn\/index.php\/2022\/12\/02\/agression-amy-ndiaye-une-petition-en-cours\/#article\",\"isPartOf\":{\"@id\":\"https:\/\/www.public.sn\/index.php\/2022\/12\/02\/agression-amy-ndiaye-une-petition-en-cours\/\"},\"author\":{\"name\":\"LA REDACTION\",\"@id\":\"https:\/\/www.public.sn\/#\/schema\/person\/cb76c8e1b8becc6be61fb5e92d6d0224\"},\"headline\":\"Agression Amy Ndiaye\u00a0: Une p\u00e9tition en cours. \u00a0\",\"datePublished\":\"2022-12-02T11:32:35+00:00\",\"dateModified\":\"2022-12-02T11:32:36+00:00\",\"mainEntityOfPage\":{\"@id\":\"https:\/\/www.public.sn\/index.php\/2022\/12\/02\/agression-amy-ndiaye-une-petition-en-cours\/\"},\"wordCount\":110,\"commentCount\":0,\"publisher\":{\"@id\":\"https:\/\/www.public.sn\/#organization\"},\"image\":{\"@id\":\"https:\/\/www.public.sn\/index.php\/2022\/12\/02\/agression-amy-ndiaye-une-petition-en-cours\/#primaryimage\"},\"thumbnailUrl\":\"https:\/\/www.public.sn\/wp-content\/uploads\/2022\/12\/hamidou-kasse.jpg\",\"keywords\":[\"Agression\",\"amy ndiaye\",\"petition\"],\"articleSection\":[\"ACTUALIT\u00c9S\",\"S\u00c9N\u00c9GAL\",\"SOCIETE\"],\"inLanguage\":\"fr-FR\",\"potentialAction\":[{\"@type\":\"CommentAction\",\"name\":\"Comment\",\"target\":[\"https:\/\/www.public.sn\/index.php\/2022\/12\/02\/agression-amy-ndiaye-une-petition-en-cours\/#respond\"]}]},{\"@type\":\"WebPage\",\"@id\":\"https:\/\/www.public.sn\/index.php\/2022\/12\/02\/agression-amy-ndiaye-une-petition-en-cours\/\",\"url\":\"https:\/\/www.public.sn\/index.php\/2022\/12\/02\/agression-amy-ndiaye-une-petition-en-cours\/\",\"name\":\"Agression Amy Ndiaye\u00a0: Une p\u00e9tition en cours. \u00a0 - LE PUBLIC\",\"isPartOf\":{\"@id\":\"https:\/\/www.public.sn\/#website\"},\"primaryImageOfPage\":{\"@id\":\"https:\/\/www.public.sn\/index.php\/2022\/12\/02\/agression-amy-ndiaye-une-petition-en-cours\/#primaryimage\"},\"image\":{\"@id\":\"https:\/\/www.public.sn\/index.php\/2022\/12\/02\/agression-amy-ndiaye-une-petition-en-cours\/#primaryimage\"},\"thumbnailUrl\":\"https:\/\/www.public.sn\/wp-content\/uploads\/2022\/12\/hamidou-kasse.jpg\",\"datePublished\":\"2022-12-02T11:32:35+00:00\",\"dateModified\":\"2022-12-02T11:32:36+00:00\",\"breadcrumb\":{\"@id\":\"https:\/\/www.public.sn\/index.php\/2022\/12\/02\/agression-amy-ndiaye-une-petition-en-cours\/#breadcrumb\"},\"inLanguage\":\"fr-FR\",\"potentialAction\":[{\"@type\":\"ReadAction\",\"target\":[\"https:\/\/www.public.sn\/index.php\/2022\/12\/02\/agression-amy-ndiaye-une-petition-en-cours\/\"]}]},{\"@type\":\"ImageObject\",\"inLanguage\":\"fr-FR\",\"@id\":\"https:\/\/www.public.sn\/index.php\/2022\/12\/02\/agression-amy-ndiaye-une-petition-en-cours\/#primaryimage\",\"url\":\"https:\/\/www.public.sn\/wp-content\/uploads\/2022\/12\/hamidou-kasse.jpg\",\"contentUrl\":\"https:\/\/www.public.sn\/wp-content\/uploads\/2022\/12\/hamidou-kasse.jpg\",\"width\":2048,\"height\":1448,\"caption\":\"publicsn\"},{\"@type\":\"BreadcrumbList\",\"@id\":\"https:\/\/www.public.sn\/index.php\/2022\/12\/02\/agression-amy-ndiaye-une-petition-en-cours\/#breadcrumb\",\"itemListElement\":[{\"@type\":\"ListItem\",\"position\":1,\"name\":\"Accueil\",\"item\":\"https:\/\/www.public.sn\/\"},{\"@type\":\"ListItem\",\"position\":2,\"name\":\"Agression Amy Ndiaye\u00a0: Une p\u00e9tition en cours. \u00a0\"}]},{\"@type\":\"WebSite\",\"@id\":\"https:\/\/www.public.sn\/#website\",\"url\":\"https:\/\/www.public.sn\/\",\"name\":\"LE PUBLIC\",\"description\":\"\",\"publisher\":{\"@id\":\"https:\/\/www.public.sn\/#organization\"},\"potentialAction\":[{\"@type\":\"SearchAction\",\"target\":{\"@type\":\"EntryPoint\",\"urlTemplate\":\"https:\/\/www.public.sn\/?s={search_term_string}\"},\"query-input\":{\"@type\":\"PropertyValueSpecification\",\"valueRequired\":true,\"valueName\":\"search_term_string\"}}],\"inLanguage\":\"fr-FR\"},{\"@type\":\"Organization\",\"@id\":\"https:\/\/www.public.sn\/#organization\",\"name\":\"LE PUBLIC\",\"url\":\"https:\/\/www.public.sn\/\",\"logo\":{\"@type\":\"ImageObject\",\"inLanguage\":\"fr-FR\",\"@id\":\"https:\/\/www.public.sn\/#\/schema\/logo\/image\/\",\"url\":\"https:\/\/www.public.sn\/wp-content\/uploads\/2024\/05\/cropped-LOGO-PUBLIC.SN_.png\",\"contentUrl\":\"https:\/\/www.public.sn\/wp-content\/uploads\/2024\/05\/cropped-LOGO-PUBLIC.SN_.png\",\"width\":682,\"height\":192,\"caption\":\"LE PUBLIC\"},\"image\":{\"@id\":\"https:\/\/www.public.sn\/#\/schema\/logo\/image\/\"}},{\"@type\":\"Person\",\"@id\":\"https:\/\/www.public.sn\/#\/schema\/person\/cb76c8e1b8becc6be61fb5e92d6d0224\",\"name\":\"LA REDACTION\",\"image\":{\"@type\":\"ImageObject\",\"inLanguage\":\"fr-FR\",\"@id\":\"https:\/\/www.public.sn\/#\/schema\/person\/image\/\",\"url\":\"https:\/\/secure.gravatar.com\/avatar\/2dce5ddd34b8fef0180efe03aa2a9bee7d953856048f9a16b298190a3178407c?s=96&d=mm&r=g\",\"contentUrl\":\"https:\/\/secure.gravatar.com\/avatar\/2dce5ddd34b8fef0180efe03aa2a9bee7d953856048f9a16b298190a3178407c?s=96&d=mm&r=g\",\"caption\":\"LA REDACTION\"},\"url\":\"https:\/\/www.public.sn\/index.php\/author\/editeurpsn\/\"}]}<\/script>\n<!-- \/ Yoast SEO plugin. -->","yoast_head_json":{"title":"Agression Amy Ndiaye\u00a0: Une p\u00e9tition en cours. \u00a0 - LE PUBLIC","robots":{"index":"index","follow":"follow","max-snippet":"max-snippet:-1","max-image-preview":"max-image-preview:large","max-video-preview":"max-video-preview:-1"},"canonical":"https:\/\/www.public.sn\/index.php\/2022\/12\/02\/agression-amy-ndiaye-une-petition-en-cours\/","og_locale":"fr_FR","og_type":"article","og_title":"Agression Amy Ndiaye\u00a0: Une p\u00e9tition en cours. \u00a0 - LE PUBLIC","og_description":"L\u2019agression de la d\u00e9put\u00e9e Amy Ndiaye prend une nouvelle tournure. En effet une p\u00e9tition a \u00e9t\u00e9 initi\u00e9e pour dire \u00ab Stop \u00e0 la violence faite aux femmes \u00bb. une d\u00e9marche qui fait suite \u00e0 la gifle et au coup de pied re\u00e7u par Amy Ndiaye. C\u2019est ainsi que le conseiller en communication du pr\u00e9sident de la R\u00e9publique Hamidou Kass\u00e9 a sign\u00e9 et recommande de signer cette p\u00e9tition tout en esp\u00e9rant que la d\u00e9put\u00e9e va se r\u00e9tablir au plus vite de cette \u00ab\u00a0violence inou\u00efe\u00a0\u00bb dont elle a \u00e9t\u00e9 victime. Samba SY.","og_url":"https:\/\/www.public.sn\/index.php\/2022\/12\/02\/agression-amy-ndiaye-une-petition-en-cours\/","og_site_name":"LE PUBLIC","article_published_time":"2022-12-02T11:32:35+00:00","article_modified_time":"2022-12-02T11:32:36+00:00","og_image":[{"width":2048,"height":1448,"url":"https:\/\/www.public.sn\/wp-content\/uploads\/2022\/12\/hamidou-kasse.jpg","type":"image\/jpeg"}],"author":"LA REDACTION","twitter_card":"summary_large_image","twitter_misc":{"\u00c9crit par":"LA REDACTION","Dur\u00e9e de lecture estim\u00e9e":"1 minute"},"schema":{"@context":"https:\/\/schema.org","@graph":[{"@type":"Article","@id":"https:\/\/www.public.sn\/index.php\/2022\/12\/02\/agression-amy-ndiaye-une-petition-en-cours\/#article","isPartOf":{"@id":"https:\/\/www.public.sn\/index.php\/2022\/12\/02\/agression-amy-ndiaye-une-petition-en-cours\/"},"author":{"name":"LA REDACTION","@id":"https:\/\/www.public.sn\/#\/schema\/person\/cb76c8e1b8becc6be61fb5e92d6d0224"},"headline":"Agression Amy Ndiaye\u00a0: Une p\u00e9tition en cours. \u00a0","datePublished":"2022-12-02T11:32:35+00:00","dateModified":"2022-12-02T11:32:36+00:00","mainEntityOfPage":{"@id":"https:\/\/www.public.sn\/index.php\/2022\/12\/02\/agression-amy-ndiaye-une-petition-en-cours\/"},"wordCount":110,"commentCount":0,"publisher":{"@id":"https:\/\/www.public.sn\/#organization"},"image":{"@id":"https:\/\/www.public.sn\/index.php\/2022\/12\/02\/agression-amy-ndiaye-une-petition-en-cours\/#primaryimage"},"thumbnailUrl":"https:\/\/www.public.sn\/wp-content\/uploads\/2022\/12\/hamidou-kasse.jpg","keywords":["Agression","amy ndiaye","petition"],"articleSection":["ACTUALIT\u00c9S","S\u00c9N\u00c9GAL","SOCIETE"],"inLanguage":"fr-FR","potentialAction":[{"@type":"CommentAction","name":"Comment","target":["https:\/\/www.public.sn\/index.php\/2022\/12\/02\/agression-amy-ndiaye-une-petition-en-cours\/#respond"]}]},{"@type":"WebPage","@id":"https:\/\/www.public.sn\/index.php\/2022\/12\/02\/agression-amy-ndiaye-une-petition-en-cours\/","url":"https:\/\/www.public.sn\/index.php\/2022\/12\/02\/agression-amy-ndiaye-une-petition-en-cours\/","name":"Agression Amy Ndiaye\u00a0: Une p\u00e9tition en cours. \u00a0 - LE PUBLIC","isPartOf":{"@id":"https:\/\/www.public.sn\/#website"},"primaryImageOfPage":{"@id":"https:\/\/www.public.sn\/index.php\/2022\/12\/02\/agression-amy-ndiaye-une-petition-en-cours\/#primaryimage"},"image":{"@id":"https:\/\/www.public.sn\/index.php\/2022\/12\/02\/agression-amy-ndiaye-une-petition-en-cours\/#primaryimage"},"thumbnailUrl":"https:\/\/www.public.sn\/wp-content\/uploads\/2022\/12\/hamidou-kasse.jpg","datePublished":"2022-12-02T11:32:35+00:00","dateModified":"2022-12-02T11:32:36+00:00","breadcrumb":{"@id":"https:\/\/www.public.sn\/index.php\/2022\/12\/02\/agression-amy-ndiaye-une-petition-en-cours\/#breadcrumb"},"inLanguage":"fr-FR","potentialAction":[{"@type":"ReadAction","target":["https:\/\/www.public.sn\/index.php\/2022\/12\/02\/agression-amy-ndiaye-une-petition-en-cours\/"]}]},{"@type":"ImageObject","inLanguage":"fr-FR","@id":"https:\/\/www.public.sn\/index.php\/2022\/12\/02\/agression-amy-ndiaye-une-petition-en-cours\/#primaryimage","url":"https:\/\/www.public.sn\/wp-content\/uploads\/2022\/12\/hamidou-kasse.jpg","contentUrl":"https:\/\/www.public.sn\/wp-content\/uploads\/2022\/12\/hamidou-kasse.jpg","width":2048,"height":1448,"caption":"publicsn"},{"@type":"BreadcrumbList","@id":"https:\/\/www.public.sn\/index.php\/2022\/12\/02\/agression-amy-ndiaye-une-petition-en-cours\/#breadcrumb","itemListElement":[{"@type":"ListItem","position":1,"name":"Accueil","item":"https:\/\/www.public.sn\/"},{"@type":"ListItem","position":2,"name":"Agression Amy Ndiaye\u00a0: Une p\u00e9tition en cours. \u00a0"}]},{"@type":"WebSite","@id":"https:\/\/www.public.sn\/#website","url":"https:\/\/www.public.sn\/","name":"LE PUBLIC","description":"","publisher":{"@id":"https:\/\/www.public.sn\/#organization"},"potentialAction":[{"@type":"SearchAction","target":{"@type":"EntryPoint","urlTemplate":"https:\/\/www.public.sn\/?s={search_term_string}"},"query-input":{"@type":"PropertyValueSpecification","valueRequired":true,"valueName":"search_term_string"}}],"inLanguage":"fr-FR"},{"@type":"Organization","@id":"https:\/\/www.public.sn\/#organization","name":"LE PUBLIC","url":"https:\/\/www.public.sn\/","logo":{"@type":"ImageObject","inLanguage":"fr-FR","@id":"https:\/\/www.public.sn\/#\/schema\/logo\/image\/","url":"https:\/\/www.public.sn\/wp-content\/uploads\/2024\/05\/cropped-LOGO-PUBLIC.SN_.png","contentUrl":"https:\/\/www.public.sn\/wp-content\/uploads\/2024\/05\/cropped-LOGO-PUBLIC.SN_.png","width":682,"height":192,"caption":"LE PUBLIC"},"image":{"@id":"https:\/\/www.public.sn\/#\/schema\/logo\/image\/"}},{"@type":"Person","@id":"https:\/\/www.public.sn\/#\/schema\/person\/cb76c8e1b8becc6be61fb5e92d6d0224","name":"LA REDACTION","image":{"@type":"ImageObject","inLanguage":"fr-FR","@id":"https:\/\/www.public.sn\/#\/schema\/person\/image\/","url":"https:\/\/secure.gravatar.com\/avatar\/2dce5ddd34b8fef0180efe03aa2a9bee7d953856048f9a16b298190a3178407c?s=96&d=mm&r=g","contentUrl":"https:\/\/secure.gravatar.com\/avatar\/2dce5ddd34b8fef0180efe03aa2a9bee7d953856048f9a16b298190a3178407c?s=96&d=mm&r=g","caption":"LA REDACTION"},"url":"https:\/\/www.public.sn\/index.php\/author\/editeurpsn\/"}]}},"jetpack_featured_media_url":"https:\/\/www.public.sn\/wp-content\/uploads\/2022\/12\/hamidou-kasse.jpg","jetpack_sharing_enabled":true,"_links":{"self":[{"href":"https:\/\/www.public.sn\/index.php\/wp-json\/wp\/v2\/posts\/10884","targetHints":{"allow":["GET"]}}],"collection":[{"href":"https:\/\/www.public.sn\/index.php\/wp-json\/wp\/v2\/posts"}],"about":[{"href":"https:\/\/www.public.sn\/index.php\/wp-json\/wp\/v2\/types\/post"}],"author":[{"embeddable":true,"href":"https:\/\/www.public.sn\/index.php\/wp-json\/wp\/v2\/users\/7"}],"replies":[{"embeddable":true,"href":"https:\/\/www.public.sn\/index.php\/wp-json\/wp\/v2\/comments?post=10884"}],"version-history":[{"count":1,"href":"https:\/\/www.public.sn\/index.php\/wp-json\/wp\/v2\/posts\/10884\/revisions"}],"predecessor-version":[{"id":10886,"href":"https:\/\/www.public.sn\/index.php\/wp-json\/wp\/v2\/posts\/10884\/revisions\/10886"}],"wp:featuredmedia":[{"embeddable":true,"href":"https:\/\/www.public.sn\/index.php\/wp-json\/wp\/v2\/media\/10885"}],"wp:attachment":[{"href":"https:\/\/www.public.sn\/index.php\/wp-json\/wp\/v2\/media?parent=10884"}],"wp:term":[{"taxonomy":"category","embeddable":true,"href":"https:\/\/www.public.sn\/index.php\/wp-json\/wp\/v2\/categories?post=10884"},{"taxonomy":"post_tag","embeddable":true,"href":"https:\/\/www.public.sn\/index.php\/wp-json\/wp\/v2\/tags?post=10884"}],"curies":[{"name":"wp","href":"https:\/\/api.w.org\/{rel}","templated":true}]}}