{"id":10887,"date":"2022-12-02T11:48:16","date_gmt":"2022-12-02T11:48:16","guid":{"rendered":"https:\/\/www.public.sn\/?p=10887"},"modified":"2022-12-02T11:48:25","modified_gmt":"2022-12-02T11:48:25","slug":"mbour-3ans-pour-une-agression-avec-violence","status":"publish","type":"post","link":"https:\/\/www.public.sn\/index.php\/2022\/12\/02\/mbour-3ans-pour-une-agression-avec-violence\/","title":{"rendered":"Mbour\u00a0: 3ans pour une agression avec violence."},"content":{"rendered":"\n<p><\/p>\n\n\n\n<p>Dans la nuit du 6 septembre, Adama Boye \u00e9tait loin de s\u2019imaginer que sa rencontre avec Ismaila Mbaye allait lui couter. C\u2019est vers les coups de 2 h du matin alors qu\u2019il rentrait tranquillement chez lui qu\u2019il a \u00e9t\u00e9 h\u00e9l\u00e9 par deux individus. Dans ce quartier de Thioc\u00e9 de Mbour, les rues sont dans la p\u00e9nombre et les deux individus surgissent pour lui r\u00e9clamer son t\u00e9l\u00e9phone portable. <\/p><div class=\"publi-paragraphe1\" style=\"margin-top: 10px;margin-bottom: 10px;margin-left: auto;margin-right: auto;text-align: center;\" id=\"publi-3046446862\"><div class=\"publi-adlabel\">Publicit\u00e9<\/div><script async src=\"\/\/pagead2.googlesyndication.com\/pagead\/js\/adsbygoogle.js?client=ca-pub-4089586018074219\" crossorigin=\"anonymous\"><\/script><ins class=\"adsbygoogle\" style=\"display:block;\" data-ad-client=\"ca-pub-4089586018074219\" \ndata-ad-slot=\"2087940154\" \ndata-ad-format=\"auto\"><\/ins>\n<script> \n(adsbygoogle = window.adsbygoogle || []).push({}); \n<\/script>\n<\/div>\n\n\n\n<p><\/p>\n\n\n\n<p>Ce dernier refuse et entame un bras de fer avec ses agresseurs. Face \u00e0 la d\u00e9termination de ces derniers, il fini par c\u00e9der et son portable est emport\u00e9 par ses agresseurs. Mais dans le vif du combat, Adama Boye avait bien identifi\u00e9 un de ses agresseurs qui n\u2019\u00e9tait autre que Ismaila Sarr, un agresseur notoire connu du quartier de Thioc\u00e9 de Mbour. <\/p>\n\n\n\n<p><\/p>\n\n\n\n<p>Devant la barre, le procureur avance que les faits sont constats et que celui-ci a \u00e9t\u00e9 bien identifi\u00e9 par sa victime et par cons\u00e9quent demande l\u2019application de la loi. Au terme des plaidoiries, Ismaila Mbaye est condamn\u00e9 \u00e0 3 ans de prison ferme et \u00e0 une amende de 600.000FCFA \u00e0 payer \u00e0 la partie civile.<\/p>\n\n\n\n<p>Samba SY.<\/p>\n<div class=\"publi-apres-le-contenu\" style=\"margin-top: 10px;margin-bottom: 10px;margin-left: auto;margin-right: auto;text-align: center;\" id=\"publi-4171690829\"><div class=\"publi-adlabel\">Publicit\u00e9<\/div><script async src=\"\/\/pagead2.googlesyndication.com\/pagead\/js\/adsbygoogle.js?client=ca-pub-4089586018074219\" crossorigin=\"anonymous\"><\/script><ins class=\"adsbygoogle\" style=\"display:block;\" data-ad-client=\"ca-pub-4089586018074219\" \ndata-ad-slot=\"2087940154\" \ndata-ad-format=\"auto\"><\/ins>\n<script> \n(adsbygoogle = window.adsbygoogle || []).push({}); \n<\/script>\n<\/div>","protected":false},"excerpt":{"rendered":"<p>Dans la nuit du 6 septembre, Adama Boye \u00e9tait loin de s\u2019imaginer que sa rencontre avec Ismaila Mbaye allait lui couter. C\u2019est vers les coups de 2 h du matin alors qu\u2019il rentrait tranquillement chez lui qu\u2019il a \u00e9t\u00e9 h\u00e9l\u00e9 par deux individus. Dans ce quartier de Thioc\u00e9 de Mbour, les rues sont dans la p\u00e9nombre et les deux individus surgissent pour lui r\u00e9clamer son t\u00e9l\u00e9phone portable. Ce dernier refuse et entame un bras de fer avec ses agresseurs. Face \u00e0 la d\u00e9termination de ces derniers, il fini par c\u00e9der et son portable est emport\u00e9 par ses agresseurs. Mais dans le vif du combat, Adama Boye avait bien identifi\u00e9 un de ses agresseurs qui n\u2019\u00e9tait autre que Ismaila Sarr, un agresseur notoire connu du quartier de Thioc\u00e9 de Mbour. Devant la barre, le procureur avance que les faits sont constats et que celui-ci a \u00e9t\u00e9 bien identifi\u00e9 par sa victime et par cons\u00e9quent demande l\u2019application de la loi. Au terme des plaidoiries, Ismaila Mbaye est condamn\u00e9 \u00e0 3 ans de prison ferme et \u00e0 une amende de 600.000FCFA \u00e0 payer \u00e0 la partie civile. Samba SY.<\/p>\n","protected":false},"author":7,"featured_media":10889,"comment_status":"open","ping_status":"open","sticky":false,"template":"","format":"standard","meta":{"_jetpack_memberships_contains_paid_content":false,"footnotes":""},"categories":[375,379,1],"tags":[1506,3591,1131],"class_list":["post-10887","post","type-post","status-publish","format-standard","has-post-thumbnail","hentry","category-actualites","category-faits-divers","category-non-classe","tag-agression","tag-thioce-mbour","tag-violence","entry","has-media","owp-thumbs-layout-horizontal","owp-btn-normal","owp-tabs-layout-horizontal","has-no-thumbnails","has-product-nav"],"yoast_head":"<!-- This site is optimized with the Yoast SEO plugin v25.5 - https:\/\/yoast.com\/wordpress\/plugins\/seo\/ -->\n<title>Mbour\u00a0: 3ans pour une agression avec violence. - LE PUBLIC<\/title>\n<meta name=\"robots\" content=\"index, follow, max-snippet:-1, max-image-preview:large, max-video-preview:-1\" \/>\n<link rel=\"canonical\" href=\"https:\/\/www.public.sn\/index.php\/2022\/12\/02\/mbour-3ans-pour-une-agression-avec-violence\/\" \/>\n<meta property=\"og:locale\" content=\"fr_FR\" \/>\n<meta property=\"og:type\" content=\"article\" \/>\n<meta property=\"og:title\" content=\"Mbour\u00a0: 3ans pour une agression avec violence. - LE PUBLIC\" \/>\n<meta property=\"og:description\" content=\"Dans la nuit du 6 septembre, Adama Boye \u00e9tait loin de s\u2019imaginer que sa rencontre avec Ismaila Mbaye allait lui couter. C\u2019est vers les coups de 2 h du matin alors qu\u2019il rentrait tranquillement chez lui qu\u2019il a \u00e9t\u00e9 h\u00e9l\u00e9 par deux individus. Dans ce quartier de Thioc\u00e9 de Mbour, les rues sont dans la p\u00e9nombre et les deux individus surgissent pour lui r\u00e9clamer son t\u00e9l\u00e9phone portable. Ce dernier refuse et entame un bras de fer avec ses agresseurs. Face \u00e0 la d\u00e9termination de ces derniers, il fini par c\u00e9der et son portable est emport\u00e9 par ses agresseurs. Mais dans le vif du combat, Adama Boye avait bien identifi\u00e9 un de ses agresseurs qui n\u2019\u00e9tait autre que Ismaila Sarr, un agresseur notoire connu du quartier de Thioc\u00e9 de Mbour. Devant la barre, le procureur avance que les faits sont constats et que celui-ci a \u00e9t\u00e9 bien identifi\u00e9 par sa victime et par cons\u00e9quent demande l\u2019application de la loi. Au terme des plaidoiries, Ismaila Mbaye est condamn\u00e9 \u00e0 3 ans de prison ferme et \u00e0 une amende de 600.000FCFA \u00e0 payer \u00e0 la partie civile. Samba SY.\" \/>\n<meta property=\"og:url\" content=\"https:\/\/www.public.sn\/index.php\/2022\/12\/02\/mbour-3ans-pour-une-agression-avec-violence\/\" \/>\n<meta property=\"og:site_name\" content=\"LE PUBLIC\" \/>\n<meta property=\"article:published_time\" content=\"2022-12-02T11:48:16+00:00\" \/>\n<meta property=\"article:modified_time\" content=\"2022-12-02T11:48:25+00:00\" \/>\n<meta property=\"og:image\" content=\"https:\/\/www.public.sn\/wp-content\/uploads\/2022\/12\/AGRESSION.jpg\" \/>\n\t<meta property=\"og:image:width\" content=\"889\" \/>\n\t<meta property=\"og:image:height\" content=\"500\" \/>\n\t<meta property=\"og:image:type\" content=\"image\/jpeg\" \/>\n<meta name=\"author\" content=\"LA REDACTION\" \/>\n<meta name=\"twitter:card\" content=\"summary_large_image\" \/>\n<meta name=\"twitter:label1\" content=\"\u00c9crit par\" \/>\n\t<meta name=\"twitter:data1\" content=\"LA REDACTION\" \/>\n\t<meta name=\"twitter:label2\" content=\"Dur\u00e9e de lecture estim\u00e9e\" \/>\n\t<meta name=\"twitter:data2\" content=\"1 minute\" \/>\n<script type=\"application\/ld+json\" class=\"yoast-schema-graph\">{\"@context\":\"https:\/\/schema.org\",\"@graph\":[{\"@type\":\"Article\",\"@id\":\"https:\/\/www.public.sn\/index.php\/2022\/12\/02\/mbour-3ans-pour-une-agression-avec-violence\/#article\",\"isPartOf\":{\"@id\":\"https:\/\/www.public.sn\/index.php\/2022\/12\/02\/mbour-3ans-pour-une-agression-avec-violence\/\"},\"author\":{\"name\":\"LA REDACTION\",\"@id\":\"https:\/\/www.public.sn\/#\/schema\/person\/cb76c8e1b8becc6be61fb5e92d6d0224\"},\"headline\":\"Mbour\u00a0: 3ans pour une agression avec violence.\",\"datePublished\":\"2022-12-02T11:48:16+00:00\",\"dateModified\":\"2022-12-02T11:48:25+00:00\",\"mainEntityOfPage\":{\"@id\":\"https:\/\/www.public.sn\/index.php\/2022\/12\/02\/mbour-3ans-pour-une-agression-avec-violence\/\"},\"wordCount\":199,\"commentCount\":0,\"publisher\":{\"@id\":\"https:\/\/www.public.sn\/#organization\"},\"image\":{\"@id\":\"https:\/\/www.public.sn\/index.php\/2022\/12\/02\/mbour-3ans-pour-une-agression-avec-violence\/#primaryimage\"},\"thumbnailUrl\":\"https:\/\/www.public.sn\/wp-content\/uploads\/2022\/12\/AGRESSION.jpg\",\"keywords\":[\"Agression\",\"thioc\u00e9 mbour\",\"violence\"],\"articleSection\":[\"ACTUALIT\u00c9S\",\"FAITS DIVERS\",\"S\u00c9N\u00c9GAL\"],\"inLanguage\":\"fr-FR\",\"potentialAction\":[{\"@type\":\"CommentAction\",\"name\":\"Comment\",\"target\":[\"https:\/\/www.public.sn\/index.php\/2022\/12\/02\/mbour-3ans-pour-une-agression-avec-violence\/#respond\"]}]},{\"@type\":\"WebPage\",\"@id\":\"https:\/\/www.public.sn\/index.php\/2022\/12\/02\/mbour-3ans-pour-une-agression-avec-violence\/\",\"url\":\"https:\/\/www.public.sn\/index.php\/2022\/12\/02\/mbour-3ans-pour-une-agression-avec-violence\/\",\"name\":\"Mbour\u00a0: 3ans pour une agression avec violence. - LE PUBLIC\",\"isPartOf\":{\"@id\":\"https:\/\/www.public.sn\/#website\"},\"primaryImageOfPage\":{\"@id\":\"https:\/\/www.public.sn\/index.php\/2022\/12\/02\/mbour-3ans-pour-une-agression-avec-violence\/#primaryimage\"},\"image\":{\"@id\":\"https:\/\/www.public.sn\/index.php\/2022\/12\/02\/mbour-3ans-pour-une-agression-avec-violence\/#primaryimage\"},\"thumbnailUrl\":\"https:\/\/www.public.sn\/wp-content\/uploads\/2022\/12\/AGRESSION.jpg\",\"datePublished\":\"2022-12-02T11:48:16+00:00\",\"dateModified\":\"2022-12-02T11:48:25+00:00\",\"breadcrumb\":{\"@id\":\"https:\/\/www.public.sn\/index.php\/2022\/12\/02\/mbour-3ans-pour-une-agression-avec-violence\/#breadcrumb\"},\"inLanguage\":\"fr-FR\",\"potentialAction\":[{\"@type\":\"ReadAction\",\"target\":[\"https:\/\/www.public.sn\/index.php\/2022\/12\/02\/mbour-3ans-pour-une-agression-avec-violence\/\"]}]},{\"@type\":\"ImageObject\",\"inLanguage\":\"fr-FR\",\"@id\":\"https:\/\/www.public.sn\/index.php\/2022\/12\/02\/mbour-3ans-pour-une-agression-avec-violence\/#primaryimage\",\"url\":\"https:\/\/www.public.sn\/wp-content\/uploads\/2022\/12\/AGRESSION.jpg\",\"contentUrl\":\"https:\/\/www.public.sn\/wp-content\/uploads\/2022\/12\/AGRESSION.jpg\",\"width\":889,\"height\":500,\"caption\":\"publicsn\"},{\"@type\":\"BreadcrumbList\",\"@id\":\"https:\/\/www.public.sn\/index.php\/2022\/12\/02\/mbour-3ans-pour-une-agression-avec-violence\/#breadcrumb\",\"itemListElement\":[{\"@type\":\"ListItem\",\"position\":1,\"name\":\"Accueil\",\"item\":\"https:\/\/www.public.sn\/\"},{\"@type\":\"ListItem\",\"position\":2,\"name\":\"Mbour\u00a0: 3ans pour une agression avec violence.\"}]},{\"@type\":\"WebSite\",\"@id\":\"https:\/\/www.public.sn\/#website\",\"url\":\"https:\/\/www.public.sn\/\",\"name\":\"LE PUBLIC\",\"description\":\"\",\"publisher\":{\"@id\":\"https:\/\/www.public.sn\/#organization\"},\"potentialAction\":[{\"@type\":\"SearchAction\",\"target\":{\"@type\":\"EntryPoint\",\"urlTemplate\":\"https:\/\/www.public.sn\/?s={search_term_string}\"},\"query-input\":{\"@type\":\"PropertyValueSpecification\",\"valueRequired\":true,\"valueName\":\"search_term_string\"}}],\"inLanguage\":\"fr-FR\"},{\"@type\":\"Organization\",\"@id\":\"https:\/\/www.public.sn\/#organization\",\"name\":\"LE PUBLIC\",\"url\":\"https:\/\/www.public.sn\/\",\"logo\":{\"@type\":\"ImageObject\",\"inLanguage\":\"fr-FR\",\"@id\":\"https:\/\/www.public.sn\/#\/schema\/logo\/image\/\",\"url\":\"https:\/\/www.public.sn\/wp-content\/uploads\/2024\/05\/cropped-LOGO-PUBLIC.SN_.png\",\"contentUrl\":\"https:\/\/www.public.sn\/wp-content\/uploads\/2024\/05\/cropped-LOGO-PUBLIC.SN_.png\",\"width\":682,\"height\":192,\"caption\":\"LE PUBLIC\"},\"image\":{\"@id\":\"https:\/\/www.public.sn\/#\/schema\/logo\/image\/\"}},{\"@type\":\"Person\",\"@id\":\"https:\/\/www.public.sn\/#\/schema\/person\/cb76c8e1b8becc6be61fb5e92d6d0224\",\"name\":\"LA REDACTION\",\"image\":{\"@type\":\"ImageObject\",\"inLanguage\":\"fr-FR\",\"@id\":\"https:\/\/www.public.sn\/#\/schema\/person\/image\/\",\"url\":\"https:\/\/secure.gravatar.com\/avatar\/2dce5ddd34b8fef0180efe03aa2a9bee7d953856048f9a16b298190a3178407c?s=96&d=mm&r=g\",\"contentUrl\":\"https:\/\/secure.gravatar.com\/avatar\/2dce5ddd34b8fef0180efe03aa2a9bee7d953856048f9a16b298190a3178407c?s=96&d=mm&r=g\",\"caption\":\"LA REDACTION\"},\"url\":\"https:\/\/www.public.sn\/index.php\/author\/editeurpsn\/\"}]}<\/script>\n<!-- \/ Yoast SEO plugin. -->","yoast_head_json":{"title":"Mbour\u00a0: 3ans pour une agression avec violence. - LE PUBLIC","robots":{"index":"index","follow":"follow","max-snippet":"max-snippet:-1","max-image-preview":"max-image-preview:large","max-video-preview":"max-video-preview:-1"},"canonical":"https:\/\/www.public.sn\/index.php\/2022\/12\/02\/mbour-3ans-pour-une-agression-avec-violence\/","og_locale":"fr_FR","og_type":"article","og_title":"Mbour\u00a0: 3ans pour une agression avec violence. - LE PUBLIC","og_description":"Dans la nuit du 6 septembre, Adama Boye \u00e9tait loin de s\u2019imaginer que sa rencontre avec Ismaila Mbaye allait lui couter. C\u2019est vers les coups de 2 h du matin alors qu\u2019il rentrait tranquillement chez lui qu\u2019il a \u00e9t\u00e9 h\u00e9l\u00e9 par deux individus. Dans ce quartier de Thioc\u00e9 de Mbour, les rues sont dans la p\u00e9nombre et les deux individus surgissent pour lui r\u00e9clamer son t\u00e9l\u00e9phone portable. Ce dernier refuse et entame un bras de fer avec ses agresseurs. Face \u00e0 la d\u00e9termination de ces derniers, il fini par c\u00e9der et son portable est emport\u00e9 par ses agresseurs. Mais dans le vif du combat, Adama Boye avait bien identifi\u00e9 un de ses agresseurs qui n\u2019\u00e9tait autre que Ismaila Sarr, un agresseur notoire connu du quartier de Thioc\u00e9 de Mbour. Devant la barre, le procureur avance que les faits sont constats et que celui-ci a \u00e9t\u00e9 bien identifi\u00e9 par sa victime et par cons\u00e9quent demande l\u2019application de la loi. Au terme des plaidoiries, Ismaila Mbaye est condamn\u00e9 \u00e0 3 ans de prison ferme et \u00e0 une amende de 600.000FCFA \u00e0 payer \u00e0 la partie civile. Samba SY.","og_url":"https:\/\/www.public.sn\/index.php\/2022\/12\/02\/mbour-3ans-pour-une-agression-avec-violence\/","og_site_name":"LE PUBLIC","article_published_time":"2022-12-02T11:48:16+00:00","article_modified_time":"2022-12-02T11:48:25+00:00","og_image":[{"width":889,"height":500,"url":"https:\/\/www.public.sn\/wp-content\/uploads\/2022\/12\/AGRESSION.jpg","type":"image\/jpeg"}],"author":"LA REDACTION","twitter_card":"summary_large_image","twitter_misc":{"\u00c9crit par":"LA REDACTION","Dur\u00e9e de lecture estim\u00e9e":"1 minute"},"schema":{"@context":"https:\/\/schema.org","@graph":[{"@type":"Article","@id":"https:\/\/www.public.sn\/index.php\/2022\/12\/02\/mbour-3ans-pour-une-agression-avec-violence\/#article","isPartOf":{"@id":"https:\/\/www.public.sn\/index.php\/2022\/12\/02\/mbour-3ans-pour-une-agression-avec-violence\/"},"author":{"name":"LA REDACTION","@id":"https:\/\/www.public.sn\/#\/schema\/person\/cb76c8e1b8becc6be61fb5e92d6d0224"},"headline":"Mbour\u00a0: 3ans pour une agression avec violence.","datePublished":"2022-12-02T11:48:16+00:00","dateModified":"2022-12-02T11:48:25+00:00","mainEntityOfPage":{"@id":"https:\/\/www.public.sn\/index.php\/2022\/12\/02\/mbour-3ans-pour-une-agression-avec-violence\/"},"wordCount":199,"commentCount":0,"publisher":{"@id":"https:\/\/www.public.sn\/#organization"},"image":{"@id":"https:\/\/www.public.sn\/index.php\/2022\/12\/02\/mbour-3ans-pour-une-agression-avec-violence\/#primaryimage"},"thumbnailUrl":"https:\/\/www.public.sn\/wp-content\/uploads\/2022\/12\/AGRESSION.jpg","keywords":["Agression","thioc\u00e9 mbour","violence"],"articleSection":["ACTUALIT\u00c9S","FAITS DIVERS","S\u00c9N\u00c9GAL"],"inLanguage":"fr-FR","potentialAction":[{"@type":"CommentAction","name":"Comment","target":["https:\/\/www.public.sn\/index.php\/2022\/12\/02\/mbour-3ans-pour-une-agression-avec-violence\/#respond"]}]},{"@type":"WebPage","@id":"https:\/\/www.public.sn\/index.php\/2022\/12\/02\/mbour-3ans-pour-une-agression-avec-violence\/","url":"https:\/\/www.public.sn\/index.php\/2022\/12\/02\/mbour-3ans-pour-une-agression-avec-violence\/","name":"Mbour\u00a0: 3ans pour une agression avec violence. - LE PUBLIC","isPartOf":{"@id":"https:\/\/www.public.sn\/#website"},"primaryImageOfPage":{"@id":"https:\/\/www.public.sn\/index.php\/2022\/12\/02\/mbour-3ans-pour-une-agression-avec-violence\/#primaryimage"},"image":{"@id":"https:\/\/www.public.sn\/index.php\/2022\/12\/02\/mbour-3ans-pour-une-agression-avec-violence\/#primaryimage"},"thumbnailUrl":"https:\/\/www.public.sn\/wp-content\/uploads\/2022\/12\/AGRESSION.jpg","datePublished":"2022-12-02T11:48:16+00:00","dateModified":"2022-12-02T11:48:25+00:00","breadcrumb":{"@id":"https:\/\/www.public.sn\/index.php\/2022\/12\/02\/mbour-3ans-pour-une-agression-avec-violence\/#breadcrumb"},"inLanguage":"fr-FR","potentialAction":[{"@type":"ReadAction","target":["https:\/\/www.public.sn\/index.php\/2022\/12\/02\/mbour-3ans-pour-une-agression-avec-violence\/"]}]},{"@type":"ImageObject","inLanguage":"fr-FR","@id":"https:\/\/www.public.sn\/index.php\/2022\/12\/02\/mbour-3ans-pour-une-agression-avec-violence\/#primaryimage","url":"https:\/\/www.public.sn\/wp-content\/uploads\/2022\/12\/AGRESSION.jpg","contentUrl":"https:\/\/www.public.sn\/wp-content\/uploads\/2022\/12\/AGRESSION.jpg","width":889,"height":500,"caption":"publicsn"},{"@type":"BreadcrumbList","@id":"https:\/\/www.public.sn\/index.php\/2022\/12\/02\/mbour-3ans-pour-une-agression-avec-violence\/#breadcrumb","itemListElement":[{"@type":"ListItem","position":1,"name":"Accueil","item":"https:\/\/www.public.sn\/"},{"@type":"ListItem","position":2,"name":"Mbour\u00a0: 3ans pour une agression avec violence."}]},{"@type":"WebSite","@id":"https:\/\/www.public.sn\/#website","url":"https:\/\/www.public.sn\/","name":"LE PUBLIC","description":"","publisher":{"@id":"https:\/\/www.public.sn\/#organization"},"potentialAction":[{"@type":"SearchAction","target":{"@type":"EntryPoint","urlTemplate":"https:\/\/www.public.sn\/?s={search_term_string}"},"query-input":{"@type":"PropertyValueSpecification","valueRequired":true,"valueName":"search_term_string"}}],"inLanguage":"fr-FR"},{"@type":"Organization","@id":"https:\/\/www.public.sn\/#organization","name":"LE PUBLIC","url":"https:\/\/www.public.sn\/","logo":{"@type":"ImageObject","inLanguage":"fr-FR","@id":"https:\/\/www.public.sn\/#\/schema\/logo\/image\/","url":"https:\/\/www.public.sn\/wp-content\/uploads\/2024\/05\/cropped-LOGO-PUBLIC.SN_.png","contentUrl":"https:\/\/www.public.sn\/wp-content\/uploads\/2024\/05\/cropped-LOGO-PUBLIC.SN_.png","width":682,"height":192,"caption":"LE PUBLIC"},"image":{"@id":"https:\/\/www.public.sn\/#\/schema\/logo\/image\/"}},{"@type":"Person","@id":"https:\/\/www.public.sn\/#\/schema\/person\/cb76c8e1b8becc6be61fb5e92d6d0224","name":"LA REDACTION","image":{"@type":"ImageObject","inLanguage":"fr-FR","@id":"https:\/\/www.public.sn\/#\/schema\/person\/image\/","url":"https:\/\/secure.gravatar.com\/avatar\/2dce5ddd34b8fef0180efe03aa2a9bee7d953856048f9a16b298190a3178407c?s=96&d=mm&r=g","contentUrl":"https:\/\/secure.gravatar.com\/avatar\/2dce5ddd34b8fef0180efe03aa2a9bee7d953856048f9a16b298190a3178407c?s=96&d=mm&r=g","caption":"LA REDACTION"},"url":"https:\/\/www.public.sn\/index.php\/author\/editeurpsn\/"}]}},"jetpack_featured_media_url":"https:\/\/www.public.sn\/wp-content\/uploads\/2022\/12\/AGRESSION.jpg","jetpack_sharing_enabled":true,"_links":{"self":[{"href":"https:\/\/www.public.sn\/index.php\/wp-json\/wp\/v2\/posts\/10887","targetHints":{"allow":["GET"]}}],"collection":[{"href":"https:\/\/www.public.sn\/index.php\/wp-json\/wp\/v2\/posts"}],"about":[{"href":"https:\/\/www.public.sn\/index.php\/wp-json\/wp\/v2\/types\/post"}],"author":[{"embeddable":true,"href":"https:\/\/www.public.sn\/index.php\/wp-json\/wp\/v2\/users\/7"}],"replies":[{"embeddable":true,"href":"https:\/\/www.public.sn\/index.php\/wp-json\/wp\/v2\/comments?post=10887"}],"version-history":[{"count":1,"href":"https:\/\/www.public.sn\/index.php\/wp-json\/wp\/v2\/posts\/10887\/revisions"}],"predecessor-version":[{"id":10890,"href":"https:\/\/www.public.sn\/index.php\/wp-json\/wp\/v2\/posts\/10887\/revisions\/10890"}],"wp:featuredmedia":[{"embeddable":true,"href":"https:\/\/www.public.sn\/index.php\/wp-json\/wp\/v2\/media\/10889"}],"wp:attachment":[{"href":"https:\/\/www.public.sn\/index.php\/wp-json\/wp\/v2\/media?parent=10887"}],"wp:term":[{"taxonomy":"category","embeddable":true,"href":"https:\/\/www.public.sn\/index.php\/wp-json\/wp\/v2\/categories?post=10887"},{"taxonomy":"post_tag","embeddable":true,"href":"https:\/\/www.public.sn\/index.php\/wp-json\/wp\/v2\/tags?post=10887"}],"curies":[{"name":"wp","href":"https:\/\/api.w.org\/{rel}","templated":true}]}}