{"id":10916,"date":"2022-12-02T14:20:55","date_gmt":"2022-12-02T14:20:55","guid":{"rendered":"https:\/\/www.public.sn\/?p=10916"},"modified":"2022-12-02T14:20:58","modified_gmt":"2022-12-02T14:20:58","slug":"gentle-mara-en-prison-pour-6-mois","status":"publish","type":"post","link":"https:\/\/www.public.sn\/index.php\/2022\/12\/02\/gentle-mara-en-prison-pour-6-mois\/","title":{"rendered":"\u00ab\u00a0Gentle Mara\u00a0\u00bb en prison pour 6 mois."},"content":{"rendered":"\n<p><\/p>\n\n\n\n<p><strong>Diab Seck alias \u00ab\u00a0Gentle Mara\u00a0\u00bb \u00a0s\u2019\u00e9tait fait un d\u00e9marcheur de visa. Celui-ci a profit\u00e9 du fait que plusieurs personnes l\u2019ont sollicit\u00e9 pour un visa pour leurs proches d\u2019apr\u00e8s le quotidien national le Soleil.<\/strong><\/p><div class=\"publi-paragraphe1\" style=\"margin-top: 10px;margin-bottom: 10px;margin-left: auto;margin-right: auto;text-align: center;\" id=\"publi-82732259\"><div class=\"publi-adlabel\">Publicit\u00e9<\/div><script async src=\"\/\/pagead2.googlesyndication.com\/pagead\/js\/adsbygoogle.js?client=ca-pub-4089586018074219\" crossorigin=\"anonymous\"><\/script><ins class=\"adsbygoogle\" style=\"display:block;\" data-ad-client=\"ca-pub-4089586018074219\" \ndata-ad-slot=\"2087940154\" \ndata-ad-format=\"auto\"><\/ins>\n<script> \n(adsbygoogle = window.adsbygoogle || []).push({}); \n<\/script>\n<\/div>\n\n\n\n<p><\/p>\n\n\n\n<p>Il \u00e9tait poursuivi pour une histoire d\u2019escroquerie. Une dame lui avait remis une somme de 2,5 Millions de FCFA pour un visa pour son fr\u00e8re. Et devant la barre, il explique avoir donn\u00e9 l\u2019argent \u00e0 un certain Ibrahima. Mais la malchance pour gentle Mara est qu\u2019il \u00e9tait en face d\u2019un procureur qui l\u2019avait d\u00e9j\u00e0 jug\u00e9.<\/p>\n\n\n\n<p><\/p>\n\n\n\n<p> Celui-ci lui rappelle que d\u2019autres clients ont \u00e9tait escroqu\u00e9 du fait de ses agissements. Et d\u2019ailleurs un certain Aby Dia \u00e9tablie aux Etats Unis \u00e0 qui il avait promis une bague magique devant l\u2019aider dans son commerce. Mais au finish il n\u2019a rien re\u00e7u alors qu\u2019il avait d\u00e9j\u00e0 empoch\u00e9 la somme. Qu terme de l\u2019audience, il a \u00e9cop\u00e9 de 6 mois ferme et devra payer 2,5 millions F CFA, \u00e0 la partie civile, C. BA alors que le Procureur, avait estim\u00e9 que le charlatan est en situation de r\u00e9cidive et avait requis 2 ans de prison.<\/p>\n\n\n\n<p>Samba SY.<\/p>\n<div class=\"publi-apres-le-contenu\" style=\"margin-top: 10px;margin-bottom: 10px;margin-left: auto;margin-right: auto;text-align: center;\" id=\"publi-1152027989\"><div class=\"publi-adlabel\">Publicit\u00e9<\/div><script async src=\"\/\/pagead2.googlesyndication.com\/pagead\/js\/adsbygoogle.js?client=ca-pub-4089586018074219\" crossorigin=\"anonymous\"><\/script><ins class=\"adsbygoogle\" style=\"display:block;\" data-ad-client=\"ca-pub-4089586018074219\" \ndata-ad-slot=\"2087940154\" \ndata-ad-format=\"auto\"><\/ins>\n<script> \n(adsbygoogle = window.adsbygoogle || []).push({}); \n<\/script>\n<\/div>","protected":false},"excerpt":{"rendered":"<p>Diab Seck alias \u00ab\u00a0Gentle Mara\u00a0\u00bb \u00a0s\u2019\u00e9tait fait un d\u00e9marcheur de visa. Celui-ci a profit\u00e9 du fait que plusieurs personnes l\u2019ont sollicit\u00e9 pour un visa pour leurs proches d\u2019apr\u00e8s le quotidien national le Soleil. Il \u00e9tait poursuivi pour une histoire d\u2019escroquerie. Une dame lui avait remis une somme de 2,5 Millions de FCFA pour un visa pour son fr\u00e8re. Et devant la barre, il explique avoir donn\u00e9 l\u2019argent \u00e0 un certain Ibrahima. Mais la malchance pour gentle Mara est qu\u2019il \u00e9tait en face d\u2019un procureur qui l\u2019avait d\u00e9j\u00e0 jug\u00e9. Celui-ci lui rappelle que d\u2019autres clients ont \u00e9tait escroqu\u00e9 du fait de ses agissements. Et d\u2019ailleurs un certain Aby Dia \u00e9tablie aux Etats Unis \u00e0 qui il avait promis une bague magique devant l\u2019aider dans son commerce. Mais au finish il n\u2019a rien re\u00e7u alors qu\u2019il avait d\u00e9j\u00e0 empoch\u00e9 la somme. Qu terme de l\u2019audience, il a \u00e9cop\u00e9 de 6 mois ferme et devra payer 2,5 millions F CFA, \u00e0 la partie civile, C. BA alors que le Procureur, avait estim\u00e9 que le charlatan est en situation de r\u00e9cidive et avait requis 2 ans de prison. Samba SY.<\/p>\n","protected":false},"author":7,"featured_media":10919,"comment_status":"open","ping_status":"open","sticky":false,"template":"","format":"standard","meta":{"_jetpack_memberships_contains_paid_content":false,"footnotes":""},"categories":[375,379,1],"tags":[3597,3598,3596],"class_list":["post-10916","post","type-post","status-publish","format-standard","has-post-thumbnail","hentry","category-actualites","category-faits-divers","category-non-classe","tag-6mois","tag-diab-seck","tag-gentle-mara-en-prison","entry","has-media","owp-thumbs-layout-horizontal","owp-btn-normal","owp-tabs-layout-horizontal","has-no-thumbnails","has-product-nav"],"yoast_head":"<!-- This site is optimized with the Yoast SEO plugin v25.5 - https:\/\/yoast.com\/wordpress\/plugins\/seo\/ -->\n<title>&quot;Gentle Mara&quot; en prison pour 6 mois. - LE PUBLIC<\/title>\n<meta name=\"robots\" content=\"index, follow, max-snippet:-1, max-image-preview:large, max-video-preview:-1\" \/>\n<link rel=\"canonical\" href=\"https:\/\/www.public.sn\/index.php\/2022\/12\/02\/gentle-mara-en-prison-pour-6-mois\/\" \/>\n<meta property=\"og:locale\" content=\"fr_FR\" \/>\n<meta property=\"og:type\" content=\"article\" \/>\n<meta property=\"og:title\" content=\"&quot;Gentle Mara&quot; en prison pour 6 mois. - LE PUBLIC\" \/>\n<meta property=\"og:description\" content=\"Diab Seck alias \u00ab\u00a0Gentle Mara\u00a0\u00bb \u00a0s\u2019\u00e9tait fait un d\u00e9marcheur de visa. Celui-ci a profit\u00e9 du fait que plusieurs personnes l\u2019ont sollicit\u00e9 pour un visa pour leurs proches d\u2019apr\u00e8s le quotidien national le Soleil. Il \u00e9tait poursuivi pour une histoire d\u2019escroquerie. Une dame lui avait remis une somme de 2,5 Millions de FCFA pour un visa pour son fr\u00e8re. Et devant la barre, il explique avoir donn\u00e9 l\u2019argent \u00e0 un certain Ibrahima. Mais la malchance pour gentle Mara est qu\u2019il \u00e9tait en face d\u2019un procureur qui l\u2019avait d\u00e9j\u00e0 jug\u00e9. Celui-ci lui rappelle que d\u2019autres clients ont \u00e9tait escroqu\u00e9 du fait de ses agissements. Et d\u2019ailleurs un certain Aby Dia \u00e9tablie aux Etats Unis \u00e0 qui il avait promis une bague magique devant l\u2019aider dans son commerce. Mais au finish il n\u2019a rien re\u00e7u alors qu\u2019il avait d\u00e9j\u00e0 empoch\u00e9 la somme. Qu terme de l\u2019audience, il a \u00e9cop\u00e9 de 6 mois ferme et devra payer 2,5 millions F CFA, \u00e0 la partie civile, C. BA alors que le Procureur, avait estim\u00e9 que le charlatan est en situation de r\u00e9cidive et avait requis 2 ans de prison. Samba SY.\" \/>\n<meta property=\"og:url\" content=\"https:\/\/www.public.sn\/index.php\/2022\/12\/02\/gentle-mara-en-prison-pour-6-mois\/\" \/>\n<meta property=\"og:site_name\" content=\"LE PUBLIC\" \/>\n<meta property=\"article:published_time\" content=\"2022-12-02T14:20:55+00:00\" \/>\n<meta property=\"article:modified_time\" content=\"2022-12-02T14:20:58+00:00\" \/>\n<meta property=\"og:image\" content=\"https:\/\/www.public.sn\/wp-content\/uploads\/2022\/12\/gentle-mara.jpg\" \/>\n\t<meta property=\"og:image:width\" content=\"720\" \/>\n\t<meta property=\"og:image:height\" content=\"960\" \/>\n\t<meta property=\"og:image:type\" content=\"image\/jpeg\" \/>\n<meta name=\"author\" content=\"LA REDACTION\" \/>\n<meta name=\"twitter:card\" content=\"summary_large_image\" \/>\n<meta name=\"twitter:label1\" content=\"\u00c9crit par\" \/>\n\t<meta name=\"twitter:data1\" content=\"LA REDACTION\" \/>\n\t<meta name=\"twitter:label2\" content=\"Dur\u00e9e de lecture estim\u00e9e\" \/>\n\t<meta name=\"twitter:data2\" content=\"1 minute\" \/>\n<script type=\"application\/ld+json\" class=\"yoast-schema-graph\">{\"@context\":\"https:\/\/schema.org\",\"@graph\":[{\"@type\":\"Article\",\"@id\":\"https:\/\/www.public.sn\/index.php\/2022\/12\/02\/gentle-mara-en-prison-pour-6-mois\/#article\",\"isPartOf\":{\"@id\":\"https:\/\/www.public.sn\/index.php\/2022\/12\/02\/gentle-mara-en-prison-pour-6-mois\/\"},\"author\":{\"name\":\"LA REDACTION\",\"@id\":\"https:\/\/www.public.sn\/#\/schema\/person\/cb76c8e1b8becc6be61fb5e92d6d0224\"},\"headline\":\"\u00ab\u00a0Gentle Mara\u00a0\u00bb en prison pour 6 mois.\",\"datePublished\":\"2022-12-02T14:20:55+00:00\",\"dateModified\":\"2022-12-02T14:20:58+00:00\",\"mainEntityOfPage\":{\"@id\":\"https:\/\/www.public.sn\/index.php\/2022\/12\/02\/gentle-mara-en-prison-pour-6-mois\/\"},\"wordCount\":206,\"commentCount\":0,\"publisher\":{\"@id\":\"https:\/\/www.public.sn\/#organization\"},\"image\":{\"@id\":\"https:\/\/www.public.sn\/index.php\/2022\/12\/02\/gentle-mara-en-prison-pour-6-mois\/#primaryimage\"},\"thumbnailUrl\":\"https:\/\/www.public.sn\/wp-content\/uploads\/2022\/12\/gentle-mara.jpg\",\"keywords\":[\"6mois\",\"diab seck\",\"gentle mara en prison\"],\"articleSection\":[\"ACTUALIT\u00c9S\",\"FAITS DIVERS\",\"S\u00c9N\u00c9GAL\"],\"inLanguage\":\"fr-FR\",\"potentialAction\":[{\"@type\":\"CommentAction\",\"name\":\"Comment\",\"target\":[\"https:\/\/www.public.sn\/index.php\/2022\/12\/02\/gentle-mara-en-prison-pour-6-mois\/#respond\"]}]},{\"@type\":\"WebPage\",\"@id\":\"https:\/\/www.public.sn\/index.php\/2022\/12\/02\/gentle-mara-en-prison-pour-6-mois\/\",\"url\":\"https:\/\/www.public.sn\/index.php\/2022\/12\/02\/gentle-mara-en-prison-pour-6-mois\/\",\"name\":\"\\\"Gentle Mara\\\" en prison pour 6 mois. - LE PUBLIC\",\"isPartOf\":{\"@id\":\"https:\/\/www.public.sn\/#website\"},\"primaryImageOfPage\":{\"@id\":\"https:\/\/www.public.sn\/index.php\/2022\/12\/02\/gentle-mara-en-prison-pour-6-mois\/#primaryimage\"},\"image\":{\"@id\":\"https:\/\/www.public.sn\/index.php\/2022\/12\/02\/gentle-mara-en-prison-pour-6-mois\/#primaryimage\"},\"thumbnailUrl\":\"https:\/\/www.public.sn\/wp-content\/uploads\/2022\/12\/gentle-mara.jpg\",\"datePublished\":\"2022-12-02T14:20:55+00:00\",\"dateModified\":\"2022-12-02T14:20:58+00:00\",\"breadcrumb\":{\"@id\":\"https:\/\/www.public.sn\/index.php\/2022\/12\/02\/gentle-mara-en-prison-pour-6-mois\/#breadcrumb\"},\"inLanguage\":\"fr-FR\",\"potentialAction\":[{\"@type\":\"ReadAction\",\"target\":[\"https:\/\/www.public.sn\/index.php\/2022\/12\/02\/gentle-mara-en-prison-pour-6-mois\/\"]}]},{\"@type\":\"ImageObject\",\"inLanguage\":\"fr-FR\",\"@id\":\"https:\/\/www.public.sn\/index.php\/2022\/12\/02\/gentle-mara-en-prison-pour-6-mois\/#primaryimage\",\"url\":\"https:\/\/www.public.sn\/wp-content\/uploads\/2022\/12\/gentle-mara.jpg\",\"contentUrl\":\"https:\/\/www.public.sn\/wp-content\/uploads\/2022\/12\/gentle-mara.jpg\",\"width\":720,\"height\":960,\"caption\":\"publicsn\"},{\"@type\":\"BreadcrumbList\",\"@id\":\"https:\/\/www.public.sn\/index.php\/2022\/12\/02\/gentle-mara-en-prison-pour-6-mois\/#breadcrumb\",\"itemListElement\":[{\"@type\":\"ListItem\",\"position\":1,\"name\":\"Accueil\",\"item\":\"https:\/\/www.public.sn\/\"},{\"@type\":\"ListItem\",\"position\":2,\"name\":\"\u00ab\u00a0Gentle Mara\u00a0\u00bb en prison pour 6 mois.\"}]},{\"@type\":\"WebSite\",\"@id\":\"https:\/\/www.public.sn\/#website\",\"url\":\"https:\/\/www.public.sn\/\",\"name\":\"LE PUBLIC\",\"description\":\"\",\"publisher\":{\"@id\":\"https:\/\/www.public.sn\/#organization\"},\"potentialAction\":[{\"@type\":\"SearchAction\",\"target\":{\"@type\":\"EntryPoint\",\"urlTemplate\":\"https:\/\/www.public.sn\/?s={search_term_string}\"},\"query-input\":{\"@type\":\"PropertyValueSpecification\",\"valueRequired\":true,\"valueName\":\"search_term_string\"}}],\"inLanguage\":\"fr-FR\"},{\"@type\":\"Organization\",\"@id\":\"https:\/\/www.public.sn\/#organization\",\"name\":\"LE PUBLIC\",\"url\":\"https:\/\/www.public.sn\/\",\"logo\":{\"@type\":\"ImageObject\",\"inLanguage\":\"fr-FR\",\"@id\":\"https:\/\/www.public.sn\/#\/schema\/logo\/image\/\",\"url\":\"https:\/\/www.public.sn\/wp-content\/uploads\/2024\/05\/cropped-LOGO-PUBLIC.SN_.png\",\"contentUrl\":\"https:\/\/www.public.sn\/wp-content\/uploads\/2024\/05\/cropped-LOGO-PUBLIC.SN_.png\",\"width\":682,\"height\":192,\"caption\":\"LE PUBLIC\"},\"image\":{\"@id\":\"https:\/\/www.public.sn\/#\/schema\/logo\/image\/\"}},{\"@type\":\"Person\",\"@id\":\"https:\/\/www.public.sn\/#\/schema\/person\/cb76c8e1b8becc6be61fb5e92d6d0224\",\"name\":\"LA REDACTION\",\"image\":{\"@type\":\"ImageObject\",\"inLanguage\":\"fr-FR\",\"@id\":\"https:\/\/www.public.sn\/#\/schema\/person\/image\/\",\"url\":\"https:\/\/secure.gravatar.com\/avatar\/2dce5ddd34b8fef0180efe03aa2a9bee7d953856048f9a16b298190a3178407c?s=96&d=mm&r=g\",\"contentUrl\":\"https:\/\/secure.gravatar.com\/avatar\/2dce5ddd34b8fef0180efe03aa2a9bee7d953856048f9a16b298190a3178407c?s=96&d=mm&r=g\",\"caption\":\"LA REDACTION\"},\"url\":\"https:\/\/www.public.sn\/index.php\/author\/editeurpsn\/\"}]}<\/script>\n<!-- \/ Yoast SEO plugin. -->","yoast_head_json":{"title":"\"Gentle Mara\" en prison pour 6 mois. - LE PUBLIC","robots":{"index":"index","follow":"follow","max-snippet":"max-snippet:-1","max-image-preview":"max-image-preview:large","max-video-preview":"max-video-preview:-1"},"canonical":"https:\/\/www.public.sn\/index.php\/2022\/12\/02\/gentle-mara-en-prison-pour-6-mois\/","og_locale":"fr_FR","og_type":"article","og_title":"\"Gentle Mara\" en prison pour 6 mois. - LE PUBLIC","og_description":"Diab Seck alias \u00ab\u00a0Gentle Mara\u00a0\u00bb \u00a0s\u2019\u00e9tait fait un d\u00e9marcheur de visa. Celui-ci a profit\u00e9 du fait que plusieurs personnes l\u2019ont sollicit\u00e9 pour un visa pour leurs proches d\u2019apr\u00e8s le quotidien national le Soleil. Il \u00e9tait poursuivi pour une histoire d\u2019escroquerie. Une dame lui avait remis une somme de 2,5 Millions de FCFA pour un visa pour son fr\u00e8re. Et devant la barre, il explique avoir donn\u00e9 l\u2019argent \u00e0 un certain Ibrahima. Mais la malchance pour gentle Mara est qu\u2019il \u00e9tait en face d\u2019un procureur qui l\u2019avait d\u00e9j\u00e0 jug\u00e9. Celui-ci lui rappelle que d\u2019autres clients ont \u00e9tait escroqu\u00e9 du fait de ses agissements. Et d\u2019ailleurs un certain Aby Dia \u00e9tablie aux Etats Unis \u00e0 qui il avait promis une bague magique devant l\u2019aider dans son commerce. Mais au finish il n\u2019a rien re\u00e7u alors qu\u2019il avait d\u00e9j\u00e0 empoch\u00e9 la somme. Qu terme de l\u2019audience, il a \u00e9cop\u00e9 de 6 mois ferme et devra payer 2,5 millions F CFA, \u00e0 la partie civile, C. BA alors que le Procureur, avait estim\u00e9 que le charlatan est en situation de r\u00e9cidive et avait requis 2 ans de prison. Samba SY.","og_url":"https:\/\/www.public.sn\/index.php\/2022\/12\/02\/gentle-mara-en-prison-pour-6-mois\/","og_site_name":"LE PUBLIC","article_published_time":"2022-12-02T14:20:55+00:00","article_modified_time":"2022-12-02T14:20:58+00:00","og_image":[{"width":720,"height":960,"url":"https:\/\/www.public.sn\/wp-content\/uploads\/2022\/12\/gentle-mara.jpg","type":"image\/jpeg"}],"author":"LA REDACTION","twitter_card":"summary_large_image","twitter_misc":{"\u00c9crit par":"LA REDACTION","Dur\u00e9e de lecture estim\u00e9e":"1 minute"},"schema":{"@context":"https:\/\/schema.org","@graph":[{"@type":"Article","@id":"https:\/\/www.public.sn\/index.php\/2022\/12\/02\/gentle-mara-en-prison-pour-6-mois\/#article","isPartOf":{"@id":"https:\/\/www.public.sn\/index.php\/2022\/12\/02\/gentle-mara-en-prison-pour-6-mois\/"},"author":{"name":"LA REDACTION","@id":"https:\/\/www.public.sn\/#\/schema\/person\/cb76c8e1b8becc6be61fb5e92d6d0224"},"headline":"\u00ab\u00a0Gentle Mara\u00a0\u00bb en prison pour 6 mois.","datePublished":"2022-12-02T14:20:55+00:00","dateModified":"2022-12-02T14:20:58+00:00","mainEntityOfPage":{"@id":"https:\/\/www.public.sn\/index.php\/2022\/12\/02\/gentle-mara-en-prison-pour-6-mois\/"},"wordCount":206,"commentCount":0,"publisher":{"@id":"https:\/\/www.public.sn\/#organization"},"image":{"@id":"https:\/\/www.public.sn\/index.php\/2022\/12\/02\/gentle-mara-en-prison-pour-6-mois\/#primaryimage"},"thumbnailUrl":"https:\/\/www.public.sn\/wp-content\/uploads\/2022\/12\/gentle-mara.jpg","keywords":["6mois","diab seck","gentle mara en prison"],"articleSection":["ACTUALIT\u00c9S","FAITS DIVERS","S\u00c9N\u00c9GAL"],"inLanguage":"fr-FR","potentialAction":[{"@type":"CommentAction","name":"Comment","target":["https:\/\/www.public.sn\/index.php\/2022\/12\/02\/gentle-mara-en-prison-pour-6-mois\/#respond"]}]},{"@type":"WebPage","@id":"https:\/\/www.public.sn\/index.php\/2022\/12\/02\/gentle-mara-en-prison-pour-6-mois\/","url":"https:\/\/www.public.sn\/index.php\/2022\/12\/02\/gentle-mara-en-prison-pour-6-mois\/","name":"\"Gentle Mara\" en prison pour 6 mois. - LE PUBLIC","isPartOf":{"@id":"https:\/\/www.public.sn\/#website"},"primaryImageOfPage":{"@id":"https:\/\/www.public.sn\/index.php\/2022\/12\/02\/gentle-mara-en-prison-pour-6-mois\/#primaryimage"},"image":{"@id":"https:\/\/www.public.sn\/index.php\/2022\/12\/02\/gentle-mara-en-prison-pour-6-mois\/#primaryimage"},"thumbnailUrl":"https:\/\/www.public.sn\/wp-content\/uploads\/2022\/12\/gentle-mara.jpg","datePublished":"2022-12-02T14:20:55+00:00","dateModified":"2022-12-02T14:20:58+00:00","breadcrumb":{"@id":"https:\/\/www.public.sn\/index.php\/2022\/12\/02\/gentle-mara-en-prison-pour-6-mois\/#breadcrumb"},"inLanguage":"fr-FR","potentialAction":[{"@type":"ReadAction","target":["https:\/\/www.public.sn\/index.php\/2022\/12\/02\/gentle-mara-en-prison-pour-6-mois\/"]}]},{"@type":"ImageObject","inLanguage":"fr-FR","@id":"https:\/\/www.public.sn\/index.php\/2022\/12\/02\/gentle-mara-en-prison-pour-6-mois\/#primaryimage","url":"https:\/\/www.public.sn\/wp-content\/uploads\/2022\/12\/gentle-mara.jpg","contentUrl":"https:\/\/www.public.sn\/wp-content\/uploads\/2022\/12\/gentle-mara.jpg","width":720,"height":960,"caption":"publicsn"},{"@type":"BreadcrumbList","@id":"https:\/\/www.public.sn\/index.php\/2022\/12\/02\/gentle-mara-en-prison-pour-6-mois\/#breadcrumb","itemListElement":[{"@type":"ListItem","position":1,"name":"Accueil","item":"https:\/\/www.public.sn\/"},{"@type":"ListItem","position":2,"name":"\u00ab\u00a0Gentle Mara\u00a0\u00bb en prison pour 6 mois."}]},{"@type":"WebSite","@id":"https:\/\/www.public.sn\/#website","url":"https:\/\/www.public.sn\/","name":"LE PUBLIC","description":"","publisher":{"@id":"https:\/\/www.public.sn\/#organization"},"potentialAction":[{"@type":"SearchAction","target":{"@type":"EntryPoint","urlTemplate":"https:\/\/www.public.sn\/?s={search_term_string}"},"query-input":{"@type":"PropertyValueSpecification","valueRequired":true,"valueName":"search_term_string"}}],"inLanguage":"fr-FR"},{"@type":"Organization","@id":"https:\/\/www.public.sn\/#organization","name":"LE PUBLIC","url":"https:\/\/www.public.sn\/","logo":{"@type":"ImageObject","inLanguage":"fr-FR","@id":"https:\/\/www.public.sn\/#\/schema\/logo\/image\/","url":"https:\/\/www.public.sn\/wp-content\/uploads\/2024\/05\/cropped-LOGO-PUBLIC.SN_.png","contentUrl":"https:\/\/www.public.sn\/wp-content\/uploads\/2024\/05\/cropped-LOGO-PUBLIC.SN_.png","width":682,"height":192,"caption":"LE PUBLIC"},"image":{"@id":"https:\/\/www.public.sn\/#\/schema\/logo\/image\/"}},{"@type":"Person","@id":"https:\/\/www.public.sn\/#\/schema\/person\/cb76c8e1b8becc6be61fb5e92d6d0224","name":"LA REDACTION","image":{"@type":"ImageObject","inLanguage":"fr-FR","@id":"https:\/\/www.public.sn\/#\/schema\/person\/image\/","url":"https:\/\/secure.gravatar.com\/avatar\/2dce5ddd34b8fef0180efe03aa2a9bee7d953856048f9a16b298190a3178407c?s=96&d=mm&r=g","contentUrl":"https:\/\/secure.gravatar.com\/avatar\/2dce5ddd34b8fef0180efe03aa2a9bee7d953856048f9a16b298190a3178407c?s=96&d=mm&r=g","caption":"LA REDACTION"},"url":"https:\/\/www.public.sn\/index.php\/author\/editeurpsn\/"}]}},"jetpack_featured_media_url":"https:\/\/www.public.sn\/wp-content\/uploads\/2022\/12\/gentle-mara.jpg","jetpack_sharing_enabled":true,"_links":{"self":[{"href":"https:\/\/www.public.sn\/index.php\/wp-json\/wp\/v2\/posts\/10916","targetHints":{"allow":["GET"]}}],"collection":[{"href":"https:\/\/www.public.sn\/index.php\/wp-json\/wp\/v2\/posts"}],"about":[{"href":"https:\/\/www.public.sn\/index.php\/wp-json\/wp\/v2\/types\/post"}],"author":[{"embeddable":true,"href":"https:\/\/www.public.sn\/index.php\/wp-json\/wp\/v2\/users\/7"}],"replies":[{"embeddable":true,"href":"https:\/\/www.public.sn\/index.php\/wp-json\/wp\/v2\/comments?post=10916"}],"version-history":[{"count":1,"href":"https:\/\/www.public.sn\/index.php\/wp-json\/wp\/v2\/posts\/10916\/revisions"}],"predecessor-version":[{"id":10920,"href":"https:\/\/www.public.sn\/index.php\/wp-json\/wp\/v2\/posts\/10916\/revisions\/10920"}],"wp:featuredmedia":[{"embeddable":true,"href":"https:\/\/www.public.sn\/index.php\/wp-json\/wp\/v2\/media\/10919"}],"wp:attachment":[{"href":"https:\/\/www.public.sn\/index.php\/wp-json\/wp\/v2\/media?parent=10916"}],"wp:term":[{"taxonomy":"category","embeddable":true,"href":"https:\/\/www.public.sn\/index.php\/wp-json\/wp\/v2\/categories?post=10916"},{"taxonomy":"post_tag","embeddable":true,"href":"https:\/\/www.public.sn\/index.php\/wp-json\/wp\/v2\/tags?post=10916"}],"curies":[{"name":"wp","href":"https:\/\/api.w.org\/{rel}","templated":true}]}}