{"id":10955,"date":"2022-12-03T11:44:35","date_gmt":"2022-12-03T11:44:35","guid":{"rendered":"https:\/\/www.public.sn\/?p=10955"},"modified":"2022-12-03T11:44:37","modified_gmt":"2022-12-03T11:44:37","slug":"audition-ousmane-sonko-et-adji-sarr-les-avocats-de-la-defense-introduisent-une-nouvelle-requete","status":"publish","type":"post","link":"https:\/\/www.public.sn\/index.php\/2022\/12\/03\/audition-ousmane-sonko-et-adji-sarr-les-avocats-de-la-defense-introduisent-une-nouvelle-requete\/","title":{"rendered":"Audition Ousmane Sonko et Adji Sarr\u00a0: les avocats de la d\u00e9fense introduisent une nouvelle requ\u00eate.\u00a0"},"content":{"rendered":"\n<p>Adji Sarr et Ousmane Sonko vont faire face au doyen des juges d\u2019instructions Oumar Maham Diallo ce mardi. Selon Seneweb, Les avocats du leader du Pastef, Me Bamba Ciss\u00e9 et Cie, ont adress\u00e9 une nouvelle requ\u00eate rappelant que&nbsp;:&nbsp;\u00ab&nbsp;Par correspondance re\u00e7ue le 06 octobre 2022, nous vous avions saisi d\u2019une demande portant&nbsp; sur l\u2019audition entre autres du Sieur Mamadou Mamour Diallo&nbsp;\u00bb&nbsp; mais \u00ab&nbsp;celle-ci est rest\u00e9e sans suite&nbsp;&nbsp;\u00bb d\u00e9sole la d\u00e9fense.<\/p><div class=\"publi-paragraphe1\" style=\"margin-top: 10px;margin-bottom: 10px;margin-left: auto;margin-right: auto;text-align: center;\" id=\"publi-3968817016\"><div class=\"publi-adlabel\">Publicit\u00e9<\/div><script async src=\"\/\/pagead2.googlesyndication.com\/pagead\/js\/adsbygoogle.js?client=ca-pub-4089586018074219\" crossorigin=\"anonymous\"><\/script><ins class=\"adsbygoogle\" style=\"display:block;\" data-ad-client=\"ca-pub-4089586018074219\" \ndata-ad-slot=\"2087940154\" \ndata-ad-format=\"auto\"><\/ins>\n<script> \n(adsbygoogle = window.adsbygoogle || []).push({}); \n<\/script>\n<\/div>\n\n\n\n<p>&nbsp;De ce fait les avocats d\u2019Ousmane Sonko souhaitent que Baye Niass plus connu sous le nom de Mc Niass qui dit&nbsp;: \u00ab&nbsp;d\u00e9tenir des audios de la pr\u00e9sum\u00e9e victime Adji Sarr avouant le complot du dossier&nbsp;\u00bb, soit convoqu\u00e9 et entendu sur ses propos.<\/p>\n\n\n\n<p>Maimouna Diallo.<\/p>\n<div class=\"publi-apres-le-contenu\" style=\"margin-top: 10px;margin-bottom: 10px;margin-left: auto;margin-right: auto;text-align: center;\" id=\"publi-1423453379\"><div class=\"publi-adlabel\">Publicit\u00e9<\/div><script async src=\"\/\/pagead2.googlesyndication.com\/pagead\/js\/adsbygoogle.js?client=ca-pub-4089586018074219\" crossorigin=\"anonymous\"><\/script><ins class=\"adsbygoogle\" style=\"display:block;\" data-ad-client=\"ca-pub-4089586018074219\" \ndata-ad-slot=\"2087940154\" \ndata-ad-format=\"auto\"><\/ins>\n<script> \n(adsbygoogle = window.adsbygoogle || []).push({}); \n<\/script>\n<\/div>","protected":false},"excerpt":{"rendered":"<p>Adji Sarr et Ousmane Sonko vont faire face au doyen des juges d\u2019instructions Oumar Maham Diallo ce mardi. Selon Seneweb, Les avocats du leader du Pastef, Me Bamba Ciss\u00e9 et Cie, ont adress\u00e9 une nouvelle requ\u00eate rappelant que&nbsp;:&nbsp;\u00ab&nbsp;Par correspondance re\u00e7ue le 06 octobre 2022, nous vous avions saisi d\u2019une demande portant&nbsp; sur l\u2019audition entre autres du Sieur Mamadou Mamour Diallo&nbsp;\u00bb&nbsp; mais \u00ab&nbsp;celle-ci est rest\u00e9e sans suite&nbsp;&nbsp;\u00bb d\u00e9sole la d\u00e9fense. &nbsp;De ce fait les avocats d\u2019Ousmane Sonko souhaitent que Baye Niass plus connu sous le nom de Mc Niass qui dit&nbsp;: \u00ab&nbsp;d\u00e9tenir des audios de la pr\u00e9sum\u00e9e victime Adji Sarr avouant le complot du dossier&nbsp;\u00bb, soit convoqu\u00e9 et entendu sur ses propos. Maimouna Diallo.<\/p>\n","protected":false},"author":7,"featured_media":10957,"comment_status":"open","ping_status":"open","sticky":false,"template":"","format":"standard","meta":{"_jetpack_memberships_contains_paid_content":false,"footnotes":""},"categories":[375,3,1],"tags":[99,1217,306],"class_list":["post-10955","post","type-post","status-publish","format-standard","has-post-thumbnail","hentry","category-actualites","category-politique","category-non-classe","tag-adji-sarr","tag-audition","tag-sonko","entry","has-media","owp-thumbs-layout-horizontal","owp-btn-normal","owp-tabs-layout-horizontal","has-no-thumbnails","has-product-nav"],"yoast_head":"<!-- This site is optimized with the Yoast SEO plugin v25.5 - https:\/\/yoast.com\/wordpress\/plugins\/seo\/ -->\n<title>Audition Ousmane Sonko et Adji Sarr\u00a0: les avocats de la d\u00e9fense introduisent une nouvelle requ\u00eate.\u00a0 - LE PUBLIC<\/title>\n<meta name=\"robots\" content=\"index, follow, max-snippet:-1, max-image-preview:large, max-video-preview:-1\" \/>\n<link rel=\"canonical\" href=\"https:\/\/www.public.sn\/index.php\/2022\/12\/03\/audition-ousmane-sonko-et-adji-sarr-les-avocats-de-la-defense-introduisent-une-nouvelle-requete\/\" \/>\n<meta property=\"og:locale\" content=\"fr_FR\" \/>\n<meta property=\"og:type\" content=\"article\" \/>\n<meta property=\"og:title\" content=\"Audition Ousmane Sonko et Adji Sarr\u00a0: les avocats de la d\u00e9fense introduisent une nouvelle requ\u00eate.\u00a0 - LE PUBLIC\" \/>\n<meta property=\"og:description\" content=\"Adji Sarr et Ousmane Sonko vont faire face au doyen des juges d\u2019instructions Oumar Maham Diallo ce mardi. Selon Seneweb, Les avocats du leader du Pastef, Me Bamba Ciss\u00e9 et Cie, ont adress\u00e9 une nouvelle requ\u00eate rappelant que&nbsp;:&nbsp;\u00ab&nbsp;Par correspondance re\u00e7ue le 06 octobre 2022, nous vous avions saisi d\u2019une demande portant&nbsp; sur l\u2019audition entre autres du Sieur Mamadou Mamour Diallo&nbsp;\u00bb&nbsp; mais \u00ab&nbsp;celle-ci est rest\u00e9e sans suite&nbsp;&nbsp;\u00bb d\u00e9sole la d\u00e9fense. &nbsp;De ce fait les avocats d\u2019Ousmane Sonko souhaitent que Baye Niass plus connu sous le nom de Mc Niass qui dit&nbsp;: \u00ab&nbsp;d\u00e9tenir des audios de la pr\u00e9sum\u00e9e victime Adji Sarr avouant le complot du dossier&nbsp;\u00bb, soit convoqu\u00e9 et entendu sur ses propos. Maimouna Diallo.\" \/>\n<meta property=\"og:url\" content=\"https:\/\/www.public.sn\/index.php\/2022\/12\/03\/audition-ousmane-sonko-et-adji-sarr-les-avocats-de-la-defense-introduisent-une-nouvelle-requete\/\" \/>\n<meta property=\"og:site_name\" content=\"LE PUBLIC\" \/>\n<meta property=\"article:published_time\" content=\"2022-12-03T11:44:35+00:00\" \/>\n<meta property=\"article:modified_time\" content=\"2022-12-03T11:44:37+00:00\" \/>\n<meta property=\"og:image\" content=\"https:\/\/www.public.sn\/wp-content\/uploads\/2022\/12\/audition.gif\" \/>\n\t<meta property=\"og:image:width\" content=\"600\" \/>\n\t<meta property=\"og:image:height\" content=\"515\" \/>\n\t<meta property=\"og:image:type\" content=\"image\/gif\" \/>\n<meta name=\"author\" content=\"LA REDACTION\" \/>\n<meta name=\"twitter:card\" content=\"summary_large_image\" \/>\n<meta name=\"twitter:label1\" content=\"\u00c9crit par\" \/>\n\t<meta name=\"twitter:data1\" content=\"LA REDACTION\" \/>\n\t<meta name=\"twitter:label2\" content=\"Dur\u00e9e de lecture estim\u00e9e\" \/>\n\t<meta name=\"twitter:data2\" content=\"1 minute\" \/>\n<script type=\"application\/ld+json\" class=\"yoast-schema-graph\">{\"@context\":\"https:\/\/schema.org\",\"@graph\":[{\"@type\":\"Article\",\"@id\":\"https:\/\/www.public.sn\/index.php\/2022\/12\/03\/audition-ousmane-sonko-et-adji-sarr-les-avocats-de-la-defense-introduisent-une-nouvelle-requete\/#article\",\"isPartOf\":{\"@id\":\"https:\/\/www.public.sn\/index.php\/2022\/12\/03\/audition-ousmane-sonko-et-adji-sarr-les-avocats-de-la-defense-introduisent-une-nouvelle-requete\/\"},\"author\":{\"name\":\"LA REDACTION\",\"@id\":\"https:\/\/www.public.sn\/#\/schema\/person\/cb76c8e1b8becc6be61fb5e92d6d0224\"},\"headline\":\"Audition Ousmane Sonko et Adji Sarr\u00a0: les avocats de la d\u00e9fense introduisent une nouvelle requ\u00eate.\u00a0\",\"datePublished\":\"2022-12-03T11:44:35+00:00\",\"dateModified\":\"2022-12-03T11:44:37+00:00\",\"mainEntityOfPage\":{\"@id\":\"https:\/\/www.public.sn\/index.php\/2022\/12\/03\/audition-ousmane-sonko-et-adji-sarr-les-avocats-de-la-defense-introduisent-une-nouvelle-requete\/\"},\"wordCount\":154,\"commentCount\":0,\"publisher\":{\"@id\":\"https:\/\/www.public.sn\/#organization\"},\"image\":{\"@id\":\"https:\/\/www.public.sn\/index.php\/2022\/12\/03\/audition-ousmane-sonko-et-adji-sarr-les-avocats-de-la-defense-introduisent-une-nouvelle-requete\/#primaryimage\"},\"thumbnailUrl\":\"https:\/\/www.public.sn\/wp-content\/uploads\/2022\/12\/audition.gif\",\"keywords\":[\"Adji Sarr\",\"Audition\",\"sonko\"],\"articleSection\":[\"ACTUALIT\u00c9S\",\"POLITIQUE\",\"S\u00c9N\u00c9GAL\"],\"inLanguage\":\"fr-FR\",\"potentialAction\":[{\"@type\":\"CommentAction\",\"name\":\"Comment\",\"target\":[\"https:\/\/www.public.sn\/index.php\/2022\/12\/03\/audition-ousmane-sonko-et-adji-sarr-les-avocats-de-la-defense-introduisent-une-nouvelle-requete\/#respond\"]}]},{\"@type\":\"WebPage\",\"@id\":\"https:\/\/www.public.sn\/index.php\/2022\/12\/03\/audition-ousmane-sonko-et-adji-sarr-les-avocats-de-la-defense-introduisent-une-nouvelle-requete\/\",\"url\":\"https:\/\/www.public.sn\/index.php\/2022\/12\/03\/audition-ousmane-sonko-et-adji-sarr-les-avocats-de-la-defense-introduisent-une-nouvelle-requete\/\",\"name\":\"Audition Ousmane Sonko et Adji Sarr\u00a0: les avocats de la d\u00e9fense introduisent une nouvelle requ\u00eate.\u00a0 - LE PUBLIC\",\"isPartOf\":{\"@id\":\"https:\/\/www.public.sn\/#website\"},\"primaryImageOfPage\":{\"@id\":\"https:\/\/www.public.sn\/index.php\/2022\/12\/03\/audition-ousmane-sonko-et-adji-sarr-les-avocats-de-la-defense-introduisent-une-nouvelle-requete\/#primaryimage\"},\"image\":{\"@id\":\"https:\/\/www.public.sn\/index.php\/2022\/12\/03\/audition-ousmane-sonko-et-adji-sarr-les-avocats-de-la-defense-introduisent-une-nouvelle-requete\/#primaryimage\"},\"thumbnailUrl\":\"https:\/\/www.public.sn\/wp-content\/uploads\/2022\/12\/audition.gif\",\"datePublished\":\"2022-12-03T11:44:35+00:00\",\"dateModified\":\"2022-12-03T11:44:37+00:00\",\"breadcrumb\":{\"@id\":\"https:\/\/www.public.sn\/index.php\/2022\/12\/03\/audition-ousmane-sonko-et-adji-sarr-les-avocats-de-la-defense-introduisent-une-nouvelle-requete\/#breadcrumb\"},\"inLanguage\":\"fr-FR\",\"potentialAction\":[{\"@type\":\"ReadAction\",\"target\":[\"https:\/\/www.public.sn\/index.php\/2022\/12\/03\/audition-ousmane-sonko-et-adji-sarr-les-avocats-de-la-defense-introduisent-une-nouvelle-requete\/\"]}]},{\"@type\":\"ImageObject\",\"inLanguage\":\"fr-FR\",\"@id\":\"https:\/\/www.public.sn\/index.php\/2022\/12\/03\/audition-ousmane-sonko-et-adji-sarr-les-avocats-de-la-defense-introduisent-une-nouvelle-requete\/#primaryimage\",\"url\":\"https:\/\/www.public.sn\/wp-content\/uploads\/2022\/12\/audition.gif\",\"contentUrl\":\"https:\/\/www.public.sn\/wp-content\/uploads\/2022\/12\/audition.gif\",\"width\":600,\"height\":515,\"caption\":\"publicsn\"},{\"@type\":\"BreadcrumbList\",\"@id\":\"https:\/\/www.public.sn\/index.php\/2022\/12\/03\/audition-ousmane-sonko-et-adji-sarr-les-avocats-de-la-defense-introduisent-une-nouvelle-requete\/#breadcrumb\",\"itemListElement\":[{\"@type\":\"ListItem\",\"position\":1,\"name\":\"Accueil\",\"item\":\"https:\/\/www.public.sn\/\"},{\"@type\":\"ListItem\",\"position\":2,\"name\":\"Audition Ousmane Sonko et Adji Sarr\u00a0: les avocats de la d\u00e9fense introduisent une nouvelle requ\u00eate.\u00a0\"}]},{\"@type\":\"WebSite\",\"@id\":\"https:\/\/www.public.sn\/#website\",\"url\":\"https:\/\/www.public.sn\/\",\"name\":\"LE PUBLIC\",\"description\":\"\",\"publisher\":{\"@id\":\"https:\/\/www.public.sn\/#organization\"},\"potentialAction\":[{\"@type\":\"SearchAction\",\"target\":{\"@type\":\"EntryPoint\",\"urlTemplate\":\"https:\/\/www.public.sn\/?s={search_term_string}\"},\"query-input\":{\"@type\":\"PropertyValueSpecification\",\"valueRequired\":true,\"valueName\":\"search_term_string\"}}],\"inLanguage\":\"fr-FR\"},{\"@type\":\"Organization\",\"@id\":\"https:\/\/www.public.sn\/#organization\",\"name\":\"LE PUBLIC\",\"url\":\"https:\/\/www.public.sn\/\",\"logo\":{\"@type\":\"ImageObject\",\"inLanguage\":\"fr-FR\",\"@id\":\"https:\/\/www.public.sn\/#\/schema\/logo\/image\/\",\"url\":\"https:\/\/www.public.sn\/wp-content\/uploads\/2024\/05\/cropped-LOGO-PUBLIC.SN_.png\",\"contentUrl\":\"https:\/\/www.public.sn\/wp-content\/uploads\/2024\/05\/cropped-LOGO-PUBLIC.SN_.png\",\"width\":682,\"height\":192,\"caption\":\"LE PUBLIC\"},\"image\":{\"@id\":\"https:\/\/www.public.sn\/#\/schema\/logo\/image\/\"}},{\"@type\":\"Person\",\"@id\":\"https:\/\/www.public.sn\/#\/schema\/person\/cb76c8e1b8becc6be61fb5e92d6d0224\",\"name\":\"LA REDACTION\",\"image\":{\"@type\":\"ImageObject\",\"inLanguage\":\"fr-FR\",\"@id\":\"https:\/\/www.public.sn\/#\/schema\/person\/image\/\",\"url\":\"https:\/\/secure.gravatar.com\/avatar\/2dce5ddd34b8fef0180efe03aa2a9bee7d953856048f9a16b298190a3178407c?s=96&d=mm&r=g\",\"contentUrl\":\"https:\/\/secure.gravatar.com\/avatar\/2dce5ddd34b8fef0180efe03aa2a9bee7d953856048f9a16b298190a3178407c?s=96&d=mm&r=g\",\"caption\":\"LA REDACTION\"},\"url\":\"https:\/\/www.public.sn\/index.php\/author\/editeurpsn\/\"}]}<\/script>\n<!-- \/ Yoast SEO plugin. -->","yoast_head_json":{"title":"Audition Ousmane Sonko et Adji Sarr\u00a0: les avocats de la d\u00e9fense introduisent une nouvelle requ\u00eate.\u00a0 - LE PUBLIC","robots":{"index":"index","follow":"follow","max-snippet":"max-snippet:-1","max-image-preview":"max-image-preview:large","max-video-preview":"max-video-preview:-1"},"canonical":"https:\/\/www.public.sn\/index.php\/2022\/12\/03\/audition-ousmane-sonko-et-adji-sarr-les-avocats-de-la-defense-introduisent-une-nouvelle-requete\/","og_locale":"fr_FR","og_type":"article","og_title":"Audition Ousmane Sonko et Adji Sarr\u00a0: les avocats de la d\u00e9fense introduisent une nouvelle requ\u00eate.\u00a0 - LE PUBLIC","og_description":"Adji Sarr et Ousmane Sonko vont faire face au doyen des juges d\u2019instructions Oumar Maham Diallo ce mardi. Selon Seneweb, Les avocats du leader du Pastef, Me Bamba Ciss\u00e9 et Cie, ont adress\u00e9 une nouvelle requ\u00eate rappelant que&nbsp;:&nbsp;\u00ab&nbsp;Par correspondance re\u00e7ue le 06 octobre 2022, nous vous avions saisi d\u2019une demande portant&nbsp; sur l\u2019audition entre autres du Sieur Mamadou Mamour Diallo&nbsp;\u00bb&nbsp; mais \u00ab&nbsp;celle-ci est rest\u00e9e sans suite&nbsp;&nbsp;\u00bb d\u00e9sole la d\u00e9fense. &nbsp;De ce fait les avocats d\u2019Ousmane Sonko souhaitent que Baye Niass plus connu sous le nom de Mc Niass qui dit&nbsp;: \u00ab&nbsp;d\u00e9tenir des audios de la pr\u00e9sum\u00e9e victime Adji Sarr avouant le complot du dossier&nbsp;\u00bb, soit convoqu\u00e9 et entendu sur ses propos. Maimouna Diallo.","og_url":"https:\/\/www.public.sn\/index.php\/2022\/12\/03\/audition-ousmane-sonko-et-adji-sarr-les-avocats-de-la-defense-introduisent-une-nouvelle-requete\/","og_site_name":"LE PUBLIC","article_published_time":"2022-12-03T11:44:35+00:00","article_modified_time":"2022-12-03T11:44:37+00:00","og_image":[{"width":600,"height":515,"url":"https:\/\/www.public.sn\/wp-content\/uploads\/2022\/12\/audition.gif","type":"image\/gif"}],"author":"LA REDACTION","twitter_card":"summary_large_image","twitter_misc":{"\u00c9crit par":"LA REDACTION","Dur\u00e9e de lecture estim\u00e9e":"1 minute"},"schema":{"@context":"https:\/\/schema.org","@graph":[{"@type":"Article","@id":"https:\/\/www.public.sn\/index.php\/2022\/12\/03\/audition-ousmane-sonko-et-adji-sarr-les-avocats-de-la-defense-introduisent-une-nouvelle-requete\/#article","isPartOf":{"@id":"https:\/\/www.public.sn\/index.php\/2022\/12\/03\/audition-ousmane-sonko-et-adji-sarr-les-avocats-de-la-defense-introduisent-une-nouvelle-requete\/"},"author":{"name":"LA REDACTION","@id":"https:\/\/www.public.sn\/#\/schema\/person\/cb76c8e1b8becc6be61fb5e92d6d0224"},"headline":"Audition Ousmane Sonko et Adji Sarr\u00a0: les avocats de la d\u00e9fense introduisent une nouvelle requ\u00eate.\u00a0","datePublished":"2022-12-03T11:44:35+00:00","dateModified":"2022-12-03T11:44:37+00:00","mainEntityOfPage":{"@id":"https:\/\/www.public.sn\/index.php\/2022\/12\/03\/audition-ousmane-sonko-et-adji-sarr-les-avocats-de-la-defense-introduisent-une-nouvelle-requete\/"},"wordCount":154,"commentCount":0,"publisher":{"@id":"https:\/\/www.public.sn\/#organization"},"image":{"@id":"https:\/\/www.public.sn\/index.php\/2022\/12\/03\/audition-ousmane-sonko-et-adji-sarr-les-avocats-de-la-defense-introduisent-une-nouvelle-requete\/#primaryimage"},"thumbnailUrl":"https:\/\/www.public.sn\/wp-content\/uploads\/2022\/12\/audition.gif","keywords":["Adji Sarr","Audition","sonko"],"articleSection":["ACTUALIT\u00c9S","POLITIQUE","S\u00c9N\u00c9GAL"],"inLanguage":"fr-FR","potentialAction":[{"@type":"CommentAction","name":"Comment","target":["https:\/\/www.public.sn\/index.php\/2022\/12\/03\/audition-ousmane-sonko-et-adji-sarr-les-avocats-de-la-defense-introduisent-une-nouvelle-requete\/#respond"]}]},{"@type":"WebPage","@id":"https:\/\/www.public.sn\/index.php\/2022\/12\/03\/audition-ousmane-sonko-et-adji-sarr-les-avocats-de-la-defense-introduisent-une-nouvelle-requete\/","url":"https:\/\/www.public.sn\/index.php\/2022\/12\/03\/audition-ousmane-sonko-et-adji-sarr-les-avocats-de-la-defense-introduisent-une-nouvelle-requete\/","name":"Audition Ousmane Sonko et Adji Sarr\u00a0: les avocats de la d\u00e9fense introduisent une nouvelle requ\u00eate.\u00a0 - LE PUBLIC","isPartOf":{"@id":"https:\/\/www.public.sn\/#website"},"primaryImageOfPage":{"@id":"https:\/\/www.public.sn\/index.php\/2022\/12\/03\/audition-ousmane-sonko-et-adji-sarr-les-avocats-de-la-defense-introduisent-une-nouvelle-requete\/#primaryimage"},"image":{"@id":"https:\/\/www.public.sn\/index.php\/2022\/12\/03\/audition-ousmane-sonko-et-adji-sarr-les-avocats-de-la-defense-introduisent-une-nouvelle-requete\/#primaryimage"},"thumbnailUrl":"https:\/\/www.public.sn\/wp-content\/uploads\/2022\/12\/audition.gif","datePublished":"2022-12-03T11:44:35+00:00","dateModified":"2022-12-03T11:44:37+00:00","breadcrumb":{"@id":"https:\/\/www.public.sn\/index.php\/2022\/12\/03\/audition-ousmane-sonko-et-adji-sarr-les-avocats-de-la-defense-introduisent-une-nouvelle-requete\/#breadcrumb"},"inLanguage":"fr-FR","potentialAction":[{"@type":"ReadAction","target":["https:\/\/www.public.sn\/index.php\/2022\/12\/03\/audition-ousmane-sonko-et-adji-sarr-les-avocats-de-la-defense-introduisent-une-nouvelle-requete\/"]}]},{"@type":"ImageObject","inLanguage":"fr-FR","@id":"https:\/\/www.public.sn\/index.php\/2022\/12\/03\/audition-ousmane-sonko-et-adji-sarr-les-avocats-de-la-defense-introduisent-une-nouvelle-requete\/#primaryimage","url":"https:\/\/www.public.sn\/wp-content\/uploads\/2022\/12\/audition.gif","contentUrl":"https:\/\/www.public.sn\/wp-content\/uploads\/2022\/12\/audition.gif","width":600,"height":515,"caption":"publicsn"},{"@type":"BreadcrumbList","@id":"https:\/\/www.public.sn\/index.php\/2022\/12\/03\/audition-ousmane-sonko-et-adji-sarr-les-avocats-de-la-defense-introduisent-une-nouvelle-requete\/#breadcrumb","itemListElement":[{"@type":"ListItem","position":1,"name":"Accueil","item":"https:\/\/www.public.sn\/"},{"@type":"ListItem","position":2,"name":"Audition Ousmane Sonko et Adji Sarr\u00a0: les avocats de la d\u00e9fense introduisent une nouvelle requ\u00eate.\u00a0"}]},{"@type":"WebSite","@id":"https:\/\/www.public.sn\/#website","url":"https:\/\/www.public.sn\/","name":"LE PUBLIC","description":"","publisher":{"@id":"https:\/\/www.public.sn\/#organization"},"potentialAction":[{"@type":"SearchAction","target":{"@type":"EntryPoint","urlTemplate":"https:\/\/www.public.sn\/?s={search_term_string}"},"query-input":{"@type":"PropertyValueSpecification","valueRequired":true,"valueName":"search_term_string"}}],"inLanguage":"fr-FR"},{"@type":"Organization","@id":"https:\/\/www.public.sn\/#organization","name":"LE PUBLIC","url":"https:\/\/www.public.sn\/","logo":{"@type":"ImageObject","inLanguage":"fr-FR","@id":"https:\/\/www.public.sn\/#\/schema\/logo\/image\/","url":"https:\/\/www.public.sn\/wp-content\/uploads\/2024\/05\/cropped-LOGO-PUBLIC.SN_.png","contentUrl":"https:\/\/www.public.sn\/wp-content\/uploads\/2024\/05\/cropped-LOGO-PUBLIC.SN_.png","width":682,"height":192,"caption":"LE PUBLIC"},"image":{"@id":"https:\/\/www.public.sn\/#\/schema\/logo\/image\/"}},{"@type":"Person","@id":"https:\/\/www.public.sn\/#\/schema\/person\/cb76c8e1b8becc6be61fb5e92d6d0224","name":"LA REDACTION","image":{"@type":"ImageObject","inLanguage":"fr-FR","@id":"https:\/\/www.public.sn\/#\/schema\/person\/image\/","url":"https:\/\/secure.gravatar.com\/avatar\/2dce5ddd34b8fef0180efe03aa2a9bee7d953856048f9a16b298190a3178407c?s=96&d=mm&r=g","contentUrl":"https:\/\/secure.gravatar.com\/avatar\/2dce5ddd34b8fef0180efe03aa2a9bee7d953856048f9a16b298190a3178407c?s=96&d=mm&r=g","caption":"LA REDACTION"},"url":"https:\/\/www.public.sn\/index.php\/author\/editeurpsn\/"}]}},"jetpack_featured_media_url":"https:\/\/www.public.sn\/wp-content\/uploads\/2022\/12\/audition.gif","jetpack_sharing_enabled":true,"_links":{"self":[{"href":"https:\/\/www.public.sn\/index.php\/wp-json\/wp\/v2\/posts\/10955","targetHints":{"allow":["GET"]}}],"collection":[{"href":"https:\/\/www.public.sn\/index.php\/wp-json\/wp\/v2\/posts"}],"about":[{"href":"https:\/\/www.public.sn\/index.php\/wp-json\/wp\/v2\/types\/post"}],"author":[{"embeddable":true,"href":"https:\/\/www.public.sn\/index.php\/wp-json\/wp\/v2\/users\/7"}],"replies":[{"embeddable":true,"href":"https:\/\/www.public.sn\/index.php\/wp-json\/wp\/v2\/comments?post=10955"}],"version-history":[{"count":1,"href":"https:\/\/www.public.sn\/index.php\/wp-json\/wp\/v2\/posts\/10955\/revisions"}],"predecessor-version":[{"id":10958,"href":"https:\/\/www.public.sn\/index.php\/wp-json\/wp\/v2\/posts\/10955\/revisions\/10958"}],"wp:featuredmedia":[{"embeddable":true,"href":"https:\/\/www.public.sn\/index.php\/wp-json\/wp\/v2\/media\/10957"}],"wp:attachment":[{"href":"https:\/\/www.public.sn\/index.php\/wp-json\/wp\/v2\/media?parent=10955"}],"wp:term":[{"taxonomy":"category","embeddable":true,"href":"https:\/\/www.public.sn\/index.php\/wp-json\/wp\/v2\/categories?post=10955"},{"taxonomy":"post_tag","embeddable":true,"href":"https:\/\/www.public.sn\/index.php\/wp-json\/wp\/v2\/tags?post=10955"}],"curies":[{"name":"wp","href":"https:\/\/api.w.org\/{rel}","templated":true}]}}