{"id":10959,"date":"2022-12-03T12:15:56","date_gmt":"2022-12-03T12:15:56","guid":{"rendered":"https:\/\/www.public.sn\/?p=10959"},"modified":"2022-12-03T16:13:27","modified_gmt":"2022-12-03T16:13:27","slug":"la-deputee-maire-de-gniby-amy-ndiaye-risque-de-perdre-son-bebe","status":"publish","type":"post","link":"https:\/\/www.public.sn\/index.php\/2022\/12\/03\/la-deputee-maire-de-gniby-amy-ndiaye-risque-de-perdre-son-bebe\/","title":{"rendered":"La d\u00e9put\u00e9e maire de Gniby Amy Ndiaye risque de perdre son b\u00e9b\u00e9."},"content":{"rendered":"\n<p>La d\u00e9put\u00e9-maire Amy Ndiaye vit une psychose de perdre son f\u0153tus de 9 semaines apr\u00e8s avoir re\u00e7u un coup de pied au ventre de son coll\u00e8gue Massata Samb. Intern\u00e9e \u00e0 l\u2019h\u00f4pital Principal de Dakar, Amy Ndiaye se tord de douleurs au bas ventre depuis le jour des faits \u00e0 l\u2019Assembl\u00e9e Nationale. Pour rappel, ses propos prononc\u00e9s contre Serigne Moustapha Sy&nbsp; guide&nbsp; moral des Moustarchidines et pr\u00e9sident du Parti de l\u2019Unit\u00e9 et du rassemblement (Pur) ont pouss\u00e9 Massata Samb \u00e0 r\u00e9agir ainsi.<\/p><div class=\"publi-paragraphe1\" style=\"margin-top: 10px;margin-bottom: 10px;margin-left: auto;margin-right: auto;text-align: center;\" id=\"publi-4173584951\"><div class=\"publi-adlabel\">Publicit\u00e9<\/div><script async src=\"\/\/pagead2.googlesyndication.com\/pagead\/js\/adsbygoogle.js?client=ca-pub-4089586018074219\" crossorigin=\"anonymous\"><\/script><ins class=\"adsbygoogle\" style=\"display:block;\" data-ad-client=\"ca-pub-4089586018074219\" \ndata-ad-slot=\"2087940154\" \ndata-ad-format=\"auto\"><\/ins>\n<script> \n(adsbygoogle = window.adsbygoogle || []).push({}); \n<\/script>\n<\/div>\n\n\n\n<p>Maimouna Diallo.<\/p>\n<div class=\"publi-apres-le-contenu\" style=\"margin-top: 10px;margin-bottom: 10px;margin-left: auto;margin-right: auto;text-align: center;\" id=\"publi-1605332947\"><div class=\"publi-adlabel\">Publicit\u00e9<\/div><script async src=\"\/\/pagead2.googlesyndication.com\/pagead\/js\/adsbygoogle.js?client=ca-pub-4089586018074219\" crossorigin=\"anonymous\"><\/script><ins class=\"adsbygoogle\" style=\"display:block;\" data-ad-client=\"ca-pub-4089586018074219\" \ndata-ad-slot=\"2087940154\" \ndata-ad-format=\"auto\"><\/ins>\n<script> \n(adsbygoogle = window.adsbygoogle || []).push({}); \n<\/script>\n<\/div>","protected":false},"excerpt":{"rendered":"<p>La d\u00e9put\u00e9-maire Amy Ndiaye vit une psychose de perdre son f\u0153tus de 9 semaines apr\u00e8s avoir re\u00e7u un coup de pied au ventre de son coll\u00e8gue Massata Samb. Intern\u00e9e \u00e0 l\u2019h\u00f4pital Principal de Dakar, Amy Ndiaye se tord de douleurs au bas ventre depuis le jour des faits \u00e0 l\u2019Assembl\u00e9e Nationale. Pour rappel, ses propos prononc\u00e9s contre Serigne Moustapha Sy&nbsp; guide&nbsp; moral des Moustarchidines et pr\u00e9sident du Parti de l\u2019Unit\u00e9 et du rassemblement (Pur) ont pouss\u00e9 Massata Samb \u00e0 r\u00e9agir ainsi. Maimouna Diallo.<\/p>\n","protected":false},"author":7,"featured_media":10960,"comment_status":"open","ping_status":"open","sticky":false,"template":"","format":"standard","meta":{"_jetpack_memberships_contains_paid_content":false,"footnotes":""},"categories":[375,3,1,372],"tags":[3421,15,3542],"class_list":["post-10959","post","type-post","status-publish","format-standard","has-post-thumbnail","hentry","category-actualites","category-politique","category-non-classe","category-vedette","tag-amy-ndiaye","tag-deputes","tag-massata-samb","entry","has-media","owp-thumbs-layout-horizontal","owp-btn-normal","owp-tabs-layout-horizontal","has-no-thumbnails","has-product-nav"],"yoast_head":"<!-- This site is optimized with the Yoast SEO plugin v25.5 - https:\/\/yoast.com\/wordpress\/plugins\/seo\/ -->\n<title>La d\u00e9put\u00e9e maire de Gniby Amy Ndiaye risque de perdre son b\u00e9b\u00e9. - LE PUBLIC<\/title>\n<meta name=\"robots\" content=\"index, follow, max-snippet:-1, max-image-preview:large, max-video-preview:-1\" \/>\n<link rel=\"canonical\" href=\"https:\/\/www.public.sn\/index.php\/2022\/12\/03\/la-deputee-maire-de-gniby-amy-ndiaye-risque-de-perdre-son-bebe\/\" \/>\n<meta property=\"og:locale\" content=\"fr_FR\" \/>\n<meta property=\"og:type\" content=\"article\" \/>\n<meta property=\"og:title\" content=\"La d\u00e9put\u00e9e maire de Gniby Amy Ndiaye risque de perdre son b\u00e9b\u00e9. - LE PUBLIC\" \/>\n<meta property=\"og:description\" content=\"La d\u00e9put\u00e9-maire Amy Ndiaye vit une psychose de perdre son f\u0153tus de 9 semaines apr\u00e8s avoir re\u00e7u un coup de pied au ventre de son coll\u00e8gue Massata Samb. Intern\u00e9e \u00e0 l\u2019h\u00f4pital Principal de Dakar, Amy Ndiaye se tord de douleurs au bas ventre depuis le jour des faits \u00e0 l\u2019Assembl\u00e9e Nationale. Pour rappel, ses propos prononc\u00e9s contre Serigne Moustapha Sy&nbsp; guide&nbsp; moral des Moustarchidines et pr\u00e9sident du Parti de l\u2019Unit\u00e9 et du rassemblement (Pur) ont pouss\u00e9 Massata Samb \u00e0 r\u00e9agir ainsi. Maimouna Diallo.\" \/>\n<meta property=\"og:url\" content=\"https:\/\/www.public.sn\/index.php\/2022\/12\/03\/la-deputee-maire-de-gniby-amy-ndiaye-risque-de-perdre-son-bebe\/\" \/>\n<meta property=\"og:site_name\" content=\"LE PUBLIC\" \/>\n<meta property=\"article:published_time\" content=\"2022-12-03T12:15:56+00:00\" \/>\n<meta property=\"article:modified_time\" content=\"2022-12-03T16:13:27+00:00\" \/>\n<meta property=\"og:image\" content=\"https:\/\/www.public.sn\/wp-content\/uploads\/2022\/12\/AMY-NDIAYE2.jpg\" \/>\n\t<meta property=\"og:image:width\" content=\"600\" \/>\n\t<meta property=\"og:image:height\" content=\"423\" \/>\n\t<meta property=\"og:image:type\" content=\"image\/jpeg\" \/>\n<meta name=\"author\" content=\"LA REDACTION\" \/>\n<meta name=\"twitter:card\" content=\"summary_large_image\" \/>\n<meta name=\"twitter:label1\" content=\"\u00c9crit par\" \/>\n\t<meta name=\"twitter:data1\" content=\"LA REDACTION\" \/>\n\t<meta name=\"twitter:label2\" content=\"Dur\u00e9e de lecture estim\u00e9e\" \/>\n\t<meta name=\"twitter:data2\" content=\"1 minute\" \/>\n<script type=\"application\/ld+json\" class=\"yoast-schema-graph\">{\"@context\":\"https:\/\/schema.org\",\"@graph\":[{\"@type\":\"Article\",\"@id\":\"https:\/\/www.public.sn\/index.php\/2022\/12\/03\/la-deputee-maire-de-gniby-amy-ndiaye-risque-de-perdre-son-bebe\/#article\",\"isPartOf\":{\"@id\":\"https:\/\/www.public.sn\/index.php\/2022\/12\/03\/la-deputee-maire-de-gniby-amy-ndiaye-risque-de-perdre-son-bebe\/\"},\"author\":{\"name\":\"LA REDACTION\",\"@id\":\"https:\/\/www.public.sn\/#\/schema\/person\/cb76c8e1b8becc6be61fb5e92d6d0224\"},\"headline\":\"La d\u00e9put\u00e9e maire de Gniby Amy Ndiaye risque de perdre son b\u00e9b\u00e9.\",\"datePublished\":\"2022-12-03T12:15:56+00:00\",\"dateModified\":\"2022-12-03T16:13:27+00:00\",\"mainEntityOfPage\":{\"@id\":\"https:\/\/www.public.sn\/index.php\/2022\/12\/03\/la-deputee-maire-de-gniby-amy-ndiaye-risque-de-perdre-son-bebe\/\"},\"wordCount\":111,\"commentCount\":0,\"publisher\":{\"@id\":\"https:\/\/www.public.sn\/#organization\"},\"image\":{\"@id\":\"https:\/\/www.public.sn\/index.php\/2022\/12\/03\/la-deputee-maire-de-gniby-amy-ndiaye-risque-de-perdre-son-bebe\/#primaryimage\"},\"thumbnailUrl\":\"https:\/\/www.public.sn\/wp-content\/uploads\/2022\/12\/AMY-NDIAYE2.jpg\",\"keywords\":[\"amy ndiaye\",\"D\u00e9put\u00e9s\",\"massata samb\"],\"articleSection\":[\"ACTUALIT\u00c9S\",\"POLITIQUE\",\"S\u00c9N\u00c9GAL\",\"VEDETTE\"],\"inLanguage\":\"fr-FR\",\"potentialAction\":[{\"@type\":\"CommentAction\",\"name\":\"Comment\",\"target\":[\"https:\/\/www.public.sn\/index.php\/2022\/12\/03\/la-deputee-maire-de-gniby-amy-ndiaye-risque-de-perdre-son-bebe\/#respond\"]}]},{\"@type\":\"WebPage\",\"@id\":\"https:\/\/www.public.sn\/index.php\/2022\/12\/03\/la-deputee-maire-de-gniby-amy-ndiaye-risque-de-perdre-son-bebe\/\",\"url\":\"https:\/\/www.public.sn\/index.php\/2022\/12\/03\/la-deputee-maire-de-gniby-amy-ndiaye-risque-de-perdre-son-bebe\/\",\"name\":\"La d\u00e9put\u00e9e maire de Gniby Amy Ndiaye risque de perdre son b\u00e9b\u00e9. - LE PUBLIC\",\"isPartOf\":{\"@id\":\"https:\/\/www.public.sn\/#website\"},\"primaryImageOfPage\":{\"@id\":\"https:\/\/www.public.sn\/index.php\/2022\/12\/03\/la-deputee-maire-de-gniby-amy-ndiaye-risque-de-perdre-son-bebe\/#primaryimage\"},\"image\":{\"@id\":\"https:\/\/www.public.sn\/index.php\/2022\/12\/03\/la-deputee-maire-de-gniby-amy-ndiaye-risque-de-perdre-son-bebe\/#primaryimage\"},\"thumbnailUrl\":\"https:\/\/www.public.sn\/wp-content\/uploads\/2022\/12\/AMY-NDIAYE2.jpg\",\"datePublished\":\"2022-12-03T12:15:56+00:00\",\"dateModified\":\"2022-12-03T16:13:27+00:00\",\"breadcrumb\":{\"@id\":\"https:\/\/www.public.sn\/index.php\/2022\/12\/03\/la-deputee-maire-de-gniby-amy-ndiaye-risque-de-perdre-son-bebe\/#breadcrumb\"},\"inLanguage\":\"fr-FR\",\"potentialAction\":[{\"@type\":\"ReadAction\",\"target\":[\"https:\/\/www.public.sn\/index.php\/2022\/12\/03\/la-deputee-maire-de-gniby-amy-ndiaye-risque-de-perdre-son-bebe\/\"]}]},{\"@type\":\"ImageObject\",\"inLanguage\":\"fr-FR\",\"@id\":\"https:\/\/www.public.sn\/index.php\/2022\/12\/03\/la-deputee-maire-de-gniby-amy-ndiaye-risque-de-perdre-son-bebe\/#primaryimage\",\"url\":\"https:\/\/www.public.sn\/wp-content\/uploads\/2022\/12\/AMY-NDIAYE2.jpg\",\"contentUrl\":\"https:\/\/www.public.sn\/wp-content\/uploads\/2022\/12\/AMY-NDIAYE2.jpg\",\"width\":600,\"height\":423,\"caption\":\"Publicsn\"},{\"@type\":\"BreadcrumbList\",\"@id\":\"https:\/\/www.public.sn\/index.php\/2022\/12\/03\/la-deputee-maire-de-gniby-amy-ndiaye-risque-de-perdre-son-bebe\/#breadcrumb\",\"itemListElement\":[{\"@type\":\"ListItem\",\"position\":1,\"name\":\"Accueil\",\"item\":\"https:\/\/www.public.sn\/\"},{\"@type\":\"ListItem\",\"position\":2,\"name\":\"La d\u00e9put\u00e9e maire de Gniby Amy Ndiaye risque de perdre son b\u00e9b\u00e9.\"}]},{\"@type\":\"WebSite\",\"@id\":\"https:\/\/www.public.sn\/#website\",\"url\":\"https:\/\/www.public.sn\/\",\"name\":\"LE PUBLIC\",\"description\":\"\",\"publisher\":{\"@id\":\"https:\/\/www.public.sn\/#organization\"},\"potentialAction\":[{\"@type\":\"SearchAction\",\"target\":{\"@type\":\"EntryPoint\",\"urlTemplate\":\"https:\/\/www.public.sn\/?s={search_term_string}\"},\"query-input\":{\"@type\":\"PropertyValueSpecification\",\"valueRequired\":true,\"valueName\":\"search_term_string\"}}],\"inLanguage\":\"fr-FR\"},{\"@type\":\"Organization\",\"@id\":\"https:\/\/www.public.sn\/#organization\",\"name\":\"LE PUBLIC\",\"url\":\"https:\/\/www.public.sn\/\",\"logo\":{\"@type\":\"ImageObject\",\"inLanguage\":\"fr-FR\",\"@id\":\"https:\/\/www.public.sn\/#\/schema\/logo\/image\/\",\"url\":\"https:\/\/www.public.sn\/wp-content\/uploads\/2024\/05\/cropped-LOGO-PUBLIC.SN_.png\",\"contentUrl\":\"https:\/\/www.public.sn\/wp-content\/uploads\/2024\/05\/cropped-LOGO-PUBLIC.SN_.png\",\"width\":682,\"height\":192,\"caption\":\"LE PUBLIC\"},\"image\":{\"@id\":\"https:\/\/www.public.sn\/#\/schema\/logo\/image\/\"}},{\"@type\":\"Person\",\"@id\":\"https:\/\/www.public.sn\/#\/schema\/person\/cb76c8e1b8becc6be61fb5e92d6d0224\",\"name\":\"LA REDACTION\",\"image\":{\"@type\":\"ImageObject\",\"inLanguage\":\"fr-FR\",\"@id\":\"https:\/\/www.public.sn\/#\/schema\/person\/image\/\",\"url\":\"https:\/\/secure.gravatar.com\/avatar\/2dce5ddd34b8fef0180efe03aa2a9bee7d953856048f9a16b298190a3178407c?s=96&d=mm&r=g\",\"contentUrl\":\"https:\/\/secure.gravatar.com\/avatar\/2dce5ddd34b8fef0180efe03aa2a9bee7d953856048f9a16b298190a3178407c?s=96&d=mm&r=g\",\"caption\":\"LA REDACTION\"},\"url\":\"https:\/\/www.public.sn\/index.php\/author\/editeurpsn\/\"}]}<\/script>\n<!-- \/ Yoast SEO plugin. -->","yoast_head_json":{"title":"La d\u00e9put\u00e9e maire de Gniby Amy Ndiaye risque de perdre son b\u00e9b\u00e9. - LE PUBLIC","robots":{"index":"index","follow":"follow","max-snippet":"max-snippet:-1","max-image-preview":"max-image-preview:large","max-video-preview":"max-video-preview:-1"},"canonical":"https:\/\/www.public.sn\/index.php\/2022\/12\/03\/la-deputee-maire-de-gniby-amy-ndiaye-risque-de-perdre-son-bebe\/","og_locale":"fr_FR","og_type":"article","og_title":"La d\u00e9put\u00e9e maire de Gniby Amy Ndiaye risque de perdre son b\u00e9b\u00e9. - LE PUBLIC","og_description":"La d\u00e9put\u00e9-maire Amy Ndiaye vit une psychose de perdre son f\u0153tus de 9 semaines apr\u00e8s avoir re\u00e7u un coup de pied au ventre de son coll\u00e8gue Massata Samb. Intern\u00e9e \u00e0 l\u2019h\u00f4pital Principal de Dakar, Amy Ndiaye se tord de douleurs au bas ventre depuis le jour des faits \u00e0 l\u2019Assembl\u00e9e Nationale. Pour rappel, ses propos prononc\u00e9s contre Serigne Moustapha Sy&nbsp; guide&nbsp; moral des Moustarchidines et pr\u00e9sident du Parti de l\u2019Unit\u00e9 et du rassemblement (Pur) ont pouss\u00e9 Massata Samb \u00e0 r\u00e9agir ainsi. Maimouna Diallo.","og_url":"https:\/\/www.public.sn\/index.php\/2022\/12\/03\/la-deputee-maire-de-gniby-amy-ndiaye-risque-de-perdre-son-bebe\/","og_site_name":"LE PUBLIC","article_published_time":"2022-12-03T12:15:56+00:00","article_modified_time":"2022-12-03T16:13:27+00:00","og_image":[{"width":600,"height":423,"url":"https:\/\/www.public.sn\/wp-content\/uploads\/2022\/12\/AMY-NDIAYE2.jpg","type":"image\/jpeg"}],"author":"LA REDACTION","twitter_card":"summary_large_image","twitter_misc":{"\u00c9crit par":"LA REDACTION","Dur\u00e9e de lecture estim\u00e9e":"1 minute"},"schema":{"@context":"https:\/\/schema.org","@graph":[{"@type":"Article","@id":"https:\/\/www.public.sn\/index.php\/2022\/12\/03\/la-deputee-maire-de-gniby-amy-ndiaye-risque-de-perdre-son-bebe\/#article","isPartOf":{"@id":"https:\/\/www.public.sn\/index.php\/2022\/12\/03\/la-deputee-maire-de-gniby-amy-ndiaye-risque-de-perdre-son-bebe\/"},"author":{"name":"LA REDACTION","@id":"https:\/\/www.public.sn\/#\/schema\/person\/cb76c8e1b8becc6be61fb5e92d6d0224"},"headline":"La d\u00e9put\u00e9e maire de Gniby Amy Ndiaye risque de perdre son b\u00e9b\u00e9.","datePublished":"2022-12-03T12:15:56+00:00","dateModified":"2022-12-03T16:13:27+00:00","mainEntityOfPage":{"@id":"https:\/\/www.public.sn\/index.php\/2022\/12\/03\/la-deputee-maire-de-gniby-amy-ndiaye-risque-de-perdre-son-bebe\/"},"wordCount":111,"commentCount":0,"publisher":{"@id":"https:\/\/www.public.sn\/#organization"},"image":{"@id":"https:\/\/www.public.sn\/index.php\/2022\/12\/03\/la-deputee-maire-de-gniby-amy-ndiaye-risque-de-perdre-son-bebe\/#primaryimage"},"thumbnailUrl":"https:\/\/www.public.sn\/wp-content\/uploads\/2022\/12\/AMY-NDIAYE2.jpg","keywords":["amy ndiaye","D\u00e9put\u00e9s","massata samb"],"articleSection":["ACTUALIT\u00c9S","POLITIQUE","S\u00c9N\u00c9GAL","VEDETTE"],"inLanguage":"fr-FR","potentialAction":[{"@type":"CommentAction","name":"Comment","target":["https:\/\/www.public.sn\/index.php\/2022\/12\/03\/la-deputee-maire-de-gniby-amy-ndiaye-risque-de-perdre-son-bebe\/#respond"]}]},{"@type":"WebPage","@id":"https:\/\/www.public.sn\/index.php\/2022\/12\/03\/la-deputee-maire-de-gniby-amy-ndiaye-risque-de-perdre-son-bebe\/","url":"https:\/\/www.public.sn\/index.php\/2022\/12\/03\/la-deputee-maire-de-gniby-amy-ndiaye-risque-de-perdre-son-bebe\/","name":"La d\u00e9put\u00e9e maire de Gniby Amy Ndiaye risque de perdre son b\u00e9b\u00e9. - LE PUBLIC","isPartOf":{"@id":"https:\/\/www.public.sn\/#website"},"primaryImageOfPage":{"@id":"https:\/\/www.public.sn\/index.php\/2022\/12\/03\/la-deputee-maire-de-gniby-amy-ndiaye-risque-de-perdre-son-bebe\/#primaryimage"},"image":{"@id":"https:\/\/www.public.sn\/index.php\/2022\/12\/03\/la-deputee-maire-de-gniby-amy-ndiaye-risque-de-perdre-son-bebe\/#primaryimage"},"thumbnailUrl":"https:\/\/www.public.sn\/wp-content\/uploads\/2022\/12\/AMY-NDIAYE2.jpg","datePublished":"2022-12-03T12:15:56+00:00","dateModified":"2022-12-03T16:13:27+00:00","breadcrumb":{"@id":"https:\/\/www.public.sn\/index.php\/2022\/12\/03\/la-deputee-maire-de-gniby-amy-ndiaye-risque-de-perdre-son-bebe\/#breadcrumb"},"inLanguage":"fr-FR","potentialAction":[{"@type":"ReadAction","target":["https:\/\/www.public.sn\/index.php\/2022\/12\/03\/la-deputee-maire-de-gniby-amy-ndiaye-risque-de-perdre-son-bebe\/"]}]},{"@type":"ImageObject","inLanguage":"fr-FR","@id":"https:\/\/www.public.sn\/index.php\/2022\/12\/03\/la-deputee-maire-de-gniby-amy-ndiaye-risque-de-perdre-son-bebe\/#primaryimage","url":"https:\/\/www.public.sn\/wp-content\/uploads\/2022\/12\/AMY-NDIAYE2.jpg","contentUrl":"https:\/\/www.public.sn\/wp-content\/uploads\/2022\/12\/AMY-NDIAYE2.jpg","width":600,"height":423,"caption":"Publicsn"},{"@type":"BreadcrumbList","@id":"https:\/\/www.public.sn\/index.php\/2022\/12\/03\/la-deputee-maire-de-gniby-amy-ndiaye-risque-de-perdre-son-bebe\/#breadcrumb","itemListElement":[{"@type":"ListItem","position":1,"name":"Accueil","item":"https:\/\/www.public.sn\/"},{"@type":"ListItem","position":2,"name":"La d\u00e9put\u00e9e maire de Gniby Amy Ndiaye risque de perdre son b\u00e9b\u00e9."}]},{"@type":"WebSite","@id":"https:\/\/www.public.sn\/#website","url":"https:\/\/www.public.sn\/","name":"LE PUBLIC","description":"","publisher":{"@id":"https:\/\/www.public.sn\/#organization"},"potentialAction":[{"@type":"SearchAction","target":{"@type":"EntryPoint","urlTemplate":"https:\/\/www.public.sn\/?s={search_term_string}"},"query-input":{"@type":"PropertyValueSpecification","valueRequired":true,"valueName":"search_term_string"}}],"inLanguage":"fr-FR"},{"@type":"Organization","@id":"https:\/\/www.public.sn\/#organization","name":"LE PUBLIC","url":"https:\/\/www.public.sn\/","logo":{"@type":"ImageObject","inLanguage":"fr-FR","@id":"https:\/\/www.public.sn\/#\/schema\/logo\/image\/","url":"https:\/\/www.public.sn\/wp-content\/uploads\/2024\/05\/cropped-LOGO-PUBLIC.SN_.png","contentUrl":"https:\/\/www.public.sn\/wp-content\/uploads\/2024\/05\/cropped-LOGO-PUBLIC.SN_.png","width":682,"height":192,"caption":"LE PUBLIC"},"image":{"@id":"https:\/\/www.public.sn\/#\/schema\/logo\/image\/"}},{"@type":"Person","@id":"https:\/\/www.public.sn\/#\/schema\/person\/cb76c8e1b8becc6be61fb5e92d6d0224","name":"LA REDACTION","image":{"@type":"ImageObject","inLanguage":"fr-FR","@id":"https:\/\/www.public.sn\/#\/schema\/person\/image\/","url":"https:\/\/secure.gravatar.com\/avatar\/2dce5ddd34b8fef0180efe03aa2a9bee7d953856048f9a16b298190a3178407c?s=96&d=mm&r=g","contentUrl":"https:\/\/secure.gravatar.com\/avatar\/2dce5ddd34b8fef0180efe03aa2a9bee7d953856048f9a16b298190a3178407c?s=96&d=mm&r=g","caption":"LA REDACTION"},"url":"https:\/\/www.public.sn\/index.php\/author\/editeurpsn\/"}]}},"jetpack_featured_media_url":"https:\/\/www.public.sn\/wp-content\/uploads\/2022\/12\/AMY-NDIAYE2.jpg","jetpack_sharing_enabled":true,"_links":{"self":[{"href":"https:\/\/www.public.sn\/index.php\/wp-json\/wp\/v2\/posts\/10959","targetHints":{"allow":["GET"]}}],"collection":[{"href":"https:\/\/www.public.sn\/index.php\/wp-json\/wp\/v2\/posts"}],"about":[{"href":"https:\/\/www.public.sn\/index.php\/wp-json\/wp\/v2\/types\/post"}],"author":[{"embeddable":true,"href":"https:\/\/www.public.sn\/index.php\/wp-json\/wp\/v2\/users\/7"}],"replies":[{"embeddable":true,"href":"https:\/\/www.public.sn\/index.php\/wp-json\/wp\/v2\/comments?post=10959"}],"version-history":[{"count":1,"href":"https:\/\/www.public.sn\/index.php\/wp-json\/wp\/v2\/posts\/10959\/revisions"}],"predecessor-version":[{"id":10961,"href":"https:\/\/www.public.sn\/index.php\/wp-json\/wp\/v2\/posts\/10959\/revisions\/10961"}],"wp:featuredmedia":[{"embeddable":true,"href":"https:\/\/www.public.sn\/index.php\/wp-json\/wp\/v2\/media\/10960"}],"wp:attachment":[{"href":"https:\/\/www.public.sn\/index.php\/wp-json\/wp\/v2\/media?parent=10959"}],"wp:term":[{"taxonomy":"category","embeddable":true,"href":"https:\/\/www.public.sn\/index.php\/wp-json\/wp\/v2\/categories?post=10959"},{"taxonomy":"post_tag","embeddable":true,"href":"https:\/\/www.public.sn\/index.php\/wp-json\/wp\/v2\/tags?post=10959"}],"curies":[{"name":"wp","href":"https:\/\/api.w.org\/{rel}","templated":true}]}}