{"id":10985,"date":"2022-12-03T16:20:59","date_gmt":"2022-12-03T16:20:59","guid":{"rendered":"https:\/\/www.public.sn\/?p=10985"},"modified":"2022-12-03T16:29:31","modified_gmt":"2022-12-03T16:29:31","slug":"coupe-du-monde-gabriel-jesus-et-alex-telles-forfaits-pour-le-reste-de-la-competition","status":"publish","type":"post","link":"https:\/\/www.public.sn\/index.php\/2022\/12\/03\/coupe-du-monde-gabriel-jesus-et-alex-telles-forfaits-pour-le-reste-de-la-competition\/","title":{"rendered":"\u00a0Coupe du monde\u00a0: Gabriel J\u00e9sus et Alex Telles forfaits pour le reste de la comp\u00e9tition"},"content":{"rendered":"<p>Les Br\u00e9siliens Gabriel Jesus et Alex Telles, touch\u00e9s vendredi contre le Cameroun (1-0), manqueront la suite du Mondial-2022 en raison de blessures \u00e0 un genou, a annonc\u00e9 samedi la s\u00e9lection br\u00e9silienne.<\/p><div class=\"publi-paragraphe1\" style=\"margin-top: 10px;margin-bottom: 10px;margin-left: auto;margin-right: auto;text-align: center;\" id=\"publi-1060198351\"><div class=\"publi-adlabel\">Publicit\u00e9<\/div><script async src=\"\/\/pagead2.googlesyndication.com\/pagead\/js\/adsbygoogle.js?client=ca-pub-4089586018074219\" crossorigin=\"anonymous\"><\/script><ins class=\"adsbygoogle\" style=\"display:block;\" data-ad-client=\"ca-pub-4089586018074219\" \ndata-ad-slot=\"2087940154\" \ndata-ad-format=\"auto\"><\/ins>\n<script> \n(adsbygoogle = window.adsbygoogle || []).push({}); \n<\/script>\n<\/div>\n<p>\u00ab\u00a0Ils ont subi chacun une IRM au genou droit qui a confirm\u00e9 leur blessure et l&rsquo;impossibilit\u00e9 qu&rsquo;ils puissent \u00eatre r\u00e9tablis pour participer \u00e0 la Coupe du monde au Qatar.\u00a0\u00bb<br \/>\nLeur forfait est un coup dur pour le Br\u00e9sil.<br \/>\nSouadou Diop<\/p>\n<div class=\"publi-apres-le-contenu\" style=\"margin-top: 10px;margin-bottom: 10px;margin-left: auto;margin-right: auto;text-align: center;\" id=\"publi-3076862167\"><div class=\"publi-adlabel\">Publicit\u00e9<\/div><script async src=\"\/\/pagead2.googlesyndication.com\/pagead\/js\/adsbygoogle.js?client=ca-pub-4089586018074219\" crossorigin=\"anonymous\"><\/script><ins class=\"adsbygoogle\" style=\"display:block;\" data-ad-client=\"ca-pub-4089586018074219\" \ndata-ad-slot=\"2087940154\" \ndata-ad-format=\"auto\"><\/ins>\n<script> \n(adsbygoogle = window.adsbygoogle || []).push({}); \n<\/script>\n<\/div>","protected":false},"excerpt":{"rendered":"<p>Les Br\u00e9siliens Gabriel Jesus et Alex Telles, touch\u00e9s vendredi contre le Cameroun (1-0), manqueront la suite du Mondial-2022 en raison de blessures \u00e0 un genou, a annonc\u00e9 samedi la s\u00e9lection br\u00e9silienne. \u00ab\u00a0Ils ont subi chacun une IRM au genou droit qui a confirm\u00e9 leur blessure et l&rsquo;impossibilit\u00e9 qu&rsquo;ils puissent \u00eatre r\u00e9tablis pour participer \u00e0 la Coupe du monde au Qatar.\u00a0\u00bb Leur forfait est un coup dur pour le Br\u00e9sil. Souadou Diop<\/p>\n","protected":false},"author":7,"featured_media":10976,"comment_status":"open","ping_status":"open","sticky":false,"template":"","format":"standard","meta":{"_jetpack_memberships_contains_paid_content":false,"footnotes":""},"categories":[375,3412,7],"tags":[65,1223,2052],"class_list":["post-10985","post","type-post","status-publish","format-standard","has-post-thumbnail","hentry","category-actualites","category-football","category-sport","tag-bresil","tag-coupe-du-monde","tag-forfait","entry","has-media","owp-thumbs-layout-horizontal","owp-btn-normal","owp-tabs-layout-horizontal","has-no-thumbnails","has-product-nav"],"yoast_head":"<!-- This site is optimized with the Yoast SEO plugin v25.5 - https:\/\/yoast.com\/wordpress\/plugins\/seo\/ -->\n<title>\u00a0Coupe du monde\u00a0: Gabriel J\u00e9sus et Alex Telles forfaits pour le reste de la comp\u00e9tition - LE PUBLIC<\/title>\n<meta name=\"robots\" content=\"index, follow, max-snippet:-1, max-image-preview:large, max-video-preview:-1\" \/>\n<link rel=\"canonical\" href=\"https:\/\/www.public.sn\/index.php\/2022\/12\/03\/coupe-du-monde-gabriel-jesus-et-alex-telles-forfaits-pour-le-reste-de-la-competition\/\" \/>\n<meta property=\"og:locale\" content=\"fr_FR\" \/>\n<meta property=\"og:type\" content=\"article\" \/>\n<meta property=\"og:title\" content=\"\u00a0Coupe du monde\u00a0: Gabriel J\u00e9sus et Alex Telles forfaits pour le reste de la comp\u00e9tition - LE PUBLIC\" \/>\n<meta property=\"og:description\" content=\"Les Br\u00e9siliens Gabriel Jesus et Alex Telles, touch\u00e9s vendredi contre le Cameroun (1-0), manqueront la suite du Mondial-2022 en raison de blessures \u00e0 un genou, a annonc\u00e9 samedi la s\u00e9lection br\u00e9silienne. \u00ab\u00a0Ils ont subi chacun une IRM au genou droit qui a confirm\u00e9 leur blessure et l&rsquo;impossibilit\u00e9 qu&rsquo;ils puissent \u00eatre r\u00e9tablis pour participer \u00e0 la Coupe du monde au Qatar.\u00a0\u00bb Leur forfait est un coup dur pour le Br\u00e9sil. Souadou Diop\" \/>\n<meta property=\"og:url\" content=\"https:\/\/www.public.sn\/index.php\/2022\/12\/03\/coupe-du-monde-gabriel-jesus-et-alex-telles-forfaits-pour-le-reste-de-la-competition\/\" \/>\n<meta property=\"og:site_name\" content=\"LE PUBLIC\" \/>\n<meta property=\"article:published_time\" content=\"2022-12-03T16:20:59+00:00\" \/>\n<meta property=\"article:modified_time\" content=\"2022-12-03T16:29:31+00:00\" \/>\n<meta property=\"og:image\" content=\"https:\/\/www.public.sn\/wp-content\/uploads\/2022\/12\/image.png\" \/>\n\t<meta property=\"og:image:width\" content=\"612\" \/>\n\t<meta property=\"og:image:height\" content=\"298\" \/>\n\t<meta property=\"og:image:type\" content=\"image\/png\" \/>\n<meta name=\"author\" content=\"LA REDACTION\" \/>\n<meta name=\"twitter:card\" content=\"summary_large_image\" \/>\n<meta name=\"twitter:label1\" content=\"\u00c9crit par\" \/>\n\t<meta name=\"twitter:data1\" content=\"LA REDACTION\" \/>\n\t<meta name=\"twitter:label2\" content=\"Dur\u00e9e de lecture estim\u00e9e\" \/>\n\t<meta name=\"twitter:data2\" content=\"1 minute\" \/>\n<script type=\"application\/ld+json\" class=\"yoast-schema-graph\">{\"@context\":\"https:\/\/schema.org\",\"@graph\":[{\"@type\":\"Article\",\"@id\":\"https:\/\/www.public.sn\/index.php\/2022\/12\/03\/coupe-du-monde-gabriel-jesus-et-alex-telles-forfaits-pour-le-reste-de-la-competition\/#article\",\"isPartOf\":{\"@id\":\"https:\/\/www.public.sn\/index.php\/2022\/12\/03\/coupe-du-monde-gabriel-jesus-et-alex-telles-forfaits-pour-le-reste-de-la-competition\/\"},\"author\":{\"name\":\"LA REDACTION\",\"@id\":\"https:\/\/www.public.sn\/#\/schema\/person\/cb76c8e1b8becc6be61fb5e92d6d0224\"},\"headline\":\"\u00a0Coupe du monde\u00a0: Gabriel J\u00e9sus et Alex Telles forfaits pour le reste de la comp\u00e9tition\",\"datePublished\":\"2022-12-03T16:20:59+00:00\",\"dateModified\":\"2022-12-03T16:29:31+00:00\",\"mainEntityOfPage\":{\"@id\":\"https:\/\/www.public.sn\/index.php\/2022\/12\/03\/coupe-du-monde-gabriel-jesus-et-alex-telles-forfaits-pour-le-reste-de-la-competition\/\"},\"wordCount\":92,\"commentCount\":0,\"publisher\":{\"@id\":\"https:\/\/www.public.sn\/#organization\"},\"image\":{\"@id\":\"https:\/\/www.public.sn\/index.php\/2022\/12\/03\/coupe-du-monde-gabriel-jesus-et-alex-telles-forfaits-pour-le-reste-de-la-competition\/#primaryimage\"},\"thumbnailUrl\":\"https:\/\/www.public.sn\/wp-content\/uploads\/2022\/12\/image.png\",\"keywords\":[\"Br\u00e9sil\",\"coupe du monde\",\"forfait\"],\"articleSection\":[\"ACTUALIT\u00c9S\",\"FOOTBALL\",\"SPORTS\"],\"inLanguage\":\"fr-FR\",\"potentialAction\":[{\"@type\":\"CommentAction\",\"name\":\"Comment\",\"target\":[\"https:\/\/www.public.sn\/index.php\/2022\/12\/03\/coupe-du-monde-gabriel-jesus-et-alex-telles-forfaits-pour-le-reste-de-la-competition\/#respond\"]}]},{\"@type\":\"WebPage\",\"@id\":\"https:\/\/www.public.sn\/index.php\/2022\/12\/03\/coupe-du-monde-gabriel-jesus-et-alex-telles-forfaits-pour-le-reste-de-la-competition\/\",\"url\":\"https:\/\/www.public.sn\/index.php\/2022\/12\/03\/coupe-du-monde-gabriel-jesus-et-alex-telles-forfaits-pour-le-reste-de-la-competition\/\",\"name\":\"\u00a0Coupe du monde\u00a0: Gabriel J\u00e9sus et Alex Telles forfaits pour le reste de la comp\u00e9tition - LE PUBLIC\",\"isPartOf\":{\"@id\":\"https:\/\/www.public.sn\/#website\"},\"primaryImageOfPage\":{\"@id\":\"https:\/\/www.public.sn\/index.php\/2022\/12\/03\/coupe-du-monde-gabriel-jesus-et-alex-telles-forfaits-pour-le-reste-de-la-competition\/#primaryimage\"},\"image\":{\"@id\":\"https:\/\/www.public.sn\/index.php\/2022\/12\/03\/coupe-du-monde-gabriel-jesus-et-alex-telles-forfaits-pour-le-reste-de-la-competition\/#primaryimage\"},\"thumbnailUrl\":\"https:\/\/www.public.sn\/wp-content\/uploads\/2022\/12\/image.png\",\"datePublished\":\"2022-12-03T16:20:59+00:00\",\"dateModified\":\"2022-12-03T16:29:31+00:00\",\"breadcrumb\":{\"@id\":\"https:\/\/www.public.sn\/index.php\/2022\/12\/03\/coupe-du-monde-gabriel-jesus-et-alex-telles-forfaits-pour-le-reste-de-la-competition\/#breadcrumb\"},\"inLanguage\":\"fr-FR\",\"potentialAction\":[{\"@type\":\"ReadAction\",\"target\":[\"https:\/\/www.public.sn\/index.php\/2022\/12\/03\/coupe-du-monde-gabriel-jesus-et-alex-telles-forfaits-pour-le-reste-de-la-competition\/\"]}]},{\"@type\":\"ImageObject\",\"inLanguage\":\"fr-FR\",\"@id\":\"https:\/\/www.public.sn\/index.php\/2022\/12\/03\/coupe-du-monde-gabriel-jesus-et-alex-telles-forfaits-pour-le-reste-de-la-competition\/#primaryimage\",\"url\":\"https:\/\/www.public.sn\/wp-content\/uploads\/2022\/12\/image.png\",\"contentUrl\":\"https:\/\/www.public.sn\/wp-content\/uploads\/2022\/12\/image.png\",\"width\":612,\"height\":298},{\"@type\":\"BreadcrumbList\",\"@id\":\"https:\/\/www.public.sn\/index.php\/2022\/12\/03\/coupe-du-monde-gabriel-jesus-et-alex-telles-forfaits-pour-le-reste-de-la-competition\/#breadcrumb\",\"itemListElement\":[{\"@type\":\"ListItem\",\"position\":1,\"name\":\"Accueil\",\"item\":\"https:\/\/www.public.sn\/\"},{\"@type\":\"ListItem\",\"position\":2,\"name\":\"\u00a0Coupe du monde\u00a0: Gabriel J\u00e9sus et Alex Telles forfaits pour le reste de la comp\u00e9tition\"}]},{\"@type\":\"WebSite\",\"@id\":\"https:\/\/www.public.sn\/#website\",\"url\":\"https:\/\/www.public.sn\/\",\"name\":\"LE PUBLIC\",\"description\":\"\",\"publisher\":{\"@id\":\"https:\/\/www.public.sn\/#organization\"},\"potentialAction\":[{\"@type\":\"SearchAction\",\"target\":{\"@type\":\"EntryPoint\",\"urlTemplate\":\"https:\/\/www.public.sn\/?s={search_term_string}\"},\"query-input\":{\"@type\":\"PropertyValueSpecification\",\"valueRequired\":true,\"valueName\":\"search_term_string\"}}],\"inLanguage\":\"fr-FR\"},{\"@type\":\"Organization\",\"@id\":\"https:\/\/www.public.sn\/#organization\",\"name\":\"LE PUBLIC\",\"url\":\"https:\/\/www.public.sn\/\",\"logo\":{\"@type\":\"ImageObject\",\"inLanguage\":\"fr-FR\",\"@id\":\"https:\/\/www.public.sn\/#\/schema\/logo\/image\/\",\"url\":\"https:\/\/www.public.sn\/wp-content\/uploads\/2024\/05\/cropped-LOGO-PUBLIC.SN_.png\",\"contentUrl\":\"https:\/\/www.public.sn\/wp-content\/uploads\/2024\/05\/cropped-LOGO-PUBLIC.SN_.png\",\"width\":682,\"height\":192,\"caption\":\"LE PUBLIC\"},\"image\":{\"@id\":\"https:\/\/www.public.sn\/#\/schema\/logo\/image\/\"}},{\"@type\":\"Person\",\"@id\":\"https:\/\/www.public.sn\/#\/schema\/person\/cb76c8e1b8becc6be61fb5e92d6d0224\",\"name\":\"LA REDACTION\",\"image\":{\"@type\":\"ImageObject\",\"inLanguage\":\"fr-FR\",\"@id\":\"https:\/\/www.public.sn\/#\/schema\/person\/image\/\",\"url\":\"https:\/\/secure.gravatar.com\/avatar\/2dce5ddd34b8fef0180efe03aa2a9bee7d953856048f9a16b298190a3178407c?s=96&d=mm&r=g\",\"contentUrl\":\"https:\/\/secure.gravatar.com\/avatar\/2dce5ddd34b8fef0180efe03aa2a9bee7d953856048f9a16b298190a3178407c?s=96&d=mm&r=g\",\"caption\":\"LA REDACTION\"},\"url\":\"https:\/\/www.public.sn\/index.php\/author\/editeurpsn\/\"}]}<\/script>\n<!-- \/ Yoast SEO plugin. -->","yoast_head_json":{"title":"\u00a0Coupe du monde\u00a0: Gabriel J\u00e9sus et Alex Telles forfaits pour le reste de la comp\u00e9tition - LE PUBLIC","robots":{"index":"index","follow":"follow","max-snippet":"max-snippet:-1","max-image-preview":"max-image-preview:large","max-video-preview":"max-video-preview:-1"},"canonical":"https:\/\/www.public.sn\/index.php\/2022\/12\/03\/coupe-du-monde-gabriel-jesus-et-alex-telles-forfaits-pour-le-reste-de-la-competition\/","og_locale":"fr_FR","og_type":"article","og_title":"\u00a0Coupe du monde\u00a0: Gabriel J\u00e9sus et Alex Telles forfaits pour le reste de la comp\u00e9tition - LE PUBLIC","og_description":"Les Br\u00e9siliens Gabriel Jesus et Alex Telles, touch\u00e9s vendredi contre le Cameroun (1-0), manqueront la suite du Mondial-2022 en raison de blessures \u00e0 un genou, a annonc\u00e9 samedi la s\u00e9lection br\u00e9silienne. \u00ab\u00a0Ils ont subi chacun une IRM au genou droit qui a confirm\u00e9 leur blessure et l&rsquo;impossibilit\u00e9 qu&rsquo;ils puissent \u00eatre r\u00e9tablis pour participer \u00e0 la Coupe du monde au Qatar.\u00a0\u00bb Leur forfait est un coup dur pour le Br\u00e9sil. Souadou Diop","og_url":"https:\/\/www.public.sn\/index.php\/2022\/12\/03\/coupe-du-monde-gabriel-jesus-et-alex-telles-forfaits-pour-le-reste-de-la-competition\/","og_site_name":"LE PUBLIC","article_published_time":"2022-12-03T16:20:59+00:00","article_modified_time":"2022-12-03T16:29:31+00:00","og_image":[{"width":612,"height":298,"url":"https:\/\/www.public.sn\/wp-content\/uploads\/2022\/12\/image.png","type":"image\/png"}],"author":"LA REDACTION","twitter_card":"summary_large_image","twitter_misc":{"\u00c9crit par":"LA REDACTION","Dur\u00e9e de lecture estim\u00e9e":"1 minute"},"schema":{"@context":"https:\/\/schema.org","@graph":[{"@type":"Article","@id":"https:\/\/www.public.sn\/index.php\/2022\/12\/03\/coupe-du-monde-gabriel-jesus-et-alex-telles-forfaits-pour-le-reste-de-la-competition\/#article","isPartOf":{"@id":"https:\/\/www.public.sn\/index.php\/2022\/12\/03\/coupe-du-monde-gabriel-jesus-et-alex-telles-forfaits-pour-le-reste-de-la-competition\/"},"author":{"name":"LA REDACTION","@id":"https:\/\/www.public.sn\/#\/schema\/person\/cb76c8e1b8becc6be61fb5e92d6d0224"},"headline":"\u00a0Coupe du monde\u00a0: Gabriel J\u00e9sus et Alex Telles forfaits pour le reste de la comp\u00e9tition","datePublished":"2022-12-03T16:20:59+00:00","dateModified":"2022-12-03T16:29:31+00:00","mainEntityOfPage":{"@id":"https:\/\/www.public.sn\/index.php\/2022\/12\/03\/coupe-du-monde-gabriel-jesus-et-alex-telles-forfaits-pour-le-reste-de-la-competition\/"},"wordCount":92,"commentCount":0,"publisher":{"@id":"https:\/\/www.public.sn\/#organization"},"image":{"@id":"https:\/\/www.public.sn\/index.php\/2022\/12\/03\/coupe-du-monde-gabriel-jesus-et-alex-telles-forfaits-pour-le-reste-de-la-competition\/#primaryimage"},"thumbnailUrl":"https:\/\/www.public.sn\/wp-content\/uploads\/2022\/12\/image.png","keywords":["Br\u00e9sil","coupe du monde","forfait"],"articleSection":["ACTUALIT\u00c9S","FOOTBALL","SPORTS"],"inLanguage":"fr-FR","potentialAction":[{"@type":"CommentAction","name":"Comment","target":["https:\/\/www.public.sn\/index.php\/2022\/12\/03\/coupe-du-monde-gabriel-jesus-et-alex-telles-forfaits-pour-le-reste-de-la-competition\/#respond"]}]},{"@type":"WebPage","@id":"https:\/\/www.public.sn\/index.php\/2022\/12\/03\/coupe-du-monde-gabriel-jesus-et-alex-telles-forfaits-pour-le-reste-de-la-competition\/","url":"https:\/\/www.public.sn\/index.php\/2022\/12\/03\/coupe-du-monde-gabriel-jesus-et-alex-telles-forfaits-pour-le-reste-de-la-competition\/","name":"\u00a0Coupe du monde\u00a0: Gabriel J\u00e9sus et Alex Telles forfaits pour le reste de la comp\u00e9tition - LE PUBLIC","isPartOf":{"@id":"https:\/\/www.public.sn\/#website"},"primaryImageOfPage":{"@id":"https:\/\/www.public.sn\/index.php\/2022\/12\/03\/coupe-du-monde-gabriel-jesus-et-alex-telles-forfaits-pour-le-reste-de-la-competition\/#primaryimage"},"image":{"@id":"https:\/\/www.public.sn\/index.php\/2022\/12\/03\/coupe-du-monde-gabriel-jesus-et-alex-telles-forfaits-pour-le-reste-de-la-competition\/#primaryimage"},"thumbnailUrl":"https:\/\/www.public.sn\/wp-content\/uploads\/2022\/12\/image.png","datePublished":"2022-12-03T16:20:59+00:00","dateModified":"2022-12-03T16:29:31+00:00","breadcrumb":{"@id":"https:\/\/www.public.sn\/index.php\/2022\/12\/03\/coupe-du-monde-gabriel-jesus-et-alex-telles-forfaits-pour-le-reste-de-la-competition\/#breadcrumb"},"inLanguage":"fr-FR","potentialAction":[{"@type":"ReadAction","target":["https:\/\/www.public.sn\/index.php\/2022\/12\/03\/coupe-du-monde-gabriel-jesus-et-alex-telles-forfaits-pour-le-reste-de-la-competition\/"]}]},{"@type":"ImageObject","inLanguage":"fr-FR","@id":"https:\/\/www.public.sn\/index.php\/2022\/12\/03\/coupe-du-monde-gabriel-jesus-et-alex-telles-forfaits-pour-le-reste-de-la-competition\/#primaryimage","url":"https:\/\/www.public.sn\/wp-content\/uploads\/2022\/12\/image.png","contentUrl":"https:\/\/www.public.sn\/wp-content\/uploads\/2022\/12\/image.png","width":612,"height":298},{"@type":"BreadcrumbList","@id":"https:\/\/www.public.sn\/index.php\/2022\/12\/03\/coupe-du-monde-gabriel-jesus-et-alex-telles-forfaits-pour-le-reste-de-la-competition\/#breadcrumb","itemListElement":[{"@type":"ListItem","position":1,"name":"Accueil","item":"https:\/\/www.public.sn\/"},{"@type":"ListItem","position":2,"name":"\u00a0Coupe du monde\u00a0: Gabriel J\u00e9sus et Alex Telles forfaits pour le reste de la comp\u00e9tition"}]},{"@type":"WebSite","@id":"https:\/\/www.public.sn\/#website","url":"https:\/\/www.public.sn\/","name":"LE PUBLIC","description":"","publisher":{"@id":"https:\/\/www.public.sn\/#organization"},"potentialAction":[{"@type":"SearchAction","target":{"@type":"EntryPoint","urlTemplate":"https:\/\/www.public.sn\/?s={search_term_string}"},"query-input":{"@type":"PropertyValueSpecification","valueRequired":true,"valueName":"search_term_string"}}],"inLanguage":"fr-FR"},{"@type":"Organization","@id":"https:\/\/www.public.sn\/#organization","name":"LE PUBLIC","url":"https:\/\/www.public.sn\/","logo":{"@type":"ImageObject","inLanguage":"fr-FR","@id":"https:\/\/www.public.sn\/#\/schema\/logo\/image\/","url":"https:\/\/www.public.sn\/wp-content\/uploads\/2024\/05\/cropped-LOGO-PUBLIC.SN_.png","contentUrl":"https:\/\/www.public.sn\/wp-content\/uploads\/2024\/05\/cropped-LOGO-PUBLIC.SN_.png","width":682,"height":192,"caption":"LE PUBLIC"},"image":{"@id":"https:\/\/www.public.sn\/#\/schema\/logo\/image\/"}},{"@type":"Person","@id":"https:\/\/www.public.sn\/#\/schema\/person\/cb76c8e1b8becc6be61fb5e92d6d0224","name":"LA REDACTION","image":{"@type":"ImageObject","inLanguage":"fr-FR","@id":"https:\/\/www.public.sn\/#\/schema\/person\/image\/","url":"https:\/\/secure.gravatar.com\/avatar\/2dce5ddd34b8fef0180efe03aa2a9bee7d953856048f9a16b298190a3178407c?s=96&d=mm&r=g","contentUrl":"https:\/\/secure.gravatar.com\/avatar\/2dce5ddd34b8fef0180efe03aa2a9bee7d953856048f9a16b298190a3178407c?s=96&d=mm&r=g","caption":"LA REDACTION"},"url":"https:\/\/www.public.sn\/index.php\/author\/editeurpsn\/"}]}},"jetpack_featured_media_url":"https:\/\/www.public.sn\/wp-content\/uploads\/2022\/12\/image.png","jetpack_sharing_enabled":true,"_links":{"self":[{"href":"https:\/\/www.public.sn\/index.php\/wp-json\/wp\/v2\/posts\/10985","targetHints":{"allow":["GET"]}}],"collection":[{"href":"https:\/\/www.public.sn\/index.php\/wp-json\/wp\/v2\/posts"}],"about":[{"href":"https:\/\/www.public.sn\/index.php\/wp-json\/wp\/v2\/types\/post"}],"author":[{"embeddable":true,"href":"https:\/\/www.public.sn\/index.php\/wp-json\/wp\/v2\/users\/7"}],"replies":[{"embeddable":true,"href":"https:\/\/www.public.sn\/index.php\/wp-json\/wp\/v2\/comments?post=10985"}],"version-history":[{"count":4,"href":"https:\/\/www.public.sn\/index.php\/wp-json\/wp\/v2\/posts\/10985\/revisions"}],"predecessor-version":[{"id":10999,"href":"https:\/\/www.public.sn\/index.php\/wp-json\/wp\/v2\/posts\/10985\/revisions\/10999"}],"wp:featuredmedia":[{"embeddable":true,"href":"https:\/\/www.public.sn\/index.php\/wp-json\/wp\/v2\/media\/10976"}],"wp:attachment":[{"href":"https:\/\/www.public.sn\/index.php\/wp-json\/wp\/v2\/media?parent=10985"}],"wp:term":[{"taxonomy":"category","embeddable":true,"href":"https:\/\/www.public.sn\/index.php\/wp-json\/wp\/v2\/categories?post=10985"},{"taxonomy":"post_tag","embeddable":true,"href":"https:\/\/www.public.sn\/index.php\/wp-json\/wp\/v2\/tags?post=10985"}],"curies":[{"name":"wp","href":"https:\/\/api.w.org\/{rel}","templated":true}]}}