{"id":11000,"date":"2022-12-03T17:00:18","date_gmt":"2022-12-03T17:00:18","guid":{"rendered":"https:\/\/www.public.sn\/?p=11000"},"modified":"2022-12-03T17:00:20","modified_gmt":"2022-12-03T17:00:20","slug":"alfred-gomis-ce-sera-onze-contre-onze","status":"publish","type":"post","link":"https:\/\/www.public.sn\/index.php\/2022\/12\/03\/alfred-gomis-ce-sera-onze-contre-onze\/","title":{"rendered":"Alfred Gomis : \u00ab\u00a0Ce sera onze contre onze\u00a0\u00bb"},"content":{"rendered":"<p>A moins de quelques de la rencontre tant attendue, le deuxi\u00e8me gardien de but de l&rsquo;\u00e9quipe du S\u00e9n\u00e9gal se montre confiant. En conf\u00e9rence de presse ce samedi, Alfred Gomis de d\u00e9clarer que \u00abFace \u00e0 l&rsquo;Angleterre demain (19h GMT), ce sera onze contre onze.<\/p><div class=\"publi-paragraphe1\" style=\"margin-top: 10px;margin-bottom: 10px;margin-left: auto;margin-right: auto;text-align: center;\" id=\"publi-48310749\"><div class=\"publi-adlabel\">Publicit\u00e9<\/div><script async src=\"\/\/pagead2.googlesyndication.com\/pagead\/js\/adsbygoogle.js?client=ca-pub-4089586018074219\" crossorigin=\"anonymous\"><\/script><ins class=\"adsbygoogle\" style=\"display:block;\" data-ad-client=\"ca-pub-4089586018074219\" \ndata-ad-slot=\"2087940154\" \ndata-ad-format=\"auto\"><\/ins>\n<script> \n(adsbygoogle = window.adsbygoogle || []).push({}); \n<\/script>\n<\/div>\n<blockquote><p>\u00ab\u00a0Des m\u00e9dias peuvent nous sous-estimer mais ce sera onze contre onze. Je pense que toute l&rsquo;Afrique va monter en puissance, ils (les Africains) sont l\u00e0 pour nous supporter, c&rsquo;est un continent entier qui est \u00e0 la coupe du monde, c&rsquo;est bien qu&rsquo;on soit unis comme \u00e7a. L&rsquo;Afrique en a besoin. Mais honn\u00eatement, on essaie de ne pas trop lire les journaux. J&rsquo;esp\u00e8re que les Anglais vont nous sous-estimer comme \u00e7a ils seront surpris. Les joueurs connaissent leurs adversaires et sur le terrain, c&rsquo;est autre chose\u00a0\u00bb, a-t-il dit en conf\u00e9rence de presse ce samedi.<\/p><\/blockquote>\n<div class=\"publi-apres-le-contenu\" style=\"margin-top: 10px;margin-bottom: 10px;margin-left: auto;margin-right: auto;text-align: center;\" id=\"publi-845015333\"><div class=\"publi-adlabel\">Publicit\u00e9<\/div><script async src=\"\/\/pagead2.googlesyndication.com\/pagead\/js\/adsbygoogle.js?client=ca-pub-4089586018074219\" crossorigin=\"anonymous\"><\/script><ins class=\"adsbygoogle\" style=\"display:block;\" data-ad-client=\"ca-pub-4089586018074219\" \ndata-ad-slot=\"2087940154\" \ndata-ad-format=\"auto\"><\/ins>\n<script> \n(adsbygoogle = window.adsbygoogle || []).push({}); \n<\/script>\n<\/div>","protected":false},"excerpt":{"rendered":"<p>A moins de quelques de la rencontre tant attendue, le deuxi\u00e8me gardien de but de l&rsquo;\u00e9quipe du S\u00e9n\u00e9gal se montre confiant. En conf\u00e9rence de presse ce samedi, Alfred Gomis de d\u00e9clarer que \u00abFace \u00e0 l&rsquo;Angleterre demain (19h GMT), ce sera onze contre onze. \u00ab\u00a0Des m\u00e9dias peuvent nous sous-estimer mais ce sera onze contre onze. Je pense que toute l&rsquo;Afrique va monter en puissance, ils (les Africains) sont l\u00e0 pour nous supporter, c&rsquo;est un continent entier qui est \u00e0 la coupe du monde, c&rsquo;est bien qu&rsquo;on soit unis comme \u00e7a. L&rsquo;Afrique en a besoin. Mais honn\u00eatement, on essaie de ne pas trop lire les journaux. J&rsquo;esp\u00e8re que les Anglais vont nous sous-estimer comme \u00e7a ils seront surpris. Les joueurs connaissent leurs adversaires et sur le terrain, c&rsquo;est autre chose\u00a0\u00bb, a-t-il dit en conf\u00e9rence de presse ce samedi.<\/p>\n","protected":false},"author":7,"featured_media":11002,"comment_status":"open","ping_status":"open","sticky":false,"template":"","format":"standard","meta":{"_jetpack_memberships_contains_paid_content":false,"footnotes":""},"categories":[375,3412,1,7],"tags":[3616,543,766],"class_list":["post-11000","post","type-post","status-publish","format-standard","has-post-thumbnail","hentry","category-actualites","category-football","category-non-classe","category-sport","tag-alfred-gomis","tag-angleterre","tag-senegal","entry","has-media","owp-thumbs-layout-horizontal","owp-btn-normal","owp-tabs-layout-horizontal","has-no-thumbnails","has-product-nav"],"yoast_head":"<!-- This site is optimized with the Yoast SEO plugin v25.5 - https:\/\/yoast.com\/wordpress\/plugins\/seo\/ -->\n<title>Alfred Gomis : &quot;Ce sera onze contre onze&quot; - LE PUBLIC<\/title>\n<meta name=\"robots\" content=\"index, follow, max-snippet:-1, max-image-preview:large, max-video-preview:-1\" \/>\n<link rel=\"canonical\" href=\"https:\/\/www.public.sn\/index.php\/2022\/12\/03\/alfred-gomis-ce-sera-onze-contre-onze\/\" \/>\n<meta property=\"og:locale\" content=\"fr_FR\" \/>\n<meta property=\"og:type\" content=\"article\" \/>\n<meta property=\"og:title\" content=\"Alfred Gomis : &quot;Ce sera onze contre onze&quot; - LE PUBLIC\" \/>\n<meta property=\"og:description\" content=\"A moins de quelques de la rencontre tant attendue, le deuxi\u00e8me gardien de but de l&rsquo;\u00e9quipe du S\u00e9n\u00e9gal se montre confiant. En conf\u00e9rence de presse ce samedi, Alfred Gomis de d\u00e9clarer que \u00abFace \u00e0 l&rsquo;Angleterre demain (19h GMT), ce sera onze contre onze. \u00ab\u00a0Des m\u00e9dias peuvent nous sous-estimer mais ce sera onze contre onze. Je pense que toute l&rsquo;Afrique va monter en puissance, ils (les Africains) sont l\u00e0 pour nous supporter, c&rsquo;est un continent entier qui est \u00e0 la coupe du monde, c&rsquo;est bien qu&rsquo;on soit unis comme \u00e7a. L&rsquo;Afrique en a besoin. Mais honn\u00eatement, on essaie de ne pas trop lire les journaux. J&rsquo;esp\u00e8re que les Anglais vont nous sous-estimer comme \u00e7a ils seront surpris. Les joueurs connaissent leurs adversaires et sur le terrain, c&rsquo;est autre chose\u00a0\u00bb, a-t-il dit en conf\u00e9rence de presse ce samedi.\" \/>\n<meta property=\"og:url\" content=\"https:\/\/www.public.sn\/index.php\/2022\/12\/03\/alfred-gomis-ce-sera-onze-contre-onze\/\" \/>\n<meta property=\"og:site_name\" content=\"LE PUBLIC\" \/>\n<meta property=\"article:published_time\" content=\"2022-12-03T17:00:18+00:00\" \/>\n<meta property=\"article:modified_time\" content=\"2022-12-03T17:00:20+00:00\" \/>\n<meta property=\"og:image\" content=\"https:\/\/www.public.sn\/wp-content\/uploads\/2022\/12\/Alfred-Gomis.jpg\" \/>\n\t<meta property=\"og:image:width\" content=\"1200\" \/>\n\t<meta property=\"og:image:height\" content=\"800\" \/>\n\t<meta property=\"og:image:type\" content=\"image\/jpeg\" \/>\n<meta name=\"author\" content=\"LA REDACTION\" \/>\n<meta name=\"twitter:card\" content=\"summary_large_image\" \/>\n<meta name=\"twitter:label1\" content=\"\u00c9crit par\" \/>\n\t<meta name=\"twitter:data1\" content=\"LA REDACTION\" \/>\n\t<meta name=\"twitter:label2\" content=\"Dur\u00e9e de lecture estim\u00e9e\" \/>\n\t<meta name=\"twitter:data2\" content=\"1 minute\" \/>\n<script type=\"application\/ld+json\" class=\"yoast-schema-graph\">{\"@context\":\"https:\/\/schema.org\",\"@graph\":[{\"@type\":\"Article\",\"@id\":\"https:\/\/www.public.sn\/index.php\/2022\/12\/03\/alfred-gomis-ce-sera-onze-contre-onze\/#article\",\"isPartOf\":{\"@id\":\"https:\/\/www.public.sn\/index.php\/2022\/12\/03\/alfred-gomis-ce-sera-onze-contre-onze\/\"},\"author\":{\"name\":\"LA REDACTION\",\"@id\":\"https:\/\/www.public.sn\/#\/schema\/person\/cb76c8e1b8becc6be61fb5e92d6d0224\"},\"headline\":\"Alfred Gomis : \u00ab\u00a0Ce sera onze contre onze\u00a0\u00bb\",\"datePublished\":\"2022-12-03T17:00:18+00:00\",\"dateModified\":\"2022-12-03T17:00:20+00:00\",\"mainEntityOfPage\":{\"@id\":\"https:\/\/www.public.sn\/index.php\/2022\/12\/03\/alfred-gomis-ce-sera-onze-contre-onze\/\"},\"wordCount\":151,\"commentCount\":0,\"publisher\":{\"@id\":\"https:\/\/www.public.sn\/#organization\"},\"image\":{\"@id\":\"https:\/\/www.public.sn\/index.php\/2022\/12\/03\/alfred-gomis-ce-sera-onze-contre-onze\/#primaryimage\"},\"thumbnailUrl\":\"https:\/\/www.public.sn\/wp-content\/uploads\/2022\/12\/Alfred-Gomis.jpg\",\"keywords\":[\"Alfred Gomis\",\"Angleterre\",\"S\u00e9n\u00e9gal\"],\"articleSection\":[\"ACTUALIT\u00c9S\",\"FOOTBALL\",\"S\u00c9N\u00c9GAL\",\"SPORTS\"],\"inLanguage\":\"fr-FR\",\"potentialAction\":[{\"@type\":\"CommentAction\",\"name\":\"Comment\",\"target\":[\"https:\/\/www.public.sn\/index.php\/2022\/12\/03\/alfred-gomis-ce-sera-onze-contre-onze\/#respond\"]}]},{\"@type\":\"WebPage\",\"@id\":\"https:\/\/www.public.sn\/index.php\/2022\/12\/03\/alfred-gomis-ce-sera-onze-contre-onze\/\",\"url\":\"https:\/\/www.public.sn\/index.php\/2022\/12\/03\/alfred-gomis-ce-sera-onze-contre-onze\/\",\"name\":\"Alfred Gomis : \\\"Ce sera onze contre onze\\\" - LE PUBLIC\",\"isPartOf\":{\"@id\":\"https:\/\/www.public.sn\/#website\"},\"primaryImageOfPage\":{\"@id\":\"https:\/\/www.public.sn\/index.php\/2022\/12\/03\/alfred-gomis-ce-sera-onze-contre-onze\/#primaryimage\"},\"image\":{\"@id\":\"https:\/\/www.public.sn\/index.php\/2022\/12\/03\/alfred-gomis-ce-sera-onze-contre-onze\/#primaryimage\"},\"thumbnailUrl\":\"https:\/\/www.public.sn\/wp-content\/uploads\/2022\/12\/Alfred-Gomis.jpg\",\"datePublished\":\"2022-12-03T17:00:18+00:00\",\"dateModified\":\"2022-12-03T17:00:20+00:00\",\"breadcrumb\":{\"@id\":\"https:\/\/www.public.sn\/index.php\/2022\/12\/03\/alfred-gomis-ce-sera-onze-contre-onze\/#breadcrumb\"},\"inLanguage\":\"fr-FR\",\"potentialAction\":[{\"@type\":\"ReadAction\",\"target\":[\"https:\/\/www.public.sn\/index.php\/2022\/12\/03\/alfred-gomis-ce-sera-onze-contre-onze\/\"]}]},{\"@type\":\"ImageObject\",\"inLanguage\":\"fr-FR\",\"@id\":\"https:\/\/www.public.sn\/index.php\/2022\/12\/03\/alfred-gomis-ce-sera-onze-contre-onze\/#primaryimage\",\"url\":\"https:\/\/www.public.sn\/wp-content\/uploads\/2022\/12\/Alfred-Gomis.jpg\",\"contentUrl\":\"https:\/\/www.public.sn\/wp-content\/uploads\/2022\/12\/Alfred-Gomis.jpg\",\"width\":1200,\"height\":800},{\"@type\":\"BreadcrumbList\",\"@id\":\"https:\/\/www.public.sn\/index.php\/2022\/12\/03\/alfred-gomis-ce-sera-onze-contre-onze\/#breadcrumb\",\"itemListElement\":[{\"@type\":\"ListItem\",\"position\":1,\"name\":\"Accueil\",\"item\":\"https:\/\/www.public.sn\/\"},{\"@type\":\"ListItem\",\"position\":2,\"name\":\"Alfred Gomis : \u00ab\u00a0Ce sera onze contre onze\u00a0\u00bb\"}]},{\"@type\":\"WebSite\",\"@id\":\"https:\/\/www.public.sn\/#website\",\"url\":\"https:\/\/www.public.sn\/\",\"name\":\"LE PUBLIC\",\"description\":\"\",\"publisher\":{\"@id\":\"https:\/\/www.public.sn\/#organization\"},\"potentialAction\":[{\"@type\":\"SearchAction\",\"target\":{\"@type\":\"EntryPoint\",\"urlTemplate\":\"https:\/\/www.public.sn\/?s={search_term_string}\"},\"query-input\":{\"@type\":\"PropertyValueSpecification\",\"valueRequired\":true,\"valueName\":\"search_term_string\"}}],\"inLanguage\":\"fr-FR\"},{\"@type\":\"Organization\",\"@id\":\"https:\/\/www.public.sn\/#organization\",\"name\":\"LE PUBLIC\",\"url\":\"https:\/\/www.public.sn\/\",\"logo\":{\"@type\":\"ImageObject\",\"inLanguage\":\"fr-FR\",\"@id\":\"https:\/\/www.public.sn\/#\/schema\/logo\/image\/\",\"url\":\"https:\/\/www.public.sn\/wp-content\/uploads\/2024\/05\/cropped-LOGO-PUBLIC.SN_.png\",\"contentUrl\":\"https:\/\/www.public.sn\/wp-content\/uploads\/2024\/05\/cropped-LOGO-PUBLIC.SN_.png\",\"width\":682,\"height\":192,\"caption\":\"LE PUBLIC\"},\"image\":{\"@id\":\"https:\/\/www.public.sn\/#\/schema\/logo\/image\/\"}},{\"@type\":\"Person\",\"@id\":\"https:\/\/www.public.sn\/#\/schema\/person\/cb76c8e1b8becc6be61fb5e92d6d0224\",\"name\":\"LA REDACTION\",\"image\":{\"@type\":\"ImageObject\",\"inLanguage\":\"fr-FR\",\"@id\":\"https:\/\/www.public.sn\/#\/schema\/person\/image\/\",\"url\":\"https:\/\/secure.gravatar.com\/avatar\/2dce5ddd34b8fef0180efe03aa2a9bee7d953856048f9a16b298190a3178407c?s=96&d=mm&r=g\",\"contentUrl\":\"https:\/\/secure.gravatar.com\/avatar\/2dce5ddd34b8fef0180efe03aa2a9bee7d953856048f9a16b298190a3178407c?s=96&d=mm&r=g\",\"caption\":\"LA REDACTION\"},\"url\":\"https:\/\/www.public.sn\/index.php\/author\/editeurpsn\/\"}]}<\/script>\n<!-- \/ Yoast SEO plugin. -->","yoast_head_json":{"title":"Alfred Gomis : \"Ce sera onze contre onze\" - LE PUBLIC","robots":{"index":"index","follow":"follow","max-snippet":"max-snippet:-1","max-image-preview":"max-image-preview:large","max-video-preview":"max-video-preview:-1"},"canonical":"https:\/\/www.public.sn\/index.php\/2022\/12\/03\/alfred-gomis-ce-sera-onze-contre-onze\/","og_locale":"fr_FR","og_type":"article","og_title":"Alfred Gomis : \"Ce sera onze contre onze\" - LE PUBLIC","og_description":"A moins de quelques de la rencontre tant attendue, le deuxi\u00e8me gardien de but de l&rsquo;\u00e9quipe du S\u00e9n\u00e9gal se montre confiant. En conf\u00e9rence de presse ce samedi, Alfred Gomis de d\u00e9clarer que \u00abFace \u00e0 l&rsquo;Angleterre demain (19h GMT), ce sera onze contre onze. \u00ab\u00a0Des m\u00e9dias peuvent nous sous-estimer mais ce sera onze contre onze. Je pense que toute l&rsquo;Afrique va monter en puissance, ils (les Africains) sont l\u00e0 pour nous supporter, c&rsquo;est un continent entier qui est \u00e0 la coupe du monde, c&rsquo;est bien qu&rsquo;on soit unis comme \u00e7a. L&rsquo;Afrique en a besoin. Mais honn\u00eatement, on essaie de ne pas trop lire les journaux. J&rsquo;esp\u00e8re que les Anglais vont nous sous-estimer comme \u00e7a ils seront surpris. Les joueurs connaissent leurs adversaires et sur le terrain, c&rsquo;est autre chose\u00a0\u00bb, a-t-il dit en conf\u00e9rence de presse ce samedi.","og_url":"https:\/\/www.public.sn\/index.php\/2022\/12\/03\/alfred-gomis-ce-sera-onze-contre-onze\/","og_site_name":"LE PUBLIC","article_published_time":"2022-12-03T17:00:18+00:00","article_modified_time":"2022-12-03T17:00:20+00:00","og_image":[{"width":1200,"height":800,"url":"https:\/\/www.public.sn\/wp-content\/uploads\/2022\/12\/Alfred-Gomis.jpg","type":"image\/jpeg"}],"author":"LA REDACTION","twitter_card":"summary_large_image","twitter_misc":{"\u00c9crit par":"LA REDACTION","Dur\u00e9e de lecture estim\u00e9e":"1 minute"},"schema":{"@context":"https:\/\/schema.org","@graph":[{"@type":"Article","@id":"https:\/\/www.public.sn\/index.php\/2022\/12\/03\/alfred-gomis-ce-sera-onze-contre-onze\/#article","isPartOf":{"@id":"https:\/\/www.public.sn\/index.php\/2022\/12\/03\/alfred-gomis-ce-sera-onze-contre-onze\/"},"author":{"name":"LA REDACTION","@id":"https:\/\/www.public.sn\/#\/schema\/person\/cb76c8e1b8becc6be61fb5e92d6d0224"},"headline":"Alfred Gomis : \u00ab\u00a0Ce sera onze contre onze\u00a0\u00bb","datePublished":"2022-12-03T17:00:18+00:00","dateModified":"2022-12-03T17:00:20+00:00","mainEntityOfPage":{"@id":"https:\/\/www.public.sn\/index.php\/2022\/12\/03\/alfred-gomis-ce-sera-onze-contre-onze\/"},"wordCount":151,"commentCount":0,"publisher":{"@id":"https:\/\/www.public.sn\/#organization"},"image":{"@id":"https:\/\/www.public.sn\/index.php\/2022\/12\/03\/alfred-gomis-ce-sera-onze-contre-onze\/#primaryimage"},"thumbnailUrl":"https:\/\/www.public.sn\/wp-content\/uploads\/2022\/12\/Alfred-Gomis.jpg","keywords":["Alfred Gomis","Angleterre","S\u00e9n\u00e9gal"],"articleSection":["ACTUALIT\u00c9S","FOOTBALL","S\u00c9N\u00c9GAL","SPORTS"],"inLanguage":"fr-FR","potentialAction":[{"@type":"CommentAction","name":"Comment","target":["https:\/\/www.public.sn\/index.php\/2022\/12\/03\/alfred-gomis-ce-sera-onze-contre-onze\/#respond"]}]},{"@type":"WebPage","@id":"https:\/\/www.public.sn\/index.php\/2022\/12\/03\/alfred-gomis-ce-sera-onze-contre-onze\/","url":"https:\/\/www.public.sn\/index.php\/2022\/12\/03\/alfred-gomis-ce-sera-onze-contre-onze\/","name":"Alfred Gomis : \"Ce sera onze contre onze\" - LE PUBLIC","isPartOf":{"@id":"https:\/\/www.public.sn\/#website"},"primaryImageOfPage":{"@id":"https:\/\/www.public.sn\/index.php\/2022\/12\/03\/alfred-gomis-ce-sera-onze-contre-onze\/#primaryimage"},"image":{"@id":"https:\/\/www.public.sn\/index.php\/2022\/12\/03\/alfred-gomis-ce-sera-onze-contre-onze\/#primaryimage"},"thumbnailUrl":"https:\/\/www.public.sn\/wp-content\/uploads\/2022\/12\/Alfred-Gomis.jpg","datePublished":"2022-12-03T17:00:18+00:00","dateModified":"2022-12-03T17:00:20+00:00","breadcrumb":{"@id":"https:\/\/www.public.sn\/index.php\/2022\/12\/03\/alfred-gomis-ce-sera-onze-contre-onze\/#breadcrumb"},"inLanguage":"fr-FR","potentialAction":[{"@type":"ReadAction","target":["https:\/\/www.public.sn\/index.php\/2022\/12\/03\/alfred-gomis-ce-sera-onze-contre-onze\/"]}]},{"@type":"ImageObject","inLanguage":"fr-FR","@id":"https:\/\/www.public.sn\/index.php\/2022\/12\/03\/alfred-gomis-ce-sera-onze-contre-onze\/#primaryimage","url":"https:\/\/www.public.sn\/wp-content\/uploads\/2022\/12\/Alfred-Gomis.jpg","contentUrl":"https:\/\/www.public.sn\/wp-content\/uploads\/2022\/12\/Alfred-Gomis.jpg","width":1200,"height":800},{"@type":"BreadcrumbList","@id":"https:\/\/www.public.sn\/index.php\/2022\/12\/03\/alfred-gomis-ce-sera-onze-contre-onze\/#breadcrumb","itemListElement":[{"@type":"ListItem","position":1,"name":"Accueil","item":"https:\/\/www.public.sn\/"},{"@type":"ListItem","position":2,"name":"Alfred Gomis : \u00ab\u00a0Ce sera onze contre onze\u00a0\u00bb"}]},{"@type":"WebSite","@id":"https:\/\/www.public.sn\/#website","url":"https:\/\/www.public.sn\/","name":"LE PUBLIC","description":"","publisher":{"@id":"https:\/\/www.public.sn\/#organization"},"potentialAction":[{"@type":"SearchAction","target":{"@type":"EntryPoint","urlTemplate":"https:\/\/www.public.sn\/?s={search_term_string}"},"query-input":{"@type":"PropertyValueSpecification","valueRequired":true,"valueName":"search_term_string"}}],"inLanguage":"fr-FR"},{"@type":"Organization","@id":"https:\/\/www.public.sn\/#organization","name":"LE PUBLIC","url":"https:\/\/www.public.sn\/","logo":{"@type":"ImageObject","inLanguage":"fr-FR","@id":"https:\/\/www.public.sn\/#\/schema\/logo\/image\/","url":"https:\/\/www.public.sn\/wp-content\/uploads\/2024\/05\/cropped-LOGO-PUBLIC.SN_.png","contentUrl":"https:\/\/www.public.sn\/wp-content\/uploads\/2024\/05\/cropped-LOGO-PUBLIC.SN_.png","width":682,"height":192,"caption":"LE PUBLIC"},"image":{"@id":"https:\/\/www.public.sn\/#\/schema\/logo\/image\/"}},{"@type":"Person","@id":"https:\/\/www.public.sn\/#\/schema\/person\/cb76c8e1b8becc6be61fb5e92d6d0224","name":"LA REDACTION","image":{"@type":"ImageObject","inLanguage":"fr-FR","@id":"https:\/\/www.public.sn\/#\/schema\/person\/image\/","url":"https:\/\/secure.gravatar.com\/avatar\/2dce5ddd34b8fef0180efe03aa2a9bee7d953856048f9a16b298190a3178407c?s=96&d=mm&r=g","contentUrl":"https:\/\/secure.gravatar.com\/avatar\/2dce5ddd34b8fef0180efe03aa2a9bee7d953856048f9a16b298190a3178407c?s=96&d=mm&r=g","caption":"LA REDACTION"},"url":"https:\/\/www.public.sn\/index.php\/author\/editeurpsn\/"}]}},"jetpack_featured_media_url":"https:\/\/www.public.sn\/wp-content\/uploads\/2022\/12\/Alfred-Gomis.jpg","jetpack_sharing_enabled":true,"_links":{"self":[{"href":"https:\/\/www.public.sn\/index.php\/wp-json\/wp\/v2\/posts\/11000","targetHints":{"allow":["GET"]}}],"collection":[{"href":"https:\/\/www.public.sn\/index.php\/wp-json\/wp\/v2\/posts"}],"about":[{"href":"https:\/\/www.public.sn\/index.php\/wp-json\/wp\/v2\/types\/post"}],"author":[{"embeddable":true,"href":"https:\/\/www.public.sn\/index.php\/wp-json\/wp\/v2\/users\/7"}],"replies":[{"embeddable":true,"href":"https:\/\/www.public.sn\/index.php\/wp-json\/wp\/v2\/comments?post=11000"}],"version-history":[{"count":1,"href":"https:\/\/www.public.sn\/index.php\/wp-json\/wp\/v2\/posts\/11000\/revisions"}],"predecessor-version":[{"id":11005,"href":"https:\/\/www.public.sn\/index.php\/wp-json\/wp\/v2\/posts\/11000\/revisions\/11005"}],"wp:featuredmedia":[{"embeddable":true,"href":"https:\/\/www.public.sn\/index.php\/wp-json\/wp\/v2\/media\/11002"}],"wp:attachment":[{"href":"https:\/\/www.public.sn\/index.php\/wp-json\/wp\/v2\/media?parent=11000"}],"wp:term":[{"taxonomy":"category","embeddable":true,"href":"https:\/\/www.public.sn\/index.php\/wp-json\/wp\/v2\/categories?post=11000"},{"taxonomy":"post_tag","embeddable":true,"href":"https:\/\/www.public.sn\/index.php\/wp-json\/wp\/v2\/tags?post=11000"}],"curies":[{"name":"wp","href":"https:\/\/api.w.org\/{rel}","templated":true}]}}