{"id":11016,"date":"2022-12-03T18:47:24","date_gmt":"2022-12-03T18:47:24","guid":{"rendered":"https:\/\/www.public.sn\/?p=11016"},"modified":"2022-12-04T16:47:04","modified_gmt":"2022-12-04T16:47:04","slug":"assemblee-nationale-farba-ngom-attaque-guy-et-barth","status":"publish","type":"post","link":"https:\/\/www.public.sn\/index.php\/2022\/12\/03\/assemblee-nationale-farba-ngom-attaque-guy-et-barth\/","title":{"rendered":"Assembl\u00e9e Nationale\u00a0: Farba Ngom attaque Guy et Barth"},"content":{"rendered":"\n<p><\/p>\n\n\n\n<p><strong>Farba Ngom s\u2019est attaqu\u00e9, \u00e0 nouveau, aux d\u00e9put\u00e9s Guy Marius Sagna et Barthelemy Dias. C\u2019est \u00e0 l\u2019occasion de l\u2019examen du projet de budget du minist\u00e8re de la P\u00eache et de l\u2019Economie maritime.<\/strong><\/p><div class=\"publi-paragraphe1\" style=\"margin-top: 10px;margin-bottom: 10px;margin-left: auto;margin-right: auto;text-align: center;\" id=\"publi-1934299071\"><div class=\"publi-adlabel\">Publicit\u00e9<\/div><script async src=\"\/\/pagead2.googlesyndication.com\/pagead\/js\/adsbygoogle.js?client=ca-pub-4089586018074219\" crossorigin=\"anonymous\"><\/script><ins class=\"adsbygoogle\" style=\"display:block;\" data-ad-client=\"ca-pub-4089586018074219\" \ndata-ad-slot=\"2087940154\" \ndata-ad-format=\"auto\"><\/ins>\n<script> \n(adsbygoogle = window.adsbygoogle || []).push({}); \n<\/script>\n<\/div>\n\n\n\n<p>Le d\u00e9put\u00e9 de la coalition pr\u00e9sidentielle Benno Bokk Yaakaar n\u2019y est pas all\u00e9 par quatre chemins pour descendre en flamme ces d\u00e9put\u00e9s de l\u2019Opposition qui se sont fait remarquer lors de l\u2019installation du bureau de l\u2019Assembl\u00e9e nationale.<\/p>\n\n\n\n<p>D\u2019entr\u00e9e, Farba Ngom a fait \u00e9couter aux parlementaires, \u00e0 travers le micro du perchoir, un enregistrement audio dans lequel Barthelemy Dias, \u00e9voquant la question du troisi\u00e8me mandat, rappelle ce que dit la Constitution : \u00ab\u00a0Tout S\u00e9n\u00e9galais qui devient pr\u00e9sident du S\u00e9n\u00e9gal a droit \u00e0 deux mandats de 5 ans\u00a0\u00bb. Avant d\u2019ajouter que Macky Sall n\u2019a pas encore deux mandats de 5 ans.<\/p>\n\n\n\n<p>Souadou Diop<\/p>\n<div class=\"publi-apres-le-contenu\" style=\"margin-top: 10px;margin-bottom: 10px;margin-left: auto;margin-right: auto;text-align: center;\" id=\"publi-720067779\"><div class=\"publi-adlabel\">Publicit\u00e9<\/div><script async src=\"\/\/pagead2.googlesyndication.com\/pagead\/js\/adsbygoogle.js?client=ca-pub-4089586018074219\" crossorigin=\"anonymous\"><\/script><ins class=\"adsbygoogle\" style=\"display:block;\" data-ad-client=\"ca-pub-4089586018074219\" \ndata-ad-slot=\"2087940154\" \ndata-ad-format=\"auto\"><\/ins>\n<script> \n(adsbygoogle = window.adsbygoogle || []).push({}); \n<\/script>\n<\/div>","protected":false},"excerpt":{"rendered":"<p>Farba Ngom s\u2019est attaqu\u00e9, \u00e0 nouveau, aux d\u00e9put\u00e9s Guy Marius Sagna et Barthelemy Dias. C\u2019est \u00e0 l\u2019occasion de l\u2019examen du projet de budget du minist\u00e8re de la P\u00eache et de l\u2019Economie maritime. Le d\u00e9put\u00e9 de la coalition pr\u00e9sidentielle Benno Bokk Yaakaar n\u2019y est pas all\u00e9 par quatre chemins pour descendre en flamme ces d\u00e9put\u00e9s de l\u2019Opposition qui se sont fait remarquer lors de l\u2019installation du bureau de l\u2019Assembl\u00e9e nationale. D\u2019entr\u00e9e, Farba Ngom a fait \u00e9couter aux parlementaires, \u00e0 travers le micro du perchoir, un enregistrement audio dans lequel Barthelemy Dias, \u00e9voquant la question du troisi\u00e8me mandat, rappelle ce que dit la Constitution : \u00ab\u00a0Tout S\u00e9n\u00e9galais qui devient pr\u00e9sident du S\u00e9n\u00e9gal a droit \u00e0 deux mandats de 5 ans\u00a0\u00bb. Avant d\u2019ajouter que Macky Sall n\u2019a pas encore deux mandats de 5 ans. Souadou Diop<\/p>\n","protected":false},"author":7,"featured_media":11017,"comment_status":"open","ping_status":"open","sticky":false,"template":"","format":"standard","meta":{"_jetpack_memberships_contains_paid_content":false,"footnotes":""},"categories":[375,8,1],"tags":[411,526,109],"class_list":["post-11016","post","type-post","status-publish","format-standard","has-post-thumbnail","hentry","category-actualites","category-public-tv","category-non-classe","tag-assemblee","tag-attaque","tag-farba-ngom","entry","has-media","owp-thumbs-layout-horizontal","owp-btn-normal","owp-tabs-layout-horizontal","has-no-thumbnails","has-product-nav"],"yoast_head":"<!-- This site is optimized with the Yoast SEO plugin v25.5 - https:\/\/yoast.com\/wordpress\/plugins\/seo\/ -->\n<title>Assembl\u00e9e Nationale\u00a0: Farba Ngom attaque Guy et Barth - LE PUBLIC<\/title>\n<meta name=\"robots\" content=\"index, follow, max-snippet:-1, max-image-preview:large, max-video-preview:-1\" \/>\n<link rel=\"canonical\" href=\"https:\/\/www.public.sn\/index.php\/2022\/12\/03\/assemblee-nationale-farba-ngom-attaque-guy-et-barth\/\" \/>\n<meta property=\"og:locale\" content=\"fr_FR\" \/>\n<meta property=\"og:type\" content=\"article\" \/>\n<meta property=\"og:title\" content=\"Assembl\u00e9e Nationale\u00a0: Farba Ngom attaque Guy et Barth - LE PUBLIC\" \/>\n<meta property=\"og:description\" content=\"Farba Ngom s\u2019est attaqu\u00e9, \u00e0 nouveau, aux d\u00e9put\u00e9s Guy Marius Sagna et Barthelemy Dias. C\u2019est \u00e0 l\u2019occasion de l\u2019examen du projet de budget du minist\u00e8re de la P\u00eache et de l\u2019Economie maritime. Le d\u00e9put\u00e9 de la coalition pr\u00e9sidentielle Benno Bokk Yaakaar n\u2019y est pas all\u00e9 par quatre chemins pour descendre en flamme ces d\u00e9put\u00e9s de l\u2019Opposition qui se sont fait remarquer lors de l\u2019installation du bureau de l\u2019Assembl\u00e9e nationale. D\u2019entr\u00e9e, Farba Ngom a fait \u00e9couter aux parlementaires, \u00e0 travers le micro du perchoir, un enregistrement audio dans lequel Barthelemy Dias, \u00e9voquant la question du troisi\u00e8me mandat, rappelle ce que dit la Constitution : \u00ab\u00a0Tout S\u00e9n\u00e9galais qui devient pr\u00e9sident du S\u00e9n\u00e9gal a droit \u00e0 deux mandats de 5 ans\u00a0\u00bb. Avant d\u2019ajouter que Macky Sall n\u2019a pas encore deux mandats de 5 ans. Souadou Diop\" \/>\n<meta property=\"og:url\" content=\"https:\/\/www.public.sn\/index.php\/2022\/12\/03\/assemblee-nationale-farba-ngom-attaque-guy-et-barth\/\" \/>\n<meta property=\"og:site_name\" content=\"LE PUBLIC\" \/>\n<meta property=\"article:published_time\" content=\"2022-12-03T18:47:24+00:00\" \/>\n<meta property=\"article:modified_time\" content=\"2022-12-04T16:47:04+00:00\" \/>\n<meta property=\"og:image\" content=\"https:\/\/www.public.sn\/wp-content\/uploads\/2022\/12\/farb.jpg\" \/>\n\t<meta property=\"og:image:width\" content=\"1280\" \/>\n\t<meta property=\"og:image:height\" content=\"720\" \/>\n\t<meta property=\"og:image:type\" content=\"image\/jpeg\" \/>\n<meta name=\"author\" content=\"LA REDACTION\" \/>\n<meta name=\"twitter:card\" content=\"summary_large_image\" \/>\n<meta name=\"twitter:label1\" content=\"\u00c9crit par\" \/>\n\t<meta name=\"twitter:data1\" content=\"LA REDACTION\" \/>\n\t<meta name=\"twitter:label2\" content=\"Dur\u00e9e de lecture estim\u00e9e\" \/>\n\t<meta name=\"twitter:data2\" content=\"1 minute\" \/>\n<script type=\"application\/ld+json\" class=\"yoast-schema-graph\">{\"@context\":\"https:\/\/schema.org\",\"@graph\":[{\"@type\":\"Article\",\"@id\":\"https:\/\/www.public.sn\/index.php\/2022\/12\/03\/assemblee-nationale-farba-ngom-attaque-guy-et-barth\/#article\",\"isPartOf\":{\"@id\":\"https:\/\/www.public.sn\/index.php\/2022\/12\/03\/assemblee-nationale-farba-ngom-attaque-guy-et-barth\/\"},\"author\":{\"name\":\"LA REDACTION\",\"@id\":\"https:\/\/www.public.sn\/#\/schema\/person\/cb76c8e1b8becc6be61fb5e92d6d0224\"},\"headline\":\"Assembl\u00e9e Nationale\u00a0: Farba Ngom attaque Guy et Barth\",\"datePublished\":\"2022-12-03T18:47:24+00:00\",\"dateModified\":\"2022-12-04T16:47:04+00:00\",\"mainEntityOfPage\":{\"@id\":\"https:\/\/www.public.sn\/index.php\/2022\/12\/03\/assemblee-nationale-farba-ngom-attaque-guy-et-barth\/\"},\"wordCount\":163,\"commentCount\":0,\"publisher\":{\"@id\":\"https:\/\/www.public.sn\/#organization\"},\"image\":{\"@id\":\"https:\/\/www.public.sn\/index.php\/2022\/12\/03\/assemblee-nationale-farba-ngom-attaque-guy-et-barth\/#primaryimage\"},\"thumbnailUrl\":\"https:\/\/www.public.sn\/wp-content\/uploads\/2022\/12\/farb.jpg\",\"keywords\":[\"Assembl\u00e9e\",\"Attaque\",\"Farba Ngom\"],\"articleSection\":[\"ACTUALIT\u00c9S\",\"PUBLIC TV\",\"S\u00c9N\u00c9GAL\"],\"inLanguage\":\"fr-FR\",\"potentialAction\":[{\"@type\":\"CommentAction\",\"name\":\"Comment\",\"target\":[\"https:\/\/www.public.sn\/index.php\/2022\/12\/03\/assemblee-nationale-farba-ngom-attaque-guy-et-barth\/#respond\"]}]},{\"@type\":\"WebPage\",\"@id\":\"https:\/\/www.public.sn\/index.php\/2022\/12\/03\/assemblee-nationale-farba-ngom-attaque-guy-et-barth\/\",\"url\":\"https:\/\/www.public.sn\/index.php\/2022\/12\/03\/assemblee-nationale-farba-ngom-attaque-guy-et-barth\/\",\"name\":\"Assembl\u00e9e Nationale\u00a0: Farba Ngom attaque Guy et Barth - LE PUBLIC\",\"isPartOf\":{\"@id\":\"https:\/\/www.public.sn\/#website\"},\"primaryImageOfPage\":{\"@id\":\"https:\/\/www.public.sn\/index.php\/2022\/12\/03\/assemblee-nationale-farba-ngom-attaque-guy-et-barth\/#primaryimage\"},\"image\":{\"@id\":\"https:\/\/www.public.sn\/index.php\/2022\/12\/03\/assemblee-nationale-farba-ngom-attaque-guy-et-barth\/#primaryimage\"},\"thumbnailUrl\":\"https:\/\/www.public.sn\/wp-content\/uploads\/2022\/12\/farb.jpg\",\"datePublished\":\"2022-12-03T18:47:24+00:00\",\"dateModified\":\"2022-12-04T16:47:04+00:00\",\"breadcrumb\":{\"@id\":\"https:\/\/www.public.sn\/index.php\/2022\/12\/03\/assemblee-nationale-farba-ngom-attaque-guy-et-barth\/#breadcrumb\"},\"inLanguage\":\"fr-FR\",\"potentialAction\":[{\"@type\":\"ReadAction\",\"target\":[\"https:\/\/www.public.sn\/index.php\/2022\/12\/03\/assemblee-nationale-farba-ngom-attaque-guy-et-barth\/\"]}]},{\"@type\":\"ImageObject\",\"inLanguage\":\"fr-FR\",\"@id\":\"https:\/\/www.public.sn\/index.php\/2022\/12\/03\/assemblee-nationale-farba-ngom-attaque-guy-et-barth\/#primaryimage\",\"url\":\"https:\/\/www.public.sn\/wp-content\/uploads\/2022\/12\/farb.jpg\",\"contentUrl\":\"https:\/\/www.public.sn\/wp-content\/uploads\/2022\/12\/farb.jpg\",\"width\":1280,\"height\":720},{\"@type\":\"BreadcrumbList\",\"@id\":\"https:\/\/www.public.sn\/index.php\/2022\/12\/03\/assemblee-nationale-farba-ngom-attaque-guy-et-barth\/#breadcrumb\",\"itemListElement\":[{\"@type\":\"ListItem\",\"position\":1,\"name\":\"Accueil\",\"item\":\"https:\/\/www.public.sn\/\"},{\"@type\":\"ListItem\",\"position\":2,\"name\":\"Assembl\u00e9e Nationale\u00a0: Farba Ngom attaque Guy et Barth\"}]},{\"@type\":\"WebSite\",\"@id\":\"https:\/\/www.public.sn\/#website\",\"url\":\"https:\/\/www.public.sn\/\",\"name\":\"LE PUBLIC\",\"description\":\"\",\"publisher\":{\"@id\":\"https:\/\/www.public.sn\/#organization\"},\"potentialAction\":[{\"@type\":\"SearchAction\",\"target\":{\"@type\":\"EntryPoint\",\"urlTemplate\":\"https:\/\/www.public.sn\/?s={search_term_string}\"},\"query-input\":{\"@type\":\"PropertyValueSpecification\",\"valueRequired\":true,\"valueName\":\"search_term_string\"}}],\"inLanguage\":\"fr-FR\"},{\"@type\":\"Organization\",\"@id\":\"https:\/\/www.public.sn\/#organization\",\"name\":\"LE PUBLIC\",\"url\":\"https:\/\/www.public.sn\/\",\"logo\":{\"@type\":\"ImageObject\",\"inLanguage\":\"fr-FR\",\"@id\":\"https:\/\/www.public.sn\/#\/schema\/logo\/image\/\",\"url\":\"https:\/\/www.public.sn\/wp-content\/uploads\/2024\/05\/cropped-LOGO-PUBLIC.SN_.png\",\"contentUrl\":\"https:\/\/www.public.sn\/wp-content\/uploads\/2024\/05\/cropped-LOGO-PUBLIC.SN_.png\",\"width\":682,\"height\":192,\"caption\":\"LE PUBLIC\"},\"image\":{\"@id\":\"https:\/\/www.public.sn\/#\/schema\/logo\/image\/\"}},{\"@type\":\"Person\",\"@id\":\"https:\/\/www.public.sn\/#\/schema\/person\/cb76c8e1b8becc6be61fb5e92d6d0224\",\"name\":\"LA REDACTION\",\"image\":{\"@type\":\"ImageObject\",\"inLanguage\":\"fr-FR\",\"@id\":\"https:\/\/www.public.sn\/#\/schema\/person\/image\/\",\"url\":\"https:\/\/secure.gravatar.com\/avatar\/2dce5ddd34b8fef0180efe03aa2a9bee7d953856048f9a16b298190a3178407c?s=96&d=mm&r=g\",\"contentUrl\":\"https:\/\/secure.gravatar.com\/avatar\/2dce5ddd34b8fef0180efe03aa2a9bee7d953856048f9a16b298190a3178407c?s=96&d=mm&r=g\",\"caption\":\"LA REDACTION\"},\"url\":\"https:\/\/www.public.sn\/index.php\/author\/editeurpsn\/\"}]}<\/script>\n<!-- \/ Yoast SEO plugin. -->","yoast_head_json":{"title":"Assembl\u00e9e Nationale\u00a0: Farba Ngom attaque Guy et Barth - LE PUBLIC","robots":{"index":"index","follow":"follow","max-snippet":"max-snippet:-1","max-image-preview":"max-image-preview:large","max-video-preview":"max-video-preview:-1"},"canonical":"https:\/\/www.public.sn\/index.php\/2022\/12\/03\/assemblee-nationale-farba-ngom-attaque-guy-et-barth\/","og_locale":"fr_FR","og_type":"article","og_title":"Assembl\u00e9e Nationale\u00a0: Farba Ngom attaque Guy et Barth - LE PUBLIC","og_description":"Farba Ngom s\u2019est attaqu\u00e9, \u00e0 nouveau, aux d\u00e9put\u00e9s Guy Marius Sagna et Barthelemy Dias. C\u2019est \u00e0 l\u2019occasion de l\u2019examen du projet de budget du minist\u00e8re de la P\u00eache et de l\u2019Economie maritime. Le d\u00e9put\u00e9 de la coalition pr\u00e9sidentielle Benno Bokk Yaakaar n\u2019y est pas all\u00e9 par quatre chemins pour descendre en flamme ces d\u00e9put\u00e9s de l\u2019Opposition qui se sont fait remarquer lors de l\u2019installation du bureau de l\u2019Assembl\u00e9e nationale. D\u2019entr\u00e9e, Farba Ngom a fait \u00e9couter aux parlementaires, \u00e0 travers le micro du perchoir, un enregistrement audio dans lequel Barthelemy Dias, \u00e9voquant la question du troisi\u00e8me mandat, rappelle ce que dit la Constitution : \u00ab\u00a0Tout S\u00e9n\u00e9galais qui devient pr\u00e9sident du S\u00e9n\u00e9gal a droit \u00e0 deux mandats de 5 ans\u00a0\u00bb. Avant d\u2019ajouter que Macky Sall n\u2019a pas encore deux mandats de 5 ans. Souadou Diop","og_url":"https:\/\/www.public.sn\/index.php\/2022\/12\/03\/assemblee-nationale-farba-ngom-attaque-guy-et-barth\/","og_site_name":"LE PUBLIC","article_published_time":"2022-12-03T18:47:24+00:00","article_modified_time":"2022-12-04T16:47:04+00:00","og_image":[{"width":1280,"height":720,"url":"https:\/\/www.public.sn\/wp-content\/uploads\/2022\/12\/farb.jpg","type":"image\/jpeg"}],"author":"LA REDACTION","twitter_card":"summary_large_image","twitter_misc":{"\u00c9crit par":"LA REDACTION","Dur\u00e9e de lecture estim\u00e9e":"1 minute"},"schema":{"@context":"https:\/\/schema.org","@graph":[{"@type":"Article","@id":"https:\/\/www.public.sn\/index.php\/2022\/12\/03\/assemblee-nationale-farba-ngom-attaque-guy-et-barth\/#article","isPartOf":{"@id":"https:\/\/www.public.sn\/index.php\/2022\/12\/03\/assemblee-nationale-farba-ngom-attaque-guy-et-barth\/"},"author":{"name":"LA REDACTION","@id":"https:\/\/www.public.sn\/#\/schema\/person\/cb76c8e1b8becc6be61fb5e92d6d0224"},"headline":"Assembl\u00e9e Nationale\u00a0: Farba Ngom attaque Guy et Barth","datePublished":"2022-12-03T18:47:24+00:00","dateModified":"2022-12-04T16:47:04+00:00","mainEntityOfPage":{"@id":"https:\/\/www.public.sn\/index.php\/2022\/12\/03\/assemblee-nationale-farba-ngom-attaque-guy-et-barth\/"},"wordCount":163,"commentCount":0,"publisher":{"@id":"https:\/\/www.public.sn\/#organization"},"image":{"@id":"https:\/\/www.public.sn\/index.php\/2022\/12\/03\/assemblee-nationale-farba-ngom-attaque-guy-et-barth\/#primaryimage"},"thumbnailUrl":"https:\/\/www.public.sn\/wp-content\/uploads\/2022\/12\/farb.jpg","keywords":["Assembl\u00e9e","Attaque","Farba Ngom"],"articleSection":["ACTUALIT\u00c9S","PUBLIC TV","S\u00c9N\u00c9GAL"],"inLanguage":"fr-FR","potentialAction":[{"@type":"CommentAction","name":"Comment","target":["https:\/\/www.public.sn\/index.php\/2022\/12\/03\/assemblee-nationale-farba-ngom-attaque-guy-et-barth\/#respond"]}]},{"@type":"WebPage","@id":"https:\/\/www.public.sn\/index.php\/2022\/12\/03\/assemblee-nationale-farba-ngom-attaque-guy-et-barth\/","url":"https:\/\/www.public.sn\/index.php\/2022\/12\/03\/assemblee-nationale-farba-ngom-attaque-guy-et-barth\/","name":"Assembl\u00e9e Nationale\u00a0: Farba Ngom attaque Guy et Barth - LE PUBLIC","isPartOf":{"@id":"https:\/\/www.public.sn\/#website"},"primaryImageOfPage":{"@id":"https:\/\/www.public.sn\/index.php\/2022\/12\/03\/assemblee-nationale-farba-ngom-attaque-guy-et-barth\/#primaryimage"},"image":{"@id":"https:\/\/www.public.sn\/index.php\/2022\/12\/03\/assemblee-nationale-farba-ngom-attaque-guy-et-barth\/#primaryimage"},"thumbnailUrl":"https:\/\/www.public.sn\/wp-content\/uploads\/2022\/12\/farb.jpg","datePublished":"2022-12-03T18:47:24+00:00","dateModified":"2022-12-04T16:47:04+00:00","breadcrumb":{"@id":"https:\/\/www.public.sn\/index.php\/2022\/12\/03\/assemblee-nationale-farba-ngom-attaque-guy-et-barth\/#breadcrumb"},"inLanguage":"fr-FR","potentialAction":[{"@type":"ReadAction","target":["https:\/\/www.public.sn\/index.php\/2022\/12\/03\/assemblee-nationale-farba-ngom-attaque-guy-et-barth\/"]}]},{"@type":"ImageObject","inLanguage":"fr-FR","@id":"https:\/\/www.public.sn\/index.php\/2022\/12\/03\/assemblee-nationale-farba-ngom-attaque-guy-et-barth\/#primaryimage","url":"https:\/\/www.public.sn\/wp-content\/uploads\/2022\/12\/farb.jpg","contentUrl":"https:\/\/www.public.sn\/wp-content\/uploads\/2022\/12\/farb.jpg","width":1280,"height":720},{"@type":"BreadcrumbList","@id":"https:\/\/www.public.sn\/index.php\/2022\/12\/03\/assemblee-nationale-farba-ngom-attaque-guy-et-barth\/#breadcrumb","itemListElement":[{"@type":"ListItem","position":1,"name":"Accueil","item":"https:\/\/www.public.sn\/"},{"@type":"ListItem","position":2,"name":"Assembl\u00e9e Nationale\u00a0: Farba Ngom attaque Guy et Barth"}]},{"@type":"WebSite","@id":"https:\/\/www.public.sn\/#website","url":"https:\/\/www.public.sn\/","name":"LE PUBLIC","description":"","publisher":{"@id":"https:\/\/www.public.sn\/#organization"},"potentialAction":[{"@type":"SearchAction","target":{"@type":"EntryPoint","urlTemplate":"https:\/\/www.public.sn\/?s={search_term_string}"},"query-input":{"@type":"PropertyValueSpecification","valueRequired":true,"valueName":"search_term_string"}}],"inLanguage":"fr-FR"},{"@type":"Organization","@id":"https:\/\/www.public.sn\/#organization","name":"LE PUBLIC","url":"https:\/\/www.public.sn\/","logo":{"@type":"ImageObject","inLanguage":"fr-FR","@id":"https:\/\/www.public.sn\/#\/schema\/logo\/image\/","url":"https:\/\/www.public.sn\/wp-content\/uploads\/2024\/05\/cropped-LOGO-PUBLIC.SN_.png","contentUrl":"https:\/\/www.public.sn\/wp-content\/uploads\/2024\/05\/cropped-LOGO-PUBLIC.SN_.png","width":682,"height":192,"caption":"LE PUBLIC"},"image":{"@id":"https:\/\/www.public.sn\/#\/schema\/logo\/image\/"}},{"@type":"Person","@id":"https:\/\/www.public.sn\/#\/schema\/person\/cb76c8e1b8becc6be61fb5e92d6d0224","name":"LA REDACTION","image":{"@type":"ImageObject","inLanguage":"fr-FR","@id":"https:\/\/www.public.sn\/#\/schema\/person\/image\/","url":"https:\/\/secure.gravatar.com\/avatar\/2dce5ddd34b8fef0180efe03aa2a9bee7d953856048f9a16b298190a3178407c?s=96&d=mm&r=g","contentUrl":"https:\/\/secure.gravatar.com\/avatar\/2dce5ddd34b8fef0180efe03aa2a9bee7d953856048f9a16b298190a3178407c?s=96&d=mm&r=g","caption":"LA REDACTION"},"url":"https:\/\/www.public.sn\/index.php\/author\/editeurpsn\/"}]}},"jetpack_featured_media_url":"https:\/\/www.public.sn\/wp-content\/uploads\/2022\/12\/farb.jpg","jetpack_sharing_enabled":true,"_links":{"self":[{"href":"https:\/\/www.public.sn\/index.php\/wp-json\/wp\/v2\/posts\/11016","targetHints":{"allow":["GET"]}}],"collection":[{"href":"https:\/\/www.public.sn\/index.php\/wp-json\/wp\/v2\/posts"}],"about":[{"href":"https:\/\/www.public.sn\/index.php\/wp-json\/wp\/v2\/types\/post"}],"author":[{"embeddable":true,"href":"https:\/\/www.public.sn\/index.php\/wp-json\/wp\/v2\/users\/7"}],"replies":[{"embeddable":true,"href":"https:\/\/www.public.sn\/index.php\/wp-json\/wp\/v2\/comments?post=11016"}],"version-history":[{"count":2,"href":"https:\/\/www.public.sn\/index.php\/wp-json\/wp\/v2\/posts\/11016\/revisions"}],"predecessor-version":[{"id":11062,"href":"https:\/\/www.public.sn\/index.php\/wp-json\/wp\/v2\/posts\/11016\/revisions\/11062"}],"wp:featuredmedia":[{"embeddable":true,"href":"https:\/\/www.public.sn\/index.php\/wp-json\/wp\/v2\/media\/11017"}],"wp:attachment":[{"href":"https:\/\/www.public.sn\/index.php\/wp-json\/wp\/v2\/media?parent=11016"}],"wp:term":[{"taxonomy":"category","embeddable":true,"href":"https:\/\/www.public.sn\/index.php\/wp-json\/wp\/v2\/categories?post=11016"},{"taxonomy":"post_tag","embeddable":true,"href":"https:\/\/www.public.sn\/index.php\/wp-json\/wp\/v2\/tags?post=11016"}],"curies":[{"name":"wp","href":"https:\/\/api.w.org\/{rel}","templated":true}]}}