{"id":11028,"date":"2022-12-04T14:29:34","date_gmt":"2022-12-04T14:29:34","guid":{"rendered":"https:\/\/www.public.sn\/?p=11028"},"modified":"2022-12-04T14:29:35","modified_gmt":"2022-12-04T14:29:35","slug":"affaire-amy-ndiaye-gniby-me-moussa-balde-la-democratie-je-pense-elle-a-ete-inventee-pour-eviter-la-violence-politique","status":"publish","type":"post","link":"https:\/\/www.public.sn\/index.php\/2022\/12\/04\/affaire-amy-ndiaye-gniby-me-moussa-balde-la-democratie-je-pense-elle-a-ete-inventee-pour-eviter-la-violence-politique\/","title":{"rendered":"Affaire Amy Ndiaye Gniby \/ Me Moussa Bald\u00e9 : \u00abLa d\u00e9mocratie, je pense, elle a \u00e9t\u00e9 invent\u00e9e pour \u00e9viter la violence politique.\u00a0\u00bb"},"content":{"rendered":"<p><strong>L&rsquo;affaire Amy Ndiaye Gniby continue de d\u00e9frayer la chronique au S\u00e9n\u00e9gal. Aux derni\u00e8res nouvelles, on nous annonce que la d\u00e9put\u00e9e Amy Ndiaye Gniby risque de perdre son b\u00e9b\u00e9. Invit\u00e9 de l\u2019\u00e9mission Jury du Dimanche, Moussa Bald\u00e9, ministre de l\u2019Enseignement sup\u00e9rieur, de la Recherche et de l\u2019Innovation, a regrett\u00e9 ce qui s\u2019est pass\u00e9 \u00e0 l\u2019Assembl\u00e9e nationale. \u00ab Nous le regrettons et nous la condamnons. La d\u00e9mocratie, je pense, elle a \u00e9t\u00e9 invent\u00e9e pour \u00e9viter la violence politique. Si malgr\u00e9 le fait qu\u2019on a la d\u00e9mocratie la violence continue, c\u2019est parce qu\u2019il y\u2019a un probl\u00e8me. Nous avons une Assembl\u00e9e qui semblait dire que c\u2019est une Assembl\u00e9e de rupture. La rupture est l\u00e0, mais pas dans le bon sens. Je pense que ce n\u2019est pas ce qu\u2019attendaient les s\u00e9n\u00e9galais. \u00c7a montre aussi les failles de la d\u00e9mocratie \u00bb, a d\u00e9clar\u00e9 le ministre sur ITV.<\/strong><\/p><div class=\"publi-paragraphe1\" style=\"margin-top: 10px;margin-bottom: 10px;margin-left: auto;margin-right: auto;text-align: center;\" id=\"publi-2561939249\"><div class=\"publi-adlabel\">Publicit\u00e9<\/div><script async src=\"\/\/pagead2.googlesyndication.com\/pagead\/js\/adsbygoogle.js?client=ca-pub-4089586018074219\" crossorigin=\"anonymous\"><\/script><ins class=\"adsbygoogle\" style=\"display:block;\" data-ad-client=\"ca-pub-4089586018074219\" \ndata-ad-slot=\"2087940154\" \ndata-ad-format=\"auto\"><\/ins>\n<script> \n(adsbygoogle = window.adsbygoogle || []).push({}); \n<\/script>\n<\/div>\n<p><iframe title=\"JDD AVEC PROFESSEUR MOUSSA BALDE - 04 DECEMBRE 2022\" src=\"https:\/\/www.youtube.com\/embed\/PtQLnkHkMPU\" width=\"640\" height=\"360\" frameborder=\"0\" allowfullscreen=\"allowfullscreen\"><\/iframe><\/p>\n<div class=\"publi-apres-le-contenu\" style=\"margin-top: 10px;margin-bottom: 10px;margin-left: auto;margin-right: auto;text-align: center;\" id=\"publi-1481333354\"><div class=\"publi-adlabel\">Publicit\u00e9<\/div><script async src=\"\/\/pagead2.googlesyndication.com\/pagead\/js\/adsbygoogle.js?client=ca-pub-4089586018074219\" crossorigin=\"anonymous\"><\/script><ins class=\"adsbygoogle\" style=\"display:block;\" data-ad-client=\"ca-pub-4089586018074219\" \ndata-ad-slot=\"2087940154\" \ndata-ad-format=\"auto\"><\/ins>\n<script> \n(adsbygoogle = window.adsbygoogle || []).push({}); \n<\/script>\n<\/div>","protected":false},"excerpt":{"rendered":"<p>L&rsquo;affaire Amy Ndiaye Gniby continue de d\u00e9frayer la chronique au S\u00e9n\u00e9gal. Aux derni\u00e8res nouvelles, on nous annonce que la d\u00e9put\u00e9e Amy Ndiaye Gniby risque de perdre son b\u00e9b\u00e9. Invit\u00e9 de l\u2019\u00e9mission Jury du Dimanche, Moussa Bald\u00e9, ministre de l\u2019Enseignement sup\u00e9rieur, de la Recherche et de l\u2019Innovation, a regrett\u00e9 ce qui s\u2019est pass\u00e9 \u00e0 l\u2019Assembl\u00e9e nationale. \u00ab Nous le regrettons et nous la condamnons. La d\u00e9mocratie, je pense, elle a \u00e9t\u00e9 invent\u00e9e pour \u00e9viter la violence politique. Si malgr\u00e9 le fait qu\u2019on a la d\u00e9mocratie la violence continue, c\u2019est parce qu\u2019il y\u2019a un probl\u00e8me. Nous avons une Assembl\u00e9e qui semblait dire que c\u2019est une Assembl\u00e9e de rupture. La rupture est l\u00e0, mais pas dans le bon sens. Je pense que ce n\u2019est pas ce qu\u2019attendaient les s\u00e9n\u00e9galais. \u00c7a montre aussi les failles de la d\u00e9mocratie \u00bb, a d\u00e9clar\u00e9 le ministre sur ITV.<\/p>\n","protected":false},"author":1,"featured_media":11029,"comment_status":"open","ping_status":"open","sticky":false,"template":"","format":"standard","meta":{"_jetpack_memberships_contains_paid_content":false,"footnotes":""},"categories":[375,3,1,372,6],"tags":[3421,3619],"class_list":["post-11028","post","type-post","status-publish","format-standard","has-post-thumbnail","hentry","category-actualites","category-politique","category-non-classe","category-vedette","category-videos","tag-amy-ndiaye","tag-me-moussa-balde","entry","has-media","owp-thumbs-layout-horizontal","owp-btn-normal","owp-tabs-layout-horizontal","has-no-thumbnails","has-product-nav"],"yoast_head":"<!-- This site is optimized with the Yoast SEO plugin v25.5 - https:\/\/yoast.com\/wordpress\/plugins\/seo\/ -->\n<title>Affaire Amy Ndiaye Gniby \/ Me Moussa Bald\u00e9 : \u00abLa d\u00e9mocratie, je pense, elle a \u00e9t\u00e9 invent\u00e9e pour \u00e9viter la violence politique.\u00a0\u00bb - LE PUBLIC<\/title>\n<meta name=\"robots\" content=\"index, follow, max-snippet:-1, max-image-preview:large, max-video-preview:-1\" \/>\n<link rel=\"canonical\" href=\"https:\/\/www.public.sn\/index.php\/2022\/12\/04\/affaire-amy-ndiaye-gniby-me-moussa-balde-la-democratie-je-pense-elle-a-ete-inventee-pour-eviter-la-violence-politique\/\" \/>\n<meta property=\"og:locale\" content=\"fr_FR\" \/>\n<meta property=\"og:type\" content=\"article\" \/>\n<meta property=\"og:title\" content=\"Affaire Amy Ndiaye Gniby \/ Me Moussa Bald\u00e9 : \u00abLa d\u00e9mocratie, je pense, elle a \u00e9t\u00e9 invent\u00e9e pour \u00e9viter la violence politique.\u00a0\u00bb - LE PUBLIC\" \/>\n<meta property=\"og:description\" content=\"L&rsquo;affaire Amy Ndiaye Gniby continue de d\u00e9frayer la chronique au S\u00e9n\u00e9gal. Aux derni\u00e8res nouvelles, on nous annonce que la d\u00e9put\u00e9e Amy Ndiaye Gniby risque de perdre son b\u00e9b\u00e9. Invit\u00e9 de l\u2019\u00e9mission Jury du Dimanche, Moussa Bald\u00e9, ministre de l\u2019Enseignement sup\u00e9rieur, de la Recherche et de l\u2019Innovation, a regrett\u00e9 ce qui s\u2019est pass\u00e9 \u00e0 l\u2019Assembl\u00e9e nationale. \u00ab Nous le regrettons et nous la condamnons. La d\u00e9mocratie, je pense, elle a \u00e9t\u00e9 invent\u00e9e pour \u00e9viter la violence politique. Si malgr\u00e9 le fait qu\u2019on a la d\u00e9mocratie la violence continue, c\u2019est parce qu\u2019il y\u2019a un probl\u00e8me. Nous avons une Assembl\u00e9e qui semblait dire que c\u2019est une Assembl\u00e9e de rupture. La rupture est l\u00e0, mais pas dans le bon sens. Je pense que ce n\u2019est pas ce qu\u2019attendaient les s\u00e9n\u00e9galais. \u00c7a montre aussi les failles de la d\u00e9mocratie \u00bb, a d\u00e9clar\u00e9 le ministre sur ITV.\" \/>\n<meta property=\"og:url\" content=\"https:\/\/www.public.sn\/index.php\/2022\/12\/04\/affaire-amy-ndiaye-gniby-me-moussa-balde-la-democratie-je-pense-elle-a-ete-inventee-pour-eviter-la-violence-politique\/\" \/>\n<meta property=\"og:site_name\" content=\"LE PUBLIC\" \/>\n<meta property=\"article:published_time\" content=\"2022-12-04T14:29:34+00:00\" \/>\n<meta property=\"article:modified_time\" content=\"2022-12-04T14:29:35+00:00\" \/>\n<meta property=\"og:image\" content=\"https:\/\/www.public.sn\/wp-content\/uploads\/2022\/12\/Me-Moussa-Balde.jpg\" \/>\n\t<meta property=\"og:image:width\" content=\"755\" \/>\n\t<meta property=\"og:image:height\" content=\"449\" \/>\n\t<meta property=\"og:image:type\" content=\"image\/jpeg\" \/>\n<meta name=\"author\" content=\"LA REDACTION\" \/>\n<meta name=\"twitter:card\" content=\"summary_large_image\" \/>\n<meta name=\"twitter:label1\" content=\"\u00c9crit par\" \/>\n\t<meta name=\"twitter:data1\" content=\"LA REDACTION\" \/>\n\t<meta name=\"twitter:label2\" content=\"Dur\u00e9e de lecture estim\u00e9e\" \/>\n\t<meta name=\"twitter:data2\" content=\"1 minute\" \/>\n<script type=\"application\/ld+json\" class=\"yoast-schema-graph\">{\"@context\":\"https:\/\/schema.org\",\"@graph\":[{\"@type\":\"Article\",\"@id\":\"https:\/\/www.public.sn\/index.php\/2022\/12\/04\/affaire-amy-ndiaye-gniby-me-moussa-balde-la-democratie-je-pense-elle-a-ete-inventee-pour-eviter-la-violence-politique\/#article\",\"isPartOf\":{\"@id\":\"https:\/\/www.public.sn\/index.php\/2022\/12\/04\/affaire-amy-ndiaye-gniby-me-moussa-balde-la-democratie-je-pense-elle-a-ete-inventee-pour-eviter-la-violence-politique\/\"},\"author\":{\"name\":\"LA REDACTION\",\"@id\":\"https:\/\/www.public.sn\/#\/schema\/person\/e3f4a11b037d4203902db148f9bc8d5a\"},\"headline\":\"Affaire Amy Ndiaye Gniby \/ Me Moussa Bald\u00e9 : \u00abLa d\u00e9mocratie, je pense, elle a \u00e9t\u00e9 invent\u00e9e pour \u00e9viter la violence politique.\u00a0\u00bb\",\"datePublished\":\"2022-12-04T14:29:34+00:00\",\"dateModified\":\"2022-12-04T14:29:35+00:00\",\"mainEntityOfPage\":{\"@id\":\"https:\/\/www.public.sn\/index.php\/2022\/12\/04\/affaire-amy-ndiaye-gniby-me-moussa-balde-la-democratie-je-pense-elle-a-ete-inventee-pour-eviter-la-violence-politique\/\"},\"wordCount\":191,\"commentCount\":0,\"publisher\":{\"@id\":\"https:\/\/www.public.sn\/#organization\"},\"image\":{\"@id\":\"https:\/\/www.public.sn\/index.php\/2022\/12\/04\/affaire-amy-ndiaye-gniby-me-moussa-balde-la-democratie-je-pense-elle-a-ete-inventee-pour-eviter-la-violence-politique\/#primaryimage\"},\"thumbnailUrl\":\"https:\/\/www.public.sn\/wp-content\/uploads\/2022\/12\/Me-Moussa-Balde.jpg\",\"keywords\":[\"amy ndiaye\",\"Me Moussa Bald\u00e9\"],\"articleSection\":[\"ACTUALIT\u00c9S\",\"POLITIQUE\",\"S\u00c9N\u00c9GAL\",\"VEDETTE\",\"VIDEOS\"],\"inLanguage\":\"fr-FR\",\"potentialAction\":[{\"@type\":\"CommentAction\",\"name\":\"Comment\",\"target\":[\"https:\/\/www.public.sn\/index.php\/2022\/12\/04\/affaire-amy-ndiaye-gniby-me-moussa-balde-la-democratie-je-pense-elle-a-ete-inventee-pour-eviter-la-violence-politique\/#respond\"]}]},{\"@type\":\"WebPage\",\"@id\":\"https:\/\/www.public.sn\/index.php\/2022\/12\/04\/affaire-amy-ndiaye-gniby-me-moussa-balde-la-democratie-je-pense-elle-a-ete-inventee-pour-eviter-la-violence-politique\/\",\"url\":\"https:\/\/www.public.sn\/index.php\/2022\/12\/04\/affaire-amy-ndiaye-gniby-me-moussa-balde-la-democratie-je-pense-elle-a-ete-inventee-pour-eviter-la-violence-politique\/\",\"name\":\"Affaire Amy Ndiaye Gniby \/ Me Moussa Bald\u00e9 : \u00abLa d\u00e9mocratie, je pense, elle a \u00e9t\u00e9 invent\u00e9e pour \u00e9viter la violence politique.\u00a0\u00bb - LE PUBLIC\",\"isPartOf\":{\"@id\":\"https:\/\/www.public.sn\/#website\"},\"primaryImageOfPage\":{\"@id\":\"https:\/\/www.public.sn\/index.php\/2022\/12\/04\/affaire-amy-ndiaye-gniby-me-moussa-balde-la-democratie-je-pense-elle-a-ete-inventee-pour-eviter-la-violence-politique\/#primaryimage\"},\"image\":{\"@id\":\"https:\/\/www.public.sn\/index.php\/2022\/12\/04\/affaire-amy-ndiaye-gniby-me-moussa-balde-la-democratie-je-pense-elle-a-ete-inventee-pour-eviter-la-violence-politique\/#primaryimage\"},\"thumbnailUrl\":\"https:\/\/www.public.sn\/wp-content\/uploads\/2022\/12\/Me-Moussa-Balde.jpg\",\"datePublished\":\"2022-12-04T14:29:34+00:00\",\"dateModified\":\"2022-12-04T14:29:35+00:00\",\"breadcrumb\":{\"@id\":\"https:\/\/www.public.sn\/index.php\/2022\/12\/04\/affaire-amy-ndiaye-gniby-me-moussa-balde-la-democratie-je-pense-elle-a-ete-inventee-pour-eviter-la-violence-politique\/#breadcrumb\"},\"inLanguage\":\"fr-FR\",\"potentialAction\":[{\"@type\":\"ReadAction\",\"target\":[\"https:\/\/www.public.sn\/index.php\/2022\/12\/04\/affaire-amy-ndiaye-gniby-me-moussa-balde-la-democratie-je-pense-elle-a-ete-inventee-pour-eviter-la-violence-politique\/\"]}]},{\"@type\":\"ImageObject\",\"inLanguage\":\"fr-FR\",\"@id\":\"https:\/\/www.public.sn\/index.php\/2022\/12\/04\/affaire-amy-ndiaye-gniby-me-moussa-balde-la-democratie-je-pense-elle-a-ete-inventee-pour-eviter-la-violence-politique\/#primaryimage\",\"url\":\"https:\/\/www.public.sn\/wp-content\/uploads\/2022\/12\/Me-Moussa-Balde.jpg\",\"contentUrl\":\"https:\/\/www.public.sn\/wp-content\/uploads\/2022\/12\/Me-Moussa-Balde.jpg\",\"width\":755,\"height\":449},{\"@type\":\"BreadcrumbList\",\"@id\":\"https:\/\/www.public.sn\/index.php\/2022\/12\/04\/affaire-amy-ndiaye-gniby-me-moussa-balde-la-democratie-je-pense-elle-a-ete-inventee-pour-eviter-la-violence-politique\/#breadcrumb\",\"itemListElement\":[{\"@type\":\"ListItem\",\"position\":1,\"name\":\"Accueil\",\"item\":\"https:\/\/www.public.sn\/\"},{\"@type\":\"ListItem\",\"position\":2,\"name\":\"Affaire Amy Ndiaye Gniby \/ Me Moussa Bald\u00e9 : \u00abLa d\u00e9mocratie, je pense, elle a \u00e9t\u00e9 invent\u00e9e pour \u00e9viter la violence politique.\u00a0\u00bb\"}]},{\"@type\":\"WebSite\",\"@id\":\"https:\/\/www.public.sn\/#website\",\"url\":\"https:\/\/www.public.sn\/\",\"name\":\"LE PUBLIC\",\"description\":\"\",\"publisher\":{\"@id\":\"https:\/\/www.public.sn\/#organization\"},\"potentialAction\":[{\"@type\":\"SearchAction\",\"target\":{\"@type\":\"EntryPoint\",\"urlTemplate\":\"https:\/\/www.public.sn\/?s={search_term_string}\"},\"query-input\":{\"@type\":\"PropertyValueSpecification\",\"valueRequired\":true,\"valueName\":\"search_term_string\"}}],\"inLanguage\":\"fr-FR\"},{\"@type\":\"Organization\",\"@id\":\"https:\/\/www.public.sn\/#organization\",\"name\":\"LE PUBLIC\",\"url\":\"https:\/\/www.public.sn\/\",\"logo\":{\"@type\":\"ImageObject\",\"inLanguage\":\"fr-FR\",\"@id\":\"https:\/\/www.public.sn\/#\/schema\/logo\/image\/\",\"url\":\"https:\/\/www.public.sn\/wp-content\/uploads\/2024\/05\/cropped-LOGO-PUBLIC.SN_.png\",\"contentUrl\":\"https:\/\/www.public.sn\/wp-content\/uploads\/2024\/05\/cropped-LOGO-PUBLIC.SN_.png\",\"width\":682,\"height\":192,\"caption\":\"LE PUBLIC\"},\"image\":{\"@id\":\"https:\/\/www.public.sn\/#\/schema\/logo\/image\/\"}},{\"@type\":\"Person\",\"@id\":\"https:\/\/www.public.sn\/#\/schema\/person\/e3f4a11b037d4203902db148f9bc8d5a\",\"name\":\"LA REDACTION\",\"image\":{\"@type\":\"ImageObject\",\"inLanguage\":\"fr-FR\",\"@id\":\"https:\/\/www.public.sn\/#\/schema\/person\/image\/\",\"url\":\"https:\/\/secure.gravatar.com\/avatar\/d6c030db45db2883c075085c5d6c6258654a801a93766b49af0b82d4f454e2a5?s=96&d=mm&r=g\",\"contentUrl\":\"https:\/\/secure.gravatar.com\/avatar\/d6c030db45db2883c075085c5d6c6258654a801a93766b49af0b82d4f454e2a5?s=96&d=mm&r=g\",\"caption\":\"LA REDACTION\"},\"sameAs\":[\"http:\/\/www.public.sn\"],\"url\":\"https:\/\/www.public.sn\/index.php\/author\/admin7324\/\"}]}<\/script>\n<!-- \/ Yoast SEO plugin. -->","yoast_head_json":{"title":"Affaire Amy Ndiaye Gniby \/ Me Moussa Bald\u00e9 : \u00abLa d\u00e9mocratie, je pense, elle a \u00e9t\u00e9 invent\u00e9e pour \u00e9viter la violence politique.\u00a0\u00bb - LE PUBLIC","robots":{"index":"index","follow":"follow","max-snippet":"max-snippet:-1","max-image-preview":"max-image-preview:large","max-video-preview":"max-video-preview:-1"},"canonical":"https:\/\/www.public.sn\/index.php\/2022\/12\/04\/affaire-amy-ndiaye-gniby-me-moussa-balde-la-democratie-je-pense-elle-a-ete-inventee-pour-eviter-la-violence-politique\/","og_locale":"fr_FR","og_type":"article","og_title":"Affaire Amy Ndiaye Gniby \/ Me Moussa Bald\u00e9 : \u00abLa d\u00e9mocratie, je pense, elle a \u00e9t\u00e9 invent\u00e9e pour \u00e9viter la violence politique.\u00a0\u00bb - LE PUBLIC","og_description":"L&rsquo;affaire Amy Ndiaye Gniby continue de d\u00e9frayer la chronique au S\u00e9n\u00e9gal. Aux derni\u00e8res nouvelles, on nous annonce que la d\u00e9put\u00e9e Amy Ndiaye Gniby risque de perdre son b\u00e9b\u00e9. Invit\u00e9 de l\u2019\u00e9mission Jury du Dimanche, Moussa Bald\u00e9, ministre de l\u2019Enseignement sup\u00e9rieur, de la Recherche et de l\u2019Innovation, a regrett\u00e9 ce qui s\u2019est pass\u00e9 \u00e0 l\u2019Assembl\u00e9e nationale. \u00ab Nous le regrettons et nous la condamnons. La d\u00e9mocratie, je pense, elle a \u00e9t\u00e9 invent\u00e9e pour \u00e9viter la violence politique. Si malgr\u00e9 le fait qu\u2019on a la d\u00e9mocratie la violence continue, c\u2019est parce qu\u2019il y\u2019a un probl\u00e8me. Nous avons une Assembl\u00e9e qui semblait dire que c\u2019est une Assembl\u00e9e de rupture. La rupture est l\u00e0, mais pas dans le bon sens. Je pense que ce n\u2019est pas ce qu\u2019attendaient les s\u00e9n\u00e9galais. \u00c7a montre aussi les failles de la d\u00e9mocratie \u00bb, a d\u00e9clar\u00e9 le ministre sur ITV.","og_url":"https:\/\/www.public.sn\/index.php\/2022\/12\/04\/affaire-amy-ndiaye-gniby-me-moussa-balde-la-democratie-je-pense-elle-a-ete-inventee-pour-eviter-la-violence-politique\/","og_site_name":"LE PUBLIC","article_published_time":"2022-12-04T14:29:34+00:00","article_modified_time":"2022-12-04T14:29:35+00:00","og_image":[{"width":755,"height":449,"url":"https:\/\/www.public.sn\/wp-content\/uploads\/2022\/12\/Me-Moussa-Balde.jpg","type":"image\/jpeg"}],"author":"LA REDACTION","twitter_card":"summary_large_image","twitter_misc":{"\u00c9crit par":"LA REDACTION","Dur\u00e9e de lecture estim\u00e9e":"1 minute"},"schema":{"@context":"https:\/\/schema.org","@graph":[{"@type":"Article","@id":"https:\/\/www.public.sn\/index.php\/2022\/12\/04\/affaire-amy-ndiaye-gniby-me-moussa-balde-la-democratie-je-pense-elle-a-ete-inventee-pour-eviter-la-violence-politique\/#article","isPartOf":{"@id":"https:\/\/www.public.sn\/index.php\/2022\/12\/04\/affaire-amy-ndiaye-gniby-me-moussa-balde-la-democratie-je-pense-elle-a-ete-inventee-pour-eviter-la-violence-politique\/"},"author":{"name":"LA REDACTION","@id":"https:\/\/www.public.sn\/#\/schema\/person\/e3f4a11b037d4203902db148f9bc8d5a"},"headline":"Affaire Amy Ndiaye Gniby \/ Me Moussa Bald\u00e9 : \u00abLa d\u00e9mocratie, je pense, elle a \u00e9t\u00e9 invent\u00e9e pour \u00e9viter la violence politique.\u00a0\u00bb","datePublished":"2022-12-04T14:29:34+00:00","dateModified":"2022-12-04T14:29:35+00:00","mainEntityOfPage":{"@id":"https:\/\/www.public.sn\/index.php\/2022\/12\/04\/affaire-amy-ndiaye-gniby-me-moussa-balde-la-democratie-je-pense-elle-a-ete-inventee-pour-eviter-la-violence-politique\/"},"wordCount":191,"commentCount":0,"publisher":{"@id":"https:\/\/www.public.sn\/#organization"},"image":{"@id":"https:\/\/www.public.sn\/index.php\/2022\/12\/04\/affaire-amy-ndiaye-gniby-me-moussa-balde-la-democratie-je-pense-elle-a-ete-inventee-pour-eviter-la-violence-politique\/#primaryimage"},"thumbnailUrl":"https:\/\/www.public.sn\/wp-content\/uploads\/2022\/12\/Me-Moussa-Balde.jpg","keywords":["amy ndiaye","Me Moussa Bald\u00e9"],"articleSection":["ACTUALIT\u00c9S","POLITIQUE","S\u00c9N\u00c9GAL","VEDETTE","VIDEOS"],"inLanguage":"fr-FR","potentialAction":[{"@type":"CommentAction","name":"Comment","target":["https:\/\/www.public.sn\/index.php\/2022\/12\/04\/affaire-amy-ndiaye-gniby-me-moussa-balde-la-democratie-je-pense-elle-a-ete-inventee-pour-eviter-la-violence-politique\/#respond"]}]},{"@type":"WebPage","@id":"https:\/\/www.public.sn\/index.php\/2022\/12\/04\/affaire-amy-ndiaye-gniby-me-moussa-balde-la-democratie-je-pense-elle-a-ete-inventee-pour-eviter-la-violence-politique\/","url":"https:\/\/www.public.sn\/index.php\/2022\/12\/04\/affaire-amy-ndiaye-gniby-me-moussa-balde-la-democratie-je-pense-elle-a-ete-inventee-pour-eviter-la-violence-politique\/","name":"Affaire Amy Ndiaye Gniby \/ Me Moussa Bald\u00e9 : \u00abLa d\u00e9mocratie, je pense, elle a \u00e9t\u00e9 invent\u00e9e pour \u00e9viter la violence politique.\u00a0\u00bb - LE PUBLIC","isPartOf":{"@id":"https:\/\/www.public.sn\/#website"},"primaryImageOfPage":{"@id":"https:\/\/www.public.sn\/index.php\/2022\/12\/04\/affaire-amy-ndiaye-gniby-me-moussa-balde-la-democratie-je-pense-elle-a-ete-inventee-pour-eviter-la-violence-politique\/#primaryimage"},"image":{"@id":"https:\/\/www.public.sn\/index.php\/2022\/12\/04\/affaire-amy-ndiaye-gniby-me-moussa-balde-la-democratie-je-pense-elle-a-ete-inventee-pour-eviter-la-violence-politique\/#primaryimage"},"thumbnailUrl":"https:\/\/www.public.sn\/wp-content\/uploads\/2022\/12\/Me-Moussa-Balde.jpg","datePublished":"2022-12-04T14:29:34+00:00","dateModified":"2022-12-04T14:29:35+00:00","breadcrumb":{"@id":"https:\/\/www.public.sn\/index.php\/2022\/12\/04\/affaire-amy-ndiaye-gniby-me-moussa-balde-la-democratie-je-pense-elle-a-ete-inventee-pour-eviter-la-violence-politique\/#breadcrumb"},"inLanguage":"fr-FR","potentialAction":[{"@type":"ReadAction","target":["https:\/\/www.public.sn\/index.php\/2022\/12\/04\/affaire-amy-ndiaye-gniby-me-moussa-balde-la-democratie-je-pense-elle-a-ete-inventee-pour-eviter-la-violence-politique\/"]}]},{"@type":"ImageObject","inLanguage":"fr-FR","@id":"https:\/\/www.public.sn\/index.php\/2022\/12\/04\/affaire-amy-ndiaye-gniby-me-moussa-balde-la-democratie-je-pense-elle-a-ete-inventee-pour-eviter-la-violence-politique\/#primaryimage","url":"https:\/\/www.public.sn\/wp-content\/uploads\/2022\/12\/Me-Moussa-Balde.jpg","contentUrl":"https:\/\/www.public.sn\/wp-content\/uploads\/2022\/12\/Me-Moussa-Balde.jpg","width":755,"height":449},{"@type":"BreadcrumbList","@id":"https:\/\/www.public.sn\/index.php\/2022\/12\/04\/affaire-amy-ndiaye-gniby-me-moussa-balde-la-democratie-je-pense-elle-a-ete-inventee-pour-eviter-la-violence-politique\/#breadcrumb","itemListElement":[{"@type":"ListItem","position":1,"name":"Accueil","item":"https:\/\/www.public.sn\/"},{"@type":"ListItem","position":2,"name":"Affaire Amy Ndiaye Gniby \/ Me Moussa Bald\u00e9 : \u00abLa d\u00e9mocratie, je pense, elle a \u00e9t\u00e9 invent\u00e9e pour \u00e9viter la violence politique.\u00a0\u00bb"}]},{"@type":"WebSite","@id":"https:\/\/www.public.sn\/#website","url":"https:\/\/www.public.sn\/","name":"LE PUBLIC","description":"","publisher":{"@id":"https:\/\/www.public.sn\/#organization"},"potentialAction":[{"@type":"SearchAction","target":{"@type":"EntryPoint","urlTemplate":"https:\/\/www.public.sn\/?s={search_term_string}"},"query-input":{"@type":"PropertyValueSpecification","valueRequired":true,"valueName":"search_term_string"}}],"inLanguage":"fr-FR"},{"@type":"Organization","@id":"https:\/\/www.public.sn\/#organization","name":"LE PUBLIC","url":"https:\/\/www.public.sn\/","logo":{"@type":"ImageObject","inLanguage":"fr-FR","@id":"https:\/\/www.public.sn\/#\/schema\/logo\/image\/","url":"https:\/\/www.public.sn\/wp-content\/uploads\/2024\/05\/cropped-LOGO-PUBLIC.SN_.png","contentUrl":"https:\/\/www.public.sn\/wp-content\/uploads\/2024\/05\/cropped-LOGO-PUBLIC.SN_.png","width":682,"height":192,"caption":"LE PUBLIC"},"image":{"@id":"https:\/\/www.public.sn\/#\/schema\/logo\/image\/"}},{"@type":"Person","@id":"https:\/\/www.public.sn\/#\/schema\/person\/e3f4a11b037d4203902db148f9bc8d5a","name":"LA REDACTION","image":{"@type":"ImageObject","inLanguage":"fr-FR","@id":"https:\/\/www.public.sn\/#\/schema\/person\/image\/","url":"https:\/\/secure.gravatar.com\/avatar\/d6c030db45db2883c075085c5d6c6258654a801a93766b49af0b82d4f454e2a5?s=96&d=mm&r=g","contentUrl":"https:\/\/secure.gravatar.com\/avatar\/d6c030db45db2883c075085c5d6c6258654a801a93766b49af0b82d4f454e2a5?s=96&d=mm&r=g","caption":"LA REDACTION"},"sameAs":["http:\/\/www.public.sn"],"url":"https:\/\/www.public.sn\/index.php\/author\/admin7324\/"}]}},"jetpack_featured_media_url":"https:\/\/www.public.sn\/wp-content\/uploads\/2022\/12\/Me-Moussa-Balde.jpg","jetpack_sharing_enabled":true,"_links":{"self":[{"href":"https:\/\/www.public.sn\/index.php\/wp-json\/wp\/v2\/posts\/11028","targetHints":{"allow":["GET"]}}],"collection":[{"href":"https:\/\/www.public.sn\/index.php\/wp-json\/wp\/v2\/posts"}],"about":[{"href":"https:\/\/www.public.sn\/index.php\/wp-json\/wp\/v2\/types\/post"}],"author":[{"embeddable":true,"href":"https:\/\/www.public.sn\/index.php\/wp-json\/wp\/v2\/users\/1"}],"replies":[{"embeddable":true,"href":"https:\/\/www.public.sn\/index.php\/wp-json\/wp\/v2\/comments?post=11028"}],"version-history":[{"count":2,"href":"https:\/\/www.public.sn\/index.php\/wp-json\/wp\/v2\/posts\/11028\/revisions"}],"predecessor-version":[{"id":11031,"href":"https:\/\/www.public.sn\/index.php\/wp-json\/wp\/v2\/posts\/11028\/revisions\/11031"}],"wp:featuredmedia":[{"embeddable":true,"href":"https:\/\/www.public.sn\/index.php\/wp-json\/wp\/v2\/media\/11029"}],"wp:attachment":[{"href":"https:\/\/www.public.sn\/index.php\/wp-json\/wp\/v2\/media?parent=11028"}],"wp:term":[{"taxonomy":"category","embeddable":true,"href":"https:\/\/www.public.sn\/index.php\/wp-json\/wp\/v2\/categories?post=11028"},{"taxonomy":"post_tag","embeddable":true,"href":"https:\/\/www.public.sn\/index.php\/wp-json\/wp\/v2\/tags?post=11028"}],"curies":[{"name":"wp","href":"https:\/\/api.w.org\/{rel}","templated":true}]}}