{"id":11032,"date":"2022-12-04T14:41:51","date_gmt":"2022-12-04T14:41:51","guid":{"rendered":"https:\/\/www.public.sn\/?p=11032"},"modified":"2022-12-04T14:42:01","modified_gmt":"2022-12-04T14:42:01","slug":"a-yewwi-ils-violent-et-violentent-les-femmes-par-samuel-sarr","status":"publish","type":"post","link":"https:\/\/www.public.sn\/index.php\/2022\/12\/04\/a-yewwi-ils-violent-et-violentent-les-femmes-par-samuel-sarr\/","title":{"rendered":"\u00ab A Yewwi, ils violent et violentent les femmes \u00bb | (Par Samuel Sarr )"},"content":{"rendered":"<p>De quel probl\u00e8me souffrent-ils pour promouvoir et nourrir toute cette haine contre les femmes qu\u2019ils violent et violentent ? Alors qu\u2019on n\u2019a pas fini d\u2019\u00e9piloguer sur le viol d\u2019Adji SARR, ce s\u00e9nile d\u00e9put\u00e9, membre aussi de Yewwi frappe, comme dans un match de football, d\u2019un coup de pied brutal, cette m\u00e8re de famille qui serait en \u00e9tat de grossesse.<\/p><div class=\"publi-paragraphe1\" style=\"margin-top: 10px;margin-bottom: 10px;margin-left: auto;margin-right: auto;text-align: center;\" id=\"publi-843626038\"><div class=\"publi-adlabel\">Publicit\u00e9<\/div><script async src=\"\/\/pagead2.googlesyndication.com\/pagead\/js\/adsbygoogle.js?client=ca-pub-4089586018074219\" crossorigin=\"anonymous\"><\/script><ins class=\"adsbygoogle\" style=\"display:block;\" data-ad-client=\"ca-pub-4089586018074219\" \ndata-ad-slot=\"2087940154\" \ndata-ad-format=\"auto\"><\/ins>\n<script> \n(adsbygoogle = window.adsbygoogle || []).push({}); \n<\/script>\n<\/div>\n<p>Avait-il pens\u00e9 \u00e0 son \u00e9pouse ou \u00e0 sa s\u0153ur en faisant ce geste barbare dont les images ont fini de faire le tour du monde ? Cherchait-il volontairement \u00e0 interrompre la grossesse pour emp\u00eacher la naissance de ce futur s\u00e9n\u00e9galais ? Voir deux d\u00e9put\u00e9s s\u2019acharner contre une femme devant les cam\u00e9ras est l\u2019image qu\u2019on n\u2019aimerait pas voir au S\u00e9n\u00e9gal, un exemple de la d\u00e9mocratie et d\u2019Etat de droit.<\/p>\n<p>Aucune femme au monde ne m\u00e9rite ce traitement m\u00e9chant et d\u00e9shonorant dont les auteurs semblent \u00eatre des hommes d\u00e9s\u00e9quilibr\u00e9s sans c\u0153ur, de mauvais p\u00e8res de famille aussi.<\/p>\n<p>Une volont\u00e9 de r\u00e9primander la d\u00e9claration de Mme Amy Ndiaye sur Serigne Moustapha SY, ne pourrait justifier cette violence inacceptable et intol\u00e9rable contre une m\u00e8re de famille sans d\u00e9fense.<\/p>\n<p>Moustapha Sy est un leader de parti politique l\u00e9galement enregistr\u00e9 dans les livres du Minist\u00e8re de l\u2019Int\u00e9rieur. Sur le terrain politique, Monsieur Sy ne saurait se pr\u00e9valoir de son manteau de chef religieux. Il sera trait\u00e9 comme n\u2019importe quel chef de parti. On lui reconnait sa libert\u00e9 d\u2019expression qu\u2019il a toujours manifest\u00e9e \u00e0 sati\u00e9t\u00e9 et souvent d\u2019une virulence incendiaire, d\u2019un acharnement cibl\u00e9 contre les chefs d\u2019Etat Abdou DIOUF, Abdoulaye WADE et aujourd\u2019hui Macky SALL.<\/p>\n<p>Dans ses diatribes s\u00e9lectives, Monsieur SY n\u2019\u00e9pargne m\u00eame pas le V\u00e9n\u00e9r\u00e9 Khalife G\u00e9n\u00e9ral des Tidianes ni son d\u00e9funt V\u00e9n\u00e9r\u00e9 p\u00e8re Abdoul Aziz Al Amine qui ne sont pourtant pas dans l\u2019ar\u00e8ne politique.<\/p>\n<p>Lorsqu\u2019on s\u2019engage en politique, il faut accepter le retour des coups que l\u2019on donne aux autres. Le pr\u00e9sident Macky SALL ne perdrait pas son temps \u00e0 pol\u00e9miquer avec Monsieur SY. Mais d\u2019autres responsables de sa coalition qui ont fait de la d\u00e9fense de la R\u00e9publique leur mission, s\u2019en chargeront.<\/p>\n<p>Malgr\u00e9 tout, on se privera de rappeler toutes les d\u00e9clarations controvers\u00e9es de Monsieur Sy leader de \u00ab PUR \u00bb contre de hautes personnalit\u00e9s politiques et religieuses de ce pays. Ses affid\u00e9s militants ou disciples, devront s\u2019attendre \u00e0 des r\u00e9pliques ; puisque le terrain politique n\u2019est pas un salon de massage. C\u2019est un v\u00e9ritable ring.<\/p>\n<p>Le pr\u00e9sident Macky SALL n\u2019est pas Abdou DIOUF et il est diff\u00e9rent de Me Abdoulaye WADE. Et, Monsieur SY semble perdre de vue cet aspect autour du caract\u00e8re du pr\u00e9sident de la R\u00e9publique r\u00e9fractaire aux surench\u00e8res politiques.<\/p>\n<p>Par ailleurs, cette brutalit\u00e9 dont l\u2019honorable d\u00e9put\u00e9 Mme Amy NDIAYE a \u00e9t\u00e9 victime, contraste d\u2019avec les enseignements du V\u00e9n\u00e9r\u00e9 Serigne Cheikh Tidiane SY Al Makhtoum, un Grand \u00e9rudit doubl\u00e9 d\u2019un intellectuel respect\u00e9 dans toute la Ummah islamique et ailleurs. Le V\u00e9n\u00e9r\u00e9 Al Makhtoum nous a toujours rappel\u00e9 que l\u2019Islam accorde une place privil\u00e9gi\u00e9e \u00e0 la femme dans la soci\u00e9t\u00e9. Ce ne fut pas un simple discours pour lui. Dans ses pratiques de tous les jours, il nourrissait un grand respect pour la Femme : nos mamans, nos s\u0153urs, nos filles.<\/p>\n<p>Aucune soci\u00e9t\u00e9 civilis\u00e9e ne saurait tol\u00e9rer cette violence m\u00e9chante et sauvage de ces deux d\u00e9put\u00e9s de Yewwi \u00e0 l\u2019\u00e9gard de cette femme. Les d\u00e9rives s\u2019enchainent \u00e0 l\u2019Assembl\u00e9e nationale, depuis son ouverture le 12 Juillet 2022. L\u2019image d\u00e9gradante que ces d\u00e9put\u00e9s de l\u2019opposition renvoient au reste du monde n\u2019honore pas notre pays. Les d\u00e9put\u00e9s de Yewwi intellectuellement tr\u00e8s limit\u00e9s, brillent de par leur comportement malsain dans l\u2019h\u00e9micycle cr\u00e9ant un profond regret dans les rangs de leurs \u00e9lecteurs.<\/p>\n<p>Tous les d\u00e9mocrates de ce pays doivent condamner les agissements de Guy Marius Sagna, Barth\u00e9l\u00e9my Dias, Abass FALL et les autres qui pensent pouvoir prendre en otage ce pays par des actes de violence et de menace.<\/p>\n<p>Le peuple s\u00e9n\u00e9galais est tr\u00e8s mature. Et il est \u00e9vident que certains parmi leurs \u00e9lecteurs, ont d\u00e9j\u00e0 regrett\u00e9 d\u2019avoir vot\u00e9 pour la liste de Yewwi lors des l\u00e9gislatives et des locales. Car les personnes qu\u2019ils ont envoy\u00e9es leur repr\u00e9senter \u00e0 l\u2019Assembl\u00e9e nationale, ont fini de montrer de quoi ils sont capables.<\/p>\n<p>Le nom de votre coalition ne rime pas avec vos agissements de tous les jours, p\u00e9nalement r\u00e9pr\u00e9hensibles. Car, ce n\u2019est pas par le viol et la violence que vous arriverez \u00e0 Yewwi Askanwi.<\/p>\n<p>Par co\u00efncidence, c\u2019est au moment o\u00f9 les opposants agressaient cette femme que le pr\u00e9sident de la R\u00e9publique Macky SALL coupait le ruban pour ouvrir la nouvelle Universit\u00e9 Amadou Makhtar MBOW apr\u00e8s avoir d\u00e9ploy\u00e9 des moyens \u00e9normes pour soutenir les daaras. Cet homme a compris l\u2019importance de l\u2019\u00e9ducation de qualit\u00e9 qui manque \u00e0 cette opposition et \u00e0 ses leaders.<\/p>\n<p><strong>Monsieur Samuel SARR<\/strong><br \/>\n<strong>Ancien Ministre d\u2019Etat<\/strong><br \/>\n<strong>Pr\u00e9sident PLSS<\/strong><\/p>\n<div class=\"publi-apres-le-contenu\" style=\"margin-top: 10px;margin-bottom: 10px;margin-left: auto;margin-right: auto;text-align: center;\" id=\"publi-1988852031\"><div class=\"publi-adlabel\">Publicit\u00e9<\/div><script async src=\"\/\/pagead2.googlesyndication.com\/pagead\/js\/adsbygoogle.js?client=ca-pub-4089586018074219\" crossorigin=\"anonymous\"><\/script><ins class=\"adsbygoogle\" style=\"display:block;\" data-ad-client=\"ca-pub-4089586018074219\" \ndata-ad-slot=\"2087940154\" \ndata-ad-format=\"auto\"><\/ins>\n<script> \n(adsbygoogle = window.adsbygoogle || []).push({}); \n<\/script>\n<\/div>","protected":false},"excerpt":{"rendered":"<p>De quel probl\u00e8me souffrent-ils pour promouvoir et nourrir toute cette haine contre les femmes qu\u2019ils violent et violentent ? Alors qu\u2019on n\u2019a pas fini d\u2019\u00e9piloguer sur le viol d\u2019Adji SARR, ce s\u00e9nile d\u00e9put\u00e9, membre aussi de Yewwi frappe, comme dans un match de football, d\u2019un coup de pied brutal, cette m\u00e8re de famille qui serait en \u00e9tat de grossesse. Avait-il pens\u00e9 \u00e0 son \u00e9pouse ou \u00e0 sa s\u0153ur en faisant ce geste barbare dont les images ont fini de faire le tour du monde ? Cherchait-il volontairement \u00e0 interrompre la grossesse pour emp\u00eacher la naissance de ce futur s\u00e9n\u00e9galais ? Voir deux d\u00e9put\u00e9s s\u2019acharner contre une femme devant les cam\u00e9ras est l\u2019image qu\u2019on n\u2019aimerait pas voir au S\u00e9n\u00e9gal, un exemple de la d\u00e9mocratie et d\u2019Etat de droit. Aucune femme au monde ne m\u00e9rite ce traitement m\u00e9chant et d\u00e9shonorant dont les auteurs semblent \u00eatre des hommes d\u00e9s\u00e9quilibr\u00e9s sans c\u0153ur, de mauvais p\u00e8res de famille aussi. Une volont\u00e9 de r\u00e9primander la d\u00e9claration de Mme Amy Ndiaye sur Serigne Moustapha SY, ne pourrait justifier cette violence inacceptable et intol\u00e9rable contre une m\u00e8re de famille sans d\u00e9fense. Moustapha Sy est un leader de parti politique l\u00e9galement enregistr\u00e9 dans les livres du Minist\u00e8re de l\u2019Int\u00e9rieur. Sur le terrain politique, Monsieur Sy ne saurait se pr\u00e9valoir de son manteau de chef religieux. Il sera trait\u00e9 comme n\u2019importe quel chef de parti. On lui reconnait sa libert\u00e9 d\u2019expression qu\u2019il a toujours manifest\u00e9e \u00e0 sati\u00e9t\u00e9 et souvent d\u2019une virulence incendiaire, d\u2019un acharnement cibl\u00e9 contre les chefs d\u2019Etat Abdou DIOUF, Abdoulaye WADE et aujourd\u2019hui Macky SALL. Dans ses diatribes s\u00e9lectives, Monsieur SY n\u2019\u00e9pargne m\u00eame pas le V\u00e9n\u00e9r\u00e9 Khalife G\u00e9n\u00e9ral des Tidianes ni son d\u00e9funt V\u00e9n\u00e9r\u00e9 p\u00e8re Abdoul Aziz Al Amine qui ne sont pourtant pas dans l\u2019ar\u00e8ne politique. Lorsqu\u2019on s\u2019engage en politique, il faut accepter le retour des coups que l\u2019on donne aux autres. Le pr\u00e9sident Macky SALL ne perdrait pas son temps \u00e0 pol\u00e9miquer avec Monsieur SY. Mais d\u2019autres responsables de sa coalition qui ont fait de la d\u00e9fense de la R\u00e9publique leur mission, s\u2019en chargeront. Malgr\u00e9 tout, on se privera de rappeler toutes les d\u00e9clarations controvers\u00e9es de Monsieur Sy leader de \u00ab PUR \u00bb contre de hautes personnalit\u00e9s politiques et religieuses de ce pays. Ses affid\u00e9s militants ou disciples, devront s\u2019attendre \u00e0 des r\u00e9pliques ; puisque le terrain politique n\u2019est pas un salon de massage. C\u2019est un v\u00e9ritable ring. Le pr\u00e9sident Macky SALL n\u2019est pas Abdou DIOUF et il est diff\u00e9rent de Me Abdoulaye WADE. Et, Monsieur SY semble perdre de vue cet aspect autour du caract\u00e8re du pr\u00e9sident de la R\u00e9publique r\u00e9fractaire aux surench\u00e8res politiques. Par ailleurs, cette brutalit\u00e9 dont l\u2019honorable d\u00e9put\u00e9 Mme Amy NDIAYE a \u00e9t\u00e9 victime, contraste d\u2019avec les enseignements du V\u00e9n\u00e9r\u00e9 Serigne Cheikh Tidiane SY Al Makhtoum, un Grand \u00e9rudit doubl\u00e9 d\u2019un intellectuel respect\u00e9 dans toute la Ummah islamique et ailleurs. Le V\u00e9n\u00e9r\u00e9 Al Makhtoum nous a toujours rappel\u00e9 que l\u2019Islam accorde une place privil\u00e9gi\u00e9e \u00e0 la femme dans la soci\u00e9t\u00e9. Ce ne fut pas un simple discours pour lui. Dans ses pratiques de tous les jours, il nourrissait un grand respect pour la Femme : nos mamans, nos s\u0153urs, nos filles. Aucune soci\u00e9t\u00e9 civilis\u00e9e ne saurait tol\u00e9rer cette violence m\u00e9chante et sauvage de ces deux d\u00e9put\u00e9s de Yewwi \u00e0 l\u2019\u00e9gard de cette femme. Les d\u00e9rives s\u2019enchainent \u00e0 l\u2019Assembl\u00e9e nationale, depuis son ouverture le 12 Juillet 2022. L\u2019image d\u00e9gradante que ces d\u00e9put\u00e9s de l\u2019opposition renvoient au reste du monde n\u2019honore pas notre pays. Les d\u00e9put\u00e9s de Yewwi intellectuellement tr\u00e8s limit\u00e9s, brillent de par leur comportement malsain dans l\u2019h\u00e9micycle cr\u00e9ant un profond regret dans les rangs de leurs \u00e9lecteurs. Tous les d\u00e9mocrates de ce pays doivent condamner les agissements de Guy Marius Sagna, Barth\u00e9l\u00e9my Dias, Abass FALL et les autres qui pensent pouvoir prendre en otage ce pays par des actes de violence et de menace. Le peuple s\u00e9n\u00e9galais est tr\u00e8s mature. Et il est \u00e9vident que certains parmi leurs \u00e9lecteurs, ont d\u00e9j\u00e0 regrett\u00e9 d\u2019avoir vot\u00e9 pour la liste de Yewwi lors des l\u00e9gislatives et des locales. Car les personnes qu\u2019ils ont envoy\u00e9es leur repr\u00e9senter \u00e0 l\u2019Assembl\u00e9e nationale, ont fini de montrer de quoi ils sont capables. Le nom de votre coalition ne rime pas avec vos agissements de tous les jours, p\u00e9nalement r\u00e9pr\u00e9hensibles. Car, ce n\u2019est pas par le viol et la violence que vous arriverez \u00e0 Yewwi Askanwi. Par co\u00efncidence, c\u2019est au moment o\u00f9 les opposants agressaient cette femme que le pr\u00e9sident de la R\u00e9publique Macky SALL coupait le ruban pour ouvrir la nouvelle Universit\u00e9 Amadou Makhtar MBOW apr\u00e8s avoir d\u00e9ploy\u00e9 des moyens \u00e9normes pour soutenir les daaras. Cet homme a compris l\u2019importance de l\u2019\u00e9ducation de qualit\u00e9 qui manque \u00e0 cette opposition et \u00e0 ses leaders. Monsieur Samuel SARR Ancien Ministre d\u2019Etat Pr\u00e9sident PLSS<\/p>\n","protected":false},"author":1,"featured_media":11033,"comment_status":"open","ping_status":"open","sticky":false,"template":"","format":"standard","meta":{"_jetpack_memberships_contains_paid_content":false,"footnotes":""},"categories":[375,1575,3,1],"tags":[3621,3620,3271],"class_list":["post-11032","post","type-post","status-publish","format-standard","has-post-thumbnail","hentry","category-actualites","category-contributions","category-politique","category-non-classe","tag-amy-ndiaye-gniby","tag-samuel-sarr","tag-yewwi-askan-wi","entry","has-media","owp-thumbs-layout-horizontal","owp-btn-normal","owp-tabs-layout-horizontal","has-no-thumbnails","has-product-nav"],"yoast_head":"<!-- This site is optimized with the Yoast SEO plugin v25.5 - https:\/\/yoast.com\/wordpress\/plugins\/seo\/ -->\n<title>\u00ab A Yewwi, ils violent et violentent les femmes \u00bb | (Par Samuel Sarr ) - LE PUBLIC<\/title>\n<meta name=\"robots\" content=\"index, follow, max-snippet:-1, max-image-preview:large, max-video-preview:-1\" \/>\n<link rel=\"canonical\" href=\"https:\/\/www.public.sn\/index.php\/2022\/12\/04\/a-yewwi-ils-violent-et-violentent-les-femmes-par-samuel-sarr\/\" \/>\n<meta property=\"og:locale\" content=\"fr_FR\" \/>\n<meta property=\"og:type\" content=\"article\" \/>\n<meta property=\"og:title\" content=\"\u00ab A Yewwi, ils violent et violentent les femmes \u00bb | (Par Samuel Sarr ) - LE PUBLIC\" \/>\n<meta property=\"og:description\" content=\"De quel probl\u00e8me souffrent-ils pour promouvoir et nourrir toute cette haine contre les femmes qu\u2019ils violent et violentent ? Alors qu\u2019on n\u2019a pas fini d\u2019\u00e9piloguer sur le viol d\u2019Adji SARR, ce s\u00e9nile d\u00e9put\u00e9, membre aussi de Yewwi frappe, comme dans un match de football, d\u2019un coup de pied brutal, cette m\u00e8re de famille qui serait en \u00e9tat de grossesse. Avait-il pens\u00e9 \u00e0 son \u00e9pouse ou \u00e0 sa s\u0153ur en faisant ce geste barbare dont les images ont fini de faire le tour du monde ? Cherchait-il volontairement \u00e0 interrompre la grossesse pour emp\u00eacher la naissance de ce futur s\u00e9n\u00e9galais ? Voir deux d\u00e9put\u00e9s s\u2019acharner contre une femme devant les cam\u00e9ras est l\u2019image qu\u2019on n\u2019aimerait pas voir au S\u00e9n\u00e9gal, un exemple de la d\u00e9mocratie et d\u2019Etat de droit. Aucune femme au monde ne m\u00e9rite ce traitement m\u00e9chant et d\u00e9shonorant dont les auteurs semblent \u00eatre des hommes d\u00e9s\u00e9quilibr\u00e9s sans c\u0153ur, de mauvais p\u00e8res de famille aussi. Une volont\u00e9 de r\u00e9primander la d\u00e9claration de Mme Amy Ndiaye sur Serigne Moustapha SY, ne pourrait justifier cette violence inacceptable et intol\u00e9rable contre une m\u00e8re de famille sans d\u00e9fense. Moustapha Sy est un leader de parti politique l\u00e9galement enregistr\u00e9 dans les livres du Minist\u00e8re de l\u2019Int\u00e9rieur. Sur le terrain politique, Monsieur Sy ne saurait se pr\u00e9valoir de son manteau de chef religieux. Il sera trait\u00e9 comme n\u2019importe quel chef de parti. On lui reconnait sa libert\u00e9 d\u2019expression qu\u2019il a toujours manifest\u00e9e \u00e0 sati\u00e9t\u00e9 et souvent d\u2019une virulence incendiaire, d\u2019un acharnement cibl\u00e9 contre les chefs d\u2019Etat Abdou DIOUF, Abdoulaye WADE et aujourd\u2019hui Macky SALL. Dans ses diatribes s\u00e9lectives, Monsieur SY n\u2019\u00e9pargne m\u00eame pas le V\u00e9n\u00e9r\u00e9 Khalife G\u00e9n\u00e9ral des Tidianes ni son d\u00e9funt V\u00e9n\u00e9r\u00e9 p\u00e8re Abdoul Aziz Al Amine qui ne sont pourtant pas dans l\u2019ar\u00e8ne politique. Lorsqu\u2019on s\u2019engage en politique, il faut accepter le retour des coups que l\u2019on donne aux autres. Le pr\u00e9sident Macky SALL ne perdrait pas son temps \u00e0 pol\u00e9miquer avec Monsieur SY. Mais d\u2019autres responsables de sa coalition qui ont fait de la d\u00e9fense de la R\u00e9publique leur mission, s\u2019en chargeront. Malgr\u00e9 tout, on se privera de rappeler toutes les d\u00e9clarations controvers\u00e9es de Monsieur Sy leader de \u00ab PUR \u00bb contre de hautes personnalit\u00e9s politiques et religieuses de ce pays. Ses affid\u00e9s militants ou disciples, devront s\u2019attendre \u00e0 des r\u00e9pliques ; puisque le terrain politique n\u2019est pas un salon de massage. C\u2019est un v\u00e9ritable ring. Le pr\u00e9sident Macky SALL n\u2019est pas Abdou DIOUF et il est diff\u00e9rent de Me Abdoulaye WADE. Et, Monsieur SY semble perdre de vue cet aspect autour du caract\u00e8re du pr\u00e9sident de la R\u00e9publique r\u00e9fractaire aux surench\u00e8res politiques. Par ailleurs, cette brutalit\u00e9 dont l\u2019honorable d\u00e9put\u00e9 Mme Amy NDIAYE a \u00e9t\u00e9 victime, contraste d\u2019avec les enseignements du V\u00e9n\u00e9r\u00e9 Serigne Cheikh Tidiane SY Al Makhtoum, un Grand \u00e9rudit doubl\u00e9 d\u2019un intellectuel respect\u00e9 dans toute la Ummah islamique et ailleurs. Le V\u00e9n\u00e9r\u00e9 Al Makhtoum nous a toujours rappel\u00e9 que l\u2019Islam accorde une place privil\u00e9gi\u00e9e \u00e0 la femme dans la soci\u00e9t\u00e9. Ce ne fut pas un simple discours pour lui. Dans ses pratiques de tous les jours, il nourrissait un grand respect pour la Femme : nos mamans, nos s\u0153urs, nos filles. Aucune soci\u00e9t\u00e9 civilis\u00e9e ne saurait tol\u00e9rer cette violence m\u00e9chante et sauvage de ces deux d\u00e9put\u00e9s de Yewwi \u00e0 l\u2019\u00e9gard de cette femme. Les d\u00e9rives s\u2019enchainent \u00e0 l\u2019Assembl\u00e9e nationale, depuis son ouverture le 12 Juillet 2022. L\u2019image d\u00e9gradante que ces d\u00e9put\u00e9s de l\u2019opposition renvoient au reste du monde n\u2019honore pas notre pays. Les d\u00e9put\u00e9s de Yewwi intellectuellement tr\u00e8s limit\u00e9s, brillent de par leur comportement malsain dans l\u2019h\u00e9micycle cr\u00e9ant un profond regret dans les rangs de leurs \u00e9lecteurs. Tous les d\u00e9mocrates de ce pays doivent condamner les agissements de Guy Marius Sagna, Barth\u00e9l\u00e9my Dias, Abass FALL et les autres qui pensent pouvoir prendre en otage ce pays par des actes de violence et de menace. Le peuple s\u00e9n\u00e9galais est tr\u00e8s mature. Et il est \u00e9vident que certains parmi leurs \u00e9lecteurs, ont d\u00e9j\u00e0 regrett\u00e9 d\u2019avoir vot\u00e9 pour la liste de Yewwi lors des l\u00e9gislatives et des locales. Car les personnes qu\u2019ils ont envoy\u00e9es leur repr\u00e9senter \u00e0 l\u2019Assembl\u00e9e nationale, ont fini de montrer de quoi ils sont capables. Le nom de votre coalition ne rime pas avec vos agissements de tous les jours, p\u00e9nalement r\u00e9pr\u00e9hensibles. Car, ce n\u2019est pas par le viol et la violence que vous arriverez \u00e0 Yewwi Askanwi. Par co\u00efncidence, c\u2019est au moment o\u00f9 les opposants agressaient cette femme que le pr\u00e9sident de la R\u00e9publique Macky SALL coupait le ruban pour ouvrir la nouvelle Universit\u00e9 Amadou Makhtar MBOW apr\u00e8s avoir d\u00e9ploy\u00e9 des moyens \u00e9normes pour soutenir les daaras. Cet homme a compris l\u2019importance de l\u2019\u00e9ducation de qualit\u00e9 qui manque \u00e0 cette opposition et \u00e0 ses leaders. Monsieur Samuel SARR Ancien Ministre d\u2019Etat Pr\u00e9sident PLSS\" \/>\n<meta property=\"og:url\" content=\"https:\/\/www.public.sn\/index.php\/2022\/12\/04\/a-yewwi-ils-violent-et-violentent-les-femmes-par-samuel-sarr\/\" \/>\n<meta property=\"og:site_name\" content=\"LE PUBLIC\" \/>\n<meta property=\"article:published_time\" content=\"2022-12-04T14:41:51+00:00\" \/>\n<meta property=\"article:modified_time\" content=\"2022-12-04T14:42:01+00:00\" \/>\n<meta property=\"og:image\" content=\"https:\/\/www.public.sn\/wp-content\/uploads\/2022\/12\/samuel-sarr.png\" \/>\n\t<meta property=\"og:image:width\" content=\"1402\" \/>\n\t<meta property=\"og:image:height\" content=\"846\" \/>\n\t<meta property=\"og:image:type\" content=\"image\/png\" \/>\n<meta name=\"author\" content=\"LA REDACTION\" \/>\n<meta name=\"twitter:card\" content=\"summary_large_image\" \/>\n<meta name=\"twitter:label1\" content=\"\u00c9crit par\" \/>\n\t<meta name=\"twitter:data1\" content=\"LA REDACTION\" \/>\n\t<meta name=\"twitter:label2\" content=\"Dur\u00e9e de lecture estim\u00e9e\" \/>\n\t<meta name=\"twitter:data2\" content=\"4 minutes\" \/>\n<script type=\"application\/ld+json\" class=\"yoast-schema-graph\">{\"@context\":\"https:\/\/schema.org\",\"@graph\":[{\"@type\":\"Article\",\"@id\":\"https:\/\/www.public.sn\/index.php\/2022\/12\/04\/a-yewwi-ils-violent-et-violentent-les-femmes-par-samuel-sarr\/#article\",\"isPartOf\":{\"@id\":\"https:\/\/www.public.sn\/index.php\/2022\/12\/04\/a-yewwi-ils-violent-et-violentent-les-femmes-par-samuel-sarr\/\"},\"author\":{\"name\":\"LA REDACTION\",\"@id\":\"https:\/\/www.public.sn\/#\/schema\/person\/e3f4a11b037d4203902db148f9bc8d5a\"},\"headline\":\"\u00ab A Yewwi, ils violent et violentent les femmes \u00bb | (Par Samuel Sarr )\",\"datePublished\":\"2022-12-04T14:41:51+00:00\",\"dateModified\":\"2022-12-04T14:42:01+00:00\",\"mainEntityOfPage\":{\"@id\":\"https:\/\/www.public.sn\/index.php\/2022\/12\/04\/a-yewwi-ils-violent-et-violentent-les-femmes-par-samuel-sarr\/\"},\"wordCount\":927,\"commentCount\":0,\"publisher\":{\"@id\":\"https:\/\/www.public.sn\/#organization\"},\"image\":{\"@id\":\"https:\/\/www.public.sn\/index.php\/2022\/12\/04\/a-yewwi-ils-violent-et-violentent-les-femmes-par-samuel-sarr\/#primaryimage\"},\"thumbnailUrl\":\"https:\/\/www.public.sn\/wp-content\/uploads\/2022\/12\/samuel-sarr.png\",\"keywords\":[\"Amy Ndiaye Gniby\",\"Samuel Sarr\",\"yewwi askan wi\"],\"articleSection\":[\"ACTUALIT\u00c9S\",\"CONTRIBUTIONS\",\"POLITIQUE\",\"S\u00c9N\u00c9GAL\"],\"inLanguage\":\"fr-FR\",\"potentialAction\":[{\"@type\":\"CommentAction\",\"name\":\"Comment\",\"target\":[\"https:\/\/www.public.sn\/index.php\/2022\/12\/04\/a-yewwi-ils-violent-et-violentent-les-femmes-par-samuel-sarr\/#respond\"]}]},{\"@type\":\"WebPage\",\"@id\":\"https:\/\/www.public.sn\/index.php\/2022\/12\/04\/a-yewwi-ils-violent-et-violentent-les-femmes-par-samuel-sarr\/\",\"url\":\"https:\/\/www.public.sn\/index.php\/2022\/12\/04\/a-yewwi-ils-violent-et-violentent-les-femmes-par-samuel-sarr\/\",\"name\":\"\u00ab A Yewwi, ils violent et violentent les femmes \u00bb | (Par Samuel Sarr ) - LE PUBLIC\",\"isPartOf\":{\"@id\":\"https:\/\/www.public.sn\/#website\"},\"primaryImageOfPage\":{\"@id\":\"https:\/\/www.public.sn\/index.php\/2022\/12\/04\/a-yewwi-ils-violent-et-violentent-les-femmes-par-samuel-sarr\/#primaryimage\"},\"image\":{\"@id\":\"https:\/\/www.public.sn\/index.php\/2022\/12\/04\/a-yewwi-ils-violent-et-violentent-les-femmes-par-samuel-sarr\/#primaryimage\"},\"thumbnailUrl\":\"https:\/\/www.public.sn\/wp-content\/uploads\/2022\/12\/samuel-sarr.png\",\"datePublished\":\"2022-12-04T14:41:51+00:00\",\"dateModified\":\"2022-12-04T14:42:01+00:00\",\"breadcrumb\":{\"@id\":\"https:\/\/www.public.sn\/index.php\/2022\/12\/04\/a-yewwi-ils-violent-et-violentent-les-femmes-par-samuel-sarr\/#breadcrumb\"},\"inLanguage\":\"fr-FR\",\"potentialAction\":[{\"@type\":\"ReadAction\",\"target\":[\"https:\/\/www.public.sn\/index.php\/2022\/12\/04\/a-yewwi-ils-violent-et-violentent-les-femmes-par-samuel-sarr\/\"]}]},{\"@type\":\"ImageObject\",\"inLanguage\":\"fr-FR\",\"@id\":\"https:\/\/www.public.sn\/index.php\/2022\/12\/04\/a-yewwi-ils-violent-et-violentent-les-femmes-par-samuel-sarr\/#primaryimage\",\"url\":\"https:\/\/www.public.sn\/wp-content\/uploads\/2022\/12\/samuel-sarr.png\",\"contentUrl\":\"https:\/\/www.public.sn\/wp-content\/uploads\/2022\/12\/samuel-sarr.png\",\"width\":1402,\"height\":846},{\"@type\":\"BreadcrumbList\",\"@id\":\"https:\/\/www.public.sn\/index.php\/2022\/12\/04\/a-yewwi-ils-violent-et-violentent-les-femmes-par-samuel-sarr\/#breadcrumb\",\"itemListElement\":[{\"@type\":\"ListItem\",\"position\":1,\"name\":\"Accueil\",\"item\":\"https:\/\/www.public.sn\/\"},{\"@type\":\"ListItem\",\"position\":2,\"name\":\"\u00ab A Yewwi, ils violent et violentent les femmes \u00bb | (Par Samuel Sarr )\"}]},{\"@type\":\"WebSite\",\"@id\":\"https:\/\/www.public.sn\/#website\",\"url\":\"https:\/\/www.public.sn\/\",\"name\":\"LE PUBLIC\",\"description\":\"\",\"publisher\":{\"@id\":\"https:\/\/www.public.sn\/#organization\"},\"potentialAction\":[{\"@type\":\"SearchAction\",\"target\":{\"@type\":\"EntryPoint\",\"urlTemplate\":\"https:\/\/www.public.sn\/?s={search_term_string}\"},\"query-input\":{\"@type\":\"PropertyValueSpecification\",\"valueRequired\":true,\"valueName\":\"search_term_string\"}}],\"inLanguage\":\"fr-FR\"},{\"@type\":\"Organization\",\"@id\":\"https:\/\/www.public.sn\/#organization\",\"name\":\"LE PUBLIC\",\"url\":\"https:\/\/www.public.sn\/\",\"logo\":{\"@type\":\"ImageObject\",\"inLanguage\":\"fr-FR\",\"@id\":\"https:\/\/www.public.sn\/#\/schema\/logo\/image\/\",\"url\":\"https:\/\/www.public.sn\/wp-content\/uploads\/2024\/05\/cropped-LOGO-PUBLIC.SN_.png\",\"contentUrl\":\"https:\/\/www.public.sn\/wp-content\/uploads\/2024\/05\/cropped-LOGO-PUBLIC.SN_.png\",\"width\":682,\"height\":192,\"caption\":\"LE PUBLIC\"},\"image\":{\"@id\":\"https:\/\/www.public.sn\/#\/schema\/logo\/image\/\"}},{\"@type\":\"Person\",\"@id\":\"https:\/\/www.public.sn\/#\/schema\/person\/e3f4a11b037d4203902db148f9bc8d5a\",\"name\":\"LA REDACTION\",\"image\":{\"@type\":\"ImageObject\",\"inLanguage\":\"fr-FR\",\"@id\":\"https:\/\/www.public.sn\/#\/schema\/person\/image\/\",\"url\":\"https:\/\/secure.gravatar.com\/avatar\/d6c030db45db2883c075085c5d6c6258654a801a93766b49af0b82d4f454e2a5?s=96&d=mm&r=g\",\"contentUrl\":\"https:\/\/secure.gravatar.com\/avatar\/d6c030db45db2883c075085c5d6c6258654a801a93766b49af0b82d4f454e2a5?s=96&d=mm&r=g\",\"caption\":\"LA REDACTION\"},\"sameAs\":[\"http:\/\/www.public.sn\"],\"url\":\"https:\/\/www.public.sn\/index.php\/author\/admin7324\/\"}]}<\/script>\n<!-- \/ Yoast SEO plugin. -->","yoast_head_json":{"title":"\u00ab A Yewwi, ils violent et violentent les femmes \u00bb | (Par Samuel Sarr ) - LE PUBLIC","robots":{"index":"index","follow":"follow","max-snippet":"max-snippet:-1","max-image-preview":"max-image-preview:large","max-video-preview":"max-video-preview:-1"},"canonical":"https:\/\/www.public.sn\/index.php\/2022\/12\/04\/a-yewwi-ils-violent-et-violentent-les-femmes-par-samuel-sarr\/","og_locale":"fr_FR","og_type":"article","og_title":"\u00ab A Yewwi, ils violent et violentent les femmes \u00bb | (Par Samuel Sarr ) - LE PUBLIC","og_description":"De quel probl\u00e8me souffrent-ils pour promouvoir et nourrir toute cette haine contre les femmes qu\u2019ils violent et violentent ? Alors qu\u2019on n\u2019a pas fini d\u2019\u00e9piloguer sur le viol d\u2019Adji SARR, ce s\u00e9nile d\u00e9put\u00e9, membre aussi de Yewwi frappe, comme dans un match de football, d\u2019un coup de pied brutal, cette m\u00e8re de famille qui serait en \u00e9tat de grossesse. Avait-il pens\u00e9 \u00e0 son \u00e9pouse ou \u00e0 sa s\u0153ur en faisant ce geste barbare dont les images ont fini de faire le tour du monde ? Cherchait-il volontairement \u00e0 interrompre la grossesse pour emp\u00eacher la naissance de ce futur s\u00e9n\u00e9galais ? Voir deux d\u00e9put\u00e9s s\u2019acharner contre une femme devant les cam\u00e9ras est l\u2019image qu\u2019on n\u2019aimerait pas voir au S\u00e9n\u00e9gal, un exemple de la d\u00e9mocratie et d\u2019Etat de droit. Aucune femme au monde ne m\u00e9rite ce traitement m\u00e9chant et d\u00e9shonorant dont les auteurs semblent \u00eatre des hommes d\u00e9s\u00e9quilibr\u00e9s sans c\u0153ur, de mauvais p\u00e8res de famille aussi. Une volont\u00e9 de r\u00e9primander la d\u00e9claration de Mme Amy Ndiaye sur Serigne Moustapha SY, ne pourrait justifier cette violence inacceptable et intol\u00e9rable contre une m\u00e8re de famille sans d\u00e9fense. Moustapha Sy est un leader de parti politique l\u00e9galement enregistr\u00e9 dans les livres du Minist\u00e8re de l\u2019Int\u00e9rieur. Sur le terrain politique, Monsieur Sy ne saurait se pr\u00e9valoir de son manteau de chef religieux. Il sera trait\u00e9 comme n\u2019importe quel chef de parti. On lui reconnait sa libert\u00e9 d\u2019expression qu\u2019il a toujours manifest\u00e9e \u00e0 sati\u00e9t\u00e9 et souvent d\u2019une virulence incendiaire, d\u2019un acharnement cibl\u00e9 contre les chefs d\u2019Etat Abdou DIOUF, Abdoulaye WADE et aujourd\u2019hui Macky SALL. Dans ses diatribes s\u00e9lectives, Monsieur SY n\u2019\u00e9pargne m\u00eame pas le V\u00e9n\u00e9r\u00e9 Khalife G\u00e9n\u00e9ral des Tidianes ni son d\u00e9funt V\u00e9n\u00e9r\u00e9 p\u00e8re Abdoul Aziz Al Amine qui ne sont pourtant pas dans l\u2019ar\u00e8ne politique. Lorsqu\u2019on s\u2019engage en politique, il faut accepter le retour des coups que l\u2019on donne aux autres. Le pr\u00e9sident Macky SALL ne perdrait pas son temps \u00e0 pol\u00e9miquer avec Monsieur SY. Mais d\u2019autres responsables de sa coalition qui ont fait de la d\u00e9fense de la R\u00e9publique leur mission, s\u2019en chargeront. Malgr\u00e9 tout, on se privera de rappeler toutes les d\u00e9clarations controvers\u00e9es de Monsieur Sy leader de \u00ab PUR \u00bb contre de hautes personnalit\u00e9s politiques et religieuses de ce pays. Ses affid\u00e9s militants ou disciples, devront s\u2019attendre \u00e0 des r\u00e9pliques ; puisque le terrain politique n\u2019est pas un salon de massage. C\u2019est un v\u00e9ritable ring. Le pr\u00e9sident Macky SALL n\u2019est pas Abdou DIOUF et il est diff\u00e9rent de Me Abdoulaye WADE. Et, Monsieur SY semble perdre de vue cet aspect autour du caract\u00e8re du pr\u00e9sident de la R\u00e9publique r\u00e9fractaire aux surench\u00e8res politiques. Par ailleurs, cette brutalit\u00e9 dont l\u2019honorable d\u00e9put\u00e9 Mme Amy NDIAYE a \u00e9t\u00e9 victime, contraste d\u2019avec les enseignements du V\u00e9n\u00e9r\u00e9 Serigne Cheikh Tidiane SY Al Makhtoum, un Grand \u00e9rudit doubl\u00e9 d\u2019un intellectuel respect\u00e9 dans toute la Ummah islamique et ailleurs. Le V\u00e9n\u00e9r\u00e9 Al Makhtoum nous a toujours rappel\u00e9 que l\u2019Islam accorde une place privil\u00e9gi\u00e9e \u00e0 la femme dans la soci\u00e9t\u00e9. Ce ne fut pas un simple discours pour lui. Dans ses pratiques de tous les jours, il nourrissait un grand respect pour la Femme : nos mamans, nos s\u0153urs, nos filles. Aucune soci\u00e9t\u00e9 civilis\u00e9e ne saurait tol\u00e9rer cette violence m\u00e9chante et sauvage de ces deux d\u00e9put\u00e9s de Yewwi \u00e0 l\u2019\u00e9gard de cette femme. Les d\u00e9rives s\u2019enchainent \u00e0 l\u2019Assembl\u00e9e nationale, depuis son ouverture le 12 Juillet 2022. L\u2019image d\u00e9gradante que ces d\u00e9put\u00e9s de l\u2019opposition renvoient au reste du monde n\u2019honore pas notre pays. Les d\u00e9put\u00e9s de Yewwi intellectuellement tr\u00e8s limit\u00e9s, brillent de par leur comportement malsain dans l\u2019h\u00e9micycle cr\u00e9ant un profond regret dans les rangs de leurs \u00e9lecteurs. Tous les d\u00e9mocrates de ce pays doivent condamner les agissements de Guy Marius Sagna, Barth\u00e9l\u00e9my Dias, Abass FALL et les autres qui pensent pouvoir prendre en otage ce pays par des actes de violence et de menace. Le peuple s\u00e9n\u00e9galais est tr\u00e8s mature. Et il est \u00e9vident que certains parmi leurs \u00e9lecteurs, ont d\u00e9j\u00e0 regrett\u00e9 d\u2019avoir vot\u00e9 pour la liste de Yewwi lors des l\u00e9gislatives et des locales. Car les personnes qu\u2019ils ont envoy\u00e9es leur repr\u00e9senter \u00e0 l\u2019Assembl\u00e9e nationale, ont fini de montrer de quoi ils sont capables. Le nom de votre coalition ne rime pas avec vos agissements de tous les jours, p\u00e9nalement r\u00e9pr\u00e9hensibles. Car, ce n\u2019est pas par le viol et la violence que vous arriverez \u00e0 Yewwi Askanwi. Par co\u00efncidence, c\u2019est au moment o\u00f9 les opposants agressaient cette femme que le pr\u00e9sident de la R\u00e9publique Macky SALL coupait le ruban pour ouvrir la nouvelle Universit\u00e9 Amadou Makhtar MBOW apr\u00e8s avoir d\u00e9ploy\u00e9 des moyens \u00e9normes pour soutenir les daaras. Cet homme a compris l\u2019importance de l\u2019\u00e9ducation de qualit\u00e9 qui manque \u00e0 cette opposition et \u00e0 ses leaders. Monsieur Samuel SARR Ancien Ministre d\u2019Etat Pr\u00e9sident PLSS","og_url":"https:\/\/www.public.sn\/index.php\/2022\/12\/04\/a-yewwi-ils-violent-et-violentent-les-femmes-par-samuel-sarr\/","og_site_name":"LE PUBLIC","article_published_time":"2022-12-04T14:41:51+00:00","article_modified_time":"2022-12-04T14:42:01+00:00","og_image":[{"width":1402,"height":846,"url":"https:\/\/www.public.sn\/wp-content\/uploads\/2022\/12\/samuel-sarr.png","type":"image\/png"}],"author":"LA REDACTION","twitter_card":"summary_large_image","twitter_misc":{"\u00c9crit par":"LA REDACTION","Dur\u00e9e de lecture estim\u00e9e":"4 minutes"},"schema":{"@context":"https:\/\/schema.org","@graph":[{"@type":"Article","@id":"https:\/\/www.public.sn\/index.php\/2022\/12\/04\/a-yewwi-ils-violent-et-violentent-les-femmes-par-samuel-sarr\/#article","isPartOf":{"@id":"https:\/\/www.public.sn\/index.php\/2022\/12\/04\/a-yewwi-ils-violent-et-violentent-les-femmes-par-samuel-sarr\/"},"author":{"name":"LA REDACTION","@id":"https:\/\/www.public.sn\/#\/schema\/person\/e3f4a11b037d4203902db148f9bc8d5a"},"headline":"\u00ab A Yewwi, ils violent et violentent les femmes \u00bb | (Par Samuel Sarr )","datePublished":"2022-12-04T14:41:51+00:00","dateModified":"2022-12-04T14:42:01+00:00","mainEntityOfPage":{"@id":"https:\/\/www.public.sn\/index.php\/2022\/12\/04\/a-yewwi-ils-violent-et-violentent-les-femmes-par-samuel-sarr\/"},"wordCount":927,"commentCount":0,"publisher":{"@id":"https:\/\/www.public.sn\/#organization"},"image":{"@id":"https:\/\/www.public.sn\/index.php\/2022\/12\/04\/a-yewwi-ils-violent-et-violentent-les-femmes-par-samuel-sarr\/#primaryimage"},"thumbnailUrl":"https:\/\/www.public.sn\/wp-content\/uploads\/2022\/12\/samuel-sarr.png","keywords":["Amy Ndiaye Gniby","Samuel Sarr","yewwi askan wi"],"articleSection":["ACTUALIT\u00c9S","CONTRIBUTIONS","POLITIQUE","S\u00c9N\u00c9GAL"],"inLanguage":"fr-FR","potentialAction":[{"@type":"CommentAction","name":"Comment","target":["https:\/\/www.public.sn\/index.php\/2022\/12\/04\/a-yewwi-ils-violent-et-violentent-les-femmes-par-samuel-sarr\/#respond"]}]},{"@type":"WebPage","@id":"https:\/\/www.public.sn\/index.php\/2022\/12\/04\/a-yewwi-ils-violent-et-violentent-les-femmes-par-samuel-sarr\/","url":"https:\/\/www.public.sn\/index.php\/2022\/12\/04\/a-yewwi-ils-violent-et-violentent-les-femmes-par-samuel-sarr\/","name":"\u00ab A Yewwi, ils violent et violentent les femmes \u00bb | (Par Samuel Sarr ) - LE PUBLIC","isPartOf":{"@id":"https:\/\/www.public.sn\/#website"},"primaryImageOfPage":{"@id":"https:\/\/www.public.sn\/index.php\/2022\/12\/04\/a-yewwi-ils-violent-et-violentent-les-femmes-par-samuel-sarr\/#primaryimage"},"image":{"@id":"https:\/\/www.public.sn\/index.php\/2022\/12\/04\/a-yewwi-ils-violent-et-violentent-les-femmes-par-samuel-sarr\/#primaryimage"},"thumbnailUrl":"https:\/\/www.public.sn\/wp-content\/uploads\/2022\/12\/samuel-sarr.png","datePublished":"2022-12-04T14:41:51+00:00","dateModified":"2022-12-04T14:42:01+00:00","breadcrumb":{"@id":"https:\/\/www.public.sn\/index.php\/2022\/12\/04\/a-yewwi-ils-violent-et-violentent-les-femmes-par-samuel-sarr\/#breadcrumb"},"inLanguage":"fr-FR","potentialAction":[{"@type":"ReadAction","target":["https:\/\/www.public.sn\/index.php\/2022\/12\/04\/a-yewwi-ils-violent-et-violentent-les-femmes-par-samuel-sarr\/"]}]},{"@type":"ImageObject","inLanguage":"fr-FR","@id":"https:\/\/www.public.sn\/index.php\/2022\/12\/04\/a-yewwi-ils-violent-et-violentent-les-femmes-par-samuel-sarr\/#primaryimage","url":"https:\/\/www.public.sn\/wp-content\/uploads\/2022\/12\/samuel-sarr.png","contentUrl":"https:\/\/www.public.sn\/wp-content\/uploads\/2022\/12\/samuel-sarr.png","width":1402,"height":846},{"@type":"BreadcrumbList","@id":"https:\/\/www.public.sn\/index.php\/2022\/12\/04\/a-yewwi-ils-violent-et-violentent-les-femmes-par-samuel-sarr\/#breadcrumb","itemListElement":[{"@type":"ListItem","position":1,"name":"Accueil","item":"https:\/\/www.public.sn\/"},{"@type":"ListItem","position":2,"name":"\u00ab A Yewwi, ils violent et violentent les femmes \u00bb | (Par Samuel Sarr )"}]},{"@type":"WebSite","@id":"https:\/\/www.public.sn\/#website","url":"https:\/\/www.public.sn\/","name":"LE PUBLIC","description":"","publisher":{"@id":"https:\/\/www.public.sn\/#organization"},"potentialAction":[{"@type":"SearchAction","target":{"@type":"EntryPoint","urlTemplate":"https:\/\/www.public.sn\/?s={search_term_string}"},"query-input":{"@type":"PropertyValueSpecification","valueRequired":true,"valueName":"search_term_string"}}],"inLanguage":"fr-FR"},{"@type":"Organization","@id":"https:\/\/www.public.sn\/#organization","name":"LE PUBLIC","url":"https:\/\/www.public.sn\/","logo":{"@type":"ImageObject","inLanguage":"fr-FR","@id":"https:\/\/www.public.sn\/#\/schema\/logo\/image\/","url":"https:\/\/www.public.sn\/wp-content\/uploads\/2024\/05\/cropped-LOGO-PUBLIC.SN_.png","contentUrl":"https:\/\/www.public.sn\/wp-content\/uploads\/2024\/05\/cropped-LOGO-PUBLIC.SN_.png","width":682,"height":192,"caption":"LE PUBLIC"},"image":{"@id":"https:\/\/www.public.sn\/#\/schema\/logo\/image\/"}},{"@type":"Person","@id":"https:\/\/www.public.sn\/#\/schema\/person\/e3f4a11b037d4203902db148f9bc8d5a","name":"LA REDACTION","image":{"@type":"ImageObject","inLanguage":"fr-FR","@id":"https:\/\/www.public.sn\/#\/schema\/person\/image\/","url":"https:\/\/secure.gravatar.com\/avatar\/d6c030db45db2883c075085c5d6c6258654a801a93766b49af0b82d4f454e2a5?s=96&d=mm&r=g","contentUrl":"https:\/\/secure.gravatar.com\/avatar\/d6c030db45db2883c075085c5d6c6258654a801a93766b49af0b82d4f454e2a5?s=96&d=mm&r=g","caption":"LA REDACTION"},"sameAs":["http:\/\/www.public.sn"],"url":"https:\/\/www.public.sn\/index.php\/author\/admin7324\/"}]}},"jetpack_featured_media_url":"https:\/\/www.public.sn\/wp-content\/uploads\/2022\/12\/samuel-sarr.png","jetpack_sharing_enabled":true,"_links":{"self":[{"href":"https:\/\/www.public.sn\/index.php\/wp-json\/wp\/v2\/posts\/11032","targetHints":{"allow":["GET"]}}],"collection":[{"href":"https:\/\/www.public.sn\/index.php\/wp-json\/wp\/v2\/posts"}],"about":[{"href":"https:\/\/www.public.sn\/index.php\/wp-json\/wp\/v2\/types\/post"}],"author":[{"embeddable":true,"href":"https:\/\/www.public.sn\/index.php\/wp-json\/wp\/v2\/users\/1"}],"replies":[{"embeddable":true,"href":"https:\/\/www.public.sn\/index.php\/wp-json\/wp\/v2\/comments?post=11032"}],"version-history":[{"count":2,"href":"https:\/\/www.public.sn\/index.php\/wp-json\/wp\/v2\/posts\/11032\/revisions"}],"predecessor-version":[{"id":11035,"href":"https:\/\/www.public.sn\/index.php\/wp-json\/wp\/v2\/posts\/11032\/revisions\/11035"}],"wp:featuredmedia":[{"embeddable":true,"href":"https:\/\/www.public.sn\/index.php\/wp-json\/wp\/v2\/media\/11033"}],"wp:attachment":[{"href":"https:\/\/www.public.sn\/index.php\/wp-json\/wp\/v2\/media?parent=11032"}],"wp:term":[{"taxonomy":"category","embeddable":true,"href":"https:\/\/www.public.sn\/index.php\/wp-json\/wp\/v2\/categories?post=11032"},{"taxonomy":"post_tag","embeddable":true,"href":"https:\/\/www.public.sn\/index.php\/wp-json\/wp\/v2\/tags?post=11032"}],"curies":[{"name":"wp","href":"https:\/\/api.w.org\/{rel}","templated":true}]}}