{"id":11063,"date":"2022-12-04T17:33:13","date_gmt":"2022-12-04T17:33:13","guid":{"rendered":"https:\/\/www.public.sn\/?p=11063"},"modified":"2022-12-04T17:33:15","modified_gmt":"2022-12-04T17:33:15","slug":"reconcilier-macky-sall-et-serigne-moustapha-sy-voici-ce-quambitionne-dr-ahmed-khalifa-niass-video","status":"publish","type":"post","link":"https:\/\/www.public.sn\/index.php\/2022\/12\/04\/reconcilier-macky-sall-et-serigne-moustapha-sy-voici-ce-quambitionne-dr-ahmed-khalifa-niass-video\/","title":{"rendered":"Reconcilier Macky Sall et Serigne Moustapha Sy : Voici ce qu&rsquo;ambitionne Dr Ahmed Khalifa Niass (Vid\u00e9o)"},"content":{"rendered":"<p><b>Il a toujours manifestation son attachement envers Serigne Moustapha Sy. Lui, c&rsquo;est Ahmed Khalifa Niass. Le guide religieux qui \u00e9tait ce dimanche l&rsquo;invit\u00e9 de Aissatou Diop Fall a \u00e9mis le souhait de voir le pr\u00e9sident Macky Sall et le fils de feu Serigne Cheikh Tidiane Sy dit AL Maktoum se reconcilier. Ce, apr\u00e8s la bourde de la d\u00e9put\u00e9e de Benno Bokk Yaakaar Amy Ndiaye Gniby. \u00ab Mon souhait est de voir avant la Pr\u00e9sidentielle\u00a0de 2024, Serigne Moustapha Sy se rapprocher du pr\u00e9sident Macky Sall\u2026\u00bb, a t-il r\u00e9pondu \u00e0 la journaliste qui l&rsquo;interpellait sur l&rsquo;incident majeur qui s&rsquo;est produit \u00e0 l&rsquo;h\u00e9micycle cette semaine.<\/b><\/p><div class=\"publi-paragraphe1\" style=\"margin-top: 10px;margin-bottom: 10px;margin-left: auto;margin-right: auto;text-align: center;\" id=\"publi-4105704098\"><div class=\"publi-adlabel\">Publicit\u00e9<\/div><script async src=\"\/\/pagead2.googlesyndication.com\/pagead\/js\/adsbygoogle.js?client=ca-pub-4089586018074219\" crossorigin=\"anonymous\"><\/script><ins class=\"adsbygoogle\" style=\"display:block;\" data-ad-client=\"ca-pub-4089586018074219\" \ndata-ad-slot=\"2087940154\" \ndata-ad-format=\"auto\"><\/ins>\n<script> \n(adsbygoogle = window.adsbygoogle || []).push({}); \n<\/script>\n<\/div>\n<p><iframe title=\"\" src=\"https:\/\/www.youtube.com\/embed\/W7OkMp4n9_Y\" width=\"727\" height=\"409\" frameborder=\"0\" allowfullscreen=\"allowfullscreen\"><\/iframe><\/p>\n<div class=\"publi-apres-le-contenu\" style=\"margin-top: 10px;margin-bottom: 10px;margin-left: auto;margin-right: auto;text-align: center;\" id=\"publi-2452053688\"><div class=\"publi-adlabel\">Publicit\u00e9<\/div><script async src=\"\/\/pagead2.googlesyndication.com\/pagead\/js\/adsbygoogle.js?client=ca-pub-4089586018074219\" crossorigin=\"anonymous\"><\/script><ins class=\"adsbygoogle\" style=\"display:block;\" data-ad-client=\"ca-pub-4089586018074219\" \ndata-ad-slot=\"2087940154\" \ndata-ad-format=\"auto\"><\/ins>\n<script> \n(adsbygoogle = window.adsbygoogle || []).push({}); \n<\/script>\n<\/div>","protected":false},"excerpt":{"rendered":"<p>Il a toujours manifestation son attachement envers Serigne Moustapha Sy. Lui, c&rsquo;est Ahmed Khalifa Niass. Le guide religieux qui \u00e9tait ce dimanche l&rsquo;invit\u00e9 de Aissatou Diop Fall a \u00e9mis le souhait de voir le pr\u00e9sident Macky Sall et le fils de feu Serigne Cheikh Tidiane Sy dit AL Maktoum se reconcilier. Ce, apr\u00e8s la bourde de la d\u00e9put\u00e9e de Benno Bokk Yaakaar Amy Ndiaye Gniby. \u00ab Mon souhait est de voir avant la Pr\u00e9sidentielle\u00a0de 2024, Serigne Moustapha Sy se rapprocher du pr\u00e9sident Macky Sall\u2026\u00bb, a t-il r\u00e9pondu \u00e0 la journaliste qui l&rsquo;interpellait sur l&rsquo;incident majeur qui s&rsquo;est produit \u00e0 l&rsquo;h\u00e9micycle cette semaine.<\/p>\n","protected":false},"author":1,"featured_media":11044,"comment_status":"open","ping_status":"open","sticky":false,"template":"","format":"standard","meta":{"_jetpack_memberships_contains_paid_content":false,"footnotes":""},"categories":[375,3,878,1,6],"tags":[1430,11,1322],"class_list":["post-11063","post","type-post","status-publish","format-standard","has-post-thumbnail","hentry","category-actualites","category-politique","category-religion","category-non-classe","category-videos","tag-ahmed-khalifa-niass","tag-macky-sall","tag-serigne-moustapha-sy-2","entry","has-media","owp-thumbs-layout-horizontal","owp-btn-normal","owp-tabs-layout-horizontal","has-no-thumbnails","has-product-nav"],"yoast_head":"<!-- This site is optimized with the Yoast SEO plugin v25.5 - https:\/\/yoast.com\/wordpress\/plugins\/seo\/ -->\n<title>Reconcilier Macky Sall et Serigne Moustapha Sy : Voici ce qu&#039;ambitionne Dr Ahmed Khalifa Niass (Vid\u00e9o) - LE PUBLIC<\/title>\n<meta name=\"robots\" content=\"index, follow, max-snippet:-1, max-image-preview:large, max-video-preview:-1\" \/>\n<link rel=\"canonical\" href=\"https:\/\/www.public.sn\/index.php\/2022\/12\/04\/reconcilier-macky-sall-et-serigne-moustapha-sy-voici-ce-quambitionne-dr-ahmed-khalifa-niass-video\/\" \/>\n<meta property=\"og:locale\" content=\"fr_FR\" \/>\n<meta property=\"og:type\" content=\"article\" \/>\n<meta property=\"og:title\" content=\"Reconcilier Macky Sall et Serigne Moustapha Sy : Voici ce qu&#039;ambitionne Dr Ahmed Khalifa Niass (Vid\u00e9o) - LE PUBLIC\" \/>\n<meta property=\"og:description\" content=\"Il a toujours manifestation son attachement envers Serigne Moustapha Sy. Lui, c&rsquo;est Ahmed Khalifa Niass. Le guide religieux qui \u00e9tait ce dimanche l&rsquo;invit\u00e9 de Aissatou Diop Fall a \u00e9mis le souhait de voir le pr\u00e9sident Macky Sall et le fils de feu Serigne Cheikh Tidiane Sy dit AL Maktoum se reconcilier. Ce, apr\u00e8s la bourde de la d\u00e9put\u00e9e de Benno Bokk Yaakaar Amy Ndiaye Gniby. \u00ab Mon souhait est de voir avant la Pr\u00e9sidentielle\u00a0de 2024, Serigne Moustapha Sy se rapprocher du pr\u00e9sident Macky Sall\u2026\u00bb, a t-il r\u00e9pondu \u00e0 la journaliste qui l&rsquo;interpellait sur l&rsquo;incident majeur qui s&rsquo;est produit \u00e0 l&rsquo;h\u00e9micycle cette semaine.\" \/>\n<meta property=\"og:url\" content=\"https:\/\/www.public.sn\/index.php\/2022\/12\/04\/reconcilier-macky-sall-et-serigne-moustapha-sy-voici-ce-quambitionne-dr-ahmed-khalifa-niass-video\/\" \/>\n<meta property=\"og:site_name\" content=\"LE PUBLIC\" \/>\n<meta property=\"article:published_time\" content=\"2022-12-04T17:33:13+00:00\" \/>\n<meta property=\"article:modified_time\" content=\"2022-12-04T17:33:15+00:00\" \/>\n<meta property=\"og:image\" content=\"https:\/\/www.public.sn\/wp-content\/uploads\/2022\/12\/Ahmed-Khalifa-Niass.jpg\" \/>\n\t<meta property=\"og:image:width\" content=\"640\" \/>\n\t<meta property=\"og:image:height\" content=\"361\" \/>\n\t<meta property=\"og:image:type\" content=\"image\/jpeg\" \/>\n<meta name=\"author\" content=\"LA REDACTION\" \/>\n<meta name=\"twitter:card\" content=\"summary_large_image\" \/>\n<meta name=\"twitter:label1\" content=\"\u00c9crit par\" \/>\n\t<meta name=\"twitter:data1\" content=\"LA REDACTION\" \/>\n\t<meta name=\"twitter:label2\" content=\"Dur\u00e9e de lecture estim\u00e9e\" \/>\n\t<meta name=\"twitter:data2\" content=\"1 minute\" \/>\n<script type=\"application\/ld+json\" class=\"yoast-schema-graph\">{\"@context\":\"https:\/\/schema.org\",\"@graph\":[{\"@type\":\"Article\",\"@id\":\"https:\/\/www.public.sn\/index.php\/2022\/12\/04\/reconcilier-macky-sall-et-serigne-moustapha-sy-voici-ce-quambitionne-dr-ahmed-khalifa-niass-video\/#article\",\"isPartOf\":{\"@id\":\"https:\/\/www.public.sn\/index.php\/2022\/12\/04\/reconcilier-macky-sall-et-serigne-moustapha-sy-voici-ce-quambitionne-dr-ahmed-khalifa-niass-video\/\"},\"author\":{\"name\":\"LA REDACTION\",\"@id\":\"https:\/\/www.public.sn\/#\/schema\/person\/e3f4a11b037d4203902db148f9bc8d5a\"},\"headline\":\"Reconcilier Macky Sall et Serigne Moustapha Sy : Voici ce qu&rsquo;ambitionne Dr Ahmed Khalifa Niass (Vid\u00e9o)\",\"datePublished\":\"2022-12-04T17:33:13+00:00\",\"dateModified\":\"2022-12-04T17:33:15+00:00\",\"mainEntityOfPage\":{\"@id\":\"https:\/\/www.public.sn\/index.php\/2022\/12\/04\/reconcilier-macky-sall-et-serigne-moustapha-sy-voici-ce-quambitionne-dr-ahmed-khalifa-niass-video\/\"},\"wordCount\":123,\"commentCount\":0,\"publisher\":{\"@id\":\"https:\/\/www.public.sn\/#organization\"},\"image\":{\"@id\":\"https:\/\/www.public.sn\/index.php\/2022\/12\/04\/reconcilier-macky-sall-et-serigne-moustapha-sy-voici-ce-quambitionne-dr-ahmed-khalifa-niass-video\/#primaryimage\"},\"thumbnailUrl\":\"https:\/\/www.public.sn\/wp-content\/uploads\/2022\/12\/Ahmed-Khalifa-Niass.jpg\",\"keywords\":[\"ahmed khalifa niass\",\"Macky Sall\",\"Serigne Moustapha Sy\"],\"articleSection\":[\"ACTUALIT\u00c9S\",\"POLITIQUE\",\"RELIGION\",\"S\u00c9N\u00c9GAL\",\"VIDEOS\"],\"inLanguage\":\"fr-FR\",\"potentialAction\":[{\"@type\":\"CommentAction\",\"name\":\"Comment\",\"target\":[\"https:\/\/www.public.sn\/index.php\/2022\/12\/04\/reconcilier-macky-sall-et-serigne-moustapha-sy-voici-ce-quambitionne-dr-ahmed-khalifa-niass-video\/#respond\"]}]},{\"@type\":\"WebPage\",\"@id\":\"https:\/\/www.public.sn\/index.php\/2022\/12\/04\/reconcilier-macky-sall-et-serigne-moustapha-sy-voici-ce-quambitionne-dr-ahmed-khalifa-niass-video\/\",\"url\":\"https:\/\/www.public.sn\/index.php\/2022\/12\/04\/reconcilier-macky-sall-et-serigne-moustapha-sy-voici-ce-quambitionne-dr-ahmed-khalifa-niass-video\/\",\"name\":\"Reconcilier Macky Sall et Serigne Moustapha Sy : Voici ce qu'ambitionne Dr Ahmed Khalifa Niass (Vid\u00e9o) - LE PUBLIC\",\"isPartOf\":{\"@id\":\"https:\/\/www.public.sn\/#website\"},\"primaryImageOfPage\":{\"@id\":\"https:\/\/www.public.sn\/index.php\/2022\/12\/04\/reconcilier-macky-sall-et-serigne-moustapha-sy-voici-ce-quambitionne-dr-ahmed-khalifa-niass-video\/#primaryimage\"},\"image\":{\"@id\":\"https:\/\/www.public.sn\/index.php\/2022\/12\/04\/reconcilier-macky-sall-et-serigne-moustapha-sy-voici-ce-quambitionne-dr-ahmed-khalifa-niass-video\/#primaryimage\"},\"thumbnailUrl\":\"https:\/\/www.public.sn\/wp-content\/uploads\/2022\/12\/Ahmed-Khalifa-Niass.jpg\",\"datePublished\":\"2022-12-04T17:33:13+00:00\",\"dateModified\":\"2022-12-04T17:33:15+00:00\",\"breadcrumb\":{\"@id\":\"https:\/\/www.public.sn\/index.php\/2022\/12\/04\/reconcilier-macky-sall-et-serigne-moustapha-sy-voici-ce-quambitionne-dr-ahmed-khalifa-niass-video\/#breadcrumb\"},\"inLanguage\":\"fr-FR\",\"potentialAction\":[{\"@type\":\"ReadAction\",\"target\":[\"https:\/\/www.public.sn\/index.php\/2022\/12\/04\/reconcilier-macky-sall-et-serigne-moustapha-sy-voici-ce-quambitionne-dr-ahmed-khalifa-niass-video\/\"]}]},{\"@type\":\"ImageObject\",\"inLanguage\":\"fr-FR\",\"@id\":\"https:\/\/www.public.sn\/index.php\/2022\/12\/04\/reconcilier-macky-sall-et-serigne-moustapha-sy-voici-ce-quambitionne-dr-ahmed-khalifa-niass-video\/#primaryimage\",\"url\":\"https:\/\/www.public.sn\/wp-content\/uploads\/2022\/12\/Ahmed-Khalifa-Niass.jpg\",\"contentUrl\":\"https:\/\/www.public.sn\/wp-content\/uploads\/2022\/12\/Ahmed-Khalifa-Niass.jpg\",\"width\":640,\"height\":361},{\"@type\":\"BreadcrumbList\",\"@id\":\"https:\/\/www.public.sn\/index.php\/2022\/12\/04\/reconcilier-macky-sall-et-serigne-moustapha-sy-voici-ce-quambitionne-dr-ahmed-khalifa-niass-video\/#breadcrumb\",\"itemListElement\":[{\"@type\":\"ListItem\",\"position\":1,\"name\":\"Accueil\",\"item\":\"https:\/\/www.public.sn\/\"},{\"@type\":\"ListItem\",\"position\":2,\"name\":\"Reconcilier Macky Sall et Serigne Moustapha Sy : Voici ce qu&rsquo;ambitionne Dr Ahmed Khalifa Niass (Vid\u00e9o)\"}]},{\"@type\":\"WebSite\",\"@id\":\"https:\/\/www.public.sn\/#website\",\"url\":\"https:\/\/www.public.sn\/\",\"name\":\"LE PUBLIC\",\"description\":\"\",\"publisher\":{\"@id\":\"https:\/\/www.public.sn\/#organization\"},\"potentialAction\":[{\"@type\":\"SearchAction\",\"target\":{\"@type\":\"EntryPoint\",\"urlTemplate\":\"https:\/\/www.public.sn\/?s={search_term_string}\"},\"query-input\":{\"@type\":\"PropertyValueSpecification\",\"valueRequired\":true,\"valueName\":\"search_term_string\"}}],\"inLanguage\":\"fr-FR\"},{\"@type\":\"Organization\",\"@id\":\"https:\/\/www.public.sn\/#organization\",\"name\":\"LE PUBLIC\",\"url\":\"https:\/\/www.public.sn\/\",\"logo\":{\"@type\":\"ImageObject\",\"inLanguage\":\"fr-FR\",\"@id\":\"https:\/\/www.public.sn\/#\/schema\/logo\/image\/\",\"url\":\"https:\/\/www.public.sn\/wp-content\/uploads\/2024\/05\/cropped-LOGO-PUBLIC.SN_.png\",\"contentUrl\":\"https:\/\/www.public.sn\/wp-content\/uploads\/2024\/05\/cropped-LOGO-PUBLIC.SN_.png\",\"width\":682,\"height\":192,\"caption\":\"LE PUBLIC\"},\"image\":{\"@id\":\"https:\/\/www.public.sn\/#\/schema\/logo\/image\/\"}},{\"@type\":\"Person\",\"@id\":\"https:\/\/www.public.sn\/#\/schema\/person\/e3f4a11b037d4203902db148f9bc8d5a\",\"name\":\"LA REDACTION\",\"image\":{\"@type\":\"ImageObject\",\"inLanguage\":\"fr-FR\",\"@id\":\"https:\/\/www.public.sn\/#\/schema\/person\/image\/\",\"url\":\"https:\/\/secure.gravatar.com\/avatar\/d6c030db45db2883c075085c5d6c6258654a801a93766b49af0b82d4f454e2a5?s=96&d=mm&r=g\",\"contentUrl\":\"https:\/\/secure.gravatar.com\/avatar\/d6c030db45db2883c075085c5d6c6258654a801a93766b49af0b82d4f454e2a5?s=96&d=mm&r=g\",\"caption\":\"LA REDACTION\"},\"sameAs\":[\"http:\/\/www.public.sn\"],\"url\":\"https:\/\/www.public.sn\/index.php\/author\/admin7324\/\"}]}<\/script>\n<!-- \/ Yoast SEO plugin. -->","yoast_head_json":{"title":"Reconcilier Macky Sall et Serigne Moustapha Sy : Voici ce qu'ambitionne Dr Ahmed Khalifa Niass (Vid\u00e9o) - LE PUBLIC","robots":{"index":"index","follow":"follow","max-snippet":"max-snippet:-1","max-image-preview":"max-image-preview:large","max-video-preview":"max-video-preview:-1"},"canonical":"https:\/\/www.public.sn\/index.php\/2022\/12\/04\/reconcilier-macky-sall-et-serigne-moustapha-sy-voici-ce-quambitionne-dr-ahmed-khalifa-niass-video\/","og_locale":"fr_FR","og_type":"article","og_title":"Reconcilier Macky Sall et Serigne Moustapha Sy : Voici ce qu'ambitionne Dr Ahmed Khalifa Niass (Vid\u00e9o) - LE PUBLIC","og_description":"Il a toujours manifestation son attachement envers Serigne Moustapha Sy. Lui, c&rsquo;est Ahmed Khalifa Niass. Le guide religieux qui \u00e9tait ce dimanche l&rsquo;invit\u00e9 de Aissatou Diop Fall a \u00e9mis le souhait de voir le pr\u00e9sident Macky Sall et le fils de feu Serigne Cheikh Tidiane Sy dit AL Maktoum se reconcilier. Ce, apr\u00e8s la bourde de la d\u00e9put\u00e9e de Benno Bokk Yaakaar Amy Ndiaye Gniby. \u00ab Mon souhait est de voir avant la Pr\u00e9sidentielle\u00a0de 2024, Serigne Moustapha Sy se rapprocher du pr\u00e9sident Macky Sall\u2026\u00bb, a t-il r\u00e9pondu \u00e0 la journaliste qui l&rsquo;interpellait sur l&rsquo;incident majeur qui s&rsquo;est produit \u00e0 l&rsquo;h\u00e9micycle cette semaine.","og_url":"https:\/\/www.public.sn\/index.php\/2022\/12\/04\/reconcilier-macky-sall-et-serigne-moustapha-sy-voici-ce-quambitionne-dr-ahmed-khalifa-niass-video\/","og_site_name":"LE PUBLIC","article_published_time":"2022-12-04T17:33:13+00:00","article_modified_time":"2022-12-04T17:33:15+00:00","og_image":[{"width":640,"height":361,"url":"https:\/\/www.public.sn\/wp-content\/uploads\/2022\/12\/Ahmed-Khalifa-Niass.jpg","type":"image\/jpeg"}],"author":"LA REDACTION","twitter_card":"summary_large_image","twitter_misc":{"\u00c9crit par":"LA REDACTION","Dur\u00e9e de lecture estim\u00e9e":"1 minute"},"schema":{"@context":"https:\/\/schema.org","@graph":[{"@type":"Article","@id":"https:\/\/www.public.sn\/index.php\/2022\/12\/04\/reconcilier-macky-sall-et-serigne-moustapha-sy-voici-ce-quambitionne-dr-ahmed-khalifa-niass-video\/#article","isPartOf":{"@id":"https:\/\/www.public.sn\/index.php\/2022\/12\/04\/reconcilier-macky-sall-et-serigne-moustapha-sy-voici-ce-quambitionne-dr-ahmed-khalifa-niass-video\/"},"author":{"name":"LA REDACTION","@id":"https:\/\/www.public.sn\/#\/schema\/person\/e3f4a11b037d4203902db148f9bc8d5a"},"headline":"Reconcilier Macky Sall et Serigne Moustapha Sy : Voici ce qu&rsquo;ambitionne Dr Ahmed Khalifa Niass (Vid\u00e9o)","datePublished":"2022-12-04T17:33:13+00:00","dateModified":"2022-12-04T17:33:15+00:00","mainEntityOfPage":{"@id":"https:\/\/www.public.sn\/index.php\/2022\/12\/04\/reconcilier-macky-sall-et-serigne-moustapha-sy-voici-ce-quambitionne-dr-ahmed-khalifa-niass-video\/"},"wordCount":123,"commentCount":0,"publisher":{"@id":"https:\/\/www.public.sn\/#organization"},"image":{"@id":"https:\/\/www.public.sn\/index.php\/2022\/12\/04\/reconcilier-macky-sall-et-serigne-moustapha-sy-voici-ce-quambitionne-dr-ahmed-khalifa-niass-video\/#primaryimage"},"thumbnailUrl":"https:\/\/www.public.sn\/wp-content\/uploads\/2022\/12\/Ahmed-Khalifa-Niass.jpg","keywords":["ahmed khalifa niass","Macky Sall","Serigne Moustapha Sy"],"articleSection":["ACTUALIT\u00c9S","POLITIQUE","RELIGION","S\u00c9N\u00c9GAL","VIDEOS"],"inLanguage":"fr-FR","potentialAction":[{"@type":"CommentAction","name":"Comment","target":["https:\/\/www.public.sn\/index.php\/2022\/12\/04\/reconcilier-macky-sall-et-serigne-moustapha-sy-voici-ce-quambitionne-dr-ahmed-khalifa-niass-video\/#respond"]}]},{"@type":"WebPage","@id":"https:\/\/www.public.sn\/index.php\/2022\/12\/04\/reconcilier-macky-sall-et-serigne-moustapha-sy-voici-ce-quambitionne-dr-ahmed-khalifa-niass-video\/","url":"https:\/\/www.public.sn\/index.php\/2022\/12\/04\/reconcilier-macky-sall-et-serigne-moustapha-sy-voici-ce-quambitionne-dr-ahmed-khalifa-niass-video\/","name":"Reconcilier Macky Sall et Serigne Moustapha Sy : Voici ce qu'ambitionne Dr Ahmed Khalifa Niass (Vid\u00e9o) - LE PUBLIC","isPartOf":{"@id":"https:\/\/www.public.sn\/#website"},"primaryImageOfPage":{"@id":"https:\/\/www.public.sn\/index.php\/2022\/12\/04\/reconcilier-macky-sall-et-serigne-moustapha-sy-voici-ce-quambitionne-dr-ahmed-khalifa-niass-video\/#primaryimage"},"image":{"@id":"https:\/\/www.public.sn\/index.php\/2022\/12\/04\/reconcilier-macky-sall-et-serigne-moustapha-sy-voici-ce-quambitionne-dr-ahmed-khalifa-niass-video\/#primaryimage"},"thumbnailUrl":"https:\/\/www.public.sn\/wp-content\/uploads\/2022\/12\/Ahmed-Khalifa-Niass.jpg","datePublished":"2022-12-04T17:33:13+00:00","dateModified":"2022-12-04T17:33:15+00:00","breadcrumb":{"@id":"https:\/\/www.public.sn\/index.php\/2022\/12\/04\/reconcilier-macky-sall-et-serigne-moustapha-sy-voici-ce-quambitionne-dr-ahmed-khalifa-niass-video\/#breadcrumb"},"inLanguage":"fr-FR","potentialAction":[{"@type":"ReadAction","target":["https:\/\/www.public.sn\/index.php\/2022\/12\/04\/reconcilier-macky-sall-et-serigne-moustapha-sy-voici-ce-quambitionne-dr-ahmed-khalifa-niass-video\/"]}]},{"@type":"ImageObject","inLanguage":"fr-FR","@id":"https:\/\/www.public.sn\/index.php\/2022\/12\/04\/reconcilier-macky-sall-et-serigne-moustapha-sy-voici-ce-quambitionne-dr-ahmed-khalifa-niass-video\/#primaryimage","url":"https:\/\/www.public.sn\/wp-content\/uploads\/2022\/12\/Ahmed-Khalifa-Niass.jpg","contentUrl":"https:\/\/www.public.sn\/wp-content\/uploads\/2022\/12\/Ahmed-Khalifa-Niass.jpg","width":640,"height":361},{"@type":"BreadcrumbList","@id":"https:\/\/www.public.sn\/index.php\/2022\/12\/04\/reconcilier-macky-sall-et-serigne-moustapha-sy-voici-ce-quambitionne-dr-ahmed-khalifa-niass-video\/#breadcrumb","itemListElement":[{"@type":"ListItem","position":1,"name":"Accueil","item":"https:\/\/www.public.sn\/"},{"@type":"ListItem","position":2,"name":"Reconcilier Macky Sall et Serigne Moustapha Sy : Voici ce qu&rsquo;ambitionne Dr Ahmed Khalifa Niass (Vid\u00e9o)"}]},{"@type":"WebSite","@id":"https:\/\/www.public.sn\/#website","url":"https:\/\/www.public.sn\/","name":"LE PUBLIC","description":"","publisher":{"@id":"https:\/\/www.public.sn\/#organization"},"potentialAction":[{"@type":"SearchAction","target":{"@type":"EntryPoint","urlTemplate":"https:\/\/www.public.sn\/?s={search_term_string}"},"query-input":{"@type":"PropertyValueSpecification","valueRequired":true,"valueName":"search_term_string"}}],"inLanguage":"fr-FR"},{"@type":"Organization","@id":"https:\/\/www.public.sn\/#organization","name":"LE PUBLIC","url":"https:\/\/www.public.sn\/","logo":{"@type":"ImageObject","inLanguage":"fr-FR","@id":"https:\/\/www.public.sn\/#\/schema\/logo\/image\/","url":"https:\/\/www.public.sn\/wp-content\/uploads\/2024\/05\/cropped-LOGO-PUBLIC.SN_.png","contentUrl":"https:\/\/www.public.sn\/wp-content\/uploads\/2024\/05\/cropped-LOGO-PUBLIC.SN_.png","width":682,"height":192,"caption":"LE PUBLIC"},"image":{"@id":"https:\/\/www.public.sn\/#\/schema\/logo\/image\/"}},{"@type":"Person","@id":"https:\/\/www.public.sn\/#\/schema\/person\/e3f4a11b037d4203902db148f9bc8d5a","name":"LA REDACTION","image":{"@type":"ImageObject","inLanguage":"fr-FR","@id":"https:\/\/www.public.sn\/#\/schema\/person\/image\/","url":"https:\/\/secure.gravatar.com\/avatar\/d6c030db45db2883c075085c5d6c6258654a801a93766b49af0b82d4f454e2a5?s=96&d=mm&r=g","contentUrl":"https:\/\/secure.gravatar.com\/avatar\/d6c030db45db2883c075085c5d6c6258654a801a93766b49af0b82d4f454e2a5?s=96&d=mm&r=g","caption":"LA REDACTION"},"sameAs":["http:\/\/www.public.sn"],"url":"https:\/\/www.public.sn\/index.php\/author\/admin7324\/"}]}},"jetpack_featured_media_url":"https:\/\/www.public.sn\/wp-content\/uploads\/2022\/12\/Ahmed-Khalifa-Niass.jpg","jetpack_sharing_enabled":true,"_links":{"self":[{"href":"https:\/\/www.public.sn\/index.php\/wp-json\/wp\/v2\/posts\/11063","targetHints":{"allow":["GET"]}}],"collection":[{"href":"https:\/\/www.public.sn\/index.php\/wp-json\/wp\/v2\/posts"}],"about":[{"href":"https:\/\/www.public.sn\/index.php\/wp-json\/wp\/v2\/types\/post"}],"author":[{"embeddable":true,"href":"https:\/\/www.public.sn\/index.php\/wp-json\/wp\/v2\/users\/1"}],"replies":[{"embeddable":true,"href":"https:\/\/www.public.sn\/index.php\/wp-json\/wp\/v2\/comments?post=11063"}],"version-history":[{"count":3,"href":"https:\/\/www.public.sn\/index.php\/wp-json\/wp\/v2\/posts\/11063\/revisions"}],"predecessor-version":[{"id":11069,"href":"https:\/\/www.public.sn\/index.php\/wp-json\/wp\/v2\/posts\/11063\/revisions\/11069"}],"wp:featuredmedia":[{"embeddable":true,"href":"https:\/\/www.public.sn\/index.php\/wp-json\/wp\/v2\/media\/11044"}],"wp:attachment":[{"href":"https:\/\/www.public.sn\/index.php\/wp-json\/wp\/v2\/media?parent=11063"}],"wp:term":[{"taxonomy":"category","embeddable":true,"href":"https:\/\/www.public.sn\/index.php\/wp-json\/wp\/v2\/categories?post=11063"},{"taxonomy":"post_tag","embeddable":true,"href":"https:\/\/www.public.sn\/index.php\/wp-json\/wp\/v2\/tags?post=11063"}],"curies":[{"name":"wp","href":"https:\/\/api.w.org\/{rel}","templated":true}]}}