{"id":11070,"date":"2022-12-04T18:31:31","date_gmt":"2022-12-04T18:31:31","guid":{"rendered":"https:\/\/www.public.sn\/?p=11070"},"modified":"2022-12-04T18:35:12","modified_gmt":"2022-12-04T18:35:12","slug":"ahmed-khalifa-niass-sweet-beauty-mongui-tekki-rafett-nekh-bouma-fa-deme-lougne-ma-wakh-rekk-mane-la","status":"publish","type":"post","link":"https:\/\/www.public.sn\/index.php\/2022\/12\/04\/ahmed-khalifa-niass-sweet-beauty-mongui-tekki-rafett-nekh-bouma-fa-deme-lougne-ma-wakh-rekk-mane-la\/","title":{"rendered":"Ahmed Khalifa Niass : \u00ab Sweet beauty mongui t\u00e9kki rafett n\u00e9kh\u2026 bouma fa d\u00e9m\u00e9 lougne ma wakh r\u00e9kk mane la \u00bb"},"content":{"rendered":"<p><strong>Mardi 06 d\u00e9cembre prochain est pr\u00e9vue la confrontation entre Ousmane Sonko et Adji Sarr. Plus d\u2019un an apr\u00e8s les accusations de la masseuse de Sweet Beauty contre le leader de Pastef, cette fameuse affaire de viol connaitra peut-\u00eatre une avanc\u00e9e consid\u00e9rable.<\/strong><\/p><div class=\"publi-paragraphe1\" style=\"margin-top: 10px;margin-bottom: 10px;margin-left: auto;margin-right: auto;text-align: center;\" id=\"publi-1573637970\"><div class=\"publi-adlabel\">Publicit\u00e9<\/div><script async src=\"\/\/pagead2.googlesyndication.com\/pagead\/js\/adsbygoogle.js?client=ca-pub-4089586018074219\" crossorigin=\"anonymous\"><\/script><ins class=\"adsbygoogle\" style=\"display:block;\" data-ad-client=\"ca-pub-4089586018074219\" \ndata-ad-slot=\"2087940154\" \ndata-ad-format=\"auto\"><\/ins>\n<script> \n(adsbygoogle = window.adsbygoogle || []).push({}); \n<\/script>\n<\/div>\n<p>En attendant ce duel, les S\u00e9n\u00e9galais, chroniqueurs, analystes et acteurs politiques donnent d\u00e9j\u00e0 leurs points de vue sur ce dossier. Interpell\u00e9 par Aissatou Diop Fall l\u00e0-dessus, Ahmed Khalifa Niass de regretter l\u2019acte de Ousmane Sonko.<\/p>\n<p>Pour lui, le leader de Pastef ne devrait pas y aller. Le fait d\u2019y partir de son propre gr\u00e9 pour lui, l\u00e8ve de facto toutes hypoth\u00e8ses de complots.<\/p>\n<p><iframe title=\"\" src=\"https:\/\/www.youtube.com\/embed\/sHYko12PqEw\" width=\"727\" height=\"409\" frameborder=\"0\" allowfullscreen=\"allowfullscreen\"><\/iframe><\/p>\n<div class=\"publi-apres-le-contenu\" style=\"margin-top: 10px;margin-bottom: 10px;margin-left: auto;margin-right: auto;text-align: center;\" id=\"publi-2007616443\"><div class=\"publi-adlabel\">Publicit\u00e9<\/div><script async src=\"\/\/pagead2.googlesyndication.com\/pagead\/js\/adsbygoogle.js?client=ca-pub-4089586018074219\" crossorigin=\"anonymous\"><\/script><ins class=\"adsbygoogle\" style=\"display:block;\" data-ad-client=\"ca-pub-4089586018074219\" \ndata-ad-slot=\"2087940154\" \ndata-ad-format=\"auto\"><\/ins>\n<script> \n(adsbygoogle = window.adsbygoogle || []).push({}); \n<\/script>\n<\/div>","protected":false},"excerpt":{"rendered":"<p>Mardi 06 d\u00e9cembre prochain est pr\u00e9vue la confrontation entre Ousmane Sonko et Adji Sarr. Plus d\u2019un an apr\u00e8s les accusations de la masseuse de Sweet Beauty contre le leader de Pastef, cette fameuse affaire de viol connaitra peut-\u00eatre une avanc\u00e9e consid\u00e9rable. En attendant ce duel, les S\u00e9n\u00e9galais, chroniqueurs, analystes et acteurs politiques donnent d\u00e9j\u00e0 leurs points de vue sur ce dossier. Interpell\u00e9 par Aissatou Diop Fall l\u00e0-dessus, Ahmed Khalifa Niass de regretter l\u2019acte de Ousmane Sonko. Pour lui, le leader de Pastef ne devrait pas y aller. Le fait d\u2019y partir de son propre gr\u00e9 pour lui, l\u00e8ve de facto toutes hypoth\u00e8ses de complots.<\/p>\n","protected":false},"author":1,"featured_media":4332,"comment_status":"open","ping_status":"open","sticky":false,"template":"","format":"standard","meta":{"_jetpack_memberships_contains_paid_content":false,"footnotes":""},"categories":[375,3,1,4,372,6],"tags":[3631,306,3632],"class_list":["post-11070","post","type-post","status-publish","format-standard","has-post-thumbnail","hentry","category-actualites","category-politique","category-non-classe","category-societe","category-vedette","category-videos","tag-ahmed-khlaifa-niass","tag-sonko","tag-sweet-beauty","entry","has-media","owp-thumbs-layout-horizontal","owp-btn-normal","owp-tabs-layout-horizontal","has-no-thumbnails","has-product-nav"],"yoast_head":"<!-- This site is optimized with the Yoast SEO plugin v25.5 - https:\/\/yoast.com\/wordpress\/plugins\/seo\/ -->\n<title>Ahmed Khalifa Niass : \u00ab Sweet beauty mongui t\u00e9kki rafett n\u00e9kh\u2026 bouma fa d\u00e9m\u00e9 lougne ma wakh r\u00e9kk mane la \u00bb - LE PUBLIC<\/title>\n<meta name=\"robots\" content=\"index, follow, max-snippet:-1, max-image-preview:large, max-video-preview:-1\" \/>\n<link rel=\"canonical\" href=\"https:\/\/www.public.sn\/index.php\/2022\/12\/04\/ahmed-khalifa-niass-sweet-beauty-mongui-tekki-rafett-nekh-bouma-fa-deme-lougne-ma-wakh-rekk-mane-la\/\" \/>\n<meta property=\"og:locale\" content=\"fr_FR\" \/>\n<meta property=\"og:type\" content=\"article\" \/>\n<meta property=\"og:title\" content=\"Ahmed Khalifa Niass : \u00ab Sweet beauty mongui t\u00e9kki rafett n\u00e9kh\u2026 bouma fa d\u00e9m\u00e9 lougne ma wakh r\u00e9kk mane la \u00bb - LE PUBLIC\" \/>\n<meta property=\"og:description\" content=\"Mardi 06 d\u00e9cembre prochain est pr\u00e9vue la confrontation entre Ousmane Sonko et Adji Sarr. Plus d\u2019un an apr\u00e8s les accusations de la masseuse de Sweet Beauty contre le leader de Pastef, cette fameuse affaire de viol connaitra peut-\u00eatre une avanc\u00e9e consid\u00e9rable. En attendant ce duel, les S\u00e9n\u00e9galais, chroniqueurs, analystes et acteurs politiques donnent d\u00e9j\u00e0 leurs points de vue sur ce dossier. Interpell\u00e9 par Aissatou Diop Fall l\u00e0-dessus, Ahmed Khalifa Niass de regretter l\u2019acte de Ousmane Sonko. Pour lui, le leader de Pastef ne devrait pas y aller. Le fait d\u2019y partir de son propre gr\u00e9 pour lui, l\u00e8ve de facto toutes hypoth\u00e8ses de complots.\" \/>\n<meta property=\"og:url\" content=\"https:\/\/www.public.sn\/index.php\/2022\/12\/04\/ahmed-khalifa-niass-sweet-beauty-mongui-tekki-rafett-nekh-bouma-fa-deme-lougne-ma-wakh-rekk-mane-la\/\" \/>\n<meta property=\"og:site_name\" content=\"LE PUBLIC\" \/>\n<meta property=\"article:published_time\" content=\"2022-12-04T18:31:31+00:00\" \/>\n<meta property=\"article:modified_time\" content=\"2022-12-04T18:35:12+00:00\" \/>\n<meta property=\"og:image\" content=\"https:\/\/www.public.sn\/wp-content\/uploads\/2022\/10\/ahmed-khalifa-niasse-696x437-1.png\" \/>\n\t<meta property=\"og:image:width\" content=\"696\" \/>\n\t<meta property=\"og:image:height\" content=\"437\" \/>\n\t<meta property=\"og:image:type\" content=\"image\/png\" \/>\n<meta name=\"author\" content=\"LA REDACTION\" \/>\n<meta name=\"twitter:card\" content=\"summary_large_image\" \/>\n<meta name=\"twitter:label1\" content=\"\u00c9crit par\" \/>\n\t<meta name=\"twitter:data1\" content=\"LA REDACTION\" \/>\n\t<meta name=\"twitter:label2\" content=\"Dur\u00e9e de lecture estim\u00e9e\" \/>\n\t<meta name=\"twitter:data2\" content=\"1 minute\" \/>\n<script type=\"application\/ld+json\" class=\"yoast-schema-graph\">{\"@context\":\"https:\/\/schema.org\",\"@graph\":[{\"@type\":\"Article\",\"@id\":\"https:\/\/www.public.sn\/index.php\/2022\/12\/04\/ahmed-khalifa-niass-sweet-beauty-mongui-tekki-rafett-nekh-bouma-fa-deme-lougne-ma-wakh-rekk-mane-la\/#article\",\"isPartOf\":{\"@id\":\"https:\/\/www.public.sn\/index.php\/2022\/12\/04\/ahmed-khalifa-niass-sweet-beauty-mongui-tekki-rafett-nekh-bouma-fa-deme-lougne-ma-wakh-rekk-mane-la\/\"},\"author\":{\"name\":\"LA REDACTION\",\"@id\":\"https:\/\/www.public.sn\/#\/schema\/person\/e3f4a11b037d4203902db148f9bc8d5a\"},\"headline\":\"Ahmed Khalifa Niass : \u00ab Sweet beauty mongui t\u00e9kki rafett n\u00e9kh\u2026 bouma fa d\u00e9m\u00e9 lougne ma wakh r\u00e9kk mane la \u00bb\",\"datePublished\":\"2022-12-04T18:31:31+00:00\",\"dateModified\":\"2022-12-04T18:35:12+00:00\",\"mainEntityOfPage\":{\"@id\":\"https:\/\/www.public.sn\/index.php\/2022\/12\/04\/ahmed-khalifa-niass-sweet-beauty-mongui-tekki-rafett-nekh-bouma-fa-deme-lougne-ma-wakh-rekk-mane-la\/\"},\"wordCount\":140,\"commentCount\":0,\"publisher\":{\"@id\":\"https:\/\/www.public.sn\/#organization\"},\"image\":{\"@id\":\"https:\/\/www.public.sn\/index.php\/2022\/12\/04\/ahmed-khalifa-niass-sweet-beauty-mongui-tekki-rafett-nekh-bouma-fa-deme-lougne-ma-wakh-rekk-mane-la\/#primaryimage\"},\"thumbnailUrl\":\"https:\/\/www.public.sn\/wp-content\/uploads\/2022\/10\/ahmed-khalifa-niasse-696x437-1.png\",\"keywords\":[\"ahmed khlaifa Niass\",\"sonko\",\"Sweet beauty\"],\"articleSection\":[\"ACTUALIT\u00c9S\",\"POLITIQUE\",\"S\u00c9N\u00c9GAL\",\"SOCIETE\",\"VEDETTE\",\"VIDEOS\"],\"inLanguage\":\"fr-FR\",\"potentialAction\":[{\"@type\":\"CommentAction\",\"name\":\"Comment\",\"target\":[\"https:\/\/www.public.sn\/index.php\/2022\/12\/04\/ahmed-khalifa-niass-sweet-beauty-mongui-tekki-rafett-nekh-bouma-fa-deme-lougne-ma-wakh-rekk-mane-la\/#respond\"]}]},{\"@type\":\"WebPage\",\"@id\":\"https:\/\/www.public.sn\/index.php\/2022\/12\/04\/ahmed-khalifa-niass-sweet-beauty-mongui-tekki-rafett-nekh-bouma-fa-deme-lougne-ma-wakh-rekk-mane-la\/\",\"url\":\"https:\/\/www.public.sn\/index.php\/2022\/12\/04\/ahmed-khalifa-niass-sweet-beauty-mongui-tekki-rafett-nekh-bouma-fa-deme-lougne-ma-wakh-rekk-mane-la\/\",\"name\":\"Ahmed Khalifa Niass : \u00ab Sweet beauty mongui t\u00e9kki rafett n\u00e9kh\u2026 bouma fa d\u00e9m\u00e9 lougne ma wakh r\u00e9kk mane la \u00bb - LE PUBLIC\",\"isPartOf\":{\"@id\":\"https:\/\/www.public.sn\/#website\"},\"primaryImageOfPage\":{\"@id\":\"https:\/\/www.public.sn\/index.php\/2022\/12\/04\/ahmed-khalifa-niass-sweet-beauty-mongui-tekki-rafett-nekh-bouma-fa-deme-lougne-ma-wakh-rekk-mane-la\/#primaryimage\"},\"image\":{\"@id\":\"https:\/\/www.public.sn\/index.php\/2022\/12\/04\/ahmed-khalifa-niass-sweet-beauty-mongui-tekki-rafett-nekh-bouma-fa-deme-lougne-ma-wakh-rekk-mane-la\/#primaryimage\"},\"thumbnailUrl\":\"https:\/\/www.public.sn\/wp-content\/uploads\/2022\/10\/ahmed-khalifa-niasse-696x437-1.png\",\"datePublished\":\"2022-12-04T18:31:31+00:00\",\"dateModified\":\"2022-12-04T18:35:12+00:00\",\"breadcrumb\":{\"@id\":\"https:\/\/www.public.sn\/index.php\/2022\/12\/04\/ahmed-khalifa-niass-sweet-beauty-mongui-tekki-rafett-nekh-bouma-fa-deme-lougne-ma-wakh-rekk-mane-la\/#breadcrumb\"},\"inLanguage\":\"fr-FR\",\"potentialAction\":[{\"@type\":\"ReadAction\",\"target\":[\"https:\/\/www.public.sn\/index.php\/2022\/12\/04\/ahmed-khalifa-niass-sweet-beauty-mongui-tekki-rafett-nekh-bouma-fa-deme-lougne-ma-wakh-rekk-mane-la\/\"]}]},{\"@type\":\"ImageObject\",\"inLanguage\":\"fr-FR\",\"@id\":\"https:\/\/www.public.sn\/index.php\/2022\/12\/04\/ahmed-khalifa-niass-sweet-beauty-mongui-tekki-rafett-nekh-bouma-fa-deme-lougne-ma-wakh-rekk-mane-la\/#primaryimage\",\"url\":\"https:\/\/www.public.sn\/wp-content\/uploads\/2022\/10\/ahmed-khalifa-niasse-696x437-1.png\",\"contentUrl\":\"https:\/\/www.public.sn\/wp-content\/uploads\/2022\/10\/ahmed-khalifa-niasse-696x437-1.png\",\"width\":696,\"height\":437},{\"@type\":\"BreadcrumbList\",\"@id\":\"https:\/\/www.public.sn\/index.php\/2022\/12\/04\/ahmed-khalifa-niass-sweet-beauty-mongui-tekki-rafett-nekh-bouma-fa-deme-lougne-ma-wakh-rekk-mane-la\/#breadcrumb\",\"itemListElement\":[{\"@type\":\"ListItem\",\"position\":1,\"name\":\"Accueil\",\"item\":\"https:\/\/www.public.sn\/\"},{\"@type\":\"ListItem\",\"position\":2,\"name\":\"Ahmed Khalifa Niass : \u00ab Sweet beauty mongui t\u00e9kki rafett n\u00e9kh\u2026 bouma fa d\u00e9m\u00e9 lougne ma wakh r\u00e9kk mane la \u00bb\"}]},{\"@type\":\"WebSite\",\"@id\":\"https:\/\/www.public.sn\/#website\",\"url\":\"https:\/\/www.public.sn\/\",\"name\":\"LE PUBLIC\",\"description\":\"\",\"publisher\":{\"@id\":\"https:\/\/www.public.sn\/#organization\"},\"potentialAction\":[{\"@type\":\"SearchAction\",\"target\":{\"@type\":\"EntryPoint\",\"urlTemplate\":\"https:\/\/www.public.sn\/?s={search_term_string}\"},\"query-input\":{\"@type\":\"PropertyValueSpecification\",\"valueRequired\":true,\"valueName\":\"search_term_string\"}}],\"inLanguage\":\"fr-FR\"},{\"@type\":\"Organization\",\"@id\":\"https:\/\/www.public.sn\/#organization\",\"name\":\"LE PUBLIC\",\"url\":\"https:\/\/www.public.sn\/\",\"logo\":{\"@type\":\"ImageObject\",\"inLanguage\":\"fr-FR\",\"@id\":\"https:\/\/www.public.sn\/#\/schema\/logo\/image\/\",\"url\":\"https:\/\/www.public.sn\/wp-content\/uploads\/2024\/05\/cropped-LOGO-PUBLIC.SN_.png\",\"contentUrl\":\"https:\/\/www.public.sn\/wp-content\/uploads\/2024\/05\/cropped-LOGO-PUBLIC.SN_.png\",\"width\":682,\"height\":192,\"caption\":\"LE PUBLIC\"},\"image\":{\"@id\":\"https:\/\/www.public.sn\/#\/schema\/logo\/image\/\"}},{\"@type\":\"Person\",\"@id\":\"https:\/\/www.public.sn\/#\/schema\/person\/e3f4a11b037d4203902db148f9bc8d5a\",\"name\":\"LA REDACTION\",\"image\":{\"@type\":\"ImageObject\",\"inLanguage\":\"fr-FR\",\"@id\":\"https:\/\/www.public.sn\/#\/schema\/person\/image\/\",\"url\":\"https:\/\/secure.gravatar.com\/avatar\/d6c030db45db2883c075085c5d6c6258654a801a93766b49af0b82d4f454e2a5?s=96&d=mm&r=g\",\"contentUrl\":\"https:\/\/secure.gravatar.com\/avatar\/d6c030db45db2883c075085c5d6c6258654a801a93766b49af0b82d4f454e2a5?s=96&d=mm&r=g\",\"caption\":\"LA REDACTION\"},\"sameAs\":[\"http:\/\/www.public.sn\"],\"url\":\"https:\/\/www.public.sn\/index.php\/author\/admin7324\/\"}]}<\/script>\n<!-- \/ Yoast SEO plugin. -->","yoast_head_json":{"title":"Ahmed Khalifa Niass : \u00ab Sweet beauty mongui t\u00e9kki rafett n\u00e9kh\u2026 bouma fa d\u00e9m\u00e9 lougne ma wakh r\u00e9kk mane la \u00bb - LE PUBLIC","robots":{"index":"index","follow":"follow","max-snippet":"max-snippet:-1","max-image-preview":"max-image-preview:large","max-video-preview":"max-video-preview:-1"},"canonical":"https:\/\/www.public.sn\/index.php\/2022\/12\/04\/ahmed-khalifa-niass-sweet-beauty-mongui-tekki-rafett-nekh-bouma-fa-deme-lougne-ma-wakh-rekk-mane-la\/","og_locale":"fr_FR","og_type":"article","og_title":"Ahmed Khalifa Niass : \u00ab Sweet beauty mongui t\u00e9kki rafett n\u00e9kh\u2026 bouma fa d\u00e9m\u00e9 lougne ma wakh r\u00e9kk mane la \u00bb - LE PUBLIC","og_description":"Mardi 06 d\u00e9cembre prochain est pr\u00e9vue la confrontation entre Ousmane Sonko et Adji Sarr. Plus d\u2019un an apr\u00e8s les accusations de la masseuse de Sweet Beauty contre le leader de Pastef, cette fameuse affaire de viol connaitra peut-\u00eatre une avanc\u00e9e consid\u00e9rable. En attendant ce duel, les S\u00e9n\u00e9galais, chroniqueurs, analystes et acteurs politiques donnent d\u00e9j\u00e0 leurs points de vue sur ce dossier. Interpell\u00e9 par Aissatou Diop Fall l\u00e0-dessus, Ahmed Khalifa Niass de regretter l\u2019acte de Ousmane Sonko. Pour lui, le leader de Pastef ne devrait pas y aller. Le fait d\u2019y partir de son propre gr\u00e9 pour lui, l\u00e8ve de facto toutes hypoth\u00e8ses de complots.","og_url":"https:\/\/www.public.sn\/index.php\/2022\/12\/04\/ahmed-khalifa-niass-sweet-beauty-mongui-tekki-rafett-nekh-bouma-fa-deme-lougne-ma-wakh-rekk-mane-la\/","og_site_name":"LE PUBLIC","article_published_time":"2022-12-04T18:31:31+00:00","article_modified_time":"2022-12-04T18:35:12+00:00","og_image":[{"width":696,"height":437,"url":"https:\/\/www.public.sn\/wp-content\/uploads\/2022\/10\/ahmed-khalifa-niasse-696x437-1.png","type":"image\/png"}],"author":"LA REDACTION","twitter_card":"summary_large_image","twitter_misc":{"\u00c9crit par":"LA REDACTION","Dur\u00e9e de lecture estim\u00e9e":"1 minute"},"schema":{"@context":"https:\/\/schema.org","@graph":[{"@type":"Article","@id":"https:\/\/www.public.sn\/index.php\/2022\/12\/04\/ahmed-khalifa-niass-sweet-beauty-mongui-tekki-rafett-nekh-bouma-fa-deme-lougne-ma-wakh-rekk-mane-la\/#article","isPartOf":{"@id":"https:\/\/www.public.sn\/index.php\/2022\/12\/04\/ahmed-khalifa-niass-sweet-beauty-mongui-tekki-rafett-nekh-bouma-fa-deme-lougne-ma-wakh-rekk-mane-la\/"},"author":{"name":"LA REDACTION","@id":"https:\/\/www.public.sn\/#\/schema\/person\/e3f4a11b037d4203902db148f9bc8d5a"},"headline":"Ahmed Khalifa Niass : \u00ab Sweet beauty mongui t\u00e9kki rafett n\u00e9kh\u2026 bouma fa d\u00e9m\u00e9 lougne ma wakh r\u00e9kk mane la \u00bb","datePublished":"2022-12-04T18:31:31+00:00","dateModified":"2022-12-04T18:35:12+00:00","mainEntityOfPage":{"@id":"https:\/\/www.public.sn\/index.php\/2022\/12\/04\/ahmed-khalifa-niass-sweet-beauty-mongui-tekki-rafett-nekh-bouma-fa-deme-lougne-ma-wakh-rekk-mane-la\/"},"wordCount":140,"commentCount":0,"publisher":{"@id":"https:\/\/www.public.sn\/#organization"},"image":{"@id":"https:\/\/www.public.sn\/index.php\/2022\/12\/04\/ahmed-khalifa-niass-sweet-beauty-mongui-tekki-rafett-nekh-bouma-fa-deme-lougne-ma-wakh-rekk-mane-la\/#primaryimage"},"thumbnailUrl":"https:\/\/www.public.sn\/wp-content\/uploads\/2022\/10\/ahmed-khalifa-niasse-696x437-1.png","keywords":["ahmed khlaifa Niass","sonko","Sweet beauty"],"articleSection":["ACTUALIT\u00c9S","POLITIQUE","S\u00c9N\u00c9GAL","SOCIETE","VEDETTE","VIDEOS"],"inLanguage":"fr-FR","potentialAction":[{"@type":"CommentAction","name":"Comment","target":["https:\/\/www.public.sn\/index.php\/2022\/12\/04\/ahmed-khalifa-niass-sweet-beauty-mongui-tekki-rafett-nekh-bouma-fa-deme-lougne-ma-wakh-rekk-mane-la\/#respond"]}]},{"@type":"WebPage","@id":"https:\/\/www.public.sn\/index.php\/2022\/12\/04\/ahmed-khalifa-niass-sweet-beauty-mongui-tekki-rafett-nekh-bouma-fa-deme-lougne-ma-wakh-rekk-mane-la\/","url":"https:\/\/www.public.sn\/index.php\/2022\/12\/04\/ahmed-khalifa-niass-sweet-beauty-mongui-tekki-rafett-nekh-bouma-fa-deme-lougne-ma-wakh-rekk-mane-la\/","name":"Ahmed Khalifa Niass : \u00ab Sweet beauty mongui t\u00e9kki rafett n\u00e9kh\u2026 bouma fa d\u00e9m\u00e9 lougne ma wakh r\u00e9kk mane la \u00bb - LE PUBLIC","isPartOf":{"@id":"https:\/\/www.public.sn\/#website"},"primaryImageOfPage":{"@id":"https:\/\/www.public.sn\/index.php\/2022\/12\/04\/ahmed-khalifa-niass-sweet-beauty-mongui-tekki-rafett-nekh-bouma-fa-deme-lougne-ma-wakh-rekk-mane-la\/#primaryimage"},"image":{"@id":"https:\/\/www.public.sn\/index.php\/2022\/12\/04\/ahmed-khalifa-niass-sweet-beauty-mongui-tekki-rafett-nekh-bouma-fa-deme-lougne-ma-wakh-rekk-mane-la\/#primaryimage"},"thumbnailUrl":"https:\/\/www.public.sn\/wp-content\/uploads\/2022\/10\/ahmed-khalifa-niasse-696x437-1.png","datePublished":"2022-12-04T18:31:31+00:00","dateModified":"2022-12-04T18:35:12+00:00","breadcrumb":{"@id":"https:\/\/www.public.sn\/index.php\/2022\/12\/04\/ahmed-khalifa-niass-sweet-beauty-mongui-tekki-rafett-nekh-bouma-fa-deme-lougne-ma-wakh-rekk-mane-la\/#breadcrumb"},"inLanguage":"fr-FR","potentialAction":[{"@type":"ReadAction","target":["https:\/\/www.public.sn\/index.php\/2022\/12\/04\/ahmed-khalifa-niass-sweet-beauty-mongui-tekki-rafett-nekh-bouma-fa-deme-lougne-ma-wakh-rekk-mane-la\/"]}]},{"@type":"ImageObject","inLanguage":"fr-FR","@id":"https:\/\/www.public.sn\/index.php\/2022\/12\/04\/ahmed-khalifa-niass-sweet-beauty-mongui-tekki-rafett-nekh-bouma-fa-deme-lougne-ma-wakh-rekk-mane-la\/#primaryimage","url":"https:\/\/www.public.sn\/wp-content\/uploads\/2022\/10\/ahmed-khalifa-niasse-696x437-1.png","contentUrl":"https:\/\/www.public.sn\/wp-content\/uploads\/2022\/10\/ahmed-khalifa-niasse-696x437-1.png","width":696,"height":437},{"@type":"BreadcrumbList","@id":"https:\/\/www.public.sn\/index.php\/2022\/12\/04\/ahmed-khalifa-niass-sweet-beauty-mongui-tekki-rafett-nekh-bouma-fa-deme-lougne-ma-wakh-rekk-mane-la\/#breadcrumb","itemListElement":[{"@type":"ListItem","position":1,"name":"Accueil","item":"https:\/\/www.public.sn\/"},{"@type":"ListItem","position":2,"name":"Ahmed Khalifa Niass : \u00ab Sweet beauty mongui t\u00e9kki rafett n\u00e9kh\u2026 bouma fa d\u00e9m\u00e9 lougne ma wakh r\u00e9kk mane la \u00bb"}]},{"@type":"WebSite","@id":"https:\/\/www.public.sn\/#website","url":"https:\/\/www.public.sn\/","name":"LE PUBLIC","description":"","publisher":{"@id":"https:\/\/www.public.sn\/#organization"},"potentialAction":[{"@type":"SearchAction","target":{"@type":"EntryPoint","urlTemplate":"https:\/\/www.public.sn\/?s={search_term_string}"},"query-input":{"@type":"PropertyValueSpecification","valueRequired":true,"valueName":"search_term_string"}}],"inLanguage":"fr-FR"},{"@type":"Organization","@id":"https:\/\/www.public.sn\/#organization","name":"LE PUBLIC","url":"https:\/\/www.public.sn\/","logo":{"@type":"ImageObject","inLanguage":"fr-FR","@id":"https:\/\/www.public.sn\/#\/schema\/logo\/image\/","url":"https:\/\/www.public.sn\/wp-content\/uploads\/2024\/05\/cropped-LOGO-PUBLIC.SN_.png","contentUrl":"https:\/\/www.public.sn\/wp-content\/uploads\/2024\/05\/cropped-LOGO-PUBLIC.SN_.png","width":682,"height":192,"caption":"LE PUBLIC"},"image":{"@id":"https:\/\/www.public.sn\/#\/schema\/logo\/image\/"}},{"@type":"Person","@id":"https:\/\/www.public.sn\/#\/schema\/person\/e3f4a11b037d4203902db148f9bc8d5a","name":"LA REDACTION","image":{"@type":"ImageObject","inLanguage":"fr-FR","@id":"https:\/\/www.public.sn\/#\/schema\/person\/image\/","url":"https:\/\/secure.gravatar.com\/avatar\/d6c030db45db2883c075085c5d6c6258654a801a93766b49af0b82d4f454e2a5?s=96&d=mm&r=g","contentUrl":"https:\/\/secure.gravatar.com\/avatar\/d6c030db45db2883c075085c5d6c6258654a801a93766b49af0b82d4f454e2a5?s=96&d=mm&r=g","caption":"LA REDACTION"},"sameAs":["http:\/\/www.public.sn"],"url":"https:\/\/www.public.sn\/index.php\/author\/admin7324\/"}]}},"jetpack_featured_media_url":"https:\/\/www.public.sn\/wp-content\/uploads\/2022\/10\/ahmed-khalifa-niasse-696x437-1.png","jetpack_sharing_enabled":true,"_links":{"self":[{"href":"https:\/\/www.public.sn\/index.php\/wp-json\/wp\/v2\/posts\/11070","targetHints":{"allow":["GET"]}}],"collection":[{"href":"https:\/\/www.public.sn\/index.php\/wp-json\/wp\/v2\/posts"}],"about":[{"href":"https:\/\/www.public.sn\/index.php\/wp-json\/wp\/v2\/types\/post"}],"author":[{"embeddable":true,"href":"https:\/\/www.public.sn\/index.php\/wp-json\/wp\/v2\/users\/1"}],"replies":[{"embeddable":true,"href":"https:\/\/www.public.sn\/index.php\/wp-json\/wp\/v2\/comments?post=11070"}],"version-history":[{"count":4,"href":"https:\/\/www.public.sn\/index.php\/wp-json\/wp\/v2\/posts\/11070\/revisions"}],"predecessor-version":[{"id":11086,"href":"https:\/\/www.public.sn\/index.php\/wp-json\/wp\/v2\/posts\/11070\/revisions\/11086"}],"wp:featuredmedia":[{"embeddable":true,"href":"https:\/\/www.public.sn\/index.php\/wp-json\/wp\/v2\/media\/4332"}],"wp:attachment":[{"href":"https:\/\/www.public.sn\/index.php\/wp-json\/wp\/v2\/media?parent=11070"}],"wp:term":[{"taxonomy":"category","embeddable":true,"href":"https:\/\/www.public.sn\/index.php\/wp-json\/wp\/v2\/categories?post=11070"},{"taxonomy":"post_tag","embeddable":true,"href":"https:\/\/www.public.sn\/index.php\/wp-json\/wp\/v2\/tags?post=11070"}],"curies":[{"name":"wp","href":"https:\/\/api.w.org\/{rel}","templated":true}]}}