{"id":11087,"date":"2022-12-04T19:53:43","date_gmt":"2022-12-04T19:53:43","guid":{"rendered":"https:\/\/www.public.sn\/?p=11087"},"modified":"2022-12-05T11:53:26","modified_gmt":"2022-12-05T11:53:26","slug":"bagarre-a-lassemblee-nationale-on-en-sait-plus-sur-la-saisine-du-procureur","status":"publish","type":"post","link":"https:\/\/www.public.sn\/index.php\/2022\/12\/04\/bagarre-a-lassemblee-nationale-on-en-sait-plus-sur-la-saisine-du-procureur\/","title":{"rendered":"Bagarre \u00e0 l\u2019Assembl\u00e9e Nationale\u00a0: On en sait plus sur la saisine du Procureur"},"content":{"rendered":"\n<p><\/p>\n\n\n\n<p>C\u2019est le pr\u00e9sident de l&rsquo;Assembl\u00e9e nationale, Amadou Mame Diop, apr\u00e8s une r\u00e9union du bureau de l\u2019institution, qui a saisi le minist\u00e8re public sur proc\u00e8s-verbal&nbsp; juste apr\u00e8s l&rsquo;incident.<\/p><div class=\"publi-paragraphe1\" style=\"margin-top: 10px;margin-bottom: 10px;margin-left: auto;margin-right: auto;text-align: center;\" id=\"publi-2054188382\"><div class=\"publi-adlabel\">Publicit\u00e9<\/div><script async src=\"\/\/pagead2.googlesyndication.com\/pagead\/js\/adsbygoogle.js?client=ca-pub-4089586018074219\" crossorigin=\"anonymous\"><\/script><ins class=\"adsbygoogle\" style=\"display:block;\" data-ad-client=\"ca-pub-4089586018074219\" \ndata-ad-slot=\"2087940154\" \ndata-ad-format=\"auto\"><\/ins>\n<script> \n(adsbygoogle = window.adsbygoogle || []).push({}); \n<\/script>\n<\/div>\n\n\n\n<p>&nbsp;Le Pr\u00e9sident de l\u2019Assembl\u00e9e nationale est, en effet,&nbsp; habilit\u00e9 \u00e0 saisir le Procureur, comme il est stipul\u00e9 dans l\u2019article 53 du r\u00e8glement int\u00e9rieur. Cet article 53 dit :&nbsp;\u00bbEn cas de crime ou de d\u00e9lit, il (le pr\u00e9sident) fait dresser proc\u00e8s-verbal et saisit imm\u00e9diatement le Procureur de la R\u00e9publique. Il en rend compte au Bureau de l&rsquo;Assembl\u00e9e nationale\u00a0\u00bb.&nbsp;<\/p>\n\n\n\n<p>Souadou Diop<\/p>\n<div class=\"publi-apres-le-contenu\" style=\"margin-top: 10px;margin-bottom: 10px;margin-left: auto;margin-right: auto;text-align: center;\" id=\"publi-4193631553\"><div class=\"publi-adlabel\">Publicit\u00e9<\/div><script async src=\"\/\/pagead2.googlesyndication.com\/pagead\/js\/adsbygoogle.js?client=ca-pub-4089586018074219\" crossorigin=\"anonymous\"><\/script><ins class=\"adsbygoogle\" style=\"display:block;\" data-ad-client=\"ca-pub-4089586018074219\" \ndata-ad-slot=\"2087940154\" \ndata-ad-format=\"auto\"><\/ins>\n<script> \n(adsbygoogle = window.adsbygoogle || []).push({}); \n<\/script>\n<\/div>","protected":false},"excerpt":{"rendered":"<p>C\u2019est le pr\u00e9sident de l&rsquo;Assembl\u00e9e nationale, Amadou Mame Diop, apr\u00e8s une r\u00e9union du bureau de l\u2019institution, qui a saisi le minist\u00e8re public sur proc\u00e8s-verbal&nbsp; juste apr\u00e8s l&rsquo;incident. &nbsp;Le Pr\u00e9sident de l\u2019Assembl\u00e9e nationale est, en effet,&nbsp; habilit\u00e9 \u00e0 saisir le Procureur, comme il est stipul\u00e9 dans l\u2019article 53 du r\u00e8glement int\u00e9rieur. Cet article 53 dit :&nbsp;\u00bbEn cas de crime ou de d\u00e9lit, il (le pr\u00e9sident) fait dresser proc\u00e8s-verbal et saisit imm\u00e9diatement le Procureur de la R\u00e9publique. Il en rend compte au Bureau de l&rsquo;Assembl\u00e9e nationale\u00a0\u00bb.&nbsp; Souadou Diop<\/p>\n","protected":false},"author":7,"featured_media":11088,"comment_status":"open","ping_status":"open","sticky":false,"template":"","format":"standard","meta":{"_jetpack_memberships_contains_paid_content":false,"footnotes":""},"categories":[375,3,1],"tags":[12,1192,103],"class_list":["post-11087","post","type-post","status-publish","format-standard","has-post-thumbnail","hentry","category-actualites","category-politique","category-non-classe","tag-assemblee-nationale","tag-bagarre","tag-procureur","entry","has-media","owp-thumbs-layout-horizontal","owp-btn-normal","owp-tabs-layout-horizontal","has-no-thumbnails","has-product-nav"],"yoast_head":"<!-- This site is optimized with the Yoast SEO plugin v25.5 - https:\/\/yoast.com\/wordpress\/plugins\/seo\/ -->\n<title>Bagarre \u00e0 l\u2019Assembl\u00e9e Nationale\u00a0: On en sait plus sur la saisine du Procureur - LE PUBLIC<\/title>\n<meta name=\"robots\" content=\"index, follow, max-snippet:-1, max-image-preview:large, max-video-preview:-1\" \/>\n<link rel=\"canonical\" href=\"https:\/\/www.public.sn\/index.php\/2022\/12\/04\/bagarre-a-lassemblee-nationale-on-en-sait-plus-sur-la-saisine-du-procureur\/\" \/>\n<meta property=\"og:locale\" content=\"fr_FR\" \/>\n<meta property=\"og:type\" content=\"article\" \/>\n<meta property=\"og:title\" content=\"Bagarre \u00e0 l\u2019Assembl\u00e9e Nationale\u00a0: On en sait plus sur la saisine du Procureur - LE PUBLIC\" \/>\n<meta property=\"og:description\" content=\"C\u2019est le pr\u00e9sident de l&rsquo;Assembl\u00e9e nationale, Amadou Mame Diop, apr\u00e8s une r\u00e9union du bureau de l\u2019institution, qui a saisi le minist\u00e8re public sur proc\u00e8s-verbal&nbsp; juste apr\u00e8s l&rsquo;incident. &nbsp;Le Pr\u00e9sident de l\u2019Assembl\u00e9e nationale est, en effet,&nbsp; habilit\u00e9 \u00e0 saisir le Procureur, comme il est stipul\u00e9 dans l\u2019article 53 du r\u00e8glement int\u00e9rieur. Cet article 53 dit :&nbsp;\u00bbEn cas de crime ou de d\u00e9lit, il (le pr\u00e9sident) fait dresser proc\u00e8s-verbal et saisit imm\u00e9diatement le Procureur de la R\u00e9publique. Il en rend compte au Bureau de l&rsquo;Assembl\u00e9e nationale\u00a0\u00bb.&nbsp; Souadou Diop\" \/>\n<meta property=\"og:url\" content=\"https:\/\/www.public.sn\/index.php\/2022\/12\/04\/bagarre-a-lassemblee-nationale-on-en-sait-plus-sur-la-saisine-du-procureur\/\" \/>\n<meta property=\"og:site_name\" content=\"LE PUBLIC\" \/>\n<meta property=\"article:published_time\" content=\"2022-12-04T19:53:43+00:00\" \/>\n<meta property=\"article:modified_time\" content=\"2022-12-05T11:53:26+00:00\" \/>\n<meta property=\"og:image\" content=\"https:\/\/www.public.sn\/wp-content\/uploads\/2022\/12\/d7610b8a737b5589c096c50fffde66421e6df0be.jpg\" \/>\n\t<meta property=\"og:image:width\" content=\"612\" \/>\n\t<meta property=\"og:image:height\" content=\"298\" \/>\n\t<meta property=\"og:image:type\" content=\"image\/jpeg\" \/>\n<meta name=\"author\" content=\"LA REDACTION\" \/>\n<meta name=\"twitter:card\" content=\"summary_large_image\" \/>\n<meta name=\"twitter:label1\" content=\"\u00c9crit par\" \/>\n\t<meta name=\"twitter:data1\" content=\"LA REDACTION\" \/>\n\t<meta name=\"twitter:label2\" content=\"Dur\u00e9e de lecture estim\u00e9e\" \/>\n\t<meta name=\"twitter:data2\" content=\"1 minute\" \/>\n<script type=\"application\/ld+json\" class=\"yoast-schema-graph\">{\"@context\":\"https:\/\/schema.org\",\"@graph\":[{\"@type\":\"Article\",\"@id\":\"https:\/\/www.public.sn\/index.php\/2022\/12\/04\/bagarre-a-lassemblee-nationale-on-en-sait-plus-sur-la-saisine-du-procureur\/#article\",\"isPartOf\":{\"@id\":\"https:\/\/www.public.sn\/index.php\/2022\/12\/04\/bagarre-a-lassemblee-nationale-on-en-sait-plus-sur-la-saisine-du-procureur\/\"},\"author\":{\"name\":\"LA REDACTION\",\"@id\":\"https:\/\/www.public.sn\/#\/schema\/person\/cb76c8e1b8becc6be61fb5e92d6d0224\"},\"headline\":\"Bagarre \u00e0 l\u2019Assembl\u00e9e Nationale\u00a0: On en sait plus sur la saisine du Procureur\",\"datePublished\":\"2022-12-04T19:53:43+00:00\",\"dateModified\":\"2022-12-05T11:53:26+00:00\",\"mainEntityOfPage\":{\"@id\":\"https:\/\/www.public.sn\/index.php\/2022\/12\/04\/bagarre-a-lassemblee-nationale-on-en-sait-plus-sur-la-saisine-du-procureur\/\"},\"wordCount\":123,\"commentCount\":0,\"publisher\":{\"@id\":\"https:\/\/www.public.sn\/#organization\"},\"image\":{\"@id\":\"https:\/\/www.public.sn\/index.php\/2022\/12\/04\/bagarre-a-lassemblee-nationale-on-en-sait-plus-sur-la-saisine-du-procureur\/#primaryimage\"},\"thumbnailUrl\":\"https:\/\/www.public.sn\/wp-content\/uploads\/2022\/12\/d7610b8a737b5589c096c50fffde66421e6df0be.jpg\",\"keywords\":[\"Assembl\u00e9e Nationale\",\"bagarre\",\"Procureur\"],\"articleSection\":[\"ACTUALIT\u00c9S\",\"POLITIQUE\",\"S\u00c9N\u00c9GAL\"],\"inLanguage\":\"fr-FR\",\"potentialAction\":[{\"@type\":\"CommentAction\",\"name\":\"Comment\",\"target\":[\"https:\/\/www.public.sn\/index.php\/2022\/12\/04\/bagarre-a-lassemblee-nationale-on-en-sait-plus-sur-la-saisine-du-procureur\/#respond\"]}]},{\"@type\":\"WebPage\",\"@id\":\"https:\/\/www.public.sn\/index.php\/2022\/12\/04\/bagarre-a-lassemblee-nationale-on-en-sait-plus-sur-la-saisine-du-procureur\/\",\"url\":\"https:\/\/www.public.sn\/index.php\/2022\/12\/04\/bagarre-a-lassemblee-nationale-on-en-sait-plus-sur-la-saisine-du-procureur\/\",\"name\":\"Bagarre \u00e0 l\u2019Assembl\u00e9e Nationale\u00a0: On en sait plus sur la saisine du Procureur - LE PUBLIC\",\"isPartOf\":{\"@id\":\"https:\/\/www.public.sn\/#website\"},\"primaryImageOfPage\":{\"@id\":\"https:\/\/www.public.sn\/index.php\/2022\/12\/04\/bagarre-a-lassemblee-nationale-on-en-sait-plus-sur-la-saisine-du-procureur\/#primaryimage\"},\"image\":{\"@id\":\"https:\/\/www.public.sn\/index.php\/2022\/12\/04\/bagarre-a-lassemblee-nationale-on-en-sait-plus-sur-la-saisine-du-procureur\/#primaryimage\"},\"thumbnailUrl\":\"https:\/\/www.public.sn\/wp-content\/uploads\/2022\/12\/d7610b8a737b5589c096c50fffde66421e6df0be.jpg\",\"datePublished\":\"2022-12-04T19:53:43+00:00\",\"dateModified\":\"2022-12-05T11:53:26+00:00\",\"breadcrumb\":{\"@id\":\"https:\/\/www.public.sn\/index.php\/2022\/12\/04\/bagarre-a-lassemblee-nationale-on-en-sait-plus-sur-la-saisine-du-procureur\/#breadcrumb\"},\"inLanguage\":\"fr-FR\",\"potentialAction\":[{\"@type\":\"ReadAction\",\"target\":[\"https:\/\/www.public.sn\/index.php\/2022\/12\/04\/bagarre-a-lassemblee-nationale-on-en-sait-plus-sur-la-saisine-du-procureur\/\"]}]},{\"@type\":\"ImageObject\",\"inLanguage\":\"fr-FR\",\"@id\":\"https:\/\/www.public.sn\/index.php\/2022\/12\/04\/bagarre-a-lassemblee-nationale-on-en-sait-plus-sur-la-saisine-du-procureur\/#primaryimage\",\"url\":\"https:\/\/www.public.sn\/wp-content\/uploads\/2022\/12\/d7610b8a737b5589c096c50fffde66421e6df0be.jpg\",\"contentUrl\":\"https:\/\/www.public.sn\/wp-content\/uploads\/2022\/12\/d7610b8a737b5589c096c50fffde66421e6df0be.jpg\",\"width\":612,\"height\":298},{\"@type\":\"BreadcrumbList\",\"@id\":\"https:\/\/www.public.sn\/index.php\/2022\/12\/04\/bagarre-a-lassemblee-nationale-on-en-sait-plus-sur-la-saisine-du-procureur\/#breadcrumb\",\"itemListElement\":[{\"@type\":\"ListItem\",\"position\":1,\"name\":\"Accueil\",\"item\":\"https:\/\/www.public.sn\/\"},{\"@type\":\"ListItem\",\"position\":2,\"name\":\"Bagarre \u00e0 l\u2019Assembl\u00e9e Nationale\u00a0: On en sait plus sur la saisine du Procureur\"}]},{\"@type\":\"WebSite\",\"@id\":\"https:\/\/www.public.sn\/#website\",\"url\":\"https:\/\/www.public.sn\/\",\"name\":\"LE PUBLIC\",\"description\":\"\",\"publisher\":{\"@id\":\"https:\/\/www.public.sn\/#organization\"},\"potentialAction\":[{\"@type\":\"SearchAction\",\"target\":{\"@type\":\"EntryPoint\",\"urlTemplate\":\"https:\/\/www.public.sn\/?s={search_term_string}\"},\"query-input\":{\"@type\":\"PropertyValueSpecification\",\"valueRequired\":true,\"valueName\":\"search_term_string\"}}],\"inLanguage\":\"fr-FR\"},{\"@type\":\"Organization\",\"@id\":\"https:\/\/www.public.sn\/#organization\",\"name\":\"LE PUBLIC\",\"url\":\"https:\/\/www.public.sn\/\",\"logo\":{\"@type\":\"ImageObject\",\"inLanguage\":\"fr-FR\",\"@id\":\"https:\/\/www.public.sn\/#\/schema\/logo\/image\/\",\"url\":\"https:\/\/www.public.sn\/wp-content\/uploads\/2024\/05\/cropped-LOGO-PUBLIC.SN_.png\",\"contentUrl\":\"https:\/\/www.public.sn\/wp-content\/uploads\/2024\/05\/cropped-LOGO-PUBLIC.SN_.png\",\"width\":682,\"height\":192,\"caption\":\"LE PUBLIC\"},\"image\":{\"@id\":\"https:\/\/www.public.sn\/#\/schema\/logo\/image\/\"}},{\"@type\":\"Person\",\"@id\":\"https:\/\/www.public.sn\/#\/schema\/person\/cb76c8e1b8becc6be61fb5e92d6d0224\",\"name\":\"LA REDACTION\",\"image\":{\"@type\":\"ImageObject\",\"inLanguage\":\"fr-FR\",\"@id\":\"https:\/\/www.public.sn\/#\/schema\/person\/image\/\",\"url\":\"https:\/\/secure.gravatar.com\/avatar\/2dce5ddd34b8fef0180efe03aa2a9bee7d953856048f9a16b298190a3178407c?s=96&d=mm&r=g\",\"contentUrl\":\"https:\/\/secure.gravatar.com\/avatar\/2dce5ddd34b8fef0180efe03aa2a9bee7d953856048f9a16b298190a3178407c?s=96&d=mm&r=g\",\"caption\":\"LA REDACTION\"},\"url\":\"https:\/\/www.public.sn\/index.php\/author\/editeurpsn\/\"}]}<\/script>\n<!-- \/ Yoast SEO plugin. -->","yoast_head_json":{"title":"Bagarre \u00e0 l\u2019Assembl\u00e9e Nationale\u00a0: On en sait plus sur la saisine du Procureur - LE PUBLIC","robots":{"index":"index","follow":"follow","max-snippet":"max-snippet:-1","max-image-preview":"max-image-preview:large","max-video-preview":"max-video-preview:-1"},"canonical":"https:\/\/www.public.sn\/index.php\/2022\/12\/04\/bagarre-a-lassemblee-nationale-on-en-sait-plus-sur-la-saisine-du-procureur\/","og_locale":"fr_FR","og_type":"article","og_title":"Bagarre \u00e0 l\u2019Assembl\u00e9e Nationale\u00a0: On en sait plus sur la saisine du Procureur - LE PUBLIC","og_description":"C\u2019est le pr\u00e9sident de l&rsquo;Assembl\u00e9e nationale, Amadou Mame Diop, apr\u00e8s une r\u00e9union du bureau de l\u2019institution, qui a saisi le minist\u00e8re public sur proc\u00e8s-verbal&nbsp; juste apr\u00e8s l&rsquo;incident. &nbsp;Le Pr\u00e9sident de l\u2019Assembl\u00e9e nationale est, en effet,&nbsp; habilit\u00e9 \u00e0 saisir le Procureur, comme il est stipul\u00e9 dans l\u2019article 53 du r\u00e8glement int\u00e9rieur. Cet article 53 dit :&nbsp;\u00bbEn cas de crime ou de d\u00e9lit, il (le pr\u00e9sident) fait dresser proc\u00e8s-verbal et saisit imm\u00e9diatement le Procureur de la R\u00e9publique. Il en rend compte au Bureau de l&rsquo;Assembl\u00e9e nationale\u00a0\u00bb.&nbsp; Souadou Diop","og_url":"https:\/\/www.public.sn\/index.php\/2022\/12\/04\/bagarre-a-lassemblee-nationale-on-en-sait-plus-sur-la-saisine-du-procureur\/","og_site_name":"LE PUBLIC","article_published_time":"2022-12-04T19:53:43+00:00","article_modified_time":"2022-12-05T11:53:26+00:00","og_image":[{"width":612,"height":298,"url":"https:\/\/www.public.sn\/wp-content\/uploads\/2022\/12\/d7610b8a737b5589c096c50fffde66421e6df0be.jpg","type":"image\/jpeg"}],"author":"LA REDACTION","twitter_card":"summary_large_image","twitter_misc":{"\u00c9crit par":"LA REDACTION","Dur\u00e9e de lecture estim\u00e9e":"1 minute"},"schema":{"@context":"https:\/\/schema.org","@graph":[{"@type":"Article","@id":"https:\/\/www.public.sn\/index.php\/2022\/12\/04\/bagarre-a-lassemblee-nationale-on-en-sait-plus-sur-la-saisine-du-procureur\/#article","isPartOf":{"@id":"https:\/\/www.public.sn\/index.php\/2022\/12\/04\/bagarre-a-lassemblee-nationale-on-en-sait-plus-sur-la-saisine-du-procureur\/"},"author":{"name":"LA REDACTION","@id":"https:\/\/www.public.sn\/#\/schema\/person\/cb76c8e1b8becc6be61fb5e92d6d0224"},"headline":"Bagarre \u00e0 l\u2019Assembl\u00e9e Nationale\u00a0: On en sait plus sur la saisine du Procureur","datePublished":"2022-12-04T19:53:43+00:00","dateModified":"2022-12-05T11:53:26+00:00","mainEntityOfPage":{"@id":"https:\/\/www.public.sn\/index.php\/2022\/12\/04\/bagarre-a-lassemblee-nationale-on-en-sait-plus-sur-la-saisine-du-procureur\/"},"wordCount":123,"commentCount":0,"publisher":{"@id":"https:\/\/www.public.sn\/#organization"},"image":{"@id":"https:\/\/www.public.sn\/index.php\/2022\/12\/04\/bagarre-a-lassemblee-nationale-on-en-sait-plus-sur-la-saisine-du-procureur\/#primaryimage"},"thumbnailUrl":"https:\/\/www.public.sn\/wp-content\/uploads\/2022\/12\/d7610b8a737b5589c096c50fffde66421e6df0be.jpg","keywords":["Assembl\u00e9e Nationale","bagarre","Procureur"],"articleSection":["ACTUALIT\u00c9S","POLITIQUE","S\u00c9N\u00c9GAL"],"inLanguage":"fr-FR","potentialAction":[{"@type":"CommentAction","name":"Comment","target":["https:\/\/www.public.sn\/index.php\/2022\/12\/04\/bagarre-a-lassemblee-nationale-on-en-sait-plus-sur-la-saisine-du-procureur\/#respond"]}]},{"@type":"WebPage","@id":"https:\/\/www.public.sn\/index.php\/2022\/12\/04\/bagarre-a-lassemblee-nationale-on-en-sait-plus-sur-la-saisine-du-procureur\/","url":"https:\/\/www.public.sn\/index.php\/2022\/12\/04\/bagarre-a-lassemblee-nationale-on-en-sait-plus-sur-la-saisine-du-procureur\/","name":"Bagarre \u00e0 l\u2019Assembl\u00e9e Nationale\u00a0: On en sait plus sur la saisine du Procureur - LE PUBLIC","isPartOf":{"@id":"https:\/\/www.public.sn\/#website"},"primaryImageOfPage":{"@id":"https:\/\/www.public.sn\/index.php\/2022\/12\/04\/bagarre-a-lassemblee-nationale-on-en-sait-plus-sur-la-saisine-du-procureur\/#primaryimage"},"image":{"@id":"https:\/\/www.public.sn\/index.php\/2022\/12\/04\/bagarre-a-lassemblee-nationale-on-en-sait-plus-sur-la-saisine-du-procureur\/#primaryimage"},"thumbnailUrl":"https:\/\/www.public.sn\/wp-content\/uploads\/2022\/12\/d7610b8a737b5589c096c50fffde66421e6df0be.jpg","datePublished":"2022-12-04T19:53:43+00:00","dateModified":"2022-12-05T11:53:26+00:00","breadcrumb":{"@id":"https:\/\/www.public.sn\/index.php\/2022\/12\/04\/bagarre-a-lassemblee-nationale-on-en-sait-plus-sur-la-saisine-du-procureur\/#breadcrumb"},"inLanguage":"fr-FR","potentialAction":[{"@type":"ReadAction","target":["https:\/\/www.public.sn\/index.php\/2022\/12\/04\/bagarre-a-lassemblee-nationale-on-en-sait-plus-sur-la-saisine-du-procureur\/"]}]},{"@type":"ImageObject","inLanguage":"fr-FR","@id":"https:\/\/www.public.sn\/index.php\/2022\/12\/04\/bagarre-a-lassemblee-nationale-on-en-sait-plus-sur-la-saisine-du-procureur\/#primaryimage","url":"https:\/\/www.public.sn\/wp-content\/uploads\/2022\/12\/d7610b8a737b5589c096c50fffde66421e6df0be.jpg","contentUrl":"https:\/\/www.public.sn\/wp-content\/uploads\/2022\/12\/d7610b8a737b5589c096c50fffde66421e6df0be.jpg","width":612,"height":298},{"@type":"BreadcrumbList","@id":"https:\/\/www.public.sn\/index.php\/2022\/12\/04\/bagarre-a-lassemblee-nationale-on-en-sait-plus-sur-la-saisine-du-procureur\/#breadcrumb","itemListElement":[{"@type":"ListItem","position":1,"name":"Accueil","item":"https:\/\/www.public.sn\/"},{"@type":"ListItem","position":2,"name":"Bagarre \u00e0 l\u2019Assembl\u00e9e Nationale\u00a0: On en sait plus sur la saisine du Procureur"}]},{"@type":"WebSite","@id":"https:\/\/www.public.sn\/#website","url":"https:\/\/www.public.sn\/","name":"LE PUBLIC","description":"","publisher":{"@id":"https:\/\/www.public.sn\/#organization"},"potentialAction":[{"@type":"SearchAction","target":{"@type":"EntryPoint","urlTemplate":"https:\/\/www.public.sn\/?s={search_term_string}"},"query-input":{"@type":"PropertyValueSpecification","valueRequired":true,"valueName":"search_term_string"}}],"inLanguage":"fr-FR"},{"@type":"Organization","@id":"https:\/\/www.public.sn\/#organization","name":"LE PUBLIC","url":"https:\/\/www.public.sn\/","logo":{"@type":"ImageObject","inLanguage":"fr-FR","@id":"https:\/\/www.public.sn\/#\/schema\/logo\/image\/","url":"https:\/\/www.public.sn\/wp-content\/uploads\/2024\/05\/cropped-LOGO-PUBLIC.SN_.png","contentUrl":"https:\/\/www.public.sn\/wp-content\/uploads\/2024\/05\/cropped-LOGO-PUBLIC.SN_.png","width":682,"height":192,"caption":"LE PUBLIC"},"image":{"@id":"https:\/\/www.public.sn\/#\/schema\/logo\/image\/"}},{"@type":"Person","@id":"https:\/\/www.public.sn\/#\/schema\/person\/cb76c8e1b8becc6be61fb5e92d6d0224","name":"LA REDACTION","image":{"@type":"ImageObject","inLanguage":"fr-FR","@id":"https:\/\/www.public.sn\/#\/schema\/person\/image\/","url":"https:\/\/secure.gravatar.com\/avatar\/2dce5ddd34b8fef0180efe03aa2a9bee7d953856048f9a16b298190a3178407c?s=96&d=mm&r=g","contentUrl":"https:\/\/secure.gravatar.com\/avatar\/2dce5ddd34b8fef0180efe03aa2a9bee7d953856048f9a16b298190a3178407c?s=96&d=mm&r=g","caption":"LA REDACTION"},"url":"https:\/\/www.public.sn\/index.php\/author\/editeurpsn\/"}]}},"jetpack_featured_media_url":"https:\/\/www.public.sn\/wp-content\/uploads\/2022\/12\/d7610b8a737b5589c096c50fffde66421e6df0be.jpg","jetpack_sharing_enabled":true,"_links":{"self":[{"href":"https:\/\/www.public.sn\/index.php\/wp-json\/wp\/v2\/posts\/11087","targetHints":{"allow":["GET"]}}],"collection":[{"href":"https:\/\/www.public.sn\/index.php\/wp-json\/wp\/v2\/posts"}],"about":[{"href":"https:\/\/www.public.sn\/index.php\/wp-json\/wp\/v2\/types\/post"}],"author":[{"embeddable":true,"href":"https:\/\/www.public.sn\/index.php\/wp-json\/wp\/v2\/users\/7"}],"replies":[{"embeddable":true,"href":"https:\/\/www.public.sn\/index.php\/wp-json\/wp\/v2\/comments?post=11087"}],"version-history":[{"count":2,"href":"https:\/\/www.public.sn\/index.php\/wp-json\/wp\/v2\/posts\/11087\/revisions"}],"predecessor-version":[{"id":11125,"href":"https:\/\/www.public.sn\/index.php\/wp-json\/wp\/v2\/posts\/11087\/revisions\/11125"}],"wp:featuredmedia":[{"embeddable":true,"href":"https:\/\/www.public.sn\/index.php\/wp-json\/wp\/v2\/media\/11088"}],"wp:attachment":[{"href":"https:\/\/www.public.sn\/index.php\/wp-json\/wp\/v2\/media?parent=11087"}],"wp:term":[{"taxonomy":"category","embeddable":true,"href":"https:\/\/www.public.sn\/index.php\/wp-json\/wp\/v2\/categories?post=11087"},{"taxonomy":"post_tag","embeddable":true,"href":"https:\/\/www.public.sn\/index.php\/wp-json\/wp\/v2\/tags?post=11087"}],"curies":[{"name":"wp","href":"https:\/\/api.w.org\/{rel}","templated":true}]}}