{"id":1110,"date":"2022-09-01T19:50:33","date_gmt":"2022-09-01T17:50:33","guid":{"rendered":"https:\/\/www.public.sn\/?p=1110"},"modified":"2022-09-01T19:50:34","modified_gmt":"2022-09-01T17:50:34","slug":"om-bamba-dieng-donne-son-accord-a-lolympique-gymnaste-club-de-nice","status":"publish","type":"post","link":"https:\/\/www.public.sn\/index.php\/2022\/09\/01\/om-bamba-dieng-donne-son-accord-a-lolympique-gymnaste-club-de-nice\/","title":{"rendered":"OM: Bamba Dieng donne son accord \u00e0 l\u2019Olympique Gymnaste Club de Nice."},"content":{"rendered":"\n<p><strong><em>C\u2019est une journ\u00e9e folle pour Bamba Dieng ce dernier jour de mercato\u00a0! Alors que l\u2019attaquant s\u00e9n\u00e9galais se dirigeait tout droit vers Leeds apr\u00e8s un accord total entre les diff\u00e9rentes parties, l\u2019ancien phoc\u00e9en va finalement rejoindre l\u2019OGC Nice.<\/em><\/strong><\/p><div class=\"publi-paragraphe1\" style=\"margin-top: 10px;margin-bottom: 10px;margin-left: auto;margin-right: auto;text-align: center;\" id=\"publi-17476416\"><div class=\"publi-adlabel\">Publicit\u00e9<\/div><script async src=\"\/\/pagead2.googlesyndication.com\/pagead\/js\/adsbygoogle.js?client=ca-pub-4089586018074219\" crossorigin=\"anonymous\"><\/script><ins class=\"adsbygoogle\" style=\"display:block;\" data-ad-client=\"ca-pub-4089586018074219\" \ndata-ad-slot=\"2087940154\" \ndata-ad-format=\"auto\"><\/ins>\n<script> \n(adsbygoogle = window.adsbygoogle || []).push({}); \n<\/script>\n<\/div>\n\n\n\n<p>Les supporters de Leeds United devront se faire du faux bond Bamba Dieng en ce Deadline Day du mercato estivale. Alors que tout \u00e9tait scell\u00e9 pour que l\u2019attaquant des Lions rejoignent les Seagulls, tout s\u2019est jou\u00e9 \u00e0 l\u2019a\u00e9roport au moment de rejoindre le club anglais. L\u2019OGC Nice a doubl\u00e9 son concurrent britannique dans les derniers instants avec une offre plus fructueuse que celle de Leeds. <\/p>\n\n\n\n<p>Comme r\u00e9v\u00e9l\u00e9 plus t\u00f4t par\u00a0<em>Taggat<\/em>, le club azur\u00e9en a trouv\u00e9 un accord en d\u00e9but d\u2019apr\u00e8s-midi pour un contrat de 5 ans. Pour rappel, les Ni\u00e7ois ont toujours \u00e9t\u00e9 la pr\u00e9f\u00e9rence du joueur s\u00e9n\u00e9galais suivis par plusieurs clubs. Pourtant, le pr\u00e9sident du club annon\u00e7ait m\u00eame sa venue sur\u00a0<em>Twitter<\/em>, comme relay\u00e9 par\u00a0Public SN. Mais c\u2019\u00e9tait sans compter la folie du dernier jour de la fen\u00eatre des transferts. <br>D\u2019ailleurs, Leeds se serait retir\u00e9 des n\u00e9gociations malgr\u00e9 un accord total avec le joueur et l\u2019OM.<\/p>\n<div class=\"publi-apres-le-contenu\" style=\"margin-top: 10px;margin-bottom: 10px;margin-left: auto;margin-right: auto;text-align: center;\" id=\"publi-2741424184\"><div class=\"publi-adlabel\">Publicit\u00e9<\/div><script async src=\"\/\/pagead2.googlesyndication.com\/pagead\/js\/adsbygoogle.js?client=ca-pub-4089586018074219\" crossorigin=\"anonymous\"><\/script><ins class=\"adsbygoogle\" style=\"display:block;\" data-ad-client=\"ca-pub-4089586018074219\" \ndata-ad-slot=\"2087940154\" \ndata-ad-format=\"auto\"><\/ins>\n<script> \n(adsbygoogle = window.adsbygoogle || []).push({}); \n<\/script>\n<\/div>","protected":false},"excerpt":{"rendered":"<p>C\u2019est une journ\u00e9e folle pour Bamba Dieng ce dernier jour de mercato\u00a0! Alors que l\u2019attaquant s\u00e9n\u00e9galais se dirigeait tout droit vers Leeds apr\u00e8s un accord total entre les diff\u00e9rentes parties, l\u2019ancien phoc\u00e9en va finalement rejoindre l\u2019OGC Nice. Les supporters de Leeds United devront se faire du faux bond Bamba Dieng en ce Deadline Day du mercato estivale. Alors que tout \u00e9tait scell\u00e9 pour que l\u2019attaquant des Lions rejoignent les Seagulls, tout s\u2019est jou\u00e9 \u00e0 l\u2019a\u00e9roport au moment de rejoindre le club anglais. L\u2019OGC Nice a doubl\u00e9 son concurrent britannique dans les derniers instants avec une offre plus fructueuse que celle de Leeds. Comme r\u00e9v\u00e9l\u00e9 plus t\u00f4t par\u00a0Taggat, le club azur\u00e9en a trouv\u00e9 un accord en d\u00e9but d\u2019apr\u00e8s-midi pour un contrat de 5 ans. Pour rappel, les Ni\u00e7ois ont toujours \u00e9t\u00e9 la pr\u00e9f\u00e9rence du joueur s\u00e9n\u00e9galais suivis par plusieurs clubs. Pourtant, le pr\u00e9sident du club annon\u00e7ait m\u00eame sa venue sur\u00a0Twitter, comme relay\u00e9 par\u00a0Public SN. Mais c\u2019\u00e9tait sans compter la folie du dernier jour de la fen\u00eatre des transferts. D\u2019ailleurs, Leeds se serait retir\u00e9 des n\u00e9gociations malgr\u00e9 un accord total avec le joueur et l\u2019OM.<\/p>\n","protected":false},"author":1,"featured_media":1111,"comment_status":"open","ping_status":"open","sticky":false,"template":"","format":"standard","meta":{"_jetpack_memberships_contains_paid_content":false,"footnotes":""},"categories":[7],"tags":[82,68,50,430,403],"class_list":["post-1110","post","type-post","status-publish","format-standard","has-post-thumbnail","hentry","category-sport","tag-bamba-dieng","tag-football","tag-mercato","tag-nice","tag-om","entry","has-media","owp-thumbs-layout-horizontal","owp-btn-normal","owp-tabs-layout-horizontal","has-no-thumbnails","has-product-nav"],"yoast_head":"<!-- This site is optimized with the Yoast SEO plugin v25.5 - https:\/\/yoast.com\/wordpress\/plugins\/seo\/ -->\n<title>OM: Bamba Dieng donne son accord \u00e0 l\u2019Olympique Gymnaste Club de Nice. - LE PUBLIC<\/title>\n<meta name=\"robots\" content=\"index, follow, max-snippet:-1, max-image-preview:large, max-video-preview:-1\" \/>\n<link rel=\"canonical\" href=\"https:\/\/www.public.sn\/index.php\/2022\/09\/01\/om-bamba-dieng-donne-son-accord-a-lolympique-gymnaste-club-de-nice\/\" \/>\n<meta property=\"og:locale\" content=\"fr_FR\" \/>\n<meta property=\"og:type\" content=\"article\" \/>\n<meta property=\"og:title\" content=\"OM: Bamba Dieng donne son accord \u00e0 l\u2019Olympique Gymnaste Club de Nice. - LE PUBLIC\" \/>\n<meta property=\"og:description\" content=\"C\u2019est une journ\u00e9e folle pour Bamba Dieng ce dernier jour de mercato\u00a0! Alors que l\u2019attaquant s\u00e9n\u00e9galais se dirigeait tout droit vers Leeds apr\u00e8s un accord total entre les diff\u00e9rentes parties, l\u2019ancien phoc\u00e9en va finalement rejoindre l\u2019OGC Nice. Les supporters de Leeds United devront se faire du faux bond Bamba Dieng en ce Deadline Day du mercato estivale. Alors que tout \u00e9tait scell\u00e9 pour que l\u2019attaquant des Lions rejoignent les Seagulls, tout s\u2019est jou\u00e9 \u00e0 l\u2019a\u00e9roport au moment de rejoindre le club anglais. L\u2019OGC Nice a doubl\u00e9 son concurrent britannique dans les derniers instants avec une offre plus fructueuse que celle de Leeds. Comme r\u00e9v\u00e9l\u00e9 plus t\u00f4t par\u00a0Taggat, le club azur\u00e9en a trouv\u00e9 un accord en d\u00e9but d\u2019apr\u00e8s-midi pour un contrat de 5 ans. Pour rappel, les Ni\u00e7ois ont toujours \u00e9t\u00e9 la pr\u00e9f\u00e9rence du joueur s\u00e9n\u00e9galais suivis par plusieurs clubs. Pourtant, le pr\u00e9sident du club annon\u00e7ait m\u00eame sa venue sur\u00a0Twitter, comme relay\u00e9 par\u00a0Public SN. Mais c\u2019\u00e9tait sans compter la folie du dernier jour de la fen\u00eatre des transferts. D\u2019ailleurs, Leeds se serait retir\u00e9 des n\u00e9gociations malgr\u00e9 un accord total avec le joueur et l\u2019OM.\" \/>\n<meta property=\"og:url\" content=\"https:\/\/www.public.sn\/index.php\/2022\/09\/01\/om-bamba-dieng-donne-son-accord-a-lolympique-gymnaste-club-de-nice\/\" \/>\n<meta property=\"og:site_name\" content=\"LE PUBLIC\" \/>\n<meta property=\"article:published_time\" content=\"2022-09-01T17:50:33+00:00\" \/>\n<meta property=\"article:modified_time\" content=\"2022-09-01T17:50:34+00:00\" \/>\n<meta property=\"og:image\" content=\"https:\/\/www.public.sn\/wp-content\/uploads\/2022\/09\/B58ADDC9-E1D8-4527-81D3-FEE6C730BEA7.webp\" \/>\n\t<meta property=\"og:image:width\" content=\"1440\" \/>\n\t<meta property=\"og:image:height\" content=\"810\" \/>\n\t<meta property=\"og:image:type\" content=\"image\/webp\" \/>\n<meta name=\"author\" content=\"LA REDACTION\" \/>\n<meta name=\"twitter:card\" content=\"summary_large_image\" \/>\n<meta name=\"twitter:label1\" content=\"\u00c9crit par\" \/>\n\t<meta name=\"twitter:data1\" content=\"LA REDACTION\" \/>\n\t<meta name=\"twitter:label2\" content=\"Dur\u00e9e de lecture estim\u00e9e\" \/>\n\t<meta name=\"twitter:data2\" content=\"1 minute\" \/>\n<script type=\"application\/ld+json\" class=\"yoast-schema-graph\">{\"@context\":\"https:\/\/schema.org\",\"@graph\":[{\"@type\":\"Article\",\"@id\":\"https:\/\/www.public.sn\/index.php\/2022\/09\/01\/om-bamba-dieng-donne-son-accord-a-lolympique-gymnaste-club-de-nice\/#article\",\"isPartOf\":{\"@id\":\"https:\/\/www.public.sn\/index.php\/2022\/09\/01\/om-bamba-dieng-donne-son-accord-a-lolympique-gymnaste-club-de-nice\/\"},\"author\":{\"name\":\"LA REDACTION\",\"@id\":\"https:\/\/www.public.sn\/#\/schema\/person\/e3f4a11b037d4203902db148f9bc8d5a\"},\"headline\":\"OM: Bamba Dieng donne son accord \u00e0 l\u2019Olympique Gymnaste Club de Nice.\",\"datePublished\":\"2022-09-01T17:50:33+00:00\",\"dateModified\":\"2022-09-01T17:50:34+00:00\",\"mainEntityOfPage\":{\"@id\":\"https:\/\/www.public.sn\/index.php\/2022\/09\/01\/om-bamba-dieng-donne-son-accord-a-lolympique-gymnaste-club-de-nice\/\"},\"wordCount\":231,\"commentCount\":0,\"publisher\":{\"@id\":\"https:\/\/www.public.sn\/#organization\"},\"image\":{\"@id\":\"https:\/\/www.public.sn\/index.php\/2022\/09\/01\/om-bamba-dieng-donne-son-accord-a-lolympique-gymnaste-club-de-nice\/#primaryimage\"},\"thumbnailUrl\":\"https:\/\/www.public.sn\/wp-content\/uploads\/2022\/09\/B58ADDC9-E1D8-4527-81D3-FEE6C730BEA7.webp\",\"keywords\":[\"Bamba Dieng\",\"Football\",\"Mercato\",\"Nice\",\"OM\"],\"articleSection\":[\"SPORTS\"],\"inLanguage\":\"fr-FR\",\"potentialAction\":[{\"@type\":\"CommentAction\",\"name\":\"Comment\",\"target\":[\"https:\/\/www.public.sn\/index.php\/2022\/09\/01\/om-bamba-dieng-donne-son-accord-a-lolympique-gymnaste-club-de-nice\/#respond\"]}]},{\"@type\":\"WebPage\",\"@id\":\"https:\/\/www.public.sn\/index.php\/2022\/09\/01\/om-bamba-dieng-donne-son-accord-a-lolympique-gymnaste-club-de-nice\/\",\"url\":\"https:\/\/www.public.sn\/index.php\/2022\/09\/01\/om-bamba-dieng-donne-son-accord-a-lolympique-gymnaste-club-de-nice\/\",\"name\":\"OM: Bamba Dieng donne son accord \u00e0 l\u2019Olympique Gymnaste Club de Nice. - LE PUBLIC\",\"isPartOf\":{\"@id\":\"https:\/\/www.public.sn\/#website\"},\"primaryImageOfPage\":{\"@id\":\"https:\/\/www.public.sn\/index.php\/2022\/09\/01\/om-bamba-dieng-donne-son-accord-a-lolympique-gymnaste-club-de-nice\/#primaryimage\"},\"image\":{\"@id\":\"https:\/\/www.public.sn\/index.php\/2022\/09\/01\/om-bamba-dieng-donne-son-accord-a-lolympique-gymnaste-club-de-nice\/#primaryimage\"},\"thumbnailUrl\":\"https:\/\/www.public.sn\/wp-content\/uploads\/2022\/09\/B58ADDC9-E1D8-4527-81D3-FEE6C730BEA7.webp\",\"datePublished\":\"2022-09-01T17:50:33+00:00\",\"dateModified\":\"2022-09-01T17:50:34+00:00\",\"breadcrumb\":{\"@id\":\"https:\/\/www.public.sn\/index.php\/2022\/09\/01\/om-bamba-dieng-donne-son-accord-a-lolympique-gymnaste-club-de-nice\/#breadcrumb\"},\"inLanguage\":\"fr-FR\",\"potentialAction\":[{\"@type\":\"ReadAction\",\"target\":[\"https:\/\/www.public.sn\/index.php\/2022\/09\/01\/om-bamba-dieng-donne-son-accord-a-lolympique-gymnaste-club-de-nice\/\"]}]},{\"@type\":\"ImageObject\",\"inLanguage\":\"fr-FR\",\"@id\":\"https:\/\/www.public.sn\/index.php\/2022\/09\/01\/om-bamba-dieng-donne-son-accord-a-lolympique-gymnaste-club-de-nice\/#primaryimage\",\"url\":\"https:\/\/www.public.sn\/wp-content\/uploads\/2022\/09\/B58ADDC9-E1D8-4527-81D3-FEE6C730BEA7.webp\",\"contentUrl\":\"https:\/\/www.public.sn\/wp-content\/uploads\/2022\/09\/B58ADDC9-E1D8-4527-81D3-FEE6C730BEA7.webp\",\"width\":1440,\"height\":810},{\"@type\":\"BreadcrumbList\",\"@id\":\"https:\/\/www.public.sn\/index.php\/2022\/09\/01\/om-bamba-dieng-donne-son-accord-a-lolympique-gymnaste-club-de-nice\/#breadcrumb\",\"itemListElement\":[{\"@type\":\"ListItem\",\"position\":1,\"name\":\"Accueil\",\"item\":\"https:\/\/www.public.sn\/\"},{\"@type\":\"ListItem\",\"position\":2,\"name\":\"OM: Bamba Dieng donne son accord \u00e0 l\u2019Olympique Gymnaste Club de Nice.\"}]},{\"@type\":\"WebSite\",\"@id\":\"https:\/\/www.public.sn\/#website\",\"url\":\"https:\/\/www.public.sn\/\",\"name\":\"LE PUBLIC\",\"description\":\"\",\"publisher\":{\"@id\":\"https:\/\/www.public.sn\/#organization\"},\"potentialAction\":[{\"@type\":\"SearchAction\",\"target\":{\"@type\":\"EntryPoint\",\"urlTemplate\":\"https:\/\/www.public.sn\/?s={search_term_string}\"},\"query-input\":{\"@type\":\"PropertyValueSpecification\",\"valueRequired\":true,\"valueName\":\"search_term_string\"}}],\"inLanguage\":\"fr-FR\"},{\"@type\":\"Organization\",\"@id\":\"https:\/\/www.public.sn\/#organization\",\"name\":\"LE PUBLIC\",\"url\":\"https:\/\/www.public.sn\/\",\"logo\":{\"@type\":\"ImageObject\",\"inLanguage\":\"fr-FR\",\"@id\":\"https:\/\/www.public.sn\/#\/schema\/logo\/image\/\",\"url\":\"https:\/\/www.public.sn\/wp-content\/uploads\/2024\/05\/cropped-LOGO-PUBLIC.SN_.png\",\"contentUrl\":\"https:\/\/www.public.sn\/wp-content\/uploads\/2024\/05\/cropped-LOGO-PUBLIC.SN_.png\",\"width\":682,\"height\":192,\"caption\":\"LE PUBLIC\"},\"image\":{\"@id\":\"https:\/\/www.public.sn\/#\/schema\/logo\/image\/\"}},{\"@type\":\"Person\",\"@id\":\"https:\/\/www.public.sn\/#\/schema\/person\/e3f4a11b037d4203902db148f9bc8d5a\",\"name\":\"LA REDACTION\",\"image\":{\"@type\":\"ImageObject\",\"inLanguage\":\"fr-FR\",\"@id\":\"https:\/\/www.public.sn\/#\/schema\/person\/image\/\",\"url\":\"https:\/\/secure.gravatar.com\/avatar\/d6c030db45db2883c075085c5d6c6258654a801a93766b49af0b82d4f454e2a5?s=96&d=mm&r=g\",\"contentUrl\":\"https:\/\/secure.gravatar.com\/avatar\/d6c030db45db2883c075085c5d6c6258654a801a93766b49af0b82d4f454e2a5?s=96&d=mm&r=g\",\"caption\":\"LA REDACTION\"},\"sameAs\":[\"http:\/\/www.public.sn\"],\"url\":\"https:\/\/www.public.sn\/index.php\/author\/admin7324\/\"}]}<\/script>\n<!-- \/ Yoast SEO plugin. -->","yoast_head_json":{"title":"OM: Bamba Dieng donne son accord \u00e0 l\u2019Olympique Gymnaste Club de Nice. - LE PUBLIC","robots":{"index":"index","follow":"follow","max-snippet":"max-snippet:-1","max-image-preview":"max-image-preview:large","max-video-preview":"max-video-preview:-1"},"canonical":"https:\/\/www.public.sn\/index.php\/2022\/09\/01\/om-bamba-dieng-donne-son-accord-a-lolympique-gymnaste-club-de-nice\/","og_locale":"fr_FR","og_type":"article","og_title":"OM: Bamba Dieng donne son accord \u00e0 l\u2019Olympique Gymnaste Club de Nice. - LE PUBLIC","og_description":"C\u2019est une journ\u00e9e folle pour Bamba Dieng ce dernier jour de mercato\u00a0! Alors que l\u2019attaquant s\u00e9n\u00e9galais se dirigeait tout droit vers Leeds apr\u00e8s un accord total entre les diff\u00e9rentes parties, l\u2019ancien phoc\u00e9en va finalement rejoindre l\u2019OGC Nice. Les supporters de Leeds United devront se faire du faux bond Bamba Dieng en ce Deadline Day du mercato estivale. Alors que tout \u00e9tait scell\u00e9 pour que l\u2019attaquant des Lions rejoignent les Seagulls, tout s\u2019est jou\u00e9 \u00e0 l\u2019a\u00e9roport au moment de rejoindre le club anglais. L\u2019OGC Nice a doubl\u00e9 son concurrent britannique dans les derniers instants avec une offre plus fructueuse que celle de Leeds. Comme r\u00e9v\u00e9l\u00e9 plus t\u00f4t par\u00a0Taggat, le club azur\u00e9en a trouv\u00e9 un accord en d\u00e9but d\u2019apr\u00e8s-midi pour un contrat de 5 ans. Pour rappel, les Ni\u00e7ois ont toujours \u00e9t\u00e9 la pr\u00e9f\u00e9rence du joueur s\u00e9n\u00e9galais suivis par plusieurs clubs. Pourtant, le pr\u00e9sident du club annon\u00e7ait m\u00eame sa venue sur\u00a0Twitter, comme relay\u00e9 par\u00a0Public SN. Mais c\u2019\u00e9tait sans compter la folie du dernier jour de la fen\u00eatre des transferts. D\u2019ailleurs, Leeds se serait retir\u00e9 des n\u00e9gociations malgr\u00e9 un accord total avec le joueur et l\u2019OM.","og_url":"https:\/\/www.public.sn\/index.php\/2022\/09\/01\/om-bamba-dieng-donne-son-accord-a-lolympique-gymnaste-club-de-nice\/","og_site_name":"LE PUBLIC","article_published_time":"2022-09-01T17:50:33+00:00","article_modified_time":"2022-09-01T17:50:34+00:00","og_image":[{"width":1440,"height":810,"url":"https:\/\/www.public.sn\/wp-content\/uploads\/2022\/09\/B58ADDC9-E1D8-4527-81D3-FEE6C730BEA7.webp","type":"image\/webp"}],"author":"LA REDACTION","twitter_card":"summary_large_image","twitter_misc":{"\u00c9crit par":"LA REDACTION","Dur\u00e9e de lecture estim\u00e9e":"1 minute"},"schema":{"@context":"https:\/\/schema.org","@graph":[{"@type":"Article","@id":"https:\/\/www.public.sn\/index.php\/2022\/09\/01\/om-bamba-dieng-donne-son-accord-a-lolympique-gymnaste-club-de-nice\/#article","isPartOf":{"@id":"https:\/\/www.public.sn\/index.php\/2022\/09\/01\/om-bamba-dieng-donne-son-accord-a-lolympique-gymnaste-club-de-nice\/"},"author":{"name":"LA REDACTION","@id":"https:\/\/www.public.sn\/#\/schema\/person\/e3f4a11b037d4203902db148f9bc8d5a"},"headline":"OM: Bamba Dieng donne son accord \u00e0 l\u2019Olympique Gymnaste Club de Nice.","datePublished":"2022-09-01T17:50:33+00:00","dateModified":"2022-09-01T17:50:34+00:00","mainEntityOfPage":{"@id":"https:\/\/www.public.sn\/index.php\/2022\/09\/01\/om-bamba-dieng-donne-son-accord-a-lolympique-gymnaste-club-de-nice\/"},"wordCount":231,"commentCount":0,"publisher":{"@id":"https:\/\/www.public.sn\/#organization"},"image":{"@id":"https:\/\/www.public.sn\/index.php\/2022\/09\/01\/om-bamba-dieng-donne-son-accord-a-lolympique-gymnaste-club-de-nice\/#primaryimage"},"thumbnailUrl":"https:\/\/www.public.sn\/wp-content\/uploads\/2022\/09\/B58ADDC9-E1D8-4527-81D3-FEE6C730BEA7.webp","keywords":["Bamba Dieng","Football","Mercato","Nice","OM"],"articleSection":["SPORTS"],"inLanguage":"fr-FR","potentialAction":[{"@type":"CommentAction","name":"Comment","target":["https:\/\/www.public.sn\/index.php\/2022\/09\/01\/om-bamba-dieng-donne-son-accord-a-lolympique-gymnaste-club-de-nice\/#respond"]}]},{"@type":"WebPage","@id":"https:\/\/www.public.sn\/index.php\/2022\/09\/01\/om-bamba-dieng-donne-son-accord-a-lolympique-gymnaste-club-de-nice\/","url":"https:\/\/www.public.sn\/index.php\/2022\/09\/01\/om-bamba-dieng-donne-son-accord-a-lolympique-gymnaste-club-de-nice\/","name":"OM: Bamba Dieng donne son accord \u00e0 l\u2019Olympique Gymnaste Club de Nice. - LE PUBLIC","isPartOf":{"@id":"https:\/\/www.public.sn\/#website"},"primaryImageOfPage":{"@id":"https:\/\/www.public.sn\/index.php\/2022\/09\/01\/om-bamba-dieng-donne-son-accord-a-lolympique-gymnaste-club-de-nice\/#primaryimage"},"image":{"@id":"https:\/\/www.public.sn\/index.php\/2022\/09\/01\/om-bamba-dieng-donne-son-accord-a-lolympique-gymnaste-club-de-nice\/#primaryimage"},"thumbnailUrl":"https:\/\/www.public.sn\/wp-content\/uploads\/2022\/09\/B58ADDC9-E1D8-4527-81D3-FEE6C730BEA7.webp","datePublished":"2022-09-01T17:50:33+00:00","dateModified":"2022-09-01T17:50:34+00:00","breadcrumb":{"@id":"https:\/\/www.public.sn\/index.php\/2022\/09\/01\/om-bamba-dieng-donne-son-accord-a-lolympique-gymnaste-club-de-nice\/#breadcrumb"},"inLanguage":"fr-FR","potentialAction":[{"@type":"ReadAction","target":["https:\/\/www.public.sn\/index.php\/2022\/09\/01\/om-bamba-dieng-donne-son-accord-a-lolympique-gymnaste-club-de-nice\/"]}]},{"@type":"ImageObject","inLanguage":"fr-FR","@id":"https:\/\/www.public.sn\/index.php\/2022\/09\/01\/om-bamba-dieng-donne-son-accord-a-lolympique-gymnaste-club-de-nice\/#primaryimage","url":"https:\/\/www.public.sn\/wp-content\/uploads\/2022\/09\/B58ADDC9-E1D8-4527-81D3-FEE6C730BEA7.webp","contentUrl":"https:\/\/www.public.sn\/wp-content\/uploads\/2022\/09\/B58ADDC9-E1D8-4527-81D3-FEE6C730BEA7.webp","width":1440,"height":810},{"@type":"BreadcrumbList","@id":"https:\/\/www.public.sn\/index.php\/2022\/09\/01\/om-bamba-dieng-donne-son-accord-a-lolympique-gymnaste-club-de-nice\/#breadcrumb","itemListElement":[{"@type":"ListItem","position":1,"name":"Accueil","item":"https:\/\/www.public.sn\/"},{"@type":"ListItem","position":2,"name":"OM: Bamba Dieng donne son accord \u00e0 l\u2019Olympique Gymnaste Club de Nice."}]},{"@type":"WebSite","@id":"https:\/\/www.public.sn\/#website","url":"https:\/\/www.public.sn\/","name":"LE PUBLIC","description":"","publisher":{"@id":"https:\/\/www.public.sn\/#organization"},"potentialAction":[{"@type":"SearchAction","target":{"@type":"EntryPoint","urlTemplate":"https:\/\/www.public.sn\/?s={search_term_string}"},"query-input":{"@type":"PropertyValueSpecification","valueRequired":true,"valueName":"search_term_string"}}],"inLanguage":"fr-FR"},{"@type":"Organization","@id":"https:\/\/www.public.sn\/#organization","name":"LE PUBLIC","url":"https:\/\/www.public.sn\/","logo":{"@type":"ImageObject","inLanguage":"fr-FR","@id":"https:\/\/www.public.sn\/#\/schema\/logo\/image\/","url":"https:\/\/www.public.sn\/wp-content\/uploads\/2024\/05\/cropped-LOGO-PUBLIC.SN_.png","contentUrl":"https:\/\/www.public.sn\/wp-content\/uploads\/2024\/05\/cropped-LOGO-PUBLIC.SN_.png","width":682,"height":192,"caption":"LE PUBLIC"},"image":{"@id":"https:\/\/www.public.sn\/#\/schema\/logo\/image\/"}},{"@type":"Person","@id":"https:\/\/www.public.sn\/#\/schema\/person\/e3f4a11b037d4203902db148f9bc8d5a","name":"LA REDACTION","image":{"@type":"ImageObject","inLanguage":"fr-FR","@id":"https:\/\/www.public.sn\/#\/schema\/person\/image\/","url":"https:\/\/secure.gravatar.com\/avatar\/d6c030db45db2883c075085c5d6c6258654a801a93766b49af0b82d4f454e2a5?s=96&d=mm&r=g","contentUrl":"https:\/\/secure.gravatar.com\/avatar\/d6c030db45db2883c075085c5d6c6258654a801a93766b49af0b82d4f454e2a5?s=96&d=mm&r=g","caption":"LA REDACTION"},"sameAs":["http:\/\/www.public.sn"],"url":"https:\/\/www.public.sn\/index.php\/author\/admin7324\/"}]}},"jetpack_featured_media_url":"https:\/\/www.public.sn\/wp-content\/uploads\/2022\/09\/B58ADDC9-E1D8-4527-81D3-FEE6C730BEA7.webp","jetpack_sharing_enabled":true,"_links":{"self":[{"href":"https:\/\/www.public.sn\/index.php\/wp-json\/wp\/v2\/posts\/1110","targetHints":{"allow":["GET"]}}],"collection":[{"href":"https:\/\/www.public.sn\/index.php\/wp-json\/wp\/v2\/posts"}],"about":[{"href":"https:\/\/www.public.sn\/index.php\/wp-json\/wp\/v2\/types\/post"}],"author":[{"embeddable":true,"href":"https:\/\/www.public.sn\/index.php\/wp-json\/wp\/v2\/users\/1"}],"replies":[{"embeddable":true,"href":"https:\/\/www.public.sn\/index.php\/wp-json\/wp\/v2\/comments?post=1110"}],"version-history":[{"count":1,"href":"https:\/\/www.public.sn\/index.php\/wp-json\/wp\/v2\/posts\/1110\/revisions"}],"predecessor-version":[{"id":1112,"href":"https:\/\/www.public.sn\/index.php\/wp-json\/wp\/v2\/posts\/1110\/revisions\/1112"}],"wp:featuredmedia":[{"embeddable":true,"href":"https:\/\/www.public.sn\/index.php\/wp-json\/wp\/v2\/media\/1111"}],"wp:attachment":[{"href":"https:\/\/www.public.sn\/index.php\/wp-json\/wp\/v2\/media?parent=1110"}],"wp:term":[{"taxonomy":"category","embeddable":true,"href":"https:\/\/www.public.sn\/index.php\/wp-json\/wp\/v2\/categories?post=1110"},{"taxonomy":"post_tag","embeddable":true,"href":"https:\/\/www.public.sn\/index.php\/wp-json\/wp\/v2\/tags?post=1110"}],"curies":[{"name":"wp","href":"https:\/\/api.w.org\/{rel}","templated":true}]}}