{"id":11100,"date":"2022-12-05T09:57:16","date_gmt":"2022-12-05T09:57:16","guid":{"rendered":"https:\/\/www.public.sn\/?p=11100"},"modified":"2022-12-05T09:57:53","modified_gmt":"2022-12-05T09:57:53","slug":"amy-ndiaye-ngiby-toujours-hospitalisee","status":"publish","type":"post","link":"https:\/\/www.public.sn\/index.php\/2022\/12\/05\/amy-ndiaye-ngiby-toujours-hospitalisee\/","title":{"rendered":"Amy Ndiaye Ngiby toujours hospitalis\u00e9e."},"content":{"rendered":"<p><strong>Le d\u00e9put\u00e9 de l\u2019APR Amy est toujours \u00e0 l\u2019h\u00f4pital principal de Dakar. Selon le journal Lib\u00e9ration, elle se porte de mieux en mieux .La parlementaire a mandat\u00e9 Me Boubacar Ciss\u00e9 qui va porter plainte, d\u00e8s aujourd\u2019hui aupr\u00e8s du procureur de la R\u00e9publique.<\/strong><\/p><div class=\"publi-paragraphe1\" style=\"margin-top: 10px;margin-bottom: 10px;margin-left: auto;margin-right: auto;text-align: center;\" id=\"publi-2075031728\"><div class=\"publi-adlabel\">Publicit\u00e9<\/div><script async src=\"\/\/pagead2.googlesyndication.com\/pagead\/js\/adsbygoogle.js?client=ca-pub-4089586018074219\" crossorigin=\"anonymous\"><\/script><ins class=\"adsbygoogle\" style=\"display:block;\" data-ad-client=\"ca-pub-4089586018074219\" \ndata-ad-slot=\"2087940154\" \ndata-ad-format=\"auto\"><\/ins>\n<script> \n(adsbygoogle = window.adsbygoogle || []).push({}); \n<\/script>\n<\/div>\n<p>En effet, Amy Ndiaye risquerait de perdre son f\u0153tus de 9semaines. Les premi\u00e8res analyses font \u00e9tat d\u2019un d\u00e9collement du pole inferieur et de celui du pole sup\u00e9rieur.<\/p>\n<p>Pour rappel, une bagarre a \u00e9clat\u00e9 entre le d\u00e9put\u00e9 de PUR , Massata Samb et Amy Ndiaye \u00e0 l\u2019Assembl\u00e9e nationale suite aux propos d\u00e9plac\u00e9s tenus par la d\u00e9put\u00e9 APR \u00e0 l\u2019 endroit du guide religieux Serigne Moustapha SY .<br \/>\nDans une col\u00e8re noire le d\u00e9put\u00e9 de l\u2019opposition la gifl\u00e9 et Amy Ndiaye a ripost\u00e9 en lui lan\u00e7ant une chaise.<br \/>\nPis, elle a re\u00e7u un coup de pied sur le ventre de la part du d\u00e9put\u00e9 Mamadou Niang avant de tomber \u00e0 terre.<\/p>\n<p>Maimouna Niang.<\/p>\n<div class=\"publi-apres-le-contenu\" style=\"margin-top: 10px;margin-bottom: 10px;margin-left: auto;margin-right: auto;text-align: center;\" id=\"publi-2796623904\"><div class=\"publi-adlabel\">Publicit\u00e9<\/div><script async src=\"\/\/pagead2.googlesyndication.com\/pagead\/js\/adsbygoogle.js?client=ca-pub-4089586018074219\" crossorigin=\"anonymous\"><\/script><ins class=\"adsbygoogle\" style=\"display:block;\" data-ad-client=\"ca-pub-4089586018074219\" \ndata-ad-slot=\"2087940154\" \ndata-ad-format=\"auto\"><\/ins>\n<script> \n(adsbygoogle = window.adsbygoogle || []).push({}); \n<\/script>\n<\/div>","protected":false},"excerpt":{"rendered":"<p>Le d\u00e9put\u00e9 de l\u2019APR Amy est toujours \u00e0 l\u2019h\u00f4pital principal de Dakar. Selon le journal Lib\u00e9ration, elle se porte de mieux en mieux .La parlementaire a mandat\u00e9 Me Boubacar Ciss\u00e9 qui va porter plainte, d\u00e8s aujourd\u2019hui aupr\u00e8s du procureur de la R\u00e9publique. En effet, Amy Ndiaye risquerait de perdre son f\u0153tus de 9semaines. Les premi\u00e8res analyses font \u00e9tat d\u2019un d\u00e9collement du pole inferieur et de celui du pole sup\u00e9rieur. Pour rappel, une bagarre a \u00e9clat\u00e9 entre le d\u00e9put\u00e9 de PUR , Massata Samb et Amy Ndiaye \u00e0 l\u2019Assembl\u00e9e nationale suite aux propos d\u00e9plac\u00e9s tenus par la d\u00e9put\u00e9 APR \u00e0 l\u2019 endroit du guide religieux Serigne Moustapha SY . Dans une col\u00e8re noire le d\u00e9put\u00e9 de l\u2019opposition la gifl\u00e9 et Amy Ndiaye a ripost\u00e9 en lui lan\u00e7ant une chaise. Pis, elle a re\u00e7u un coup de pied sur le ventre de la part du d\u00e9put\u00e9 Mamadou Niang avant de tomber \u00e0 terre. Maimouna Niang.<\/p>\n","protected":false},"author":7,"featured_media":11101,"comment_status":"open","ping_status":"open","sticky":false,"template":"","format":"standard","meta":{"_jetpack_memberships_contains_paid_content":false,"footnotes":""},"categories":[375,3,1,4],"tags":[3421,329,378],"class_list":["post-11100","post","type-post","status-publish","format-standard","has-post-thumbnail","hentry","category-actualites","category-politique","category-non-classe","category-societe","tag-amy-ndiaye","tag-hopital-2","tag-plainte","entry","has-media","owp-thumbs-layout-horizontal","owp-btn-normal","owp-tabs-layout-horizontal","has-no-thumbnails","has-product-nav"],"yoast_head":"<!-- This site is optimized with the Yoast SEO plugin v25.5 - https:\/\/yoast.com\/wordpress\/plugins\/seo\/ -->\n<title>Amy Ndiaye Ngiby toujours hospitalis\u00e9e. - LE PUBLIC<\/title>\n<meta name=\"robots\" content=\"index, follow, max-snippet:-1, max-image-preview:large, max-video-preview:-1\" \/>\n<link rel=\"canonical\" href=\"https:\/\/www.public.sn\/index.php\/2022\/12\/05\/amy-ndiaye-ngiby-toujours-hospitalisee\/\" \/>\n<meta property=\"og:locale\" content=\"fr_FR\" \/>\n<meta property=\"og:type\" content=\"article\" \/>\n<meta property=\"og:title\" content=\"Amy Ndiaye Ngiby toujours hospitalis\u00e9e. - LE PUBLIC\" \/>\n<meta property=\"og:description\" content=\"Le d\u00e9put\u00e9 de l\u2019APR Amy est toujours \u00e0 l\u2019h\u00f4pital principal de Dakar. Selon le journal Lib\u00e9ration, elle se porte de mieux en mieux .La parlementaire a mandat\u00e9 Me Boubacar Ciss\u00e9 qui va porter plainte, d\u00e8s aujourd\u2019hui aupr\u00e8s du procureur de la R\u00e9publique. En effet, Amy Ndiaye risquerait de perdre son f\u0153tus de 9semaines. Les premi\u00e8res analyses font \u00e9tat d\u2019un d\u00e9collement du pole inferieur et de celui du pole sup\u00e9rieur. Pour rappel, une bagarre a \u00e9clat\u00e9 entre le d\u00e9put\u00e9 de PUR , Massata Samb et Amy Ndiaye \u00e0 l\u2019Assembl\u00e9e nationale suite aux propos d\u00e9plac\u00e9s tenus par la d\u00e9put\u00e9 APR \u00e0 l\u2019 endroit du guide religieux Serigne Moustapha SY . Dans une col\u00e8re noire le d\u00e9put\u00e9 de l\u2019opposition la gifl\u00e9 et Amy Ndiaye a ripost\u00e9 en lui lan\u00e7ant une chaise. Pis, elle a re\u00e7u un coup de pied sur le ventre de la part du d\u00e9put\u00e9 Mamadou Niang avant de tomber \u00e0 terre. Maimouna Niang.\" \/>\n<meta property=\"og:url\" content=\"https:\/\/www.public.sn\/index.php\/2022\/12\/05\/amy-ndiaye-ngiby-toujours-hospitalisee\/\" \/>\n<meta property=\"og:site_name\" content=\"LE PUBLIC\" \/>\n<meta property=\"article:published_time\" content=\"2022-12-05T09:57:16+00:00\" \/>\n<meta property=\"article:modified_time\" content=\"2022-12-05T09:57:53+00:00\" \/>\n<meta property=\"og:image\" content=\"https:\/\/www.public.sn\/wp-content\/uploads\/2022\/12\/amy-ndiaye-gniby-1080x900-1.png\" \/>\n\t<meta property=\"og:image:width\" content=\"1080\" \/>\n\t<meta property=\"og:image:height\" content=\"900\" \/>\n\t<meta property=\"og:image:type\" content=\"image\/png\" \/>\n<meta name=\"author\" content=\"LA REDACTION\" \/>\n<meta name=\"twitter:card\" content=\"summary_large_image\" \/>\n<meta name=\"twitter:label1\" content=\"\u00c9crit par\" \/>\n\t<meta name=\"twitter:data1\" content=\"LA REDACTION\" \/>\n\t<meta name=\"twitter:label2\" content=\"Dur\u00e9e de lecture estim\u00e9e\" \/>\n\t<meta name=\"twitter:data2\" content=\"1 minute\" \/>\n<script type=\"application\/ld+json\" class=\"yoast-schema-graph\">{\"@context\":\"https:\/\/schema.org\",\"@graph\":[{\"@type\":\"Article\",\"@id\":\"https:\/\/www.public.sn\/index.php\/2022\/12\/05\/amy-ndiaye-ngiby-toujours-hospitalisee\/#article\",\"isPartOf\":{\"@id\":\"https:\/\/www.public.sn\/index.php\/2022\/12\/05\/amy-ndiaye-ngiby-toujours-hospitalisee\/\"},\"author\":{\"name\":\"LA REDACTION\",\"@id\":\"https:\/\/www.public.sn\/#\/schema\/person\/cb76c8e1b8becc6be61fb5e92d6d0224\"},\"headline\":\"Amy Ndiaye Ngiby toujours hospitalis\u00e9e.\",\"datePublished\":\"2022-12-05T09:57:16+00:00\",\"dateModified\":\"2022-12-05T09:57:53+00:00\",\"mainEntityOfPage\":{\"@id\":\"https:\/\/www.public.sn\/index.php\/2022\/12\/05\/amy-ndiaye-ngiby-toujours-hospitalisee\/\"},\"wordCount\":179,\"commentCount\":1,\"publisher\":{\"@id\":\"https:\/\/www.public.sn\/#organization\"},\"image\":{\"@id\":\"https:\/\/www.public.sn\/index.php\/2022\/12\/05\/amy-ndiaye-ngiby-toujours-hospitalisee\/#primaryimage\"},\"thumbnailUrl\":\"https:\/\/www.public.sn\/wp-content\/uploads\/2022\/12\/amy-ndiaye-gniby-1080x900-1.png\",\"keywords\":[\"amy ndiaye\",\"Hopital\",\"plainte\"],\"articleSection\":[\"ACTUALIT\u00c9S\",\"POLITIQUE\",\"S\u00c9N\u00c9GAL\",\"SOCIETE\"],\"inLanguage\":\"fr-FR\",\"potentialAction\":[{\"@type\":\"CommentAction\",\"name\":\"Comment\",\"target\":[\"https:\/\/www.public.sn\/index.php\/2022\/12\/05\/amy-ndiaye-ngiby-toujours-hospitalisee\/#respond\"]}]},{\"@type\":\"WebPage\",\"@id\":\"https:\/\/www.public.sn\/index.php\/2022\/12\/05\/amy-ndiaye-ngiby-toujours-hospitalisee\/\",\"url\":\"https:\/\/www.public.sn\/index.php\/2022\/12\/05\/amy-ndiaye-ngiby-toujours-hospitalisee\/\",\"name\":\"Amy Ndiaye Ngiby toujours hospitalis\u00e9e. - LE PUBLIC\",\"isPartOf\":{\"@id\":\"https:\/\/www.public.sn\/#website\"},\"primaryImageOfPage\":{\"@id\":\"https:\/\/www.public.sn\/index.php\/2022\/12\/05\/amy-ndiaye-ngiby-toujours-hospitalisee\/#primaryimage\"},\"image\":{\"@id\":\"https:\/\/www.public.sn\/index.php\/2022\/12\/05\/amy-ndiaye-ngiby-toujours-hospitalisee\/#primaryimage\"},\"thumbnailUrl\":\"https:\/\/www.public.sn\/wp-content\/uploads\/2022\/12\/amy-ndiaye-gniby-1080x900-1.png\",\"datePublished\":\"2022-12-05T09:57:16+00:00\",\"dateModified\":\"2022-12-05T09:57:53+00:00\",\"breadcrumb\":{\"@id\":\"https:\/\/www.public.sn\/index.php\/2022\/12\/05\/amy-ndiaye-ngiby-toujours-hospitalisee\/#breadcrumb\"},\"inLanguage\":\"fr-FR\",\"potentialAction\":[{\"@type\":\"ReadAction\",\"target\":[\"https:\/\/www.public.sn\/index.php\/2022\/12\/05\/amy-ndiaye-ngiby-toujours-hospitalisee\/\"]}]},{\"@type\":\"ImageObject\",\"inLanguage\":\"fr-FR\",\"@id\":\"https:\/\/www.public.sn\/index.php\/2022\/12\/05\/amy-ndiaye-ngiby-toujours-hospitalisee\/#primaryimage\",\"url\":\"https:\/\/www.public.sn\/wp-content\/uploads\/2022\/12\/amy-ndiaye-gniby-1080x900-1.png\",\"contentUrl\":\"https:\/\/www.public.sn\/wp-content\/uploads\/2022\/12\/amy-ndiaye-gniby-1080x900-1.png\",\"width\":1080,\"height\":900,\"caption\":\"Publicsn\"},{\"@type\":\"BreadcrumbList\",\"@id\":\"https:\/\/www.public.sn\/index.php\/2022\/12\/05\/amy-ndiaye-ngiby-toujours-hospitalisee\/#breadcrumb\",\"itemListElement\":[{\"@type\":\"ListItem\",\"position\":1,\"name\":\"Accueil\",\"item\":\"https:\/\/www.public.sn\/\"},{\"@type\":\"ListItem\",\"position\":2,\"name\":\"Amy Ndiaye Ngiby toujours hospitalis\u00e9e.\"}]},{\"@type\":\"WebSite\",\"@id\":\"https:\/\/www.public.sn\/#website\",\"url\":\"https:\/\/www.public.sn\/\",\"name\":\"LE PUBLIC\",\"description\":\"\",\"publisher\":{\"@id\":\"https:\/\/www.public.sn\/#organization\"},\"potentialAction\":[{\"@type\":\"SearchAction\",\"target\":{\"@type\":\"EntryPoint\",\"urlTemplate\":\"https:\/\/www.public.sn\/?s={search_term_string}\"},\"query-input\":{\"@type\":\"PropertyValueSpecification\",\"valueRequired\":true,\"valueName\":\"search_term_string\"}}],\"inLanguage\":\"fr-FR\"},{\"@type\":\"Organization\",\"@id\":\"https:\/\/www.public.sn\/#organization\",\"name\":\"LE PUBLIC\",\"url\":\"https:\/\/www.public.sn\/\",\"logo\":{\"@type\":\"ImageObject\",\"inLanguage\":\"fr-FR\",\"@id\":\"https:\/\/www.public.sn\/#\/schema\/logo\/image\/\",\"url\":\"https:\/\/www.public.sn\/wp-content\/uploads\/2024\/05\/cropped-LOGO-PUBLIC.SN_.png\",\"contentUrl\":\"https:\/\/www.public.sn\/wp-content\/uploads\/2024\/05\/cropped-LOGO-PUBLIC.SN_.png\",\"width\":682,\"height\":192,\"caption\":\"LE PUBLIC\"},\"image\":{\"@id\":\"https:\/\/www.public.sn\/#\/schema\/logo\/image\/\"}},{\"@type\":\"Person\",\"@id\":\"https:\/\/www.public.sn\/#\/schema\/person\/cb76c8e1b8becc6be61fb5e92d6d0224\",\"name\":\"LA REDACTION\",\"image\":{\"@type\":\"ImageObject\",\"inLanguage\":\"fr-FR\",\"@id\":\"https:\/\/www.public.sn\/#\/schema\/person\/image\/\",\"url\":\"https:\/\/secure.gravatar.com\/avatar\/2dce5ddd34b8fef0180efe03aa2a9bee7d953856048f9a16b298190a3178407c?s=96&d=mm&r=g\",\"contentUrl\":\"https:\/\/secure.gravatar.com\/avatar\/2dce5ddd34b8fef0180efe03aa2a9bee7d953856048f9a16b298190a3178407c?s=96&d=mm&r=g\",\"caption\":\"LA REDACTION\"},\"url\":\"https:\/\/www.public.sn\/index.php\/author\/editeurpsn\/\"}]}<\/script>\n<!-- \/ Yoast SEO plugin. -->","yoast_head_json":{"title":"Amy Ndiaye Ngiby toujours hospitalis\u00e9e. - LE PUBLIC","robots":{"index":"index","follow":"follow","max-snippet":"max-snippet:-1","max-image-preview":"max-image-preview:large","max-video-preview":"max-video-preview:-1"},"canonical":"https:\/\/www.public.sn\/index.php\/2022\/12\/05\/amy-ndiaye-ngiby-toujours-hospitalisee\/","og_locale":"fr_FR","og_type":"article","og_title":"Amy Ndiaye Ngiby toujours hospitalis\u00e9e. - LE PUBLIC","og_description":"Le d\u00e9put\u00e9 de l\u2019APR Amy est toujours \u00e0 l\u2019h\u00f4pital principal de Dakar. Selon le journal Lib\u00e9ration, elle se porte de mieux en mieux .La parlementaire a mandat\u00e9 Me Boubacar Ciss\u00e9 qui va porter plainte, d\u00e8s aujourd\u2019hui aupr\u00e8s du procureur de la R\u00e9publique. En effet, Amy Ndiaye risquerait de perdre son f\u0153tus de 9semaines. Les premi\u00e8res analyses font \u00e9tat d\u2019un d\u00e9collement du pole inferieur et de celui du pole sup\u00e9rieur. Pour rappel, une bagarre a \u00e9clat\u00e9 entre le d\u00e9put\u00e9 de PUR , Massata Samb et Amy Ndiaye \u00e0 l\u2019Assembl\u00e9e nationale suite aux propos d\u00e9plac\u00e9s tenus par la d\u00e9put\u00e9 APR \u00e0 l\u2019 endroit du guide religieux Serigne Moustapha SY . Dans une col\u00e8re noire le d\u00e9put\u00e9 de l\u2019opposition la gifl\u00e9 et Amy Ndiaye a ripost\u00e9 en lui lan\u00e7ant une chaise. Pis, elle a re\u00e7u un coup de pied sur le ventre de la part du d\u00e9put\u00e9 Mamadou Niang avant de tomber \u00e0 terre. Maimouna Niang.","og_url":"https:\/\/www.public.sn\/index.php\/2022\/12\/05\/amy-ndiaye-ngiby-toujours-hospitalisee\/","og_site_name":"LE PUBLIC","article_published_time":"2022-12-05T09:57:16+00:00","article_modified_time":"2022-12-05T09:57:53+00:00","og_image":[{"width":1080,"height":900,"url":"https:\/\/www.public.sn\/wp-content\/uploads\/2022\/12\/amy-ndiaye-gniby-1080x900-1.png","type":"image\/png"}],"author":"LA REDACTION","twitter_card":"summary_large_image","twitter_misc":{"\u00c9crit par":"LA REDACTION","Dur\u00e9e de lecture estim\u00e9e":"1 minute"},"schema":{"@context":"https:\/\/schema.org","@graph":[{"@type":"Article","@id":"https:\/\/www.public.sn\/index.php\/2022\/12\/05\/amy-ndiaye-ngiby-toujours-hospitalisee\/#article","isPartOf":{"@id":"https:\/\/www.public.sn\/index.php\/2022\/12\/05\/amy-ndiaye-ngiby-toujours-hospitalisee\/"},"author":{"name":"LA REDACTION","@id":"https:\/\/www.public.sn\/#\/schema\/person\/cb76c8e1b8becc6be61fb5e92d6d0224"},"headline":"Amy Ndiaye Ngiby toujours hospitalis\u00e9e.","datePublished":"2022-12-05T09:57:16+00:00","dateModified":"2022-12-05T09:57:53+00:00","mainEntityOfPage":{"@id":"https:\/\/www.public.sn\/index.php\/2022\/12\/05\/amy-ndiaye-ngiby-toujours-hospitalisee\/"},"wordCount":179,"commentCount":1,"publisher":{"@id":"https:\/\/www.public.sn\/#organization"},"image":{"@id":"https:\/\/www.public.sn\/index.php\/2022\/12\/05\/amy-ndiaye-ngiby-toujours-hospitalisee\/#primaryimage"},"thumbnailUrl":"https:\/\/www.public.sn\/wp-content\/uploads\/2022\/12\/amy-ndiaye-gniby-1080x900-1.png","keywords":["amy ndiaye","Hopital","plainte"],"articleSection":["ACTUALIT\u00c9S","POLITIQUE","S\u00c9N\u00c9GAL","SOCIETE"],"inLanguage":"fr-FR","potentialAction":[{"@type":"CommentAction","name":"Comment","target":["https:\/\/www.public.sn\/index.php\/2022\/12\/05\/amy-ndiaye-ngiby-toujours-hospitalisee\/#respond"]}]},{"@type":"WebPage","@id":"https:\/\/www.public.sn\/index.php\/2022\/12\/05\/amy-ndiaye-ngiby-toujours-hospitalisee\/","url":"https:\/\/www.public.sn\/index.php\/2022\/12\/05\/amy-ndiaye-ngiby-toujours-hospitalisee\/","name":"Amy Ndiaye Ngiby toujours hospitalis\u00e9e. - LE PUBLIC","isPartOf":{"@id":"https:\/\/www.public.sn\/#website"},"primaryImageOfPage":{"@id":"https:\/\/www.public.sn\/index.php\/2022\/12\/05\/amy-ndiaye-ngiby-toujours-hospitalisee\/#primaryimage"},"image":{"@id":"https:\/\/www.public.sn\/index.php\/2022\/12\/05\/amy-ndiaye-ngiby-toujours-hospitalisee\/#primaryimage"},"thumbnailUrl":"https:\/\/www.public.sn\/wp-content\/uploads\/2022\/12\/amy-ndiaye-gniby-1080x900-1.png","datePublished":"2022-12-05T09:57:16+00:00","dateModified":"2022-12-05T09:57:53+00:00","breadcrumb":{"@id":"https:\/\/www.public.sn\/index.php\/2022\/12\/05\/amy-ndiaye-ngiby-toujours-hospitalisee\/#breadcrumb"},"inLanguage":"fr-FR","potentialAction":[{"@type":"ReadAction","target":["https:\/\/www.public.sn\/index.php\/2022\/12\/05\/amy-ndiaye-ngiby-toujours-hospitalisee\/"]}]},{"@type":"ImageObject","inLanguage":"fr-FR","@id":"https:\/\/www.public.sn\/index.php\/2022\/12\/05\/amy-ndiaye-ngiby-toujours-hospitalisee\/#primaryimage","url":"https:\/\/www.public.sn\/wp-content\/uploads\/2022\/12\/amy-ndiaye-gniby-1080x900-1.png","contentUrl":"https:\/\/www.public.sn\/wp-content\/uploads\/2022\/12\/amy-ndiaye-gniby-1080x900-1.png","width":1080,"height":900,"caption":"Publicsn"},{"@type":"BreadcrumbList","@id":"https:\/\/www.public.sn\/index.php\/2022\/12\/05\/amy-ndiaye-ngiby-toujours-hospitalisee\/#breadcrumb","itemListElement":[{"@type":"ListItem","position":1,"name":"Accueil","item":"https:\/\/www.public.sn\/"},{"@type":"ListItem","position":2,"name":"Amy Ndiaye Ngiby toujours hospitalis\u00e9e."}]},{"@type":"WebSite","@id":"https:\/\/www.public.sn\/#website","url":"https:\/\/www.public.sn\/","name":"LE PUBLIC","description":"","publisher":{"@id":"https:\/\/www.public.sn\/#organization"},"potentialAction":[{"@type":"SearchAction","target":{"@type":"EntryPoint","urlTemplate":"https:\/\/www.public.sn\/?s={search_term_string}"},"query-input":{"@type":"PropertyValueSpecification","valueRequired":true,"valueName":"search_term_string"}}],"inLanguage":"fr-FR"},{"@type":"Organization","@id":"https:\/\/www.public.sn\/#organization","name":"LE PUBLIC","url":"https:\/\/www.public.sn\/","logo":{"@type":"ImageObject","inLanguage":"fr-FR","@id":"https:\/\/www.public.sn\/#\/schema\/logo\/image\/","url":"https:\/\/www.public.sn\/wp-content\/uploads\/2024\/05\/cropped-LOGO-PUBLIC.SN_.png","contentUrl":"https:\/\/www.public.sn\/wp-content\/uploads\/2024\/05\/cropped-LOGO-PUBLIC.SN_.png","width":682,"height":192,"caption":"LE PUBLIC"},"image":{"@id":"https:\/\/www.public.sn\/#\/schema\/logo\/image\/"}},{"@type":"Person","@id":"https:\/\/www.public.sn\/#\/schema\/person\/cb76c8e1b8becc6be61fb5e92d6d0224","name":"LA REDACTION","image":{"@type":"ImageObject","inLanguage":"fr-FR","@id":"https:\/\/www.public.sn\/#\/schema\/person\/image\/","url":"https:\/\/secure.gravatar.com\/avatar\/2dce5ddd34b8fef0180efe03aa2a9bee7d953856048f9a16b298190a3178407c?s=96&d=mm&r=g","contentUrl":"https:\/\/secure.gravatar.com\/avatar\/2dce5ddd34b8fef0180efe03aa2a9bee7d953856048f9a16b298190a3178407c?s=96&d=mm&r=g","caption":"LA REDACTION"},"url":"https:\/\/www.public.sn\/index.php\/author\/editeurpsn\/"}]}},"jetpack_featured_media_url":"https:\/\/www.public.sn\/wp-content\/uploads\/2022\/12\/amy-ndiaye-gniby-1080x900-1.png","jetpack_sharing_enabled":true,"_links":{"self":[{"href":"https:\/\/www.public.sn\/index.php\/wp-json\/wp\/v2\/posts\/11100","targetHints":{"allow":["GET"]}}],"collection":[{"href":"https:\/\/www.public.sn\/index.php\/wp-json\/wp\/v2\/posts"}],"about":[{"href":"https:\/\/www.public.sn\/index.php\/wp-json\/wp\/v2\/types\/post"}],"author":[{"embeddable":true,"href":"https:\/\/www.public.sn\/index.php\/wp-json\/wp\/v2\/users\/7"}],"replies":[{"embeddable":true,"href":"https:\/\/www.public.sn\/index.php\/wp-json\/wp\/v2\/comments?post=11100"}],"version-history":[{"count":2,"href":"https:\/\/www.public.sn\/index.php\/wp-json\/wp\/v2\/posts\/11100\/revisions"}],"predecessor-version":[{"id":11103,"href":"https:\/\/www.public.sn\/index.php\/wp-json\/wp\/v2\/posts\/11100\/revisions\/11103"}],"wp:featuredmedia":[{"embeddable":true,"href":"https:\/\/www.public.sn\/index.php\/wp-json\/wp\/v2\/media\/11101"}],"wp:attachment":[{"href":"https:\/\/www.public.sn\/index.php\/wp-json\/wp\/v2\/media?parent=11100"}],"wp:term":[{"taxonomy":"category","embeddable":true,"href":"https:\/\/www.public.sn\/index.php\/wp-json\/wp\/v2\/categories?post=11100"},{"taxonomy":"post_tag","embeddable":true,"href":"https:\/\/www.public.sn\/index.php\/wp-json\/wp\/v2\/tags?post=11100"}],"curies":[{"name":"wp","href":"https:\/\/api.w.org\/{rel}","templated":true}]}}